{"id":92130,"date":"2026-03-17T10:45:42","date_gmt":"2026-03-17T09:45:42","guid":{"rendered":"https:\/\/progettotouring.it\/radiotouring104\/?p=92130"},"modified":"2026-03-17T12:53:03","modified_gmt":"2026-03-17T11:53:03","slug":"reggio-pubblicato-il-bando-di-gara-del-nuovo-auditorium-calipari","status":"publish","type":"post","link":"https:\/\/progettotouring.it\/radiotouring104\/2026\/03\/17\/reggio-pubblicato-il-bando-di-gara-del-nuovo-auditorium-calipari\/","title":{"rendered":"Reggio: pubblicato il bando di gara del nuovo Auditorium &#8220;Calipari&#8221;"},"content":{"rendered":"<div class=\"elementToProof\" dir=\"auto\">\u00c8 stato pubblicato il\u00a0<b>bando di gara<\/b>\u00a0europea per la ricostruzione del nuovo\u00a0<b>Auditorium \u201cNicola Calipari\u201d<\/b>\u00a0del\u00a0<b>Consiglio regionale della Calabria<\/b>, passaggio atteso che apre formalmente la fase di affidamento dei lavori per uno degli interventi pi\u00f9 rilevanti previsti nell\u2019ambito della riqualificazione di\u00a0<b>Palazzo Campanella<\/b>. Il termine per la presentazione delle offerte \u00e8 fissato al\u00a0<b>30 aprile 2026, alle ore 12<\/b>.<\/div>\n<div><\/div>\n<div class=\"elementToProof\">L\u2019intervento riguarda i lavori di ricostruzione dell\u2019Auditorium e delle aree di pertinenza del\u00a0<b>Consiglio regionale della Calabria<\/b>, per un importo complessivo che supera i\u00a0<b>10 milioni e mezzo di euro<\/b>, gi\u00e0 resi pienamente disponibili nell\u2019ambito del percorso amministrativo e finanziario definito nei mesi scorsi. La durata prevista dell\u2019appalto \u00e8 di\u00a0<b>519 giorni<\/b>. La procedura prevede la presentazione delle offerte esclusivamente in modalit\u00e0 telematica entro il termine stabilito del\u00a0<b>30 aprile 2026<\/b>.<\/div>\n<div><\/div>\n<div class=\"elementToProof\">\u00abLa pubblicazione del bando di gara segna l\u2019avvio della fase pi\u00f9 operativa e attesa di un percorso che il Consiglio regionale ha considerato prioritario. Si tratta di un passaggio importante non solo per l\u2019Ente, ma per l\u2019intera Calabria e, in modo particolare, per la citt\u00e0 di Reggio Calabria, che ospita la sede della nostra Assemblea legislativa\u00bb, afferma il presidente del Consiglio regionale,\u00a0<b>Salvatore Cirillo<\/b>.<\/div>\n<div><\/div>\n<div class=\"elementToProof\">Il progetto, nato da un concorso di progettazione vinto dalla\u00a0<b>Speri Societ\u00e0 di Ingegneria e Architettura S.p.A.<\/b>, prevede la demolizione di ci\u00f2 che resta dell\u2019edificio esistente e la realizzazione di una nuova struttura indipendente dagli uffici regionali. Come evidenziato dal dirigente del\u00a0<b>Settore Tecnico<\/b>,\u00a0<b>Gianmarco Plastino<\/b>, si tratta di un intervento pensato per riqualificare e rifunzionalizzare gli spazi, rendendoli fruibili a un pubblico pi\u00f9 ampio nel rispetto dell\u2019identit\u00e0 architettonica del Palazzo e del legame con la citt\u00e0.<\/div>\n<div><\/div>\n<div class=\"elementToProof\">Il nuovo Auditorium non sar\u00e0 una semplice riproposizione del precedente, ma un volume architettonico riconoscibile, capace di dialogare con le linee di\u00a0<b>Palazzo Campanella<\/b>\u00a0pur mantenendo una propria autonomia formale. L\u2019ingresso principale reinterpreta in chiave contemporanea la monumentalit\u00e0 delle\u00a0<b>colonne doriche<\/b>, richiamando simbolicamente la tradizione classica e il valore istituzionale del luogo.<\/div>\n<div><\/div>\n<div class=\"elementToProof\">La sala principale, da\u00a0<b>630 posti<\/b>, sar\u00e0 concepita con una forma a ventaglio e nasce da uno studio approfondito della diffusione acustica. Ogni elemento, dalla disposizione delle gradonate all\u2019orientamento del controsoffitto, \u00e8 pensato per garantire elevate prestazioni sonore, qualit\u00e0 dell\u2019ascolto e comfort ambientale, restituendo alla struttura una piena funzionalit\u00e0 sia per gli eventi istituzionali sia per le iniziative aperte al territorio.<\/div>\n<div><\/div>\n<div class=\"elementToProof\">L\u2019intervento guarda anche alla sostenibilit\u00e0 ambientale e all\u2019efficienza energetica, con l\u2019obiettivo di conseguire<\/div>\n<div class=\"elementToProof\">la\u00a0<b>certificazione LEED<\/b>, attraverso soluzioni orientate alla riduzione dei consumi, l\u2019impiego di materiali a basso impatto e l\u2019integrazione di un impianto fotovoltaico. \u00c8 inoltre prevista una riorganizzazione delle aree esterne, con nuove zone verdi e parcheggi meglio inseriti nel contesto.<\/div>\n<div><\/div>\n<div class=\"elementToProof\">Sul piano strutturale, la nuova costruzione sar\u00e0 realizzata nel rispetto delle pi\u00f9 recenti normative antisismiche e sar\u00e0 inserita nei sistemi di monitoraggio continuo gi\u00e0 attivi presso il\u00a0<b>Consiglio regionale della Calabria<\/b>, cos\u00ec da garantire elevati livelli di sicurezza, a tutela degli utenti.<\/div>\n","protected":false},"excerpt":{"rendered":"<p>\u00c8 stato pubblicato il\u00a0bando di gara\u00a0europea per la ricostruzione del nuovo\u00a0Auditorium \u201cNicola Calipari\u201d\u00a0del\u00a0Consiglio regionale della Calabria, passaggio atteso che apre formalmente la fase di affidamento dei lavori per uno degli&hellip;<\/p>\n","protected":false},"author":5,"featured_media":92131,"comment_status":"closed","ping_status":"open","sticky":false,"template":"","format":"standard","meta":{"_jetpack_memberships_contains_paid_content":false,"footnotes":"","jetpack_publicize_message":"","jetpack_publicize_feature_enabled":true,"jetpack_social_post_already_shared":true,"jetpack_social_options":{"image_generator_settings":{"template":"highway","default_image_id":0,"font":"","enabled":false},"version":2}},"categories":[921,150,196,140],"tags":[51910,51909,5635,37057,42100],"class_list":["post-92130","post","type-post","status-publish","format-standard","has-post-thumbnail","hentry","category-home","category-in-primo-piano","category-news","category-reggio-calabria","tag-10-milioni-e-mezzo-di-euro","tag-auditorium-calipari","tag-consiglio-regionale-calabria","tag-pubblicato-bando","tag-scadenza-30-aprile"],"yoast_head":"<!-- This site is optimized with the Yoast SEO plugin v27.2 - https:\/\/yoast.com\/product\/yoast-seo-wordpress\/ -->\n<title>Reggio: pubblicato il bando di gara del nuovo Auditorium &quot;Calipari&quot;<\/title>\n<meta name=\"description\" content=\"Pubblicato il\u00a0bando di gara\u00a0europea per la ricostruzione del nuovo\u00a0Auditorium\u00a0del\u00a0Consiglio regionale. Termine fissato il 30 aprile\" \/>\n<meta name=\"robots\" content=\"index, follow, max-snippet:-1, max-image-preview:large, max-video-preview:-1\" \/>\n<link rel=\"canonical\" href=\"https:\/\/progettotouring.it\/radiotouring104\/2026\/03\/17\/reggio-pubblicato-il-bando-di-gara-del-nuovo-auditorium-calipari\/\" \/>\n<meta property=\"og:locale\" content=\"it_IT\" \/>\n<meta property=\"og:type\" content=\"article\" \/>\n<meta property=\"og:title\" content=\"Reggio: pubblicato il bando di gara del nuovo Auditorium &quot;Calipari&quot;\" \/>\n<meta property=\"og:description\" content=\"Pubblicato il\u00a0bando di gara\u00a0europea per la ricostruzione del nuovo\u00a0Auditorium\u00a0del\u00a0Consiglio regionale. Termine fissato il 30 aprile\" \/>\n<meta property=\"og:url\" content=\"https:\/\/progettotouring.it\/radiotouring104\/2026\/03\/17\/reggio-pubblicato-il-bando-di-gara-del-nuovo-auditorium-calipari\/\" \/>\n<meta property=\"og:site_name\" content=\"Radio Touring 104\" \/>\n<meta property=\"article:published_time\" content=\"2026-03-17T09:45:42+00:00\" \/>\n<meta property=\"article:modified_time\" content=\"2026-03-17T11:53:03+00:00\" \/>\n<meta property=\"og:image\" content=\"https:\/\/progettotouring.it\/radiotouring104\/wp-content\/uploads\/sites\/6\/2026\/03\/Nuovo-auditorium-calipari-1.jpeg\" \/>\n\t<meta property=\"og:image:width\" content=\"1120\" \/>\n\t<meta property=\"og:image:height\" content=\"630\" \/>\n\t<meta property=\"og:image:type\" content=\"image\/jpeg\" \/>\n<meta name=\"author\" content=\"redazione\" \/>\n<meta name=\"twitter:card\" content=\"summary_large_image\" \/>\n<meta name=\"twitter:label1\" content=\"Scritto da\" \/>\n\t<meta name=\"twitter:data1\" content=\"redazione\" \/>\n\t<meta name=\"twitter:label2\" content=\"Tempo di lettura stimato\" \/>\n\t<meta name=\"twitter:data2\" content=\"2 minuti\" \/>\n<script type=\"application\/ld+json\" class=\"yoast-schema-graph\">{\"@context\":\"https:\/\/schema.org\",\"@graph\":[{\"@type\":\"Article\",\"@id\":\"https:\/\/progettotouring.it\/radiotouring104\/2026\/03\/17\/reggio-pubblicato-il-bando-di-gara-del-nuovo-auditorium-calipari\/#article\",\"isPartOf\":{\"@id\":\"https:\/\/progettotouring.it\/radiotouring104\/2026\/03\/17\/reggio-pubblicato-il-bando-di-gara-del-nuovo-auditorium-calipari\/\"},\"author\":{\"name\":\"redazione\",\"@id\":\"https:\/\/progettotouring.it\/radiotouring104\/#\/schema\/person\/1b3eb3c07c47136bc44c785c543e635f\"},\"headline\":\"Reggio: pubblicato il bando di gara del nuovo Auditorium &#8220;Calipari&#8221;\",\"datePublished\":\"2026-03-17T09:45:42+00:00\",\"dateModified\":\"2026-03-17T11:53:03+00:00\",\"mainEntityOfPage\":{\"@id\":\"https:\/\/progettotouring.it\/radiotouring104\/2026\/03\/17\/reggio-pubblicato-il-bando-di-gara-del-nuovo-auditorium-calipari\/\"},\"wordCount\":498,\"publisher\":{\"@id\":\"https:\/\/progettotouring.it\/radiotouring104\/#organization\"},\"image\":{\"@id\":\"https:\/\/progettotouring.it\/radiotouring104\/2026\/03\/17\/reggio-pubblicato-il-bando-di-gara-del-nuovo-auditorium-calipari\/#primaryimage\"},\"thumbnailUrl\":\"https:\/\/progettotouring.it\/radiotouring104\/wp-content\/uploads\/sites\/6\/2026\/03\/Nuovo-auditorium-calipari-1.jpeg\",\"keywords\":[\"10 milioni e mezzo di euro\",\"auditorium calipari\",\"Consiglio regionale Calabria\",\"pubblicato bando\",\"scadenza 30 aprile\"],\"articleSection\":[\"Home\",\"In primo piano\",\"News\",\"Reggio Calabria\"],\"inLanguage\":\"it-IT\"},{\"@type\":\"WebPage\",\"@id\":\"https:\/\/progettotouring.it\/radiotouring104\/2026\/03\/17\/reggio-pubblicato-il-bando-di-gara-del-nuovo-auditorium-calipari\/\",\"url\":\"https:\/\/progettotouring.it\/radiotouring104\/2026\/03\/17\/reggio-pubblicato-il-bando-di-gara-del-nuovo-auditorium-calipari\/\",\"name\":\"Reggio: pubblicato il bando di gara del nuovo Auditorium \\\"Calipari\\\"\",\"isPartOf\":{\"@id\":\"https:\/\/progettotouring.it\/radiotouring104\/#website\"},\"primaryImageOfPage\":{\"@id\":\"https:\/\/progettotouring.it\/radiotouring104\/2026\/03\/17\/reggio-pubblicato-il-bando-di-gara-del-nuovo-auditorium-calipari\/#primaryimage\"},\"image\":{\"@id\":\"https:\/\/progettotouring.it\/radiotouring104\/2026\/03\/17\/reggio-pubblicato-il-bando-di-gara-del-nuovo-auditorium-calipari\/#primaryimage\"},\"thumbnailUrl\":\"https:\/\/progettotouring.it\/radiotouring104\/wp-content\/uploads\/sites\/6\/2026\/03\/Nuovo-auditorium-calipari-1.jpeg\",\"datePublished\":\"2026-03-17T09:45:42+00:00\",\"dateModified\":\"2026-03-17T11:53:03+00:00\",\"description\":\"Pubblicato il\u00a0bando di gara\u00a0europea per la ricostruzione del nuovo\u00a0Auditorium\u00a0del\u00a0Consiglio regionale. Termine fissato il 30 aprile\",\"breadcrumb\":{\"@id\":\"https:\/\/progettotouring.it\/radiotouring104\/2026\/03\/17\/reggio-pubblicato-il-bando-di-gara-del-nuovo-auditorium-calipari\/#breadcrumb\"},\"inLanguage\":\"it-IT\",\"potentialAction\":[{\"@type\":\"ReadAction\",\"target\":[\"https:\/\/progettotouring.it\/radiotouring104\/2026\/03\/17\/reggio-pubblicato-il-bando-di-gara-del-nuovo-auditorium-calipari\/\"]}]},{\"@type\":\"ImageObject\",\"inLanguage\":\"it-IT\",\"@id\":\"https:\/\/progettotouring.it\/radiotouring104\/2026\/03\/17\/reggio-pubblicato-il-bando-di-gara-del-nuovo-auditorium-calipari\/#primaryimage\",\"url\":\"https:\/\/progettotouring.it\/radiotouring104\/wp-content\/uploads\/sites\/6\/2026\/03\/Nuovo-auditorium-calipari-1.jpeg\",\"contentUrl\":\"https:\/\/progettotouring.it\/radiotouring104\/wp-content\/uploads\/sites\/6\/2026\/03\/Nuovo-auditorium-calipari-1.jpeg\",\"width\":1120,\"height\":630},{\"@type\":\"BreadcrumbList\",\"@id\":\"https:\/\/progettotouring.it\/radiotouring104\/2026\/03\/17\/reggio-pubblicato-il-bando-di-gara-del-nuovo-auditorium-calipari\/#breadcrumb\",\"itemListElement\":[{\"@type\":\"ListItem\",\"position\":1,\"name\":\"Home\",\"item\":\"https:\/\/progettotouring.it\/radiotouring104\/\"},{\"@type\":\"ListItem\",\"position\":2,\"name\":\"Reggio: pubblicato il bando di gara del nuovo Auditorium &#8220;Calipari&#8221;\"}]},{\"@type\":\"WebSite\",\"@id\":\"https:\/\/progettotouring.it\/radiotouring104\/#website\",\"url\":\"https:\/\/progettotouring.it\/radiotouring104\/\",\"name\":\"Radio Touring 104\",\"description\":\"La prima radio Reggina\",\"publisher\":{\"@id\":\"https:\/\/progettotouring.it\/radiotouring104\/#organization\"},\"potentialAction\":[{\"@type\":\"SearchAction\",\"target\":{\"@type\":\"EntryPoint\",\"urlTemplate\":\"https:\/\/progettotouring.it\/radiotouring104\/?s={search_term_string}\"},\"query-input\":{\"@type\":\"PropertyValueSpecification\",\"valueRequired\":true,\"valueName\":\"search_term_string\"}}],\"inLanguage\":\"it-IT\"},{\"@type\":\"Organization\",\"@id\":\"https:\/\/progettotouring.it\/radiotouring104\/#organization\",\"name\":\"Radio Touring 104\",\"url\":\"https:\/\/progettotouring.it\/radiotouring104\/\",\"logo\":{\"@type\":\"ImageObject\",\"inLanguage\":\"it-IT\",\"@id\":\"https:\/\/progettotouring.it\/radiotouring104\/#\/schema\/logo\/image\/\",\"url\":\"https:\/\/progettotouring.it\/radiotouring104\/wp-content\/uploads\/sites\/6\/2022\/02\/cropped-logo-radio-touring-104.png\",\"contentUrl\":\"https:\/\/progettotouring.it\/radiotouring104\/wp-content\/uploads\/sites\/6\/2022\/02\/cropped-logo-radio-touring-104.png\",\"width\":377,\"height\":182,\"caption\":\"Radio Touring 104\"},\"image\":{\"@id\":\"https:\/\/progettotouring.it\/radiotouring104\/#\/schema\/logo\/image\/\"}},{\"@type\":\"Person\",\"@id\":\"https:\/\/progettotouring.it\/radiotouring104\/#\/schema\/person\/1b3eb3c07c47136bc44c785c543e635f\",\"name\":\"redazione\",\"image\":{\"@type\":\"ImageObject\",\"inLanguage\":\"it-IT\",\"@id\":\"https:\/\/secure.gravatar.com\/avatar\/0b31605b49f100769e8b624b3e05de1b73e1692e9568a352f60f53fd072e6e11?s=96&d=mm&r=g\",\"url\":\"https:\/\/secure.gravatar.com\/avatar\/0b31605b49f100769e8b624b3e05de1b73e1692e9568a352f60f53fd072e6e11?s=96&d=mm&r=g\",\"contentUrl\":\"https:\/\/secure.gravatar.com\/avatar\/0b31605b49f100769e8b624b3e05de1b73e1692e9568a352f60f53fd072e6e11?s=96&d=mm&r=g\",\"caption\":\"redazione\"},\"url\":\"https:\/\/progettotouring.it\/radiotouring104\/author\/redazione\/\"}]}<\/script>\n<!-- \/ Yoast SEO plugin. -->","yoast_head_json":{"title":"Reggio: pubblicato il bando di gara del nuovo Auditorium \"Calipari\"","description":"Pubblicato il\u00a0bando di gara\u00a0europea per la ricostruzione del nuovo\u00a0Auditorium\u00a0del\u00a0Consiglio regionale. Termine fissato il 30 aprile","robots":{"index":"index","follow":"follow","max-snippet":"max-snippet:-1","max-image-preview":"max-image-preview:large","max-video-preview":"max-video-preview:-1"},"canonical":"https:\/\/progettotouring.it\/radiotouring104\/2026\/03\/17\/reggio-pubblicato-il-bando-di-gara-del-nuovo-auditorium-calipari\/","og_locale":"it_IT","og_type":"article","og_title":"Reggio: pubblicato il bando di gara del nuovo Auditorium \"Calipari\"","og_description":"Pubblicato il\u00a0bando di gara\u00a0europea per la ricostruzione del nuovo\u00a0Auditorium\u00a0del\u00a0Consiglio regionale. Termine fissato il 30 aprile","og_url":"https:\/\/progettotouring.it\/radiotouring104\/2026\/03\/17\/reggio-pubblicato-il-bando-di-gara-del-nuovo-auditorium-calipari\/","og_site_name":"Radio Touring 104","article_published_time":"2026-03-17T09:45:42+00:00","article_modified_time":"2026-03-17T11:53:03+00:00","og_image":[{"width":1120,"height":630,"url":"https:\/\/progettotouring.it\/radiotouring104\/wp-content\/uploads\/sites\/6\/2026\/03\/Nuovo-auditorium-calipari-1.jpeg","type":"image\/jpeg"}],"author":"redazione","twitter_card":"summary_large_image","twitter_misc":{"Scritto da":"redazione","Tempo di lettura stimato":"2 minuti"},"schema":{"@context":"https:\/\/schema.org","@graph":[{"@type":"Article","@id":"https:\/\/progettotouring.it\/radiotouring104\/2026\/03\/17\/reggio-pubblicato-il-bando-di-gara-del-nuovo-auditorium-calipari\/#article","isPartOf":{"@id":"https:\/\/progettotouring.it\/radiotouring104\/2026\/03\/17\/reggio-pubblicato-il-bando-di-gara-del-nuovo-auditorium-calipari\/"},"author":{"name":"redazione","@id":"https:\/\/progettotouring.it\/radiotouring104\/#\/schema\/person\/1b3eb3c07c47136bc44c785c543e635f"},"headline":"Reggio: pubblicato il bando di gara del nuovo Auditorium &#8220;Calipari&#8221;","datePublished":"2026-03-17T09:45:42+00:00","dateModified":"2026-03-17T11:53:03+00:00","mainEntityOfPage":{"@id":"https:\/\/progettotouring.it\/radiotouring104\/2026\/03\/17\/reggio-pubblicato-il-bando-di-gara-del-nuovo-auditorium-calipari\/"},"wordCount":498,"publisher":{"@id":"https:\/\/progettotouring.it\/radiotouring104\/#organization"},"image":{"@id":"https:\/\/progettotouring.it\/radiotouring104\/2026\/03\/17\/reggio-pubblicato-il-bando-di-gara-del-nuovo-auditorium-calipari\/#primaryimage"},"thumbnailUrl":"https:\/\/progettotouring.it\/radiotouring104\/wp-content\/uploads\/sites\/6\/2026\/03\/Nuovo-auditorium-calipari-1.jpeg","keywords":["10 milioni e mezzo di euro","auditorium calipari","Consiglio regionale Calabria","pubblicato bando","scadenza 30 aprile"],"articleSection":["Home","In primo piano","News","Reggio Calabria"],"inLanguage":"it-IT"},{"@type":"WebPage","@id":"https:\/\/progettotouring.it\/radiotouring104\/2026\/03\/17\/reggio-pubblicato-il-bando-di-gara-del-nuovo-auditorium-calipari\/","url":"https:\/\/progettotouring.it\/radiotouring104\/2026\/03\/17\/reggio-pubblicato-il-bando-di-gara-del-nuovo-auditorium-calipari\/","name":"Reggio: pubblicato il bando di gara del nuovo Auditorium \"Calipari\"","isPartOf":{"@id":"https:\/\/progettotouring.it\/radiotouring104\/#website"},"primaryImageOfPage":{"@id":"https:\/\/progettotouring.it\/radiotouring104\/2026\/03\/17\/reggio-pubblicato-il-bando-di-gara-del-nuovo-auditorium-calipari\/#primaryimage"},"image":{"@id":"https:\/\/progettotouring.it\/radiotouring104\/2026\/03\/17\/reggio-pubblicato-il-bando-di-gara-del-nuovo-auditorium-calipari\/#primaryimage"},"thumbnailUrl":"https:\/\/progettotouring.it\/radiotouring104\/wp-content\/uploads\/sites\/6\/2026\/03\/Nuovo-auditorium-calipari-1.jpeg","datePublished":"2026-03-17T09:45:42+00:00","dateModified":"2026-03-17T11:53:03+00:00","description":"Pubblicato il\u00a0bando di gara\u00a0europea per la ricostruzione del nuovo\u00a0Auditorium\u00a0del\u00a0Consiglio regionale. Termine fissato il 30 aprile","breadcrumb":{"@id":"https:\/\/progettotouring.it\/radiotouring104\/2026\/03\/17\/reggio-pubblicato-il-bando-di-gara-del-nuovo-auditorium-calipari\/#breadcrumb"},"inLanguage":"it-IT","potentialAction":[{"@type":"ReadAction","target":["https:\/\/progettotouring.it\/radiotouring104\/2026\/03\/17\/reggio-pubblicato-il-bando-di-gara-del-nuovo-auditorium-calipari\/"]}]},{"@type":"ImageObject","inLanguage":"it-IT","@id":"https:\/\/progettotouring.it\/radiotouring104\/2026\/03\/17\/reggio-pubblicato-il-bando-di-gara-del-nuovo-auditorium-calipari\/#primaryimage","url":"https:\/\/progettotouring.it\/radiotouring104\/wp-content\/uploads\/sites\/6\/2026\/03\/Nuovo-auditorium-calipari-1.jpeg","contentUrl":"https:\/\/progettotouring.it\/radiotouring104\/wp-content\/uploads\/sites\/6\/2026\/03\/Nuovo-auditorium-calipari-1.jpeg","width":1120,"height":630},{"@type":"BreadcrumbList","@id":"https:\/\/progettotouring.it\/radiotouring104\/2026\/03\/17\/reggio-pubblicato-il-bando-di-gara-del-nuovo-auditorium-calipari\/#breadcrumb","itemListElement":[{"@type":"ListItem","position":1,"name":"Home","item":"https:\/\/progettotouring.it\/radiotouring104\/"},{"@type":"ListItem","position":2,"name":"Reggio: pubblicato il bando di gara del nuovo Auditorium &#8220;Calipari&#8221;"}]},{"@type":"WebSite","@id":"https:\/\/progettotouring.it\/radiotouring104\/#website","url":"https:\/\/progettotouring.it\/radiotouring104\/","name":"Radio Touring 104","description":"La prima radio Reggina","publisher":{"@id":"https:\/\/progettotouring.it\/radiotouring104\/#organization"},"potentialAction":[{"@type":"SearchAction","target":{"@type":"EntryPoint","urlTemplate":"https:\/\/progettotouring.it\/radiotouring104\/?s={search_term_string}"},"query-input":{"@type":"PropertyValueSpecification","valueRequired":true,"valueName":"search_term_string"}}],"inLanguage":"it-IT"},{"@type":"Organization","@id":"https:\/\/progettotouring.it\/radiotouring104\/#organization","name":"Radio Touring 104","url":"https:\/\/progettotouring.it\/radiotouring104\/","logo":{"@type":"ImageObject","inLanguage":"it-IT","@id":"https:\/\/progettotouring.it\/radiotouring104\/#\/schema\/logo\/image\/","url":"https:\/\/progettotouring.it\/radiotouring104\/wp-content\/uploads\/sites\/6\/2022\/02\/cropped-logo-radio-touring-104.png","contentUrl":"https:\/\/progettotouring.it\/radiotouring104\/wp-content\/uploads\/sites\/6\/2022\/02\/cropped-logo-radio-touring-104.png","width":377,"height":182,"caption":"Radio Touring 104"},"image":{"@id":"https:\/\/progettotouring.it\/radiotouring104\/#\/schema\/logo\/image\/"}},{"@type":"Person","@id":"https:\/\/progettotouring.it\/radiotouring104\/#\/schema\/person\/1b3eb3c07c47136bc44c785c543e635f","name":"redazione","image":{"@type":"ImageObject","inLanguage":"it-IT","@id":"https:\/\/secure.gravatar.com\/avatar\/0b31605b49f100769e8b624b3e05de1b73e1692e9568a352f60f53fd072e6e11?s=96&d=mm&r=g","url":"https:\/\/secure.gravatar.com\/avatar\/0b31605b49f100769e8b624b3e05de1b73e1692e9568a352f60f53fd072e6e11?s=96&d=mm&r=g","contentUrl":"https:\/\/secure.gravatar.com\/avatar\/0b31605b49f100769e8b624b3e05de1b73e1692e9568a352f60f53fd072e6e11?s=96&d=mm&r=g","caption":"redazione"},"url":"https:\/\/progettotouring.it\/radiotouring104\/author\/redazione\/"}]}},"jetpack_publicize_connections":[],"jetpack_featured_media_url":"https:\/\/progettotouring.it\/radiotouring104\/wp-content\/uploads\/sites\/6\/2026\/03\/Nuovo-auditorium-calipari-1.jpeg","jetpack_sharing_enabled":true,"_links":{"self":[{"href":"https:\/\/progettotouring.it\/radiotouring104\/wp-json\/wp\/v2\/posts\/92130","targetHints":{"allow":["GET"]}}],"collection":[{"href":"https:\/\/progettotouring.it\/radiotouring104\/wp-json\/wp\/v2\/posts"}],"about":[{"href":"https:\/\/progettotouring.it\/radiotouring104\/wp-json\/wp\/v2\/types\/post"}],"author":[{"embeddable":true,"href":"https:\/\/progettotouring.it\/radiotouring104\/wp-json\/wp\/v2\/users\/5"}],"replies":[{"embeddable":true,"href":"https:\/\/progettotouring.it\/radiotouring104\/wp-json\/wp\/v2\/comments?post=92130"}],"version-history":[{"count":1,"href":"https:\/\/progettotouring.it\/radiotouring104\/wp-json\/wp\/v2\/posts\/92130\/revisions"}],"predecessor-version":[{"id":92132,"href":"https:\/\/progettotouring.it\/radiotouring104\/wp-json\/wp\/v2\/posts\/92130\/revisions\/92132"}],"wp:featuredmedia":[{"embeddable":true,"href":"https:\/\/progettotouring.it\/radiotouring104\/wp-json\/wp\/v2\/media\/92131"}],"wp:attachment":[{"href":"https:\/\/progettotouring.it\/radiotouring104\/wp-json\/wp\/v2\/media?parent=92130"}],"wp:term":[{"taxonomy":"category","embeddable":true,"href":"https:\/\/progettotouring.it\/radiotouring104\/wp-json\/wp\/v2\/categories?post=92130"},{"taxonomy":"post_tag","embeddable":true,"href":"https:\/\/progettotouring.it\/radiotouring104\/wp-json\/wp\/v2\/tags?post=92130"}],"curies":[{"name":"wp","href":"https:\/\/api.w.org\/{rel}","templated":true}]}}