{"id":92133,"date":"2026-03-17T11:09:22","date_gmt":"2026-03-17T10:09:22","guid":{"rendered":"https:\/\/progettotouring.it\/radiotouring104\/?p=92133"},"modified":"2026-03-17T12:52:57","modified_gmt":"2026-03-17T11:52:57","slug":"comune-di-plati-revocato-il-consiglio-comunale-sullapprovazione-del-bilancio-di-previsione","status":"publish","type":"post","link":"https:\/\/progettotouring.it\/radiotouring104\/2026\/03\/17\/comune-di-plati-revocato-il-consiglio-comunale-sullapprovazione-del-bilancio-di-previsione\/","title":{"rendered":"Comune di Plati: revocato il Consiglio Comunale sull&#8217;approvazione del Bilancio di Previsione"},"content":{"rendered":"<p>La Presidenza del Consiglio Comunale di Plat\u00ec informa che, con provvedimento formale, \u00e8 stata disposta la <strong>revoca dell\u2019avviso di convocazione del Consiglio Comunale prot. n. 1618\/2026 del 23 febbraio 2026<\/strong>, relativo alla seduta prevista per <strong>marted\u00ec 17 marzo 2026 alle ore 9:30 e, in seconda convocazione, mercoled\u00ec 18 marzo alle ore 10:30<\/strong>.<\/p>\n<p>La decisione \u00e8 stata assunta dal <strong>Presidente del Consiglio Comunale, Prof. Paolo Antonio Ferrara<\/strong>, al termine di un\u2019attenta valutazione istituzionale maturata a seguito di <strong>gravi criticit\u00e0 emerse nel corso dell\u2019istruttoria degli atti propedeutici all\u2019approvazione del Bilancio di Previsione<\/strong>.<\/p>\n<p>\u00c8 doveroso evidenziare che <strong>l\u2019Ufficio di Presidenza del Consiglio Comunale, in piena sinergia con Sindaco f.f., gruppi consiliari e la Segreteria comunale<\/strong>, aveva predisposto ogni attivit\u00e0 necessaria affinch\u00e9 il Consiglio potesse procedere <strong>all\u2019approvazione del Bilancio con largo anticipo rispetto ai termini di legge<\/strong>, nel pieno rispetto dei principi di efficienza, trasparenza e buon andamento dell\u2019azione amministrativa.<\/p>\n<p>Tuttavia, nelle ultime ore \u00e8 pervenuto <strong>un atto formale di diffida e messa in mora<\/strong> da parte degli Assessori <strong>Caterina Sergi<\/strong> e <strong>Giovanni Barreca<\/strong>, trasmesso tramite PEC in data <strong>13 marzo 2026<\/strong>, con il quale sono state segnalate <strong>gravi anomalie procedurali attribuite al personale dell\u2019Ufficio Ragioneria<\/strong>.<\/p>\n<p>In particolare, secondo quanto rappresentato nella diffida, <strong>agli Assessori sarebbe stato impedito l\u2019accesso ad atti e documentazione essenziale<\/strong>, tra cui il <strong>parere del Revisore dei Conti<\/strong>, documentazione indispensabile per la corretta e consapevole valutazione del <strong>Bilancio di Previsione<\/strong> da parte degli organi politici.<\/p>\n<p>Tale circostanza, se confermata, configurerebbe <strong>una grave violazione dei principi fondamentali che regolano il rapporto tra apparato amministrativo e organi di governo<\/strong>, con particolare riferimento ai principi di <strong>leale collaborazione istituzionale, trasparenza amministrativa e pieno esercizio del mandato elettivo degli amministratori locali<\/strong>.<\/p>\n<p>Il Presidente del Consiglio Comunale ha pertanto ritenuto <strong>doveroso e necessario intervenire con fermezza<\/strong>, esercitando le prerogative previste dall\u2019ordinamento degli enti locali, al fine di <strong>tutelare il ruolo e la dignit\u00e0 istituzionale dell\u2019organo consiliare<\/strong>, nonch\u00e9 garantire che ogni deliberazione possa essere assunta <strong>in presenza di una completa e corretta istruttoria amministrativa<\/strong>.<\/p>\n<p>Il corretto funzionamento del Consiglio Comunale, infatti, presuppone che tutti gli amministratori &#8211; <strong>di maggioranza e di minoranza, indipendentemente dall\u2019appartenenza politica<\/strong> &#8211; possano esercitare pienamente il proprio mandato, <strong>accedendo senza ostacoli alla documentazione necessaria per l\u2019esame degli atti<\/strong>.<\/p>\n<p>Eventuali comportamenti che, anche indirettamente, <strong>ostacolino o rallentino tale diritto costituzionalmente garantito non possono essere tollerati<\/strong>, poich\u00e9 rischiano di compromettere il regolare svolgimento dell\u2019attivit\u00e0 istituzionale e il corretto funzionamento dell\u2019Ente.<\/p>\n<p>La revoca della seduta consiliare \u00e8 stata quindi adottata <strong>esclusivamente a tutela della legalit\u00e0 amministrativa e delle prerogative degli amministratori locali<\/strong>, nel rispetto dei principi sanciti dall\u2019<strong>articolo 97 della Costituzione<\/strong>, dal <strong>D.Lgs. 267\/2000 (Testo Unico degli Enti Locali)<\/strong> e dallo <strong>Statuto comunale<\/strong>.<\/p>\n<p>Il Presidente del Consiglio Comunale ha gi\u00e0 provveduto a <strong>informare la Prefettura di Reggio Calabria<\/strong>, nonch\u00e9 gli organi istituzionali competenti, garantendo la piena disponibilit\u00e0 a fornire ogni elemento utile per chiarire quanto accaduto.<\/p>\n<p>Sar\u00e0 ora compito degli uffici competenti e, in particolare, del <strong>Responsabile dell\u2019Area Economico-Finanziaria<\/strong>, procedere con la massima urgenza a <strong>superare le criticit\u00e0 emerse e completare l\u2019istruttoria degli atti<\/strong>, assicurando la piena disponibilit\u00e0 della documentazione necessaria.<\/p>\n<p>Il Presidente del Consiglio Comunale ribadisce con fermezza che <strong>la Presidenza continuer\u00e0 a vigilare affinch\u00e9 siano rispettate le prerogative istituzionali di tutti gli amministratori<\/strong>, senza distinzione di appartenenza politica, nel solo interesse del corretto funzionamento dell\u2019Ente e della comunit\u00e0 di Plat\u00ec.<\/p>\n<p>Allo stesso tempo, rassicura <strong>il Prefetto di Reggio Calabria e l\u2019intera cittadinanza<\/strong> che, <strong>una volta ascoltate le parti e risolte le criticit\u00e0 emerse<\/strong>, l\u2019Ufficio di Presidenza provveder\u00e0 <strong>alla riconvocazione del Consiglio Comunale entro i termini previsti dalla normativa vigente<\/strong>, garantendo l\u2019approvazione del Bilancio <strong>entro la scadenza del 31 marzo<\/strong>, cos\u00ec come stabilito dalla legislazione in materia.<\/p>\n<p>La Presidenza del Consiglio Comunale continuer\u00e0 ad operare con <strong>rigore istituzionale, trasparenza e pieno rispetto della legge<\/strong>, nell\u2019esclusivo interesse del corretto funzionamento delle istituzioni democratiche e della tutela dei diritti di tutti gli amministratori eletti dal popolo.<\/p>\n<p><strong>Dichiarazione del Presidente del Consiglio Comunale di Plat\u00ec, Prof. Paolo Ferrara:<\/strong><\/p>\n<p><em>\u00abLa decisione di revocare la seduta del Consiglio Comunale prevista per il 17 e 18 marzo non \u00e8 stata assunta a cuor leggero, ma rappresenta un atto di responsabilit\u00e0 istituzionale necessario per tutelare la legalit\u00e0 amministrativa e le prerogative dell\u2019intero Consiglio comunale.<\/em><\/p>\n<p><em>L\u2019Ufficio di Presidenza, in piena sinergia con la Segretaria comunale e con i gruppi consiliari, aveva predisposto con largo anticipo tutte le attivit\u00e0 affinch\u00e9 il Bilancio di previsione potesse essere discusso e approvato ben prima dei termini stabiliti dalla normativa vigente. Questo avrebbe rappresentato un segnale di efficienza amministrativa e di rispetto verso la comunit\u00e0 di Plat\u00ec.<\/em><\/p>\n<p><em>Purtroppo, quanto emerso nelle ultime ore ha evidenziato gravi irregolarit\u00e0 procedurali che non potevano essere ignorate. \u00c8 stato infatti segnalato che ad alcuni amministratori sarebbe stato impedito di acquisire documentazione essenziale, tra cui il parere del Revisore dei conti, indispensabile per poter esaminare in maniera consapevole e responsabile il Bilancio di previsione.<\/em><\/p>\n<p><em>Un comportamento di questo tipo, se confermato, rappresenterebbe <strong>una violazione dei principi di trasparenza amministrativa, di leale collaborazione tra apparato burocratico e organi politici<\/strong> e, soprattutto, delle prerogative istituzionali degli amministratori eletti. Il Consiglio Comunale non pu\u00f2 e non deve essere posto nelle condizioni di deliberare senza che tutti i suoi componenti abbiano pieno accesso agli atti necessari per svolgere il proprio mandato.<\/em><\/p>\n<p><strong><em>Come Presidente del Consiglio ho il dovere di garantire e difendere i diritti di tutti i consiglieri e amministratori, senza alcuna distinzione tra maggioranza e minoranza o appartenenza politica. Le istituzioni democratiche si fondano sul rispetto delle regole, sulla trasparenza degli atti e sulla piena conoscibilit\u00e0 delle decisioni che incidono sulla vita della comunit\u00e0.<\/em><\/strong><\/p>\n<p><em>Per queste ragioni ho ritenuto doveroso intervenire con la revoca della convocazione del Consiglio, informando contestualmente la Prefettura di Reggio Calabria e gli organi competenti, affinch\u00e9 venga fatta piena chiarezza su quanto accaduto.<\/em><\/p>\n<p><em>Sono certo che, ascoltate tutte le parti e risolte le criticit\u00e0 emerse, il Responsabile dell\u2019Area Economico-Finanziaria potr\u00e0 completare l\u2019istruttoria degli atti e garantire la piena disponibilit\u00e0 della documentazione necessaria. Non appena tali condizioni saranno ristabilite, l\u2019Ufficio di Presidenza provveder\u00e0 a riconvocare il Consiglio Comunale nel rispetto dei termini di legge, assicurando l\u2019approvazione del Bilancio entro la scadenza del 31 marzo.<\/em><\/p>\n<p><strong><em>Il mio unico obiettivo resta quello di garantire il corretto funzionamento delle istituzioni, nel pieno rispetto della legge, della trasparenza amministrativa e delle prerogative di tutti gli amministratori eletti dai cittadini di Plat\u00ec<\/em><\/strong><em>\u00bb.<\/em><\/p>\n","protected":false},"excerpt":{"rendered":"<p>La Presidenza del Consiglio Comunale di Plat\u00ec informa che, con provvedimento formale, \u00e8 stata disposta la revoca dell\u2019avviso di convocazione del Consiglio Comunale prot. n. 1618\/2026 del 23 febbraio 2026,&hellip;<\/p>\n","protected":false},"author":5,"featured_media":92134,"comment_status":"closed","ping_status":"open","sticky":false,"template":"","format":"standard","meta":{"_jetpack_memberships_contains_paid_content":false,"footnotes":"","jetpack_publicize_message":"","jetpack_publicize_feature_enabled":true,"jetpack_social_post_already_shared":true,"jetpack_social_options":{"image_generator_settings":{"template":"highway","default_image_id":0,"font":"","enabled":false},"version":2}},"categories":[921,196,140],"tags":[51911,40902,51912,2359,51913],"class_list":["post-92133","post","type-post","status-publish","format-standard","has-post-thumbnail","hentry","category-home","category-news","category-reggio-calabria","tag-approvazione-bilancio-di-previsione","tag-comune-di-plati","tag-gravi-irregolarita-procedurali","tag-paolo-ferrara","tag-revocato-consiglio-comunale"],"yoast_head":"<!-- This site is optimized with the Yoast SEO plugin v27.2 - https:\/\/yoast.com\/product\/yoast-seo-wordpress\/ -->\n<title>Comune Plat\u00ec: revocato Consiglio su approvazione Bilancio<\/title>\n<meta name=\"description\" content=\"Il Presidente Paolo Ferrara denuncia gravi irregolarit\u00e0 procedurali e tutela prerogative del Consiglio Comunale\" \/>\n<meta name=\"robots\" content=\"index, follow, max-snippet:-1, max-image-preview:large, max-video-preview:-1\" \/>\n<link rel=\"canonical\" href=\"https:\/\/progettotouring.it\/radiotouring104\/2026\/03\/17\/comune-di-plati-revocato-il-consiglio-comunale-sullapprovazione-del-bilancio-di-previsione\/\" \/>\n<meta property=\"og:locale\" content=\"it_IT\" \/>\n<meta property=\"og:type\" content=\"article\" \/>\n<meta property=\"og:title\" content=\"Comune Plat\u00ec: revocato Consiglio su approvazione Bilancio\" \/>\n<meta property=\"og:description\" content=\"Il Presidente Paolo Ferrara denuncia gravi irregolarit\u00e0 procedurali e tutela prerogative del Consiglio Comunale\" \/>\n<meta property=\"og:url\" content=\"https:\/\/progettotouring.it\/radiotouring104\/2026\/03\/17\/comune-di-plati-revocato-il-consiglio-comunale-sullapprovazione-del-bilancio-di-previsione\/\" \/>\n<meta property=\"og:site_name\" content=\"Radio Touring 104\" \/>\n<meta property=\"article:published_time\" content=\"2026-03-17T10:09:22+00:00\" \/>\n<meta property=\"article:modified_time\" content=\"2026-03-17T11:52:57+00:00\" \/>\n<meta property=\"og:image\" content=\"https:\/\/progettotouring.it\/radiotouring104\/wp-content\/uploads\/sites\/6\/2026\/03\/Presidente-Consiglio-Comunale-di-Plati-Paolo-Ferrara.gif\" \/>\n\t<meta property=\"og:image:width\" content=\"207\" \/>\n\t<meta property=\"og:image:height\" content=\"278\" \/>\n\t<meta property=\"og:image:type\" content=\"image\/gif\" \/>\n<meta name=\"author\" content=\"redazione\" \/>\n<meta name=\"twitter:card\" content=\"summary_large_image\" \/>\n<meta name=\"twitter:label1\" content=\"Scritto da\" \/>\n\t<meta name=\"twitter:data1\" content=\"redazione\" \/>\n\t<meta name=\"twitter:label2\" content=\"Tempo di lettura stimato\" \/>\n\t<meta name=\"twitter:data2\" content=\"5 minuti\" \/>\n<script type=\"application\/ld+json\" class=\"yoast-schema-graph\">{\"@context\":\"https:\/\/schema.org\",\"@graph\":[{\"@type\":\"Article\",\"@id\":\"https:\/\/progettotouring.it\/radiotouring104\/2026\/03\/17\/comune-di-plati-revocato-il-consiglio-comunale-sullapprovazione-del-bilancio-di-previsione\/#article\",\"isPartOf\":{\"@id\":\"https:\/\/progettotouring.it\/radiotouring104\/2026\/03\/17\/comune-di-plati-revocato-il-consiglio-comunale-sullapprovazione-del-bilancio-di-previsione\/\"},\"author\":{\"name\":\"redazione\",\"@id\":\"https:\/\/progettotouring.it\/radiotouring104\/#\/schema\/person\/1b3eb3c07c47136bc44c785c543e635f\"},\"headline\":\"Comune di Plati: revocato il Consiglio Comunale sull&#8217;approvazione del Bilancio di Previsione\",\"datePublished\":\"2026-03-17T10:09:22+00:00\",\"dateModified\":\"2026-03-17T11:52:57+00:00\",\"mainEntityOfPage\":{\"@id\":\"https:\/\/progettotouring.it\/radiotouring104\/2026\/03\/17\/comune-di-plati-revocato-il-consiglio-comunale-sullapprovazione-del-bilancio-di-previsione\/\"},\"wordCount\":1065,\"publisher\":{\"@id\":\"https:\/\/progettotouring.it\/radiotouring104\/#organization\"},\"image\":{\"@id\":\"https:\/\/progettotouring.it\/radiotouring104\/2026\/03\/17\/comune-di-plati-revocato-il-consiglio-comunale-sullapprovazione-del-bilancio-di-previsione\/#primaryimage\"},\"thumbnailUrl\":\"https:\/\/progettotouring.it\/radiotouring104\/wp-content\/uploads\/sites\/6\/2026\/03\/Presidente-Consiglio-Comunale-di-Plati-Paolo-Ferrara.gif\",\"keywords\":[\"approvazione Bilancio di Previsione\",\"Comune di Plat\u00ec\",\"gravi irregolarit\u00e0 procedurali\",\"Paolo Ferrara\",\"revocato Consiglio Comunale\"],\"articleSection\":[\"Home\",\"News\",\"Reggio Calabria\"],\"inLanguage\":\"it-IT\"},{\"@type\":\"WebPage\",\"@id\":\"https:\/\/progettotouring.it\/radiotouring104\/2026\/03\/17\/comune-di-plati-revocato-il-consiglio-comunale-sullapprovazione-del-bilancio-di-previsione\/\",\"url\":\"https:\/\/progettotouring.it\/radiotouring104\/2026\/03\/17\/comune-di-plati-revocato-il-consiglio-comunale-sullapprovazione-del-bilancio-di-previsione\/\",\"name\":\"Comune Plat\u00ec: revocato Consiglio su approvazione Bilancio\",\"isPartOf\":{\"@id\":\"https:\/\/progettotouring.it\/radiotouring104\/#website\"},\"primaryImageOfPage\":{\"@id\":\"https:\/\/progettotouring.it\/radiotouring104\/2026\/03\/17\/comune-di-plati-revocato-il-consiglio-comunale-sullapprovazione-del-bilancio-di-previsione\/#primaryimage\"},\"image\":{\"@id\":\"https:\/\/progettotouring.it\/radiotouring104\/2026\/03\/17\/comune-di-plati-revocato-il-consiglio-comunale-sullapprovazione-del-bilancio-di-previsione\/#primaryimage\"},\"thumbnailUrl\":\"https:\/\/progettotouring.it\/radiotouring104\/wp-content\/uploads\/sites\/6\/2026\/03\/Presidente-Consiglio-Comunale-di-Plati-Paolo-Ferrara.gif\",\"datePublished\":\"2026-03-17T10:09:22+00:00\",\"dateModified\":\"2026-03-17T11:52:57+00:00\",\"description\":\"Il Presidente Paolo Ferrara denuncia gravi irregolarit\u00e0 procedurali e tutela prerogative del Consiglio Comunale\",\"breadcrumb\":{\"@id\":\"https:\/\/progettotouring.it\/radiotouring104\/2026\/03\/17\/comune-di-plati-revocato-il-consiglio-comunale-sullapprovazione-del-bilancio-di-previsione\/#breadcrumb\"},\"inLanguage\":\"it-IT\",\"potentialAction\":[{\"@type\":\"ReadAction\",\"target\":[\"https:\/\/progettotouring.it\/radiotouring104\/2026\/03\/17\/comune-di-plati-revocato-il-consiglio-comunale-sullapprovazione-del-bilancio-di-previsione\/\"]}]},{\"@type\":\"ImageObject\",\"inLanguage\":\"it-IT\",\"@id\":\"https:\/\/progettotouring.it\/radiotouring104\/2026\/03\/17\/comune-di-plati-revocato-il-consiglio-comunale-sullapprovazione-del-bilancio-di-previsione\/#primaryimage\",\"url\":\"https:\/\/progettotouring.it\/radiotouring104\/wp-content\/uploads\/sites\/6\/2026\/03\/Presidente-Consiglio-Comunale-di-Plati-Paolo-Ferrara.gif\",\"contentUrl\":\"https:\/\/progettotouring.it\/radiotouring104\/wp-content\/uploads\/sites\/6\/2026\/03\/Presidente-Consiglio-Comunale-di-Plati-Paolo-Ferrara.gif\",\"width\":207,\"height\":278},{\"@type\":\"BreadcrumbList\",\"@id\":\"https:\/\/progettotouring.it\/radiotouring104\/2026\/03\/17\/comune-di-plati-revocato-il-consiglio-comunale-sullapprovazione-del-bilancio-di-previsione\/#breadcrumb\",\"itemListElement\":[{\"@type\":\"ListItem\",\"position\":1,\"name\":\"Home\",\"item\":\"https:\/\/progettotouring.it\/radiotouring104\/\"},{\"@type\":\"ListItem\",\"position\":2,\"name\":\"Comune di Plati: revocato il Consiglio Comunale sull&#8217;approvazione del Bilancio di Previsione\"}]},{\"@type\":\"WebSite\",\"@id\":\"https:\/\/progettotouring.it\/radiotouring104\/#website\",\"url\":\"https:\/\/progettotouring.it\/radiotouring104\/\",\"name\":\"Radio Touring 104\",\"description\":\"La prima radio Reggina\",\"publisher\":{\"@id\":\"https:\/\/progettotouring.it\/radiotouring104\/#organization\"},\"potentialAction\":[{\"@type\":\"SearchAction\",\"target\":{\"@type\":\"EntryPoint\",\"urlTemplate\":\"https:\/\/progettotouring.it\/radiotouring104\/?s={search_term_string}\"},\"query-input\":{\"@type\":\"PropertyValueSpecification\",\"valueRequired\":true,\"valueName\":\"search_term_string\"}}],\"inLanguage\":\"it-IT\"},{\"@type\":\"Organization\",\"@id\":\"https:\/\/progettotouring.it\/radiotouring104\/#organization\",\"name\":\"Radio Touring 104\",\"url\":\"https:\/\/progettotouring.it\/radiotouring104\/\",\"logo\":{\"@type\":\"ImageObject\",\"inLanguage\":\"it-IT\",\"@id\":\"https:\/\/progettotouring.it\/radiotouring104\/#\/schema\/logo\/image\/\",\"url\":\"https:\/\/progettotouring.it\/radiotouring104\/wp-content\/uploads\/sites\/6\/2022\/02\/cropped-logo-radio-touring-104.png\",\"contentUrl\":\"https:\/\/progettotouring.it\/radiotouring104\/wp-content\/uploads\/sites\/6\/2022\/02\/cropped-logo-radio-touring-104.png\",\"width\":377,\"height\":182,\"caption\":\"Radio Touring 104\"},\"image\":{\"@id\":\"https:\/\/progettotouring.it\/radiotouring104\/#\/schema\/logo\/image\/\"}},{\"@type\":\"Person\",\"@id\":\"https:\/\/progettotouring.it\/radiotouring104\/#\/schema\/person\/1b3eb3c07c47136bc44c785c543e635f\",\"name\":\"redazione\",\"image\":{\"@type\":\"ImageObject\",\"inLanguage\":\"it-IT\",\"@id\":\"https:\/\/secure.gravatar.com\/avatar\/0b31605b49f100769e8b624b3e05de1b73e1692e9568a352f60f53fd072e6e11?s=96&d=mm&r=g\",\"url\":\"https:\/\/secure.gravatar.com\/avatar\/0b31605b49f100769e8b624b3e05de1b73e1692e9568a352f60f53fd072e6e11?s=96&d=mm&r=g\",\"contentUrl\":\"https:\/\/secure.gravatar.com\/avatar\/0b31605b49f100769e8b624b3e05de1b73e1692e9568a352f60f53fd072e6e11?s=96&d=mm&r=g\",\"caption\":\"redazione\"},\"url\":\"https:\/\/progettotouring.it\/radiotouring104\/author\/redazione\/\"}]}<\/script>\n<!-- \/ Yoast SEO plugin. -->","yoast_head_json":{"title":"Comune Plat\u00ec: revocato Consiglio su approvazione Bilancio","description":"Il Presidente Paolo Ferrara denuncia gravi irregolarit\u00e0 procedurali e tutela prerogative del Consiglio Comunale","robots":{"index":"index","follow":"follow","max-snippet":"max-snippet:-1","max-image-preview":"max-image-preview:large","max-video-preview":"max-video-preview:-1"},"canonical":"https:\/\/progettotouring.it\/radiotouring104\/2026\/03\/17\/comune-di-plati-revocato-il-consiglio-comunale-sullapprovazione-del-bilancio-di-previsione\/","og_locale":"it_IT","og_type":"article","og_title":"Comune Plat\u00ec: revocato Consiglio su approvazione Bilancio","og_description":"Il Presidente Paolo Ferrara denuncia gravi irregolarit\u00e0 procedurali e tutela prerogative del Consiglio Comunale","og_url":"https:\/\/progettotouring.it\/radiotouring104\/2026\/03\/17\/comune-di-plati-revocato-il-consiglio-comunale-sullapprovazione-del-bilancio-di-previsione\/","og_site_name":"Radio Touring 104","article_published_time":"2026-03-17T10:09:22+00:00","article_modified_time":"2026-03-17T11:52:57+00:00","og_image":[{"width":207,"height":278,"url":"https:\/\/progettotouring.it\/radiotouring104\/wp-content\/uploads\/sites\/6\/2026\/03\/Presidente-Consiglio-Comunale-di-Plati-Paolo-Ferrara.gif","type":"image\/gif"}],"author":"redazione","twitter_card":"summary_large_image","twitter_misc":{"Scritto da":"redazione","Tempo di lettura stimato":"5 minuti"},"schema":{"@context":"https:\/\/schema.org","@graph":[{"@type":"Article","@id":"https:\/\/progettotouring.it\/radiotouring104\/2026\/03\/17\/comune-di-plati-revocato-il-consiglio-comunale-sullapprovazione-del-bilancio-di-previsione\/#article","isPartOf":{"@id":"https:\/\/progettotouring.it\/radiotouring104\/2026\/03\/17\/comune-di-plati-revocato-il-consiglio-comunale-sullapprovazione-del-bilancio-di-previsione\/"},"author":{"name":"redazione","@id":"https:\/\/progettotouring.it\/radiotouring104\/#\/schema\/person\/1b3eb3c07c47136bc44c785c543e635f"},"headline":"Comune di Plati: revocato il Consiglio Comunale sull&#8217;approvazione del Bilancio di Previsione","datePublished":"2026-03-17T10:09:22+00:00","dateModified":"2026-03-17T11:52:57+00:00","mainEntityOfPage":{"@id":"https:\/\/progettotouring.it\/radiotouring104\/2026\/03\/17\/comune-di-plati-revocato-il-consiglio-comunale-sullapprovazione-del-bilancio-di-previsione\/"},"wordCount":1065,"publisher":{"@id":"https:\/\/progettotouring.it\/radiotouring104\/#organization"},"image":{"@id":"https:\/\/progettotouring.it\/radiotouring104\/2026\/03\/17\/comune-di-plati-revocato-il-consiglio-comunale-sullapprovazione-del-bilancio-di-previsione\/#primaryimage"},"thumbnailUrl":"https:\/\/progettotouring.it\/radiotouring104\/wp-content\/uploads\/sites\/6\/2026\/03\/Presidente-Consiglio-Comunale-di-Plati-Paolo-Ferrara.gif","keywords":["approvazione Bilancio di Previsione","Comune di Plat\u00ec","gravi irregolarit\u00e0 procedurali","Paolo Ferrara","revocato Consiglio Comunale"],"articleSection":["Home","News","Reggio Calabria"],"inLanguage":"it-IT"},{"@type":"WebPage","@id":"https:\/\/progettotouring.it\/radiotouring104\/2026\/03\/17\/comune-di-plati-revocato-il-consiglio-comunale-sullapprovazione-del-bilancio-di-previsione\/","url":"https:\/\/progettotouring.it\/radiotouring104\/2026\/03\/17\/comune-di-plati-revocato-il-consiglio-comunale-sullapprovazione-del-bilancio-di-previsione\/","name":"Comune Plat\u00ec: revocato Consiglio su approvazione Bilancio","isPartOf":{"@id":"https:\/\/progettotouring.it\/radiotouring104\/#website"},"primaryImageOfPage":{"@id":"https:\/\/progettotouring.it\/radiotouring104\/2026\/03\/17\/comune-di-plati-revocato-il-consiglio-comunale-sullapprovazione-del-bilancio-di-previsione\/#primaryimage"},"image":{"@id":"https:\/\/progettotouring.it\/radiotouring104\/2026\/03\/17\/comune-di-plati-revocato-il-consiglio-comunale-sullapprovazione-del-bilancio-di-previsione\/#primaryimage"},"thumbnailUrl":"https:\/\/progettotouring.it\/radiotouring104\/wp-content\/uploads\/sites\/6\/2026\/03\/Presidente-Consiglio-Comunale-di-Plati-Paolo-Ferrara.gif","datePublished":"2026-03-17T10:09:22+00:00","dateModified":"2026-03-17T11:52:57+00:00","description":"Il Presidente Paolo Ferrara denuncia gravi irregolarit\u00e0 procedurali e tutela prerogative del Consiglio Comunale","breadcrumb":{"@id":"https:\/\/progettotouring.it\/radiotouring104\/2026\/03\/17\/comune-di-plati-revocato-il-consiglio-comunale-sullapprovazione-del-bilancio-di-previsione\/#breadcrumb"},"inLanguage":"it-IT","potentialAction":[{"@type":"ReadAction","target":["https:\/\/progettotouring.it\/radiotouring104\/2026\/03\/17\/comune-di-plati-revocato-il-consiglio-comunale-sullapprovazione-del-bilancio-di-previsione\/"]}]},{"@type":"ImageObject","inLanguage":"it-IT","@id":"https:\/\/progettotouring.it\/radiotouring104\/2026\/03\/17\/comune-di-plati-revocato-il-consiglio-comunale-sullapprovazione-del-bilancio-di-previsione\/#primaryimage","url":"https:\/\/progettotouring.it\/radiotouring104\/wp-content\/uploads\/sites\/6\/2026\/03\/Presidente-Consiglio-Comunale-di-Plati-Paolo-Ferrara.gif","contentUrl":"https:\/\/progettotouring.it\/radiotouring104\/wp-content\/uploads\/sites\/6\/2026\/03\/Presidente-Consiglio-Comunale-di-Plati-Paolo-Ferrara.gif","width":207,"height":278},{"@type":"BreadcrumbList","@id":"https:\/\/progettotouring.it\/radiotouring104\/2026\/03\/17\/comune-di-plati-revocato-il-consiglio-comunale-sullapprovazione-del-bilancio-di-previsione\/#breadcrumb","itemListElement":[{"@type":"ListItem","position":1,"name":"Home","item":"https:\/\/progettotouring.it\/radiotouring104\/"},{"@type":"ListItem","position":2,"name":"Comune di Plati: revocato il Consiglio Comunale sull&#8217;approvazione del Bilancio di Previsione"}]},{"@type":"WebSite","@id":"https:\/\/progettotouring.it\/radiotouring104\/#website","url":"https:\/\/progettotouring.it\/radiotouring104\/","name":"Radio Touring 104","description":"La prima radio Reggina","publisher":{"@id":"https:\/\/progettotouring.it\/radiotouring104\/#organization"},"potentialAction":[{"@type":"SearchAction","target":{"@type":"EntryPoint","urlTemplate":"https:\/\/progettotouring.it\/radiotouring104\/?s={search_term_string}"},"query-input":{"@type":"PropertyValueSpecification","valueRequired":true,"valueName":"search_term_string"}}],"inLanguage":"it-IT"},{"@type":"Organization","@id":"https:\/\/progettotouring.it\/radiotouring104\/#organization","name":"Radio Touring 104","url":"https:\/\/progettotouring.it\/radiotouring104\/","logo":{"@type":"ImageObject","inLanguage":"it-IT","@id":"https:\/\/progettotouring.it\/radiotouring104\/#\/schema\/logo\/image\/","url":"https:\/\/progettotouring.it\/radiotouring104\/wp-content\/uploads\/sites\/6\/2022\/02\/cropped-logo-radio-touring-104.png","contentUrl":"https:\/\/progettotouring.it\/radiotouring104\/wp-content\/uploads\/sites\/6\/2022\/02\/cropped-logo-radio-touring-104.png","width":377,"height":182,"caption":"Radio Touring 104"},"image":{"@id":"https:\/\/progettotouring.it\/radiotouring104\/#\/schema\/logo\/image\/"}},{"@type":"Person","@id":"https:\/\/progettotouring.it\/radiotouring104\/#\/schema\/person\/1b3eb3c07c47136bc44c785c543e635f","name":"redazione","image":{"@type":"ImageObject","inLanguage":"it-IT","@id":"https:\/\/secure.gravatar.com\/avatar\/0b31605b49f100769e8b624b3e05de1b73e1692e9568a352f60f53fd072e6e11?s=96&d=mm&r=g","url":"https:\/\/secure.gravatar.com\/avatar\/0b31605b49f100769e8b624b3e05de1b73e1692e9568a352f60f53fd072e6e11?s=96&d=mm&r=g","contentUrl":"https:\/\/secure.gravatar.com\/avatar\/0b31605b49f100769e8b624b3e05de1b73e1692e9568a352f60f53fd072e6e11?s=96&d=mm&r=g","caption":"redazione"},"url":"https:\/\/progettotouring.it\/radiotouring104\/author\/redazione\/"}]}},"jetpack_publicize_connections":[],"jetpack_featured_media_url":"https:\/\/progettotouring.it\/radiotouring104\/wp-content\/uploads\/sites\/6\/2026\/03\/Presidente-Consiglio-Comunale-di-Plati-Paolo-Ferrara.gif","jetpack_sharing_enabled":true,"_links":{"self":[{"href":"https:\/\/progettotouring.it\/radiotouring104\/wp-json\/wp\/v2\/posts\/92133","targetHints":{"allow":["GET"]}}],"collection":[{"href":"https:\/\/progettotouring.it\/radiotouring104\/wp-json\/wp\/v2\/posts"}],"about":[{"href":"https:\/\/progettotouring.it\/radiotouring104\/wp-json\/wp\/v2\/types\/post"}],"author":[{"embeddable":true,"href":"https:\/\/progettotouring.it\/radiotouring104\/wp-json\/wp\/v2\/users\/5"}],"replies":[{"embeddable":true,"href":"https:\/\/progettotouring.it\/radiotouring104\/wp-json\/wp\/v2\/comments?post=92133"}],"version-history":[{"count":1,"href":"https:\/\/progettotouring.it\/radiotouring104\/wp-json\/wp\/v2\/posts\/92133\/revisions"}],"predecessor-version":[{"id":92135,"href":"https:\/\/progettotouring.it\/radiotouring104\/wp-json\/wp\/v2\/posts\/92133\/revisions\/92135"}],"wp:featuredmedia":[{"embeddable":true,"href":"https:\/\/progettotouring.it\/radiotouring104\/wp-json\/wp\/v2\/media\/92134"}],"wp:attachment":[{"href":"https:\/\/progettotouring.it\/radiotouring104\/wp-json\/wp\/v2\/media?parent=92133"}],"wp:term":[{"taxonomy":"category","embeddable":true,"href":"https:\/\/progettotouring.it\/radiotouring104\/wp-json\/wp\/v2\/categories?post=92133"},{"taxonomy":"post_tag","embeddable":true,"href":"https:\/\/progettotouring.it\/radiotouring104\/wp-json\/wp\/v2\/tags?post=92133"}],"curies":[{"name":"wp","href":"https:\/\/api.w.org\/{rel}","templated":true}]}}