{"id":92143,"date":"2026-03-17T11:30:36","date_gmt":"2026-03-17T10:30:36","guid":{"rendered":"https:\/\/progettotouring.it\/radiotouring104\/?p=92143"},"modified":"2026-03-17T12:52:46","modified_gmt":"2026-03-17T11:52:46","slug":"reggio-presentato-il-nuovo-magazine-digitale-madreterramagazine-it","status":"publish","type":"post","link":"https:\/\/progettotouring.it\/radiotouring104\/2026\/03\/17\/reggio-presentato-il-nuovo-magazine-digitale-madreterramagazine-it\/","title":{"rendered":"Reggio: presentato il nuovo magazine digitale &#8220;Madreterramagazine.it&#8221;"},"content":{"rendered":"<p><strong>Madreterramagazine.it<\/strong> \u00e8 online. Il nuovo magazine digitale di <strong>Grigioverde<\/strong> e dell\u2019<strong>Associazione Prometeus <\/strong>dedicato alla Calabria \u00e8 stato ufficialmente presentato durante un incontro interessante e partecipato, tenutosi sabato 14 marzo a <strong>Reggio Calabria<\/strong>.<\/p>\n<p>All\u2019appuntamento, sono intervenuti: <strong>Saverio Petitto<\/strong> Presidente dell\u2019Associazione Prometeus, <strong>Federica Legato<\/strong> Direttrice Responsabile di Madreterra Magazine, <strong>Paolo Ventrice<\/strong> Coordinatore Editoriale della rivista e <strong>Carlo Parisi<\/strong> Direttore di Giornalisti Italia e Segretario generale della Figec.<\/p>\n<p><strong>Madreterra Magazine<\/strong> \u00e8 pensato come un luogo di informazione e confronto, in cui cultura, attualit\u00e0 e turismo si intrecciano per offrire contenuti originali e di qualit\u00e0. Il progetto nasce come evoluzione online di uno storico magazine cartaceo Madreterra Palmi &amp; dintorni, edito dall\u2019associazione Prometeus. Un progetto editoriale che nasce dal desiderio di raccontare il territorio in modo approfondito, contemporaneo e accessibile, dando spazio a storie, eventi e punti di vista diversi.<\/p>\n<p>Il magazine propone articoli, approfondimenti e rubriche che attraversano diversi ambiti: <strong>cultura<\/strong>, con focus su libri, cinema, musica, teatro e storia; <strong>eventi<\/strong>, per seguire appuntamenti culturali e iniziative sul territorio; <strong>attualit\u00e0<\/strong>, con analisi e riflessioni su temi vari; <strong>turismo,<\/strong> per scoprire luoghi, percorsi e identit\u00e0;<strong> interviste<\/strong>, per dare voce a persone, progetti ed esperienze; <strong>rubriche<\/strong>, curate da autori ed esperti: <strong>Citolena<\/strong> \u2013 Satira a cura di Saverio Petitto, <strong>Faherenheit 451<\/strong> \u2013 Recensioni di Libri a cura di Chiara Ortuso, <strong>Trame di gusto<\/strong> \u2013 Cibo e dintorni a cura di Walter Cricr\u00ec.<\/p>\n<p>L\u2019obiettivo \u00e8 offrire uno sguardo attento e plurale sulla Calabria, lontano dagli stereotipi e vicino alle persone. Ogni contenuto \u00e8 pensato per informare e stimolare la curiosit\u00e0, con uno stile chiaro e accessibile. Il magazine punta su testi originali, approfondimenti tematici e un lavoro editoriale attento, che mette al centro le fonti, il contesto e il rispetto delle storie raccontate.<\/p>\n<p>Madreterramagazine.it \u00e8 uno spazio in continua evoluzione, che crescer\u00e0 nel tempo con nuovi contributi e speciali.<\/p>\n<p>Come ha spiegato la Direttrice, <strong>Federica Legato<\/strong>, la rivista nasce a nuova vita con l\u2019intento di restituire ai temi della Cultura in Calabria lo spazio che meritano e, altres\u00ec, con l\u2019obiettivo di creare opportunit\u00e0 di lavoro, di formazione e di crescita per i giornalisti.<\/p>\n<p><strong>Saverio Petitto<\/strong> e <strong>Paolo Ventrice<\/strong> dell\u2019Associazione Prometeus, &#8211; tra le pi\u00f9 importanti realt\u00e0 sociali e culturali del territorio &#8211; fondatori dello storico giornale cartaceo, durante la conferenza di presentazione della rivista, hanno ripercorso le affascinanti tappe della sua genesi ed evoluzione. Madreterra \u00e8 figlia di una visione e un amore per la cultura e la storia calabrese: negli anni della sua pubblicazione ha raggiunto una tiratura di tutto rispetto, conquistando l\u2019intera provincia reggina. Oggi, pertanto, questo salto nel digitale \u00e8 naturale e necessario per raggiungere un pubblico pi\u00f9 ampio, superare i confini regionali con quella cura e quella qualit\u00e0 che ha sempre contraddistinto la rivista.<\/p>\n<p>Nell\u2019esprimere il proprio plauso a \u00abun\u2019iniziativa coraggiosa tenuta a battesimo in un momento storico devastante per l\u2019informazione, soprattutto a causa dell\u2019intelligenza artificiale e, soprattutto, in una citt\u00e0 complicata come Reggio Calabria\u00bb, <strong>Carlo Parisi<\/strong> ha sottolineato che \u00abrappresenta un progetto editoriale serio, con solide radici, che si inserisce in un contesto variegato che ha oggi pi\u00f9 che mai bisogno di professionalit\u00e0\u00bb.<\/p>\n<p>Il segretario generale della Figec, evidenziando \u00abla bont\u00e0 del progetto Madreterramagazine, che ha l\u2019obiettivo di creare lavoro professionale di qualit\u00e0 in un territorio che ha assoluto bisogno di validi esempi che danno valore al merito\u00bb, ha sottolineato che \u00abl\u2019iniziativa editoriale di Grigioverde e Prometeus, Madreterra ben si colloca in un rinnovato fervore culturale che sta animando la Citt\u00e0 dello Stretto, dopo anni di ingiusto torpore a dispetto dei tesori e delle Bellezze che questa terra custodisce\u00bb.<\/p>\n<p>&nbsp;<\/p>\n<p>Interessante \u00e8 stato il dibattito che \u00e8 scaturito dalla presentazione, e dagli spunti di riflessione che sono emersi, con gli interventi di alcuni giornalisti e collaboratori della rivista, Giuseppe Cricr\u00ec, Raffaele Mortelliti e Domenico De Luca.<\/p>\n<p>&nbsp;<\/p>\n<p>I fondatori di madreterramagazine.it hanno inteso infine dedicare questo nuovo inizio a Giuseppe Bova, un bravo professionista palmese, giornalista, fotografo, ambientalista, scomparso prematuramente, che ha raccontato la Calabria illuminandone la Bellezza e contribuendo alla sua Cultura.<\/p>\n","protected":false},"excerpt":{"rendered":"<p>Madreterramagazine.it \u00e8 online. Il nuovo magazine digitale di Grigioverde e dell\u2019Associazione Prometeus dedicato alla Calabria \u00e8 stato ufficialmente presentato durante un incontro interessante e partecipato, tenutosi sabato 14 marzo a&hellip;<\/p>\n","protected":false},"author":5,"featured_media":92144,"comment_status":"closed","ping_status":"open","sticky":false,"template":"","format":"standard","meta":{"_jetpack_memberships_contains_paid_content":false,"footnotes":"","jetpack_publicize_message":"","jetpack_publicize_feature_enabled":true,"jetpack_social_post_already_shared":true,"jetpack_social_options":{"image_generator_settings":{"template":"highway","default_image_id":0,"font":"","enabled":false},"version":2}},"categories":[921,196,140],"tags":[51919,4139,50092,51917,51918,48333],"class_list":["post-92143","post","type-post","status-publish","format-standard","has-post-thumbnail","hentry","category-home","category-news","category-reggio-calabria","tag-madreterramagazine-it","tag-associazione-prometeus","tag-grigioverde","tag-nuovo-magazine-digitale","tag-presentazione-a-reggio","tag-presidente-saverio-petitto"],"yoast_head":"<!-- This site is optimized with the Yoast SEO plugin v27.2 - https:\/\/yoast.com\/product\/yoast-seo-wordpress\/ -->\n<title>Reggio: presentato il nuovo magazine digitale &quot;Madreterramagazine.it&quot; - Radio Touring 104<\/title>\n<meta name=\"description\" content=\"Il nuovo magazine digitale di Grigioverde e dell\u2019Associazione Prometeus dedicato alla Calabria, \u00e8 stato presentato a Reggio il 14 marzo\u00a0\" \/>\n<meta name=\"robots\" content=\"index, follow, max-snippet:-1, max-image-preview:large, max-video-preview:-1\" \/>\n<link rel=\"canonical\" href=\"https:\/\/progettotouring.it\/radiotouring104\/2026\/03\/17\/reggio-presentato-il-nuovo-magazine-digitale-madreterramagazine-it\/\" \/>\n<meta property=\"og:locale\" content=\"it_IT\" \/>\n<meta property=\"og:type\" content=\"article\" \/>\n<meta property=\"og:title\" content=\"Reggio: presentato il nuovo magazine digitale &quot;Madreterramagazine.it&quot; - Radio Touring 104\" \/>\n<meta property=\"og:description\" content=\"Il nuovo magazine digitale di Grigioverde e dell\u2019Associazione Prometeus dedicato alla Calabria, \u00e8 stato presentato a Reggio il 14 marzo\u00a0\" \/>\n<meta property=\"og:url\" content=\"https:\/\/progettotouring.it\/radiotouring104\/2026\/03\/17\/reggio-presentato-il-nuovo-magazine-digitale-madreterramagazine-it\/\" \/>\n<meta property=\"og:site_name\" content=\"Radio Touring 104\" \/>\n<meta property=\"article:published_time\" content=\"2026-03-17T10:30:36+00:00\" \/>\n<meta property=\"article:modified_time\" content=\"2026-03-17T11:52:46+00:00\" \/>\n<meta property=\"og:image\" content=\"https:\/\/progettotouring.it\/radiotouring104\/wp-content\/uploads\/sites\/6\/2026\/03\/Madreterra-magazine-Reggio.gif\" \/>\n\t<meta property=\"og:image:width\" content=\"318\" \/>\n\t<meta property=\"og:image:height\" content=\"330\" \/>\n\t<meta property=\"og:image:type\" content=\"image\/gif\" \/>\n<meta name=\"author\" content=\"redazione\" \/>\n<meta name=\"twitter:card\" content=\"summary_large_image\" \/>\n<meta name=\"twitter:label1\" content=\"Scritto da\" \/>\n\t<meta name=\"twitter:data1\" content=\"redazione\" \/>\n\t<meta name=\"twitter:label2\" content=\"Tempo di lettura stimato\" \/>\n\t<meta name=\"twitter:data2\" content=\"3 minuti\" \/>\n<script type=\"application\/ld+json\" class=\"yoast-schema-graph\">{\"@context\":\"https:\/\/schema.org\",\"@graph\":[{\"@type\":\"Article\",\"@id\":\"https:\/\/progettotouring.it\/radiotouring104\/2026\/03\/17\/reggio-presentato-il-nuovo-magazine-digitale-madreterramagazine-it\/#article\",\"isPartOf\":{\"@id\":\"https:\/\/progettotouring.it\/radiotouring104\/2026\/03\/17\/reggio-presentato-il-nuovo-magazine-digitale-madreterramagazine-it\/\"},\"author\":{\"name\":\"redazione\",\"@id\":\"https:\/\/progettotouring.it\/radiotouring104\/#\/schema\/person\/1b3eb3c07c47136bc44c785c543e635f\"},\"headline\":\"Reggio: presentato il nuovo magazine digitale &#8220;Madreterramagazine.it&#8221;\",\"datePublished\":\"2026-03-17T10:30:36+00:00\",\"dateModified\":\"2026-03-17T11:52:46+00:00\",\"mainEntityOfPage\":{\"@id\":\"https:\/\/progettotouring.it\/radiotouring104\/2026\/03\/17\/reggio-presentato-il-nuovo-magazine-digitale-madreterramagazine-it\/\"},\"wordCount\":673,\"publisher\":{\"@id\":\"https:\/\/progettotouring.it\/radiotouring104\/#organization\"},\"image\":{\"@id\":\"https:\/\/progettotouring.it\/radiotouring104\/2026\/03\/17\/reggio-presentato-il-nuovo-magazine-digitale-madreterramagazine-it\/#primaryimage\"},\"thumbnailUrl\":\"https:\/\/progettotouring.it\/radiotouring104\/wp-content\/uploads\/sites\/6\/2026\/03\/Madreterra-magazine-Reggio.gif\",\"keywords\":[\"\\\"Madreterramagazine.it\\\"\",\"Associazione Prometeus\",\"Grigioverde\",\"nuovo magazine digitale\",\"presentazione a Reggio\",\"Presidente Saverio Petitto\"],\"articleSection\":[\"Home\",\"News\",\"Reggio Calabria\"],\"inLanguage\":\"it-IT\"},{\"@type\":\"WebPage\",\"@id\":\"https:\/\/progettotouring.it\/radiotouring104\/2026\/03\/17\/reggio-presentato-il-nuovo-magazine-digitale-madreterramagazine-it\/\",\"url\":\"https:\/\/progettotouring.it\/radiotouring104\/2026\/03\/17\/reggio-presentato-il-nuovo-magazine-digitale-madreterramagazine-it\/\",\"name\":\"Reggio: presentato il nuovo magazine digitale \\\"Madreterramagazine.it\\\" - Radio Touring 104\",\"isPartOf\":{\"@id\":\"https:\/\/progettotouring.it\/radiotouring104\/#website\"},\"primaryImageOfPage\":{\"@id\":\"https:\/\/progettotouring.it\/radiotouring104\/2026\/03\/17\/reggio-presentato-il-nuovo-magazine-digitale-madreterramagazine-it\/#primaryimage\"},\"image\":{\"@id\":\"https:\/\/progettotouring.it\/radiotouring104\/2026\/03\/17\/reggio-presentato-il-nuovo-magazine-digitale-madreterramagazine-it\/#primaryimage\"},\"thumbnailUrl\":\"https:\/\/progettotouring.it\/radiotouring104\/wp-content\/uploads\/sites\/6\/2026\/03\/Madreterra-magazine-Reggio.gif\",\"datePublished\":\"2026-03-17T10:30:36+00:00\",\"dateModified\":\"2026-03-17T11:52:46+00:00\",\"description\":\"Il nuovo magazine digitale di Grigioverde e dell\u2019Associazione Prometeus dedicato alla Calabria, \u00e8 stato presentato a Reggio il 14 marzo\u00a0\",\"breadcrumb\":{\"@id\":\"https:\/\/progettotouring.it\/radiotouring104\/2026\/03\/17\/reggio-presentato-il-nuovo-magazine-digitale-madreterramagazine-it\/#breadcrumb\"},\"inLanguage\":\"it-IT\",\"potentialAction\":[{\"@type\":\"ReadAction\",\"target\":[\"https:\/\/progettotouring.it\/radiotouring104\/2026\/03\/17\/reggio-presentato-il-nuovo-magazine-digitale-madreterramagazine-it\/\"]}]},{\"@type\":\"ImageObject\",\"inLanguage\":\"it-IT\",\"@id\":\"https:\/\/progettotouring.it\/radiotouring104\/2026\/03\/17\/reggio-presentato-il-nuovo-magazine-digitale-madreterramagazine-it\/#primaryimage\",\"url\":\"https:\/\/progettotouring.it\/radiotouring104\/wp-content\/uploads\/sites\/6\/2026\/03\/Madreterra-magazine-Reggio.gif\",\"contentUrl\":\"https:\/\/progettotouring.it\/radiotouring104\/wp-content\/uploads\/sites\/6\/2026\/03\/Madreterra-magazine-Reggio.gif\",\"width\":318,\"height\":330},{\"@type\":\"BreadcrumbList\",\"@id\":\"https:\/\/progettotouring.it\/radiotouring104\/2026\/03\/17\/reggio-presentato-il-nuovo-magazine-digitale-madreterramagazine-it\/#breadcrumb\",\"itemListElement\":[{\"@type\":\"ListItem\",\"position\":1,\"name\":\"Home\",\"item\":\"https:\/\/progettotouring.it\/radiotouring104\/\"},{\"@type\":\"ListItem\",\"position\":2,\"name\":\"Reggio: presentato il nuovo magazine digitale &#8220;Madreterramagazine.it&#8221;\"}]},{\"@type\":\"WebSite\",\"@id\":\"https:\/\/progettotouring.it\/radiotouring104\/#website\",\"url\":\"https:\/\/progettotouring.it\/radiotouring104\/\",\"name\":\"Radio Touring 104\",\"description\":\"La prima radio Reggina\",\"publisher\":{\"@id\":\"https:\/\/progettotouring.it\/radiotouring104\/#organization\"},\"potentialAction\":[{\"@type\":\"SearchAction\",\"target\":{\"@type\":\"EntryPoint\",\"urlTemplate\":\"https:\/\/progettotouring.it\/radiotouring104\/?s={search_term_string}\"},\"query-input\":{\"@type\":\"PropertyValueSpecification\",\"valueRequired\":true,\"valueName\":\"search_term_string\"}}],\"inLanguage\":\"it-IT\"},{\"@type\":\"Organization\",\"@id\":\"https:\/\/progettotouring.it\/radiotouring104\/#organization\",\"name\":\"Radio Touring 104\",\"url\":\"https:\/\/progettotouring.it\/radiotouring104\/\",\"logo\":{\"@type\":\"ImageObject\",\"inLanguage\":\"it-IT\",\"@id\":\"https:\/\/progettotouring.it\/radiotouring104\/#\/schema\/logo\/image\/\",\"url\":\"https:\/\/progettotouring.it\/radiotouring104\/wp-content\/uploads\/sites\/6\/2022\/02\/cropped-logo-radio-touring-104.png\",\"contentUrl\":\"https:\/\/progettotouring.it\/radiotouring104\/wp-content\/uploads\/sites\/6\/2022\/02\/cropped-logo-radio-touring-104.png\",\"width\":377,\"height\":182,\"caption\":\"Radio Touring 104\"},\"image\":{\"@id\":\"https:\/\/progettotouring.it\/radiotouring104\/#\/schema\/logo\/image\/\"}},{\"@type\":\"Person\",\"@id\":\"https:\/\/progettotouring.it\/radiotouring104\/#\/schema\/person\/1b3eb3c07c47136bc44c785c543e635f\",\"name\":\"redazione\",\"image\":{\"@type\":\"ImageObject\",\"inLanguage\":\"it-IT\",\"@id\":\"https:\/\/secure.gravatar.com\/avatar\/0b31605b49f100769e8b624b3e05de1b73e1692e9568a352f60f53fd072e6e11?s=96&d=mm&r=g\",\"url\":\"https:\/\/secure.gravatar.com\/avatar\/0b31605b49f100769e8b624b3e05de1b73e1692e9568a352f60f53fd072e6e11?s=96&d=mm&r=g\",\"contentUrl\":\"https:\/\/secure.gravatar.com\/avatar\/0b31605b49f100769e8b624b3e05de1b73e1692e9568a352f60f53fd072e6e11?s=96&d=mm&r=g\",\"caption\":\"redazione\"},\"url\":\"https:\/\/progettotouring.it\/radiotouring104\/author\/redazione\/\"}]}<\/script>\n<!-- \/ Yoast SEO plugin. -->","yoast_head_json":{"title":"Reggio: presentato il nuovo magazine digitale \"Madreterramagazine.it\" - Radio Touring 104","description":"Il nuovo magazine digitale di Grigioverde e dell\u2019Associazione Prometeus dedicato alla Calabria, \u00e8 stato presentato a Reggio il 14 marzo\u00a0","robots":{"index":"index","follow":"follow","max-snippet":"max-snippet:-1","max-image-preview":"max-image-preview:large","max-video-preview":"max-video-preview:-1"},"canonical":"https:\/\/progettotouring.it\/radiotouring104\/2026\/03\/17\/reggio-presentato-il-nuovo-magazine-digitale-madreterramagazine-it\/","og_locale":"it_IT","og_type":"article","og_title":"Reggio: presentato il nuovo magazine digitale \"Madreterramagazine.it\" - Radio Touring 104","og_description":"Il nuovo magazine digitale di Grigioverde e dell\u2019Associazione Prometeus dedicato alla Calabria, \u00e8 stato presentato a Reggio il 14 marzo\u00a0","og_url":"https:\/\/progettotouring.it\/radiotouring104\/2026\/03\/17\/reggio-presentato-il-nuovo-magazine-digitale-madreterramagazine-it\/","og_site_name":"Radio Touring 104","article_published_time":"2026-03-17T10:30:36+00:00","article_modified_time":"2026-03-17T11:52:46+00:00","og_image":[{"width":318,"height":330,"url":"https:\/\/progettotouring.it\/radiotouring104\/wp-content\/uploads\/sites\/6\/2026\/03\/Madreterra-magazine-Reggio.gif","type":"image\/gif"}],"author":"redazione","twitter_card":"summary_large_image","twitter_misc":{"Scritto da":"redazione","Tempo di lettura stimato":"3 minuti"},"schema":{"@context":"https:\/\/schema.org","@graph":[{"@type":"Article","@id":"https:\/\/progettotouring.it\/radiotouring104\/2026\/03\/17\/reggio-presentato-il-nuovo-magazine-digitale-madreterramagazine-it\/#article","isPartOf":{"@id":"https:\/\/progettotouring.it\/radiotouring104\/2026\/03\/17\/reggio-presentato-il-nuovo-magazine-digitale-madreterramagazine-it\/"},"author":{"name":"redazione","@id":"https:\/\/progettotouring.it\/radiotouring104\/#\/schema\/person\/1b3eb3c07c47136bc44c785c543e635f"},"headline":"Reggio: presentato il nuovo magazine digitale &#8220;Madreterramagazine.it&#8221;","datePublished":"2026-03-17T10:30:36+00:00","dateModified":"2026-03-17T11:52:46+00:00","mainEntityOfPage":{"@id":"https:\/\/progettotouring.it\/radiotouring104\/2026\/03\/17\/reggio-presentato-il-nuovo-magazine-digitale-madreterramagazine-it\/"},"wordCount":673,"publisher":{"@id":"https:\/\/progettotouring.it\/radiotouring104\/#organization"},"image":{"@id":"https:\/\/progettotouring.it\/radiotouring104\/2026\/03\/17\/reggio-presentato-il-nuovo-magazine-digitale-madreterramagazine-it\/#primaryimage"},"thumbnailUrl":"https:\/\/progettotouring.it\/radiotouring104\/wp-content\/uploads\/sites\/6\/2026\/03\/Madreterra-magazine-Reggio.gif","keywords":["\"Madreterramagazine.it\"","Associazione Prometeus","Grigioverde","nuovo magazine digitale","presentazione a Reggio","Presidente Saverio Petitto"],"articleSection":["Home","News","Reggio Calabria"],"inLanguage":"it-IT"},{"@type":"WebPage","@id":"https:\/\/progettotouring.it\/radiotouring104\/2026\/03\/17\/reggio-presentato-il-nuovo-magazine-digitale-madreterramagazine-it\/","url":"https:\/\/progettotouring.it\/radiotouring104\/2026\/03\/17\/reggio-presentato-il-nuovo-magazine-digitale-madreterramagazine-it\/","name":"Reggio: presentato il nuovo magazine digitale \"Madreterramagazine.it\" - Radio Touring 104","isPartOf":{"@id":"https:\/\/progettotouring.it\/radiotouring104\/#website"},"primaryImageOfPage":{"@id":"https:\/\/progettotouring.it\/radiotouring104\/2026\/03\/17\/reggio-presentato-il-nuovo-magazine-digitale-madreterramagazine-it\/#primaryimage"},"image":{"@id":"https:\/\/progettotouring.it\/radiotouring104\/2026\/03\/17\/reggio-presentato-il-nuovo-magazine-digitale-madreterramagazine-it\/#primaryimage"},"thumbnailUrl":"https:\/\/progettotouring.it\/radiotouring104\/wp-content\/uploads\/sites\/6\/2026\/03\/Madreterra-magazine-Reggio.gif","datePublished":"2026-03-17T10:30:36+00:00","dateModified":"2026-03-17T11:52:46+00:00","description":"Il nuovo magazine digitale di Grigioverde e dell\u2019Associazione Prometeus dedicato alla Calabria, \u00e8 stato presentato a Reggio il 14 marzo\u00a0","breadcrumb":{"@id":"https:\/\/progettotouring.it\/radiotouring104\/2026\/03\/17\/reggio-presentato-il-nuovo-magazine-digitale-madreterramagazine-it\/#breadcrumb"},"inLanguage":"it-IT","potentialAction":[{"@type":"ReadAction","target":["https:\/\/progettotouring.it\/radiotouring104\/2026\/03\/17\/reggio-presentato-il-nuovo-magazine-digitale-madreterramagazine-it\/"]}]},{"@type":"ImageObject","inLanguage":"it-IT","@id":"https:\/\/progettotouring.it\/radiotouring104\/2026\/03\/17\/reggio-presentato-il-nuovo-magazine-digitale-madreterramagazine-it\/#primaryimage","url":"https:\/\/progettotouring.it\/radiotouring104\/wp-content\/uploads\/sites\/6\/2026\/03\/Madreterra-magazine-Reggio.gif","contentUrl":"https:\/\/progettotouring.it\/radiotouring104\/wp-content\/uploads\/sites\/6\/2026\/03\/Madreterra-magazine-Reggio.gif","width":318,"height":330},{"@type":"BreadcrumbList","@id":"https:\/\/progettotouring.it\/radiotouring104\/2026\/03\/17\/reggio-presentato-il-nuovo-magazine-digitale-madreterramagazine-it\/#breadcrumb","itemListElement":[{"@type":"ListItem","position":1,"name":"Home","item":"https:\/\/progettotouring.it\/radiotouring104\/"},{"@type":"ListItem","position":2,"name":"Reggio: presentato il nuovo magazine digitale &#8220;Madreterramagazine.it&#8221;"}]},{"@type":"WebSite","@id":"https:\/\/progettotouring.it\/radiotouring104\/#website","url":"https:\/\/progettotouring.it\/radiotouring104\/","name":"Radio Touring 104","description":"La prima radio Reggina","publisher":{"@id":"https:\/\/progettotouring.it\/radiotouring104\/#organization"},"potentialAction":[{"@type":"SearchAction","target":{"@type":"EntryPoint","urlTemplate":"https:\/\/progettotouring.it\/radiotouring104\/?s={search_term_string}"},"query-input":{"@type":"PropertyValueSpecification","valueRequired":true,"valueName":"search_term_string"}}],"inLanguage":"it-IT"},{"@type":"Organization","@id":"https:\/\/progettotouring.it\/radiotouring104\/#organization","name":"Radio Touring 104","url":"https:\/\/progettotouring.it\/radiotouring104\/","logo":{"@type":"ImageObject","inLanguage":"it-IT","@id":"https:\/\/progettotouring.it\/radiotouring104\/#\/schema\/logo\/image\/","url":"https:\/\/progettotouring.it\/radiotouring104\/wp-content\/uploads\/sites\/6\/2022\/02\/cropped-logo-radio-touring-104.png","contentUrl":"https:\/\/progettotouring.it\/radiotouring104\/wp-content\/uploads\/sites\/6\/2022\/02\/cropped-logo-radio-touring-104.png","width":377,"height":182,"caption":"Radio Touring 104"},"image":{"@id":"https:\/\/progettotouring.it\/radiotouring104\/#\/schema\/logo\/image\/"}},{"@type":"Person","@id":"https:\/\/progettotouring.it\/radiotouring104\/#\/schema\/person\/1b3eb3c07c47136bc44c785c543e635f","name":"redazione","image":{"@type":"ImageObject","inLanguage":"it-IT","@id":"https:\/\/secure.gravatar.com\/avatar\/0b31605b49f100769e8b624b3e05de1b73e1692e9568a352f60f53fd072e6e11?s=96&d=mm&r=g","url":"https:\/\/secure.gravatar.com\/avatar\/0b31605b49f100769e8b624b3e05de1b73e1692e9568a352f60f53fd072e6e11?s=96&d=mm&r=g","contentUrl":"https:\/\/secure.gravatar.com\/avatar\/0b31605b49f100769e8b624b3e05de1b73e1692e9568a352f60f53fd072e6e11?s=96&d=mm&r=g","caption":"redazione"},"url":"https:\/\/progettotouring.it\/radiotouring104\/author\/redazione\/"}]}},"jetpack_publicize_connections":[],"jetpack_featured_media_url":"https:\/\/progettotouring.it\/radiotouring104\/wp-content\/uploads\/sites\/6\/2026\/03\/Madreterra-magazine-Reggio.gif","jetpack_sharing_enabled":true,"_links":{"self":[{"href":"https:\/\/progettotouring.it\/radiotouring104\/wp-json\/wp\/v2\/posts\/92143","targetHints":{"allow":["GET"]}}],"collection":[{"href":"https:\/\/progettotouring.it\/radiotouring104\/wp-json\/wp\/v2\/posts"}],"about":[{"href":"https:\/\/progettotouring.it\/radiotouring104\/wp-json\/wp\/v2\/types\/post"}],"author":[{"embeddable":true,"href":"https:\/\/progettotouring.it\/radiotouring104\/wp-json\/wp\/v2\/users\/5"}],"replies":[{"embeddable":true,"href":"https:\/\/progettotouring.it\/radiotouring104\/wp-json\/wp\/v2\/comments?post=92143"}],"version-history":[{"count":1,"href":"https:\/\/progettotouring.it\/radiotouring104\/wp-json\/wp\/v2\/posts\/92143\/revisions"}],"predecessor-version":[{"id":92145,"href":"https:\/\/progettotouring.it\/radiotouring104\/wp-json\/wp\/v2\/posts\/92143\/revisions\/92145"}],"wp:featuredmedia":[{"embeddable":true,"href":"https:\/\/progettotouring.it\/radiotouring104\/wp-json\/wp\/v2\/media\/92144"}],"wp:attachment":[{"href":"https:\/\/progettotouring.it\/radiotouring104\/wp-json\/wp\/v2\/media?parent=92143"}],"wp:term":[{"taxonomy":"category","embeddable":true,"href":"https:\/\/progettotouring.it\/radiotouring104\/wp-json\/wp\/v2\/categories?post=92143"},{"taxonomy":"post_tag","embeddable":true,"href":"https:\/\/progettotouring.it\/radiotouring104\/wp-json\/wp\/v2\/tags?post=92143"}],"curies":[{"name":"wp","href":"https:\/\/api.w.org\/{rel}","templated":true}]}}