{"id":92147,"date":"2026-03-17T11:37:27","date_gmt":"2026-03-17T10:37:27","guid":{"rendered":"https:\/\/progettotouring.it\/radiotouring104\/?p=92147"},"modified":"2026-03-17T12:52:41","modified_gmt":"2026-03-17T11:52:41","slug":"la-domotek-volley-capolista-si-prepara-alla-finalissima-di-reggio-emilia","status":"publish","type":"post","link":"https:\/\/progettotouring.it\/radiotouring104\/2026\/03\/17\/la-domotek-volley-capolista-si-prepara-alla-finalissima-di-reggio-emilia\/","title":{"rendered":"La Domotek Volley Capolista si prepara alla finalissima di Reggio Emilia"},"content":{"rendered":"<p>Missione compiuta. La Domotek Volley ha centrato l&#8217;obiettivo del primo posto in classifica e ora si prepara alla finalissima contro la Conad Reggio Emilia, in programma gi\u00e0 da sabato alle ore 20.30 in terra emiliana. Il tecnico Antonio Polimeni, al termine della partita che ha consegnato il primato ai suoi ragazzi, ha analizzato a caldo una stagione fin qui straordinaria, tra orgoglio per il traguardo raggiunto e la consapevolezza che il bello deve ancora venire.<\/p>\n<p>&#8220;Operazione raggiunta, missione compiuta&#8221;, esordisce Polimeni, che non nasconde l&#8217;emozione per una lotta al vertice combattuta fino all&#8217;ultimo respiro. &#8220;\u00c8 stata una lotta bellissima&#8221;. Il riferimento \u00e8 alla tensione agonistica che ha accompagnato le ultime giornate, con due squadre che hanno letteralmente dominato la scena. &#8220;Castellana ha fatto un campionato strepitoso, pazzesco, come d&#8217;altronde l&#8217;abbiamo fatto noi. Arrivare a una giornata dalla fine a lottare per il primo posto in questa maniera \u00e8 incredibile. I ragazzi, dal canto nostro, se lo meritano: hanno fatto una stagione paurosa, con una linearit\u00e0 pazzesca da met\u00e0 girone d&#8217;andata in poi&#8221;.<\/p>\n<p>A fare da cornice, un PalaCalafiore infuocato. &#8220;Il miglior pubblico della stagione \u2013 lo incorona Polimeni \u2013 con la speranza di fare ancora meglio. C\u2019era un boato incredibile, tanta roba. Il pubblico reggino si \u00e8 entusiasmato e ha visto l&#8217;attaccamento alla maglia, l&#8217;abnegazione al lavoro, la professionalit\u00e0 di questi ragazzi. \u00c8 veramente qualcosa di incredibile, una favola sportiva vera&#8221;.<\/p>\n<p>L&#8217;entusiasmo, tuttavia, non \u00e8 legato solo ai risultati sul campo. La Domotek sta diventando un vero e proprio volano per l&#8217;intera citt\u00e0. &#8220;Questo weekend c&#8217;erano tutti i vertici della pallavolo regionale e anche personalit\u00e0 importantissime \u2013 racconta Polimeni \u2013 e tutti hanno detto che grazie alla Domotek sta cambiando la geografia pallavolistica regionale. C&#8217;\u00e8 gente \u201cimpazzita\u201d, un&#8217;atmosfera che non si vedeva probabilmente da tantissimo tempo a livello sportivo in questa citt\u00e0, non solo nella pallavolo&#8221;.<\/p>\n<p>Un successo che va oltre le previsioni pi\u00f9 ottimistiche. &#8220;Se tre anni fa, quando abbiamo iniziato, ci avessero detto che saremmo arrivati a questi traguardi, saremmo \u201ccaduti a letto\u201d. I successi di questa societ\u00e0 non sono solo sul campo, ma anche nell&#8217;impatto con la comunit\u00e0 reggina e con gli effetti che abbiamo prodotto in giro per l&#8217;Italia. Oggi c&#8217;erano anche i vertici di un nostro importante sponsor spagnolo, una nostra azienda multinazionale con sede all\u2019estero, che hanno preso l&#8217;aereo per venirci a trovare e farsi una foto con la coppa. \u00c8 un segnale importante: vuol dire che Reggio Calabria, come nel nostro slogan &#8216;In Italia e nel mondo&#8217;, sta muovendo situazioni che fanno gola a diverse aziende&#8221;.<\/p>\n<p>Ora, per\u00f2, la testa \u00e8 gi\u00e0 proiettata alla prossima sfida. Sabato sera si rinnova il confronto con Reggio Emilia, una corazzata che sulla carta parte favorita. Ma Polimeni non teme nessuno: &#8220;Siamo in finale, non puoi badare a chi ha pi\u00f9 punti o pi\u00f9 qualit\u00e0. Ci giochiamo le finali con la consapevolezza di avere quel quid in pi\u00f9 che ci ha permesso di andare oltre i fattori tecnici e vincere quando nessuno se lo aspettava&#8221;. L&#8217;imperativo, dunque, \u00e8 uno solo: &#8220;Volare basso con la mentalit\u00e0 della provinciale, del Sud che vuole continuare a scrivere questa favola sportiva&#8221;<\/p>\n","protected":false},"excerpt":{"rendered":"<p>Missione compiuta. La Domotek Volley ha centrato l&#8217;obiettivo del primo posto in classifica e ora si prepara alla finalissima contro la Conad Reggio Emilia, in programma gi\u00e0 da sabato alle&hellip;<\/p>\n","protected":false},"author":5,"featured_media":92148,"comment_status":"closed","ping_status":"open","sticky":false,"template":"","format":"standard","meta":{"_jetpack_memberships_contains_paid_content":false,"footnotes":"","jetpack_publicize_message":"","jetpack_publicize_feature_enabled":true,"jetpack_social_post_already_shared":true,"jetpack_social_options":{"image_generator_settings":{"template":"highway","default_image_id":0,"font":"","enabled":false},"version":2}},"categories":[196,140,144],"tags":[6266,26758,35098,27836,51920],"class_list":["post-92147","post","type-post","status-publish","format-standard","has-post-thumbnail","hentry","category-news","category-reggio-calabria","category-sport","tag-conad-reggio-emilia","tag-domotek-volley","tag-finalissima","tag-mister-polimeni","tag-ora-la-finalissima-ma-con-la-giusta-mentalita"],"yoast_head":"<!-- This site is optimized with the Yoast SEO plugin v27.2 - https:\/\/yoast.com\/product\/yoast-seo-wordpress\/ -->\n<title>Domotek, Polimeni: &quot;Ora Finalissima ma con giusta mentalit\u00e0&quot;<\/title>\n<meta name=\"description\" content=\"&quot;Ora la finalissima, ma con la giusta mentalit\u00e0&quot;, dichiara Mister Polimeni sul match clou contro la Conad, in programma da sabato, alle 20.30\" \/>\n<meta name=\"robots\" content=\"index, follow, max-snippet:-1, max-image-preview:large, max-video-preview:-1\" \/>\n<link rel=\"canonical\" href=\"https:\/\/progettotouring.it\/radiotouring104\/2026\/03\/17\/la-domotek-volley-capolista-si-prepara-alla-finalissima-di-reggio-emilia\/\" \/>\n<meta property=\"og:locale\" content=\"it_IT\" \/>\n<meta property=\"og:type\" content=\"article\" \/>\n<meta property=\"og:title\" content=\"Domotek, Polimeni: &quot;Ora Finalissima ma con giusta mentalit\u00e0&quot;\" \/>\n<meta property=\"og:description\" content=\"&quot;Ora la finalissima, ma con la giusta mentalit\u00e0&quot;, dichiara Mister Polimeni sul match clou contro la Conad, in programma da sabato, alle 20.30\" \/>\n<meta property=\"og:url\" content=\"https:\/\/progettotouring.it\/radiotouring104\/2026\/03\/17\/la-domotek-volley-capolista-si-prepara-alla-finalissima-di-reggio-emilia\/\" \/>\n<meta property=\"og:site_name\" content=\"Radio Touring 104\" \/>\n<meta property=\"article:published_time\" content=\"2026-03-17T10:37:27+00:00\" \/>\n<meta property=\"article:modified_time\" content=\"2026-03-17T11:52:41+00:00\" \/>\n<meta property=\"og:image\" content=\"https:\/\/progettotouring.it\/radiotouring104\/wp-content\/uploads\/sites\/6\/2026\/03\/Coach-Polimeni-Domotek-V.jpg\" \/>\n\t<meta property=\"og:image:width\" content=\"2048\" \/>\n\t<meta property=\"og:image:height\" content=\"1384\" \/>\n\t<meta property=\"og:image:type\" content=\"image\/jpeg\" \/>\n<meta name=\"author\" content=\"redazione\" \/>\n<meta name=\"twitter:card\" content=\"summary_large_image\" \/>\n<meta name=\"twitter:label1\" content=\"Scritto da\" \/>\n\t<meta name=\"twitter:data1\" content=\"redazione\" \/>\n\t<meta name=\"twitter:label2\" content=\"Tempo di lettura stimato\" \/>\n\t<meta name=\"twitter:data2\" content=\"3 minuti\" \/>\n<script type=\"application\/ld+json\" class=\"yoast-schema-graph\">{\"@context\":\"https:\/\/schema.org\",\"@graph\":[{\"@type\":\"Article\",\"@id\":\"https:\/\/progettotouring.it\/radiotouring104\/2026\/03\/17\/la-domotek-volley-capolista-si-prepara-alla-finalissima-di-reggio-emilia\/#article\",\"isPartOf\":{\"@id\":\"https:\/\/progettotouring.it\/radiotouring104\/2026\/03\/17\/la-domotek-volley-capolista-si-prepara-alla-finalissima-di-reggio-emilia\/\"},\"author\":{\"name\":\"redazione\",\"@id\":\"https:\/\/progettotouring.it\/radiotouring104\/#\/schema\/person\/1b3eb3c07c47136bc44c785c543e635f\"},\"headline\":\"La Domotek Volley Capolista si prepara alla finalissima di Reggio Emilia\",\"datePublished\":\"2026-03-17T10:37:27+00:00\",\"dateModified\":\"2026-03-17T11:52:41+00:00\",\"mainEntityOfPage\":{\"@id\":\"https:\/\/progettotouring.it\/radiotouring104\/2026\/03\/17\/la-domotek-volley-capolista-si-prepara-alla-finalissima-di-reggio-emilia\/\"},\"wordCount\":519,\"publisher\":{\"@id\":\"https:\/\/progettotouring.it\/radiotouring104\/#organization\"},\"image\":{\"@id\":\"https:\/\/progettotouring.it\/radiotouring104\/2026\/03\/17\/la-domotek-volley-capolista-si-prepara-alla-finalissima-di-reggio-emilia\/#primaryimage\"},\"thumbnailUrl\":\"https:\/\/progettotouring.it\/radiotouring104\/wp-content\/uploads\/sites\/6\/2026\/03\/Coach-Polimeni-Domotek-V.jpg\",\"keywords\":[\"conad reggio emilia\",\"Domotek Volley\",\"finalissima\",\"mister Polimeni\",\"ora la finalissima ma con la giusta mentalit\u00e0\"],\"articleSection\":[\"News\",\"Reggio Calabria\",\"Sport\"],\"inLanguage\":\"it-IT\"},{\"@type\":\"WebPage\",\"@id\":\"https:\/\/progettotouring.it\/radiotouring104\/2026\/03\/17\/la-domotek-volley-capolista-si-prepara-alla-finalissima-di-reggio-emilia\/\",\"url\":\"https:\/\/progettotouring.it\/radiotouring104\/2026\/03\/17\/la-domotek-volley-capolista-si-prepara-alla-finalissima-di-reggio-emilia\/\",\"name\":\"Domotek, Polimeni: \\\"Ora Finalissima ma con giusta mentalit\u00e0\\\"\",\"isPartOf\":{\"@id\":\"https:\/\/progettotouring.it\/radiotouring104\/#website\"},\"primaryImageOfPage\":{\"@id\":\"https:\/\/progettotouring.it\/radiotouring104\/2026\/03\/17\/la-domotek-volley-capolista-si-prepara-alla-finalissima-di-reggio-emilia\/#primaryimage\"},\"image\":{\"@id\":\"https:\/\/progettotouring.it\/radiotouring104\/2026\/03\/17\/la-domotek-volley-capolista-si-prepara-alla-finalissima-di-reggio-emilia\/#primaryimage\"},\"thumbnailUrl\":\"https:\/\/progettotouring.it\/radiotouring104\/wp-content\/uploads\/sites\/6\/2026\/03\/Coach-Polimeni-Domotek-V.jpg\",\"datePublished\":\"2026-03-17T10:37:27+00:00\",\"dateModified\":\"2026-03-17T11:52:41+00:00\",\"description\":\"\\\"Ora la finalissima, ma con la giusta mentalit\u00e0\\\", dichiara Mister Polimeni sul match clou contro la Conad, in programma da sabato, alle 20.30\",\"breadcrumb\":{\"@id\":\"https:\/\/progettotouring.it\/radiotouring104\/2026\/03\/17\/la-domotek-volley-capolista-si-prepara-alla-finalissima-di-reggio-emilia\/#breadcrumb\"},\"inLanguage\":\"it-IT\",\"potentialAction\":[{\"@type\":\"ReadAction\",\"target\":[\"https:\/\/progettotouring.it\/radiotouring104\/2026\/03\/17\/la-domotek-volley-capolista-si-prepara-alla-finalissima-di-reggio-emilia\/\"]}]},{\"@type\":\"ImageObject\",\"inLanguage\":\"it-IT\",\"@id\":\"https:\/\/progettotouring.it\/radiotouring104\/2026\/03\/17\/la-domotek-volley-capolista-si-prepara-alla-finalissima-di-reggio-emilia\/#primaryimage\",\"url\":\"https:\/\/progettotouring.it\/radiotouring104\/wp-content\/uploads\/sites\/6\/2026\/03\/Coach-Polimeni-Domotek-V.jpg\",\"contentUrl\":\"https:\/\/progettotouring.it\/radiotouring104\/wp-content\/uploads\/sites\/6\/2026\/03\/Coach-Polimeni-Domotek-V.jpg\",\"width\":2048,\"height\":1384},{\"@type\":\"BreadcrumbList\",\"@id\":\"https:\/\/progettotouring.it\/radiotouring104\/2026\/03\/17\/la-domotek-volley-capolista-si-prepara-alla-finalissima-di-reggio-emilia\/#breadcrumb\",\"itemListElement\":[{\"@type\":\"ListItem\",\"position\":1,\"name\":\"Home\",\"item\":\"https:\/\/progettotouring.it\/radiotouring104\/\"},{\"@type\":\"ListItem\",\"position\":2,\"name\":\"La Domotek Volley Capolista si prepara alla finalissima di Reggio Emilia\"}]},{\"@type\":\"WebSite\",\"@id\":\"https:\/\/progettotouring.it\/radiotouring104\/#website\",\"url\":\"https:\/\/progettotouring.it\/radiotouring104\/\",\"name\":\"Radio Touring 104\",\"description\":\"La prima radio Reggina\",\"publisher\":{\"@id\":\"https:\/\/progettotouring.it\/radiotouring104\/#organization\"},\"potentialAction\":[{\"@type\":\"SearchAction\",\"target\":{\"@type\":\"EntryPoint\",\"urlTemplate\":\"https:\/\/progettotouring.it\/radiotouring104\/?s={search_term_string}\"},\"query-input\":{\"@type\":\"PropertyValueSpecification\",\"valueRequired\":true,\"valueName\":\"search_term_string\"}}],\"inLanguage\":\"it-IT\"},{\"@type\":\"Organization\",\"@id\":\"https:\/\/progettotouring.it\/radiotouring104\/#organization\",\"name\":\"Radio Touring 104\",\"url\":\"https:\/\/progettotouring.it\/radiotouring104\/\",\"logo\":{\"@type\":\"ImageObject\",\"inLanguage\":\"it-IT\",\"@id\":\"https:\/\/progettotouring.it\/radiotouring104\/#\/schema\/logo\/image\/\",\"url\":\"https:\/\/progettotouring.it\/radiotouring104\/wp-content\/uploads\/sites\/6\/2022\/02\/cropped-logo-radio-touring-104.png\",\"contentUrl\":\"https:\/\/progettotouring.it\/radiotouring104\/wp-content\/uploads\/sites\/6\/2022\/02\/cropped-logo-radio-touring-104.png\",\"width\":377,\"height\":182,\"caption\":\"Radio Touring 104\"},\"image\":{\"@id\":\"https:\/\/progettotouring.it\/radiotouring104\/#\/schema\/logo\/image\/\"}},{\"@type\":\"Person\",\"@id\":\"https:\/\/progettotouring.it\/radiotouring104\/#\/schema\/person\/1b3eb3c07c47136bc44c785c543e635f\",\"name\":\"redazione\",\"image\":{\"@type\":\"ImageObject\",\"inLanguage\":\"it-IT\",\"@id\":\"https:\/\/secure.gravatar.com\/avatar\/0b31605b49f100769e8b624b3e05de1b73e1692e9568a352f60f53fd072e6e11?s=96&d=mm&r=g\",\"url\":\"https:\/\/secure.gravatar.com\/avatar\/0b31605b49f100769e8b624b3e05de1b73e1692e9568a352f60f53fd072e6e11?s=96&d=mm&r=g\",\"contentUrl\":\"https:\/\/secure.gravatar.com\/avatar\/0b31605b49f100769e8b624b3e05de1b73e1692e9568a352f60f53fd072e6e11?s=96&d=mm&r=g\",\"caption\":\"redazione\"},\"url\":\"https:\/\/progettotouring.it\/radiotouring104\/author\/redazione\/\"}]}<\/script>\n<!-- \/ Yoast SEO plugin. -->","yoast_head_json":{"title":"Domotek, Polimeni: \"Ora Finalissima ma con giusta mentalit\u00e0\"","description":"\"Ora la finalissima, ma con la giusta mentalit\u00e0\", dichiara Mister Polimeni sul match clou contro la Conad, in programma da sabato, alle 20.30","robots":{"index":"index","follow":"follow","max-snippet":"max-snippet:-1","max-image-preview":"max-image-preview:large","max-video-preview":"max-video-preview:-1"},"canonical":"https:\/\/progettotouring.it\/radiotouring104\/2026\/03\/17\/la-domotek-volley-capolista-si-prepara-alla-finalissima-di-reggio-emilia\/","og_locale":"it_IT","og_type":"article","og_title":"Domotek, Polimeni: \"Ora Finalissima ma con giusta mentalit\u00e0\"","og_description":"\"Ora la finalissima, ma con la giusta mentalit\u00e0\", dichiara Mister Polimeni sul match clou contro la Conad, in programma da sabato, alle 20.30","og_url":"https:\/\/progettotouring.it\/radiotouring104\/2026\/03\/17\/la-domotek-volley-capolista-si-prepara-alla-finalissima-di-reggio-emilia\/","og_site_name":"Radio Touring 104","article_published_time":"2026-03-17T10:37:27+00:00","article_modified_time":"2026-03-17T11:52:41+00:00","og_image":[{"width":2048,"height":1384,"url":"https:\/\/progettotouring.it\/radiotouring104\/wp-content\/uploads\/sites\/6\/2026\/03\/Coach-Polimeni-Domotek-V.jpg","type":"image\/jpeg"}],"author":"redazione","twitter_card":"summary_large_image","twitter_misc":{"Scritto da":"redazione","Tempo di lettura stimato":"3 minuti"},"schema":{"@context":"https:\/\/schema.org","@graph":[{"@type":"Article","@id":"https:\/\/progettotouring.it\/radiotouring104\/2026\/03\/17\/la-domotek-volley-capolista-si-prepara-alla-finalissima-di-reggio-emilia\/#article","isPartOf":{"@id":"https:\/\/progettotouring.it\/radiotouring104\/2026\/03\/17\/la-domotek-volley-capolista-si-prepara-alla-finalissima-di-reggio-emilia\/"},"author":{"name":"redazione","@id":"https:\/\/progettotouring.it\/radiotouring104\/#\/schema\/person\/1b3eb3c07c47136bc44c785c543e635f"},"headline":"La Domotek Volley Capolista si prepara alla finalissima di Reggio Emilia","datePublished":"2026-03-17T10:37:27+00:00","dateModified":"2026-03-17T11:52:41+00:00","mainEntityOfPage":{"@id":"https:\/\/progettotouring.it\/radiotouring104\/2026\/03\/17\/la-domotek-volley-capolista-si-prepara-alla-finalissima-di-reggio-emilia\/"},"wordCount":519,"publisher":{"@id":"https:\/\/progettotouring.it\/radiotouring104\/#organization"},"image":{"@id":"https:\/\/progettotouring.it\/radiotouring104\/2026\/03\/17\/la-domotek-volley-capolista-si-prepara-alla-finalissima-di-reggio-emilia\/#primaryimage"},"thumbnailUrl":"https:\/\/progettotouring.it\/radiotouring104\/wp-content\/uploads\/sites\/6\/2026\/03\/Coach-Polimeni-Domotek-V.jpg","keywords":["conad reggio emilia","Domotek Volley","finalissima","mister Polimeni","ora la finalissima ma con la giusta mentalit\u00e0"],"articleSection":["News","Reggio Calabria","Sport"],"inLanguage":"it-IT"},{"@type":"WebPage","@id":"https:\/\/progettotouring.it\/radiotouring104\/2026\/03\/17\/la-domotek-volley-capolista-si-prepara-alla-finalissima-di-reggio-emilia\/","url":"https:\/\/progettotouring.it\/radiotouring104\/2026\/03\/17\/la-domotek-volley-capolista-si-prepara-alla-finalissima-di-reggio-emilia\/","name":"Domotek, Polimeni: \"Ora Finalissima ma con giusta mentalit\u00e0\"","isPartOf":{"@id":"https:\/\/progettotouring.it\/radiotouring104\/#website"},"primaryImageOfPage":{"@id":"https:\/\/progettotouring.it\/radiotouring104\/2026\/03\/17\/la-domotek-volley-capolista-si-prepara-alla-finalissima-di-reggio-emilia\/#primaryimage"},"image":{"@id":"https:\/\/progettotouring.it\/radiotouring104\/2026\/03\/17\/la-domotek-volley-capolista-si-prepara-alla-finalissima-di-reggio-emilia\/#primaryimage"},"thumbnailUrl":"https:\/\/progettotouring.it\/radiotouring104\/wp-content\/uploads\/sites\/6\/2026\/03\/Coach-Polimeni-Domotek-V.jpg","datePublished":"2026-03-17T10:37:27+00:00","dateModified":"2026-03-17T11:52:41+00:00","description":"\"Ora la finalissima, ma con la giusta mentalit\u00e0\", dichiara Mister Polimeni sul match clou contro la Conad, in programma da sabato, alle 20.30","breadcrumb":{"@id":"https:\/\/progettotouring.it\/radiotouring104\/2026\/03\/17\/la-domotek-volley-capolista-si-prepara-alla-finalissima-di-reggio-emilia\/#breadcrumb"},"inLanguage":"it-IT","potentialAction":[{"@type":"ReadAction","target":["https:\/\/progettotouring.it\/radiotouring104\/2026\/03\/17\/la-domotek-volley-capolista-si-prepara-alla-finalissima-di-reggio-emilia\/"]}]},{"@type":"ImageObject","inLanguage":"it-IT","@id":"https:\/\/progettotouring.it\/radiotouring104\/2026\/03\/17\/la-domotek-volley-capolista-si-prepara-alla-finalissima-di-reggio-emilia\/#primaryimage","url":"https:\/\/progettotouring.it\/radiotouring104\/wp-content\/uploads\/sites\/6\/2026\/03\/Coach-Polimeni-Domotek-V.jpg","contentUrl":"https:\/\/progettotouring.it\/radiotouring104\/wp-content\/uploads\/sites\/6\/2026\/03\/Coach-Polimeni-Domotek-V.jpg","width":2048,"height":1384},{"@type":"BreadcrumbList","@id":"https:\/\/progettotouring.it\/radiotouring104\/2026\/03\/17\/la-domotek-volley-capolista-si-prepara-alla-finalissima-di-reggio-emilia\/#breadcrumb","itemListElement":[{"@type":"ListItem","position":1,"name":"Home","item":"https:\/\/progettotouring.it\/radiotouring104\/"},{"@type":"ListItem","position":2,"name":"La Domotek Volley Capolista si prepara alla finalissima di Reggio Emilia"}]},{"@type":"WebSite","@id":"https:\/\/progettotouring.it\/radiotouring104\/#website","url":"https:\/\/progettotouring.it\/radiotouring104\/","name":"Radio Touring 104","description":"La prima radio Reggina","publisher":{"@id":"https:\/\/progettotouring.it\/radiotouring104\/#organization"},"potentialAction":[{"@type":"SearchAction","target":{"@type":"EntryPoint","urlTemplate":"https:\/\/progettotouring.it\/radiotouring104\/?s={search_term_string}"},"query-input":{"@type":"PropertyValueSpecification","valueRequired":true,"valueName":"search_term_string"}}],"inLanguage":"it-IT"},{"@type":"Organization","@id":"https:\/\/progettotouring.it\/radiotouring104\/#organization","name":"Radio Touring 104","url":"https:\/\/progettotouring.it\/radiotouring104\/","logo":{"@type":"ImageObject","inLanguage":"it-IT","@id":"https:\/\/progettotouring.it\/radiotouring104\/#\/schema\/logo\/image\/","url":"https:\/\/progettotouring.it\/radiotouring104\/wp-content\/uploads\/sites\/6\/2022\/02\/cropped-logo-radio-touring-104.png","contentUrl":"https:\/\/progettotouring.it\/radiotouring104\/wp-content\/uploads\/sites\/6\/2022\/02\/cropped-logo-radio-touring-104.png","width":377,"height":182,"caption":"Radio Touring 104"},"image":{"@id":"https:\/\/progettotouring.it\/radiotouring104\/#\/schema\/logo\/image\/"}},{"@type":"Person","@id":"https:\/\/progettotouring.it\/radiotouring104\/#\/schema\/person\/1b3eb3c07c47136bc44c785c543e635f","name":"redazione","image":{"@type":"ImageObject","inLanguage":"it-IT","@id":"https:\/\/secure.gravatar.com\/avatar\/0b31605b49f100769e8b624b3e05de1b73e1692e9568a352f60f53fd072e6e11?s=96&d=mm&r=g","url":"https:\/\/secure.gravatar.com\/avatar\/0b31605b49f100769e8b624b3e05de1b73e1692e9568a352f60f53fd072e6e11?s=96&d=mm&r=g","contentUrl":"https:\/\/secure.gravatar.com\/avatar\/0b31605b49f100769e8b624b3e05de1b73e1692e9568a352f60f53fd072e6e11?s=96&d=mm&r=g","caption":"redazione"},"url":"https:\/\/progettotouring.it\/radiotouring104\/author\/redazione\/"}]}},"jetpack_publicize_connections":[],"jetpack_featured_media_url":"https:\/\/progettotouring.it\/radiotouring104\/wp-content\/uploads\/sites\/6\/2026\/03\/Coach-Polimeni-Domotek-V.jpg","jetpack_sharing_enabled":true,"_links":{"self":[{"href":"https:\/\/progettotouring.it\/radiotouring104\/wp-json\/wp\/v2\/posts\/92147","targetHints":{"allow":["GET"]}}],"collection":[{"href":"https:\/\/progettotouring.it\/radiotouring104\/wp-json\/wp\/v2\/posts"}],"about":[{"href":"https:\/\/progettotouring.it\/radiotouring104\/wp-json\/wp\/v2\/types\/post"}],"author":[{"embeddable":true,"href":"https:\/\/progettotouring.it\/radiotouring104\/wp-json\/wp\/v2\/users\/5"}],"replies":[{"embeddable":true,"href":"https:\/\/progettotouring.it\/radiotouring104\/wp-json\/wp\/v2\/comments?post=92147"}],"version-history":[{"count":1,"href":"https:\/\/progettotouring.it\/radiotouring104\/wp-json\/wp\/v2\/posts\/92147\/revisions"}],"predecessor-version":[{"id":92149,"href":"https:\/\/progettotouring.it\/radiotouring104\/wp-json\/wp\/v2\/posts\/92147\/revisions\/92149"}],"wp:featuredmedia":[{"embeddable":true,"href":"https:\/\/progettotouring.it\/radiotouring104\/wp-json\/wp\/v2\/media\/92148"}],"wp:attachment":[{"href":"https:\/\/progettotouring.it\/radiotouring104\/wp-json\/wp\/v2\/media?parent=92147"}],"wp:term":[{"taxonomy":"category","embeddable":true,"href":"https:\/\/progettotouring.it\/radiotouring104\/wp-json\/wp\/v2\/categories?post=92147"},{"taxonomy":"post_tag","embeddable":true,"href":"https:\/\/progettotouring.it\/radiotouring104\/wp-json\/wp\/v2\/tags?post=92147"}],"curies":[{"name":"wp","href":"https:\/\/api.w.org\/{rel}","templated":true}]}}