{"id":92160,"date":"2026-03-17T12:06:58","date_gmt":"2026-03-17T11:06:58","guid":{"rendered":"https:\/\/progettotouring.it\/radiotouring104\/?p=92160"},"modified":"2026-03-17T12:52:21","modified_gmt":"2026-03-17T11:52:21","slug":"storia-di-galliciano-a-rischio-nucera-lancia-lallarme-insieme-ai-residenti-del-borgo","status":"publish","type":"post","link":"https:\/\/progettotouring.it\/radiotouring104\/2026\/03\/17\/storia-di-galliciano-a-rischio-nucera-lancia-lallarme-insieme-ai-residenti-del-borgo\/","title":{"rendered":"\u201cStoria di Gallician\u00f2 a rischio\u201d: Nucera lancia l&#8217;allarme insieme ai residenti del borgo"},"content":{"rendered":"<p>Il presidente del movimento \u201cLa Calabria che vogliamo\u201d, Giuseppe Nucera, ha lanciato un forte allarme insieme ai residenti del borgo di Gallician\u00f2 riguardo alle ipotesi avanzate dalla Soprintendenza che rischiano di compromettere l\u2019identit\u00e0 e la storia del piccolo e prezioso comune reggino.<\/p>\n<p>In occasione di un incontro con il Commissario Prefettizio del Comune di Condofuri, Maria Laura Tortorella, a Gallician\u00f2, \u00e8 emerso un disappunto unanime dei cittadini per la proposta dei tecnici della Soprintendenza che prevede l\u2019imposizione di vincoli su aspetti rilevanti delle costruzioni tipiche del borgo, come le facciate, il materiale utilizzato e la conformazione architettonica.<\/p>\n<p>Le proposte avanzate indicano la necessit\u00e0 di utilizzare cemento e malta per le nuove costruzioni, una soluzione che stride con la tradizione e la storia secolare del borgo.<\/p>\n<p>Giuseppe Nucera ha cos\u00ec commentato: \u201cGallician\u00f2 \u00e8 un gioiello che custodisce la memoria della Magna Grecia. Non mi riferisco soltanto alla lingua che ancora oggi si parla, ma alla storia, alla cultura e all\u2019identit\u00e0 che rappresenta. \u00c8 un patrimonio inestimabile da preservare.<\/p>\n<p>Le ipotesi avanzate dalla Soprintendenza, se attuate, rischiano di distruggere questa storia. Non possiamo accettare che l\u2019anima del nostro borgo venga messa a rischio con la standardizzazione di edifici che non hanno nulla a che fare con la nostra tradizione. La Soprintendenza deve ascoltare le istanze della comunit\u00e0.\u201d<\/p>\n<p>Durante l\u2019incontro, Nucera ha avuto modo di accompagnare il Commissario Tortorella per le vie del borgo, evidenziando le criticit\u00e0 relative alla viabilit\u00e0, ma anche le straordinarie peculiarit\u00e0 di un luogo che resiste al tempo. \u201cHo gi\u00e0 proposto alla Dott.ssa Tortorella \u2013 ha continuato Nucera \u2013 di partecipare a un bando che potrebbe portare 50 mila euro per il miglioramento delle condizioni di Gallician\u00f2. Un\u2019occasione che \u00e8 stata colta e che spero avr\u00e0 un esito positivo\u201d.<\/p>\n<p>L\u2019incontro che si terr\u00e0 domani, 17 marzo 2026, alle ore 16:00 presso l\u2019Auditorium Comunale di Condofuri Marina, sar\u00e0 un momento di confronto fondamentale per la comunit\u00e0 e le istituzioni.<\/p>\n<p>Durante l\u2019evento, che vedr\u00e0 la partecipazione di cittadini e rappresentanti locali, si discuter\u00e0 proprio delle problematiche legate alle proposte della Soprintendenza, con particolare attenzione alla salvaguardia dell\u2019identit\u00e0 storica e culturale di Gallician\u00f2. I residenti ribadiranno la loro posizione riguardo all\u2019impossibilit\u00e0 di accettare vincoli che possano compromettere la bellezza e l\u2019autenticit\u00e0 del borgo.<\/p>\n<p>&#8220;Gallician\u00f2 deve conservare a tutti i costi la sua identit\u00e0. Il mio intento \u2013 ha concluso Nucera \u2013 \u00e8 quello di mettere a disposizione del territorio la mia esperienza di imprenditore, come gi\u00e0 fatto in passato con il finanziamento per la realizzazione del mosaico raffigurante la Madonna Nicopeia e San Gerasimo del Tuccio, per dare segnali concreti di attaccamento alla nostra terra&#8221;.<\/p>\n","protected":false},"excerpt":{"rendered":"<p>Il presidente del movimento \u201cLa Calabria che vogliamo\u201d, Giuseppe Nucera, ha lanciato un forte allarme insieme ai residenti del borgo di Gallician\u00f2 riguardo alle ipotesi avanzate dalla Soprintendenza che rischiano&hellip;<\/p>\n","protected":false},"author":5,"featured_media":92161,"comment_status":"closed","ping_status":"open","sticky":false,"template":"","format":"standard","meta":{"_jetpack_memberships_contains_paid_content":false,"footnotes":"","jetpack_publicize_message":"","jetpack_publicize_feature_enabled":true,"jetpack_social_post_already_shared":true,"jetpack_social_options":{"image_generator_settings":{"template":"highway","default_image_id":0,"font":"","enabled":false},"version":2}},"categories":[921,196,140],"tags":[5219,8130,51930,9794,51929,51931,51928],"class_list":["post-92160","post","type-post","status-publish","format-standard","has-post-thumbnail","hentry","category-home","category-news","category-reggio-calabria","tag-allarme","tag-giuseppe-nucera","tag-ipotesi-soprirntendenza","tag-la-calabria-che-vogliamo","tag-residenti-del-borgo","tag-rischio-cancellazione-storia-borgo","tag-storia-di-galliciano-a-rischio"],"yoast_head":"<!-- This site is optimized with the Yoast SEO plugin v27.2 - https:\/\/yoast.com\/product\/yoast-seo-wordpress\/ -->\n<title>\u201cStoria di Gallician\u00f2 a rischio\u201d: Nucera lancia l&#039;allarme insieme ai residenti del borgo - Radio Touring 104<\/title>\n<meta name=\"description\" content=\"Il Presidente de &quot;La Calabria che vogliamo&quot; lancia allarme sulle ipotesi della Soprintendenza che rischiano di cancellare la storia del borgo\" \/>\n<meta name=\"robots\" content=\"index, follow, max-snippet:-1, max-image-preview:large, max-video-preview:-1\" \/>\n<link rel=\"canonical\" href=\"https:\/\/progettotouring.it\/radiotouring104\/2026\/03\/17\/storia-di-galliciano-a-rischio-nucera-lancia-lallarme-insieme-ai-residenti-del-borgo\/\" \/>\n<meta property=\"og:locale\" content=\"it_IT\" \/>\n<meta property=\"og:type\" content=\"article\" \/>\n<meta property=\"og:title\" content=\"\u201cStoria di Gallician\u00f2 a rischio\u201d: Nucera lancia l&#039;allarme insieme ai residenti del borgo - Radio Touring 104\" \/>\n<meta property=\"og:description\" content=\"Il Presidente de &quot;La Calabria che vogliamo&quot; lancia allarme sulle ipotesi della Soprintendenza che rischiano di cancellare la storia del borgo\" \/>\n<meta property=\"og:url\" content=\"https:\/\/progettotouring.it\/radiotouring104\/2026\/03\/17\/storia-di-galliciano-a-rischio-nucera-lancia-lallarme-insieme-ai-residenti-del-borgo\/\" \/>\n<meta property=\"og:site_name\" content=\"Radio Touring 104\" \/>\n<meta property=\"article:published_time\" content=\"2026-03-17T11:06:58+00:00\" \/>\n<meta property=\"article:modified_time\" content=\"2026-03-17T11:52:21+00:00\" \/>\n<meta property=\"og:image\" content=\"https:\/\/progettotouring.it\/radiotouring104\/wp-content\/uploads\/sites\/6\/2026\/03\/nucera-tortorella-Galliciano.jpg\" \/>\n\t<meta property=\"og:image:width\" content=\"2040\" \/>\n\t<meta property=\"og:image:height\" content=\"942\" \/>\n\t<meta property=\"og:image:type\" content=\"image\/jpeg\" \/>\n<meta name=\"author\" content=\"redazione\" \/>\n<meta name=\"twitter:card\" content=\"summary_large_image\" \/>\n<meta name=\"twitter:label1\" content=\"Scritto da\" \/>\n\t<meta name=\"twitter:data1\" content=\"redazione\" \/>\n\t<meta name=\"twitter:label2\" content=\"Tempo di lettura stimato\" \/>\n\t<meta name=\"twitter:data2\" content=\"2 minuti\" \/>\n<script type=\"application\/ld+json\" class=\"yoast-schema-graph\">{\"@context\":\"https:\/\/schema.org\",\"@graph\":[{\"@type\":\"Article\",\"@id\":\"https:\/\/progettotouring.it\/radiotouring104\/2026\/03\/17\/storia-di-galliciano-a-rischio-nucera-lancia-lallarme-insieme-ai-residenti-del-borgo\/#article\",\"isPartOf\":{\"@id\":\"https:\/\/progettotouring.it\/radiotouring104\/2026\/03\/17\/storia-di-galliciano-a-rischio-nucera-lancia-lallarme-insieme-ai-residenti-del-borgo\/\"},\"author\":{\"name\":\"redazione\",\"@id\":\"https:\/\/progettotouring.it\/radiotouring104\/#\/schema\/person\/1b3eb3c07c47136bc44c785c543e635f\"},\"headline\":\"\u201cStoria di Gallician\u00f2 a rischio\u201d: Nucera lancia l&#8217;allarme insieme ai residenti del borgo\",\"datePublished\":\"2026-03-17T11:06:58+00:00\",\"dateModified\":\"2026-03-17T11:52:21+00:00\",\"mainEntityOfPage\":{\"@id\":\"https:\/\/progettotouring.it\/radiotouring104\/2026\/03\/17\/storia-di-galliciano-a-rischio-nucera-lancia-lallarme-insieme-ai-residenti-del-borgo\/\"},\"wordCount\":446,\"publisher\":{\"@id\":\"https:\/\/progettotouring.it\/radiotouring104\/#organization\"},\"image\":{\"@id\":\"https:\/\/progettotouring.it\/radiotouring104\/2026\/03\/17\/storia-di-galliciano-a-rischio-nucera-lancia-lallarme-insieme-ai-residenti-del-borgo\/#primaryimage\"},\"thumbnailUrl\":\"https:\/\/progettotouring.it\/radiotouring104\/wp-content\/uploads\/sites\/6\/2026\/03\/nucera-tortorella-Galliciano.jpg\",\"keywords\":[\"allarme\",\"Giuseppe Nucera\",\"ipotesi soprirntendenza\",\"La Calabria che vogliamo\",\"residenti del borgo\",\"rischio cancellazione storia borgo\",\"Storia di Gallician\u00f2 a rischio\"],\"articleSection\":[\"Home\",\"News\",\"Reggio Calabria\"],\"inLanguage\":\"it-IT\"},{\"@type\":\"WebPage\",\"@id\":\"https:\/\/progettotouring.it\/radiotouring104\/2026\/03\/17\/storia-di-galliciano-a-rischio-nucera-lancia-lallarme-insieme-ai-residenti-del-borgo\/\",\"url\":\"https:\/\/progettotouring.it\/radiotouring104\/2026\/03\/17\/storia-di-galliciano-a-rischio-nucera-lancia-lallarme-insieme-ai-residenti-del-borgo\/\",\"name\":\"\u201cStoria di Gallician\u00f2 a rischio\u201d: Nucera lancia l'allarme insieme ai residenti del borgo - Radio Touring 104\",\"isPartOf\":{\"@id\":\"https:\/\/progettotouring.it\/radiotouring104\/#website\"},\"primaryImageOfPage\":{\"@id\":\"https:\/\/progettotouring.it\/radiotouring104\/2026\/03\/17\/storia-di-galliciano-a-rischio-nucera-lancia-lallarme-insieme-ai-residenti-del-borgo\/#primaryimage\"},\"image\":{\"@id\":\"https:\/\/progettotouring.it\/radiotouring104\/2026\/03\/17\/storia-di-galliciano-a-rischio-nucera-lancia-lallarme-insieme-ai-residenti-del-borgo\/#primaryimage\"},\"thumbnailUrl\":\"https:\/\/progettotouring.it\/radiotouring104\/wp-content\/uploads\/sites\/6\/2026\/03\/nucera-tortorella-Galliciano.jpg\",\"datePublished\":\"2026-03-17T11:06:58+00:00\",\"dateModified\":\"2026-03-17T11:52:21+00:00\",\"description\":\"Il Presidente de \\\"La Calabria che vogliamo\\\" lancia allarme sulle ipotesi della Soprintendenza che rischiano di cancellare la storia del borgo\",\"breadcrumb\":{\"@id\":\"https:\/\/progettotouring.it\/radiotouring104\/2026\/03\/17\/storia-di-galliciano-a-rischio-nucera-lancia-lallarme-insieme-ai-residenti-del-borgo\/#breadcrumb\"},\"inLanguage\":\"it-IT\",\"potentialAction\":[{\"@type\":\"ReadAction\",\"target\":[\"https:\/\/progettotouring.it\/radiotouring104\/2026\/03\/17\/storia-di-galliciano-a-rischio-nucera-lancia-lallarme-insieme-ai-residenti-del-borgo\/\"]}]},{\"@type\":\"ImageObject\",\"inLanguage\":\"it-IT\",\"@id\":\"https:\/\/progettotouring.it\/radiotouring104\/2026\/03\/17\/storia-di-galliciano-a-rischio-nucera-lancia-lallarme-insieme-ai-residenti-del-borgo\/#primaryimage\",\"url\":\"https:\/\/progettotouring.it\/radiotouring104\/wp-content\/uploads\/sites\/6\/2026\/03\/nucera-tortorella-Galliciano.jpg\",\"contentUrl\":\"https:\/\/progettotouring.it\/radiotouring104\/wp-content\/uploads\/sites\/6\/2026\/03\/nucera-tortorella-Galliciano.jpg\",\"width\":2040,\"height\":942},{\"@type\":\"BreadcrumbList\",\"@id\":\"https:\/\/progettotouring.it\/radiotouring104\/2026\/03\/17\/storia-di-galliciano-a-rischio-nucera-lancia-lallarme-insieme-ai-residenti-del-borgo\/#breadcrumb\",\"itemListElement\":[{\"@type\":\"ListItem\",\"position\":1,\"name\":\"Home\",\"item\":\"https:\/\/progettotouring.it\/radiotouring104\/\"},{\"@type\":\"ListItem\",\"position\":2,\"name\":\"\u201cStoria di Gallician\u00f2 a rischio\u201d: Nucera lancia l&#8217;allarme insieme ai residenti del borgo\"}]},{\"@type\":\"WebSite\",\"@id\":\"https:\/\/progettotouring.it\/radiotouring104\/#website\",\"url\":\"https:\/\/progettotouring.it\/radiotouring104\/\",\"name\":\"Radio Touring 104\",\"description\":\"La prima radio Reggina\",\"publisher\":{\"@id\":\"https:\/\/progettotouring.it\/radiotouring104\/#organization\"},\"potentialAction\":[{\"@type\":\"SearchAction\",\"target\":{\"@type\":\"EntryPoint\",\"urlTemplate\":\"https:\/\/progettotouring.it\/radiotouring104\/?s={search_term_string}\"},\"query-input\":{\"@type\":\"PropertyValueSpecification\",\"valueRequired\":true,\"valueName\":\"search_term_string\"}}],\"inLanguage\":\"it-IT\"},{\"@type\":\"Organization\",\"@id\":\"https:\/\/progettotouring.it\/radiotouring104\/#organization\",\"name\":\"Radio Touring 104\",\"url\":\"https:\/\/progettotouring.it\/radiotouring104\/\",\"logo\":{\"@type\":\"ImageObject\",\"inLanguage\":\"it-IT\",\"@id\":\"https:\/\/progettotouring.it\/radiotouring104\/#\/schema\/logo\/image\/\",\"url\":\"https:\/\/progettotouring.it\/radiotouring104\/wp-content\/uploads\/sites\/6\/2022\/02\/cropped-logo-radio-touring-104.png\",\"contentUrl\":\"https:\/\/progettotouring.it\/radiotouring104\/wp-content\/uploads\/sites\/6\/2022\/02\/cropped-logo-radio-touring-104.png\",\"width\":377,\"height\":182,\"caption\":\"Radio Touring 104\"},\"image\":{\"@id\":\"https:\/\/progettotouring.it\/radiotouring104\/#\/schema\/logo\/image\/\"}},{\"@type\":\"Person\",\"@id\":\"https:\/\/progettotouring.it\/radiotouring104\/#\/schema\/person\/1b3eb3c07c47136bc44c785c543e635f\",\"name\":\"redazione\",\"image\":{\"@type\":\"ImageObject\",\"inLanguage\":\"it-IT\",\"@id\":\"https:\/\/secure.gravatar.com\/avatar\/0b31605b49f100769e8b624b3e05de1b73e1692e9568a352f60f53fd072e6e11?s=96&d=mm&r=g\",\"url\":\"https:\/\/secure.gravatar.com\/avatar\/0b31605b49f100769e8b624b3e05de1b73e1692e9568a352f60f53fd072e6e11?s=96&d=mm&r=g\",\"contentUrl\":\"https:\/\/secure.gravatar.com\/avatar\/0b31605b49f100769e8b624b3e05de1b73e1692e9568a352f60f53fd072e6e11?s=96&d=mm&r=g\",\"caption\":\"redazione\"},\"url\":\"https:\/\/progettotouring.it\/radiotouring104\/author\/redazione\/\"}]}<\/script>\n<!-- \/ Yoast SEO plugin. -->","yoast_head_json":{"title":"\u201cStoria di Gallician\u00f2 a rischio\u201d: Nucera lancia l'allarme insieme ai residenti del borgo - Radio Touring 104","description":"Il Presidente de \"La Calabria che vogliamo\" lancia allarme sulle ipotesi della Soprintendenza che rischiano di cancellare la storia del borgo","robots":{"index":"index","follow":"follow","max-snippet":"max-snippet:-1","max-image-preview":"max-image-preview:large","max-video-preview":"max-video-preview:-1"},"canonical":"https:\/\/progettotouring.it\/radiotouring104\/2026\/03\/17\/storia-di-galliciano-a-rischio-nucera-lancia-lallarme-insieme-ai-residenti-del-borgo\/","og_locale":"it_IT","og_type":"article","og_title":"\u201cStoria di Gallician\u00f2 a rischio\u201d: Nucera lancia l'allarme insieme ai residenti del borgo - Radio Touring 104","og_description":"Il Presidente de \"La Calabria che vogliamo\" lancia allarme sulle ipotesi della Soprintendenza che rischiano di cancellare la storia del borgo","og_url":"https:\/\/progettotouring.it\/radiotouring104\/2026\/03\/17\/storia-di-galliciano-a-rischio-nucera-lancia-lallarme-insieme-ai-residenti-del-borgo\/","og_site_name":"Radio Touring 104","article_published_time":"2026-03-17T11:06:58+00:00","article_modified_time":"2026-03-17T11:52:21+00:00","og_image":[{"width":2040,"height":942,"url":"https:\/\/progettotouring.it\/radiotouring104\/wp-content\/uploads\/sites\/6\/2026\/03\/nucera-tortorella-Galliciano.jpg","type":"image\/jpeg"}],"author":"redazione","twitter_card":"summary_large_image","twitter_misc":{"Scritto da":"redazione","Tempo di lettura stimato":"2 minuti"},"schema":{"@context":"https:\/\/schema.org","@graph":[{"@type":"Article","@id":"https:\/\/progettotouring.it\/radiotouring104\/2026\/03\/17\/storia-di-galliciano-a-rischio-nucera-lancia-lallarme-insieme-ai-residenti-del-borgo\/#article","isPartOf":{"@id":"https:\/\/progettotouring.it\/radiotouring104\/2026\/03\/17\/storia-di-galliciano-a-rischio-nucera-lancia-lallarme-insieme-ai-residenti-del-borgo\/"},"author":{"name":"redazione","@id":"https:\/\/progettotouring.it\/radiotouring104\/#\/schema\/person\/1b3eb3c07c47136bc44c785c543e635f"},"headline":"\u201cStoria di Gallician\u00f2 a rischio\u201d: Nucera lancia l&#8217;allarme insieme ai residenti del borgo","datePublished":"2026-03-17T11:06:58+00:00","dateModified":"2026-03-17T11:52:21+00:00","mainEntityOfPage":{"@id":"https:\/\/progettotouring.it\/radiotouring104\/2026\/03\/17\/storia-di-galliciano-a-rischio-nucera-lancia-lallarme-insieme-ai-residenti-del-borgo\/"},"wordCount":446,"publisher":{"@id":"https:\/\/progettotouring.it\/radiotouring104\/#organization"},"image":{"@id":"https:\/\/progettotouring.it\/radiotouring104\/2026\/03\/17\/storia-di-galliciano-a-rischio-nucera-lancia-lallarme-insieme-ai-residenti-del-borgo\/#primaryimage"},"thumbnailUrl":"https:\/\/progettotouring.it\/radiotouring104\/wp-content\/uploads\/sites\/6\/2026\/03\/nucera-tortorella-Galliciano.jpg","keywords":["allarme","Giuseppe Nucera","ipotesi soprirntendenza","La Calabria che vogliamo","residenti del borgo","rischio cancellazione storia borgo","Storia di Gallician\u00f2 a rischio"],"articleSection":["Home","News","Reggio Calabria"],"inLanguage":"it-IT"},{"@type":"WebPage","@id":"https:\/\/progettotouring.it\/radiotouring104\/2026\/03\/17\/storia-di-galliciano-a-rischio-nucera-lancia-lallarme-insieme-ai-residenti-del-borgo\/","url":"https:\/\/progettotouring.it\/radiotouring104\/2026\/03\/17\/storia-di-galliciano-a-rischio-nucera-lancia-lallarme-insieme-ai-residenti-del-borgo\/","name":"\u201cStoria di Gallician\u00f2 a rischio\u201d: Nucera lancia l'allarme insieme ai residenti del borgo - Radio Touring 104","isPartOf":{"@id":"https:\/\/progettotouring.it\/radiotouring104\/#website"},"primaryImageOfPage":{"@id":"https:\/\/progettotouring.it\/radiotouring104\/2026\/03\/17\/storia-di-galliciano-a-rischio-nucera-lancia-lallarme-insieme-ai-residenti-del-borgo\/#primaryimage"},"image":{"@id":"https:\/\/progettotouring.it\/radiotouring104\/2026\/03\/17\/storia-di-galliciano-a-rischio-nucera-lancia-lallarme-insieme-ai-residenti-del-borgo\/#primaryimage"},"thumbnailUrl":"https:\/\/progettotouring.it\/radiotouring104\/wp-content\/uploads\/sites\/6\/2026\/03\/nucera-tortorella-Galliciano.jpg","datePublished":"2026-03-17T11:06:58+00:00","dateModified":"2026-03-17T11:52:21+00:00","description":"Il Presidente de \"La Calabria che vogliamo\" lancia allarme sulle ipotesi della Soprintendenza che rischiano di cancellare la storia del borgo","breadcrumb":{"@id":"https:\/\/progettotouring.it\/radiotouring104\/2026\/03\/17\/storia-di-galliciano-a-rischio-nucera-lancia-lallarme-insieme-ai-residenti-del-borgo\/#breadcrumb"},"inLanguage":"it-IT","potentialAction":[{"@type":"ReadAction","target":["https:\/\/progettotouring.it\/radiotouring104\/2026\/03\/17\/storia-di-galliciano-a-rischio-nucera-lancia-lallarme-insieme-ai-residenti-del-borgo\/"]}]},{"@type":"ImageObject","inLanguage":"it-IT","@id":"https:\/\/progettotouring.it\/radiotouring104\/2026\/03\/17\/storia-di-galliciano-a-rischio-nucera-lancia-lallarme-insieme-ai-residenti-del-borgo\/#primaryimage","url":"https:\/\/progettotouring.it\/radiotouring104\/wp-content\/uploads\/sites\/6\/2026\/03\/nucera-tortorella-Galliciano.jpg","contentUrl":"https:\/\/progettotouring.it\/radiotouring104\/wp-content\/uploads\/sites\/6\/2026\/03\/nucera-tortorella-Galliciano.jpg","width":2040,"height":942},{"@type":"BreadcrumbList","@id":"https:\/\/progettotouring.it\/radiotouring104\/2026\/03\/17\/storia-di-galliciano-a-rischio-nucera-lancia-lallarme-insieme-ai-residenti-del-borgo\/#breadcrumb","itemListElement":[{"@type":"ListItem","position":1,"name":"Home","item":"https:\/\/progettotouring.it\/radiotouring104\/"},{"@type":"ListItem","position":2,"name":"\u201cStoria di Gallician\u00f2 a rischio\u201d: Nucera lancia l&#8217;allarme insieme ai residenti del borgo"}]},{"@type":"WebSite","@id":"https:\/\/progettotouring.it\/radiotouring104\/#website","url":"https:\/\/progettotouring.it\/radiotouring104\/","name":"Radio Touring 104","description":"La prima radio Reggina","publisher":{"@id":"https:\/\/progettotouring.it\/radiotouring104\/#organization"},"potentialAction":[{"@type":"SearchAction","target":{"@type":"EntryPoint","urlTemplate":"https:\/\/progettotouring.it\/radiotouring104\/?s={search_term_string}"},"query-input":{"@type":"PropertyValueSpecification","valueRequired":true,"valueName":"search_term_string"}}],"inLanguage":"it-IT"},{"@type":"Organization","@id":"https:\/\/progettotouring.it\/radiotouring104\/#organization","name":"Radio Touring 104","url":"https:\/\/progettotouring.it\/radiotouring104\/","logo":{"@type":"ImageObject","inLanguage":"it-IT","@id":"https:\/\/progettotouring.it\/radiotouring104\/#\/schema\/logo\/image\/","url":"https:\/\/progettotouring.it\/radiotouring104\/wp-content\/uploads\/sites\/6\/2022\/02\/cropped-logo-radio-touring-104.png","contentUrl":"https:\/\/progettotouring.it\/radiotouring104\/wp-content\/uploads\/sites\/6\/2022\/02\/cropped-logo-radio-touring-104.png","width":377,"height":182,"caption":"Radio Touring 104"},"image":{"@id":"https:\/\/progettotouring.it\/radiotouring104\/#\/schema\/logo\/image\/"}},{"@type":"Person","@id":"https:\/\/progettotouring.it\/radiotouring104\/#\/schema\/person\/1b3eb3c07c47136bc44c785c543e635f","name":"redazione","image":{"@type":"ImageObject","inLanguage":"it-IT","@id":"https:\/\/secure.gravatar.com\/avatar\/0b31605b49f100769e8b624b3e05de1b73e1692e9568a352f60f53fd072e6e11?s=96&d=mm&r=g","url":"https:\/\/secure.gravatar.com\/avatar\/0b31605b49f100769e8b624b3e05de1b73e1692e9568a352f60f53fd072e6e11?s=96&d=mm&r=g","contentUrl":"https:\/\/secure.gravatar.com\/avatar\/0b31605b49f100769e8b624b3e05de1b73e1692e9568a352f60f53fd072e6e11?s=96&d=mm&r=g","caption":"redazione"},"url":"https:\/\/progettotouring.it\/radiotouring104\/author\/redazione\/"}]}},"jetpack_publicize_connections":[],"jetpack_featured_media_url":"https:\/\/progettotouring.it\/radiotouring104\/wp-content\/uploads\/sites\/6\/2026\/03\/nucera-tortorella-Galliciano.jpg","jetpack_sharing_enabled":true,"_links":{"self":[{"href":"https:\/\/progettotouring.it\/radiotouring104\/wp-json\/wp\/v2\/posts\/92160","targetHints":{"allow":["GET"]}}],"collection":[{"href":"https:\/\/progettotouring.it\/radiotouring104\/wp-json\/wp\/v2\/posts"}],"about":[{"href":"https:\/\/progettotouring.it\/radiotouring104\/wp-json\/wp\/v2\/types\/post"}],"author":[{"embeddable":true,"href":"https:\/\/progettotouring.it\/radiotouring104\/wp-json\/wp\/v2\/users\/5"}],"replies":[{"embeddable":true,"href":"https:\/\/progettotouring.it\/radiotouring104\/wp-json\/wp\/v2\/comments?post=92160"}],"version-history":[{"count":1,"href":"https:\/\/progettotouring.it\/radiotouring104\/wp-json\/wp\/v2\/posts\/92160\/revisions"}],"predecessor-version":[{"id":92162,"href":"https:\/\/progettotouring.it\/radiotouring104\/wp-json\/wp\/v2\/posts\/92160\/revisions\/92162"}],"wp:featuredmedia":[{"embeddable":true,"href":"https:\/\/progettotouring.it\/radiotouring104\/wp-json\/wp\/v2\/media\/92161"}],"wp:attachment":[{"href":"https:\/\/progettotouring.it\/radiotouring104\/wp-json\/wp\/v2\/media?parent=92160"}],"wp:term":[{"taxonomy":"category","embeddable":true,"href":"https:\/\/progettotouring.it\/radiotouring104\/wp-json\/wp\/v2\/categories?post=92160"},{"taxonomy":"post_tag","embeddable":true,"href":"https:\/\/progettotouring.it\/radiotouring104\/wp-json\/wp\/v2\/tags?post=92160"}],"curies":[{"name":"wp","href":"https:\/\/api.w.org\/{rel}","templated":true}]}}