{"id":92163,"date":"2026-03-17T12:17:01","date_gmt":"2026-03-17T11:17:01","guid":{"rendered":"https:\/\/progettotouring.it\/radiotouring104\/?p=92163"},"modified":"2026-03-17T12:52:16","modified_gmt":"2026-03-17T11:52:16","slug":"reggio-grande-successo-aal-consiglio-regionale-per-la-3-edizione-del-premio-girolamo-tripodi","status":"publish","type":"post","link":"https:\/\/progettotouring.it\/radiotouring104\/2026\/03\/17\/reggio-grande-successo-aal-consiglio-regionale-per-la-3-edizione-del-premio-girolamo-tripodi\/","title":{"rendered":"Reggio: grande successo aal Consiglio Regionale per la 3\u00b0 edizione del Premio &#8220;Girolamo Tripodi&#8221;"},"content":{"rendered":"<p>La sala Federica Monteleone del Consiglio Regionale della Calabria stracolma ha fatto da degna cornice al ricordo di Girolamo Tripodi nell\u20198\u00b0 anniversario della sua scomparsa e allo svolgimento della TERZA edizione del Premio a lui intitolato che \u00e8 stata davvero memorabile.<\/p>\n<p>Una serata ricca di emozioni che innanzitutto ha visto protagonisti i premiati:<\/p>\n<p>&nbsp;<\/p>\n<p>PIETRO GAETA \u2013 Premio Girolamo Tripodi per la Giustizia 2026<\/p>\n<p>FILIPPO VELTRI &#8211; Premio Girolamo Tripodi per il Giornalismo 2026<\/p>\n<p>TERESA MARAFIOTI &#8211; Premio Girolamo Tripodi per la Medicina 2026<\/p>\n<p>PAOLO CAMPOLO &#8211; Premio Girolamo Tripodi per la Solidariet\u00e0 2026<\/p>\n<p>ANNA BARBARO &#8211; Premio Girolamo Tripodi per lo Sport 2026<\/p>\n<p>Con il Premio abbiamo voluto fare emergere queste personalit\u00e0 illustri che rappresentano il meglio della Calabria, trasmettendo, attraverso il loro operato, un\u2019immagine seria, credibile e positiva di una regione che troppo spesso \u00e8 stata rappresentata solo nei suoi aspetti peggiori di degrado e di arretratezza.<\/p>\n<p>Siamo consapevoli che sono tanti e gravi i problemi che attanagliano la regione, dalla presenza opprimente e dannosa della \u2019ndrangheta all\u2019arretratezza generale che colpisce il futuro delle giovani generazioni, ma proprio per questo siamo convinti che una stagione di cambiamento della Calabria non possa prescindere dall\u2019indicazione delle storie di qualit\u00e0 e di valore che riguardano tante e tanti calabresi, a dimostrazione che un\u2019altra Calabria \u00e8 possibile. Dipende dall\u2019impegno di ciascuno e di tutti.<\/p>\n<p>Girolamo Tripodi ha amato profondamente la Calabria e nel corso della sua vita si \u00e8 sempre speso per il riscatto dei lavoratori e delle lavoratrici e la crescita della sua terra.<\/p>\n<p>In questo senso, la storia di Girolamo Tripodi rappresenta la carta d\u2019identit\u00e0 del Premio a lui intitolato che ha come obiettivo fondamentale quello di valorizzare e promuovere le migliori risorse ed energie che la Calabria \u00e8 in grado di esprimere, in tutti i campi delle arti, della scienza, del sapere, della cultura, della giustizia, del giornalismo, della solidariet\u00e0, dello sport, ecc. e che talvolta sono pi\u00f9 apprezzate fuori dalla Calabria che dentro la nostra regione.<\/p>\n<p>Lui avrebbe gradito molto lo spirito e il senso di questo evento che si colloca nel solco del suo pensiero e della sua azione politica ed amministrativa, di cui la sua famiglia e la Fondazione sono i fedeli continuatori.<\/p>\n<p>Dopo l\u2019esecuzione dell\u2019inno nazionale da parte dell\u2019Orchestra Giovanile dello Stretto \u201cV. Leotta\u201d, ha avviato i lavori della serata la giornalista Cristina Cortese, che ha coordinato l\u2019evento.<\/p>\n<p>L\u2019intervento di apertura della manifestazione \u00e8 stato svolto dal Presidente della Fondazione Michelangelo Tripodi, che ha ringraziato tutti i partecipanti ed ha sottolineato il valore strategico della scelta compiuta dalla Fondazione, nel momento in cui ha deciso di istituire il Premio Girolamo Tripodi, che rappresenta una sfida positiva che guarda al presente e al futuro della Calabria e uno stimolo alla Regione e a tutte le istituzioni locali, affinch\u00e9 si faccia di pi\u00f9 e meglio per costruire una regione all\u2019altezza dei tempi e, soprattutto, a misura dei giovani.<\/p>\n<p>Subito dopo \u00e8 intervenuta la Dirigente Scolastica prof.ssa Anna Maria Cama, che ha illustrato le motivazioni che hanno portato alla scelta dei premiati ed ha espresso grande soddisfazione per la qualit\u00e0 e lo spessore del Premio.<\/p>\n<p>Si \u00e8, quindi proceduto alla consegna dei premi e delle targhe alle personalit\u00e0 prescelte. Tutte le personalit\u00e0 che hanno ricevuto l\u2019importante riconoscimento hanno salutato il pubblico con interventi molto qualificati e di assoluto spessore.<\/p>\n<p>Per ogni premiazione \u00e8 stata data lettura da Cinzia Messina e da Daniela Scuncia delle schede illustrative, contenenti le principali informazioni biografiche dei premiati nonch\u00e9 la loro opera ed attivit\u00e0.<\/p>\n<p>I premi sono stati realizzati dal maestro Nicola Tripodi, eccellenza artistica del nostro territorio.<\/p>\n<p>Nel corso della cerimonia alle premiazioni si sono alternate le esibizioni musicali, che hanno riscosso un grande apprezzamento del pubblico presente, della Banda Musicale di Archi che ha eseguito una serie di brani musicali molto conosciuti.<\/p>\n<p>Nel corso dell\u2019evento il maestro dell\u2019Orchestra Giovanile dello Stretto \u201cV. Leotta\u201d, Alessandro Monorchio, ha raccontato brevemente l\u2019esperienza dell\u2019Orchestra e ha ricordato le radici da cui \u00e8 nata questa bellissima Orchestra.<\/p>\n<p>Il grande successo di questa manifestazione non sarebbe stato possibile se non ci fosse stato un grande lavoro di squadra, con tante persone che hanno collaborato per la piena riuscita dell\u2019iniziativa.<\/p>\n<p>Pertanto, la Fondazione ringrazia tutti coloro i quali hanno collaborato per la riuscita e il pieno successo dell\u2019evento.<\/p>\n<p>Arrivederci al prossimo anno.<\/p>\n","protected":false},"excerpt":{"rendered":"<p>La sala Federica Monteleone del Consiglio Regionale della Calabria stracolma ha fatto da degna cornice al ricordo di Girolamo Tripodi nell\u20198\u00b0 anniversario della sua scomparsa e allo svolgimento della TERZA&hellip;<\/p>\n","protected":false},"author":5,"featured_media":92164,"comment_status":"closed","ping_status":"open","sticky":false,"template":"","format":"standard","meta":{"_jetpack_memberships_contains_paid_content":false,"footnotes":"","jetpack_publicize_message":"","jetpack_publicize_feature_enabled":true,"jetpack_social_post_already_shared":true,"jetpack_social_options":{"image_generator_settings":{"template":"highway","default_image_id":0,"font":"","enabled":false},"version":2}},"categories":[921,196,140],"tags":[51658,218,752,45848,5090,35690],"class_list":["post-92163","post","type-post","status-publish","format-standard","has-post-thumbnail","hentry","category-home","category-news","category-reggio-calabria","tag-8-anniversario-morte-girolamo-tripodi","tag-consiglio-regionale","tag-fondazione-girolamo-tripodi","tag-grande-successo","tag-premio-girolamo-tripodi","tag-terza-edizione"],"yoast_head":"<!-- This site is optimized with the Yoast SEO plugin v27.2 - https:\/\/yoast.com\/product\/yoast-seo-wordpress\/ -->\n<title>Reggio: grande successo aal Consiglio Regionale per la 3\u00b0 edizione del Premio &quot;Girolamo Tripodi&quot; - Radio Touring 104<\/title>\n<meta name=\"description\" content=\"Grande partecipazione all&#039;evento, organizzato dall&#039;Associazione &quot;G.Tripodi&quot;, nel giorno dell&#039;8\u00b0 anniversario della scomparsa del Senatore\" \/>\n<meta name=\"robots\" content=\"index, follow, max-snippet:-1, max-image-preview:large, max-video-preview:-1\" \/>\n<link rel=\"canonical\" href=\"https:\/\/progettotouring.it\/radiotouring104\/2026\/03\/17\/reggio-grande-successo-aal-consiglio-regionale-per-la-3-edizione-del-premio-girolamo-tripodi\/\" \/>\n<meta property=\"og:locale\" content=\"it_IT\" \/>\n<meta property=\"og:type\" content=\"article\" \/>\n<meta property=\"og:title\" content=\"Reggio: grande successo aal Consiglio Regionale per la 3\u00b0 edizione del Premio &quot;Girolamo Tripodi&quot; - Radio Touring 104\" \/>\n<meta property=\"og:description\" content=\"Grande partecipazione all&#039;evento, organizzato dall&#039;Associazione &quot;G.Tripodi&quot;, nel giorno dell&#039;8\u00b0 anniversario della scomparsa del Senatore\" \/>\n<meta property=\"og:url\" content=\"https:\/\/progettotouring.it\/radiotouring104\/2026\/03\/17\/reggio-grande-successo-aal-consiglio-regionale-per-la-3-edizione-del-premio-girolamo-tripodi\/\" \/>\n<meta property=\"og:site_name\" content=\"Radio Touring 104\" \/>\n<meta property=\"article:published_time\" content=\"2026-03-17T11:17:01+00:00\" \/>\n<meta property=\"article:modified_time\" content=\"2026-03-17T11:52:16+00:00\" \/>\n<meta property=\"og:image\" content=\"https:\/\/progettotouring.it\/radiotouring104\/wp-content\/uploads\/sites\/6\/2026\/03\/Premio-GIrolamo-Tripodi-2026.jpg\" \/>\n\t<meta property=\"og:image:width\" content=\"2040\" \/>\n\t<meta property=\"og:image:height\" content=\"1144\" \/>\n\t<meta property=\"og:image:type\" content=\"image\/jpeg\" \/>\n<meta name=\"author\" content=\"redazione\" \/>\n<meta name=\"twitter:card\" content=\"summary_large_image\" \/>\n<meta name=\"twitter:label1\" content=\"Scritto da\" \/>\n\t<meta name=\"twitter:data1\" content=\"redazione\" \/>\n\t<meta name=\"twitter:label2\" content=\"Tempo di lettura stimato\" \/>\n\t<meta name=\"twitter:data2\" content=\"4 minuti\" \/>\n<script type=\"application\/ld+json\" class=\"yoast-schema-graph\">{\"@context\":\"https:\/\/schema.org\",\"@graph\":[{\"@type\":\"Article\",\"@id\":\"https:\/\/progettotouring.it\/radiotouring104\/2026\/03\/17\/reggio-grande-successo-aal-consiglio-regionale-per-la-3-edizione-del-premio-girolamo-tripodi\/#article\",\"isPartOf\":{\"@id\":\"https:\/\/progettotouring.it\/radiotouring104\/2026\/03\/17\/reggio-grande-successo-aal-consiglio-regionale-per-la-3-edizione-del-premio-girolamo-tripodi\/\"},\"author\":{\"name\":\"redazione\",\"@id\":\"https:\/\/progettotouring.it\/radiotouring104\/#\/schema\/person\/1b3eb3c07c47136bc44c785c543e635f\"},\"headline\":\"Reggio: grande successo aal Consiglio Regionale per la 3\u00b0 edizione del Premio &#8220;Girolamo Tripodi&#8221;\",\"datePublished\":\"2026-03-17T11:17:01+00:00\",\"dateModified\":\"2026-03-17T11:52:16+00:00\",\"mainEntityOfPage\":{\"@id\":\"https:\/\/progettotouring.it\/radiotouring104\/2026\/03\/17\/reggio-grande-successo-aal-consiglio-regionale-per-la-3-edizione-del-premio-girolamo-tripodi\/\"},\"wordCount\":731,\"publisher\":{\"@id\":\"https:\/\/progettotouring.it\/radiotouring104\/#organization\"},\"image\":{\"@id\":\"https:\/\/progettotouring.it\/radiotouring104\/2026\/03\/17\/reggio-grande-successo-aal-consiglio-regionale-per-la-3-edizione-del-premio-girolamo-tripodi\/#primaryimage\"},\"thumbnailUrl\":\"https:\/\/progettotouring.it\/radiotouring104\/wp-content\/uploads\/sites\/6\/2026\/03\/Premio-GIrolamo-Tripodi-2026.jpg\",\"keywords\":[\"8 anniversario morte Girolamo Tripodi\",\"Consiglio regionale\",\"fondazione girolamo tripodi\",\"grande successo\",\"premio girolamo tripodi\",\"Terza edizione\"],\"articleSection\":[\"Home\",\"News\",\"Reggio Calabria\"],\"inLanguage\":\"it-IT\"},{\"@type\":\"WebPage\",\"@id\":\"https:\/\/progettotouring.it\/radiotouring104\/2026\/03\/17\/reggio-grande-successo-aal-consiglio-regionale-per-la-3-edizione-del-premio-girolamo-tripodi\/\",\"url\":\"https:\/\/progettotouring.it\/radiotouring104\/2026\/03\/17\/reggio-grande-successo-aal-consiglio-regionale-per-la-3-edizione-del-premio-girolamo-tripodi\/\",\"name\":\"Reggio: grande successo aal Consiglio Regionale per la 3\u00b0 edizione del Premio \\\"Girolamo Tripodi\\\" - Radio Touring 104\",\"isPartOf\":{\"@id\":\"https:\/\/progettotouring.it\/radiotouring104\/#website\"},\"primaryImageOfPage\":{\"@id\":\"https:\/\/progettotouring.it\/radiotouring104\/2026\/03\/17\/reggio-grande-successo-aal-consiglio-regionale-per-la-3-edizione-del-premio-girolamo-tripodi\/#primaryimage\"},\"image\":{\"@id\":\"https:\/\/progettotouring.it\/radiotouring104\/2026\/03\/17\/reggio-grande-successo-aal-consiglio-regionale-per-la-3-edizione-del-premio-girolamo-tripodi\/#primaryimage\"},\"thumbnailUrl\":\"https:\/\/progettotouring.it\/radiotouring104\/wp-content\/uploads\/sites\/6\/2026\/03\/Premio-GIrolamo-Tripodi-2026.jpg\",\"datePublished\":\"2026-03-17T11:17:01+00:00\",\"dateModified\":\"2026-03-17T11:52:16+00:00\",\"description\":\"Grande partecipazione all'evento, organizzato dall'Associazione \\\"G.Tripodi\\\", nel giorno dell'8\u00b0 anniversario della scomparsa del Senatore\",\"breadcrumb\":{\"@id\":\"https:\/\/progettotouring.it\/radiotouring104\/2026\/03\/17\/reggio-grande-successo-aal-consiglio-regionale-per-la-3-edizione-del-premio-girolamo-tripodi\/#breadcrumb\"},\"inLanguage\":\"it-IT\",\"potentialAction\":[{\"@type\":\"ReadAction\",\"target\":[\"https:\/\/progettotouring.it\/radiotouring104\/2026\/03\/17\/reggio-grande-successo-aal-consiglio-regionale-per-la-3-edizione-del-premio-girolamo-tripodi\/\"]}]},{\"@type\":\"ImageObject\",\"inLanguage\":\"it-IT\",\"@id\":\"https:\/\/progettotouring.it\/radiotouring104\/2026\/03\/17\/reggio-grande-successo-aal-consiglio-regionale-per-la-3-edizione-del-premio-girolamo-tripodi\/#primaryimage\",\"url\":\"https:\/\/progettotouring.it\/radiotouring104\/wp-content\/uploads\/sites\/6\/2026\/03\/Premio-GIrolamo-Tripodi-2026.jpg\",\"contentUrl\":\"https:\/\/progettotouring.it\/radiotouring104\/wp-content\/uploads\/sites\/6\/2026\/03\/Premio-GIrolamo-Tripodi-2026.jpg\",\"width\":2040,\"height\":1144},{\"@type\":\"BreadcrumbList\",\"@id\":\"https:\/\/progettotouring.it\/radiotouring104\/2026\/03\/17\/reggio-grande-successo-aal-consiglio-regionale-per-la-3-edizione-del-premio-girolamo-tripodi\/#breadcrumb\",\"itemListElement\":[{\"@type\":\"ListItem\",\"position\":1,\"name\":\"Home\",\"item\":\"https:\/\/progettotouring.it\/radiotouring104\/\"},{\"@type\":\"ListItem\",\"position\":2,\"name\":\"Reggio: grande successo aal Consiglio Regionale per la 3\u00b0 edizione del Premio &#8220;Girolamo Tripodi&#8221;\"}]},{\"@type\":\"WebSite\",\"@id\":\"https:\/\/progettotouring.it\/radiotouring104\/#website\",\"url\":\"https:\/\/progettotouring.it\/radiotouring104\/\",\"name\":\"Radio Touring 104\",\"description\":\"La prima radio Reggina\",\"publisher\":{\"@id\":\"https:\/\/progettotouring.it\/radiotouring104\/#organization\"},\"potentialAction\":[{\"@type\":\"SearchAction\",\"target\":{\"@type\":\"EntryPoint\",\"urlTemplate\":\"https:\/\/progettotouring.it\/radiotouring104\/?s={search_term_string}\"},\"query-input\":{\"@type\":\"PropertyValueSpecification\",\"valueRequired\":true,\"valueName\":\"search_term_string\"}}],\"inLanguage\":\"it-IT\"},{\"@type\":\"Organization\",\"@id\":\"https:\/\/progettotouring.it\/radiotouring104\/#organization\",\"name\":\"Radio Touring 104\",\"url\":\"https:\/\/progettotouring.it\/radiotouring104\/\",\"logo\":{\"@type\":\"ImageObject\",\"inLanguage\":\"it-IT\",\"@id\":\"https:\/\/progettotouring.it\/radiotouring104\/#\/schema\/logo\/image\/\",\"url\":\"https:\/\/progettotouring.it\/radiotouring104\/wp-content\/uploads\/sites\/6\/2022\/02\/cropped-logo-radio-touring-104.png\",\"contentUrl\":\"https:\/\/progettotouring.it\/radiotouring104\/wp-content\/uploads\/sites\/6\/2022\/02\/cropped-logo-radio-touring-104.png\",\"width\":377,\"height\":182,\"caption\":\"Radio Touring 104\"},\"image\":{\"@id\":\"https:\/\/progettotouring.it\/radiotouring104\/#\/schema\/logo\/image\/\"}},{\"@type\":\"Person\",\"@id\":\"https:\/\/progettotouring.it\/radiotouring104\/#\/schema\/person\/1b3eb3c07c47136bc44c785c543e635f\",\"name\":\"redazione\",\"image\":{\"@type\":\"ImageObject\",\"inLanguage\":\"it-IT\",\"@id\":\"https:\/\/secure.gravatar.com\/avatar\/0b31605b49f100769e8b624b3e05de1b73e1692e9568a352f60f53fd072e6e11?s=96&d=mm&r=g\",\"url\":\"https:\/\/secure.gravatar.com\/avatar\/0b31605b49f100769e8b624b3e05de1b73e1692e9568a352f60f53fd072e6e11?s=96&d=mm&r=g\",\"contentUrl\":\"https:\/\/secure.gravatar.com\/avatar\/0b31605b49f100769e8b624b3e05de1b73e1692e9568a352f60f53fd072e6e11?s=96&d=mm&r=g\",\"caption\":\"redazione\"},\"url\":\"https:\/\/progettotouring.it\/radiotouring104\/author\/redazione\/\"}]}<\/script>\n<!-- \/ Yoast SEO plugin. -->","yoast_head_json":{"title":"Reggio: grande successo aal Consiglio Regionale per la 3\u00b0 edizione del Premio \"Girolamo Tripodi\" - Radio Touring 104","description":"Grande partecipazione all'evento, organizzato dall'Associazione \"G.Tripodi\", nel giorno dell'8\u00b0 anniversario della scomparsa del Senatore","robots":{"index":"index","follow":"follow","max-snippet":"max-snippet:-1","max-image-preview":"max-image-preview:large","max-video-preview":"max-video-preview:-1"},"canonical":"https:\/\/progettotouring.it\/radiotouring104\/2026\/03\/17\/reggio-grande-successo-aal-consiglio-regionale-per-la-3-edizione-del-premio-girolamo-tripodi\/","og_locale":"it_IT","og_type":"article","og_title":"Reggio: grande successo aal Consiglio Regionale per la 3\u00b0 edizione del Premio \"Girolamo Tripodi\" - Radio Touring 104","og_description":"Grande partecipazione all'evento, organizzato dall'Associazione \"G.Tripodi\", nel giorno dell'8\u00b0 anniversario della scomparsa del Senatore","og_url":"https:\/\/progettotouring.it\/radiotouring104\/2026\/03\/17\/reggio-grande-successo-aal-consiglio-regionale-per-la-3-edizione-del-premio-girolamo-tripodi\/","og_site_name":"Radio Touring 104","article_published_time":"2026-03-17T11:17:01+00:00","article_modified_time":"2026-03-17T11:52:16+00:00","og_image":[{"width":2040,"height":1144,"url":"https:\/\/progettotouring.it\/radiotouring104\/wp-content\/uploads\/sites\/6\/2026\/03\/Premio-GIrolamo-Tripodi-2026.jpg","type":"image\/jpeg"}],"author":"redazione","twitter_card":"summary_large_image","twitter_misc":{"Scritto da":"redazione","Tempo di lettura stimato":"4 minuti"},"schema":{"@context":"https:\/\/schema.org","@graph":[{"@type":"Article","@id":"https:\/\/progettotouring.it\/radiotouring104\/2026\/03\/17\/reggio-grande-successo-aal-consiglio-regionale-per-la-3-edizione-del-premio-girolamo-tripodi\/#article","isPartOf":{"@id":"https:\/\/progettotouring.it\/radiotouring104\/2026\/03\/17\/reggio-grande-successo-aal-consiglio-regionale-per-la-3-edizione-del-premio-girolamo-tripodi\/"},"author":{"name":"redazione","@id":"https:\/\/progettotouring.it\/radiotouring104\/#\/schema\/person\/1b3eb3c07c47136bc44c785c543e635f"},"headline":"Reggio: grande successo aal Consiglio Regionale per la 3\u00b0 edizione del Premio &#8220;Girolamo Tripodi&#8221;","datePublished":"2026-03-17T11:17:01+00:00","dateModified":"2026-03-17T11:52:16+00:00","mainEntityOfPage":{"@id":"https:\/\/progettotouring.it\/radiotouring104\/2026\/03\/17\/reggio-grande-successo-aal-consiglio-regionale-per-la-3-edizione-del-premio-girolamo-tripodi\/"},"wordCount":731,"publisher":{"@id":"https:\/\/progettotouring.it\/radiotouring104\/#organization"},"image":{"@id":"https:\/\/progettotouring.it\/radiotouring104\/2026\/03\/17\/reggio-grande-successo-aal-consiglio-regionale-per-la-3-edizione-del-premio-girolamo-tripodi\/#primaryimage"},"thumbnailUrl":"https:\/\/progettotouring.it\/radiotouring104\/wp-content\/uploads\/sites\/6\/2026\/03\/Premio-GIrolamo-Tripodi-2026.jpg","keywords":["8 anniversario morte Girolamo Tripodi","Consiglio regionale","fondazione girolamo tripodi","grande successo","premio girolamo tripodi","Terza edizione"],"articleSection":["Home","News","Reggio Calabria"],"inLanguage":"it-IT"},{"@type":"WebPage","@id":"https:\/\/progettotouring.it\/radiotouring104\/2026\/03\/17\/reggio-grande-successo-aal-consiglio-regionale-per-la-3-edizione-del-premio-girolamo-tripodi\/","url":"https:\/\/progettotouring.it\/radiotouring104\/2026\/03\/17\/reggio-grande-successo-aal-consiglio-regionale-per-la-3-edizione-del-premio-girolamo-tripodi\/","name":"Reggio: grande successo aal Consiglio Regionale per la 3\u00b0 edizione del Premio \"Girolamo Tripodi\" - Radio Touring 104","isPartOf":{"@id":"https:\/\/progettotouring.it\/radiotouring104\/#website"},"primaryImageOfPage":{"@id":"https:\/\/progettotouring.it\/radiotouring104\/2026\/03\/17\/reggio-grande-successo-aal-consiglio-regionale-per-la-3-edizione-del-premio-girolamo-tripodi\/#primaryimage"},"image":{"@id":"https:\/\/progettotouring.it\/radiotouring104\/2026\/03\/17\/reggio-grande-successo-aal-consiglio-regionale-per-la-3-edizione-del-premio-girolamo-tripodi\/#primaryimage"},"thumbnailUrl":"https:\/\/progettotouring.it\/radiotouring104\/wp-content\/uploads\/sites\/6\/2026\/03\/Premio-GIrolamo-Tripodi-2026.jpg","datePublished":"2026-03-17T11:17:01+00:00","dateModified":"2026-03-17T11:52:16+00:00","description":"Grande partecipazione all'evento, organizzato dall'Associazione \"G.Tripodi\", nel giorno dell'8\u00b0 anniversario della scomparsa del Senatore","breadcrumb":{"@id":"https:\/\/progettotouring.it\/radiotouring104\/2026\/03\/17\/reggio-grande-successo-aal-consiglio-regionale-per-la-3-edizione-del-premio-girolamo-tripodi\/#breadcrumb"},"inLanguage":"it-IT","potentialAction":[{"@type":"ReadAction","target":["https:\/\/progettotouring.it\/radiotouring104\/2026\/03\/17\/reggio-grande-successo-aal-consiglio-regionale-per-la-3-edizione-del-premio-girolamo-tripodi\/"]}]},{"@type":"ImageObject","inLanguage":"it-IT","@id":"https:\/\/progettotouring.it\/radiotouring104\/2026\/03\/17\/reggio-grande-successo-aal-consiglio-regionale-per-la-3-edizione-del-premio-girolamo-tripodi\/#primaryimage","url":"https:\/\/progettotouring.it\/radiotouring104\/wp-content\/uploads\/sites\/6\/2026\/03\/Premio-GIrolamo-Tripodi-2026.jpg","contentUrl":"https:\/\/progettotouring.it\/radiotouring104\/wp-content\/uploads\/sites\/6\/2026\/03\/Premio-GIrolamo-Tripodi-2026.jpg","width":2040,"height":1144},{"@type":"BreadcrumbList","@id":"https:\/\/progettotouring.it\/radiotouring104\/2026\/03\/17\/reggio-grande-successo-aal-consiglio-regionale-per-la-3-edizione-del-premio-girolamo-tripodi\/#breadcrumb","itemListElement":[{"@type":"ListItem","position":1,"name":"Home","item":"https:\/\/progettotouring.it\/radiotouring104\/"},{"@type":"ListItem","position":2,"name":"Reggio: grande successo aal Consiglio Regionale per la 3\u00b0 edizione del Premio &#8220;Girolamo Tripodi&#8221;"}]},{"@type":"WebSite","@id":"https:\/\/progettotouring.it\/radiotouring104\/#website","url":"https:\/\/progettotouring.it\/radiotouring104\/","name":"Radio Touring 104","description":"La prima radio Reggina","publisher":{"@id":"https:\/\/progettotouring.it\/radiotouring104\/#organization"},"potentialAction":[{"@type":"SearchAction","target":{"@type":"EntryPoint","urlTemplate":"https:\/\/progettotouring.it\/radiotouring104\/?s={search_term_string}"},"query-input":{"@type":"PropertyValueSpecification","valueRequired":true,"valueName":"search_term_string"}}],"inLanguage":"it-IT"},{"@type":"Organization","@id":"https:\/\/progettotouring.it\/radiotouring104\/#organization","name":"Radio Touring 104","url":"https:\/\/progettotouring.it\/radiotouring104\/","logo":{"@type":"ImageObject","inLanguage":"it-IT","@id":"https:\/\/progettotouring.it\/radiotouring104\/#\/schema\/logo\/image\/","url":"https:\/\/progettotouring.it\/radiotouring104\/wp-content\/uploads\/sites\/6\/2022\/02\/cropped-logo-radio-touring-104.png","contentUrl":"https:\/\/progettotouring.it\/radiotouring104\/wp-content\/uploads\/sites\/6\/2022\/02\/cropped-logo-radio-touring-104.png","width":377,"height":182,"caption":"Radio Touring 104"},"image":{"@id":"https:\/\/progettotouring.it\/radiotouring104\/#\/schema\/logo\/image\/"}},{"@type":"Person","@id":"https:\/\/progettotouring.it\/radiotouring104\/#\/schema\/person\/1b3eb3c07c47136bc44c785c543e635f","name":"redazione","image":{"@type":"ImageObject","inLanguage":"it-IT","@id":"https:\/\/secure.gravatar.com\/avatar\/0b31605b49f100769e8b624b3e05de1b73e1692e9568a352f60f53fd072e6e11?s=96&d=mm&r=g","url":"https:\/\/secure.gravatar.com\/avatar\/0b31605b49f100769e8b624b3e05de1b73e1692e9568a352f60f53fd072e6e11?s=96&d=mm&r=g","contentUrl":"https:\/\/secure.gravatar.com\/avatar\/0b31605b49f100769e8b624b3e05de1b73e1692e9568a352f60f53fd072e6e11?s=96&d=mm&r=g","caption":"redazione"},"url":"https:\/\/progettotouring.it\/radiotouring104\/author\/redazione\/"}]}},"jetpack_publicize_connections":[],"jetpack_featured_media_url":"https:\/\/progettotouring.it\/radiotouring104\/wp-content\/uploads\/sites\/6\/2026\/03\/Premio-GIrolamo-Tripodi-2026.jpg","jetpack_sharing_enabled":true,"_links":{"self":[{"href":"https:\/\/progettotouring.it\/radiotouring104\/wp-json\/wp\/v2\/posts\/92163","targetHints":{"allow":["GET"]}}],"collection":[{"href":"https:\/\/progettotouring.it\/radiotouring104\/wp-json\/wp\/v2\/posts"}],"about":[{"href":"https:\/\/progettotouring.it\/radiotouring104\/wp-json\/wp\/v2\/types\/post"}],"author":[{"embeddable":true,"href":"https:\/\/progettotouring.it\/radiotouring104\/wp-json\/wp\/v2\/users\/5"}],"replies":[{"embeddable":true,"href":"https:\/\/progettotouring.it\/radiotouring104\/wp-json\/wp\/v2\/comments?post=92163"}],"version-history":[{"count":1,"href":"https:\/\/progettotouring.it\/radiotouring104\/wp-json\/wp\/v2\/posts\/92163\/revisions"}],"predecessor-version":[{"id":92165,"href":"https:\/\/progettotouring.it\/radiotouring104\/wp-json\/wp\/v2\/posts\/92163\/revisions\/92165"}],"wp:featuredmedia":[{"embeddable":true,"href":"https:\/\/progettotouring.it\/radiotouring104\/wp-json\/wp\/v2\/media\/92164"}],"wp:attachment":[{"href":"https:\/\/progettotouring.it\/radiotouring104\/wp-json\/wp\/v2\/media?parent=92163"}],"wp:term":[{"taxonomy":"category","embeddable":true,"href":"https:\/\/progettotouring.it\/radiotouring104\/wp-json\/wp\/v2\/categories?post=92163"},{"taxonomy":"post_tag","embeddable":true,"href":"https:\/\/progettotouring.it\/radiotouring104\/wp-json\/wp\/v2\/tags?post=92163"}],"curies":[{"name":"wp","href":"https:\/\/api.w.org\/{rel}","templated":true}]}}