{"id":93988,"date":"2026-04-20T11:44:05","date_gmt":"2026-04-20T09:44:05","guid":{"rendered":"https:\/\/progettotouring.it\/radiotouring104\/?p=93988"},"modified":"2026-04-20T13:02:00","modified_gmt":"2026-04-20T11:02:00","slug":"comunali-di-reggio-battaglia-inaugura-la-segreteria-politica-sul-corso-garibaldi","status":"publish","type":"post","link":"https:\/\/progettotouring.it\/radiotouring104\/2026\/04\/20\/comunali-di-reggio-battaglia-inaugura-la-segreteria-politica-sul-corso-garibaldi\/","title":{"rendered":"Comunali di Reggio: Battaglia inaugura la Segreteria Politica sul Corso Garibaldi"},"content":{"rendered":"<div dir=\"ltr\">\n<p>\u00abSiamo reggini per Reggio. In campo da sempre, con la forza di una tradizione\u00bb. Sono un chiaro messaggio le parole di Mimmo Battaglia, candidato sindaco del centrosinistra alle elezioni amministrative del 24 e 25 maggio, all&#8217;apertura della segreteria politica sul corso Garibaldi al n.57. Un grande abbraccio collettivo quello riservato a Battaglia che ha incontrato tanti simpatizzanti e cittadini. Presenti, oltre agli assessori e ai consiglieri del centrosinistra, tra gli altri, il consigliere regionale Giuseppe Falcomat\u00e0, il segretario provinciale Giuseppe Panetta, la segretaria cittadina Valeria Bonforte, rappresentanti dei circoli del Pd.<\/p>\n<p align=\"JUSTIFY\">\u00abSiamo al traguardo dell\u2019ultimo miglio di un\u2019Amministrazione comunale partita 12 anni fa dalle macerie trovate a Palazzo San Giorgio -ha spiegato &#8211; da quello che era un fallimento totale, non solo delle nostre partecipate, dell&#8217;onta di uno scioglimento per contiguit\u00e0 mafiosa. Piano piano, e con grande capacit\u00e0 di coinvolgere, con le primarie Giuseppe Falcomat\u00e0 \u00e8 diventato sindaco della citt\u00e0 con noi tutti accanto. Abbiamo scelto le primarie allora e oggi, sono candidato sindaco grazie alle primarie mentre altri sono scelti a Roma dai comodi salotti. Noi facciamo bagni di folla e siamo sempre dallo stesso lato anche se non vinciamo\u00bb.<\/p>\n<p align=\"JUSTIFY\">E poi ha aggiunto \u00abAbbiamo creduto nel progetto anche quando era difficile e le risorse non c\u2019erano. Abbiamo risanato le casse prima, poich\u00e9 sono la spina dorsale di ogni intervento, ricostruito credibilit\u00e0, compiuto veri e propri miracoli per il welfare: asili, \u201cDopo di noi\u201d, centri per giovani e anziani. Abbiamo dato voce a chi aveva voglia di rialzarsi. Abbiamo dato la possibilit\u00e0 alle nostre partecipate di non fallire, di ripartire, basti pensare all&#8217;Atam, una delle migliori aziende partecipate d&#8217;Italia. Abbiamo dato segnali positivi a questa citt\u00e0. Per questo pretendiamo rispetto dalle istituzioni. Non ci \u00e8 piaciuto che nella massima istituzione della Regione si scherzava sul destino della citt\u00e0. Ricordo anche le parole brutte pronunciate dal palco di Piazza Duomo in cui a proposito di deleghe alla citt\u00e0 si parlava di \u201cperle ai porci\u201d. Noi siamo Reggio Calabria e la gente ha il terrore di tornare indietro a quei momenti difficili. Per questo mi chiede di lottare per loro con forza\u00bb.<\/p>\n<p align=\"JUSTIFY\">\u00abPensiamo a Reggio e siamo la culla del Mediterraneo, una citt\u00e0 proiettata nell&#8217;area integrata dello Stretto. Quando oggi leggiamo che Reggio \u00e8 la mete delle fiere specializzati, anche per le crociere, pensiamo al Museo del mare, che abbiamo voluto, all&#8217;autorit\u00e0 di sistema che per primi abbiamo fondato e agli altri grandi progetti che porteranno sviluppo. Abbiamo dato risposte al precariato, abbiamo dato garanzie agli LSU e LPU, abbiamo fatto concorsi trasparenti per pi\u00f9 di 200 posti di lavoro, senza neanche un ricorso. Abbiamo fatto del Comune l&#8217;azionista di maggioranza della citt\u00e0, messo a disposizione della citt\u00e0 la responsabilit\u00e0 delle nostre scelte. Anche nelle sconfitte, siamo rimasti sempre nello stesso posto. Oggi qui ci sono almeno quattro sindaci: due che ci guardano da lass\u00f9. Non \u00e8 facile per noi quest&#8217;eredit\u00e0 forte. Sono 22 anni che manca mio padre, ma lo sento ogni giorno vicino a me, nell&#8217;affetto dei reggini. Vogliamo continuare a governare Reggio \u2013 ha concluso Battaglia &#8211; con trasparenza, con i nostri sentimenti perch\u00e9 Reggio la amiamo e l&#8217;abbiamo difesa da tutte le imposizioni. Siamo reggini, per Reggio\u00bb.<\/p>\n<\/div>\n","protected":false},"excerpt":{"rendered":"<p>\u00abSiamo reggini per Reggio. In campo da sempre, con la forza di una tradizione\u00bb. Sono un chiaro messaggio le parole di Mimmo Battaglia, candidato sindaco del centrosinistra alle elezioni amministrative&hellip;<\/p>\n","protected":false},"author":5,"featured_media":93990,"comment_status":"closed","ping_status":"open","sticky":false,"template":"","format":"standard","meta":{"_jetpack_memberships_contains_paid_content":false,"footnotes":"","jetpack_publicize_message":"","jetpack_publicize_feature_enabled":true,"jetpack_social_post_already_shared":true,"jetpack_social_options":{"image_generator_settings":{"template":"highway","default_image_id":0,"font":"","enabled":false},"version":2}},"categories":[921,150,196,140],"tags":[10391,49999,52858,50310],"class_list":["post-93988","post","type-post","status-publish","format-standard","has-post-thumbnail","hentry","category-home","category-in-primo-piano","category-news","category-reggio-calabria","tag-corso-garibaldi-di-reggio-calabria","tag-elezioni-comunali-di-reggio-2026","tag-inaugurazione-segreteria-politica","tag-sindaco-ff-mimmo-battaglia"],"yoast_head":"<!-- This site is optimized with the Yoast SEO plugin v27.2 - https:\/\/yoast.com\/product\/yoast-seo-wordpress\/ -->\n<title>Comunali di Reggio: Battaglia inaugura la Segreteria sul Corso<\/title>\n<meta name=\"description\" content=\"\u00abSiamo reggini per Reggio. Amiamo la citt\u00e0 e l&#039;abbiamo difesa da tutte le imposizioni\u00bb, ha dichiarato il candidato Sindaco di CSX\" \/>\n<meta name=\"robots\" content=\"index, follow, max-snippet:-1, max-image-preview:large, max-video-preview:-1\" \/>\n<link rel=\"canonical\" href=\"https:\/\/progettotouring.it\/radiotouring104\/2026\/04\/20\/comunali-di-reggio-battaglia-inaugura-la-segreteria-politica-sul-corso-garibaldi\/\" \/>\n<meta property=\"og:locale\" content=\"it_IT\" \/>\n<meta property=\"og:type\" content=\"article\" \/>\n<meta property=\"og:title\" content=\"Comunali di Reggio: Battaglia inaugura la Segreteria sul Corso\" \/>\n<meta property=\"og:description\" content=\"\u00abSiamo reggini per Reggio. Amiamo la citt\u00e0 e l&#039;abbiamo difesa da tutte le imposizioni\u00bb, ha dichiarato il candidato Sindaco di CSX\" \/>\n<meta property=\"og:url\" content=\"https:\/\/progettotouring.it\/radiotouring104\/2026\/04\/20\/comunali-di-reggio-battaglia-inaugura-la-segreteria-politica-sul-corso-garibaldi\/\" \/>\n<meta property=\"og:site_name\" content=\"Radio Touring 104\" \/>\n<meta property=\"article:published_time\" content=\"2026-04-20T09:44:05+00:00\" \/>\n<meta property=\"article:modified_time\" content=\"2026-04-20T11:02:00+00:00\" \/>\n<meta property=\"og:image\" content=\"https:\/\/progettotouring.it\/radiotouring104\/wp-content\/uploads\/sites\/6\/2026\/04\/INAUGURAZIONE-SEGRETERIA-BATTAGLIA.jpg\" \/>\n\t<meta property=\"og:image:width\" content=\"1200\" \/>\n\t<meta property=\"og:image:height\" content=\"1600\" \/>\n\t<meta property=\"og:image:type\" content=\"image\/jpeg\" \/>\n<meta name=\"author\" content=\"redazione\" \/>\n<meta name=\"twitter:card\" content=\"summary_large_image\" \/>\n<meta name=\"twitter:label1\" content=\"Scritto da\" \/>\n\t<meta name=\"twitter:data1\" content=\"redazione\" \/>\n\t<meta name=\"twitter:label2\" content=\"Tempo di lettura stimato\" \/>\n\t<meta name=\"twitter:data2\" content=\"3 minuti\" \/>\n<script type=\"application\/ld+json\" class=\"yoast-schema-graph\">{\"@context\":\"https:\/\/schema.org\",\"@graph\":[{\"@type\":\"Article\",\"@id\":\"https:\/\/progettotouring.it\/radiotouring104\/2026\/04\/20\/comunali-di-reggio-battaglia-inaugura-la-segreteria-politica-sul-corso-garibaldi\/#article\",\"isPartOf\":{\"@id\":\"https:\/\/progettotouring.it\/radiotouring104\/2026\/04\/20\/comunali-di-reggio-battaglia-inaugura-la-segreteria-politica-sul-corso-garibaldi\/\"},\"author\":{\"name\":\"redazione\",\"@id\":\"https:\/\/progettotouring.it\/radiotouring104\/#\/schema\/person\/1b3eb3c07c47136bc44c785c543e635f\"},\"headline\":\"Comunali di Reggio: Battaglia inaugura la Segreteria Politica sul Corso Garibaldi\",\"datePublished\":\"2026-04-20T09:44:05+00:00\",\"dateModified\":\"2026-04-20T11:02:00+00:00\",\"mainEntityOfPage\":{\"@id\":\"https:\/\/progettotouring.it\/radiotouring104\/2026\/04\/20\/comunali-di-reggio-battaglia-inaugura-la-segreteria-politica-sul-corso-garibaldi\/\"},\"wordCount\":534,\"publisher\":{\"@id\":\"https:\/\/progettotouring.it\/radiotouring104\/#organization\"},\"image\":{\"@id\":\"https:\/\/progettotouring.it\/radiotouring104\/2026\/04\/20\/comunali-di-reggio-battaglia-inaugura-la-segreteria-politica-sul-corso-garibaldi\/#primaryimage\"},\"thumbnailUrl\":\"https:\/\/progettotouring.it\/radiotouring104\/wp-content\/uploads\/sites\/6\/2026\/04\/INAUGURAZIONE-SEGRETERIA-BATTAGLIA.jpg\",\"keywords\":[\"Corso Garibaldi di Reggio Calabria.\",\"Elezioni comunali di Reggio 2026\",\"inaugurazione segreteria politica\",\"Sindaco ff Mimmo Battaglia\"],\"articleSection\":[\"Home\",\"In primo piano\",\"News\",\"Reggio Calabria\"],\"inLanguage\":\"it-IT\"},{\"@type\":\"WebPage\",\"@id\":\"https:\/\/progettotouring.it\/radiotouring104\/2026\/04\/20\/comunali-di-reggio-battaglia-inaugura-la-segreteria-politica-sul-corso-garibaldi\/\",\"url\":\"https:\/\/progettotouring.it\/radiotouring104\/2026\/04\/20\/comunali-di-reggio-battaglia-inaugura-la-segreteria-politica-sul-corso-garibaldi\/\",\"name\":\"Comunali di Reggio: Battaglia inaugura la Segreteria sul Corso\",\"isPartOf\":{\"@id\":\"https:\/\/progettotouring.it\/radiotouring104\/#website\"},\"primaryImageOfPage\":{\"@id\":\"https:\/\/progettotouring.it\/radiotouring104\/2026\/04\/20\/comunali-di-reggio-battaglia-inaugura-la-segreteria-politica-sul-corso-garibaldi\/#primaryimage\"},\"image\":{\"@id\":\"https:\/\/progettotouring.it\/radiotouring104\/2026\/04\/20\/comunali-di-reggio-battaglia-inaugura-la-segreteria-politica-sul-corso-garibaldi\/#primaryimage\"},\"thumbnailUrl\":\"https:\/\/progettotouring.it\/radiotouring104\/wp-content\/uploads\/sites\/6\/2026\/04\/INAUGURAZIONE-SEGRETERIA-BATTAGLIA.jpg\",\"datePublished\":\"2026-04-20T09:44:05+00:00\",\"dateModified\":\"2026-04-20T11:02:00+00:00\",\"description\":\"\u00abSiamo reggini per Reggio. Amiamo la citt\u00e0 e l'abbiamo difesa da tutte le imposizioni\u00bb, ha dichiarato il candidato Sindaco di CSX\",\"breadcrumb\":{\"@id\":\"https:\/\/progettotouring.it\/radiotouring104\/2026\/04\/20\/comunali-di-reggio-battaglia-inaugura-la-segreteria-politica-sul-corso-garibaldi\/#breadcrumb\"},\"inLanguage\":\"it-IT\",\"potentialAction\":[{\"@type\":\"ReadAction\",\"target\":[\"https:\/\/progettotouring.it\/radiotouring104\/2026\/04\/20\/comunali-di-reggio-battaglia-inaugura-la-segreteria-politica-sul-corso-garibaldi\/\"]}]},{\"@type\":\"ImageObject\",\"inLanguage\":\"it-IT\",\"@id\":\"https:\/\/progettotouring.it\/radiotouring104\/2026\/04\/20\/comunali-di-reggio-battaglia-inaugura-la-segreteria-politica-sul-corso-garibaldi\/#primaryimage\",\"url\":\"https:\/\/progettotouring.it\/radiotouring104\/wp-content\/uploads\/sites\/6\/2026\/04\/INAUGURAZIONE-SEGRETERIA-BATTAGLIA.jpg\",\"contentUrl\":\"https:\/\/progettotouring.it\/radiotouring104\/wp-content\/uploads\/sites\/6\/2026\/04\/INAUGURAZIONE-SEGRETERIA-BATTAGLIA.jpg\",\"width\":1200,\"height\":1600},{\"@type\":\"BreadcrumbList\",\"@id\":\"https:\/\/progettotouring.it\/radiotouring104\/2026\/04\/20\/comunali-di-reggio-battaglia-inaugura-la-segreteria-politica-sul-corso-garibaldi\/#breadcrumb\",\"itemListElement\":[{\"@type\":\"ListItem\",\"position\":1,\"name\":\"Home\",\"item\":\"https:\/\/progettotouring.it\/radiotouring104\/\"},{\"@type\":\"ListItem\",\"position\":2,\"name\":\"Comunali di Reggio: Battaglia inaugura la Segreteria Politica sul Corso Garibaldi\"}]},{\"@type\":\"WebSite\",\"@id\":\"https:\/\/progettotouring.it\/radiotouring104\/#website\",\"url\":\"https:\/\/progettotouring.it\/radiotouring104\/\",\"name\":\"Radio Touring 104\",\"description\":\"La prima radio Reggina\",\"publisher\":{\"@id\":\"https:\/\/progettotouring.it\/radiotouring104\/#organization\"},\"potentialAction\":[{\"@type\":\"SearchAction\",\"target\":{\"@type\":\"EntryPoint\",\"urlTemplate\":\"https:\/\/progettotouring.it\/radiotouring104\/?s={search_term_string}\"},\"query-input\":{\"@type\":\"PropertyValueSpecification\",\"valueRequired\":true,\"valueName\":\"search_term_string\"}}],\"inLanguage\":\"it-IT\"},{\"@type\":\"Organization\",\"@id\":\"https:\/\/progettotouring.it\/radiotouring104\/#organization\",\"name\":\"Radio Touring 104\",\"url\":\"https:\/\/progettotouring.it\/radiotouring104\/\",\"logo\":{\"@type\":\"ImageObject\",\"inLanguage\":\"it-IT\",\"@id\":\"https:\/\/progettotouring.it\/radiotouring104\/#\/schema\/logo\/image\/\",\"url\":\"https:\/\/progettotouring.it\/radiotouring104\/wp-content\/uploads\/sites\/6\/2022\/02\/cropped-logo-radio-touring-104.png\",\"contentUrl\":\"https:\/\/progettotouring.it\/radiotouring104\/wp-content\/uploads\/sites\/6\/2022\/02\/cropped-logo-radio-touring-104.png\",\"width\":377,\"height\":182,\"caption\":\"Radio Touring 104\"},\"image\":{\"@id\":\"https:\/\/progettotouring.it\/radiotouring104\/#\/schema\/logo\/image\/\"}},{\"@type\":\"Person\",\"@id\":\"https:\/\/progettotouring.it\/radiotouring104\/#\/schema\/person\/1b3eb3c07c47136bc44c785c543e635f\",\"name\":\"redazione\",\"image\":{\"@type\":\"ImageObject\",\"inLanguage\":\"it-IT\",\"@id\":\"https:\/\/secure.gravatar.com\/avatar\/0b31605b49f100769e8b624b3e05de1b73e1692e9568a352f60f53fd072e6e11?s=96&d=mm&r=g\",\"url\":\"https:\/\/secure.gravatar.com\/avatar\/0b31605b49f100769e8b624b3e05de1b73e1692e9568a352f60f53fd072e6e11?s=96&d=mm&r=g\",\"contentUrl\":\"https:\/\/secure.gravatar.com\/avatar\/0b31605b49f100769e8b624b3e05de1b73e1692e9568a352f60f53fd072e6e11?s=96&d=mm&r=g\",\"caption\":\"redazione\"},\"url\":\"https:\/\/progettotouring.it\/radiotouring104\/author\/redazione\/\"}]}<\/script>\n<!-- \/ Yoast SEO plugin. -->","yoast_head_json":{"title":"Comunali di Reggio: Battaglia inaugura la Segreteria sul Corso","description":"\u00abSiamo reggini per Reggio. Amiamo la citt\u00e0 e l'abbiamo difesa da tutte le imposizioni\u00bb, ha dichiarato il candidato Sindaco di CSX","robots":{"index":"index","follow":"follow","max-snippet":"max-snippet:-1","max-image-preview":"max-image-preview:large","max-video-preview":"max-video-preview:-1"},"canonical":"https:\/\/progettotouring.it\/radiotouring104\/2026\/04\/20\/comunali-di-reggio-battaglia-inaugura-la-segreteria-politica-sul-corso-garibaldi\/","og_locale":"it_IT","og_type":"article","og_title":"Comunali di Reggio: Battaglia inaugura la Segreteria sul Corso","og_description":"\u00abSiamo reggini per Reggio. Amiamo la citt\u00e0 e l'abbiamo difesa da tutte le imposizioni\u00bb, ha dichiarato il candidato Sindaco di CSX","og_url":"https:\/\/progettotouring.it\/radiotouring104\/2026\/04\/20\/comunali-di-reggio-battaglia-inaugura-la-segreteria-politica-sul-corso-garibaldi\/","og_site_name":"Radio Touring 104","article_published_time":"2026-04-20T09:44:05+00:00","article_modified_time":"2026-04-20T11:02:00+00:00","og_image":[{"width":1200,"height":1600,"url":"https:\/\/progettotouring.it\/radiotouring104\/wp-content\/uploads\/sites\/6\/2026\/04\/INAUGURAZIONE-SEGRETERIA-BATTAGLIA.jpg","type":"image\/jpeg"}],"author":"redazione","twitter_card":"summary_large_image","twitter_misc":{"Scritto da":"redazione","Tempo di lettura stimato":"3 minuti"},"schema":{"@context":"https:\/\/schema.org","@graph":[{"@type":"Article","@id":"https:\/\/progettotouring.it\/radiotouring104\/2026\/04\/20\/comunali-di-reggio-battaglia-inaugura-la-segreteria-politica-sul-corso-garibaldi\/#article","isPartOf":{"@id":"https:\/\/progettotouring.it\/radiotouring104\/2026\/04\/20\/comunali-di-reggio-battaglia-inaugura-la-segreteria-politica-sul-corso-garibaldi\/"},"author":{"name":"redazione","@id":"https:\/\/progettotouring.it\/radiotouring104\/#\/schema\/person\/1b3eb3c07c47136bc44c785c543e635f"},"headline":"Comunali di Reggio: Battaglia inaugura la Segreteria Politica sul Corso Garibaldi","datePublished":"2026-04-20T09:44:05+00:00","dateModified":"2026-04-20T11:02:00+00:00","mainEntityOfPage":{"@id":"https:\/\/progettotouring.it\/radiotouring104\/2026\/04\/20\/comunali-di-reggio-battaglia-inaugura-la-segreteria-politica-sul-corso-garibaldi\/"},"wordCount":534,"publisher":{"@id":"https:\/\/progettotouring.it\/radiotouring104\/#organization"},"image":{"@id":"https:\/\/progettotouring.it\/radiotouring104\/2026\/04\/20\/comunali-di-reggio-battaglia-inaugura-la-segreteria-politica-sul-corso-garibaldi\/#primaryimage"},"thumbnailUrl":"https:\/\/progettotouring.it\/radiotouring104\/wp-content\/uploads\/sites\/6\/2026\/04\/INAUGURAZIONE-SEGRETERIA-BATTAGLIA.jpg","keywords":["Corso Garibaldi di Reggio Calabria.","Elezioni comunali di Reggio 2026","inaugurazione segreteria politica","Sindaco ff Mimmo Battaglia"],"articleSection":["Home","In primo piano","News","Reggio Calabria"],"inLanguage":"it-IT"},{"@type":"WebPage","@id":"https:\/\/progettotouring.it\/radiotouring104\/2026\/04\/20\/comunali-di-reggio-battaglia-inaugura-la-segreteria-politica-sul-corso-garibaldi\/","url":"https:\/\/progettotouring.it\/radiotouring104\/2026\/04\/20\/comunali-di-reggio-battaglia-inaugura-la-segreteria-politica-sul-corso-garibaldi\/","name":"Comunali di Reggio: Battaglia inaugura la Segreteria sul Corso","isPartOf":{"@id":"https:\/\/progettotouring.it\/radiotouring104\/#website"},"primaryImageOfPage":{"@id":"https:\/\/progettotouring.it\/radiotouring104\/2026\/04\/20\/comunali-di-reggio-battaglia-inaugura-la-segreteria-politica-sul-corso-garibaldi\/#primaryimage"},"image":{"@id":"https:\/\/progettotouring.it\/radiotouring104\/2026\/04\/20\/comunali-di-reggio-battaglia-inaugura-la-segreteria-politica-sul-corso-garibaldi\/#primaryimage"},"thumbnailUrl":"https:\/\/progettotouring.it\/radiotouring104\/wp-content\/uploads\/sites\/6\/2026\/04\/INAUGURAZIONE-SEGRETERIA-BATTAGLIA.jpg","datePublished":"2026-04-20T09:44:05+00:00","dateModified":"2026-04-20T11:02:00+00:00","description":"\u00abSiamo reggini per Reggio. Amiamo la citt\u00e0 e l'abbiamo difesa da tutte le imposizioni\u00bb, ha dichiarato il candidato Sindaco di CSX","breadcrumb":{"@id":"https:\/\/progettotouring.it\/radiotouring104\/2026\/04\/20\/comunali-di-reggio-battaglia-inaugura-la-segreteria-politica-sul-corso-garibaldi\/#breadcrumb"},"inLanguage":"it-IT","potentialAction":[{"@type":"ReadAction","target":["https:\/\/progettotouring.it\/radiotouring104\/2026\/04\/20\/comunali-di-reggio-battaglia-inaugura-la-segreteria-politica-sul-corso-garibaldi\/"]}]},{"@type":"ImageObject","inLanguage":"it-IT","@id":"https:\/\/progettotouring.it\/radiotouring104\/2026\/04\/20\/comunali-di-reggio-battaglia-inaugura-la-segreteria-politica-sul-corso-garibaldi\/#primaryimage","url":"https:\/\/progettotouring.it\/radiotouring104\/wp-content\/uploads\/sites\/6\/2026\/04\/INAUGURAZIONE-SEGRETERIA-BATTAGLIA.jpg","contentUrl":"https:\/\/progettotouring.it\/radiotouring104\/wp-content\/uploads\/sites\/6\/2026\/04\/INAUGURAZIONE-SEGRETERIA-BATTAGLIA.jpg","width":1200,"height":1600},{"@type":"BreadcrumbList","@id":"https:\/\/progettotouring.it\/radiotouring104\/2026\/04\/20\/comunali-di-reggio-battaglia-inaugura-la-segreteria-politica-sul-corso-garibaldi\/#breadcrumb","itemListElement":[{"@type":"ListItem","position":1,"name":"Home","item":"https:\/\/progettotouring.it\/radiotouring104\/"},{"@type":"ListItem","position":2,"name":"Comunali di Reggio: Battaglia inaugura la Segreteria Politica sul Corso Garibaldi"}]},{"@type":"WebSite","@id":"https:\/\/progettotouring.it\/radiotouring104\/#website","url":"https:\/\/progettotouring.it\/radiotouring104\/","name":"Radio Touring 104","description":"La prima radio Reggina","publisher":{"@id":"https:\/\/progettotouring.it\/radiotouring104\/#organization"},"potentialAction":[{"@type":"SearchAction","target":{"@type":"EntryPoint","urlTemplate":"https:\/\/progettotouring.it\/radiotouring104\/?s={search_term_string}"},"query-input":{"@type":"PropertyValueSpecification","valueRequired":true,"valueName":"search_term_string"}}],"inLanguage":"it-IT"},{"@type":"Organization","@id":"https:\/\/progettotouring.it\/radiotouring104\/#organization","name":"Radio Touring 104","url":"https:\/\/progettotouring.it\/radiotouring104\/","logo":{"@type":"ImageObject","inLanguage":"it-IT","@id":"https:\/\/progettotouring.it\/radiotouring104\/#\/schema\/logo\/image\/","url":"https:\/\/progettotouring.it\/radiotouring104\/wp-content\/uploads\/sites\/6\/2022\/02\/cropped-logo-radio-touring-104.png","contentUrl":"https:\/\/progettotouring.it\/radiotouring104\/wp-content\/uploads\/sites\/6\/2022\/02\/cropped-logo-radio-touring-104.png","width":377,"height":182,"caption":"Radio Touring 104"},"image":{"@id":"https:\/\/progettotouring.it\/radiotouring104\/#\/schema\/logo\/image\/"}},{"@type":"Person","@id":"https:\/\/progettotouring.it\/radiotouring104\/#\/schema\/person\/1b3eb3c07c47136bc44c785c543e635f","name":"redazione","image":{"@type":"ImageObject","inLanguage":"it-IT","@id":"https:\/\/secure.gravatar.com\/avatar\/0b31605b49f100769e8b624b3e05de1b73e1692e9568a352f60f53fd072e6e11?s=96&d=mm&r=g","url":"https:\/\/secure.gravatar.com\/avatar\/0b31605b49f100769e8b624b3e05de1b73e1692e9568a352f60f53fd072e6e11?s=96&d=mm&r=g","contentUrl":"https:\/\/secure.gravatar.com\/avatar\/0b31605b49f100769e8b624b3e05de1b73e1692e9568a352f60f53fd072e6e11?s=96&d=mm&r=g","caption":"redazione"},"url":"https:\/\/progettotouring.it\/radiotouring104\/author\/redazione\/"}]}},"jetpack_publicize_connections":[],"jetpack_featured_media_url":"https:\/\/progettotouring.it\/radiotouring104\/wp-content\/uploads\/sites\/6\/2026\/04\/INAUGURAZIONE-SEGRETERIA-BATTAGLIA.jpg","jetpack_sharing_enabled":true,"_links":{"self":[{"href":"https:\/\/progettotouring.it\/radiotouring104\/wp-json\/wp\/v2\/posts\/93988","targetHints":{"allow":["GET"]}}],"collection":[{"href":"https:\/\/progettotouring.it\/radiotouring104\/wp-json\/wp\/v2\/posts"}],"about":[{"href":"https:\/\/progettotouring.it\/radiotouring104\/wp-json\/wp\/v2\/types\/post"}],"author":[{"embeddable":true,"href":"https:\/\/progettotouring.it\/radiotouring104\/wp-json\/wp\/v2\/users\/5"}],"replies":[{"embeddable":true,"href":"https:\/\/progettotouring.it\/radiotouring104\/wp-json\/wp\/v2\/comments?post=93988"}],"version-history":[{"count":1,"href":"https:\/\/progettotouring.it\/radiotouring104\/wp-json\/wp\/v2\/posts\/93988\/revisions"}],"predecessor-version":[{"id":93991,"href":"https:\/\/progettotouring.it\/radiotouring104\/wp-json\/wp\/v2\/posts\/93988\/revisions\/93991"}],"wp:featuredmedia":[{"embeddable":true,"href":"https:\/\/progettotouring.it\/radiotouring104\/wp-json\/wp\/v2\/media\/93990"}],"wp:attachment":[{"href":"https:\/\/progettotouring.it\/radiotouring104\/wp-json\/wp\/v2\/media?parent=93988"}],"wp:term":[{"taxonomy":"category","embeddable":true,"href":"https:\/\/progettotouring.it\/radiotouring104\/wp-json\/wp\/v2\/categories?post=93988"},{"taxonomy":"post_tag","embeddable":true,"href":"https:\/\/progettotouring.it\/radiotouring104\/wp-json\/wp\/v2\/tags?post=93988"}],"curies":[{"name":"wp","href":"https:\/\/api.w.org\/{rel}","templated":true}]}}