{"id":94414,"date":"2026-04-27T09:22:52","date_gmt":"2026-04-27T07:22:52","guid":{"rendered":"https:\/\/progettotouring.it\/radiotouring104\/?p=94414"},"modified":"2026-04-27T09:23:44","modified_gmt":"2026-04-27T07:23:44","slug":"reggio-inaugurata-al-palazzo-della-cultura-la-mostra-paolo-rossi-un-ragazzo-doro","status":"publish","type":"post","link":"https:\/\/progettotouring.it\/radiotouring104\/2026\/04\/27\/reggio-inaugurata-al-palazzo-della-cultura-la-mostra-paolo-rossi-un-ragazzo-doro\/","title":{"rendered":"Reggio: inaugurata al Palazzo della Cultura la mostra &#8220;Paolo Rossi. Un ragazzo d&#8217;oro&#8221;"},"content":{"rendered":"<p>Il sindaco metropolitano facente funzioni, Carmelo Versace, ha preso parte all\u2019inaugurazione della mostra &#8220;Paolo Rossi. Un ragazzo d&#8217;oro&#8221;, un percorso espositivo gratuito che, fino al prossimo 29 maggio, tra le sale del Palazzo della cultura &#8220;Pasquino Crupi&#8221; della Citt\u00e0 Metropolitana, racconter\u00e0 la vita e le gesta sportive di una delle figure pi\u00f9 iconiche del calcio mondiale.\u00a0Insieme ad Italo Cucci, fra le firme pi\u00f9 prestigiose del giornalismo italiano, e Giancarlo Antognoni, campione del mondo e capo delegazione degli azzurrini, Carmelo Versace ha aperto l&#8217;evento sottolineando il valore profondo dell\u2019iniziativa che intreccia memoria sportiva, cultura e prospettive future per il territorio.<\/p>\n<p>Nel corso del suo intervento, infatti, il sindaco facente funzioni ha evidenziato come la figura di &#8220;Pablito&#8221; rappresenti \u00abil messaggio di un grande uomo e di un grande sportivo, capace di segnare intere generazioni, accompagnando il nostro percorso adolescenziale e lasciando un\u2019impronta indelebile nella memoria collettiva\u00bb. Un\u2019eredit\u00e0 che, secondo l&#8217;inquilino di Palazzo Alvaro, \u00abva trasmessa anche alle nuove generazioni che non hanno vissuto direttamente le emozioni del trionfo mondiale del Mondiale di calcio Spagna &#8217;82, ma che possono oggi riscoprirne il significato\u00bb.<\/p>\n<p>\u00abNon \u00e8 soltanto un momento di sport \u2013 ha aggiunto \u2013 ma un\u2019occasione per riflettere sull\u2019eredit\u00e0 umana e valoriale che Paolo Rossi ci ha lasciato. Un racconto che continua a vivere grazie al lavoro di storici, artisti e giornalisti che ne hanno consolidato il mito del &#8220;ragazzo d\u2019oro&#8221;\u00bb.<\/p>\n<p>Versace ha, poi, rimarcato l\u2019importanza della scelta di ospitare l\u2019evento nel Palazzo della Cultura, definito come \u00abla casa dei reggini e di tutti coloro che vogliono proporre e condividere esperienze culturali nuove\u00bb. Un luogo che, attraverso iniziative come questa, \u00abcontribuisce a rinnovare il modo di raccontare il territorio, valorizzandolo attraverso figure simboliche di rilievo nazionale e internazionale\u00bb.<\/p>\n<p>Al centro del suo intervento anche il ruolo strategico dello sport come leva di sviluppo: \u00abLo sport deve essere uno dei motori cardine per promuovere il nostro territorio. Servono iniziative di questo livello, capaci di alzare l\u2019asticella e attrarre attenzione e partecipazione\u00bb.<\/p>\n<p>Accanto alla dimensione culturale, il sindaco facente funzioni ha sottolineato la necessit\u00e0 di investire anche in servizi e infrastrutture: \u00ab\u00c8 fondamentale puntare su un\u2019impiantistica sportiva all\u2019avanguardia, in grado di preparare il territorio ad accogliere grandi eventi e generare opportunit\u00e0 concrete\u00bb.<\/p>\n<p>Quindi, Carmelo Versace ha ribadito la sinergia possibile tra cultura e sport: \u00abSono due ambiti che possono e devono camminare insieme. Le istituzioni sono chiamate a fare ancora molto, ma iniziative come questa rappresentano certamente un buon punto di partenza\u00bb.<\/p>\n<p>Infine, durante il successivo talk organizzato nella sala &#8220;monsignor Ferro&#8221; di Palazzo Alvaro, Versace ha ringraziato gli organizzatori, il coordinatore dell&#8217;evento, Maurizio Insard\u00e0, Federica Cappelletti, presidente della Lega Serie A Femminile e moglie di Paolo Rossi, e la dirigente del settore Affari generali della Citt\u00e0 Metropolitana, Alessandra Sarlo.<\/p>\n<p>&nbsp;<\/p>\n<p>&nbsp;<\/p>\n<p>&nbsp;<\/p>\n","protected":false},"excerpt":{"rendered":"<p>Il sindaco metropolitano facente funzioni, Carmelo Versace, ha preso parte all\u2019inaugurazione della mostra &#8220;Paolo Rossi. Un ragazzo d&#8217;oro&#8221;, un percorso espositivo gratuito che, fino al prossimo 29 maggio, tra le&hellip;<\/p>\n","protected":false},"author":12,"featured_media":94415,"comment_status":"closed","ping_status":"open","sticky":false,"template":"","format":"standard","meta":{"_jetpack_memberships_contains_paid_content":false,"footnotes":"","jetpack_publicize_message":"","jetpack_publicize_feature_enabled":true,"jetpack_social_post_already_shared":true,"jetpack_social_options":{"image_generator_settings":{"template":"highway","default_image_id":0,"font":"","enabled":false},"version":2}},"categories":[921,196,140],"tags":[239,53146,53144,53143,53147,53145,5007,417],"class_list":["post-94414","post","type-post","status-publish","format-standard","has-post-thumbnail","hentry","category-home","category-news","category-reggio-calabria","tag-carmelo-versace","tag-esempio-senza-tempo","tag-giancarlo-antognoni","tag-italo-cucci","tag-memoria-collettiva","tag-mostra-paolo-rossi-un-ragazzo-doro","tag-palazzo-crupi","tag-sport"],"yoast_head":"<!-- This site is optimized with the Yoast SEO plugin v27.2 - https:\/\/yoast.com\/product\/yoast-seo-wordpress\/ -->\n<title>Inaugurata a Palazzo Crupi la mostra dedicata a Paolo Rossi<\/title>\n<meta name=\"description\" content=\"\u00abEsempio senza tempo tra sport, valori e memoria collettiva\u00bb ha dichiarato il Sindaco ff, Versace, alla presentazione con Antognoni e Cucci\" \/>\n<meta name=\"robots\" content=\"index, follow, max-snippet:-1, max-image-preview:large, max-video-preview:-1\" \/>\n<link rel=\"canonical\" href=\"https:\/\/progettotouring.it\/radiotouring104\/2026\/04\/27\/reggio-inaugurata-al-palazzo-della-cultura-la-mostra-paolo-rossi-un-ragazzo-doro\/\" \/>\n<meta property=\"og:locale\" content=\"it_IT\" \/>\n<meta property=\"og:type\" content=\"article\" \/>\n<meta property=\"og:title\" content=\"Inaugurata a Palazzo Crupi la mostra dedicata a Paolo Rossi\" \/>\n<meta property=\"og:description\" content=\"\u00abEsempio senza tempo tra sport, valori e memoria collettiva\u00bb ha dichiarato il Sindaco ff, Versace, alla presentazione con Antognoni e Cucci\" \/>\n<meta property=\"og:url\" content=\"https:\/\/progettotouring.it\/radiotouring104\/2026\/04\/27\/reggio-inaugurata-al-palazzo-della-cultura-la-mostra-paolo-rossi-un-ragazzo-doro\/\" \/>\n<meta property=\"og:site_name\" content=\"Radio Touring 104\" \/>\n<meta property=\"article:published_time\" content=\"2026-04-27T07:22:52+00:00\" \/>\n<meta property=\"article:modified_time\" content=\"2026-04-27T07:23:44+00:00\" \/>\n<meta property=\"og:image\" content=\"https:\/\/progettotouring.it\/radiotouring104\/wp-content\/uploads\/sites\/6\/2026\/04\/Paolo-Rossi-un-ragazzo-doro-Italo-Cucci-Giancarlo-Antognoni-Versace.jpeg\" \/>\n\t<meta property=\"og:image:width\" content=\"1600\" \/>\n\t<meta property=\"og:image:height\" content=\"1066\" \/>\n\t<meta property=\"og:image:type\" content=\"image\/jpeg\" \/>\n<meta name=\"author\" content=\"Sebastiano Plutino\" \/>\n<meta name=\"twitter:card\" content=\"summary_large_image\" \/>\n<meta name=\"twitter:label1\" content=\"Scritto da\" \/>\n\t<meta name=\"twitter:data1\" content=\"Sebastiano Plutino\" \/>\n\t<meta name=\"twitter:label2\" content=\"Tempo di lettura stimato\" \/>\n\t<meta name=\"twitter:data2\" content=\"2 minuti\" \/>\n<script type=\"application\/ld+json\" class=\"yoast-schema-graph\">{\"@context\":\"https:\/\/schema.org\",\"@graph\":[{\"@type\":\"Article\",\"@id\":\"https:\/\/progettotouring.it\/radiotouring104\/2026\/04\/27\/reggio-inaugurata-al-palazzo-della-cultura-la-mostra-paolo-rossi-un-ragazzo-doro\/#article\",\"isPartOf\":{\"@id\":\"https:\/\/progettotouring.it\/radiotouring104\/2026\/04\/27\/reggio-inaugurata-al-palazzo-della-cultura-la-mostra-paolo-rossi-un-ragazzo-doro\/\"},\"author\":{\"name\":\"Sebastiano Plutino\",\"@id\":\"https:\/\/progettotouring.it\/radiotouring104\/#\/schema\/person\/78613917f1851f041f7483f5af1d422e\"},\"headline\":\"Reggio: inaugurata al Palazzo della Cultura la mostra &#8220;Paolo Rossi. Un ragazzo d&#8217;oro&#8221;\",\"datePublished\":\"2026-04-27T07:22:52+00:00\",\"dateModified\":\"2026-04-27T07:23:44+00:00\",\"mainEntityOfPage\":{\"@id\":\"https:\/\/progettotouring.it\/radiotouring104\/2026\/04\/27\/reggio-inaugurata-al-palazzo-della-cultura-la-mostra-paolo-rossi-un-ragazzo-doro\/\"},\"wordCount\":480,\"publisher\":{\"@id\":\"https:\/\/progettotouring.it\/radiotouring104\/#organization\"},\"image\":{\"@id\":\"https:\/\/progettotouring.it\/radiotouring104\/2026\/04\/27\/reggio-inaugurata-al-palazzo-della-cultura-la-mostra-paolo-rossi-un-ragazzo-doro\/#primaryimage\"},\"thumbnailUrl\":\"https:\/\/progettotouring.it\/radiotouring104\/wp-content\/uploads\/sites\/6\/2026\/04\/Paolo-Rossi-un-ragazzo-doro-Italo-Cucci-Giancarlo-Antognoni-Versace.jpeg\",\"keywords\":[\"carmelo versace\",\"esempio senza tempo\",\"Giancarlo Antognoni\",\"Italo Cucci\",\"memoria collettiva\",\"mostra Paolo Rossi Un ragazzo d'oro\",\"Palazzo Crupi\",\"sport\"],\"articleSection\":[\"Home\",\"News\",\"Reggio Calabria\"],\"inLanguage\":\"it-IT\"},{\"@type\":\"WebPage\",\"@id\":\"https:\/\/progettotouring.it\/radiotouring104\/2026\/04\/27\/reggio-inaugurata-al-palazzo-della-cultura-la-mostra-paolo-rossi-un-ragazzo-doro\/\",\"url\":\"https:\/\/progettotouring.it\/radiotouring104\/2026\/04\/27\/reggio-inaugurata-al-palazzo-della-cultura-la-mostra-paolo-rossi-un-ragazzo-doro\/\",\"name\":\"Inaugurata a Palazzo Crupi la mostra dedicata a Paolo Rossi\",\"isPartOf\":{\"@id\":\"https:\/\/progettotouring.it\/radiotouring104\/#website\"},\"primaryImageOfPage\":{\"@id\":\"https:\/\/progettotouring.it\/radiotouring104\/2026\/04\/27\/reggio-inaugurata-al-palazzo-della-cultura-la-mostra-paolo-rossi-un-ragazzo-doro\/#primaryimage\"},\"image\":{\"@id\":\"https:\/\/progettotouring.it\/radiotouring104\/2026\/04\/27\/reggio-inaugurata-al-palazzo-della-cultura-la-mostra-paolo-rossi-un-ragazzo-doro\/#primaryimage\"},\"thumbnailUrl\":\"https:\/\/progettotouring.it\/radiotouring104\/wp-content\/uploads\/sites\/6\/2026\/04\/Paolo-Rossi-un-ragazzo-doro-Italo-Cucci-Giancarlo-Antognoni-Versace.jpeg\",\"datePublished\":\"2026-04-27T07:22:52+00:00\",\"dateModified\":\"2026-04-27T07:23:44+00:00\",\"description\":\"\u00abEsempio senza tempo tra sport, valori e memoria collettiva\u00bb ha dichiarato il Sindaco ff, Versace, alla presentazione con Antognoni e Cucci\",\"breadcrumb\":{\"@id\":\"https:\/\/progettotouring.it\/radiotouring104\/2026\/04\/27\/reggio-inaugurata-al-palazzo-della-cultura-la-mostra-paolo-rossi-un-ragazzo-doro\/#breadcrumb\"},\"inLanguage\":\"it-IT\",\"potentialAction\":[{\"@type\":\"ReadAction\",\"target\":[\"https:\/\/progettotouring.it\/radiotouring104\/2026\/04\/27\/reggio-inaugurata-al-palazzo-della-cultura-la-mostra-paolo-rossi-un-ragazzo-doro\/\"]}]},{\"@type\":\"ImageObject\",\"inLanguage\":\"it-IT\",\"@id\":\"https:\/\/progettotouring.it\/radiotouring104\/2026\/04\/27\/reggio-inaugurata-al-palazzo-della-cultura-la-mostra-paolo-rossi-un-ragazzo-doro\/#primaryimage\",\"url\":\"https:\/\/progettotouring.it\/radiotouring104\/wp-content\/uploads\/sites\/6\/2026\/04\/Paolo-Rossi-un-ragazzo-doro-Italo-Cucci-Giancarlo-Antognoni-Versace.jpeg\",\"contentUrl\":\"https:\/\/progettotouring.it\/radiotouring104\/wp-content\/uploads\/sites\/6\/2026\/04\/Paolo-Rossi-un-ragazzo-doro-Italo-Cucci-Giancarlo-Antognoni-Versace.jpeg\",\"width\":1600,\"height\":1066},{\"@type\":\"BreadcrumbList\",\"@id\":\"https:\/\/progettotouring.it\/radiotouring104\/2026\/04\/27\/reggio-inaugurata-al-palazzo-della-cultura-la-mostra-paolo-rossi-un-ragazzo-doro\/#breadcrumb\",\"itemListElement\":[{\"@type\":\"ListItem\",\"position\":1,\"name\":\"Home\",\"item\":\"https:\/\/progettotouring.it\/radiotouring104\/\"},{\"@type\":\"ListItem\",\"position\":2,\"name\":\"Reggio: inaugurata al Palazzo della Cultura la mostra &#8220;Paolo Rossi. Un ragazzo d&#8217;oro&#8221;\"}]},{\"@type\":\"WebSite\",\"@id\":\"https:\/\/progettotouring.it\/radiotouring104\/#website\",\"url\":\"https:\/\/progettotouring.it\/radiotouring104\/\",\"name\":\"Radio Touring 104\",\"description\":\"La prima radio Reggina\",\"publisher\":{\"@id\":\"https:\/\/progettotouring.it\/radiotouring104\/#organization\"},\"potentialAction\":[{\"@type\":\"SearchAction\",\"target\":{\"@type\":\"EntryPoint\",\"urlTemplate\":\"https:\/\/progettotouring.it\/radiotouring104\/?s={search_term_string}\"},\"query-input\":{\"@type\":\"PropertyValueSpecification\",\"valueRequired\":true,\"valueName\":\"search_term_string\"}}],\"inLanguage\":\"it-IT\"},{\"@type\":\"Organization\",\"@id\":\"https:\/\/progettotouring.it\/radiotouring104\/#organization\",\"name\":\"Radio Touring 104\",\"url\":\"https:\/\/progettotouring.it\/radiotouring104\/\",\"logo\":{\"@type\":\"ImageObject\",\"inLanguage\":\"it-IT\",\"@id\":\"https:\/\/progettotouring.it\/radiotouring104\/#\/schema\/logo\/image\/\",\"url\":\"https:\/\/progettotouring.it\/radiotouring104\/wp-content\/uploads\/sites\/6\/2022\/02\/cropped-logo-radio-touring-104.png\",\"contentUrl\":\"https:\/\/progettotouring.it\/radiotouring104\/wp-content\/uploads\/sites\/6\/2022\/02\/cropped-logo-radio-touring-104.png\",\"width\":377,\"height\":182,\"caption\":\"Radio Touring 104\"},\"image\":{\"@id\":\"https:\/\/progettotouring.it\/radiotouring104\/#\/schema\/logo\/image\/\"}},{\"@type\":\"Person\",\"@id\":\"https:\/\/progettotouring.it\/radiotouring104\/#\/schema\/person\/78613917f1851f041f7483f5af1d422e\",\"name\":\"Sebastiano Plutino\",\"image\":{\"@type\":\"ImageObject\",\"inLanguage\":\"it-IT\",\"@id\":\"https:\/\/secure.gravatar.com\/avatar\/0546ffaa9b79224faf9f2a156b67a529ae861d3287c66c1d8ccfdf909bcba78d?s=96&d=mm&r=g\",\"url\":\"https:\/\/secure.gravatar.com\/avatar\/0546ffaa9b79224faf9f2a156b67a529ae861d3287c66c1d8ccfdf909bcba78d?s=96&d=mm&r=g\",\"contentUrl\":\"https:\/\/secure.gravatar.com\/avatar\/0546ffaa9b79224faf9f2a156b67a529ae861d3287c66c1d8ccfdf909bcba78d?s=96&d=mm&r=g\",\"caption\":\"Sebastiano Plutino\"},\"url\":\"https:\/\/progettotouring.it\/radiotouring104\/author\/sebastiano\/\"}]}<\/script>\n<!-- \/ Yoast SEO plugin. -->","yoast_head_json":{"title":"Inaugurata a Palazzo Crupi la mostra dedicata a Paolo Rossi","description":"\u00abEsempio senza tempo tra sport, valori e memoria collettiva\u00bb ha dichiarato il Sindaco ff, Versace, alla presentazione con Antognoni e Cucci","robots":{"index":"index","follow":"follow","max-snippet":"max-snippet:-1","max-image-preview":"max-image-preview:large","max-video-preview":"max-video-preview:-1"},"canonical":"https:\/\/progettotouring.it\/radiotouring104\/2026\/04\/27\/reggio-inaugurata-al-palazzo-della-cultura-la-mostra-paolo-rossi-un-ragazzo-doro\/","og_locale":"it_IT","og_type":"article","og_title":"Inaugurata a Palazzo Crupi la mostra dedicata a Paolo Rossi","og_description":"\u00abEsempio senza tempo tra sport, valori e memoria collettiva\u00bb ha dichiarato il Sindaco ff, Versace, alla presentazione con Antognoni e Cucci","og_url":"https:\/\/progettotouring.it\/radiotouring104\/2026\/04\/27\/reggio-inaugurata-al-palazzo-della-cultura-la-mostra-paolo-rossi-un-ragazzo-doro\/","og_site_name":"Radio Touring 104","article_published_time":"2026-04-27T07:22:52+00:00","article_modified_time":"2026-04-27T07:23:44+00:00","og_image":[{"width":1600,"height":1066,"url":"https:\/\/progettotouring.it\/radiotouring104\/wp-content\/uploads\/sites\/6\/2026\/04\/Paolo-Rossi-un-ragazzo-doro-Italo-Cucci-Giancarlo-Antognoni-Versace.jpeg","type":"image\/jpeg"}],"author":"Sebastiano Plutino","twitter_card":"summary_large_image","twitter_misc":{"Scritto da":"Sebastiano Plutino","Tempo di lettura stimato":"2 minuti"},"schema":{"@context":"https:\/\/schema.org","@graph":[{"@type":"Article","@id":"https:\/\/progettotouring.it\/radiotouring104\/2026\/04\/27\/reggio-inaugurata-al-palazzo-della-cultura-la-mostra-paolo-rossi-un-ragazzo-doro\/#article","isPartOf":{"@id":"https:\/\/progettotouring.it\/radiotouring104\/2026\/04\/27\/reggio-inaugurata-al-palazzo-della-cultura-la-mostra-paolo-rossi-un-ragazzo-doro\/"},"author":{"name":"Sebastiano Plutino","@id":"https:\/\/progettotouring.it\/radiotouring104\/#\/schema\/person\/78613917f1851f041f7483f5af1d422e"},"headline":"Reggio: inaugurata al Palazzo della Cultura la mostra &#8220;Paolo Rossi. Un ragazzo d&#8217;oro&#8221;","datePublished":"2026-04-27T07:22:52+00:00","dateModified":"2026-04-27T07:23:44+00:00","mainEntityOfPage":{"@id":"https:\/\/progettotouring.it\/radiotouring104\/2026\/04\/27\/reggio-inaugurata-al-palazzo-della-cultura-la-mostra-paolo-rossi-un-ragazzo-doro\/"},"wordCount":480,"publisher":{"@id":"https:\/\/progettotouring.it\/radiotouring104\/#organization"},"image":{"@id":"https:\/\/progettotouring.it\/radiotouring104\/2026\/04\/27\/reggio-inaugurata-al-palazzo-della-cultura-la-mostra-paolo-rossi-un-ragazzo-doro\/#primaryimage"},"thumbnailUrl":"https:\/\/progettotouring.it\/radiotouring104\/wp-content\/uploads\/sites\/6\/2026\/04\/Paolo-Rossi-un-ragazzo-doro-Italo-Cucci-Giancarlo-Antognoni-Versace.jpeg","keywords":["carmelo versace","esempio senza tempo","Giancarlo Antognoni","Italo Cucci","memoria collettiva","mostra Paolo Rossi Un ragazzo d'oro","Palazzo Crupi","sport"],"articleSection":["Home","News","Reggio Calabria"],"inLanguage":"it-IT"},{"@type":"WebPage","@id":"https:\/\/progettotouring.it\/radiotouring104\/2026\/04\/27\/reggio-inaugurata-al-palazzo-della-cultura-la-mostra-paolo-rossi-un-ragazzo-doro\/","url":"https:\/\/progettotouring.it\/radiotouring104\/2026\/04\/27\/reggio-inaugurata-al-palazzo-della-cultura-la-mostra-paolo-rossi-un-ragazzo-doro\/","name":"Inaugurata a Palazzo Crupi la mostra dedicata a Paolo Rossi","isPartOf":{"@id":"https:\/\/progettotouring.it\/radiotouring104\/#website"},"primaryImageOfPage":{"@id":"https:\/\/progettotouring.it\/radiotouring104\/2026\/04\/27\/reggio-inaugurata-al-palazzo-della-cultura-la-mostra-paolo-rossi-un-ragazzo-doro\/#primaryimage"},"image":{"@id":"https:\/\/progettotouring.it\/radiotouring104\/2026\/04\/27\/reggio-inaugurata-al-palazzo-della-cultura-la-mostra-paolo-rossi-un-ragazzo-doro\/#primaryimage"},"thumbnailUrl":"https:\/\/progettotouring.it\/radiotouring104\/wp-content\/uploads\/sites\/6\/2026\/04\/Paolo-Rossi-un-ragazzo-doro-Italo-Cucci-Giancarlo-Antognoni-Versace.jpeg","datePublished":"2026-04-27T07:22:52+00:00","dateModified":"2026-04-27T07:23:44+00:00","description":"\u00abEsempio senza tempo tra sport, valori e memoria collettiva\u00bb ha dichiarato il Sindaco ff, Versace, alla presentazione con Antognoni e Cucci","breadcrumb":{"@id":"https:\/\/progettotouring.it\/radiotouring104\/2026\/04\/27\/reggio-inaugurata-al-palazzo-della-cultura-la-mostra-paolo-rossi-un-ragazzo-doro\/#breadcrumb"},"inLanguage":"it-IT","potentialAction":[{"@type":"ReadAction","target":["https:\/\/progettotouring.it\/radiotouring104\/2026\/04\/27\/reggio-inaugurata-al-palazzo-della-cultura-la-mostra-paolo-rossi-un-ragazzo-doro\/"]}]},{"@type":"ImageObject","inLanguage":"it-IT","@id":"https:\/\/progettotouring.it\/radiotouring104\/2026\/04\/27\/reggio-inaugurata-al-palazzo-della-cultura-la-mostra-paolo-rossi-un-ragazzo-doro\/#primaryimage","url":"https:\/\/progettotouring.it\/radiotouring104\/wp-content\/uploads\/sites\/6\/2026\/04\/Paolo-Rossi-un-ragazzo-doro-Italo-Cucci-Giancarlo-Antognoni-Versace.jpeg","contentUrl":"https:\/\/progettotouring.it\/radiotouring104\/wp-content\/uploads\/sites\/6\/2026\/04\/Paolo-Rossi-un-ragazzo-doro-Italo-Cucci-Giancarlo-Antognoni-Versace.jpeg","width":1600,"height":1066},{"@type":"BreadcrumbList","@id":"https:\/\/progettotouring.it\/radiotouring104\/2026\/04\/27\/reggio-inaugurata-al-palazzo-della-cultura-la-mostra-paolo-rossi-un-ragazzo-doro\/#breadcrumb","itemListElement":[{"@type":"ListItem","position":1,"name":"Home","item":"https:\/\/progettotouring.it\/radiotouring104\/"},{"@type":"ListItem","position":2,"name":"Reggio: inaugurata al Palazzo della Cultura la mostra &#8220;Paolo Rossi. Un ragazzo d&#8217;oro&#8221;"}]},{"@type":"WebSite","@id":"https:\/\/progettotouring.it\/radiotouring104\/#website","url":"https:\/\/progettotouring.it\/radiotouring104\/","name":"Radio Touring 104","description":"La prima radio Reggina","publisher":{"@id":"https:\/\/progettotouring.it\/radiotouring104\/#organization"},"potentialAction":[{"@type":"SearchAction","target":{"@type":"EntryPoint","urlTemplate":"https:\/\/progettotouring.it\/radiotouring104\/?s={search_term_string}"},"query-input":{"@type":"PropertyValueSpecification","valueRequired":true,"valueName":"search_term_string"}}],"inLanguage":"it-IT"},{"@type":"Organization","@id":"https:\/\/progettotouring.it\/radiotouring104\/#organization","name":"Radio Touring 104","url":"https:\/\/progettotouring.it\/radiotouring104\/","logo":{"@type":"ImageObject","inLanguage":"it-IT","@id":"https:\/\/progettotouring.it\/radiotouring104\/#\/schema\/logo\/image\/","url":"https:\/\/progettotouring.it\/radiotouring104\/wp-content\/uploads\/sites\/6\/2022\/02\/cropped-logo-radio-touring-104.png","contentUrl":"https:\/\/progettotouring.it\/radiotouring104\/wp-content\/uploads\/sites\/6\/2022\/02\/cropped-logo-radio-touring-104.png","width":377,"height":182,"caption":"Radio Touring 104"},"image":{"@id":"https:\/\/progettotouring.it\/radiotouring104\/#\/schema\/logo\/image\/"}},{"@type":"Person","@id":"https:\/\/progettotouring.it\/radiotouring104\/#\/schema\/person\/78613917f1851f041f7483f5af1d422e","name":"Sebastiano Plutino","image":{"@type":"ImageObject","inLanguage":"it-IT","@id":"https:\/\/secure.gravatar.com\/avatar\/0546ffaa9b79224faf9f2a156b67a529ae861d3287c66c1d8ccfdf909bcba78d?s=96&d=mm&r=g","url":"https:\/\/secure.gravatar.com\/avatar\/0546ffaa9b79224faf9f2a156b67a529ae861d3287c66c1d8ccfdf909bcba78d?s=96&d=mm&r=g","contentUrl":"https:\/\/secure.gravatar.com\/avatar\/0546ffaa9b79224faf9f2a156b67a529ae861d3287c66c1d8ccfdf909bcba78d?s=96&d=mm&r=g","caption":"Sebastiano Plutino"},"url":"https:\/\/progettotouring.it\/radiotouring104\/author\/sebastiano\/"}]}},"jetpack_publicize_connections":[],"jetpack_featured_media_url":"https:\/\/progettotouring.it\/radiotouring104\/wp-content\/uploads\/sites\/6\/2026\/04\/Paolo-Rossi-un-ragazzo-doro-Italo-Cucci-Giancarlo-Antognoni-Versace.jpeg","jetpack_sharing_enabled":true,"_links":{"self":[{"href":"https:\/\/progettotouring.it\/radiotouring104\/wp-json\/wp\/v2\/posts\/94414","targetHints":{"allow":["GET"]}}],"collection":[{"href":"https:\/\/progettotouring.it\/radiotouring104\/wp-json\/wp\/v2\/posts"}],"about":[{"href":"https:\/\/progettotouring.it\/radiotouring104\/wp-json\/wp\/v2\/types\/post"}],"author":[{"embeddable":true,"href":"https:\/\/progettotouring.it\/radiotouring104\/wp-json\/wp\/v2\/users\/12"}],"replies":[{"embeddable":true,"href":"https:\/\/progettotouring.it\/radiotouring104\/wp-json\/wp\/v2\/comments?post=94414"}],"version-history":[{"count":2,"href":"https:\/\/progettotouring.it\/radiotouring104\/wp-json\/wp\/v2\/posts\/94414\/revisions"}],"predecessor-version":[{"id":94417,"href":"https:\/\/progettotouring.it\/radiotouring104\/wp-json\/wp\/v2\/posts\/94414\/revisions\/94417"}],"wp:featuredmedia":[{"embeddable":true,"href":"https:\/\/progettotouring.it\/radiotouring104\/wp-json\/wp\/v2\/media\/94415"}],"wp:attachment":[{"href":"https:\/\/progettotouring.it\/radiotouring104\/wp-json\/wp\/v2\/media?parent=94414"}],"wp:term":[{"taxonomy":"category","embeddable":true,"href":"https:\/\/progettotouring.it\/radiotouring104\/wp-json\/wp\/v2\/categories?post=94414"},{"taxonomy":"post_tag","embeddable":true,"href":"https:\/\/progettotouring.it\/radiotouring104\/wp-json\/wp\/v2\/tags?post=94414"}],"curies":[{"name":"wp","href":"https:\/\/api.w.org\/{rel}","templated":true}]}}