{"id":94431,"date":"2026-04-27T10:30:52","date_gmt":"2026-04-27T08:30:52","guid":{"rendered":"https:\/\/progettotouring.it\/radiotouring104\/?p=94431"},"modified":"2026-04-27T12:41:43","modified_gmt":"2026-04-27T10:41:43","slug":"adesso-reggio-cannizzaro-apre-la-campagna-elettorale-a-piazza-de-nava","status":"publish","type":"post","link":"https:\/\/progettotouring.it\/radiotouring104\/2026\/04\/27\/adesso-reggio-cannizzaro-apre-la-campagna-elettorale-a-piazza-de-nava\/","title":{"rendered":"&#8220;Adesso Reggio&#8221;: Cannizzaro apre la Campagna Elettorale a Piazza De Nava"},"content":{"rendered":"<p>Il candidato sindaco per il centrodestra a Reggio Calabria, Francesco Cannizzaro, apre ufficialmente in una piazza De Nava gremita la campagna elettorale in vista delle elezioni amministrative del 24 e 25 maggio. Al suo fianco il presidente della Regione e vicesegretario nazionale di Forza Italia, Roberto Occhiuto.<\/p>\n<p>Se ho lasciato Roma \u00e8 perch\u00e9 ho deciso di fare in modo, e voglio fortemente, che Reggio risorga&#8221;, ha messo in chiaro Cannizzaro ribadendo i suoi progetti per la rinascita e il futuro della citt\u00e0.<\/p>\n<p>&#8220;Sono onorato di essere candidato &#8211; ha detto &#8211; Reggio mi ha dato tanto. Nel momento in cui Reggio ha chiamato Cannizzaro ha risposto&#8221;. Sul palco, accanto a lui e Occhiuto, i massimi esponenti del centrodestra calabrese insieme ai coordinatori delle 12 liste che lo sostengono.<\/p>\n<p>Occhiuto ha raccontato del suo rapporto con Cannizzaro quando, da dirigente del partito, &#8220;assieme a Jole Santelli notammo questo giovane che infiammava l&#8217;aula di palazzo Campanella. Con una carica e una passione che non ha mai perso in questi anni. Anche in Parlamento si fece subito apprezzare per la simpatia, la carica, la passione ma, soprattutto, per il suo amore verso il territorio, la sua Reggio&#8221;. &#8220;Un ragazzo di Calabria &#8211; lo ha definito Occhiuto &#8211; che \u00e8 riuscito a salire tutti i gradini della scala che aveva davanti e oggi si candida a guidare la sua citt\u00e0, senza aver avuto dietro di s\u00e9 familiari protagonisti della politica. Oggi sta lasciando un posto importante della politica nazionale per essere il vostro rappresentante. Faremo grandi cose insieme &#8211; ha promesso Occhiuto &#8211; e dimostreremo che tu resterai nella storia di questa citt\u00e0. Mi ha chiesto una funivia turistica per la sua citt\u00e0. E la faremo. Sar\u00e0 il primo regalo per questa citt\u00e0&#8221;. Cannizzaro, prendendo la parola, ha osservato come si debba &#8220;trasformare questo entusiasmo in un risultato concreto. C&#8217;\u00e8 un compito arduo per chi andr\u00e0 a governare questa citt\u00e0 che deve recuperare anni di ritardo. Una citt\u00e0 che oggi rispecchia chi l&#8217;ha governata in questi 12 anni&#8221;. Poi la descrizione dell&#8217;immediata fase di attuazione del programma elettorale, a cominciare da una profonda riorganizzazione del personale amministrativo del Comune di Reggio Calabria. Le politiche sociali, &#8220;le periferie al centro&#8221;, con la novit\u00e0 delle Circoscrizioni cittadine, &#8220;i cui presidenti &#8211; ha detto Cannizzaro &#8211; saranno degli assessori esterni del sindaco&#8221;.<\/p>\n<p>Quindi gli interventi di rifacimento delle strade, un nuovo piano rifiuti, la depurazione, &#8220;grazie all&#8217;attenzione del governo nazionale e alla Giunta regionale che hanno destinato 140 milioni di euro per Reggio Calabria&#8221;, ha ricordato.<\/p>\n<p>Cannizzaro ha elencato idee, progetti e prospettive, per una citt\u00e0 che dovr\u00e0 diventare &#8220;davvero turistica, accogliente; verso cui tanti brand internazionali stanno iniziando a guardare con interesse&#8221;, con l&#8217;aeroporto che ha gi\u00e0 acquisito il ruolo di hub strategico anche per la Sicilia nord-orientale, con la citt\u00e0 di Messina e le Isole Eolie. E ancora la visione internazionale, con il Piano Mattei sul Nord-Africa per il quale, in accordo con il ministro degli Esteri Antonio Tajani, si \u00e8 pensato di fare di Reggio la &#8220;citt\u00e0 missione del Piano Mattei&#8221;.<\/p>\n","protected":false},"excerpt":{"rendered":"<p>Il candidato sindaco per il centrodestra a Reggio Calabria, Francesco Cannizzaro, apre ufficialmente in una piazza De Nava gremita la campagna elettorale in vista delle elezioni amministrative del 24 e&hellip;<\/p>\n","protected":false},"author":5,"featured_media":94432,"comment_status":"closed","ping_status":"open","sticky":false,"template":"","format":"standard","meta":{"_jetpack_memberships_contains_paid_content":false,"footnotes":"","jetpack_publicize_message":"","jetpack_publicize_feature_enabled":true,"jetpack_social_post_already_shared":true,"jetpack_social_options":{"image_generator_settings":{"template":"highway","default_image_id":0,"font":"","enabled":false},"version":2}},"categories":[921,150,196,140],"tags":[50999,53161,10459,2776,53159,53160],"class_list":["post-94431","post","type-post","status-publish","format-standard","has-post-thumbnail","hentry","category-home","category-in-primo-piano","category-news","category-reggio-calabria","tag-adesso-reggio","tag-104-milioni-per-la-depurazione","tag-elezioni-comunali","tag-francesco-cannizzaro","tag-piazza-de-neva","tag-polo-fieristico"],"yoast_head":"<!-- This site is optimized with the Yoast SEO plugin v27.2 - https:\/\/yoast.com\/product\/yoast-seo-wordpress\/ -->\n<title>&quot;Adesso Reggio&quot;: Cannizzaro apre la Campagna Elettorale a Piazza De Nava - Radio Touring 104<\/title>\n<meta name=\"description\" content=\"In una piazza gremita, il candidato di Centrodestra avvia la campagna per le prossime comunali. Tra i punti principali il polo fieristico\" \/>\n<meta name=\"robots\" content=\"index, follow, max-snippet:-1, max-image-preview:large, max-video-preview:-1\" \/>\n<link rel=\"canonical\" href=\"https:\/\/progettotouring.it\/radiotouring104\/2026\/04\/27\/adesso-reggio-cannizzaro-apre-la-campagna-elettorale-a-piazza-de-nava\/\" \/>\n<meta property=\"og:locale\" content=\"it_IT\" \/>\n<meta property=\"og:type\" content=\"article\" \/>\n<meta property=\"og:title\" content=\"&quot;Adesso Reggio&quot;: Cannizzaro apre la Campagna Elettorale a Piazza De Nava - Radio Touring 104\" \/>\n<meta property=\"og:description\" content=\"In una piazza gremita, il candidato di Centrodestra avvia la campagna per le prossime comunali. Tra i punti principali il polo fieristico\" \/>\n<meta property=\"og:url\" content=\"https:\/\/progettotouring.it\/radiotouring104\/2026\/04\/27\/adesso-reggio-cannizzaro-apre-la-campagna-elettorale-a-piazza-de-nava\/\" \/>\n<meta property=\"og:site_name\" content=\"Radio Touring 104\" \/>\n<meta property=\"article:published_time\" content=\"2026-04-27T08:30:52+00:00\" \/>\n<meta property=\"article:modified_time\" content=\"2026-04-27T10:41:43+00:00\" \/>\n<meta property=\"og:image\" content=\"https:\/\/progettotouring.it\/radiotouring104\/wp-content\/uploads\/sites\/6\/2026\/04\/Adesso-Reggio-Francesco-Cannizzaro.jpeg\" \/>\n\t<meta property=\"og:image:width\" content=\"922\" \/>\n\t<meta property=\"og:image:height\" content=\"1456\" \/>\n\t<meta property=\"og:image:type\" content=\"image\/jpeg\" \/>\n<meta name=\"author\" content=\"redazione\" \/>\n<meta name=\"twitter:card\" content=\"summary_large_image\" \/>\n<meta name=\"twitter:label1\" content=\"Scritto da\" \/>\n\t<meta name=\"twitter:data1\" content=\"redazione\" \/>\n\t<meta name=\"twitter:label2\" content=\"Tempo di lettura stimato\" \/>\n\t<meta name=\"twitter:data2\" content=\"2 minuti\" \/>\n<script type=\"application\/ld+json\" class=\"yoast-schema-graph\">{\"@context\":\"https:\/\/schema.org\",\"@graph\":[{\"@type\":\"Article\",\"@id\":\"https:\/\/progettotouring.it\/radiotouring104\/2026\/04\/27\/adesso-reggio-cannizzaro-apre-la-campagna-elettorale-a-piazza-de-nava\/#article\",\"isPartOf\":{\"@id\":\"https:\/\/progettotouring.it\/radiotouring104\/2026\/04\/27\/adesso-reggio-cannizzaro-apre-la-campagna-elettorale-a-piazza-de-nava\/\"},\"author\":{\"name\":\"redazione\",\"@id\":\"https:\/\/progettotouring.it\/radiotouring104\/#\/schema\/person\/1b3eb3c07c47136bc44c785c543e635f\"},\"headline\":\"&#8220;Adesso Reggio&#8221;: Cannizzaro apre la Campagna Elettorale a Piazza De Nava\",\"datePublished\":\"2026-04-27T08:30:52+00:00\",\"dateModified\":\"2026-04-27T10:41:43+00:00\",\"mainEntityOfPage\":{\"@id\":\"https:\/\/progettotouring.it\/radiotouring104\/2026\/04\/27\/adesso-reggio-cannizzaro-apre-la-campagna-elettorale-a-piazza-de-nava\/\"},\"wordCount\":510,\"publisher\":{\"@id\":\"https:\/\/progettotouring.it\/radiotouring104\/#organization\"},\"image\":{\"@id\":\"https:\/\/progettotouring.it\/radiotouring104\/2026\/04\/27\/adesso-reggio-cannizzaro-apre-la-campagna-elettorale-a-piazza-de-nava\/#primaryimage\"},\"thumbnailUrl\":\"https:\/\/progettotouring.it\/radiotouring104\/wp-content\/uploads\/sites\/6\/2026\/04\/Adesso-Reggio-Francesco-Cannizzaro.jpeg\",\"keywords\":[\"\u201cADESSO REGGIO\u201d\",\"104 milioni per la depurazione\",\"elezioni comunali\",\"francesco cannizzaro\",\"piazza de neva\",\"polo fieristico\"],\"articleSection\":[\"Home\",\"In primo piano\",\"News\",\"Reggio Calabria\"],\"inLanguage\":\"it-IT\"},{\"@type\":\"WebPage\",\"@id\":\"https:\/\/progettotouring.it\/radiotouring104\/2026\/04\/27\/adesso-reggio-cannizzaro-apre-la-campagna-elettorale-a-piazza-de-nava\/\",\"url\":\"https:\/\/progettotouring.it\/radiotouring104\/2026\/04\/27\/adesso-reggio-cannizzaro-apre-la-campagna-elettorale-a-piazza-de-nava\/\",\"name\":\"\\\"Adesso Reggio\\\": Cannizzaro apre la Campagna Elettorale a Piazza De Nava - Radio Touring 104\",\"isPartOf\":{\"@id\":\"https:\/\/progettotouring.it\/radiotouring104\/#website\"},\"primaryImageOfPage\":{\"@id\":\"https:\/\/progettotouring.it\/radiotouring104\/2026\/04\/27\/adesso-reggio-cannizzaro-apre-la-campagna-elettorale-a-piazza-de-nava\/#primaryimage\"},\"image\":{\"@id\":\"https:\/\/progettotouring.it\/radiotouring104\/2026\/04\/27\/adesso-reggio-cannizzaro-apre-la-campagna-elettorale-a-piazza-de-nava\/#primaryimage\"},\"thumbnailUrl\":\"https:\/\/progettotouring.it\/radiotouring104\/wp-content\/uploads\/sites\/6\/2026\/04\/Adesso-Reggio-Francesco-Cannizzaro.jpeg\",\"datePublished\":\"2026-04-27T08:30:52+00:00\",\"dateModified\":\"2026-04-27T10:41:43+00:00\",\"description\":\"In una piazza gremita, il candidato di Centrodestra avvia la campagna per le prossime comunali. Tra i punti principali il polo fieristico\",\"breadcrumb\":{\"@id\":\"https:\/\/progettotouring.it\/radiotouring104\/2026\/04\/27\/adesso-reggio-cannizzaro-apre-la-campagna-elettorale-a-piazza-de-nava\/#breadcrumb\"},\"inLanguage\":\"it-IT\",\"potentialAction\":[{\"@type\":\"ReadAction\",\"target\":[\"https:\/\/progettotouring.it\/radiotouring104\/2026\/04\/27\/adesso-reggio-cannizzaro-apre-la-campagna-elettorale-a-piazza-de-nava\/\"]}]},{\"@type\":\"ImageObject\",\"inLanguage\":\"it-IT\",\"@id\":\"https:\/\/progettotouring.it\/radiotouring104\/2026\/04\/27\/adesso-reggio-cannizzaro-apre-la-campagna-elettorale-a-piazza-de-nava\/#primaryimage\",\"url\":\"https:\/\/progettotouring.it\/radiotouring104\/wp-content\/uploads\/sites\/6\/2026\/04\/Adesso-Reggio-Francesco-Cannizzaro.jpeg\",\"contentUrl\":\"https:\/\/progettotouring.it\/radiotouring104\/wp-content\/uploads\/sites\/6\/2026\/04\/Adesso-Reggio-Francesco-Cannizzaro.jpeg\",\"width\":922,\"height\":1456},{\"@type\":\"BreadcrumbList\",\"@id\":\"https:\/\/progettotouring.it\/radiotouring104\/2026\/04\/27\/adesso-reggio-cannizzaro-apre-la-campagna-elettorale-a-piazza-de-nava\/#breadcrumb\",\"itemListElement\":[{\"@type\":\"ListItem\",\"position\":1,\"name\":\"Home\",\"item\":\"https:\/\/progettotouring.it\/radiotouring104\/\"},{\"@type\":\"ListItem\",\"position\":2,\"name\":\"&#8220;Adesso Reggio&#8221;: Cannizzaro apre la Campagna Elettorale a Piazza De Nava\"}]},{\"@type\":\"WebSite\",\"@id\":\"https:\/\/progettotouring.it\/radiotouring104\/#website\",\"url\":\"https:\/\/progettotouring.it\/radiotouring104\/\",\"name\":\"Radio Touring 104\",\"description\":\"La prima radio Reggina\",\"publisher\":{\"@id\":\"https:\/\/progettotouring.it\/radiotouring104\/#organization\"},\"potentialAction\":[{\"@type\":\"SearchAction\",\"target\":{\"@type\":\"EntryPoint\",\"urlTemplate\":\"https:\/\/progettotouring.it\/radiotouring104\/?s={search_term_string}\"},\"query-input\":{\"@type\":\"PropertyValueSpecification\",\"valueRequired\":true,\"valueName\":\"search_term_string\"}}],\"inLanguage\":\"it-IT\"},{\"@type\":\"Organization\",\"@id\":\"https:\/\/progettotouring.it\/radiotouring104\/#organization\",\"name\":\"Radio Touring 104\",\"url\":\"https:\/\/progettotouring.it\/radiotouring104\/\",\"logo\":{\"@type\":\"ImageObject\",\"inLanguage\":\"it-IT\",\"@id\":\"https:\/\/progettotouring.it\/radiotouring104\/#\/schema\/logo\/image\/\",\"url\":\"https:\/\/progettotouring.it\/radiotouring104\/wp-content\/uploads\/sites\/6\/2022\/02\/cropped-logo-radio-touring-104.png\",\"contentUrl\":\"https:\/\/progettotouring.it\/radiotouring104\/wp-content\/uploads\/sites\/6\/2022\/02\/cropped-logo-radio-touring-104.png\",\"width\":377,\"height\":182,\"caption\":\"Radio Touring 104\"},\"image\":{\"@id\":\"https:\/\/progettotouring.it\/radiotouring104\/#\/schema\/logo\/image\/\"}},{\"@type\":\"Person\",\"@id\":\"https:\/\/progettotouring.it\/radiotouring104\/#\/schema\/person\/1b3eb3c07c47136bc44c785c543e635f\",\"name\":\"redazione\",\"image\":{\"@type\":\"ImageObject\",\"inLanguage\":\"it-IT\",\"@id\":\"https:\/\/secure.gravatar.com\/avatar\/0b31605b49f100769e8b624b3e05de1b73e1692e9568a352f60f53fd072e6e11?s=96&d=mm&r=g\",\"url\":\"https:\/\/secure.gravatar.com\/avatar\/0b31605b49f100769e8b624b3e05de1b73e1692e9568a352f60f53fd072e6e11?s=96&d=mm&r=g\",\"contentUrl\":\"https:\/\/secure.gravatar.com\/avatar\/0b31605b49f100769e8b624b3e05de1b73e1692e9568a352f60f53fd072e6e11?s=96&d=mm&r=g\",\"caption\":\"redazione\"},\"url\":\"https:\/\/progettotouring.it\/radiotouring104\/author\/redazione\/\"}]}<\/script>\n<!-- \/ Yoast SEO plugin. -->","yoast_head_json":{"title":"\"Adesso Reggio\": Cannizzaro apre la Campagna Elettorale a Piazza De Nava - Radio Touring 104","description":"In una piazza gremita, il candidato di Centrodestra avvia la campagna per le prossime comunali. Tra i punti principali il polo fieristico","robots":{"index":"index","follow":"follow","max-snippet":"max-snippet:-1","max-image-preview":"max-image-preview:large","max-video-preview":"max-video-preview:-1"},"canonical":"https:\/\/progettotouring.it\/radiotouring104\/2026\/04\/27\/adesso-reggio-cannizzaro-apre-la-campagna-elettorale-a-piazza-de-nava\/","og_locale":"it_IT","og_type":"article","og_title":"\"Adesso Reggio\": Cannizzaro apre la Campagna Elettorale a Piazza De Nava - Radio Touring 104","og_description":"In una piazza gremita, il candidato di Centrodestra avvia la campagna per le prossime comunali. Tra i punti principali il polo fieristico","og_url":"https:\/\/progettotouring.it\/radiotouring104\/2026\/04\/27\/adesso-reggio-cannizzaro-apre-la-campagna-elettorale-a-piazza-de-nava\/","og_site_name":"Radio Touring 104","article_published_time":"2026-04-27T08:30:52+00:00","article_modified_time":"2026-04-27T10:41:43+00:00","og_image":[{"width":922,"height":1456,"url":"https:\/\/progettotouring.it\/radiotouring104\/wp-content\/uploads\/sites\/6\/2026\/04\/Adesso-Reggio-Francesco-Cannizzaro.jpeg","type":"image\/jpeg"}],"author":"redazione","twitter_card":"summary_large_image","twitter_misc":{"Scritto da":"redazione","Tempo di lettura stimato":"2 minuti"},"schema":{"@context":"https:\/\/schema.org","@graph":[{"@type":"Article","@id":"https:\/\/progettotouring.it\/radiotouring104\/2026\/04\/27\/adesso-reggio-cannizzaro-apre-la-campagna-elettorale-a-piazza-de-nava\/#article","isPartOf":{"@id":"https:\/\/progettotouring.it\/radiotouring104\/2026\/04\/27\/adesso-reggio-cannizzaro-apre-la-campagna-elettorale-a-piazza-de-nava\/"},"author":{"name":"redazione","@id":"https:\/\/progettotouring.it\/radiotouring104\/#\/schema\/person\/1b3eb3c07c47136bc44c785c543e635f"},"headline":"&#8220;Adesso Reggio&#8221;: Cannizzaro apre la Campagna Elettorale a Piazza De Nava","datePublished":"2026-04-27T08:30:52+00:00","dateModified":"2026-04-27T10:41:43+00:00","mainEntityOfPage":{"@id":"https:\/\/progettotouring.it\/radiotouring104\/2026\/04\/27\/adesso-reggio-cannizzaro-apre-la-campagna-elettorale-a-piazza-de-nava\/"},"wordCount":510,"publisher":{"@id":"https:\/\/progettotouring.it\/radiotouring104\/#organization"},"image":{"@id":"https:\/\/progettotouring.it\/radiotouring104\/2026\/04\/27\/adesso-reggio-cannizzaro-apre-la-campagna-elettorale-a-piazza-de-nava\/#primaryimage"},"thumbnailUrl":"https:\/\/progettotouring.it\/radiotouring104\/wp-content\/uploads\/sites\/6\/2026\/04\/Adesso-Reggio-Francesco-Cannizzaro.jpeg","keywords":["\u201cADESSO REGGIO\u201d","104 milioni per la depurazione","elezioni comunali","francesco cannizzaro","piazza de neva","polo fieristico"],"articleSection":["Home","In primo piano","News","Reggio Calabria"],"inLanguage":"it-IT"},{"@type":"WebPage","@id":"https:\/\/progettotouring.it\/radiotouring104\/2026\/04\/27\/adesso-reggio-cannizzaro-apre-la-campagna-elettorale-a-piazza-de-nava\/","url":"https:\/\/progettotouring.it\/radiotouring104\/2026\/04\/27\/adesso-reggio-cannizzaro-apre-la-campagna-elettorale-a-piazza-de-nava\/","name":"\"Adesso Reggio\": Cannizzaro apre la Campagna Elettorale a Piazza De Nava - Radio Touring 104","isPartOf":{"@id":"https:\/\/progettotouring.it\/radiotouring104\/#website"},"primaryImageOfPage":{"@id":"https:\/\/progettotouring.it\/radiotouring104\/2026\/04\/27\/adesso-reggio-cannizzaro-apre-la-campagna-elettorale-a-piazza-de-nava\/#primaryimage"},"image":{"@id":"https:\/\/progettotouring.it\/radiotouring104\/2026\/04\/27\/adesso-reggio-cannizzaro-apre-la-campagna-elettorale-a-piazza-de-nava\/#primaryimage"},"thumbnailUrl":"https:\/\/progettotouring.it\/radiotouring104\/wp-content\/uploads\/sites\/6\/2026\/04\/Adesso-Reggio-Francesco-Cannizzaro.jpeg","datePublished":"2026-04-27T08:30:52+00:00","dateModified":"2026-04-27T10:41:43+00:00","description":"In una piazza gremita, il candidato di Centrodestra avvia la campagna per le prossime comunali. Tra i punti principali il polo fieristico","breadcrumb":{"@id":"https:\/\/progettotouring.it\/radiotouring104\/2026\/04\/27\/adesso-reggio-cannizzaro-apre-la-campagna-elettorale-a-piazza-de-nava\/#breadcrumb"},"inLanguage":"it-IT","potentialAction":[{"@type":"ReadAction","target":["https:\/\/progettotouring.it\/radiotouring104\/2026\/04\/27\/adesso-reggio-cannizzaro-apre-la-campagna-elettorale-a-piazza-de-nava\/"]}]},{"@type":"ImageObject","inLanguage":"it-IT","@id":"https:\/\/progettotouring.it\/radiotouring104\/2026\/04\/27\/adesso-reggio-cannizzaro-apre-la-campagna-elettorale-a-piazza-de-nava\/#primaryimage","url":"https:\/\/progettotouring.it\/radiotouring104\/wp-content\/uploads\/sites\/6\/2026\/04\/Adesso-Reggio-Francesco-Cannizzaro.jpeg","contentUrl":"https:\/\/progettotouring.it\/radiotouring104\/wp-content\/uploads\/sites\/6\/2026\/04\/Adesso-Reggio-Francesco-Cannizzaro.jpeg","width":922,"height":1456},{"@type":"BreadcrumbList","@id":"https:\/\/progettotouring.it\/radiotouring104\/2026\/04\/27\/adesso-reggio-cannizzaro-apre-la-campagna-elettorale-a-piazza-de-nava\/#breadcrumb","itemListElement":[{"@type":"ListItem","position":1,"name":"Home","item":"https:\/\/progettotouring.it\/radiotouring104\/"},{"@type":"ListItem","position":2,"name":"&#8220;Adesso Reggio&#8221;: Cannizzaro apre la Campagna Elettorale a Piazza De Nava"}]},{"@type":"WebSite","@id":"https:\/\/progettotouring.it\/radiotouring104\/#website","url":"https:\/\/progettotouring.it\/radiotouring104\/","name":"Radio Touring 104","description":"La prima radio Reggina","publisher":{"@id":"https:\/\/progettotouring.it\/radiotouring104\/#organization"},"potentialAction":[{"@type":"SearchAction","target":{"@type":"EntryPoint","urlTemplate":"https:\/\/progettotouring.it\/radiotouring104\/?s={search_term_string}"},"query-input":{"@type":"PropertyValueSpecification","valueRequired":true,"valueName":"search_term_string"}}],"inLanguage":"it-IT"},{"@type":"Organization","@id":"https:\/\/progettotouring.it\/radiotouring104\/#organization","name":"Radio Touring 104","url":"https:\/\/progettotouring.it\/radiotouring104\/","logo":{"@type":"ImageObject","inLanguage":"it-IT","@id":"https:\/\/progettotouring.it\/radiotouring104\/#\/schema\/logo\/image\/","url":"https:\/\/progettotouring.it\/radiotouring104\/wp-content\/uploads\/sites\/6\/2022\/02\/cropped-logo-radio-touring-104.png","contentUrl":"https:\/\/progettotouring.it\/radiotouring104\/wp-content\/uploads\/sites\/6\/2022\/02\/cropped-logo-radio-touring-104.png","width":377,"height":182,"caption":"Radio Touring 104"},"image":{"@id":"https:\/\/progettotouring.it\/radiotouring104\/#\/schema\/logo\/image\/"}},{"@type":"Person","@id":"https:\/\/progettotouring.it\/radiotouring104\/#\/schema\/person\/1b3eb3c07c47136bc44c785c543e635f","name":"redazione","image":{"@type":"ImageObject","inLanguage":"it-IT","@id":"https:\/\/secure.gravatar.com\/avatar\/0b31605b49f100769e8b624b3e05de1b73e1692e9568a352f60f53fd072e6e11?s=96&d=mm&r=g","url":"https:\/\/secure.gravatar.com\/avatar\/0b31605b49f100769e8b624b3e05de1b73e1692e9568a352f60f53fd072e6e11?s=96&d=mm&r=g","contentUrl":"https:\/\/secure.gravatar.com\/avatar\/0b31605b49f100769e8b624b3e05de1b73e1692e9568a352f60f53fd072e6e11?s=96&d=mm&r=g","caption":"redazione"},"url":"https:\/\/progettotouring.it\/radiotouring104\/author\/redazione\/"}]}},"jetpack_publicize_connections":[],"jetpack_featured_media_url":"https:\/\/progettotouring.it\/radiotouring104\/wp-content\/uploads\/sites\/6\/2026\/04\/Adesso-Reggio-Francesco-Cannizzaro.jpeg","jetpack_sharing_enabled":true,"_links":{"self":[{"href":"https:\/\/progettotouring.it\/radiotouring104\/wp-json\/wp\/v2\/posts\/94431","targetHints":{"allow":["GET"]}}],"collection":[{"href":"https:\/\/progettotouring.it\/radiotouring104\/wp-json\/wp\/v2\/posts"}],"about":[{"href":"https:\/\/progettotouring.it\/radiotouring104\/wp-json\/wp\/v2\/types\/post"}],"author":[{"embeddable":true,"href":"https:\/\/progettotouring.it\/radiotouring104\/wp-json\/wp\/v2\/users\/5"}],"replies":[{"embeddable":true,"href":"https:\/\/progettotouring.it\/radiotouring104\/wp-json\/wp\/v2\/comments?post=94431"}],"version-history":[{"count":1,"href":"https:\/\/progettotouring.it\/radiotouring104\/wp-json\/wp\/v2\/posts\/94431\/revisions"}],"predecessor-version":[{"id":94433,"href":"https:\/\/progettotouring.it\/radiotouring104\/wp-json\/wp\/v2\/posts\/94431\/revisions\/94433"}],"wp:featuredmedia":[{"embeddable":true,"href":"https:\/\/progettotouring.it\/radiotouring104\/wp-json\/wp\/v2\/media\/94432"}],"wp:attachment":[{"href":"https:\/\/progettotouring.it\/radiotouring104\/wp-json\/wp\/v2\/media?parent=94431"}],"wp:term":[{"taxonomy":"category","embeddable":true,"href":"https:\/\/progettotouring.it\/radiotouring104\/wp-json\/wp\/v2\/categories?post=94431"},{"taxonomy":"post_tag","embeddable":true,"href":"https:\/\/progettotouring.it\/radiotouring104\/wp-json\/wp\/v2\/tags?post=94431"}],"curies":[{"name":"wp","href":"https:\/\/api.w.org\/{rel}","templated":true}]}}