{"id":94442,"date":"2026-04-27T11:03:39","date_gmt":"2026-04-27T09:03:39","guid":{"rendered":"https:\/\/progettotouring.it\/radiotouring104\/?p=94442"},"modified":"2026-04-27T12:41:27","modified_gmt":"2026-04-27T10:41:27","slug":"parco-eolico-off-shore-enotria-alecci-non-basta-cambiare-qualche-numero","status":"publish","type":"post","link":"https:\/\/progettotouring.it\/radiotouring104\/2026\/04\/27\/parco-eolico-off-shore-enotria-alecci-non-basta-cambiare-qualche-numero\/","title":{"rendered":"Parco eolico off shore Enotria, Alecci: &#8220;Non basta cambiare qualche numero&#8221;"},"content":{"rendered":"<p>Il progetto Enotria ripresentato in questi giorni non \u00e8 un progetto nuovo. \u00c8, nella sostanza, lo stesso progetto di prima, appena ritoccato in alcuni parametri, dopo le contestazioni gi\u00e0 emerse e dopo la forte preoccupazione sollevata nei territori. Abbassare leggermente l\u2019altezza delle pale non basta a cancellare la natura fortemente impattante di un intervento che continua a gravare sul Golfo di Squillace e su un\u2019ampia porzione della costa ionica calabrese. Parliamo di un impianto che, nella sua versione originaria pubblica, era composto da 37 aerogeneratori per una potenza complessiva di 555 MW, con torri alte fino a 355 metri, cavidotti subacquei, approdi a terra e opere elettriche destinate a coinvolgere pi\u00f9 comuni del Catanzarese e del Crotonese. Oggi sembrerebbe che il progetto sia stato rimodulato con 31 pale alte 320 metri, ma il punto politico e istituzionale resta intatto: non cambia la sostanza di un\u2019opera enorme e altamente invasiva.<\/p>\n<p>La riapertura dei termini per le osservazioni dimostra che le contestazioni dei cittadini, dei comitati, delle associazioni non erano affatto pretestuose. Si \u00e8 dovuti tornare sulle carte e proprio per questo motivo oggi non possiamo permetterci di abbassare la guardia. I veri nodi restano: l\u2019impatto paesaggistico su uno dei tratti pi\u00f9 identitari della Calabria ionica, i possibili effetti sull\u2019ecosistema marino, le interferenze con pesca e navigazione, il peso delle opere di connessione a terra, l\u2019assenza di benefici chiari e proporzionati per le comunit\u00e0 locali. La transizione energetica \u00e8 una opportunit\u00e0, ma come ho sempre detto non a tutti i costi. \u00a0La Calabria non pu\u00f2 diventare un bancomat energetico al servizio di altri, caricando i territori di costi ambientali e sociali insostenibili.<\/p>\n<p>Per questa ragione rivolgo un appello ai sindaci dei territori interessati, alle associazioni e a tutti i soggetti legittimati affinch\u00e9, dopo il grande lavoro di attenzione, mobilitazione e approfondimento portato avanti finora, si compia adesso un ulteriore sforzo comune per predisporre, entro il termine del 1\u00b0 maggio, osservazioni rigorose e puntuali. E alla Regione Calabria si chiede di uscire dall\u2019ambiguit\u00e0 e di assumere fino in fondo il proprio ruolo. Non pu\u00f2 restare a guardare mentre si decide il futuro di un tratto cos\u00ec delicato del mare e della costa calabrese. Io rimango, come sempre, a disposizione per qualunque tipo di contributo fattivo, oggi serve una mobilitazione istituzionale vera, concreta, univoca.<\/p>\n<p>&nbsp;<\/p>\n<p>&nbsp;<\/p>\n<p>&nbsp;<\/p>\n","protected":false},"excerpt":{"rendered":"<p>Il progetto Enotria ripresentato in questi giorni non \u00e8 un progetto nuovo. \u00c8, nella sostanza, lo stesso progetto di prima, appena ritoccato in alcuni parametri, dopo le contestazioni gi\u00e0 emerse&hellip;<\/p>\n","protected":false},"author":5,"featured_media":8626,"comment_status":"closed","ping_status":"open","sticky":false,"template":"","format":"standard","meta":{"_jetpack_memberships_contains_paid_content":false,"footnotes":"","jetpack_publicize_message":"","jetpack_publicize_feature_enabled":true,"jetpack_social_post_already_shared":true,"jetpack_social_options":{"image_generator_settings":{"template":"highway","default_image_id":0,"font":"","enabled":false},"version":2}},"categories":[142,921,196],"tags":[3889,53170,53168,53169],"class_list":["post-94442","post","type-post","status-publish","format-standard","has-post-thumbnail","hentry","category-calabria","category-home","category-news","tag-ernesto-alecci","tag-non-basta-cambiare-qualche-numero","tag-parco-eolico-off-shore-enotria","tag-progetto-rimane-lo-stesso-con-gli-stessi-rischi-per-la-calabria"],"yoast_head":"<!-- This site is optimized with the Yoast SEO plugin v27.2 - https:\/\/yoast.com\/product\/yoast-seo-wordpress\/ -->\n<title>Alecci attacca il progetto del Parco off shore Enotria<\/title>\n<meta name=\"description\" content=\"&quot;Il progetto rimane lo stesso con gli stessi rischi per la Calabria&quot;, attacca il Capogruppo Pd in Consiglio Regionale, Alecci\" \/>\n<meta name=\"robots\" content=\"index, follow, max-snippet:-1, max-image-preview:large, max-video-preview:-1\" \/>\n<link rel=\"canonical\" href=\"https:\/\/progettotouring.it\/radiotouring104\/2026\/04\/27\/parco-eolico-off-shore-enotria-alecci-non-basta-cambiare-qualche-numero\/\" \/>\n<meta property=\"og:locale\" content=\"it_IT\" \/>\n<meta property=\"og:type\" content=\"article\" \/>\n<meta property=\"og:title\" content=\"Alecci attacca il progetto del Parco off shore Enotria\" \/>\n<meta property=\"og:description\" content=\"&quot;Il progetto rimane lo stesso con gli stessi rischi per la Calabria&quot;, attacca il Capogruppo Pd in Consiglio Regionale, Alecci\" \/>\n<meta property=\"og:url\" content=\"https:\/\/progettotouring.it\/radiotouring104\/2026\/04\/27\/parco-eolico-off-shore-enotria-alecci-non-basta-cambiare-qualche-numero\/\" \/>\n<meta property=\"og:site_name\" content=\"Radio Touring 104\" \/>\n<meta property=\"article:published_time\" content=\"2026-04-27T09:03:39+00:00\" \/>\n<meta property=\"article:modified_time\" content=\"2026-04-27T10:41:27+00:00\" \/>\n<meta property=\"og:image\" content=\"https:\/\/progettotouring.it\/radiotouring104\/wp-content\/uploads\/sites\/6\/2022\/07\/ernesto-alecci.jpg\" \/>\n\t<meta property=\"og:image:width\" content=\"660\" \/>\n\t<meta property=\"og:image:height\" content=\"602\" \/>\n\t<meta property=\"og:image:type\" content=\"image\/jpeg\" \/>\n<meta name=\"author\" content=\"redazione\" \/>\n<meta name=\"twitter:card\" content=\"summary_large_image\" \/>\n<meta name=\"twitter:label1\" content=\"Scritto da\" \/>\n\t<meta name=\"twitter:data1\" content=\"redazione\" \/>\n\t<meta name=\"twitter:label2\" content=\"Tempo di lettura stimato\" \/>\n\t<meta name=\"twitter:data2\" content=\"2 minuti\" \/>\n<script type=\"application\/ld+json\" class=\"yoast-schema-graph\">{\"@context\":\"https:\/\/schema.org\",\"@graph\":[{\"@type\":\"Article\",\"@id\":\"https:\/\/progettotouring.it\/radiotouring104\/2026\/04\/27\/parco-eolico-off-shore-enotria-alecci-non-basta-cambiare-qualche-numero\/#article\",\"isPartOf\":{\"@id\":\"https:\/\/progettotouring.it\/radiotouring104\/2026\/04\/27\/parco-eolico-off-shore-enotria-alecci-non-basta-cambiare-qualche-numero\/\"},\"author\":{\"name\":\"redazione\",\"@id\":\"https:\/\/progettotouring.it\/radiotouring104\/#\/schema\/person\/1b3eb3c07c47136bc44c785c543e635f\"},\"headline\":\"Parco eolico off shore Enotria, Alecci: &#8220;Non basta cambiare qualche numero&#8221;\",\"datePublished\":\"2026-04-27T09:03:39+00:00\",\"dateModified\":\"2026-04-27T10:41:27+00:00\",\"mainEntityOfPage\":{\"@id\":\"https:\/\/progettotouring.it\/radiotouring104\/2026\/04\/27\/parco-eolico-off-shore-enotria-alecci-non-basta-cambiare-qualche-numero\/\"},\"wordCount\":391,\"publisher\":{\"@id\":\"https:\/\/progettotouring.it\/radiotouring104\/#organization\"},\"image\":{\"@id\":\"https:\/\/progettotouring.it\/radiotouring104\/2026\/04\/27\/parco-eolico-off-shore-enotria-alecci-non-basta-cambiare-qualche-numero\/#primaryimage\"},\"thumbnailUrl\":\"https:\/\/progettotouring.it\/radiotouring104\/wp-content\/uploads\/sites\/6\/2022\/07\/ernesto-alecci.jpg\",\"keywords\":[\"Ernesto Alecci\",\"Non basta cambiare qualche numero\",\"Parco eolico off shore Enotria\",\"progetto rimane lo stesso con gli stessi rischi per la Calabria\"],\"articleSection\":[\"Calabria\",\"Home\",\"News\"],\"inLanguage\":\"it-IT\"},{\"@type\":\"WebPage\",\"@id\":\"https:\/\/progettotouring.it\/radiotouring104\/2026\/04\/27\/parco-eolico-off-shore-enotria-alecci-non-basta-cambiare-qualche-numero\/\",\"url\":\"https:\/\/progettotouring.it\/radiotouring104\/2026\/04\/27\/parco-eolico-off-shore-enotria-alecci-non-basta-cambiare-qualche-numero\/\",\"name\":\"Alecci attacca il progetto del Parco off shore Enotria\",\"isPartOf\":{\"@id\":\"https:\/\/progettotouring.it\/radiotouring104\/#website\"},\"primaryImageOfPage\":{\"@id\":\"https:\/\/progettotouring.it\/radiotouring104\/2026\/04\/27\/parco-eolico-off-shore-enotria-alecci-non-basta-cambiare-qualche-numero\/#primaryimage\"},\"image\":{\"@id\":\"https:\/\/progettotouring.it\/radiotouring104\/2026\/04\/27\/parco-eolico-off-shore-enotria-alecci-non-basta-cambiare-qualche-numero\/#primaryimage\"},\"thumbnailUrl\":\"https:\/\/progettotouring.it\/radiotouring104\/wp-content\/uploads\/sites\/6\/2022\/07\/ernesto-alecci.jpg\",\"datePublished\":\"2026-04-27T09:03:39+00:00\",\"dateModified\":\"2026-04-27T10:41:27+00:00\",\"description\":\"\\\"Il progetto rimane lo stesso con gli stessi rischi per la Calabria\\\", attacca il Capogruppo Pd in Consiglio Regionale, Alecci\",\"breadcrumb\":{\"@id\":\"https:\/\/progettotouring.it\/radiotouring104\/2026\/04\/27\/parco-eolico-off-shore-enotria-alecci-non-basta-cambiare-qualche-numero\/#breadcrumb\"},\"inLanguage\":\"it-IT\",\"potentialAction\":[{\"@type\":\"ReadAction\",\"target\":[\"https:\/\/progettotouring.it\/radiotouring104\/2026\/04\/27\/parco-eolico-off-shore-enotria-alecci-non-basta-cambiare-qualche-numero\/\"]}]},{\"@type\":\"ImageObject\",\"inLanguage\":\"it-IT\",\"@id\":\"https:\/\/progettotouring.it\/radiotouring104\/2026\/04\/27\/parco-eolico-off-shore-enotria-alecci-non-basta-cambiare-qualche-numero\/#primaryimage\",\"url\":\"https:\/\/progettotouring.it\/radiotouring104\/wp-content\/uploads\/sites\/6\/2022\/07\/ernesto-alecci.jpg\",\"contentUrl\":\"https:\/\/progettotouring.it\/radiotouring104\/wp-content\/uploads\/sites\/6\/2022\/07\/ernesto-alecci.jpg\",\"width\":660,\"height\":602},{\"@type\":\"BreadcrumbList\",\"@id\":\"https:\/\/progettotouring.it\/radiotouring104\/2026\/04\/27\/parco-eolico-off-shore-enotria-alecci-non-basta-cambiare-qualche-numero\/#breadcrumb\",\"itemListElement\":[{\"@type\":\"ListItem\",\"position\":1,\"name\":\"Home\",\"item\":\"https:\/\/progettotouring.it\/radiotouring104\/\"},{\"@type\":\"ListItem\",\"position\":2,\"name\":\"Parco eolico off shore Enotria, Alecci: &#8220;Non basta cambiare qualche numero&#8221;\"}]},{\"@type\":\"WebSite\",\"@id\":\"https:\/\/progettotouring.it\/radiotouring104\/#website\",\"url\":\"https:\/\/progettotouring.it\/radiotouring104\/\",\"name\":\"Radio Touring 104\",\"description\":\"La prima radio Reggina\",\"publisher\":{\"@id\":\"https:\/\/progettotouring.it\/radiotouring104\/#organization\"},\"potentialAction\":[{\"@type\":\"SearchAction\",\"target\":{\"@type\":\"EntryPoint\",\"urlTemplate\":\"https:\/\/progettotouring.it\/radiotouring104\/?s={search_term_string}\"},\"query-input\":{\"@type\":\"PropertyValueSpecification\",\"valueRequired\":true,\"valueName\":\"search_term_string\"}}],\"inLanguage\":\"it-IT\"},{\"@type\":\"Organization\",\"@id\":\"https:\/\/progettotouring.it\/radiotouring104\/#organization\",\"name\":\"Radio Touring 104\",\"url\":\"https:\/\/progettotouring.it\/radiotouring104\/\",\"logo\":{\"@type\":\"ImageObject\",\"inLanguage\":\"it-IT\",\"@id\":\"https:\/\/progettotouring.it\/radiotouring104\/#\/schema\/logo\/image\/\",\"url\":\"https:\/\/progettotouring.it\/radiotouring104\/wp-content\/uploads\/sites\/6\/2022\/02\/cropped-logo-radio-touring-104.png\",\"contentUrl\":\"https:\/\/progettotouring.it\/radiotouring104\/wp-content\/uploads\/sites\/6\/2022\/02\/cropped-logo-radio-touring-104.png\",\"width\":377,\"height\":182,\"caption\":\"Radio Touring 104\"},\"image\":{\"@id\":\"https:\/\/progettotouring.it\/radiotouring104\/#\/schema\/logo\/image\/\"}},{\"@type\":\"Person\",\"@id\":\"https:\/\/progettotouring.it\/radiotouring104\/#\/schema\/person\/1b3eb3c07c47136bc44c785c543e635f\",\"name\":\"redazione\",\"image\":{\"@type\":\"ImageObject\",\"inLanguage\":\"it-IT\",\"@id\":\"https:\/\/secure.gravatar.com\/avatar\/0b31605b49f100769e8b624b3e05de1b73e1692e9568a352f60f53fd072e6e11?s=96&d=mm&r=g\",\"url\":\"https:\/\/secure.gravatar.com\/avatar\/0b31605b49f100769e8b624b3e05de1b73e1692e9568a352f60f53fd072e6e11?s=96&d=mm&r=g\",\"contentUrl\":\"https:\/\/secure.gravatar.com\/avatar\/0b31605b49f100769e8b624b3e05de1b73e1692e9568a352f60f53fd072e6e11?s=96&d=mm&r=g\",\"caption\":\"redazione\"},\"url\":\"https:\/\/progettotouring.it\/radiotouring104\/author\/redazione\/\"}]}<\/script>\n<!-- \/ Yoast SEO plugin. -->","yoast_head_json":{"title":"Alecci attacca il progetto del Parco off shore Enotria","description":"\"Il progetto rimane lo stesso con gli stessi rischi per la Calabria\", attacca il Capogruppo Pd in Consiglio Regionale, Alecci","robots":{"index":"index","follow":"follow","max-snippet":"max-snippet:-1","max-image-preview":"max-image-preview:large","max-video-preview":"max-video-preview:-1"},"canonical":"https:\/\/progettotouring.it\/radiotouring104\/2026\/04\/27\/parco-eolico-off-shore-enotria-alecci-non-basta-cambiare-qualche-numero\/","og_locale":"it_IT","og_type":"article","og_title":"Alecci attacca il progetto del Parco off shore Enotria","og_description":"\"Il progetto rimane lo stesso con gli stessi rischi per la Calabria\", attacca il Capogruppo Pd in Consiglio Regionale, Alecci","og_url":"https:\/\/progettotouring.it\/radiotouring104\/2026\/04\/27\/parco-eolico-off-shore-enotria-alecci-non-basta-cambiare-qualche-numero\/","og_site_name":"Radio Touring 104","article_published_time":"2026-04-27T09:03:39+00:00","article_modified_time":"2026-04-27T10:41:27+00:00","og_image":[{"width":660,"height":602,"url":"https:\/\/progettotouring.it\/radiotouring104\/wp-content\/uploads\/sites\/6\/2022\/07\/ernesto-alecci.jpg","type":"image\/jpeg"}],"author":"redazione","twitter_card":"summary_large_image","twitter_misc":{"Scritto da":"redazione","Tempo di lettura stimato":"2 minuti"},"schema":{"@context":"https:\/\/schema.org","@graph":[{"@type":"Article","@id":"https:\/\/progettotouring.it\/radiotouring104\/2026\/04\/27\/parco-eolico-off-shore-enotria-alecci-non-basta-cambiare-qualche-numero\/#article","isPartOf":{"@id":"https:\/\/progettotouring.it\/radiotouring104\/2026\/04\/27\/parco-eolico-off-shore-enotria-alecci-non-basta-cambiare-qualche-numero\/"},"author":{"name":"redazione","@id":"https:\/\/progettotouring.it\/radiotouring104\/#\/schema\/person\/1b3eb3c07c47136bc44c785c543e635f"},"headline":"Parco eolico off shore Enotria, Alecci: &#8220;Non basta cambiare qualche numero&#8221;","datePublished":"2026-04-27T09:03:39+00:00","dateModified":"2026-04-27T10:41:27+00:00","mainEntityOfPage":{"@id":"https:\/\/progettotouring.it\/radiotouring104\/2026\/04\/27\/parco-eolico-off-shore-enotria-alecci-non-basta-cambiare-qualche-numero\/"},"wordCount":391,"publisher":{"@id":"https:\/\/progettotouring.it\/radiotouring104\/#organization"},"image":{"@id":"https:\/\/progettotouring.it\/radiotouring104\/2026\/04\/27\/parco-eolico-off-shore-enotria-alecci-non-basta-cambiare-qualche-numero\/#primaryimage"},"thumbnailUrl":"https:\/\/progettotouring.it\/radiotouring104\/wp-content\/uploads\/sites\/6\/2022\/07\/ernesto-alecci.jpg","keywords":["Ernesto Alecci","Non basta cambiare qualche numero","Parco eolico off shore Enotria","progetto rimane lo stesso con gli stessi rischi per la Calabria"],"articleSection":["Calabria","Home","News"],"inLanguage":"it-IT"},{"@type":"WebPage","@id":"https:\/\/progettotouring.it\/radiotouring104\/2026\/04\/27\/parco-eolico-off-shore-enotria-alecci-non-basta-cambiare-qualche-numero\/","url":"https:\/\/progettotouring.it\/radiotouring104\/2026\/04\/27\/parco-eolico-off-shore-enotria-alecci-non-basta-cambiare-qualche-numero\/","name":"Alecci attacca il progetto del Parco off shore Enotria","isPartOf":{"@id":"https:\/\/progettotouring.it\/radiotouring104\/#website"},"primaryImageOfPage":{"@id":"https:\/\/progettotouring.it\/radiotouring104\/2026\/04\/27\/parco-eolico-off-shore-enotria-alecci-non-basta-cambiare-qualche-numero\/#primaryimage"},"image":{"@id":"https:\/\/progettotouring.it\/radiotouring104\/2026\/04\/27\/parco-eolico-off-shore-enotria-alecci-non-basta-cambiare-qualche-numero\/#primaryimage"},"thumbnailUrl":"https:\/\/progettotouring.it\/radiotouring104\/wp-content\/uploads\/sites\/6\/2022\/07\/ernesto-alecci.jpg","datePublished":"2026-04-27T09:03:39+00:00","dateModified":"2026-04-27T10:41:27+00:00","description":"\"Il progetto rimane lo stesso con gli stessi rischi per la Calabria\", attacca il Capogruppo Pd in Consiglio Regionale, Alecci","breadcrumb":{"@id":"https:\/\/progettotouring.it\/radiotouring104\/2026\/04\/27\/parco-eolico-off-shore-enotria-alecci-non-basta-cambiare-qualche-numero\/#breadcrumb"},"inLanguage":"it-IT","potentialAction":[{"@type":"ReadAction","target":["https:\/\/progettotouring.it\/radiotouring104\/2026\/04\/27\/parco-eolico-off-shore-enotria-alecci-non-basta-cambiare-qualche-numero\/"]}]},{"@type":"ImageObject","inLanguage":"it-IT","@id":"https:\/\/progettotouring.it\/radiotouring104\/2026\/04\/27\/parco-eolico-off-shore-enotria-alecci-non-basta-cambiare-qualche-numero\/#primaryimage","url":"https:\/\/progettotouring.it\/radiotouring104\/wp-content\/uploads\/sites\/6\/2022\/07\/ernesto-alecci.jpg","contentUrl":"https:\/\/progettotouring.it\/radiotouring104\/wp-content\/uploads\/sites\/6\/2022\/07\/ernesto-alecci.jpg","width":660,"height":602},{"@type":"BreadcrumbList","@id":"https:\/\/progettotouring.it\/radiotouring104\/2026\/04\/27\/parco-eolico-off-shore-enotria-alecci-non-basta-cambiare-qualche-numero\/#breadcrumb","itemListElement":[{"@type":"ListItem","position":1,"name":"Home","item":"https:\/\/progettotouring.it\/radiotouring104\/"},{"@type":"ListItem","position":2,"name":"Parco eolico off shore Enotria, Alecci: &#8220;Non basta cambiare qualche numero&#8221;"}]},{"@type":"WebSite","@id":"https:\/\/progettotouring.it\/radiotouring104\/#website","url":"https:\/\/progettotouring.it\/radiotouring104\/","name":"Radio Touring 104","description":"La prima radio Reggina","publisher":{"@id":"https:\/\/progettotouring.it\/radiotouring104\/#organization"},"potentialAction":[{"@type":"SearchAction","target":{"@type":"EntryPoint","urlTemplate":"https:\/\/progettotouring.it\/radiotouring104\/?s={search_term_string}"},"query-input":{"@type":"PropertyValueSpecification","valueRequired":true,"valueName":"search_term_string"}}],"inLanguage":"it-IT"},{"@type":"Organization","@id":"https:\/\/progettotouring.it\/radiotouring104\/#organization","name":"Radio Touring 104","url":"https:\/\/progettotouring.it\/radiotouring104\/","logo":{"@type":"ImageObject","inLanguage":"it-IT","@id":"https:\/\/progettotouring.it\/radiotouring104\/#\/schema\/logo\/image\/","url":"https:\/\/progettotouring.it\/radiotouring104\/wp-content\/uploads\/sites\/6\/2022\/02\/cropped-logo-radio-touring-104.png","contentUrl":"https:\/\/progettotouring.it\/radiotouring104\/wp-content\/uploads\/sites\/6\/2022\/02\/cropped-logo-radio-touring-104.png","width":377,"height":182,"caption":"Radio Touring 104"},"image":{"@id":"https:\/\/progettotouring.it\/radiotouring104\/#\/schema\/logo\/image\/"}},{"@type":"Person","@id":"https:\/\/progettotouring.it\/radiotouring104\/#\/schema\/person\/1b3eb3c07c47136bc44c785c543e635f","name":"redazione","image":{"@type":"ImageObject","inLanguage":"it-IT","@id":"https:\/\/secure.gravatar.com\/avatar\/0b31605b49f100769e8b624b3e05de1b73e1692e9568a352f60f53fd072e6e11?s=96&d=mm&r=g","url":"https:\/\/secure.gravatar.com\/avatar\/0b31605b49f100769e8b624b3e05de1b73e1692e9568a352f60f53fd072e6e11?s=96&d=mm&r=g","contentUrl":"https:\/\/secure.gravatar.com\/avatar\/0b31605b49f100769e8b624b3e05de1b73e1692e9568a352f60f53fd072e6e11?s=96&d=mm&r=g","caption":"redazione"},"url":"https:\/\/progettotouring.it\/radiotouring104\/author\/redazione\/"}]}},"jetpack_publicize_connections":[],"jetpack_featured_media_url":"https:\/\/progettotouring.it\/radiotouring104\/wp-content\/uploads\/sites\/6\/2022\/07\/ernesto-alecci.jpg","jetpack_sharing_enabled":true,"_links":{"self":[{"href":"https:\/\/progettotouring.it\/radiotouring104\/wp-json\/wp\/v2\/posts\/94442","targetHints":{"allow":["GET"]}}],"collection":[{"href":"https:\/\/progettotouring.it\/radiotouring104\/wp-json\/wp\/v2\/posts"}],"about":[{"href":"https:\/\/progettotouring.it\/radiotouring104\/wp-json\/wp\/v2\/types\/post"}],"author":[{"embeddable":true,"href":"https:\/\/progettotouring.it\/radiotouring104\/wp-json\/wp\/v2\/users\/5"}],"replies":[{"embeddable":true,"href":"https:\/\/progettotouring.it\/radiotouring104\/wp-json\/wp\/v2\/comments?post=94442"}],"version-history":[{"count":1,"href":"https:\/\/progettotouring.it\/radiotouring104\/wp-json\/wp\/v2\/posts\/94442\/revisions"}],"predecessor-version":[{"id":94443,"href":"https:\/\/progettotouring.it\/radiotouring104\/wp-json\/wp\/v2\/posts\/94442\/revisions\/94443"}],"wp:featuredmedia":[{"embeddable":true,"href":"https:\/\/progettotouring.it\/radiotouring104\/wp-json\/wp\/v2\/media\/8626"}],"wp:attachment":[{"href":"https:\/\/progettotouring.it\/radiotouring104\/wp-json\/wp\/v2\/media?parent=94442"}],"wp:term":[{"taxonomy":"category","embeddable":true,"href":"https:\/\/progettotouring.it\/radiotouring104\/wp-json\/wp\/v2\/categories?post=94442"},{"taxonomy":"post_tag","embeddable":true,"href":"https:\/\/progettotouring.it\/radiotouring104\/wp-json\/wp\/v2\/tags?post=94442"}],"curies":[{"name":"wp","href":"https:\/\/api.w.org\/{rel}","templated":true}]}}