{"id":94449,"date":"2026-04-27T11:40:22","date_gmt":"2026-04-27T09:40:22","guid":{"rendered":"https:\/\/progettotouring.it\/radiotouring104\/?p=94449"},"modified":"2026-04-27T12:41:10","modified_gmt":"2026-04-27T10:41:10","slug":"caulonia-comune-denuncia-il-furto-delle-piante-in-piazza-seggio","status":"publish","type":"post","link":"https:\/\/progettotouring.it\/radiotouring104\/2026\/04\/27\/caulonia-comune-denuncia-il-furto-delle-piante-in-piazza-seggio\/","title":{"rendered":"Caulonia: Comune denuncia il furto delle piante in Piazza Seggio"},"content":{"rendered":"<p>L\u2019Amministrazione Comunale di Caulonia esprime profonda indignazione e ferma condanna per il furto delle piante e dei fiori collocati in Piazza Seggio a Caulonia Centro in occasione della IV Edizione della Festa del Libro e della Giornata del Fiore, svoltasi il 23 aprile 2026.<\/p>\n<p>Le composizioni floreali e le piante che abbellivano Piazza Seggio non erano state pensate esclusivamente come allestimento scenografico per l\u2019evento culturale, ma con una precisa visione di lungo periodo: trasformare il cuore del centro storico in uno spazio urbano pi\u00f9 bello, pi\u00f9 accogliente e pi\u00f9 vivibile per tutti i cittadini, anche dopo la conclusione della manifestazione. Un gesto concreto di cura del territorio, coerente con il percorso di valorizzazione ambientale legato al riconoscimento della Bandiera Blu e con i valori di sostenibilit\u00e0 e decoro urbano che l\u2019Amministrazione porta avanti con impegno costante.<\/p>\n<p>Nella notte, ignoti hanno sottratto le piante che decoravano la piazza, vanificando il lavoro e le risorse investite dall\u2019intera comunit\u00e0 per rendere pi\u00f9 bella e dignitosa la propria piazza. Un atto che non colpisce soltanto le istituzioni, ma l\u2019intera citt\u00e0 e chiunque abbia partecipato, con entusiasmo e orgoglio, ai tre giorni di cultura, bellezza e condivisione della Festa del Libro.<\/p>\n<p>&nbsp;<\/p>\n<p><strong>Francesco Cagliuso, Sindaco di Caulonia, ha dichiarato: <\/strong>\u00abQuanto accaduto nella notte in Piazza Seggio \u00e8 un gesto vile e inaccettabile. Quelle piante erano il simbolo di un\u2019idea di citt\u00e0: uno spazio pubblico curato, bello, vissuto con rispetto. La Festa del Libro e la Giornata del Fiore hanno dimostrato che Caulonia sa fare comunit\u00e0, sa esprimere cultura e bellezza. Chi ha rubato quei fiori non ha sottratto soltanto delle piante: ha colpito un progetto collettivo, il lavoro di tante persone e la visione di una citt\u00e0 migliore\u00bb.<\/p>\n<p>&nbsp;<\/p>\n<p><strong>Giovanni Maiolo, Vicesindaco e assessore alla cultura ha precisato: <\/strong>\u00abLa Festa del Libro \u00e8 nata dalla volont\u00e0 di rendere la cultura accessibile a tutti, di fare di Caulonia un luogo in cui si legge, si cresce e si partecipa. La Giornata del Fiore, organizzata in particolare dall\u2019assessore Ierace, era parte di questo stesso progetto: abbellire la piazza significava prenderci cura insieme del luogo che ci appartiene. Ci addolora profondamente che qualcuno abbia deciso di vanificare tutto questo con un atto di incivilt\u00e0 grave e intollerabile. Ma non ci fermeremo: continueremo a investire nel decoro, nella cultura e nella bellezza di Caulonia.\u00bb<\/p>\n<p>&nbsp;<\/p>\n<p><strong>Antonella Ierace, Assessore al Turismo e alla bandiera blu, ha ribadito: <\/strong>\u00abCaulonia sta costruendo la propria identit\u00e0 turistica anche attraverso la cura degli spazi pubblici, la qualit\u00e0 degli eventi e la bellezza del centro storico. La Giornata del Fiore era un\u2019occasione straordinaria per dimostrare, ai visitatori e ai cittadini, che questa Amministrazione crede nel territorio e lo coltiva \u2013 nel senso pi\u00f9 letterale del termine. Portare via le piante e i fiori \u00e8 un gesto che svilisce chi lavora ogni giorno per rendere la nostra citt\u00e0 attrattiva e dignitosa.\u00bb<\/p>\n<p>&nbsp;<\/p>\n<p><strong>L\u2019Assessore al Decoro urbano Maria Campisi ha aggiunto: <\/strong>\u00abIl decoro urbano non \u00e8 un lusso: \u00e8 un diritto di ogni cittadino e un dovere di ogni amministratore. Quelle composizioni floreali erano il risultato di un\u2019azione concreta di cura della piazza, pensata non solo per la Festa del Libro ma per restare nel tempo come segno tangibile di attenzione verso il nostro centro storico. Chi le ha rubate ha compiuto un danno non solo materiale ma civile.\u00bb<\/p>\n<p>&nbsp;<\/p>\n<p>\u00abPiazza Seggio \u00e8 uno dei cuori pulsanti di Caulonia Centro \u2013 ha <strong>affermato Agnese Panetta, delegata al centro storic<\/strong>o \u2013 il luogo dove la comunit\u00e0 si ritrova, celebra e condivide. Quelle piante erano un segno di cura, di rispetto, di appartenenza. Vederle sparire nella notte fa male, perch\u00e9 non si tratta solo di un furto materiale, ma di un gesto che ferisce il senso civico di tutti noi. Il centro storico merita attenzione e bellezza, e continueremo a lavorare in questa direzione con ancora pi\u00f9 determinazione.\u00bb<\/p>\n<p>&nbsp;<\/p>\n<p>L\u2019Amministrazione Comunale di Caulonia invita i cittadini che dovessero essere a conoscenza di notizie utili all\u2019identificazione dei responsabili a rivolgersi alle forze dell\u2019ordine. Ci\u00f2 che \u00e8 stato fatto per la comunit\u00e0 pu\u00f2 essere ricostruito; ci\u00f2 che rende questi gesti intollerabili \u00e8 il messaggio che trasmettono: che il bene comune possa essere impunemente calpestato. Questa Amministrazione non lo accetta e non lo accetter\u00e0.<\/p>\n","protected":false},"excerpt":{"rendered":"<p>L\u2019Amministrazione Comunale di Caulonia esprime profonda indignazione e ferma condanna per il furto delle piante e dei fiori collocati in Piazza Seggio a Caulonia Centro in occasione della IV Edizione&hellip;<\/p>\n","protected":false},"author":5,"featured_media":94450,"comment_status":"closed","ping_status":"open","sticky":false,"template":"","format":"standard","meta":{"_jetpack_memberships_contains_paid_content":false,"footnotes":"","jetpack_publicize_message":"","jetpack_publicize_feature_enabled":true,"jetpack_social_post_already_shared":true,"jetpack_social_options":{"image_generator_settings":{"template":"highway","default_image_id":0,"font":"","enabled":false},"version":2}},"categories":[921,196,140],"tags":[17554,8677,688,53179,53180,53178],"class_list":["post-94449","post","type-post","status-publish","format-standard","has-post-thumbnail","hentry","category-home","category-news","category-reggio-calabria","tag-comune-di-caulonia","tag-condanna","tag-denuncia","tag-furto-piante","tag-giornata-libror","tag-piazza-seggio"],"yoast_head":"<!-- This site is optimized with the Yoast SEO plugin v27.2 - https:\/\/yoast.com\/product\/yoast-seo-wordpress\/ -->\n<title>Caulonia: Comune denuncia il furto delle piante in Piazza Seggio<\/title>\n<meta name=\"description\" content=\"L\u2019Amministrazione comunale denuncia l\u2019accaduto e ed esprime indignazione per il furto dei fiori, in occasione della Giornata del Libro\" \/>\n<meta name=\"robots\" content=\"index, follow, max-snippet:-1, max-image-preview:large, max-video-preview:-1\" \/>\n<link rel=\"canonical\" href=\"https:\/\/progettotouring.it\/radiotouring104\/2026\/04\/27\/caulonia-comune-denuncia-il-furto-delle-piante-in-piazza-seggio\/\" \/>\n<meta property=\"og:locale\" content=\"it_IT\" \/>\n<meta property=\"og:type\" content=\"article\" \/>\n<meta property=\"og:title\" content=\"Caulonia: Comune denuncia il furto delle piante in Piazza Seggio\" \/>\n<meta property=\"og:description\" content=\"L\u2019Amministrazione comunale denuncia l\u2019accaduto e ed esprime indignazione per il furto dei fiori, in occasione della Giornata del Libro\" \/>\n<meta property=\"og:url\" content=\"https:\/\/progettotouring.it\/radiotouring104\/2026\/04\/27\/caulonia-comune-denuncia-il-furto-delle-piante-in-piazza-seggio\/\" \/>\n<meta property=\"og:site_name\" content=\"Radio Touring 104\" \/>\n<meta property=\"article:published_time\" content=\"2026-04-27T09:40:22+00:00\" \/>\n<meta property=\"article:modified_time\" content=\"2026-04-27T10:41:10+00:00\" \/>\n<meta property=\"og:image\" content=\"https:\/\/progettotouring.it\/radiotouring104\/wp-content\/uploads\/sites\/6\/2026\/04\/furto-fiori-festa-del-libro-Caulonia.jpg\" \/>\n\t<meta property=\"og:image:width\" content=\"1536\" \/>\n\t<meta property=\"og:image:height\" content=\"2048\" \/>\n\t<meta property=\"og:image:type\" content=\"image\/jpeg\" \/>\n<meta name=\"author\" content=\"redazione\" \/>\n<meta name=\"twitter:card\" content=\"summary_large_image\" \/>\n<meta name=\"twitter:label1\" content=\"Scritto da\" \/>\n\t<meta name=\"twitter:data1\" content=\"redazione\" \/>\n\t<meta name=\"twitter:label2\" content=\"Tempo di lettura stimato\" \/>\n\t<meta name=\"twitter:data2\" content=\"4 minuti\" \/>\n<script type=\"application\/ld+json\" class=\"yoast-schema-graph\">{\"@context\":\"https:\/\/schema.org\",\"@graph\":[{\"@type\":\"Article\",\"@id\":\"https:\/\/progettotouring.it\/radiotouring104\/2026\/04\/27\/caulonia-comune-denuncia-il-furto-delle-piante-in-piazza-seggio\/#article\",\"isPartOf\":{\"@id\":\"https:\/\/progettotouring.it\/radiotouring104\/2026\/04\/27\/caulonia-comune-denuncia-il-furto-delle-piante-in-piazza-seggio\/\"},\"author\":{\"name\":\"redazione\",\"@id\":\"https:\/\/progettotouring.it\/radiotouring104\/#\/schema\/person\/1b3eb3c07c47136bc44c785c543e635f\"},\"headline\":\"Caulonia: Comune denuncia il furto delle piante in Piazza Seggio\",\"datePublished\":\"2026-04-27T09:40:22+00:00\",\"dateModified\":\"2026-04-27T10:41:10+00:00\",\"mainEntityOfPage\":{\"@id\":\"https:\/\/progettotouring.it\/radiotouring104\/2026\/04\/27\/caulonia-comune-denuncia-il-furto-delle-piante-in-piazza-seggio\/\"},\"wordCount\":712,\"publisher\":{\"@id\":\"https:\/\/progettotouring.it\/radiotouring104\/#organization\"},\"image\":{\"@id\":\"https:\/\/progettotouring.it\/radiotouring104\/2026\/04\/27\/caulonia-comune-denuncia-il-furto-delle-piante-in-piazza-seggio\/#primaryimage\"},\"thumbnailUrl\":\"https:\/\/progettotouring.it\/radiotouring104\/wp-content\/uploads\/sites\/6\/2026\/04\/furto-fiori-festa-del-libro-Caulonia.jpg\",\"keywords\":[\"Comune di Caulonia\",\"condanna\",\"denuncia\",\"furto piante\",\"giornata libror\",\"Piazza Seggio\"],\"articleSection\":[\"Home\",\"News\",\"Reggio Calabria\"],\"inLanguage\":\"it-IT\"},{\"@type\":\"WebPage\",\"@id\":\"https:\/\/progettotouring.it\/radiotouring104\/2026\/04\/27\/caulonia-comune-denuncia-il-furto-delle-piante-in-piazza-seggio\/\",\"url\":\"https:\/\/progettotouring.it\/radiotouring104\/2026\/04\/27\/caulonia-comune-denuncia-il-furto-delle-piante-in-piazza-seggio\/\",\"name\":\"Caulonia: Comune denuncia il furto delle piante in Piazza Seggio\",\"isPartOf\":{\"@id\":\"https:\/\/progettotouring.it\/radiotouring104\/#website\"},\"primaryImageOfPage\":{\"@id\":\"https:\/\/progettotouring.it\/radiotouring104\/2026\/04\/27\/caulonia-comune-denuncia-il-furto-delle-piante-in-piazza-seggio\/#primaryimage\"},\"image\":{\"@id\":\"https:\/\/progettotouring.it\/radiotouring104\/2026\/04\/27\/caulonia-comune-denuncia-il-furto-delle-piante-in-piazza-seggio\/#primaryimage\"},\"thumbnailUrl\":\"https:\/\/progettotouring.it\/radiotouring104\/wp-content\/uploads\/sites\/6\/2026\/04\/furto-fiori-festa-del-libro-Caulonia.jpg\",\"datePublished\":\"2026-04-27T09:40:22+00:00\",\"dateModified\":\"2026-04-27T10:41:10+00:00\",\"description\":\"L\u2019Amministrazione comunale denuncia l\u2019accaduto e ed esprime indignazione per il furto dei fiori, in occasione della Giornata del Libro\",\"breadcrumb\":{\"@id\":\"https:\/\/progettotouring.it\/radiotouring104\/2026\/04\/27\/caulonia-comune-denuncia-il-furto-delle-piante-in-piazza-seggio\/#breadcrumb\"},\"inLanguage\":\"it-IT\",\"potentialAction\":[{\"@type\":\"ReadAction\",\"target\":[\"https:\/\/progettotouring.it\/radiotouring104\/2026\/04\/27\/caulonia-comune-denuncia-il-furto-delle-piante-in-piazza-seggio\/\"]}]},{\"@type\":\"ImageObject\",\"inLanguage\":\"it-IT\",\"@id\":\"https:\/\/progettotouring.it\/radiotouring104\/2026\/04\/27\/caulonia-comune-denuncia-il-furto-delle-piante-in-piazza-seggio\/#primaryimage\",\"url\":\"https:\/\/progettotouring.it\/radiotouring104\/wp-content\/uploads\/sites\/6\/2026\/04\/furto-fiori-festa-del-libro-Caulonia.jpg\",\"contentUrl\":\"https:\/\/progettotouring.it\/radiotouring104\/wp-content\/uploads\/sites\/6\/2026\/04\/furto-fiori-festa-del-libro-Caulonia.jpg\",\"width\":1536,\"height\":2048},{\"@type\":\"BreadcrumbList\",\"@id\":\"https:\/\/progettotouring.it\/radiotouring104\/2026\/04\/27\/caulonia-comune-denuncia-il-furto-delle-piante-in-piazza-seggio\/#breadcrumb\",\"itemListElement\":[{\"@type\":\"ListItem\",\"position\":1,\"name\":\"Home\",\"item\":\"https:\/\/progettotouring.it\/radiotouring104\/\"},{\"@type\":\"ListItem\",\"position\":2,\"name\":\"Caulonia: Comune denuncia il furto delle piante in Piazza Seggio\"}]},{\"@type\":\"WebSite\",\"@id\":\"https:\/\/progettotouring.it\/radiotouring104\/#website\",\"url\":\"https:\/\/progettotouring.it\/radiotouring104\/\",\"name\":\"Radio Touring 104\",\"description\":\"La prima radio Reggina\",\"publisher\":{\"@id\":\"https:\/\/progettotouring.it\/radiotouring104\/#organization\"},\"potentialAction\":[{\"@type\":\"SearchAction\",\"target\":{\"@type\":\"EntryPoint\",\"urlTemplate\":\"https:\/\/progettotouring.it\/radiotouring104\/?s={search_term_string}\"},\"query-input\":{\"@type\":\"PropertyValueSpecification\",\"valueRequired\":true,\"valueName\":\"search_term_string\"}}],\"inLanguage\":\"it-IT\"},{\"@type\":\"Organization\",\"@id\":\"https:\/\/progettotouring.it\/radiotouring104\/#organization\",\"name\":\"Radio Touring 104\",\"url\":\"https:\/\/progettotouring.it\/radiotouring104\/\",\"logo\":{\"@type\":\"ImageObject\",\"inLanguage\":\"it-IT\",\"@id\":\"https:\/\/progettotouring.it\/radiotouring104\/#\/schema\/logo\/image\/\",\"url\":\"https:\/\/progettotouring.it\/radiotouring104\/wp-content\/uploads\/sites\/6\/2022\/02\/cropped-logo-radio-touring-104.png\",\"contentUrl\":\"https:\/\/progettotouring.it\/radiotouring104\/wp-content\/uploads\/sites\/6\/2022\/02\/cropped-logo-radio-touring-104.png\",\"width\":377,\"height\":182,\"caption\":\"Radio Touring 104\"},\"image\":{\"@id\":\"https:\/\/progettotouring.it\/radiotouring104\/#\/schema\/logo\/image\/\"}},{\"@type\":\"Person\",\"@id\":\"https:\/\/progettotouring.it\/radiotouring104\/#\/schema\/person\/1b3eb3c07c47136bc44c785c543e635f\",\"name\":\"redazione\",\"image\":{\"@type\":\"ImageObject\",\"inLanguage\":\"it-IT\",\"@id\":\"https:\/\/secure.gravatar.com\/avatar\/0b31605b49f100769e8b624b3e05de1b73e1692e9568a352f60f53fd072e6e11?s=96&d=mm&r=g\",\"url\":\"https:\/\/secure.gravatar.com\/avatar\/0b31605b49f100769e8b624b3e05de1b73e1692e9568a352f60f53fd072e6e11?s=96&d=mm&r=g\",\"contentUrl\":\"https:\/\/secure.gravatar.com\/avatar\/0b31605b49f100769e8b624b3e05de1b73e1692e9568a352f60f53fd072e6e11?s=96&d=mm&r=g\",\"caption\":\"redazione\"},\"url\":\"https:\/\/progettotouring.it\/radiotouring104\/author\/redazione\/\"}]}<\/script>\n<!-- \/ Yoast SEO plugin. -->","yoast_head_json":{"title":"Caulonia: Comune denuncia il furto delle piante in Piazza Seggio","description":"L\u2019Amministrazione comunale denuncia l\u2019accaduto e ed esprime indignazione per il furto dei fiori, in occasione della Giornata del Libro","robots":{"index":"index","follow":"follow","max-snippet":"max-snippet:-1","max-image-preview":"max-image-preview:large","max-video-preview":"max-video-preview:-1"},"canonical":"https:\/\/progettotouring.it\/radiotouring104\/2026\/04\/27\/caulonia-comune-denuncia-il-furto-delle-piante-in-piazza-seggio\/","og_locale":"it_IT","og_type":"article","og_title":"Caulonia: Comune denuncia il furto delle piante in Piazza Seggio","og_description":"L\u2019Amministrazione comunale denuncia l\u2019accaduto e ed esprime indignazione per il furto dei fiori, in occasione della Giornata del Libro","og_url":"https:\/\/progettotouring.it\/radiotouring104\/2026\/04\/27\/caulonia-comune-denuncia-il-furto-delle-piante-in-piazza-seggio\/","og_site_name":"Radio Touring 104","article_published_time":"2026-04-27T09:40:22+00:00","article_modified_time":"2026-04-27T10:41:10+00:00","og_image":[{"width":1536,"height":2048,"url":"https:\/\/progettotouring.it\/radiotouring104\/wp-content\/uploads\/sites\/6\/2026\/04\/furto-fiori-festa-del-libro-Caulonia.jpg","type":"image\/jpeg"}],"author":"redazione","twitter_card":"summary_large_image","twitter_misc":{"Scritto da":"redazione","Tempo di lettura stimato":"4 minuti"},"schema":{"@context":"https:\/\/schema.org","@graph":[{"@type":"Article","@id":"https:\/\/progettotouring.it\/radiotouring104\/2026\/04\/27\/caulonia-comune-denuncia-il-furto-delle-piante-in-piazza-seggio\/#article","isPartOf":{"@id":"https:\/\/progettotouring.it\/radiotouring104\/2026\/04\/27\/caulonia-comune-denuncia-il-furto-delle-piante-in-piazza-seggio\/"},"author":{"name":"redazione","@id":"https:\/\/progettotouring.it\/radiotouring104\/#\/schema\/person\/1b3eb3c07c47136bc44c785c543e635f"},"headline":"Caulonia: Comune denuncia il furto delle piante in Piazza Seggio","datePublished":"2026-04-27T09:40:22+00:00","dateModified":"2026-04-27T10:41:10+00:00","mainEntityOfPage":{"@id":"https:\/\/progettotouring.it\/radiotouring104\/2026\/04\/27\/caulonia-comune-denuncia-il-furto-delle-piante-in-piazza-seggio\/"},"wordCount":712,"publisher":{"@id":"https:\/\/progettotouring.it\/radiotouring104\/#organization"},"image":{"@id":"https:\/\/progettotouring.it\/radiotouring104\/2026\/04\/27\/caulonia-comune-denuncia-il-furto-delle-piante-in-piazza-seggio\/#primaryimage"},"thumbnailUrl":"https:\/\/progettotouring.it\/radiotouring104\/wp-content\/uploads\/sites\/6\/2026\/04\/furto-fiori-festa-del-libro-Caulonia.jpg","keywords":["Comune di Caulonia","condanna","denuncia","furto piante","giornata libror","Piazza Seggio"],"articleSection":["Home","News","Reggio Calabria"],"inLanguage":"it-IT"},{"@type":"WebPage","@id":"https:\/\/progettotouring.it\/radiotouring104\/2026\/04\/27\/caulonia-comune-denuncia-il-furto-delle-piante-in-piazza-seggio\/","url":"https:\/\/progettotouring.it\/radiotouring104\/2026\/04\/27\/caulonia-comune-denuncia-il-furto-delle-piante-in-piazza-seggio\/","name":"Caulonia: Comune denuncia il furto delle piante in Piazza Seggio","isPartOf":{"@id":"https:\/\/progettotouring.it\/radiotouring104\/#website"},"primaryImageOfPage":{"@id":"https:\/\/progettotouring.it\/radiotouring104\/2026\/04\/27\/caulonia-comune-denuncia-il-furto-delle-piante-in-piazza-seggio\/#primaryimage"},"image":{"@id":"https:\/\/progettotouring.it\/radiotouring104\/2026\/04\/27\/caulonia-comune-denuncia-il-furto-delle-piante-in-piazza-seggio\/#primaryimage"},"thumbnailUrl":"https:\/\/progettotouring.it\/radiotouring104\/wp-content\/uploads\/sites\/6\/2026\/04\/furto-fiori-festa-del-libro-Caulonia.jpg","datePublished":"2026-04-27T09:40:22+00:00","dateModified":"2026-04-27T10:41:10+00:00","description":"L\u2019Amministrazione comunale denuncia l\u2019accaduto e ed esprime indignazione per il furto dei fiori, in occasione della Giornata del Libro","breadcrumb":{"@id":"https:\/\/progettotouring.it\/radiotouring104\/2026\/04\/27\/caulonia-comune-denuncia-il-furto-delle-piante-in-piazza-seggio\/#breadcrumb"},"inLanguage":"it-IT","potentialAction":[{"@type":"ReadAction","target":["https:\/\/progettotouring.it\/radiotouring104\/2026\/04\/27\/caulonia-comune-denuncia-il-furto-delle-piante-in-piazza-seggio\/"]}]},{"@type":"ImageObject","inLanguage":"it-IT","@id":"https:\/\/progettotouring.it\/radiotouring104\/2026\/04\/27\/caulonia-comune-denuncia-il-furto-delle-piante-in-piazza-seggio\/#primaryimage","url":"https:\/\/progettotouring.it\/radiotouring104\/wp-content\/uploads\/sites\/6\/2026\/04\/furto-fiori-festa-del-libro-Caulonia.jpg","contentUrl":"https:\/\/progettotouring.it\/radiotouring104\/wp-content\/uploads\/sites\/6\/2026\/04\/furto-fiori-festa-del-libro-Caulonia.jpg","width":1536,"height":2048},{"@type":"BreadcrumbList","@id":"https:\/\/progettotouring.it\/radiotouring104\/2026\/04\/27\/caulonia-comune-denuncia-il-furto-delle-piante-in-piazza-seggio\/#breadcrumb","itemListElement":[{"@type":"ListItem","position":1,"name":"Home","item":"https:\/\/progettotouring.it\/radiotouring104\/"},{"@type":"ListItem","position":2,"name":"Caulonia: Comune denuncia il furto delle piante in Piazza Seggio"}]},{"@type":"WebSite","@id":"https:\/\/progettotouring.it\/radiotouring104\/#website","url":"https:\/\/progettotouring.it\/radiotouring104\/","name":"Radio Touring 104","description":"La prima radio Reggina","publisher":{"@id":"https:\/\/progettotouring.it\/radiotouring104\/#organization"},"potentialAction":[{"@type":"SearchAction","target":{"@type":"EntryPoint","urlTemplate":"https:\/\/progettotouring.it\/radiotouring104\/?s={search_term_string}"},"query-input":{"@type":"PropertyValueSpecification","valueRequired":true,"valueName":"search_term_string"}}],"inLanguage":"it-IT"},{"@type":"Organization","@id":"https:\/\/progettotouring.it\/radiotouring104\/#organization","name":"Radio Touring 104","url":"https:\/\/progettotouring.it\/radiotouring104\/","logo":{"@type":"ImageObject","inLanguage":"it-IT","@id":"https:\/\/progettotouring.it\/radiotouring104\/#\/schema\/logo\/image\/","url":"https:\/\/progettotouring.it\/radiotouring104\/wp-content\/uploads\/sites\/6\/2022\/02\/cropped-logo-radio-touring-104.png","contentUrl":"https:\/\/progettotouring.it\/radiotouring104\/wp-content\/uploads\/sites\/6\/2022\/02\/cropped-logo-radio-touring-104.png","width":377,"height":182,"caption":"Radio Touring 104"},"image":{"@id":"https:\/\/progettotouring.it\/radiotouring104\/#\/schema\/logo\/image\/"}},{"@type":"Person","@id":"https:\/\/progettotouring.it\/radiotouring104\/#\/schema\/person\/1b3eb3c07c47136bc44c785c543e635f","name":"redazione","image":{"@type":"ImageObject","inLanguage":"it-IT","@id":"https:\/\/secure.gravatar.com\/avatar\/0b31605b49f100769e8b624b3e05de1b73e1692e9568a352f60f53fd072e6e11?s=96&d=mm&r=g","url":"https:\/\/secure.gravatar.com\/avatar\/0b31605b49f100769e8b624b3e05de1b73e1692e9568a352f60f53fd072e6e11?s=96&d=mm&r=g","contentUrl":"https:\/\/secure.gravatar.com\/avatar\/0b31605b49f100769e8b624b3e05de1b73e1692e9568a352f60f53fd072e6e11?s=96&d=mm&r=g","caption":"redazione"},"url":"https:\/\/progettotouring.it\/radiotouring104\/author\/redazione\/"}]}},"jetpack_publicize_connections":[],"jetpack_featured_media_url":"https:\/\/progettotouring.it\/radiotouring104\/wp-content\/uploads\/sites\/6\/2026\/04\/furto-fiori-festa-del-libro-Caulonia.jpg","jetpack_sharing_enabled":true,"_links":{"self":[{"href":"https:\/\/progettotouring.it\/radiotouring104\/wp-json\/wp\/v2\/posts\/94449","targetHints":{"allow":["GET"]}}],"collection":[{"href":"https:\/\/progettotouring.it\/radiotouring104\/wp-json\/wp\/v2\/posts"}],"about":[{"href":"https:\/\/progettotouring.it\/radiotouring104\/wp-json\/wp\/v2\/types\/post"}],"author":[{"embeddable":true,"href":"https:\/\/progettotouring.it\/radiotouring104\/wp-json\/wp\/v2\/users\/5"}],"replies":[{"embeddable":true,"href":"https:\/\/progettotouring.it\/radiotouring104\/wp-json\/wp\/v2\/comments?post=94449"}],"version-history":[{"count":1,"href":"https:\/\/progettotouring.it\/radiotouring104\/wp-json\/wp\/v2\/posts\/94449\/revisions"}],"predecessor-version":[{"id":94451,"href":"https:\/\/progettotouring.it\/radiotouring104\/wp-json\/wp\/v2\/posts\/94449\/revisions\/94451"}],"wp:featuredmedia":[{"embeddable":true,"href":"https:\/\/progettotouring.it\/radiotouring104\/wp-json\/wp\/v2\/media\/94450"}],"wp:attachment":[{"href":"https:\/\/progettotouring.it\/radiotouring104\/wp-json\/wp\/v2\/media?parent=94449"}],"wp:term":[{"taxonomy":"category","embeddable":true,"href":"https:\/\/progettotouring.it\/radiotouring104\/wp-json\/wp\/v2\/categories?post=94449"},{"taxonomy":"post_tag","embeddable":true,"href":"https:\/\/progettotouring.it\/radiotouring104\/wp-json\/wp\/v2\/tags?post=94449"}],"curies":[{"name":"wp","href":"https:\/\/api.w.org\/{rel}","templated":true}]}}