{"id":94468,"date":"2026-04-28T09:31:04","date_gmt":"2026-04-28T07:31:04","guid":{"rendered":"https:\/\/progettotouring.it\/radiotouring104\/?p=94468"},"modified":"2026-04-28T09:31:04","modified_gmt":"2026-04-28T07:31:04","slug":"comune-di-riace-corte-dappello-conferma-la-decadenza-da-sindaco-per-mimmo-lucano","status":"publish","type":"post","link":"https:\/\/progettotouring.it\/radiotouring104\/2026\/04\/28\/comune-di-riace-corte-dappello-conferma-la-decadenza-da-sindaco-per-mimmo-lucano\/","title":{"rendered":"Comune di Riace: Corte d&#8217;appello conferma la decadenza da Sindaco per Mimmo Lucano"},"content":{"rendered":"<p>La Corte d&#8217;Appello di Reggio Calabria ha dichiarato decaduto il sindaco di Riace Mimmo Lucano confermando la decisione del Tribunale di Locri che lo scorso luglio aveva accolto il ricorso della Prefettura in conseguenza della condanna per falso a 18 mesi, con pena sospesa, rimediata nel processo &#8220;Xenia&#8221;, nato da un&#8217;indagine sui presunti illeciti nella gestione dell&#8217;accoglienza di migranti.<\/p>\n<p>Per la Prefettura la condanna, definitiva dal febbraio 2025, rientra nella fattispecie della legge Severino diventando una causa di incandidabilit\u00e0 che, intervenendo dopo l&#8217;elezione, avvenuta a giugno 2024, prevede una procedura particolare prima dell&#8217;effettiva decadenza.<\/p>\n<p>Dopo la sentenza di primo grado, Lucano era rimasto in carica in attesa che si\u2028esprimesse anche la Corte d&#8217;Appello. I legali del sindaco ed europarlamentare di Avs, gli avvocati Andrea Daqua e Giuliano Saitta, hanno gi\u00e0 annunciato ricorso per Cassazione che li legittima a una richiesta di sospensiva. In sostanza, i legali avevano contestato l&#8217;applicazione della Severino al caso Lucano nei confronti del quale il giudice penale non aveva disposto l&#8217;interdizione dai pubblici uffici escludendo, a loro parere, che il reato sia stato commesso con abuso di potere o con violazione dei doveri inerenti alle funzioni.<\/p>\n<p>Secondo la Corte d&#8217;Appello, &#8220;il giudizio di accertamento della penale responsabilit\u00e0&#8221; di Lucano &#8220;e quello, successivo ad esso, di valutazione della sua incandidabilit\u00e0 o decadenza, operano su piani diversi, come diverse sono le finalit\u00e0 dei provvedimenti conclusivi dei due giudizi&#8221;. \u00a0Per i giudici, infatti, &#8220;la mancata applicazione in sede penale&#8221; della pena accessoria dell&#8217;interdizione &#8220;non si ritiene fattore determinante per la successiva statuizione del giudice elettorale, proprio per la differente latitudine e funzione dei due giudizi&#8221;. Ecco perch\u00e9 secondo la Corte d&#8217;Appello, nella prima sentenza il Tribunale di Locri &#8220;ha effettivamente utilizzato quanto accertato in sede penale per verificare la sussistenza dei presupposti previsti dal decreto Severino, al fine di addivenire ad una pronuncia di decadenza&#8221;.<\/p>\n<p>&#8220;A nostro parere, non risulta condivisibile&#8221; affermano in una nota stampa gli avvocati Daqua e Saitta secondo cui &#8220;Tribunale e Corte di Appello sostengono cose diverse. Il contrasto amplifica la non condivisibilit\u00e0 della decisione&#8221;. Per i legali, &#8220;quando il giudice penale accerta che il fatto-reato sia commesso con abuso di potere o con violazione dei doveri inerenti il proprio ufficio deve necessariamente applicare la sanzione accessoria della interdizione dai pubblici. \u00a0Nonostante il chiaro dettato normativo, per il Tribunale l&#8217;omessa \u00a0applicazione della sanzione accessoria sarebbe una &#8216;mera dimenticanza del giudice penale&#8217; mentre la Corte di appello afferma che il medesimo giudice elettorale \u00e8 dotato di discrezionalit\u00e0 nell&#8217;effettuare tali verifiche: si tratta di una contraddizione palese anche perch\u00e9 riconosce un potere discrezionale al giudice elettorale che la giurisprudenza consolidata nega. Se diventasse definitiva questa decisione avremmo la contradditoria situazione in cui un cittadino, Mimmo Lucano, avrebbe il certificato penale illibato sotto il profilo della commissione di reati commessi con abuso di poteri o in violazione dei doveri inerenti il proprio ufficio e contestualmente un Lucano decaduto da Sindaco per aver commesso un reato con abuso di potere&#8221;.<\/p>\n<p>&#8220;\u00c8 evidente &#8211; concludono Daqua e Saitta &#8211; che la decisione seppur rispettabilissima non pu\u00f2 essere condivisa e non ci resta che il ricorso in Cassazione&#8221;.<\/p>\n","protected":false},"excerpt":{"rendered":"<p>La Corte d&#8217;Appello di Reggio Calabria ha dichiarato decaduto il sindaco di Riace Mimmo Lucano confermando la decisione del Tribunale di Locri che lo scorso luglio aveva accolto il ricorso&hellip;<\/p>\n","protected":false},"author":12,"featured_media":36828,"comment_status":"closed","ping_status":"open","sticky":false,"template":"","format":"standard","meta":{"_jetpack_memberships_contains_paid_content":false,"footnotes":"","jetpack_publicize_message":"","jetpack_publicize_feature_enabled":true,"jetpack_social_post_already_shared":true,"jetpack_social_options":{"image_generator_settings":{"template":"highway","default_image_id":0,"font":"","enabled":false},"version":2}},"categories":[921,150,196,140],"tags":[37158,11582,40647,13200,4052,5790],"class_list":["post-94468","post","type-post","status-publish","format-standard","has-post-thumbnail","hentry","category-home","category-in-primo-piano","category-news","category-reggio-calabria","tag-comune-di-riace","tag-corte-dappello-di-reggio","tag-decadenza-da-sindaco","tag-mimmo-lucano","tag-prefettura","tag-tribunale-di-locri"],"yoast_head":"<!-- This site is optimized with the Yoast SEO plugin v27.2 - https:\/\/yoast.com\/product\/yoast-seo-wordpress\/ -->\n<title>Comune di Riace: Corte d&#039;appello conferma la decadenza da Sindaco per Mimmo Lucano - Radio Touring 104<\/title>\n<meta name=\"description\" content=\"La Corte d&#039;Appello di Reggio ha confermato la decadenza del 1\u00b0 cittadino di Riace, confermando la decisione del Tribunale di Locri\" \/>\n<meta name=\"robots\" content=\"index, follow, max-snippet:-1, max-image-preview:large, max-video-preview:-1\" \/>\n<link rel=\"canonical\" href=\"https:\/\/progettotouring.it\/radiotouring104\/2026\/04\/28\/comune-di-riace-corte-dappello-conferma-la-decadenza-da-sindaco-per-mimmo-lucano\/\" \/>\n<meta property=\"og:locale\" content=\"it_IT\" \/>\n<meta property=\"og:type\" content=\"article\" \/>\n<meta property=\"og:title\" content=\"Comune di Riace: Corte d&#039;appello conferma la decadenza da Sindaco per Mimmo Lucano - Radio Touring 104\" \/>\n<meta property=\"og:description\" content=\"La Corte d&#039;Appello di Reggio ha confermato la decadenza del 1\u00b0 cittadino di Riace, confermando la decisione del Tribunale di Locri\" \/>\n<meta property=\"og:url\" content=\"https:\/\/progettotouring.it\/radiotouring104\/2026\/04\/28\/comune-di-riace-corte-dappello-conferma-la-decadenza-da-sindaco-per-mimmo-lucano\/\" \/>\n<meta property=\"og:site_name\" content=\"Radio Touring 104\" \/>\n<meta property=\"article:published_time\" content=\"2026-04-28T07:31:04+00:00\" \/>\n<meta property=\"og:image\" content=\"https:\/\/progettotouring.it\/radiotouring104\/wp-content\/uploads\/sites\/6\/2023\/10\/lucano-mimmo.jpg\" \/>\n\t<meta property=\"og:image:width\" content=\"774\" \/>\n\t<meta property=\"og:image:height\" content=\"516\" \/>\n\t<meta property=\"og:image:type\" content=\"image\/jpeg\" \/>\n<meta name=\"author\" content=\"Sebastiano Plutino\" \/>\n<meta name=\"twitter:card\" content=\"summary_large_image\" \/>\n<meta name=\"twitter:label1\" content=\"Scritto da\" \/>\n\t<meta name=\"twitter:data1\" content=\"Sebastiano Plutino\" \/>\n\t<meta name=\"twitter:label2\" content=\"Tempo di lettura stimato\" \/>\n\t<meta name=\"twitter:data2\" content=\"3 minuti\" \/>\n<script type=\"application\/ld+json\" class=\"yoast-schema-graph\">{\"@context\":\"https:\/\/schema.org\",\"@graph\":[{\"@type\":\"Article\",\"@id\":\"https:\/\/progettotouring.it\/radiotouring104\/2026\/04\/28\/comune-di-riace-corte-dappello-conferma-la-decadenza-da-sindaco-per-mimmo-lucano\/#article\",\"isPartOf\":{\"@id\":\"https:\/\/progettotouring.it\/radiotouring104\/2026\/04\/28\/comune-di-riace-corte-dappello-conferma-la-decadenza-da-sindaco-per-mimmo-lucano\/\"},\"author\":{\"name\":\"Sebastiano Plutino\",\"@id\":\"https:\/\/progettotouring.it\/radiotouring104\/#\/schema\/person\/78613917f1851f041f7483f5af1d422e\"},\"headline\":\"Comune di Riace: Corte d&#8217;appello conferma la decadenza da Sindaco per Mimmo Lucano\",\"datePublished\":\"2026-04-28T07:31:04+00:00\",\"mainEntityOfPage\":{\"@id\":\"https:\/\/progettotouring.it\/radiotouring104\/2026\/04\/28\/comune-di-riace-corte-dappello-conferma-la-decadenza-da-sindaco-per-mimmo-lucano\/\"},\"wordCount\":526,\"publisher\":{\"@id\":\"https:\/\/progettotouring.it\/radiotouring104\/#organization\"},\"image\":{\"@id\":\"https:\/\/progettotouring.it\/radiotouring104\/2026\/04\/28\/comune-di-riace-corte-dappello-conferma-la-decadenza-da-sindaco-per-mimmo-lucano\/#primaryimage\"},\"thumbnailUrl\":\"https:\/\/progettotouring.it\/radiotouring104\/wp-content\/uploads\/sites\/6\/2023\/10\/lucano-mimmo.jpg\",\"keywords\":[\"Comune di Riace\",\"Corte d'Appello di Reggio\",\"decadenza da Sindaco\",\"Mimmo Lucano\",\"prefettura\",\"Tribunale di Locri\"],\"articleSection\":[\"Home\",\"In primo piano\",\"News\",\"Reggio Calabria\"],\"inLanguage\":\"it-IT\"},{\"@type\":\"WebPage\",\"@id\":\"https:\/\/progettotouring.it\/radiotouring104\/2026\/04\/28\/comune-di-riace-corte-dappello-conferma-la-decadenza-da-sindaco-per-mimmo-lucano\/\",\"url\":\"https:\/\/progettotouring.it\/radiotouring104\/2026\/04\/28\/comune-di-riace-corte-dappello-conferma-la-decadenza-da-sindaco-per-mimmo-lucano\/\",\"name\":\"Comune di Riace: Corte d'appello conferma la decadenza da Sindaco per Mimmo Lucano - Radio Touring 104\",\"isPartOf\":{\"@id\":\"https:\/\/progettotouring.it\/radiotouring104\/#website\"},\"primaryImageOfPage\":{\"@id\":\"https:\/\/progettotouring.it\/radiotouring104\/2026\/04\/28\/comune-di-riace-corte-dappello-conferma-la-decadenza-da-sindaco-per-mimmo-lucano\/#primaryimage\"},\"image\":{\"@id\":\"https:\/\/progettotouring.it\/radiotouring104\/2026\/04\/28\/comune-di-riace-corte-dappello-conferma-la-decadenza-da-sindaco-per-mimmo-lucano\/#primaryimage\"},\"thumbnailUrl\":\"https:\/\/progettotouring.it\/radiotouring104\/wp-content\/uploads\/sites\/6\/2023\/10\/lucano-mimmo.jpg\",\"datePublished\":\"2026-04-28T07:31:04+00:00\",\"description\":\"La Corte d'Appello di Reggio ha confermato la decadenza del 1\u00b0 cittadino di Riace, confermando la decisione del Tribunale di Locri\",\"breadcrumb\":{\"@id\":\"https:\/\/progettotouring.it\/radiotouring104\/2026\/04\/28\/comune-di-riace-corte-dappello-conferma-la-decadenza-da-sindaco-per-mimmo-lucano\/#breadcrumb\"},\"inLanguage\":\"it-IT\",\"potentialAction\":[{\"@type\":\"ReadAction\",\"target\":[\"https:\/\/progettotouring.it\/radiotouring104\/2026\/04\/28\/comune-di-riace-corte-dappello-conferma-la-decadenza-da-sindaco-per-mimmo-lucano\/\"]}]},{\"@type\":\"ImageObject\",\"inLanguage\":\"it-IT\",\"@id\":\"https:\/\/progettotouring.it\/radiotouring104\/2026\/04\/28\/comune-di-riace-corte-dappello-conferma-la-decadenza-da-sindaco-per-mimmo-lucano\/#primaryimage\",\"url\":\"https:\/\/progettotouring.it\/radiotouring104\/wp-content\/uploads\/sites\/6\/2023\/10\/lucano-mimmo.jpg\",\"contentUrl\":\"https:\/\/progettotouring.it\/radiotouring104\/wp-content\/uploads\/sites\/6\/2023\/10\/lucano-mimmo.jpg\",\"width\":774,\"height\":516},{\"@type\":\"BreadcrumbList\",\"@id\":\"https:\/\/progettotouring.it\/radiotouring104\/2026\/04\/28\/comune-di-riace-corte-dappello-conferma-la-decadenza-da-sindaco-per-mimmo-lucano\/#breadcrumb\",\"itemListElement\":[{\"@type\":\"ListItem\",\"position\":1,\"name\":\"Home\",\"item\":\"https:\/\/progettotouring.it\/radiotouring104\/\"},{\"@type\":\"ListItem\",\"position\":2,\"name\":\"Comune di Riace: Corte d&#8217;appello conferma la decadenza da Sindaco per Mimmo Lucano\"}]},{\"@type\":\"WebSite\",\"@id\":\"https:\/\/progettotouring.it\/radiotouring104\/#website\",\"url\":\"https:\/\/progettotouring.it\/radiotouring104\/\",\"name\":\"Radio Touring 104\",\"description\":\"La prima radio Reggina\",\"publisher\":{\"@id\":\"https:\/\/progettotouring.it\/radiotouring104\/#organization\"},\"potentialAction\":[{\"@type\":\"SearchAction\",\"target\":{\"@type\":\"EntryPoint\",\"urlTemplate\":\"https:\/\/progettotouring.it\/radiotouring104\/?s={search_term_string}\"},\"query-input\":{\"@type\":\"PropertyValueSpecification\",\"valueRequired\":true,\"valueName\":\"search_term_string\"}}],\"inLanguage\":\"it-IT\"},{\"@type\":\"Organization\",\"@id\":\"https:\/\/progettotouring.it\/radiotouring104\/#organization\",\"name\":\"Radio Touring 104\",\"url\":\"https:\/\/progettotouring.it\/radiotouring104\/\",\"logo\":{\"@type\":\"ImageObject\",\"inLanguage\":\"it-IT\",\"@id\":\"https:\/\/progettotouring.it\/radiotouring104\/#\/schema\/logo\/image\/\",\"url\":\"https:\/\/progettotouring.it\/radiotouring104\/wp-content\/uploads\/sites\/6\/2022\/02\/cropped-logo-radio-touring-104.png\",\"contentUrl\":\"https:\/\/progettotouring.it\/radiotouring104\/wp-content\/uploads\/sites\/6\/2022\/02\/cropped-logo-radio-touring-104.png\",\"width\":377,\"height\":182,\"caption\":\"Radio Touring 104\"},\"image\":{\"@id\":\"https:\/\/progettotouring.it\/radiotouring104\/#\/schema\/logo\/image\/\"}},{\"@type\":\"Person\",\"@id\":\"https:\/\/progettotouring.it\/radiotouring104\/#\/schema\/person\/78613917f1851f041f7483f5af1d422e\",\"name\":\"Sebastiano Plutino\",\"image\":{\"@type\":\"ImageObject\",\"inLanguage\":\"it-IT\",\"@id\":\"https:\/\/secure.gravatar.com\/avatar\/0546ffaa9b79224faf9f2a156b67a529ae861d3287c66c1d8ccfdf909bcba78d?s=96&d=mm&r=g\",\"url\":\"https:\/\/secure.gravatar.com\/avatar\/0546ffaa9b79224faf9f2a156b67a529ae861d3287c66c1d8ccfdf909bcba78d?s=96&d=mm&r=g\",\"contentUrl\":\"https:\/\/secure.gravatar.com\/avatar\/0546ffaa9b79224faf9f2a156b67a529ae861d3287c66c1d8ccfdf909bcba78d?s=96&d=mm&r=g\",\"caption\":\"Sebastiano Plutino\"},\"url\":\"https:\/\/progettotouring.it\/radiotouring104\/author\/sebastiano\/\"}]}<\/script>\n<!-- \/ Yoast SEO plugin. -->","yoast_head_json":{"title":"Comune di Riace: Corte d'appello conferma la decadenza da Sindaco per Mimmo Lucano - Radio Touring 104","description":"La Corte d'Appello di Reggio ha confermato la decadenza del 1\u00b0 cittadino di Riace, confermando la decisione del Tribunale di Locri","robots":{"index":"index","follow":"follow","max-snippet":"max-snippet:-1","max-image-preview":"max-image-preview:large","max-video-preview":"max-video-preview:-1"},"canonical":"https:\/\/progettotouring.it\/radiotouring104\/2026\/04\/28\/comune-di-riace-corte-dappello-conferma-la-decadenza-da-sindaco-per-mimmo-lucano\/","og_locale":"it_IT","og_type":"article","og_title":"Comune di Riace: Corte d'appello conferma la decadenza da Sindaco per Mimmo Lucano - Radio Touring 104","og_description":"La Corte d'Appello di Reggio ha confermato la decadenza del 1\u00b0 cittadino di Riace, confermando la decisione del Tribunale di Locri","og_url":"https:\/\/progettotouring.it\/radiotouring104\/2026\/04\/28\/comune-di-riace-corte-dappello-conferma-la-decadenza-da-sindaco-per-mimmo-lucano\/","og_site_name":"Radio Touring 104","article_published_time":"2026-04-28T07:31:04+00:00","og_image":[{"width":774,"height":516,"url":"https:\/\/progettotouring.it\/radiotouring104\/wp-content\/uploads\/sites\/6\/2023\/10\/lucano-mimmo.jpg","type":"image\/jpeg"}],"author":"Sebastiano Plutino","twitter_card":"summary_large_image","twitter_misc":{"Scritto da":"Sebastiano Plutino","Tempo di lettura stimato":"3 minuti"},"schema":{"@context":"https:\/\/schema.org","@graph":[{"@type":"Article","@id":"https:\/\/progettotouring.it\/radiotouring104\/2026\/04\/28\/comune-di-riace-corte-dappello-conferma-la-decadenza-da-sindaco-per-mimmo-lucano\/#article","isPartOf":{"@id":"https:\/\/progettotouring.it\/radiotouring104\/2026\/04\/28\/comune-di-riace-corte-dappello-conferma-la-decadenza-da-sindaco-per-mimmo-lucano\/"},"author":{"name":"Sebastiano Plutino","@id":"https:\/\/progettotouring.it\/radiotouring104\/#\/schema\/person\/78613917f1851f041f7483f5af1d422e"},"headline":"Comune di Riace: Corte d&#8217;appello conferma la decadenza da Sindaco per Mimmo Lucano","datePublished":"2026-04-28T07:31:04+00:00","mainEntityOfPage":{"@id":"https:\/\/progettotouring.it\/radiotouring104\/2026\/04\/28\/comune-di-riace-corte-dappello-conferma-la-decadenza-da-sindaco-per-mimmo-lucano\/"},"wordCount":526,"publisher":{"@id":"https:\/\/progettotouring.it\/radiotouring104\/#organization"},"image":{"@id":"https:\/\/progettotouring.it\/radiotouring104\/2026\/04\/28\/comune-di-riace-corte-dappello-conferma-la-decadenza-da-sindaco-per-mimmo-lucano\/#primaryimage"},"thumbnailUrl":"https:\/\/progettotouring.it\/radiotouring104\/wp-content\/uploads\/sites\/6\/2023\/10\/lucano-mimmo.jpg","keywords":["Comune di Riace","Corte d'Appello di Reggio","decadenza da Sindaco","Mimmo Lucano","prefettura","Tribunale di Locri"],"articleSection":["Home","In primo piano","News","Reggio Calabria"],"inLanguage":"it-IT"},{"@type":"WebPage","@id":"https:\/\/progettotouring.it\/radiotouring104\/2026\/04\/28\/comune-di-riace-corte-dappello-conferma-la-decadenza-da-sindaco-per-mimmo-lucano\/","url":"https:\/\/progettotouring.it\/radiotouring104\/2026\/04\/28\/comune-di-riace-corte-dappello-conferma-la-decadenza-da-sindaco-per-mimmo-lucano\/","name":"Comune di Riace: Corte d'appello conferma la decadenza da Sindaco per Mimmo Lucano - Radio Touring 104","isPartOf":{"@id":"https:\/\/progettotouring.it\/radiotouring104\/#website"},"primaryImageOfPage":{"@id":"https:\/\/progettotouring.it\/radiotouring104\/2026\/04\/28\/comune-di-riace-corte-dappello-conferma-la-decadenza-da-sindaco-per-mimmo-lucano\/#primaryimage"},"image":{"@id":"https:\/\/progettotouring.it\/radiotouring104\/2026\/04\/28\/comune-di-riace-corte-dappello-conferma-la-decadenza-da-sindaco-per-mimmo-lucano\/#primaryimage"},"thumbnailUrl":"https:\/\/progettotouring.it\/radiotouring104\/wp-content\/uploads\/sites\/6\/2023\/10\/lucano-mimmo.jpg","datePublished":"2026-04-28T07:31:04+00:00","description":"La Corte d'Appello di Reggio ha confermato la decadenza del 1\u00b0 cittadino di Riace, confermando la decisione del Tribunale di Locri","breadcrumb":{"@id":"https:\/\/progettotouring.it\/radiotouring104\/2026\/04\/28\/comune-di-riace-corte-dappello-conferma-la-decadenza-da-sindaco-per-mimmo-lucano\/#breadcrumb"},"inLanguage":"it-IT","potentialAction":[{"@type":"ReadAction","target":["https:\/\/progettotouring.it\/radiotouring104\/2026\/04\/28\/comune-di-riace-corte-dappello-conferma-la-decadenza-da-sindaco-per-mimmo-lucano\/"]}]},{"@type":"ImageObject","inLanguage":"it-IT","@id":"https:\/\/progettotouring.it\/radiotouring104\/2026\/04\/28\/comune-di-riace-corte-dappello-conferma-la-decadenza-da-sindaco-per-mimmo-lucano\/#primaryimage","url":"https:\/\/progettotouring.it\/radiotouring104\/wp-content\/uploads\/sites\/6\/2023\/10\/lucano-mimmo.jpg","contentUrl":"https:\/\/progettotouring.it\/radiotouring104\/wp-content\/uploads\/sites\/6\/2023\/10\/lucano-mimmo.jpg","width":774,"height":516},{"@type":"BreadcrumbList","@id":"https:\/\/progettotouring.it\/radiotouring104\/2026\/04\/28\/comune-di-riace-corte-dappello-conferma-la-decadenza-da-sindaco-per-mimmo-lucano\/#breadcrumb","itemListElement":[{"@type":"ListItem","position":1,"name":"Home","item":"https:\/\/progettotouring.it\/radiotouring104\/"},{"@type":"ListItem","position":2,"name":"Comune di Riace: Corte d&#8217;appello conferma la decadenza da Sindaco per Mimmo Lucano"}]},{"@type":"WebSite","@id":"https:\/\/progettotouring.it\/radiotouring104\/#website","url":"https:\/\/progettotouring.it\/radiotouring104\/","name":"Radio Touring 104","description":"La prima radio Reggina","publisher":{"@id":"https:\/\/progettotouring.it\/radiotouring104\/#organization"},"potentialAction":[{"@type":"SearchAction","target":{"@type":"EntryPoint","urlTemplate":"https:\/\/progettotouring.it\/radiotouring104\/?s={search_term_string}"},"query-input":{"@type":"PropertyValueSpecification","valueRequired":true,"valueName":"search_term_string"}}],"inLanguage":"it-IT"},{"@type":"Organization","@id":"https:\/\/progettotouring.it\/radiotouring104\/#organization","name":"Radio Touring 104","url":"https:\/\/progettotouring.it\/radiotouring104\/","logo":{"@type":"ImageObject","inLanguage":"it-IT","@id":"https:\/\/progettotouring.it\/radiotouring104\/#\/schema\/logo\/image\/","url":"https:\/\/progettotouring.it\/radiotouring104\/wp-content\/uploads\/sites\/6\/2022\/02\/cropped-logo-radio-touring-104.png","contentUrl":"https:\/\/progettotouring.it\/radiotouring104\/wp-content\/uploads\/sites\/6\/2022\/02\/cropped-logo-radio-touring-104.png","width":377,"height":182,"caption":"Radio Touring 104"},"image":{"@id":"https:\/\/progettotouring.it\/radiotouring104\/#\/schema\/logo\/image\/"}},{"@type":"Person","@id":"https:\/\/progettotouring.it\/radiotouring104\/#\/schema\/person\/78613917f1851f041f7483f5af1d422e","name":"Sebastiano Plutino","image":{"@type":"ImageObject","inLanguage":"it-IT","@id":"https:\/\/secure.gravatar.com\/avatar\/0546ffaa9b79224faf9f2a156b67a529ae861d3287c66c1d8ccfdf909bcba78d?s=96&d=mm&r=g","url":"https:\/\/secure.gravatar.com\/avatar\/0546ffaa9b79224faf9f2a156b67a529ae861d3287c66c1d8ccfdf909bcba78d?s=96&d=mm&r=g","contentUrl":"https:\/\/secure.gravatar.com\/avatar\/0546ffaa9b79224faf9f2a156b67a529ae861d3287c66c1d8ccfdf909bcba78d?s=96&d=mm&r=g","caption":"Sebastiano Plutino"},"url":"https:\/\/progettotouring.it\/radiotouring104\/author\/sebastiano\/"}]}},"jetpack_publicize_connections":[],"jetpack_featured_media_url":"https:\/\/progettotouring.it\/radiotouring104\/wp-content\/uploads\/sites\/6\/2023\/10\/lucano-mimmo.jpg","jetpack_sharing_enabled":true,"_links":{"self":[{"href":"https:\/\/progettotouring.it\/radiotouring104\/wp-json\/wp\/v2\/posts\/94468","targetHints":{"allow":["GET"]}}],"collection":[{"href":"https:\/\/progettotouring.it\/radiotouring104\/wp-json\/wp\/v2\/posts"}],"about":[{"href":"https:\/\/progettotouring.it\/radiotouring104\/wp-json\/wp\/v2\/types\/post"}],"author":[{"embeddable":true,"href":"https:\/\/progettotouring.it\/radiotouring104\/wp-json\/wp\/v2\/users\/12"}],"replies":[{"embeddable":true,"href":"https:\/\/progettotouring.it\/radiotouring104\/wp-json\/wp\/v2\/comments?post=94468"}],"version-history":[{"count":1,"href":"https:\/\/progettotouring.it\/radiotouring104\/wp-json\/wp\/v2\/posts\/94468\/revisions"}],"predecessor-version":[{"id":94469,"href":"https:\/\/progettotouring.it\/radiotouring104\/wp-json\/wp\/v2\/posts\/94468\/revisions\/94469"}],"wp:featuredmedia":[{"embeddable":true,"href":"https:\/\/progettotouring.it\/radiotouring104\/wp-json\/wp\/v2\/media\/36828"}],"wp:attachment":[{"href":"https:\/\/progettotouring.it\/radiotouring104\/wp-json\/wp\/v2\/media?parent=94468"}],"wp:term":[{"taxonomy":"category","embeddable":true,"href":"https:\/\/progettotouring.it\/radiotouring104\/wp-json\/wp\/v2\/categories?post=94468"},{"taxonomy":"post_tag","embeddable":true,"href":"https:\/\/progettotouring.it\/radiotouring104\/wp-json\/wp\/v2\/tags?post=94468"}],"curies":[{"name":"wp","href":"https:\/\/api.w.org\/{rel}","templated":true}]}}