{"id":94470,"date":"2026-04-28T09:40:51","date_gmt":"2026-04-28T07:40:51","guid":{"rendered":"https:\/\/progettotouring.it\/radiotouring104\/?p=94470"},"modified":"2026-04-28T10:44:08","modified_gmt":"2026-04-28T08:44:08","slug":"scuola-calabria-la-cisl-segnala-la-perdita-di-4600-alunni-e-55-cattedre-rispetto-allo-scorso-anno","status":"publish","type":"post","link":"https:\/\/progettotouring.it\/radiotouring104\/2026\/04\/28\/scuola-calabria-la-cisl-segnala-la-perdita-di-4600-alunni-e-55-cattedre-rispetto-allo-scorso-anno\/","title":{"rendered":"Scuola Calabria: Vitale segnala la perdita di 4600 alunni e 55 cattedre, rispetto allo scorso anno"},"content":{"rendered":"<p>&#8220;Nella scuola calabrese si registra un forte calo demografico.&#8221; Lo segnala il segretario generale della Cisl Scuola Calabria Raffaele Vitale che quantifica in 4.606 gli alunni in meno, con una diminuzione che interessa tutte le province.<\/p>\n<p>Nel catanzarese il calo \u00e8 di 630 alunni; 1.757 in provincia di Cosenza; 331 in quella di Crotone; 1.501 nel reggino e 387 nel vibonese.<\/p>\n<p>Un calo che, afferma Vitale, registrato a fronte di un incremento di alunni diversamente abili con un incremento di 895 allievi.<\/p>\n<p>&#8220;Sappiamo gi\u00e0 &#8211; prosegue il sindacalista &#8211; che saranno riconfermati i numeri dello scorso anno con eccezione dell&#8217;organico di potenziamento dove \u00e8 previsto un taglio di 55 posti a livello regionale nell&#8217;anno scolastico. 2026\/2027 che andr\u00e0 a penalizzare tutte le scuole con risvolti per l&#8217;offerta formativa. \u00c8 una scelta che non pu\u00f2 essere accettata come automatica conseguenza del calo degli studenti, perch\u00e9 il potenziamento svolge una funzione essenziale nella progettazione didattica, nel recupero, nel sostegno agli alunni e nell&#8217;ampliamento delle opportunit\u00e0 educative&#8221;.<\/p>\n<p>Per questo la Cisl Scuola Calabria, ribadisce Vitale, &#8220;avrebbe preferito una difesa e un consolidamento dell&#8217;organico, che avrebbero permesso di garantire classi meno numerose e supporto pi\u00f9 efficiente alla didattica, in un contesto gi\u00e0 segnato da spopolamento, difficolt\u00e0 territoriali e fragilit\u00e0 sociali. La scuola calabrese ha bisogno di stabilit\u00e0 e continuit\u00e0. Meno alunni non devono significare meno scuola, ma pi\u00f9 attenzione ai territori, pi\u00f9 inclusione e pi\u00f9 tutela del diritto allo studio&#8221;.<\/p>\n<p>&#8220;Molto apprezzabile &#8211; conclude Vitale &#8211; il lavoro svolto dall&#8217;Ufficio scolastico regionale, oggi rappresentato dalla massima espressione del direttore generale Loredana Giannicola e dai dirigenti di ambito Gulli, e Greco, Cama e Lofaro e dal dirigente tecnico Candelieri, oltre ai funzionari dell&#8217;Usr coordinati da Asta&#8221;.<\/p>\n","protected":false},"excerpt":{"rendered":"<p>&#8220;Nella scuola calabrese si registra un forte calo demografico.&#8221; Lo segnala il segretario generale della Cisl Scuola Calabria Raffaele Vitale che quantifica in 4.606 gli alunni in meno, con una&hellip;<\/p>\n","protected":false},"author":12,"featured_media":56686,"comment_status":"closed","ping_status":"open","sticky":false,"template":"","format":"standard","meta":{"_jetpack_memberships_contains_paid_content":false,"footnotes":"","jetpack_publicize_message":"","jetpack_publicize_feature_enabled":true,"jetpack_social_post_already_shared":true,"jetpack_social_options":{"image_generator_settings":{"template":"highway","default_image_id":0,"font":"","enabled":false},"version":2}},"categories":[142,921,196],"tags":[26783,53202,53201,53200,53203,21218,53204],"class_list":["post-94470","post","type-post","status-publish","format-standard","has-post-thumbnail","hentry","category-calabria","category-home","category-news","tag-cisl-calabria","tag-perdita-55-cattedre","tag-perdita-di-4600-alunni","tag-raffaele-vitale","tag-scorso-anno","tag-scuola-calabria","tag-taglio-dellorganico-andra-a-penalizzare-tutte-le-scuole-con-risvolti-per-offerta-formativa"],"yoast_head":"<!-- This site is optimized with the Yoast SEO plugin v27.2 - https:\/\/yoast.com\/product\/yoast-seo-wordpress\/ -->\n<title>Scuola Calabria: CISL segnala perdita di 4600 alunni e 55 cattedre<\/title>\n<meta name=\"description\" content=\"&quot;Taglio dell&#039;organico andr\u00e0 a penalizzare tutte le scuole con risvolti per offerta formativa&quot;, dichiara il Segretario calabrese del Sindacato\" \/>\n<meta name=\"robots\" content=\"index, follow, max-snippet:-1, max-image-preview:large, max-video-preview:-1\" \/>\n<link rel=\"canonical\" href=\"https:\/\/progettotouring.it\/radiotouring104\/2026\/04\/28\/scuola-calabria-la-cisl-segnala-la-perdita-di-4600-alunni-e-55-cattedre-rispetto-allo-scorso-anno\/\" \/>\n<meta property=\"og:locale\" content=\"it_IT\" \/>\n<meta property=\"og:type\" content=\"article\" \/>\n<meta property=\"og:title\" content=\"Scuola Calabria: CISL segnala perdita di 4600 alunni e 55 cattedre\" \/>\n<meta property=\"og:description\" content=\"&quot;Taglio dell&#039;organico andr\u00e0 a penalizzare tutte le scuole con risvolti per offerta formativa&quot;, dichiara il Segretario calabrese del Sindacato\" \/>\n<meta property=\"og:url\" content=\"https:\/\/progettotouring.it\/radiotouring104\/2026\/04\/28\/scuola-calabria-la-cisl-segnala-la-perdita-di-4600-alunni-e-55-cattedre-rispetto-allo-scorso-anno\/\" \/>\n<meta property=\"og:site_name\" content=\"Radio Touring 104\" \/>\n<meta property=\"article:published_time\" content=\"2026-04-28T07:40:51+00:00\" \/>\n<meta property=\"article:modified_time\" content=\"2026-04-28T08:44:08+00:00\" \/>\n<meta property=\"og:image\" content=\"https:\/\/progettotouring.it\/radiotouring104\/wp-content\/uploads\/sites\/6\/2024\/08\/Scuola-calabria.jpeg\" \/>\n\t<meta property=\"og:image:width\" content=\"1080\" \/>\n\t<meta property=\"og:image:height\" content=\"675\" \/>\n\t<meta property=\"og:image:type\" content=\"image\/jpeg\" \/>\n<meta name=\"author\" content=\"Sebastiano Plutino\" \/>\n<meta name=\"twitter:card\" content=\"summary_large_image\" \/>\n<meta name=\"twitter:label1\" content=\"Scritto da\" \/>\n\t<meta name=\"twitter:data1\" content=\"Sebastiano Plutino\" \/>\n\t<meta name=\"twitter:label2\" content=\"Tempo di lettura stimato\" \/>\n\t<meta name=\"twitter:data2\" content=\"1 minuto\" \/>\n<script type=\"application\/ld+json\" class=\"yoast-schema-graph\">{\"@context\":\"https:\/\/schema.org\",\"@graph\":[{\"@type\":\"Article\",\"@id\":\"https:\/\/progettotouring.it\/radiotouring104\/2026\/04\/28\/scuola-calabria-la-cisl-segnala-la-perdita-di-4600-alunni-e-55-cattedre-rispetto-allo-scorso-anno\/#article\",\"isPartOf\":{\"@id\":\"https:\/\/progettotouring.it\/radiotouring104\/2026\/04\/28\/scuola-calabria-la-cisl-segnala-la-perdita-di-4600-alunni-e-55-cattedre-rispetto-allo-scorso-anno\/\"},\"author\":{\"name\":\"Sebastiano Plutino\",\"@id\":\"https:\/\/progettotouring.it\/radiotouring104\/#\/schema\/person\/78613917f1851f041f7483f5af1d422e\"},\"headline\":\"Scuola Calabria: Vitale segnala la perdita di 4600 alunni e 55 cattedre, rispetto allo scorso anno\",\"datePublished\":\"2026-04-28T07:40:51+00:00\",\"dateModified\":\"2026-04-28T08:44:08+00:00\",\"mainEntityOfPage\":{\"@id\":\"https:\/\/progettotouring.it\/radiotouring104\/2026\/04\/28\/scuola-calabria-la-cisl-segnala-la-perdita-di-4600-alunni-e-55-cattedre-rispetto-allo-scorso-anno\/\"},\"wordCount\":283,\"publisher\":{\"@id\":\"https:\/\/progettotouring.it\/radiotouring104\/#organization\"},\"image\":{\"@id\":\"https:\/\/progettotouring.it\/radiotouring104\/2026\/04\/28\/scuola-calabria-la-cisl-segnala-la-perdita-di-4600-alunni-e-55-cattedre-rispetto-allo-scorso-anno\/#primaryimage\"},\"thumbnailUrl\":\"https:\/\/progettotouring.it\/radiotouring104\/wp-content\/uploads\/sites\/6\/2024\/08\/Scuola-calabria.jpeg\",\"keywords\":[\"cisl calabria\",\"perdita 55 cattedre\",\"perdita di 4600 alunni\",\"Raffaele Vitale\",\"scorso anno\",\"scuola Calabria\",\"Taglio dell'organico andr\u00e0 a penalizzare tutte le scuole con risvolti per offerta formativa\"],\"articleSection\":[\"Calabria\",\"Home\",\"News\"],\"inLanguage\":\"it-IT\"},{\"@type\":\"WebPage\",\"@id\":\"https:\/\/progettotouring.it\/radiotouring104\/2026\/04\/28\/scuola-calabria-la-cisl-segnala-la-perdita-di-4600-alunni-e-55-cattedre-rispetto-allo-scorso-anno\/\",\"url\":\"https:\/\/progettotouring.it\/radiotouring104\/2026\/04\/28\/scuola-calabria-la-cisl-segnala-la-perdita-di-4600-alunni-e-55-cattedre-rispetto-allo-scorso-anno\/\",\"name\":\"Scuola Calabria: CISL segnala perdita di 4600 alunni e 55 cattedre\",\"isPartOf\":{\"@id\":\"https:\/\/progettotouring.it\/radiotouring104\/#website\"},\"primaryImageOfPage\":{\"@id\":\"https:\/\/progettotouring.it\/radiotouring104\/2026\/04\/28\/scuola-calabria-la-cisl-segnala-la-perdita-di-4600-alunni-e-55-cattedre-rispetto-allo-scorso-anno\/#primaryimage\"},\"image\":{\"@id\":\"https:\/\/progettotouring.it\/radiotouring104\/2026\/04\/28\/scuola-calabria-la-cisl-segnala-la-perdita-di-4600-alunni-e-55-cattedre-rispetto-allo-scorso-anno\/#primaryimage\"},\"thumbnailUrl\":\"https:\/\/progettotouring.it\/radiotouring104\/wp-content\/uploads\/sites\/6\/2024\/08\/Scuola-calabria.jpeg\",\"datePublished\":\"2026-04-28T07:40:51+00:00\",\"dateModified\":\"2026-04-28T08:44:08+00:00\",\"description\":\"\\\"Taglio dell'organico andr\u00e0 a penalizzare tutte le scuole con risvolti per offerta formativa\\\", dichiara il Segretario calabrese del Sindacato\",\"breadcrumb\":{\"@id\":\"https:\/\/progettotouring.it\/radiotouring104\/2026\/04\/28\/scuola-calabria-la-cisl-segnala-la-perdita-di-4600-alunni-e-55-cattedre-rispetto-allo-scorso-anno\/#breadcrumb\"},\"inLanguage\":\"it-IT\",\"potentialAction\":[{\"@type\":\"ReadAction\",\"target\":[\"https:\/\/progettotouring.it\/radiotouring104\/2026\/04\/28\/scuola-calabria-la-cisl-segnala-la-perdita-di-4600-alunni-e-55-cattedre-rispetto-allo-scorso-anno\/\"]}]},{\"@type\":\"ImageObject\",\"inLanguage\":\"it-IT\",\"@id\":\"https:\/\/progettotouring.it\/radiotouring104\/2026\/04\/28\/scuola-calabria-la-cisl-segnala-la-perdita-di-4600-alunni-e-55-cattedre-rispetto-allo-scorso-anno\/#primaryimage\",\"url\":\"https:\/\/progettotouring.it\/radiotouring104\/wp-content\/uploads\/sites\/6\/2024\/08\/Scuola-calabria.jpeg\",\"contentUrl\":\"https:\/\/progettotouring.it\/radiotouring104\/wp-content\/uploads\/sites\/6\/2024\/08\/Scuola-calabria.jpeg\",\"width\":1080,\"height\":675},{\"@type\":\"BreadcrumbList\",\"@id\":\"https:\/\/progettotouring.it\/radiotouring104\/2026\/04\/28\/scuola-calabria-la-cisl-segnala-la-perdita-di-4600-alunni-e-55-cattedre-rispetto-allo-scorso-anno\/#breadcrumb\",\"itemListElement\":[{\"@type\":\"ListItem\",\"position\":1,\"name\":\"Home\",\"item\":\"https:\/\/progettotouring.it\/radiotouring104\/\"},{\"@type\":\"ListItem\",\"position\":2,\"name\":\"Scuola Calabria: Vitale segnala la perdita di 4600 alunni e 55 cattedre, rispetto allo scorso anno\"}]},{\"@type\":\"WebSite\",\"@id\":\"https:\/\/progettotouring.it\/radiotouring104\/#website\",\"url\":\"https:\/\/progettotouring.it\/radiotouring104\/\",\"name\":\"Radio Touring 104\",\"description\":\"La prima radio Reggina\",\"publisher\":{\"@id\":\"https:\/\/progettotouring.it\/radiotouring104\/#organization\"},\"potentialAction\":[{\"@type\":\"SearchAction\",\"target\":{\"@type\":\"EntryPoint\",\"urlTemplate\":\"https:\/\/progettotouring.it\/radiotouring104\/?s={search_term_string}\"},\"query-input\":{\"@type\":\"PropertyValueSpecification\",\"valueRequired\":true,\"valueName\":\"search_term_string\"}}],\"inLanguage\":\"it-IT\"},{\"@type\":\"Organization\",\"@id\":\"https:\/\/progettotouring.it\/radiotouring104\/#organization\",\"name\":\"Radio Touring 104\",\"url\":\"https:\/\/progettotouring.it\/radiotouring104\/\",\"logo\":{\"@type\":\"ImageObject\",\"inLanguage\":\"it-IT\",\"@id\":\"https:\/\/progettotouring.it\/radiotouring104\/#\/schema\/logo\/image\/\",\"url\":\"https:\/\/progettotouring.it\/radiotouring104\/wp-content\/uploads\/sites\/6\/2022\/02\/cropped-logo-radio-touring-104.png\",\"contentUrl\":\"https:\/\/progettotouring.it\/radiotouring104\/wp-content\/uploads\/sites\/6\/2022\/02\/cropped-logo-radio-touring-104.png\",\"width\":377,\"height\":182,\"caption\":\"Radio Touring 104\"},\"image\":{\"@id\":\"https:\/\/progettotouring.it\/radiotouring104\/#\/schema\/logo\/image\/\"}},{\"@type\":\"Person\",\"@id\":\"https:\/\/progettotouring.it\/radiotouring104\/#\/schema\/person\/78613917f1851f041f7483f5af1d422e\",\"name\":\"Sebastiano Plutino\",\"image\":{\"@type\":\"ImageObject\",\"inLanguage\":\"it-IT\",\"@id\":\"https:\/\/secure.gravatar.com\/avatar\/0546ffaa9b79224faf9f2a156b67a529ae861d3287c66c1d8ccfdf909bcba78d?s=96&d=mm&r=g\",\"url\":\"https:\/\/secure.gravatar.com\/avatar\/0546ffaa9b79224faf9f2a156b67a529ae861d3287c66c1d8ccfdf909bcba78d?s=96&d=mm&r=g\",\"contentUrl\":\"https:\/\/secure.gravatar.com\/avatar\/0546ffaa9b79224faf9f2a156b67a529ae861d3287c66c1d8ccfdf909bcba78d?s=96&d=mm&r=g\",\"caption\":\"Sebastiano Plutino\"},\"url\":\"https:\/\/progettotouring.it\/radiotouring104\/author\/sebastiano\/\"}]}<\/script>\n<!-- \/ Yoast SEO plugin. -->","yoast_head_json":{"title":"Scuola Calabria: CISL segnala perdita di 4600 alunni e 55 cattedre","description":"\"Taglio dell'organico andr\u00e0 a penalizzare tutte le scuole con risvolti per offerta formativa\", dichiara il Segretario calabrese del Sindacato","robots":{"index":"index","follow":"follow","max-snippet":"max-snippet:-1","max-image-preview":"max-image-preview:large","max-video-preview":"max-video-preview:-1"},"canonical":"https:\/\/progettotouring.it\/radiotouring104\/2026\/04\/28\/scuola-calabria-la-cisl-segnala-la-perdita-di-4600-alunni-e-55-cattedre-rispetto-allo-scorso-anno\/","og_locale":"it_IT","og_type":"article","og_title":"Scuola Calabria: CISL segnala perdita di 4600 alunni e 55 cattedre","og_description":"\"Taglio dell'organico andr\u00e0 a penalizzare tutte le scuole con risvolti per offerta formativa\", dichiara il Segretario calabrese del Sindacato","og_url":"https:\/\/progettotouring.it\/radiotouring104\/2026\/04\/28\/scuola-calabria-la-cisl-segnala-la-perdita-di-4600-alunni-e-55-cattedre-rispetto-allo-scorso-anno\/","og_site_name":"Radio Touring 104","article_published_time":"2026-04-28T07:40:51+00:00","article_modified_time":"2026-04-28T08:44:08+00:00","og_image":[{"width":1080,"height":675,"url":"https:\/\/progettotouring.it\/radiotouring104\/wp-content\/uploads\/sites\/6\/2024\/08\/Scuola-calabria.jpeg","type":"image\/jpeg"}],"author":"Sebastiano Plutino","twitter_card":"summary_large_image","twitter_misc":{"Scritto da":"Sebastiano Plutino","Tempo di lettura stimato":"1 minuto"},"schema":{"@context":"https:\/\/schema.org","@graph":[{"@type":"Article","@id":"https:\/\/progettotouring.it\/radiotouring104\/2026\/04\/28\/scuola-calabria-la-cisl-segnala-la-perdita-di-4600-alunni-e-55-cattedre-rispetto-allo-scorso-anno\/#article","isPartOf":{"@id":"https:\/\/progettotouring.it\/radiotouring104\/2026\/04\/28\/scuola-calabria-la-cisl-segnala-la-perdita-di-4600-alunni-e-55-cattedre-rispetto-allo-scorso-anno\/"},"author":{"name":"Sebastiano Plutino","@id":"https:\/\/progettotouring.it\/radiotouring104\/#\/schema\/person\/78613917f1851f041f7483f5af1d422e"},"headline":"Scuola Calabria: Vitale segnala la perdita di 4600 alunni e 55 cattedre, rispetto allo scorso anno","datePublished":"2026-04-28T07:40:51+00:00","dateModified":"2026-04-28T08:44:08+00:00","mainEntityOfPage":{"@id":"https:\/\/progettotouring.it\/radiotouring104\/2026\/04\/28\/scuola-calabria-la-cisl-segnala-la-perdita-di-4600-alunni-e-55-cattedre-rispetto-allo-scorso-anno\/"},"wordCount":283,"publisher":{"@id":"https:\/\/progettotouring.it\/radiotouring104\/#organization"},"image":{"@id":"https:\/\/progettotouring.it\/radiotouring104\/2026\/04\/28\/scuola-calabria-la-cisl-segnala-la-perdita-di-4600-alunni-e-55-cattedre-rispetto-allo-scorso-anno\/#primaryimage"},"thumbnailUrl":"https:\/\/progettotouring.it\/radiotouring104\/wp-content\/uploads\/sites\/6\/2024\/08\/Scuola-calabria.jpeg","keywords":["cisl calabria","perdita 55 cattedre","perdita di 4600 alunni","Raffaele Vitale","scorso anno","scuola Calabria","Taglio dell'organico andr\u00e0 a penalizzare tutte le scuole con risvolti per offerta formativa"],"articleSection":["Calabria","Home","News"],"inLanguage":"it-IT"},{"@type":"WebPage","@id":"https:\/\/progettotouring.it\/radiotouring104\/2026\/04\/28\/scuola-calabria-la-cisl-segnala-la-perdita-di-4600-alunni-e-55-cattedre-rispetto-allo-scorso-anno\/","url":"https:\/\/progettotouring.it\/radiotouring104\/2026\/04\/28\/scuola-calabria-la-cisl-segnala-la-perdita-di-4600-alunni-e-55-cattedre-rispetto-allo-scorso-anno\/","name":"Scuola Calabria: CISL segnala perdita di 4600 alunni e 55 cattedre","isPartOf":{"@id":"https:\/\/progettotouring.it\/radiotouring104\/#website"},"primaryImageOfPage":{"@id":"https:\/\/progettotouring.it\/radiotouring104\/2026\/04\/28\/scuola-calabria-la-cisl-segnala-la-perdita-di-4600-alunni-e-55-cattedre-rispetto-allo-scorso-anno\/#primaryimage"},"image":{"@id":"https:\/\/progettotouring.it\/radiotouring104\/2026\/04\/28\/scuola-calabria-la-cisl-segnala-la-perdita-di-4600-alunni-e-55-cattedre-rispetto-allo-scorso-anno\/#primaryimage"},"thumbnailUrl":"https:\/\/progettotouring.it\/radiotouring104\/wp-content\/uploads\/sites\/6\/2024\/08\/Scuola-calabria.jpeg","datePublished":"2026-04-28T07:40:51+00:00","dateModified":"2026-04-28T08:44:08+00:00","description":"\"Taglio dell'organico andr\u00e0 a penalizzare tutte le scuole con risvolti per offerta formativa\", dichiara il Segretario calabrese del Sindacato","breadcrumb":{"@id":"https:\/\/progettotouring.it\/radiotouring104\/2026\/04\/28\/scuola-calabria-la-cisl-segnala-la-perdita-di-4600-alunni-e-55-cattedre-rispetto-allo-scorso-anno\/#breadcrumb"},"inLanguage":"it-IT","potentialAction":[{"@type":"ReadAction","target":["https:\/\/progettotouring.it\/radiotouring104\/2026\/04\/28\/scuola-calabria-la-cisl-segnala-la-perdita-di-4600-alunni-e-55-cattedre-rispetto-allo-scorso-anno\/"]}]},{"@type":"ImageObject","inLanguage":"it-IT","@id":"https:\/\/progettotouring.it\/radiotouring104\/2026\/04\/28\/scuola-calabria-la-cisl-segnala-la-perdita-di-4600-alunni-e-55-cattedre-rispetto-allo-scorso-anno\/#primaryimage","url":"https:\/\/progettotouring.it\/radiotouring104\/wp-content\/uploads\/sites\/6\/2024\/08\/Scuola-calabria.jpeg","contentUrl":"https:\/\/progettotouring.it\/radiotouring104\/wp-content\/uploads\/sites\/6\/2024\/08\/Scuola-calabria.jpeg","width":1080,"height":675},{"@type":"BreadcrumbList","@id":"https:\/\/progettotouring.it\/radiotouring104\/2026\/04\/28\/scuola-calabria-la-cisl-segnala-la-perdita-di-4600-alunni-e-55-cattedre-rispetto-allo-scorso-anno\/#breadcrumb","itemListElement":[{"@type":"ListItem","position":1,"name":"Home","item":"https:\/\/progettotouring.it\/radiotouring104\/"},{"@type":"ListItem","position":2,"name":"Scuola Calabria: Vitale segnala la perdita di 4600 alunni e 55 cattedre, rispetto allo scorso anno"}]},{"@type":"WebSite","@id":"https:\/\/progettotouring.it\/radiotouring104\/#website","url":"https:\/\/progettotouring.it\/radiotouring104\/","name":"Radio Touring 104","description":"La prima radio Reggina","publisher":{"@id":"https:\/\/progettotouring.it\/radiotouring104\/#organization"},"potentialAction":[{"@type":"SearchAction","target":{"@type":"EntryPoint","urlTemplate":"https:\/\/progettotouring.it\/radiotouring104\/?s={search_term_string}"},"query-input":{"@type":"PropertyValueSpecification","valueRequired":true,"valueName":"search_term_string"}}],"inLanguage":"it-IT"},{"@type":"Organization","@id":"https:\/\/progettotouring.it\/radiotouring104\/#organization","name":"Radio Touring 104","url":"https:\/\/progettotouring.it\/radiotouring104\/","logo":{"@type":"ImageObject","inLanguage":"it-IT","@id":"https:\/\/progettotouring.it\/radiotouring104\/#\/schema\/logo\/image\/","url":"https:\/\/progettotouring.it\/radiotouring104\/wp-content\/uploads\/sites\/6\/2022\/02\/cropped-logo-radio-touring-104.png","contentUrl":"https:\/\/progettotouring.it\/radiotouring104\/wp-content\/uploads\/sites\/6\/2022\/02\/cropped-logo-radio-touring-104.png","width":377,"height":182,"caption":"Radio Touring 104"},"image":{"@id":"https:\/\/progettotouring.it\/radiotouring104\/#\/schema\/logo\/image\/"}},{"@type":"Person","@id":"https:\/\/progettotouring.it\/radiotouring104\/#\/schema\/person\/78613917f1851f041f7483f5af1d422e","name":"Sebastiano Plutino","image":{"@type":"ImageObject","inLanguage":"it-IT","@id":"https:\/\/secure.gravatar.com\/avatar\/0546ffaa9b79224faf9f2a156b67a529ae861d3287c66c1d8ccfdf909bcba78d?s=96&d=mm&r=g","url":"https:\/\/secure.gravatar.com\/avatar\/0546ffaa9b79224faf9f2a156b67a529ae861d3287c66c1d8ccfdf909bcba78d?s=96&d=mm&r=g","contentUrl":"https:\/\/secure.gravatar.com\/avatar\/0546ffaa9b79224faf9f2a156b67a529ae861d3287c66c1d8ccfdf909bcba78d?s=96&d=mm&r=g","caption":"Sebastiano Plutino"},"url":"https:\/\/progettotouring.it\/radiotouring104\/author\/sebastiano\/"}]}},"jetpack_publicize_connections":[],"jetpack_featured_media_url":"https:\/\/progettotouring.it\/radiotouring104\/wp-content\/uploads\/sites\/6\/2024\/08\/Scuola-calabria.jpeg","jetpack_sharing_enabled":true,"_links":{"self":[{"href":"https:\/\/progettotouring.it\/radiotouring104\/wp-json\/wp\/v2\/posts\/94470","targetHints":{"allow":["GET"]}}],"collection":[{"href":"https:\/\/progettotouring.it\/radiotouring104\/wp-json\/wp\/v2\/posts"}],"about":[{"href":"https:\/\/progettotouring.it\/radiotouring104\/wp-json\/wp\/v2\/types\/post"}],"author":[{"embeddable":true,"href":"https:\/\/progettotouring.it\/radiotouring104\/wp-json\/wp\/v2\/users\/12"}],"replies":[{"embeddable":true,"href":"https:\/\/progettotouring.it\/radiotouring104\/wp-json\/wp\/v2\/comments?post=94470"}],"version-history":[{"count":3,"href":"https:\/\/progettotouring.it\/radiotouring104\/wp-json\/wp\/v2\/posts\/94470\/revisions"}],"predecessor-version":[{"id":94490,"href":"https:\/\/progettotouring.it\/radiotouring104\/wp-json\/wp\/v2\/posts\/94470\/revisions\/94490"}],"wp:featuredmedia":[{"embeddable":true,"href":"https:\/\/progettotouring.it\/radiotouring104\/wp-json\/wp\/v2\/media\/56686"}],"wp:attachment":[{"href":"https:\/\/progettotouring.it\/radiotouring104\/wp-json\/wp\/v2\/media?parent=94470"}],"wp:term":[{"taxonomy":"category","embeddable":true,"href":"https:\/\/progettotouring.it\/radiotouring104\/wp-json\/wp\/v2\/categories?post=94470"},{"taxonomy":"post_tag","embeddable":true,"href":"https:\/\/progettotouring.it\/radiotouring104\/wp-json\/wp\/v2\/tags?post=94470"}],"curies":[{"name":"wp","href":"https:\/\/api.w.org\/{rel}","templated":true}]}}