{"id":94476,"date":"2026-04-28T10:14:48","date_gmt":"2026-04-28T08:14:48","guid":{"rendered":"https:\/\/progettotouring.it\/radiotouring104\/?p=94476"},"modified":"2026-04-28T12:42:06","modified_gmt":"2026-04-28T10:42:06","slug":"comunali-di-reggio-presentata-al-metropolitano-la-lista-di-avs-presente-la-deputata-piccolotti","status":"publish","type":"post","link":"https:\/\/progettotouring.it\/radiotouring104\/2026\/04\/28\/comunali-di-reggio-presentata-al-metropolitano-la-lista-di-avs-presente-la-deputata-piccolotti\/","title":{"rendered":"Comunali di Reggio: presentata al &#8220;Metropolitano&#8221; la lista di AVS. Presente la Deputata, Piccolotti"},"content":{"rendered":"<p>Si \u00e8 svolta ieri, al Cineteatro Metropolitano, la presentazione della lista del Partito AVS Reggio Calabria, che correr\u00e0 alle prossime Elezioni Comunali di Reggio, a sostegno del candidato Sindaco di Centrosinistra, Mimmo Battaglia. Alla presentazione ha partecipato, tra gli altri, la Deputata di AVS Elisabetta Piccolotti che ha aperto l&#8217;evento: &#8220;Una lista molto forte. \u00c8 la prima volta che la presentiamo qui a Reggio Calabria. Ci aspettiamo un grande risultato. Vogliamo essere un lievito di cambiamento e di innovazione in una situazione in cui c&#8217;\u00e8 bisogno di continuit\u00e0, ma anche di una spinta forte per portare nuove proposte. Abbiamo una lista in cui ci sono candidati di tutte le et\u00e0. Abbiamo molta fiducia che Mimmo Battaglia possa mettere in ordine ci\u00f2 che non ha funzionato e aprire una stagione di grande efficacia. Il nostro sostegno a Battaglia \u00e8 totale ed \u00e8 molto convinto. Vogliamo anche noi svolgere un ruolo, perch\u00e9 siamo una forza politica recentemente rafforzata, con risultati nazionali sempre pi\u00f9 importanti, e che rappresenta un punto di novit\u00e0\u00bb, ha dichiarato la Deputata.<\/p>\n<p>Successivamente \u00e8 intervenuto il Segretario Provinciale e gi\u00e0 Assessore al Welfare della Giunta Falcomat\u00e0, Demetrio Delfino, che ha presentato la lista degli aspiranti Consiglieri comunali: &#8220;Il nostro \u00e8 un piccolo laboratorio in cui convergono Rifondazione Comunista, Pi\u00f9 Europa, Onda Orange, Avs \u2013 ha chiarito \u2013 un esperimento da portare avanti per dare voce a chi non ne ha\u00bb, e ha aggiunto: \u00abSe pensiamo che a Reggio arrivavamo da anni di commissariamento, dal buco di bilancio e da tante altre negativit\u00e0, di cose ne sono state fatte. Gi\u00e0 mettere i conti in ordine \u00e8 stata una fatica. Ricordiamoci che l&#8217;amministrazione poteva scegliere di dichiarare il dissesto e invece abbiamo deciso di continuare, perch\u00e9 avrebbero sofferto le aziende, i lavoratori e le ditte che non sarebbero state pagate. Abbiamo vinto questa scommessa e dall&#8217;anno scorso il debito \u00e8 stato eliminato; da quest&#8217;anno si pu\u00f2 guardare con pi\u00f9 positivit\u00e0 al futuro della citt\u00e0. Quindi anche sui servizi molto \u00e8 stato fatto, naturalmente. Parlo di ci\u00f2 di cui mi sono occupato io: il welfare e le politiche sociali. C&#8217;erano solo 4 assistenti sociali per 180.000 abitanti e adesso ce ne sono 42. Da zero siamo arrivati a 5 asili. Non c&#8217;era una casa per i senza fissa dimora e adesso c&#8217;\u00e8. Ma su molte cose possiamo migliorare&#8221;, ha dichiarato il Segretario, Delfino.<\/p>\n<p>&nbsp;<\/p>\n<h3><strong>Battaglia: \u00abDopo scelte di trasparenza e di visione della citt\u00e0 ci candidiamo ad una stagione che possa metterle a frutto\u00bb<\/strong><\/h3>\n<p>\u00abRingrazio le tante candidature arrivate da diverse formazioni politiche \u2013 ha evidenziato Battaglia e ha aggiunto &#8211; In questa campagna elettorale abbiamo sentito toni inquietanti, che sembrano voler riportare la citt\u00e0 indietro, a una stagione segnata da debiti enormi, dallo scioglimento per infiltrazioni mafiose e da 700 milioni di debito. Non dobbiamo dimenticare da dove siamo partiti. Dal 2014 abbiamo avviato un percorso di risanamento fatto di impegno e sacrifici. Abbiamo rimesso in ordine i conti, ricostruito il bilancio e restituito solidit\u00e0 al Comune. Grazie agli accordi con lo Stato e al lavoro svolto, oggi possiamo investire, realizzare opere importanti e guardare al futuro con maggiore fiducia. Quando invece ci si riempie la bocca con emendamenti che riguardano l&#8217;erosione costiera o altro, io penso che siamo agli antipodi della politica: visioni completamente diverse. Ha fatto bene Demetrio Delfino a ricordare quanto si \u00e8 fatto per il welfare, perch\u00e9 \u00e8 un fiore all&#8217;occhiello. E non solo: precari stabilizzati, LSU e LPU. L&#8217;idea di voler dare risposte al mondo del lavoro l&#8217;abbiamo messa in pratica: 200 assunzioni, il risanamento delle societ\u00e0 partecipate. Io dico spesso che noi siamo l&#8217;azionista di maggioranza del tessuto economico della citt\u00e0. Per credibilit\u00e0 abbiamo dato posti di lavoro. Oggi c&#8217;\u00e8 un tema di svecchiamento, di introduzione di giovani nella macchina lavorativa del Comune, e noi lo abbiamo fatto con concorsi talmente trasparenti che non c&#8217;\u00e8 stato un ricorso. Non \u00e8 semplice alle nostre latitudini, ma noi lo abbiamo fatto. Abbiamo dato voce al precariato, ridandogli dignit\u00e0. Le scelte fatte dalle nostre amministrazioni sono scelte di trasparenza e di visione della citt\u00e0 e ci candidiamo in una stagione in cui tutto questo vada a frutto, perch\u00e9 pensiamo di partire da solide radici e di proiettare la citt\u00e0 all&#8217;interno del Mediterraneo, in quest&#8217;area integrata dello Stretto alla quale abbiamo lavorato. Non ci interessa il ponte. Noi siamo gi\u00e0 in un mare che ci unisce, non ci divide. Stiamo pensando alla citt\u00e0 del futuro, costruita su una proposta di credibilit\u00e0, perch\u00e9 lo possiamo fare. Dopo 12 anni di grande e duro lavoro, oggi possiamo proiettarci finalmente avanti\u00bb.<\/p>\n<p style=\"margin: 0cm;margin-bottom: .0001pt;background: white\"><span style=\"color: #222222\">\u00a0<\/span><\/p>\n<p>&nbsp;<\/p>\n","protected":false},"excerpt":{"rendered":"<p>Si \u00e8 svolta ieri, al Cineteatro Metropolitano, la presentazione della lista del Partito AVS Reggio Calabria, che correr\u00e0 alle prossime Elezioni Comunali di Reggio, a sostegno del candidato Sindaco di&hellip;<\/p>\n","protected":false},"author":5,"featured_media":94477,"comment_status":"closed","ping_status":"open","sticky":false,"template":"","format":"standard","meta":{"_jetpack_memberships_contains_paid_content":false,"footnotes":"","jetpack_publicize_message":"","jetpack_publicize_feature_enabled":true,"jetpack_social_post_already_shared":true,"jetpack_social_options":{"image_generator_settings":{"template":"highway","default_image_id":0,"font":"","enabled":false},"version":2}},"categories":[921,196,140],"tags":[22192,49999,53207,53208,50310],"class_list":["post-94476","post","type-post","status-publish","format-standard","has-post-thumbnail","hentry","category-home","category-news","category-reggio-calabria","tag-cine-teatro-metropolitano","tag-elezioni-comunali-di-reggio-2026","tag-elisabetta-piccolotti","tag-presentazione-lista-avs","tag-sindaco-ff-mimmo-battaglia"],"yoast_head":"<!-- This site is optimized with the Yoast SEO plugin v27.2 - https:\/\/yoast.com\/product\/yoast-seo-wordpress\/ -->\n<title>Comunali di Reggio: presentata al &quot;Metropolitano&quot; la lista di AVS<\/title>\n<meta name=\"description\" content=\"\u00abDopo scelte di trasparenza per la citt\u00e0, ci candidiamo ad una stagione che possa metterle a frutto\u00bb, ha dichiarato il Sindaco ff, Battaglia\" \/>\n<meta name=\"robots\" content=\"index, follow, max-snippet:-1, max-image-preview:large, max-video-preview:-1\" \/>\n<link rel=\"canonical\" href=\"https:\/\/progettotouring.it\/radiotouring104\/2026\/04\/28\/comunali-di-reggio-presentata-al-metropolitano-la-lista-di-avs-presente-la-deputata-piccolotti\/\" \/>\n<meta property=\"og:locale\" content=\"it_IT\" \/>\n<meta property=\"og:type\" content=\"article\" \/>\n<meta property=\"og:title\" content=\"Comunali di Reggio: presentata al &quot;Metropolitano&quot; la lista di AVS\" \/>\n<meta property=\"og:description\" content=\"\u00abDopo scelte di trasparenza per la citt\u00e0, ci candidiamo ad una stagione che possa metterle a frutto\u00bb, ha dichiarato il Sindaco ff, Battaglia\" \/>\n<meta property=\"og:url\" content=\"https:\/\/progettotouring.it\/radiotouring104\/2026\/04\/28\/comunali-di-reggio-presentata-al-metropolitano-la-lista-di-avs-presente-la-deputata-piccolotti\/\" \/>\n<meta property=\"og:site_name\" content=\"Radio Touring 104\" \/>\n<meta property=\"article:published_time\" content=\"2026-04-28T08:14:48+00:00\" \/>\n<meta property=\"article:modified_time\" content=\"2026-04-28T10:42:06+00:00\" \/>\n<meta property=\"og:image\" content=\"https:\/\/progettotouring.it\/radiotouring104\/wp-content\/uploads\/sites\/6\/2026\/04\/Presentazione-Lista-Comunali-Avs-RC-Metropolitano.jpeg\" \/>\n\t<meta property=\"og:image:width\" content=\"1620\" \/>\n\t<meta property=\"og:image:height\" content=\"1080\" \/>\n\t<meta property=\"og:image:type\" content=\"image\/jpeg\" \/>\n<meta name=\"author\" content=\"redazione\" \/>\n<meta name=\"twitter:card\" content=\"summary_large_image\" \/>\n<meta name=\"twitter:label1\" content=\"Scritto da\" \/>\n\t<meta name=\"twitter:data1\" content=\"redazione\" \/>\n\t<meta name=\"twitter:label2\" content=\"Tempo di lettura stimato\" \/>\n\t<meta name=\"twitter:data2\" content=\"4 minuti\" \/>\n<script type=\"application\/ld+json\" class=\"yoast-schema-graph\">{\"@context\":\"https:\/\/schema.org\",\"@graph\":[{\"@type\":\"Article\",\"@id\":\"https:\/\/progettotouring.it\/radiotouring104\/2026\/04\/28\/comunali-di-reggio-presentata-al-metropolitano-la-lista-di-avs-presente-la-deputata-piccolotti\/#article\",\"isPartOf\":{\"@id\":\"https:\/\/progettotouring.it\/radiotouring104\/2026\/04\/28\/comunali-di-reggio-presentata-al-metropolitano-la-lista-di-avs-presente-la-deputata-piccolotti\/\"},\"author\":{\"name\":\"redazione\",\"@id\":\"https:\/\/progettotouring.it\/radiotouring104\/#\/schema\/person\/1b3eb3c07c47136bc44c785c543e635f\"},\"headline\":\"Comunali di Reggio: presentata al &#8220;Metropolitano&#8221; la lista di AVS. Presente la Deputata, Piccolotti\",\"datePublished\":\"2026-04-28T08:14:48+00:00\",\"dateModified\":\"2026-04-28T10:42:06+00:00\",\"mainEntityOfPage\":{\"@id\":\"https:\/\/progettotouring.it\/radiotouring104\/2026\/04\/28\/comunali-di-reggio-presentata-al-metropolitano-la-lista-di-avs-presente-la-deputata-piccolotti\/\"},\"wordCount\":751,\"publisher\":{\"@id\":\"https:\/\/progettotouring.it\/radiotouring104\/#organization\"},\"image\":{\"@id\":\"https:\/\/progettotouring.it\/radiotouring104\/2026\/04\/28\/comunali-di-reggio-presentata-al-metropolitano-la-lista-di-avs-presente-la-deputata-piccolotti\/#primaryimage\"},\"thumbnailUrl\":\"https:\/\/progettotouring.it\/radiotouring104\/wp-content\/uploads\/sites\/6\/2026\/04\/Presentazione-Lista-Comunali-Avs-RC-Metropolitano.jpeg\",\"keywords\":[\"Cine teatro metropolitano\",\"Elezioni comunali di Reggio 2026\",\"Elisabetta Piccolotti\",\"presentazione lista AVS\",\"Sindaco ff Mimmo Battaglia\"],\"articleSection\":[\"Home\",\"News\",\"Reggio Calabria\"],\"inLanguage\":\"it-IT\"},{\"@type\":\"WebPage\",\"@id\":\"https:\/\/progettotouring.it\/radiotouring104\/2026\/04\/28\/comunali-di-reggio-presentata-al-metropolitano-la-lista-di-avs-presente-la-deputata-piccolotti\/\",\"url\":\"https:\/\/progettotouring.it\/radiotouring104\/2026\/04\/28\/comunali-di-reggio-presentata-al-metropolitano-la-lista-di-avs-presente-la-deputata-piccolotti\/\",\"name\":\"Comunali di Reggio: presentata al \\\"Metropolitano\\\" la lista di AVS\",\"isPartOf\":{\"@id\":\"https:\/\/progettotouring.it\/radiotouring104\/#website\"},\"primaryImageOfPage\":{\"@id\":\"https:\/\/progettotouring.it\/radiotouring104\/2026\/04\/28\/comunali-di-reggio-presentata-al-metropolitano-la-lista-di-avs-presente-la-deputata-piccolotti\/#primaryimage\"},\"image\":{\"@id\":\"https:\/\/progettotouring.it\/radiotouring104\/2026\/04\/28\/comunali-di-reggio-presentata-al-metropolitano-la-lista-di-avs-presente-la-deputata-piccolotti\/#primaryimage\"},\"thumbnailUrl\":\"https:\/\/progettotouring.it\/radiotouring104\/wp-content\/uploads\/sites\/6\/2026\/04\/Presentazione-Lista-Comunali-Avs-RC-Metropolitano.jpeg\",\"datePublished\":\"2026-04-28T08:14:48+00:00\",\"dateModified\":\"2026-04-28T10:42:06+00:00\",\"description\":\"\u00abDopo scelte di trasparenza per la citt\u00e0, ci candidiamo ad una stagione che possa metterle a frutto\u00bb, ha dichiarato il Sindaco ff, Battaglia\",\"breadcrumb\":{\"@id\":\"https:\/\/progettotouring.it\/radiotouring104\/2026\/04\/28\/comunali-di-reggio-presentata-al-metropolitano-la-lista-di-avs-presente-la-deputata-piccolotti\/#breadcrumb\"},\"inLanguage\":\"it-IT\",\"potentialAction\":[{\"@type\":\"ReadAction\",\"target\":[\"https:\/\/progettotouring.it\/radiotouring104\/2026\/04\/28\/comunali-di-reggio-presentata-al-metropolitano-la-lista-di-avs-presente-la-deputata-piccolotti\/\"]}]},{\"@type\":\"ImageObject\",\"inLanguage\":\"it-IT\",\"@id\":\"https:\/\/progettotouring.it\/radiotouring104\/2026\/04\/28\/comunali-di-reggio-presentata-al-metropolitano-la-lista-di-avs-presente-la-deputata-piccolotti\/#primaryimage\",\"url\":\"https:\/\/progettotouring.it\/radiotouring104\/wp-content\/uploads\/sites\/6\/2026\/04\/Presentazione-Lista-Comunali-Avs-RC-Metropolitano.jpeg\",\"contentUrl\":\"https:\/\/progettotouring.it\/radiotouring104\/wp-content\/uploads\/sites\/6\/2026\/04\/Presentazione-Lista-Comunali-Avs-RC-Metropolitano.jpeg\",\"width\":1620,\"height\":1080},{\"@type\":\"BreadcrumbList\",\"@id\":\"https:\/\/progettotouring.it\/radiotouring104\/2026\/04\/28\/comunali-di-reggio-presentata-al-metropolitano-la-lista-di-avs-presente-la-deputata-piccolotti\/#breadcrumb\",\"itemListElement\":[{\"@type\":\"ListItem\",\"position\":1,\"name\":\"Home\",\"item\":\"https:\/\/progettotouring.it\/radiotouring104\/\"},{\"@type\":\"ListItem\",\"position\":2,\"name\":\"Comunali di Reggio: presentata al &#8220;Metropolitano&#8221; la lista di AVS. Presente la Deputata, Piccolotti\"}]},{\"@type\":\"WebSite\",\"@id\":\"https:\/\/progettotouring.it\/radiotouring104\/#website\",\"url\":\"https:\/\/progettotouring.it\/radiotouring104\/\",\"name\":\"Radio Touring 104\",\"description\":\"La prima radio Reggina\",\"publisher\":{\"@id\":\"https:\/\/progettotouring.it\/radiotouring104\/#organization\"},\"potentialAction\":[{\"@type\":\"SearchAction\",\"target\":{\"@type\":\"EntryPoint\",\"urlTemplate\":\"https:\/\/progettotouring.it\/radiotouring104\/?s={search_term_string}\"},\"query-input\":{\"@type\":\"PropertyValueSpecification\",\"valueRequired\":true,\"valueName\":\"search_term_string\"}}],\"inLanguage\":\"it-IT\"},{\"@type\":\"Organization\",\"@id\":\"https:\/\/progettotouring.it\/radiotouring104\/#organization\",\"name\":\"Radio Touring 104\",\"url\":\"https:\/\/progettotouring.it\/radiotouring104\/\",\"logo\":{\"@type\":\"ImageObject\",\"inLanguage\":\"it-IT\",\"@id\":\"https:\/\/progettotouring.it\/radiotouring104\/#\/schema\/logo\/image\/\",\"url\":\"https:\/\/progettotouring.it\/radiotouring104\/wp-content\/uploads\/sites\/6\/2022\/02\/cropped-logo-radio-touring-104.png\",\"contentUrl\":\"https:\/\/progettotouring.it\/radiotouring104\/wp-content\/uploads\/sites\/6\/2022\/02\/cropped-logo-radio-touring-104.png\",\"width\":377,\"height\":182,\"caption\":\"Radio Touring 104\"},\"image\":{\"@id\":\"https:\/\/progettotouring.it\/radiotouring104\/#\/schema\/logo\/image\/\"}},{\"@type\":\"Person\",\"@id\":\"https:\/\/progettotouring.it\/radiotouring104\/#\/schema\/person\/1b3eb3c07c47136bc44c785c543e635f\",\"name\":\"redazione\",\"image\":{\"@type\":\"ImageObject\",\"inLanguage\":\"it-IT\",\"@id\":\"https:\/\/secure.gravatar.com\/avatar\/0b31605b49f100769e8b624b3e05de1b73e1692e9568a352f60f53fd072e6e11?s=96&d=mm&r=g\",\"url\":\"https:\/\/secure.gravatar.com\/avatar\/0b31605b49f100769e8b624b3e05de1b73e1692e9568a352f60f53fd072e6e11?s=96&d=mm&r=g\",\"contentUrl\":\"https:\/\/secure.gravatar.com\/avatar\/0b31605b49f100769e8b624b3e05de1b73e1692e9568a352f60f53fd072e6e11?s=96&d=mm&r=g\",\"caption\":\"redazione\"},\"url\":\"https:\/\/progettotouring.it\/radiotouring104\/author\/redazione\/\"}]}<\/script>\n<!-- \/ Yoast SEO plugin. -->","yoast_head_json":{"title":"Comunali di Reggio: presentata al \"Metropolitano\" la lista di AVS","description":"\u00abDopo scelte di trasparenza per la citt\u00e0, ci candidiamo ad una stagione che possa metterle a frutto\u00bb, ha dichiarato il Sindaco ff, Battaglia","robots":{"index":"index","follow":"follow","max-snippet":"max-snippet:-1","max-image-preview":"max-image-preview:large","max-video-preview":"max-video-preview:-1"},"canonical":"https:\/\/progettotouring.it\/radiotouring104\/2026\/04\/28\/comunali-di-reggio-presentata-al-metropolitano-la-lista-di-avs-presente-la-deputata-piccolotti\/","og_locale":"it_IT","og_type":"article","og_title":"Comunali di Reggio: presentata al \"Metropolitano\" la lista di AVS","og_description":"\u00abDopo scelte di trasparenza per la citt\u00e0, ci candidiamo ad una stagione che possa metterle a frutto\u00bb, ha dichiarato il Sindaco ff, Battaglia","og_url":"https:\/\/progettotouring.it\/radiotouring104\/2026\/04\/28\/comunali-di-reggio-presentata-al-metropolitano-la-lista-di-avs-presente-la-deputata-piccolotti\/","og_site_name":"Radio Touring 104","article_published_time":"2026-04-28T08:14:48+00:00","article_modified_time":"2026-04-28T10:42:06+00:00","og_image":[{"width":1620,"height":1080,"url":"https:\/\/progettotouring.it\/radiotouring104\/wp-content\/uploads\/sites\/6\/2026\/04\/Presentazione-Lista-Comunali-Avs-RC-Metropolitano.jpeg","type":"image\/jpeg"}],"author":"redazione","twitter_card":"summary_large_image","twitter_misc":{"Scritto da":"redazione","Tempo di lettura stimato":"4 minuti"},"schema":{"@context":"https:\/\/schema.org","@graph":[{"@type":"Article","@id":"https:\/\/progettotouring.it\/radiotouring104\/2026\/04\/28\/comunali-di-reggio-presentata-al-metropolitano-la-lista-di-avs-presente-la-deputata-piccolotti\/#article","isPartOf":{"@id":"https:\/\/progettotouring.it\/radiotouring104\/2026\/04\/28\/comunali-di-reggio-presentata-al-metropolitano-la-lista-di-avs-presente-la-deputata-piccolotti\/"},"author":{"name":"redazione","@id":"https:\/\/progettotouring.it\/radiotouring104\/#\/schema\/person\/1b3eb3c07c47136bc44c785c543e635f"},"headline":"Comunali di Reggio: presentata al &#8220;Metropolitano&#8221; la lista di AVS. Presente la Deputata, Piccolotti","datePublished":"2026-04-28T08:14:48+00:00","dateModified":"2026-04-28T10:42:06+00:00","mainEntityOfPage":{"@id":"https:\/\/progettotouring.it\/radiotouring104\/2026\/04\/28\/comunali-di-reggio-presentata-al-metropolitano-la-lista-di-avs-presente-la-deputata-piccolotti\/"},"wordCount":751,"publisher":{"@id":"https:\/\/progettotouring.it\/radiotouring104\/#organization"},"image":{"@id":"https:\/\/progettotouring.it\/radiotouring104\/2026\/04\/28\/comunali-di-reggio-presentata-al-metropolitano-la-lista-di-avs-presente-la-deputata-piccolotti\/#primaryimage"},"thumbnailUrl":"https:\/\/progettotouring.it\/radiotouring104\/wp-content\/uploads\/sites\/6\/2026\/04\/Presentazione-Lista-Comunali-Avs-RC-Metropolitano.jpeg","keywords":["Cine teatro metropolitano","Elezioni comunali di Reggio 2026","Elisabetta Piccolotti","presentazione lista AVS","Sindaco ff Mimmo Battaglia"],"articleSection":["Home","News","Reggio Calabria"],"inLanguage":"it-IT"},{"@type":"WebPage","@id":"https:\/\/progettotouring.it\/radiotouring104\/2026\/04\/28\/comunali-di-reggio-presentata-al-metropolitano-la-lista-di-avs-presente-la-deputata-piccolotti\/","url":"https:\/\/progettotouring.it\/radiotouring104\/2026\/04\/28\/comunali-di-reggio-presentata-al-metropolitano-la-lista-di-avs-presente-la-deputata-piccolotti\/","name":"Comunali di Reggio: presentata al \"Metropolitano\" la lista di AVS","isPartOf":{"@id":"https:\/\/progettotouring.it\/radiotouring104\/#website"},"primaryImageOfPage":{"@id":"https:\/\/progettotouring.it\/radiotouring104\/2026\/04\/28\/comunali-di-reggio-presentata-al-metropolitano-la-lista-di-avs-presente-la-deputata-piccolotti\/#primaryimage"},"image":{"@id":"https:\/\/progettotouring.it\/radiotouring104\/2026\/04\/28\/comunali-di-reggio-presentata-al-metropolitano-la-lista-di-avs-presente-la-deputata-piccolotti\/#primaryimage"},"thumbnailUrl":"https:\/\/progettotouring.it\/radiotouring104\/wp-content\/uploads\/sites\/6\/2026\/04\/Presentazione-Lista-Comunali-Avs-RC-Metropolitano.jpeg","datePublished":"2026-04-28T08:14:48+00:00","dateModified":"2026-04-28T10:42:06+00:00","description":"\u00abDopo scelte di trasparenza per la citt\u00e0, ci candidiamo ad una stagione che possa metterle a frutto\u00bb, ha dichiarato il Sindaco ff, Battaglia","breadcrumb":{"@id":"https:\/\/progettotouring.it\/radiotouring104\/2026\/04\/28\/comunali-di-reggio-presentata-al-metropolitano-la-lista-di-avs-presente-la-deputata-piccolotti\/#breadcrumb"},"inLanguage":"it-IT","potentialAction":[{"@type":"ReadAction","target":["https:\/\/progettotouring.it\/radiotouring104\/2026\/04\/28\/comunali-di-reggio-presentata-al-metropolitano-la-lista-di-avs-presente-la-deputata-piccolotti\/"]}]},{"@type":"ImageObject","inLanguage":"it-IT","@id":"https:\/\/progettotouring.it\/radiotouring104\/2026\/04\/28\/comunali-di-reggio-presentata-al-metropolitano-la-lista-di-avs-presente-la-deputata-piccolotti\/#primaryimage","url":"https:\/\/progettotouring.it\/radiotouring104\/wp-content\/uploads\/sites\/6\/2026\/04\/Presentazione-Lista-Comunali-Avs-RC-Metropolitano.jpeg","contentUrl":"https:\/\/progettotouring.it\/radiotouring104\/wp-content\/uploads\/sites\/6\/2026\/04\/Presentazione-Lista-Comunali-Avs-RC-Metropolitano.jpeg","width":1620,"height":1080},{"@type":"BreadcrumbList","@id":"https:\/\/progettotouring.it\/radiotouring104\/2026\/04\/28\/comunali-di-reggio-presentata-al-metropolitano-la-lista-di-avs-presente-la-deputata-piccolotti\/#breadcrumb","itemListElement":[{"@type":"ListItem","position":1,"name":"Home","item":"https:\/\/progettotouring.it\/radiotouring104\/"},{"@type":"ListItem","position":2,"name":"Comunali di Reggio: presentata al &#8220;Metropolitano&#8221; la lista di AVS. Presente la Deputata, Piccolotti"}]},{"@type":"WebSite","@id":"https:\/\/progettotouring.it\/radiotouring104\/#website","url":"https:\/\/progettotouring.it\/radiotouring104\/","name":"Radio Touring 104","description":"La prima radio Reggina","publisher":{"@id":"https:\/\/progettotouring.it\/radiotouring104\/#organization"},"potentialAction":[{"@type":"SearchAction","target":{"@type":"EntryPoint","urlTemplate":"https:\/\/progettotouring.it\/radiotouring104\/?s={search_term_string}"},"query-input":{"@type":"PropertyValueSpecification","valueRequired":true,"valueName":"search_term_string"}}],"inLanguage":"it-IT"},{"@type":"Organization","@id":"https:\/\/progettotouring.it\/radiotouring104\/#organization","name":"Radio Touring 104","url":"https:\/\/progettotouring.it\/radiotouring104\/","logo":{"@type":"ImageObject","inLanguage":"it-IT","@id":"https:\/\/progettotouring.it\/radiotouring104\/#\/schema\/logo\/image\/","url":"https:\/\/progettotouring.it\/radiotouring104\/wp-content\/uploads\/sites\/6\/2022\/02\/cropped-logo-radio-touring-104.png","contentUrl":"https:\/\/progettotouring.it\/radiotouring104\/wp-content\/uploads\/sites\/6\/2022\/02\/cropped-logo-radio-touring-104.png","width":377,"height":182,"caption":"Radio Touring 104"},"image":{"@id":"https:\/\/progettotouring.it\/radiotouring104\/#\/schema\/logo\/image\/"}},{"@type":"Person","@id":"https:\/\/progettotouring.it\/radiotouring104\/#\/schema\/person\/1b3eb3c07c47136bc44c785c543e635f","name":"redazione","image":{"@type":"ImageObject","inLanguage":"it-IT","@id":"https:\/\/secure.gravatar.com\/avatar\/0b31605b49f100769e8b624b3e05de1b73e1692e9568a352f60f53fd072e6e11?s=96&d=mm&r=g","url":"https:\/\/secure.gravatar.com\/avatar\/0b31605b49f100769e8b624b3e05de1b73e1692e9568a352f60f53fd072e6e11?s=96&d=mm&r=g","contentUrl":"https:\/\/secure.gravatar.com\/avatar\/0b31605b49f100769e8b624b3e05de1b73e1692e9568a352f60f53fd072e6e11?s=96&d=mm&r=g","caption":"redazione"},"url":"https:\/\/progettotouring.it\/radiotouring104\/author\/redazione\/"}]}},"jetpack_publicize_connections":[],"jetpack_featured_media_url":"https:\/\/progettotouring.it\/radiotouring104\/wp-content\/uploads\/sites\/6\/2026\/04\/Presentazione-Lista-Comunali-Avs-RC-Metropolitano.jpeg","jetpack_sharing_enabled":true,"_links":{"self":[{"href":"https:\/\/progettotouring.it\/radiotouring104\/wp-json\/wp\/v2\/posts\/94476","targetHints":{"allow":["GET"]}}],"collection":[{"href":"https:\/\/progettotouring.it\/radiotouring104\/wp-json\/wp\/v2\/posts"}],"about":[{"href":"https:\/\/progettotouring.it\/radiotouring104\/wp-json\/wp\/v2\/types\/post"}],"author":[{"embeddable":true,"href":"https:\/\/progettotouring.it\/radiotouring104\/wp-json\/wp\/v2\/users\/5"}],"replies":[{"embeddable":true,"href":"https:\/\/progettotouring.it\/radiotouring104\/wp-json\/wp\/v2\/comments?post=94476"}],"version-history":[{"count":1,"href":"https:\/\/progettotouring.it\/radiotouring104\/wp-json\/wp\/v2\/posts\/94476\/revisions"}],"predecessor-version":[{"id":94478,"href":"https:\/\/progettotouring.it\/radiotouring104\/wp-json\/wp\/v2\/posts\/94476\/revisions\/94478"}],"wp:featuredmedia":[{"embeddable":true,"href":"https:\/\/progettotouring.it\/radiotouring104\/wp-json\/wp\/v2\/media\/94477"}],"wp:attachment":[{"href":"https:\/\/progettotouring.it\/radiotouring104\/wp-json\/wp\/v2\/media?parent=94476"}],"wp:term":[{"taxonomy":"category","embeddable":true,"href":"https:\/\/progettotouring.it\/radiotouring104\/wp-json\/wp\/v2\/categories?post=94476"},{"taxonomy":"post_tag","embeddable":true,"href":"https:\/\/progettotouring.it\/radiotouring104\/wp-json\/wp\/v2\/tags?post=94476"}],"curies":[{"name":"wp","href":"https:\/\/api.w.org\/{rel}","templated":true}]}}