{"id":94492,"date":"2026-04-28T10:57:16","date_gmt":"2026-04-28T08:57:16","guid":{"rendered":"https:\/\/progettotouring.it\/radiotouring104\/?p=94492"},"modified":"2026-04-28T12:41:44","modified_gmt":"2026-04-28T10:41:44","slug":"vertenza-assistenti-educativi-versace-pronti-a-trovare-i-fondi","status":"publish","type":"post","link":"https:\/\/progettotouring.it\/radiotouring104\/2026\/04\/28\/vertenza-assistenti-educativi-versace-pronti-a-trovare-i-fondi\/","title":{"rendered":"Vertenza Assistenti Educativi, Versace: &#8220;Pronti a trovare i fondi&#8221;"},"content":{"rendered":"<p>\u201cSiamo impegnati ad approntare l\u2019ennesima variazione di bilancio per garantire adeguata copertura finanziaria relativamente agli assistenti educativi, impiegati negli Istituti scolastici dell\u2019area metropolitana. L\u2019attivit\u00e0 del primo cittadino di Palazzo Alvaro \u00e8 improntata affinch\u00e9 si possa dare la necessaria tranquillit\u00e0 a tutti di assistenti educativi, anche a seguito delle circolari inviate dal settore Istruzione della Citt\u00e0 metropolitana ai dirigenti scolastici per le rispettive valutazioni delle ore da erogare&#8221;, dichiara il Sindaco ff Metropolitano, Carmelo Versace.<\/p>\n<p>\u201cIn merito al settore scuola, per quanto di nostra competenza non ci siamo mai tirati indietro, anzi la nostra azione \u00e8 sempre stata protesa per tutelare e garantire il servizio ai nostri studenti e quindi alle loro famiglie\u201d Siamo sempre stati\u00a0 collaborativi ed impegnati per dare il meglio ai nostri giovani e a chi lavora in questo ambito, ritenendo la formazione scolastica altamente prioritaria come missione di una pubblica amministrazione. Riteniamo che sar\u00e0 fatto ogni passaggio utile per attivare le procedure per trovare nuove risorse, come sempre fatto anche nel passato per le nostre competenze istituzionali\u201d, conclude il Sindaco ff Metropolitano, Carmelo Versace.<\/p>\n<p>&nbsp;<\/p>\n<p>&nbsp;<\/p>\n","protected":false},"excerpt":{"rendered":"<p>\u201cSiamo impegnati ad approntare l\u2019ennesima variazione di bilancio per garantire adeguata copertura finanziaria relativamente agli assistenti educativi, impiegati negli Istituti scolastici dell\u2019area metropolitana. L\u2019attivit\u00e0 del primo cittadino di Palazzo Alvaro&hellip;<\/p>\n","protected":false},"author":5,"featured_media":73707,"comment_status":"closed","ping_status":"open","sticky":false,"template":"","format":"standard","meta":{"_jetpack_memberships_contains_paid_content":false,"footnotes":"","jetpack_publicize_message":"","jetpack_publicize_feature_enabled":true,"jetpack_social_post_already_shared":true,"jetpack_social_options":{"image_generator_settings":{"template":"highway","default_image_id":0,"font":"","enabled":false},"version":2}},"categories":[921,196,140],"tags":[1036,239,5737,53219,53220],"class_list":["post-94492","post","type-post","status-publish","format-standard","has-post-thumbnail","hentry","category-home","category-news","category-reggio-calabria","tag-assistenti-educativi","tag-carmelo-versace","tag-citta-metropolitana-reggio-calabria","tag-pronti-a-trovare-i-fondi","tag-siamo-approntando-variazione-di-bilancio-per-trovare-le-risorse"],"yoast_head":"<!-- This site is optimized with the Yoast SEO plugin v27.2 - https:\/\/yoast.com\/product\/yoast-seo-wordpress\/ -->\n<title>Vertenza Assistenti Educativi, Versace: &quot;Pronti a trovare i fondi&quot;<\/title>\n<meta name=\"description\" content=\"&quot;Siamo approntando variazione di bilancio per trovare le risorse\u201d, ha dichiarato il Sindaco ff Metropolitano, Versace\" \/>\n<meta name=\"robots\" content=\"index, follow, max-snippet:-1, max-image-preview:large, max-video-preview:-1\" \/>\n<link rel=\"canonical\" href=\"https:\/\/progettotouring.it\/radiotouring104\/2026\/04\/28\/vertenza-assistenti-educativi-versace-pronti-a-trovare-i-fondi\/\" \/>\n<meta property=\"og:locale\" content=\"it_IT\" \/>\n<meta property=\"og:type\" content=\"article\" \/>\n<meta property=\"og:title\" content=\"Vertenza Assistenti Educativi, Versace: &quot;Pronti a trovare i fondi&quot;\" \/>\n<meta property=\"og:description\" content=\"&quot;Siamo approntando variazione di bilancio per trovare le risorse\u201d, ha dichiarato il Sindaco ff Metropolitano, Versace\" \/>\n<meta property=\"og:url\" content=\"https:\/\/progettotouring.it\/radiotouring104\/2026\/04\/28\/vertenza-assistenti-educativi-versace-pronti-a-trovare-i-fondi\/\" \/>\n<meta property=\"og:site_name\" content=\"Radio Touring 104\" \/>\n<meta property=\"article:published_time\" content=\"2026-04-28T08:57:16+00:00\" \/>\n<meta property=\"article:modified_time\" content=\"2026-04-28T10:41:44+00:00\" \/>\n<meta property=\"og:image\" content=\"https:\/\/progettotouring.it\/radiotouring104\/wp-content\/uploads\/sites\/6\/2025\/05\/carmelo-versace-vicesindaco.jpeg\" \/>\n\t<meta property=\"og:image:width\" content=\"1198\" \/>\n\t<meta property=\"og:image:height\" content=\"901\" \/>\n\t<meta property=\"og:image:type\" content=\"image\/jpeg\" \/>\n<meta name=\"author\" content=\"redazione\" \/>\n<meta name=\"twitter:card\" content=\"summary_large_image\" \/>\n<meta name=\"twitter:label1\" content=\"Scritto da\" \/>\n\t<meta name=\"twitter:data1\" content=\"redazione\" \/>\n\t<meta name=\"twitter:label2\" content=\"Tempo di lettura stimato\" \/>\n\t<meta name=\"twitter:data2\" content=\"1 minuto\" \/>\n<script type=\"application\/ld+json\" class=\"yoast-schema-graph\">{\"@context\":\"https:\/\/schema.org\",\"@graph\":[{\"@type\":\"Article\",\"@id\":\"https:\/\/progettotouring.it\/radiotouring104\/2026\/04\/28\/vertenza-assistenti-educativi-versace-pronti-a-trovare-i-fondi\/#article\",\"isPartOf\":{\"@id\":\"https:\/\/progettotouring.it\/radiotouring104\/2026\/04\/28\/vertenza-assistenti-educativi-versace-pronti-a-trovare-i-fondi\/\"},\"author\":{\"name\":\"redazione\",\"@id\":\"https:\/\/progettotouring.it\/radiotouring104\/#\/schema\/person\/1b3eb3c07c47136bc44c785c543e635f\"},\"headline\":\"Vertenza Assistenti Educativi, Versace: &#8220;Pronti a trovare i fondi&#8221;\",\"datePublished\":\"2026-04-28T08:57:16+00:00\",\"dateModified\":\"2026-04-28T10:41:44+00:00\",\"mainEntityOfPage\":{\"@id\":\"https:\/\/progettotouring.it\/radiotouring104\/2026\/04\/28\/vertenza-assistenti-educativi-versace-pronti-a-trovare-i-fondi\/\"},\"wordCount\":189,\"publisher\":{\"@id\":\"https:\/\/progettotouring.it\/radiotouring104\/#organization\"},\"image\":{\"@id\":\"https:\/\/progettotouring.it\/radiotouring104\/2026\/04\/28\/vertenza-assistenti-educativi-versace-pronti-a-trovare-i-fondi\/#primaryimage\"},\"thumbnailUrl\":\"https:\/\/progettotouring.it\/radiotouring104\/wp-content\/uploads\/sites\/6\/2025\/05\/carmelo-versace-vicesindaco.jpeg\",\"keywords\":[\"assistenti educativi\",\"carmelo versace\",\"citt\u00e0 metropolitana Reggio Calabria\",\"Pronti a trovare i fondi\",\"Siamo approntando variazione di bilancio per trovare le risorse\"],\"articleSection\":[\"Home\",\"News\",\"Reggio Calabria\"],\"inLanguage\":\"it-IT\"},{\"@type\":\"WebPage\",\"@id\":\"https:\/\/progettotouring.it\/radiotouring104\/2026\/04\/28\/vertenza-assistenti-educativi-versace-pronti-a-trovare-i-fondi\/\",\"url\":\"https:\/\/progettotouring.it\/radiotouring104\/2026\/04\/28\/vertenza-assistenti-educativi-versace-pronti-a-trovare-i-fondi\/\",\"name\":\"Vertenza Assistenti Educativi, Versace: \\\"Pronti a trovare i fondi\\\"\",\"isPartOf\":{\"@id\":\"https:\/\/progettotouring.it\/radiotouring104\/#website\"},\"primaryImageOfPage\":{\"@id\":\"https:\/\/progettotouring.it\/radiotouring104\/2026\/04\/28\/vertenza-assistenti-educativi-versace-pronti-a-trovare-i-fondi\/#primaryimage\"},\"image\":{\"@id\":\"https:\/\/progettotouring.it\/radiotouring104\/2026\/04\/28\/vertenza-assistenti-educativi-versace-pronti-a-trovare-i-fondi\/#primaryimage\"},\"thumbnailUrl\":\"https:\/\/progettotouring.it\/radiotouring104\/wp-content\/uploads\/sites\/6\/2025\/05\/carmelo-versace-vicesindaco.jpeg\",\"datePublished\":\"2026-04-28T08:57:16+00:00\",\"dateModified\":\"2026-04-28T10:41:44+00:00\",\"description\":\"\\\"Siamo approntando variazione di bilancio per trovare le risorse\u201d, ha dichiarato il Sindaco ff Metropolitano, Versace\",\"breadcrumb\":{\"@id\":\"https:\/\/progettotouring.it\/radiotouring104\/2026\/04\/28\/vertenza-assistenti-educativi-versace-pronti-a-trovare-i-fondi\/#breadcrumb\"},\"inLanguage\":\"it-IT\",\"potentialAction\":[{\"@type\":\"ReadAction\",\"target\":[\"https:\/\/progettotouring.it\/radiotouring104\/2026\/04\/28\/vertenza-assistenti-educativi-versace-pronti-a-trovare-i-fondi\/\"]}]},{\"@type\":\"ImageObject\",\"inLanguage\":\"it-IT\",\"@id\":\"https:\/\/progettotouring.it\/radiotouring104\/2026\/04\/28\/vertenza-assistenti-educativi-versace-pronti-a-trovare-i-fondi\/#primaryimage\",\"url\":\"https:\/\/progettotouring.it\/radiotouring104\/wp-content\/uploads\/sites\/6\/2025\/05\/carmelo-versace-vicesindaco.jpeg\",\"contentUrl\":\"https:\/\/progettotouring.it\/radiotouring104\/wp-content\/uploads\/sites\/6\/2025\/05\/carmelo-versace-vicesindaco.jpeg\",\"width\":1198,\"height\":901},{\"@type\":\"BreadcrumbList\",\"@id\":\"https:\/\/progettotouring.it\/radiotouring104\/2026\/04\/28\/vertenza-assistenti-educativi-versace-pronti-a-trovare-i-fondi\/#breadcrumb\",\"itemListElement\":[{\"@type\":\"ListItem\",\"position\":1,\"name\":\"Home\",\"item\":\"https:\/\/progettotouring.it\/radiotouring104\/\"},{\"@type\":\"ListItem\",\"position\":2,\"name\":\"Vertenza Assistenti Educativi, Versace: &#8220;Pronti a trovare i fondi&#8221;\"}]},{\"@type\":\"WebSite\",\"@id\":\"https:\/\/progettotouring.it\/radiotouring104\/#website\",\"url\":\"https:\/\/progettotouring.it\/radiotouring104\/\",\"name\":\"Radio Touring 104\",\"description\":\"La prima radio Reggina\",\"publisher\":{\"@id\":\"https:\/\/progettotouring.it\/radiotouring104\/#organization\"},\"potentialAction\":[{\"@type\":\"SearchAction\",\"target\":{\"@type\":\"EntryPoint\",\"urlTemplate\":\"https:\/\/progettotouring.it\/radiotouring104\/?s={search_term_string}\"},\"query-input\":{\"@type\":\"PropertyValueSpecification\",\"valueRequired\":true,\"valueName\":\"search_term_string\"}}],\"inLanguage\":\"it-IT\"},{\"@type\":\"Organization\",\"@id\":\"https:\/\/progettotouring.it\/radiotouring104\/#organization\",\"name\":\"Radio Touring 104\",\"url\":\"https:\/\/progettotouring.it\/radiotouring104\/\",\"logo\":{\"@type\":\"ImageObject\",\"inLanguage\":\"it-IT\",\"@id\":\"https:\/\/progettotouring.it\/radiotouring104\/#\/schema\/logo\/image\/\",\"url\":\"https:\/\/progettotouring.it\/radiotouring104\/wp-content\/uploads\/sites\/6\/2022\/02\/cropped-logo-radio-touring-104.png\",\"contentUrl\":\"https:\/\/progettotouring.it\/radiotouring104\/wp-content\/uploads\/sites\/6\/2022\/02\/cropped-logo-radio-touring-104.png\",\"width\":377,\"height\":182,\"caption\":\"Radio Touring 104\"},\"image\":{\"@id\":\"https:\/\/progettotouring.it\/radiotouring104\/#\/schema\/logo\/image\/\"}},{\"@type\":\"Person\",\"@id\":\"https:\/\/progettotouring.it\/radiotouring104\/#\/schema\/person\/1b3eb3c07c47136bc44c785c543e635f\",\"name\":\"redazione\",\"image\":{\"@type\":\"ImageObject\",\"inLanguage\":\"it-IT\",\"@id\":\"https:\/\/secure.gravatar.com\/avatar\/0b31605b49f100769e8b624b3e05de1b73e1692e9568a352f60f53fd072e6e11?s=96&d=mm&r=g\",\"url\":\"https:\/\/secure.gravatar.com\/avatar\/0b31605b49f100769e8b624b3e05de1b73e1692e9568a352f60f53fd072e6e11?s=96&d=mm&r=g\",\"contentUrl\":\"https:\/\/secure.gravatar.com\/avatar\/0b31605b49f100769e8b624b3e05de1b73e1692e9568a352f60f53fd072e6e11?s=96&d=mm&r=g\",\"caption\":\"redazione\"},\"url\":\"https:\/\/progettotouring.it\/radiotouring104\/author\/redazione\/\"}]}<\/script>\n<!-- \/ Yoast SEO plugin. -->","yoast_head_json":{"title":"Vertenza Assistenti Educativi, Versace: \"Pronti a trovare i fondi\"","description":"\"Siamo approntando variazione di bilancio per trovare le risorse\u201d, ha dichiarato il Sindaco ff Metropolitano, Versace","robots":{"index":"index","follow":"follow","max-snippet":"max-snippet:-1","max-image-preview":"max-image-preview:large","max-video-preview":"max-video-preview:-1"},"canonical":"https:\/\/progettotouring.it\/radiotouring104\/2026\/04\/28\/vertenza-assistenti-educativi-versace-pronti-a-trovare-i-fondi\/","og_locale":"it_IT","og_type":"article","og_title":"Vertenza Assistenti Educativi, Versace: \"Pronti a trovare i fondi\"","og_description":"\"Siamo approntando variazione di bilancio per trovare le risorse\u201d, ha dichiarato il Sindaco ff Metropolitano, Versace","og_url":"https:\/\/progettotouring.it\/radiotouring104\/2026\/04\/28\/vertenza-assistenti-educativi-versace-pronti-a-trovare-i-fondi\/","og_site_name":"Radio Touring 104","article_published_time":"2026-04-28T08:57:16+00:00","article_modified_time":"2026-04-28T10:41:44+00:00","og_image":[{"width":1198,"height":901,"url":"https:\/\/progettotouring.it\/radiotouring104\/wp-content\/uploads\/sites\/6\/2025\/05\/carmelo-versace-vicesindaco.jpeg","type":"image\/jpeg"}],"author":"redazione","twitter_card":"summary_large_image","twitter_misc":{"Scritto da":"redazione","Tempo di lettura stimato":"1 minuto"},"schema":{"@context":"https:\/\/schema.org","@graph":[{"@type":"Article","@id":"https:\/\/progettotouring.it\/radiotouring104\/2026\/04\/28\/vertenza-assistenti-educativi-versace-pronti-a-trovare-i-fondi\/#article","isPartOf":{"@id":"https:\/\/progettotouring.it\/radiotouring104\/2026\/04\/28\/vertenza-assistenti-educativi-versace-pronti-a-trovare-i-fondi\/"},"author":{"name":"redazione","@id":"https:\/\/progettotouring.it\/radiotouring104\/#\/schema\/person\/1b3eb3c07c47136bc44c785c543e635f"},"headline":"Vertenza Assistenti Educativi, Versace: &#8220;Pronti a trovare i fondi&#8221;","datePublished":"2026-04-28T08:57:16+00:00","dateModified":"2026-04-28T10:41:44+00:00","mainEntityOfPage":{"@id":"https:\/\/progettotouring.it\/radiotouring104\/2026\/04\/28\/vertenza-assistenti-educativi-versace-pronti-a-trovare-i-fondi\/"},"wordCount":189,"publisher":{"@id":"https:\/\/progettotouring.it\/radiotouring104\/#organization"},"image":{"@id":"https:\/\/progettotouring.it\/radiotouring104\/2026\/04\/28\/vertenza-assistenti-educativi-versace-pronti-a-trovare-i-fondi\/#primaryimage"},"thumbnailUrl":"https:\/\/progettotouring.it\/radiotouring104\/wp-content\/uploads\/sites\/6\/2025\/05\/carmelo-versace-vicesindaco.jpeg","keywords":["assistenti educativi","carmelo versace","citt\u00e0 metropolitana Reggio Calabria","Pronti a trovare i fondi","Siamo approntando variazione di bilancio per trovare le risorse"],"articleSection":["Home","News","Reggio Calabria"],"inLanguage":"it-IT"},{"@type":"WebPage","@id":"https:\/\/progettotouring.it\/radiotouring104\/2026\/04\/28\/vertenza-assistenti-educativi-versace-pronti-a-trovare-i-fondi\/","url":"https:\/\/progettotouring.it\/radiotouring104\/2026\/04\/28\/vertenza-assistenti-educativi-versace-pronti-a-trovare-i-fondi\/","name":"Vertenza Assistenti Educativi, Versace: \"Pronti a trovare i fondi\"","isPartOf":{"@id":"https:\/\/progettotouring.it\/radiotouring104\/#website"},"primaryImageOfPage":{"@id":"https:\/\/progettotouring.it\/radiotouring104\/2026\/04\/28\/vertenza-assistenti-educativi-versace-pronti-a-trovare-i-fondi\/#primaryimage"},"image":{"@id":"https:\/\/progettotouring.it\/radiotouring104\/2026\/04\/28\/vertenza-assistenti-educativi-versace-pronti-a-trovare-i-fondi\/#primaryimage"},"thumbnailUrl":"https:\/\/progettotouring.it\/radiotouring104\/wp-content\/uploads\/sites\/6\/2025\/05\/carmelo-versace-vicesindaco.jpeg","datePublished":"2026-04-28T08:57:16+00:00","dateModified":"2026-04-28T10:41:44+00:00","description":"\"Siamo approntando variazione di bilancio per trovare le risorse\u201d, ha dichiarato il Sindaco ff Metropolitano, Versace","breadcrumb":{"@id":"https:\/\/progettotouring.it\/radiotouring104\/2026\/04\/28\/vertenza-assistenti-educativi-versace-pronti-a-trovare-i-fondi\/#breadcrumb"},"inLanguage":"it-IT","potentialAction":[{"@type":"ReadAction","target":["https:\/\/progettotouring.it\/radiotouring104\/2026\/04\/28\/vertenza-assistenti-educativi-versace-pronti-a-trovare-i-fondi\/"]}]},{"@type":"ImageObject","inLanguage":"it-IT","@id":"https:\/\/progettotouring.it\/radiotouring104\/2026\/04\/28\/vertenza-assistenti-educativi-versace-pronti-a-trovare-i-fondi\/#primaryimage","url":"https:\/\/progettotouring.it\/radiotouring104\/wp-content\/uploads\/sites\/6\/2025\/05\/carmelo-versace-vicesindaco.jpeg","contentUrl":"https:\/\/progettotouring.it\/radiotouring104\/wp-content\/uploads\/sites\/6\/2025\/05\/carmelo-versace-vicesindaco.jpeg","width":1198,"height":901},{"@type":"BreadcrumbList","@id":"https:\/\/progettotouring.it\/radiotouring104\/2026\/04\/28\/vertenza-assistenti-educativi-versace-pronti-a-trovare-i-fondi\/#breadcrumb","itemListElement":[{"@type":"ListItem","position":1,"name":"Home","item":"https:\/\/progettotouring.it\/radiotouring104\/"},{"@type":"ListItem","position":2,"name":"Vertenza Assistenti Educativi, Versace: &#8220;Pronti a trovare i fondi&#8221;"}]},{"@type":"WebSite","@id":"https:\/\/progettotouring.it\/radiotouring104\/#website","url":"https:\/\/progettotouring.it\/radiotouring104\/","name":"Radio Touring 104","description":"La prima radio Reggina","publisher":{"@id":"https:\/\/progettotouring.it\/radiotouring104\/#organization"},"potentialAction":[{"@type":"SearchAction","target":{"@type":"EntryPoint","urlTemplate":"https:\/\/progettotouring.it\/radiotouring104\/?s={search_term_string}"},"query-input":{"@type":"PropertyValueSpecification","valueRequired":true,"valueName":"search_term_string"}}],"inLanguage":"it-IT"},{"@type":"Organization","@id":"https:\/\/progettotouring.it\/radiotouring104\/#organization","name":"Radio Touring 104","url":"https:\/\/progettotouring.it\/radiotouring104\/","logo":{"@type":"ImageObject","inLanguage":"it-IT","@id":"https:\/\/progettotouring.it\/radiotouring104\/#\/schema\/logo\/image\/","url":"https:\/\/progettotouring.it\/radiotouring104\/wp-content\/uploads\/sites\/6\/2022\/02\/cropped-logo-radio-touring-104.png","contentUrl":"https:\/\/progettotouring.it\/radiotouring104\/wp-content\/uploads\/sites\/6\/2022\/02\/cropped-logo-radio-touring-104.png","width":377,"height":182,"caption":"Radio Touring 104"},"image":{"@id":"https:\/\/progettotouring.it\/radiotouring104\/#\/schema\/logo\/image\/"}},{"@type":"Person","@id":"https:\/\/progettotouring.it\/radiotouring104\/#\/schema\/person\/1b3eb3c07c47136bc44c785c543e635f","name":"redazione","image":{"@type":"ImageObject","inLanguage":"it-IT","@id":"https:\/\/secure.gravatar.com\/avatar\/0b31605b49f100769e8b624b3e05de1b73e1692e9568a352f60f53fd072e6e11?s=96&d=mm&r=g","url":"https:\/\/secure.gravatar.com\/avatar\/0b31605b49f100769e8b624b3e05de1b73e1692e9568a352f60f53fd072e6e11?s=96&d=mm&r=g","contentUrl":"https:\/\/secure.gravatar.com\/avatar\/0b31605b49f100769e8b624b3e05de1b73e1692e9568a352f60f53fd072e6e11?s=96&d=mm&r=g","caption":"redazione"},"url":"https:\/\/progettotouring.it\/radiotouring104\/author\/redazione\/"}]}},"jetpack_publicize_connections":[],"jetpack_featured_media_url":"https:\/\/progettotouring.it\/radiotouring104\/wp-content\/uploads\/sites\/6\/2025\/05\/carmelo-versace-vicesindaco.jpeg","jetpack_sharing_enabled":true,"_links":{"self":[{"href":"https:\/\/progettotouring.it\/radiotouring104\/wp-json\/wp\/v2\/posts\/94492","targetHints":{"allow":["GET"]}}],"collection":[{"href":"https:\/\/progettotouring.it\/radiotouring104\/wp-json\/wp\/v2\/posts"}],"about":[{"href":"https:\/\/progettotouring.it\/radiotouring104\/wp-json\/wp\/v2\/types\/post"}],"author":[{"embeddable":true,"href":"https:\/\/progettotouring.it\/radiotouring104\/wp-json\/wp\/v2\/users\/5"}],"replies":[{"embeddable":true,"href":"https:\/\/progettotouring.it\/radiotouring104\/wp-json\/wp\/v2\/comments?post=94492"}],"version-history":[{"count":1,"href":"https:\/\/progettotouring.it\/radiotouring104\/wp-json\/wp\/v2\/posts\/94492\/revisions"}],"predecessor-version":[{"id":94493,"href":"https:\/\/progettotouring.it\/radiotouring104\/wp-json\/wp\/v2\/posts\/94492\/revisions\/94493"}],"wp:featuredmedia":[{"embeddable":true,"href":"https:\/\/progettotouring.it\/radiotouring104\/wp-json\/wp\/v2\/media\/73707"}],"wp:attachment":[{"href":"https:\/\/progettotouring.it\/radiotouring104\/wp-json\/wp\/v2\/media?parent=94492"}],"wp:term":[{"taxonomy":"category","embeddable":true,"href":"https:\/\/progettotouring.it\/radiotouring104\/wp-json\/wp\/v2\/categories?post=94492"},{"taxonomy":"post_tag","embeddable":true,"href":"https:\/\/progettotouring.it\/radiotouring104\/wp-json\/wp\/v2\/tags?post=94492"}],"curies":[{"name":"wp","href":"https:\/\/api.w.org\/{rel}","templated":true}]}}