{"id":94494,"date":"2026-04-28T11:06:43","date_gmt":"2026-04-28T09:06:43","guid":{"rendered":"https:\/\/progettotouring.it\/radiotouring104\/?p=94494"},"modified":"2026-04-28T12:41:37","modified_gmt":"2026-04-28T10:41:37","slug":"piazza-del-popolo-catalano-deve-riaprire","status":"publish","type":"post","link":"https:\/\/progettotouring.it\/radiotouring104\/2026\/04\/28\/piazza-del-popolo-catalano-deve-riaprire\/","title":{"rendered":"Piazza del Popolo, Catalano: &#8220;Deve riaprire&#8221;"},"content":{"rendered":"<p>La riapertura del mercatino di Piazza del Popolo non \u00e8 una semplice questione commerciale. \u00c8 una questione politica, sociale e culturale. \u00c8 il banco di prova della capacit\u00e0 di un\u2019amministrazione di ascoltare la citt\u00e0 reale: quella che lavora, che vive i quartieri, che ogni giorno costruisce economia dal basso.<\/p>\n<p>Piazza del Popolo non \u00e8 uno spazio qualsiasi. \u00c8 un luogo identitario di Reggio Calabria, un pezzo della memoria collettiva cittadina. Per decenni il suo mercatino ha rappresentato un punto di riferimento per migliaia di cittadini, famiglie, anziani, lavoratori e piccoli operatori economici. Non era soltanto un\u2019area di vendita: era un presidio sociale, un luogo di incontro, una forma concreta di economia popolare.<\/p>\n<p>Chi oggi immagina una riqualificazione della piazza partendo dalla cancellazione del mercatino commette un errore grave. Una citt\u00e0 non si riqualifica svuotando i luoghi della loro funzione storica. Una piazza non diventa pi\u00f9 bella perch\u00e9 viene privata della sua vita quotidiana. Il decoro urbano non pu\u00f2 diventare il pretesto per espellere il lavoro, la socialit\u00e0 e la memoria popolare.<\/p>\n<p>Serve dirlo con chiarezza: Piazza del Popolo deve tornare a vivere con il suo mercatino storico.<\/p>\n<p>Naturalmente nessuno pu\u00f2 difendere disordine, abusivismo o mancanza di regole. Ma il punto politico \u00e8 proprio questo: un\u2019amministrazione seria non chiude, organizza. Non cancella, governa. Non allontana i lavoratori, ma li mette nelle condizioni di operare dignitosamente. La soluzione non \u00e8 spegnere la piazza, ma riaprirla con regole certe, controlli veri, postazioni ordinate, servizi adeguati, pulizia, sicurezza e rispetto per i cittadini.<\/p>\n<p>La sospensione del mercatino ha colpito non solo gli operatori, ma anche un\u2019intera comunit\u00e0 urbana. Ha colpito chi vive di piccolo commercio. Ha colpito chi in quel mercato trovava prezzi accessibili. Ha colpito chi vedeva in Piazza del Popolo non un problema da rimuovere, ma un patrimonio da valorizzare. Soprattutto, ha colpito al cuore la microeconomia locale.<\/p>\n<p>La politica deve scegliere da che parte stare: dalla parte dei luoghi vivi o dalla parte delle piazze vuote; dalla parte del lavoro o dalla parte delle decisioni calate dall\u2019alto; dalla parte della citt\u00e0 popolare o dalla parte di una visione astratta, fredda, distante dai bisogni reali delle persone.<\/p>\n<p>Riaprire il mercatino non significa tornare al passato. Significa costruire un futuro pi\u00f9 giusto partendo dalla storia della citt\u00e0. Significa riconoscere che Reggio Calabria non pu\u00f2 permettersi di perdere altri spazi di socialit\u00e0, lavoro e comunit\u00e0. Significa affermare che la riqualificazione urbana deve includere, non escludere.<\/p>\n<p>Piazza del Popolo pu\u00f2 diventare un modello: un mercato storico riorganizzato, moderno, pulito, controllato, capace di convivere con eventi, cultura, mobilit\u00e0 pedonale e nuove funzioni pubbliche. Ma questo modello non pu\u00f2 nascere contro gli operatori e contro i cittadini. Deve nascere con loro.<\/p>\n<p>Per questo chiediamo con forza la riapertura del mercatino di Piazza del Popolo e l\u2019avvio immediato di un percorso serio, trasparente e partecipato con ambulanti, residenti, associazioni di categoria e cittadini.<\/p>\n<p>In tutte le citt\u00e0 metropolitane che rispettano il lavoro, i cittadini e l\u2019economia locale esistono mercati rionali e mercatini di quartiere: da Torino a Milano, da Roma a Napoli, da Palermo a Catania, da Bologna a Firenze. Sono luoghi di prossimit\u00e0, socialit\u00e0 e commercio popolare. Reggio Calabria non pu\u00f2 essere da meno.<\/p>\n<p>Reggio Calabria non ha bisogno di piazze svuotate. Ha bisogno di piazze vive, ordinate, sicure e popolari.<\/p>\n<p>Piazza del Popolo appartiene alla citt\u00e0. E la citt\u00e0 chiede che il suo mercatino torni a vivere.&#8221;, scrive Luigi Catalano, candidato al Consiglio comunale con &#8220;Reggio Futura&#8221;.<\/p>\n","protected":false},"excerpt":{"rendered":"<p>La riapertura del mercatino di Piazza del Popolo non \u00e8 una semplice questione commerciale. \u00c8 una questione politica, sociale e culturale. \u00c8 il banco di prova della capacit\u00e0 di un\u2019amministrazione&hellip;<\/p>\n","protected":false},"author":5,"featured_media":94495,"comment_status":"closed","ping_status":"open","sticky":false,"template":"","format":"standard","meta":{"_jetpack_memberships_contains_paid_content":false,"footnotes":"","jetpack_publicize_message":"","jetpack_publicize_feature_enabled":true,"jetpack_social_post_already_shared":true,"jetpack_social_options":{"image_generator_settings":{"template":"highway","default_image_id":0,"font":"","enabled":false},"version":2}},"categories":[921,196,140],"tags":[10459,4347,53221,340],"class_list":["post-94494","post","type-post","status-publish","format-standard","has-post-thumbnail","hentry","category-home","category-news","category-reggio-calabria","tag-elezioni-comunali","tag-luigi-catalano","tag-piazza-del-popolo-deve-riaprire","tag-reggio-futura"],"yoast_head":"<!-- This site is optimized with the Yoast SEO plugin v27.2 - https:\/\/yoast.com\/product\/yoast-seo-wordpress\/ -->\n<title>Piazza del Popolo, Catalano: &quot;Deve riaprire&quot;<\/title>\n<meta name=\"description\" content=\"&quot;Il mercatino storico non si cancella con un atto amministrativo\u201d, scrive il candidato al Consiglio comunale con &quot;Reggio Futura&quot;\" \/>\n<meta name=\"robots\" content=\"index, follow, max-snippet:-1, max-image-preview:large, max-video-preview:-1\" \/>\n<link rel=\"canonical\" href=\"https:\/\/progettotouring.it\/radiotouring104\/2026\/04\/28\/piazza-del-popolo-catalano-deve-riaprire\/\" \/>\n<meta property=\"og:locale\" content=\"it_IT\" \/>\n<meta property=\"og:type\" content=\"article\" \/>\n<meta property=\"og:title\" content=\"Piazza del Popolo, Catalano: &quot;Deve riaprire&quot;\" \/>\n<meta property=\"og:description\" content=\"&quot;Il mercatino storico non si cancella con un atto amministrativo\u201d, scrive il candidato al Consiglio comunale con &quot;Reggio Futura&quot;\" \/>\n<meta property=\"og:url\" content=\"https:\/\/progettotouring.it\/radiotouring104\/2026\/04\/28\/piazza-del-popolo-catalano-deve-riaprire\/\" \/>\n<meta property=\"og:site_name\" content=\"Radio Touring 104\" \/>\n<meta property=\"article:published_time\" content=\"2026-04-28T09:06:43+00:00\" \/>\n<meta property=\"article:modified_time\" content=\"2026-04-28T10:41:37+00:00\" \/>\n<meta property=\"og:image\" content=\"https:\/\/progettotouring.it\/radiotouring104\/wp-content\/uploads\/sites\/6\/2026\/04\/2.-FOTO-PIAZZA-DEL-POPOLO.jpg\" \/>\n\t<meta property=\"og:image:width\" content=\"1791\" \/>\n\t<meta property=\"og:image:height\" content=\"1007\" \/>\n\t<meta property=\"og:image:type\" content=\"image\/jpeg\" \/>\n<meta name=\"author\" content=\"redazione\" \/>\n<meta name=\"twitter:card\" content=\"summary_large_image\" \/>\n<meta name=\"twitter:label1\" content=\"Scritto da\" \/>\n\t<meta name=\"twitter:data1\" content=\"redazione\" \/>\n\t<meta name=\"twitter:label2\" content=\"Tempo di lettura stimato\" \/>\n\t<meta name=\"twitter:data2\" content=\"3 minuti\" \/>\n<script type=\"application\/ld+json\" class=\"yoast-schema-graph\">{\"@context\":\"https:\/\/schema.org\",\"@graph\":[{\"@type\":\"Article\",\"@id\":\"https:\/\/progettotouring.it\/radiotouring104\/2026\/04\/28\/piazza-del-popolo-catalano-deve-riaprire\/#article\",\"isPartOf\":{\"@id\":\"https:\/\/progettotouring.it\/radiotouring104\/2026\/04\/28\/piazza-del-popolo-catalano-deve-riaprire\/\"},\"author\":{\"name\":\"redazione\",\"@id\":\"https:\/\/progettotouring.it\/radiotouring104\/#\/schema\/person\/1b3eb3c07c47136bc44c785c543e635f\"},\"headline\":\"Piazza del Popolo, Catalano: &#8220;Deve riaprire&#8221;\",\"datePublished\":\"2026-04-28T09:06:43+00:00\",\"dateModified\":\"2026-04-28T10:41:37+00:00\",\"mainEntityOfPage\":{\"@id\":\"https:\/\/progettotouring.it\/radiotouring104\/2026\/04\/28\/piazza-del-popolo-catalano-deve-riaprire\/\"},\"wordCount\":577,\"publisher\":{\"@id\":\"https:\/\/progettotouring.it\/radiotouring104\/#organization\"},\"image\":{\"@id\":\"https:\/\/progettotouring.it\/radiotouring104\/2026\/04\/28\/piazza-del-popolo-catalano-deve-riaprire\/#primaryimage\"},\"thumbnailUrl\":\"https:\/\/progettotouring.it\/radiotouring104\/wp-content\/uploads\/sites\/6\/2026\/04\/2.-FOTO-PIAZZA-DEL-POPOLO.jpg\",\"keywords\":[\"elezioni comunali\",\"Luigi Catalano\",\"Piazza del Popolo deve riaprire\",\"Reggio Futura\"],\"articleSection\":[\"Home\",\"News\",\"Reggio Calabria\"],\"inLanguage\":\"it-IT\"},{\"@type\":\"WebPage\",\"@id\":\"https:\/\/progettotouring.it\/radiotouring104\/2026\/04\/28\/piazza-del-popolo-catalano-deve-riaprire\/\",\"url\":\"https:\/\/progettotouring.it\/radiotouring104\/2026\/04\/28\/piazza-del-popolo-catalano-deve-riaprire\/\",\"name\":\"Piazza del Popolo, Catalano: \\\"Deve riaprire\\\"\",\"isPartOf\":{\"@id\":\"https:\/\/progettotouring.it\/radiotouring104\/#website\"},\"primaryImageOfPage\":{\"@id\":\"https:\/\/progettotouring.it\/radiotouring104\/2026\/04\/28\/piazza-del-popolo-catalano-deve-riaprire\/#primaryimage\"},\"image\":{\"@id\":\"https:\/\/progettotouring.it\/radiotouring104\/2026\/04\/28\/piazza-del-popolo-catalano-deve-riaprire\/#primaryimage\"},\"thumbnailUrl\":\"https:\/\/progettotouring.it\/radiotouring104\/wp-content\/uploads\/sites\/6\/2026\/04\/2.-FOTO-PIAZZA-DEL-POPOLO.jpg\",\"datePublished\":\"2026-04-28T09:06:43+00:00\",\"dateModified\":\"2026-04-28T10:41:37+00:00\",\"description\":\"\\\"Il mercatino storico non si cancella con un atto amministrativo\u201d, scrive il candidato al Consiglio comunale con \\\"Reggio Futura\\\"\",\"breadcrumb\":{\"@id\":\"https:\/\/progettotouring.it\/radiotouring104\/2026\/04\/28\/piazza-del-popolo-catalano-deve-riaprire\/#breadcrumb\"},\"inLanguage\":\"it-IT\",\"potentialAction\":[{\"@type\":\"ReadAction\",\"target\":[\"https:\/\/progettotouring.it\/radiotouring104\/2026\/04\/28\/piazza-del-popolo-catalano-deve-riaprire\/\"]}]},{\"@type\":\"ImageObject\",\"inLanguage\":\"it-IT\",\"@id\":\"https:\/\/progettotouring.it\/radiotouring104\/2026\/04\/28\/piazza-del-popolo-catalano-deve-riaprire\/#primaryimage\",\"url\":\"https:\/\/progettotouring.it\/radiotouring104\/wp-content\/uploads\/sites\/6\/2026\/04\/2.-FOTO-PIAZZA-DEL-POPOLO.jpg\",\"contentUrl\":\"https:\/\/progettotouring.it\/radiotouring104\/wp-content\/uploads\/sites\/6\/2026\/04\/2.-FOTO-PIAZZA-DEL-POPOLO.jpg\",\"width\":1791,\"height\":1007},{\"@type\":\"BreadcrumbList\",\"@id\":\"https:\/\/progettotouring.it\/radiotouring104\/2026\/04\/28\/piazza-del-popolo-catalano-deve-riaprire\/#breadcrumb\",\"itemListElement\":[{\"@type\":\"ListItem\",\"position\":1,\"name\":\"Home\",\"item\":\"https:\/\/progettotouring.it\/radiotouring104\/\"},{\"@type\":\"ListItem\",\"position\":2,\"name\":\"Piazza del Popolo, Catalano: &#8220;Deve riaprire&#8221;\"}]},{\"@type\":\"WebSite\",\"@id\":\"https:\/\/progettotouring.it\/radiotouring104\/#website\",\"url\":\"https:\/\/progettotouring.it\/radiotouring104\/\",\"name\":\"Radio Touring 104\",\"description\":\"La prima radio Reggina\",\"publisher\":{\"@id\":\"https:\/\/progettotouring.it\/radiotouring104\/#organization\"},\"potentialAction\":[{\"@type\":\"SearchAction\",\"target\":{\"@type\":\"EntryPoint\",\"urlTemplate\":\"https:\/\/progettotouring.it\/radiotouring104\/?s={search_term_string}\"},\"query-input\":{\"@type\":\"PropertyValueSpecification\",\"valueRequired\":true,\"valueName\":\"search_term_string\"}}],\"inLanguage\":\"it-IT\"},{\"@type\":\"Organization\",\"@id\":\"https:\/\/progettotouring.it\/radiotouring104\/#organization\",\"name\":\"Radio Touring 104\",\"url\":\"https:\/\/progettotouring.it\/radiotouring104\/\",\"logo\":{\"@type\":\"ImageObject\",\"inLanguage\":\"it-IT\",\"@id\":\"https:\/\/progettotouring.it\/radiotouring104\/#\/schema\/logo\/image\/\",\"url\":\"https:\/\/progettotouring.it\/radiotouring104\/wp-content\/uploads\/sites\/6\/2022\/02\/cropped-logo-radio-touring-104.png\",\"contentUrl\":\"https:\/\/progettotouring.it\/radiotouring104\/wp-content\/uploads\/sites\/6\/2022\/02\/cropped-logo-radio-touring-104.png\",\"width\":377,\"height\":182,\"caption\":\"Radio Touring 104\"},\"image\":{\"@id\":\"https:\/\/progettotouring.it\/radiotouring104\/#\/schema\/logo\/image\/\"}},{\"@type\":\"Person\",\"@id\":\"https:\/\/progettotouring.it\/radiotouring104\/#\/schema\/person\/1b3eb3c07c47136bc44c785c543e635f\",\"name\":\"redazione\",\"image\":{\"@type\":\"ImageObject\",\"inLanguage\":\"it-IT\",\"@id\":\"https:\/\/secure.gravatar.com\/avatar\/0b31605b49f100769e8b624b3e05de1b73e1692e9568a352f60f53fd072e6e11?s=96&d=mm&r=g\",\"url\":\"https:\/\/secure.gravatar.com\/avatar\/0b31605b49f100769e8b624b3e05de1b73e1692e9568a352f60f53fd072e6e11?s=96&d=mm&r=g\",\"contentUrl\":\"https:\/\/secure.gravatar.com\/avatar\/0b31605b49f100769e8b624b3e05de1b73e1692e9568a352f60f53fd072e6e11?s=96&d=mm&r=g\",\"caption\":\"redazione\"},\"url\":\"https:\/\/progettotouring.it\/radiotouring104\/author\/redazione\/\"}]}<\/script>\n<!-- \/ Yoast SEO plugin. -->","yoast_head_json":{"title":"Piazza del Popolo, Catalano: \"Deve riaprire\"","description":"\"Il mercatino storico non si cancella con un atto amministrativo\u201d, scrive il candidato al Consiglio comunale con \"Reggio Futura\"","robots":{"index":"index","follow":"follow","max-snippet":"max-snippet:-1","max-image-preview":"max-image-preview:large","max-video-preview":"max-video-preview:-1"},"canonical":"https:\/\/progettotouring.it\/radiotouring104\/2026\/04\/28\/piazza-del-popolo-catalano-deve-riaprire\/","og_locale":"it_IT","og_type":"article","og_title":"Piazza del Popolo, Catalano: \"Deve riaprire\"","og_description":"\"Il mercatino storico non si cancella con un atto amministrativo\u201d, scrive il candidato al Consiglio comunale con \"Reggio Futura\"","og_url":"https:\/\/progettotouring.it\/radiotouring104\/2026\/04\/28\/piazza-del-popolo-catalano-deve-riaprire\/","og_site_name":"Radio Touring 104","article_published_time":"2026-04-28T09:06:43+00:00","article_modified_time":"2026-04-28T10:41:37+00:00","og_image":[{"width":1791,"height":1007,"url":"https:\/\/progettotouring.it\/radiotouring104\/wp-content\/uploads\/sites\/6\/2026\/04\/2.-FOTO-PIAZZA-DEL-POPOLO.jpg","type":"image\/jpeg"}],"author":"redazione","twitter_card":"summary_large_image","twitter_misc":{"Scritto da":"redazione","Tempo di lettura stimato":"3 minuti"},"schema":{"@context":"https:\/\/schema.org","@graph":[{"@type":"Article","@id":"https:\/\/progettotouring.it\/radiotouring104\/2026\/04\/28\/piazza-del-popolo-catalano-deve-riaprire\/#article","isPartOf":{"@id":"https:\/\/progettotouring.it\/radiotouring104\/2026\/04\/28\/piazza-del-popolo-catalano-deve-riaprire\/"},"author":{"name":"redazione","@id":"https:\/\/progettotouring.it\/radiotouring104\/#\/schema\/person\/1b3eb3c07c47136bc44c785c543e635f"},"headline":"Piazza del Popolo, Catalano: &#8220;Deve riaprire&#8221;","datePublished":"2026-04-28T09:06:43+00:00","dateModified":"2026-04-28T10:41:37+00:00","mainEntityOfPage":{"@id":"https:\/\/progettotouring.it\/radiotouring104\/2026\/04\/28\/piazza-del-popolo-catalano-deve-riaprire\/"},"wordCount":577,"publisher":{"@id":"https:\/\/progettotouring.it\/radiotouring104\/#organization"},"image":{"@id":"https:\/\/progettotouring.it\/radiotouring104\/2026\/04\/28\/piazza-del-popolo-catalano-deve-riaprire\/#primaryimage"},"thumbnailUrl":"https:\/\/progettotouring.it\/radiotouring104\/wp-content\/uploads\/sites\/6\/2026\/04\/2.-FOTO-PIAZZA-DEL-POPOLO.jpg","keywords":["elezioni comunali","Luigi Catalano","Piazza del Popolo deve riaprire","Reggio Futura"],"articleSection":["Home","News","Reggio Calabria"],"inLanguage":"it-IT"},{"@type":"WebPage","@id":"https:\/\/progettotouring.it\/radiotouring104\/2026\/04\/28\/piazza-del-popolo-catalano-deve-riaprire\/","url":"https:\/\/progettotouring.it\/radiotouring104\/2026\/04\/28\/piazza-del-popolo-catalano-deve-riaprire\/","name":"Piazza del Popolo, Catalano: \"Deve riaprire\"","isPartOf":{"@id":"https:\/\/progettotouring.it\/radiotouring104\/#website"},"primaryImageOfPage":{"@id":"https:\/\/progettotouring.it\/radiotouring104\/2026\/04\/28\/piazza-del-popolo-catalano-deve-riaprire\/#primaryimage"},"image":{"@id":"https:\/\/progettotouring.it\/radiotouring104\/2026\/04\/28\/piazza-del-popolo-catalano-deve-riaprire\/#primaryimage"},"thumbnailUrl":"https:\/\/progettotouring.it\/radiotouring104\/wp-content\/uploads\/sites\/6\/2026\/04\/2.-FOTO-PIAZZA-DEL-POPOLO.jpg","datePublished":"2026-04-28T09:06:43+00:00","dateModified":"2026-04-28T10:41:37+00:00","description":"\"Il mercatino storico non si cancella con un atto amministrativo\u201d, scrive il candidato al Consiglio comunale con \"Reggio Futura\"","breadcrumb":{"@id":"https:\/\/progettotouring.it\/radiotouring104\/2026\/04\/28\/piazza-del-popolo-catalano-deve-riaprire\/#breadcrumb"},"inLanguage":"it-IT","potentialAction":[{"@type":"ReadAction","target":["https:\/\/progettotouring.it\/radiotouring104\/2026\/04\/28\/piazza-del-popolo-catalano-deve-riaprire\/"]}]},{"@type":"ImageObject","inLanguage":"it-IT","@id":"https:\/\/progettotouring.it\/radiotouring104\/2026\/04\/28\/piazza-del-popolo-catalano-deve-riaprire\/#primaryimage","url":"https:\/\/progettotouring.it\/radiotouring104\/wp-content\/uploads\/sites\/6\/2026\/04\/2.-FOTO-PIAZZA-DEL-POPOLO.jpg","contentUrl":"https:\/\/progettotouring.it\/radiotouring104\/wp-content\/uploads\/sites\/6\/2026\/04\/2.-FOTO-PIAZZA-DEL-POPOLO.jpg","width":1791,"height":1007},{"@type":"BreadcrumbList","@id":"https:\/\/progettotouring.it\/radiotouring104\/2026\/04\/28\/piazza-del-popolo-catalano-deve-riaprire\/#breadcrumb","itemListElement":[{"@type":"ListItem","position":1,"name":"Home","item":"https:\/\/progettotouring.it\/radiotouring104\/"},{"@type":"ListItem","position":2,"name":"Piazza del Popolo, Catalano: &#8220;Deve riaprire&#8221;"}]},{"@type":"WebSite","@id":"https:\/\/progettotouring.it\/radiotouring104\/#website","url":"https:\/\/progettotouring.it\/radiotouring104\/","name":"Radio Touring 104","description":"La prima radio Reggina","publisher":{"@id":"https:\/\/progettotouring.it\/radiotouring104\/#organization"},"potentialAction":[{"@type":"SearchAction","target":{"@type":"EntryPoint","urlTemplate":"https:\/\/progettotouring.it\/radiotouring104\/?s={search_term_string}"},"query-input":{"@type":"PropertyValueSpecification","valueRequired":true,"valueName":"search_term_string"}}],"inLanguage":"it-IT"},{"@type":"Organization","@id":"https:\/\/progettotouring.it\/radiotouring104\/#organization","name":"Radio Touring 104","url":"https:\/\/progettotouring.it\/radiotouring104\/","logo":{"@type":"ImageObject","inLanguage":"it-IT","@id":"https:\/\/progettotouring.it\/radiotouring104\/#\/schema\/logo\/image\/","url":"https:\/\/progettotouring.it\/radiotouring104\/wp-content\/uploads\/sites\/6\/2022\/02\/cropped-logo-radio-touring-104.png","contentUrl":"https:\/\/progettotouring.it\/radiotouring104\/wp-content\/uploads\/sites\/6\/2022\/02\/cropped-logo-radio-touring-104.png","width":377,"height":182,"caption":"Radio Touring 104"},"image":{"@id":"https:\/\/progettotouring.it\/radiotouring104\/#\/schema\/logo\/image\/"}},{"@type":"Person","@id":"https:\/\/progettotouring.it\/radiotouring104\/#\/schema\/person\/1b3eb3c07c47136bc44c785c543e635f","name":"redazione","image":{"@type":"ImageObject","inLanguage":"it-IT","@id":"https:\/\/secure.gravatar.com\/avatar\/0b31605b49f100769e8b624b3e05de1b73e1692e9568a352f60f53fd072e6e11?s=96&d=mm&r=g","url":"https:\/\/secure.gravatar.com\/avatar\/0b31605b49f100769e8b624b3e05de1b73e1692e9568a352f60f53fd072e6e11?s=96&d=mm&r=g","contentUrl":"https:\/\/secure.gravatar.com\/avatar\/0b31605b49f100769e8b624b3e05de1b73e1692e9568a352f60f53fd072e6e11?s=96&d=mm&r=g","caption":"redazione"},"url":"https:\/\/progettotouring.it\/radiotouring104\/author\/redazione\/"}]}},"jetpack_publicize_connections":[],"jetpack_featured_media_url":"https:\/\/progettotouring.it\/radiotouring104\/wp-content\/uploads\/sites\/6\/2026\/04\/2.-FOTO-PIAZZA-DEL-POPOLO.jpg","jetpack_sharing_enabled":true,"_links":{"self":[{"href":"https:\/\/progettotouring.it\/radiotouring104\/wp-json\/wp\/v2\/posts\/94494","targetHints":{"allow":["GET"]}}],"collection":[{"href":"https:\/\/progettotouring.it\/radiotouring104\/wp-json\/wp\/v2\/posts"}],"about":[{"href":"https:\/\/progettotouring.it\/radiotouring104\/wp-json\/wp\/v2\/types\/post"}],"author":[{"embeddable":true,"href":"https:\/\/progettotouring.it\/radiotouring104\/wp-json\/wp\/v2\/users\/5"}],"replies":[{"embeddable":true,"href":"https:\/\/progettotouring.it\/radiotouring104\/wp-json\/wp\/v2\/comments?post=94494"}],"version-history":[{"count":1,"href":"https:\/\/progettotouring.it\/radiotouring104\/wp-json\/wp\/v2\/posts\/94494\/revisions"}],"predecessor-version":[{"id":94496,"href":"https:\/\/progettotouring.it\/radiotouring104\/wp-json\/wp\/v2\/posts\/94494\/revisions\/94496"}],"wp:featuredmedia":[{"embeddable":true,"href":"https:\/\/progettotouring.it\/radiotouring104\/wp-json\/wp\/v2\/media\/94495"}],"wp:attachment":[{"href":"https:\/\/progettotouring.it\/radiotouring104\/wp-json\/wp\/v2\/media?parent=94494"}],"wp:term":[{"taxonomy":"category","embeddable":true,"href":"https:\/\/progettotouring.it\/radiotouring104\/wp-json\/wp\/v2\/categories?post=94494"},{"taxonomy":"post_tag","embeddable":true,"href":"https:\/\/progettotouring.it\/radiotouring104\/wp-json\/wp\/v2\/tags?post=94494"}],"curies":[{"name":"wp","href":"https:\/\/api.w.org\/{rel}","templated":true}]}}