{"id":94497,"date":"2026-04-28T11:13:12","date_gmt":"2026-04-28T09:13:12","guid":{"rendered":"https:\/\/progettotouring.it\/radiotouring104\/?p=94497"},"modified":"2026-04-28T12:41:31","modified_gmt":"2026-04-28T10:41:31","slug":"reggio-al-planetarium-levento-sei-un-mito","status":"publish","type":"post","link":"https:\/\/progettotouring.it\/radiotouring104\/2026\/04\/28\/reggio-al-planetarium-levento-sei-un-mito\/","title":{"rendered":"Reggio: al Planetarium l&#8217;evento &#8220;Sei un mito&#8221;"},"content":{"rendered":"<p style=\"font-weight: 400\">\u00abTappetini nuovi, Arbre Magique\/Deodorante appena preso che fa molto chic\u00bb cantavano nel 1993 gli 883, riferendosi a una ragazza alla quale si rivolgevano dicendo: \u00absei un ogmito, sei un mito perch\u00e9\/Tu per tutti noi sei la pi\u00f9 bella ma impossibile\u00bb. Sulla scorta di questa suggestione musicale, il prof. Gianfranco Cord\u00ec, marted\u00ec 28 aprile alle ore 21.00 al Planetarium Pythagoras di Reggio Calabria, terr\u00e0 il sesto appuntamento della fortunata rassegna \u00abLo strappo nel cielo di carta\u00bb.<\/p>\n<p style=\"font-weight: 400\">Il prof. Cord\u00ec, filosofo della scienza reggino, introdurr\u00e0 i presenti al \u00abracconto\u00bb &#8211; \u00e8 questo il significato originario della parola \u00abmito\u00bb &#8211; che caratterizza quelle che oggi si chiamano le \u00abgrandi narrazioni\u00bb della storia umana.\u00a0L\u2019antropologo Bronislaw Malinowski ha scritto: \u00abil mito non \u00e8 un semplice racconto n\u00e9 una forma di scienza, n\u00e9 una branca d\u2019arte o di storia n\u00e9 una narrazione esplicativa. Esso compie una funzione\u00a0sui generis\u00a0strettamente connessa con la natura della tradizione e la continuit\u00e0 della cultura, con la relazione tra maturit\u00e0 e giovinezza e con l\u2019atteggiamento umano verso il passato. La funzione del mito \u00e8, in breve, quella di rafforzare la tradizione, di darle maggiore valore e prestigio connettendola alla pi\u00f9 soprannaturale realt\u00e0 degli eventi iniziali\u00bb.<\/p>\n<p style=\"font-weight: 400\">Il relatore partir\u00e0, appunto, da Dell\u2019inizio, opera di Massimo Cacciari, per raccontare la storia del mito attraverso Platone, fino a Della cosa ultima, opera dello stesso filosofo veneziano, cio\u00e8 all\u2019eschaton (il quale descrive quella che sar\u00e0 la vita ultraterrena).\u00a0La conferenza del Planetario terminer\u00e0 con un accenno al\u00a0\u00abcathecon\u00bb,\u00a0cio\u00e8 quel \u00abpotere che frena\u00bb introdotto da San Paolo nella\u00a0Seconda lettera ai tessalonicesi.<\/p>\n<p style=\"font-weight: 400\">\u00abE ora lo sapete che cosa lo trattiene perch\u00e9 non si manifesti se non nel suo tempo. Il mistero dell\u2019iniquit\u00e0 \u00e8 gi\u00e0 in atto, ma \u00e8 necessario che sia tolto di mezzo colui che lo trattiene. Allora l\u2019empio sar\u00e0 rivelato e il Signore Ges\u00f9 lo distrugger\u00e0 con il soffio della sua bocca e lo annienter\u00e0 con lo splendore della sua venuta. La venuta dell\u2019empio avverr\u00e0 nella potenza di satana, con ogni specie di miracoli e segni e prodigi menzogneri e con tutte le seduzioni dell\u2019iniquit\u00e0, a danno di quelli che vanno in rovina perch\u00e9 non accolsero l\u2019amore della verit\u00e0 per essere salvati\u00bb.<\/p>\n<p style=\"font-weight: 400\">Con queste parole l\u2019Apostolo delle Genti introduce l\u2019ultimo mito possibile.<\/p>\n<p style=\"font-weight: 400\">Prima dell\u2019Armageddon, la lotta tra il Cristo e l\u2019Anticristo, il \u00abcathecon\u00bb trattiene la venuta dei tempi del dolore e della sofferenza.<\/p>\n<p style=\"font-weight: 400\">Un mito questo (quello del \u00abpotere che frena\u00bb) del quale avremmo certamente bisogno anche noi, oggi, in tempi di crisi perenne e continua e di \u00abKaos\u00bb (il mito delle origini) generalizzato.<\/p>\n<p style=\"font-weight: 400\">\n<p style=\"font-weight: 400\">Ingresso libero e gratuito; non occorre prenotare.<\/p>\n<p style=\"font-weight: 400\">\n","protected":false},"excerpt":{"rendered":"<p>\u00abTappetini nuovi, Arbre Magique\/Deodorante appena preso che fa molto chic\u00bb cantavano nel 1993 gli 883, riferendosi a una ragazza alla quale si rivolgevano dicendo: \u00absei un ogmito, sei un mito&hellip;<\/p>\n","protected":false},"author":5,"featured_media":7886,"comment_status":"closed","ping_status":"open","sticky":false,"template":"","format":"standard","meta":{"_jetpack_memberships_contains_paid_content":false,"footnotes":"","jetpack_publicize_message":"","jetpack_publicize_feature_enabled":true,"jetpack_social_post_already_shared":true,"jetpack_social_options":{"image_generator_settings":{"template":"highway","default_image_id":0,"font":"","enabled":false},"version":2}},"categories":[921,196,140],"tags":[53222,4417,51318,51320,23983,53223],"class_list":["post-94497","post","type-post","status-publish","format-standard","has-post-thumbnail","hentry","category-home","category-news","category-reggio-calabria","tag-sei-un-mito","tag-planetarium-pythagoras-citta-metropolitana","tag-prof-gianfranco-cordi","tag-rassegna-lo-strappo-nel-cielo-di-carta","tag-reggio","tag-sesto-appuntamento"],"yoast_head":"<!-- This site is optimized with the Yoast SEO plugin v27.2 - https:\/\/yoast.com\/product\/yoast-seo-wordpress\/ -->\n<title>Reggio: al Planetarium l&#039;evento &quot;Sei un mito&quot;<\/title>\n<meta name=\"description\" content=\"il sesto evento della rassegna \u00abLo strappo nel cielo di carta\u00bb,\u00a0a cura del Prof. Gianfranco Cord\u00ec, si svolger\u00e0 stasera alle 21:00\" \/>\n<meta name=\"robots\" content=\"index, follow, max-snippet:-1, max-image-preview:large, max-video-preview:-1\" \/>\n<link rel=\"canonical\" href=\"https:\/\/progettotouring.it\/radiotouring104\/2026\/04\/28\/reggio-al-planetarium-levento-sei-un-mito\/\" \/>\n<meta property=\"og:locale\" content=\"it_IT\" \/>\n<meta property=\"og:type\" content=\"article\" \/>\n<meta property=\"og:title\" content=\"Reggio: al Planetarium l&#039;evento &quot;Sei un mito&quot;\" \/>\n<meta property=\"og:description\" content=\"il sesto evento della rassegna \u00abLo strappo nel cielo di carta\u00bb,\u00a0a cura del Prof. Gianfranco Cord\u00ec, si svolger\u00e0 stasera alle 21:00\" \/>\n<meta property=\"og:url\" content=\"https:\/\/progettotouring.it\/radiotouring104\/2026\/04\/28\/reggio-al-planetarium-levento-sei-un-mito\/\" \/>\n<meta property=\"og:site_name\" content=\"Radio Touring 104\" \/>\n<meta property=\"article:published_time\" content=\"2026-04-28T09:13:12+00:00\" \/>\n<meta property=\"article:modified_time\" content=\"2026-04-28T10:41:31+00:00\" \/>\n<meta property=\"og:image\" content=\"https:\/\/progettotouring.it\/radiotouring104\/wp-content\/uploads\/sites\/6\/2022\/07\/Reggio_calabria_planetario_panorama.jpg\" \/>\n\t<meta property=\"og:image:width\" content=\"340\" \/>\n\t<meta property=\"og:image:height\" content=\"226\" \/>\n\t<meta property=\"og:image:type\" content=\"image\/jpeg\" \/>\n<meta name=\"author\" content=\"redazione\" \/>\n<meta name=\"twitter:card\" content=\"summary_large_image\" \/>\n<meta name=\"twitter:label1\" content=\"Scritto da\" \/>\n\t<meta name=\"twitter:data1\" content=\"redazione\" \/>\n\t<meta name=\"twitter:label2\" content=\"Tempo di lettura stimato\" \/>\n\t<meta name=\"twitter:data2\" content=\"2 minuti\" \/>\n<script type=\"application\/ld+json\" class=\"yoast-schema-graph\">{\"@context\":\"https:\/\/schema.org\",\"@graph\":[{\"@type\":\"Article\",\"@id\":\"https:\/\/progettotouring.it\/radiotouring104\/2026\/04\/28\/reggio-al-planetarium-levento-sei-un-mito\/#article\",\"isPartOf\":{\"@id\":\"https:\/\/progettotouring.it\/radiotouring104\/2026\/04\/28\/reggio-al-planetarium-levento-sei-un-mito\/\"},\"author\":{\"name\":\"redazione\",\"@id\":\"https:\/\/progettotouring.it\/radiotouring104\/#\/schema\/person\/1b3eb3c07c47136bc44c785c543e635f\"},\"headline\":\"Reggio: al Planetarium l&#8217;evento &#8220;Sei un mito&#8221;\",\"datePublished\":\"2026-04-28T09:13:12+00:00\",\"dateModified\":\"2026-04-28T10:41:31+00:00\",\"mainEntityOfPage\":{\"@id\":\"https:\/\/progettotouring.it\/radiotouring104\/2026\/04\/28\/reggio-al-planetarium-levento-sei-un-mito\/\"},\"wordCount\":444,\"publisher\":{\"@id\":\"https:\/\/progettotouring.it\/radiotouring104\/#organization\"},\"image\":{\"@id\":\"https:\/\/progettotouring.it\/radiotouring104\/2026\/04\/28\/reggio-al-planetarium-levento-sei-un-mito\/#primaryimage\"},\"thumbnailUrl\":\"https:\/\/progettotouring.it\/radiotouring104\/wp-content\/uploads\/sites\/6\/2022\/07\/Reggio_calabria_planetario_panorama.jpg\",\"keywords\":[\"\\\"Sei un mito\\\"\",\"Planetarium Pythagoras Citt\u00e0 Metropolitana\",\"prof.\u00a0Gianfranco Cord\u00ec\",\"rassegna \u00abLo strappo nel cielo di carta\u00bb.\",\"Reggio\",\"sesto appuntamento\"],\"articleSection\":[\"Home\",\"News\",\"Reggio Calabria\"],\"inLanguage\":\"it-IT\"},{\"@type\":\"WebPage\",\"@id\":\"https:\/\/progettotouring.it\/radiotouring104\/2026\/04\/28\/reggio-al-planetarium-levento-sei-un-mito\/\",\"url\":\"https:\/\/progettotouring.it\/radiotouring104\/2026\/04\/28\/reggio-al-planetarium-levento-sei-un-mito\/\",\"name\":\"Reggio: al Planetarium l'evento \\\"Sei un mito\\\"\",\"isPartOf\":{\"@id\":\"https:\/\/progettotouring.it\/radiotouring104\/#website\"},\"primaryImageOfPage\":{\"@id\":\"https:\/\/progettotouring.it\/radiotouring104\/2026\/04\/28\/reggio-al-planetarium-levento-sei-un-mito\/#primaryimage\"},\"image\":{\"@id\":\"https:\/\/progettotouring.it\/radiotouring104\/2026\/04\/28\/reggio-al-planetarium-levento-sei-un-mito\/#primaryimage\"},\"thumbnailUrl\":\"https:\/\/progettotouring.it\/radiotouring104\/wp-content\/uploads\/sites\/6\/2022\/07\/Reggio_calabria_planetario_panorama.jpg\",\"datePublished\":\"2026-04-28T09:13:12+00:00\",\"dateModified\":\"2026-04-28T10:41:31+00:00\",\"description\":\"il sesto evento della rassegna \u00abLo strappo nel cielo di carta\u00bb,\u00a0a cura del Prof. Gianfranco Cord\u00ec, si svolger\u00e0 stasera alle 21:00\",\"breadcrumb\":{\"@id\":\"https:\/\/progettotouring.it\/radiotouring104\/2026\/04\/28\/reggio-al-planetarium-levento-sei-un-mito\/#breadcrumb\"},\"inLanguage\":\"it-IT\",\"potentialAction\":[{\"@type\":\"ReadAction\",\"target\":[\"https:\/\/progettotouring.it\/radiotouring104\/2026\/04\/28\/reggio-al-planetarium-levento-sei-un-mito\/\"]}]},{\"@type\":\"ImageObject\",\"inLanguage\":\"it-IT\",\"@id\":\"https:\/\/progettotouring.it\/radiotouring104\/2026\/04\/28\/reggio-al-planetarium-levento-sei-un-mito\/#primaryimage\",\"url\":\"https:\/\/progettotouring.it\/radiotouring104\/wp-content\/uploads\/sites\/6\/2022\/07\/Reggio_calabria_planetario_panorama.jpg\",\"contentUrl\":\"https:\/\/progettotouring.it\/radiotouring104\/wp-content\/uploads\/sites\/6\/2022\/07\/Reggio_calabria_planetario_panorama.jpg\",\"width\":340,\"height\":226},{\"@type\":\"BreadcrumbList\",\"@id\":\"https:\/\/progettotouring.it\/radiotouring104\/2026\/04\/28\/reggio-al-planetarium-levento-sei-un-mito\/#breadcrumb\",\"itemListElement\":[{\"@type\":\"ListItem\",\"position\":1,\"name\":\"Home\",\"item\":\"https:\/\/progettotouring.it\/radiotouring104\/\"},{\"@type\":\"ListItem\",\"position\":2,\"name\":\"Reggio: al Planetarium l&#8217;evento &#8220;Sei un mito&#8221;\"}]},{\"@type\":\"WebSite\",\"@id\":\"https:\/\/progettotouring.it\/radiotouring104\/#website\",\"url\":\"https:\/\/progettotouring.it\/radiotouring104\/\",\"name\":\"Radio Touring 104\",\"description\":\"La prima radio Reggina\",\"publisher\":{\"@id\":\"https:\/\/progettotouring.it\/radiotouring104\/#organization\"},\"potentialAction\":[{\"@type\":\"SearchAction\",\"target\":{\"@type\":\"EntryPoint\",\"urlTemplate\":\"https:\/\/progettotouring.it\/radiotouring104\/?s={search_term_string}\"},\"query-input\":{\"@type\":\"PropertyValueSpecification\",\"valueRequired\":true,\"valueName\":\"search_term_string\"}}],\"inLanguage\":\"it-IT\"},{\"@type\":\"Organization\",\"@id\":\"https:\/\/progettotouring.it\/radiotouring104\/#organization\",\"name\":\"Radio Touring 104\",\"url\":\"https:\/\/progettotouring.it\/radiotouring104\/\",\"logo\":{\"@type\":\"ImageObject\",\"inLanguage\":\"it-IT\",\"@id\":\"https:\/\/progettotouring.it\/radiotouring104\/#\/schema\/logo\/image\/\",\"url\":\"https:\/\/progettotouring.it\/radiotouring104\/wp-content\/uploads\/sites\/6\/2022\/02\/cropped-logo-radio-touring-104.png\",\"contentUrl\":\"https:\/\/progettotouring.it\/radiotouring104\/wp-content\/uploads\/sites\/6\/2022\/02\/cropped-logo-radio-touring-104.png\",\"width\":377,\"height\":182,\"caption\":\"Radio Touring 104\"},\"image\":{\"@id\":\"https:\/\/progettotouring.it\/radiotouring104\/#\/schema\/logo\/image\/\"}},{\"@type\":\"Person\",\"@id\":\"https:\/\/progettotouring.it\/radiotouring104\/#\/schema\/person\/1b3eb3c07c47136bc44c785c543e635f\",\"name\":\"redazione\",\"image\":{\"@type\":\"ImageObject\",\"inLanguage\":\"it-IT\",\"@id\":\"https:\/\/secure.gravatar.com\/avatar\/0b31605b49f100769e8b624b3e05de1b73e1692e9568a352f60f53fd072e6e11?s=96&d=mm&r=g\",\"url\":\"https:\/\/secure.gravatar.com\/avatar\/0b31605b49f100769e8b624b3e05de1b73e1692e9568a352f60f53fd072e6e11?s=96&d=mm&r=g\",\"contentUrl\":\"https:\/\/secure.gravatar.com\/avatar\/0b31605b49f100769e8b624b3e05de1b73e1692e9568a352f60f53fd072e6e11?s=96&d=mm&r=g\",\"caption\":\"redazione\"},\"url\":\"https:\/\/progettotouring.it\/radiotouring104\/author\/redazione\/\"}]}<\/script>\n<!-- \/ Yoast SEO plugin. -->","yoast_head_json":{"title":"Reggio: al Planetarium l'evento \"Sei un mito\"","description":"il sesto evento della rassegna \u00abLo strappo nel cielo di carta\u00bb,\u00a0a cura del Prof. Gianfranco Cord\u00ec, si svolger\u00e0 stasera alle 21:00","robots":{"index":"index","follow":"follow","max-snippet":"max-snippet:-1","max-image-preview":"max-image-preview:large","max-video-preview":"max-video-preview:-1"},"canonical":"https:\/\/progettotouring.it\/radiotouring104\/2026\/04\/28\/reggio-al-planetarium-levento-sei-un-mito\/","og_locale":"it_IT","og_type":"article","og_title":"Reggio: al Planetarium l'evento \"Sei un mito\"","og_description":"il sesto evento della rassegna \u00abLo strappo nel cielo di carta\u00bb,\u00a0a cura del Prof. Gianfranco Cord\u00ec, si svolger\u00e0 stasera alle 21:00","og_url":"https:\/\/progettotouring.it\/radiotouring104\/2026\/04\/28\/reggio-al-planetarium-levento-sei-un-mito\/","og_site_name":"Radio Touring 104","article_published_time":"2026-04-28T09:13:12+00:00","article_modified_time":"2026-04-28T10:41:31+00:00","og_image":[{"width":340,"height":226,"url":"https:\/\/progettotouring.it\/radiotouring104\/wp-content\/uploads\/sites\/6\/2022\/07\/Reggio_calabria_planetario_panorama.jpg","type":"image\/jpeg"}],"author":"redazione","twitter_card":"summary_large_image","twitter_misc":{"Scritto da":"redazione","Tempo di lettura stimato":"2 minuti"},"schema":{"@context":"https:\/\/schema.org","@graph":[{"@type":"Article","@id":"https:\/\/progettotouring.it\/radiotouring104\/2026\/04\/28\/reggio-al-planetarium-levento-sei-un-mito\/#article","isPartOf":{"@id":"https:\/\/progettotouring.it\/radiotouring104\/2026\/04\/28\/reggio-al-planetarium-levento-sei-un-mito\/"},"author":{"name":"redazione","@id":"https:\/\/progettotouring.it\/radiotouring104\/#\/schema\/person\/1b3eb3c07c47136bc44c785c543e635f"},"headline":"Reggio: al Planetarium l&#8217;evento &#8220;Sei un mito&#8221;","datePublished":"2026-04-28T09:13:12+00:00","dateModified":"2026-04-28T10:41:31+00:00","mainEntityOfPage":{"@id":"https:\/\/progettotouring.it\/radiotouring104\/2026\/04\/28\/reggio-al-planetarium-levento-sei-un-mito\/"},"wordCount":444,"publisher":{"@id":"https:\/\/progettotouring.it\/radiotouring104\/#organization"},"image":{"@id":"https:\/\/progettotouring.it\/radiotouring104\/2026\/04\/28\/reggio-al-planetarium-levento-sei-un-mito\/#primaryimage"},"thumbnailUrl":"https:\/\/progettotouring.it\/radiotouring104\/wp-content\/uploads\/sites\/6\/2022\/07\/Reggio_calabria_planetario_panorama.jpg","keywords":["\"Sei un mito\"","Planetarium Pythagoras Citt\u00e0 Metropolitana","prof.\u00a0Gianfranco Cord\u00ec","rassegna \u00abLo strappo nel cielo di carta\u00bb.","Reggio","sesto appuntamento"],"articleSection":["Home","News","Reggio Calabria"],"inLanguage":"it-IT"},{"@type":"WebPage","@id":"https:\/\/progettotouring.it\/radiotouring104\/2026\/04\/28\/reggio-al-planetarium-levento-sei-un-mito\/","url":"https:\/\/progettotouring.it\/radiotouring104\/2026\/04\/28\/reggio-al-planetarium-levento-sei-un-mito\/","name":"Reggio: al Planetarium l'evento \"Sei un mito\"","isPartOf":{"@id":"https:\/\/progettotouring.it\/radiotouring104\/#website"},"primaryImageOfPage":{"@id":"https:\/\/progettotouring.it\/radiotouring104\/2026\/04\/28\/reggio-al-planetarium-levento-sei-un-mito\/#primaryimage"},"image":{"@id":"https:\/\/progettotouring.it\/radiotouring104\/2026\/04\/28\/reggio-al-planetarium-levento-sei-un-mito\/#primaryimage"},"thumbnailUrl":"https:\/\/progettotouring.it\/radiotouring104\/wp-content\/uploads\/sites\/6\/2022\/07\/Reggio_calabria_planetario_panorama.jpg","datePublished":"2026-04-28T09:13:12+00:00","dateModified":"2026-04-28T10:41:31+00:00","description":"il sesto evento della rassegna \u00abLo strappo nel cielo di carta\u00bb,\u00a0a cura del Prof. Gianfranco Cord\u00ec, si svolger\u00e0 stasera alle 21:00","breadcrumb":{"@id":"https:\/\/progettotouring.it\/radiotouring104\/2026\/04\/28\/reggio-al-planetarium-levento-sei-un-mito\/#breadcrumb"},"inLanguage":"it-IT","potentialAction":[{"@type":"ReadAction","target":["https:\/\/progettotouring.it\/radiotouring104\/2026\/04\/28\/reggio-al-planetarium-levento-sei-un-mito\/"]}]},{"@type":"ImageObject","inLanguage":"it-IT","@id":"https:\/\/progettotouring.it\/radiotouring104\/2026\/04\/28\/reggio-al-planetarium-levento-sei-un-mito\/#primaryimage","url":"https:\/\/progettotouring.it\/radiotouring104\/wp-content\/uploads\/sites\/6\/2022\/07\/Reggio_calabria_planetario_panorama.jpg","contentUrl":"https:\/\/progettotouring.it\/radiotouring104\/wp-content\/uploads\/sites\/6\/2022\/07\/Reggio_calabria_planetario_panorama.jpg","width":340,"height":226},{"@type":"BreadcrumbList","@id":"https:\/\/progettotouring.it\/radiotouring104\/2026\/04\/28\/reggio-al-planetarium-levento-sei-un-mito\/#breadcrumb","itemListElement":[{"@type":"ListItem","position":1,"name":"Home","item":"https:\/\/progettotouring.it\/radiotouring104\/"},{"@type":"ListItem","position":2,"name":"Reggio: al Planetarium l&#8217;evento &#8220;Sei un mito&#8221;"}]},{"@type":"WebSite","@id":"https:\/\/progettotouring.it\/radiotouring104\/#website","url":"https:\/\/progettotouring.it\/radiotouring104\/","name":"Radio Touring 104","description":"La prima radio Reggina","publisher":{"@id":"https:\/\/progettotouring.it\/radiotouring104\/#organization"},"potentialAction":[{"@type":"SearchAction","target":{"@type":"EntryPoint","urlTemplate":"https:\/\/progettotouring.it\/radiotouring104\/?s={search_term_string}"},"query-input":{"@type":"PropertyValueSpecification","valueRequired":true,"valueName":"search_term_string"}}],"inLanguage":"it-IT"},{"@type":"Organization","@id":"https:\/\/progettotouring.it\/radiotouring104\/#organization","name":"Radio Touring 104","url":"https:\/\/progettotouring.it\/radiotouring104\/","logo":{"@type":"ImageObject","inLanguage":"it-IT","@id":"https:\/\/progettotouring.it\/radiotouring104\/#\/schema\/logo\/image\/","url":"https:\/\/progettotouring.it\/radiotouring104\/wp-content\/uploads\/sites\/6\/2022\/02\/cropped-logo-radio-touring-104.png","contentUrl":"https:\/\/progettotouring.it\/radiotouring104\/wp-content\/uploads\/sites\/6\/2022\/02\/cropped-logo-radio-touring-104.png","width":377,"height":182,"caption":"Radio Touring 104"},"image":{"@id":"https:\/\/progettotouring.it\/radiotouring104\/#\/schema\/logo\/image\/"}},{"@type":"Person","@id":"https:\/\/progettotouring.it\/radiotouring104\/#\/schema\/person\/1b3eb3c07c47136bc44c785c543e635f","name":"redazione","image":{"@type":"ImageObject","inLanguage":"it-IT","@id":"https:\/\/secure.gravatar.com\/avatar\/0b31605b49f100769e8b624b3e05de1b73e1692e9568a352f60f53fd072e6e11?s=96&d=mm&r=g","url":"https:\/\/secure.gravatar.com\/avatar\/0b31605b49f100769e8b624b3e05de1b73e1692e9568a352f60f53fd072e6e11?s=96&d=mm&r=g","contentUrl":"https:\/\/secure.gravatar.com\/avatar\/0b31605b49f100769e8b624b3e05de1b73e1692e9568a352f60f53fd072e6e11?s=96&d=mm&r=g","caption":"redazione"},"url":"https:\/\/progettotouring.it\/radiotouring104\/author\/redazione\/"}]}},"jetpack_publicize_connections":[],"jetpack_featured_media_url":"https:\/\/progettotouring.it\/radiotouring104\/wp-content\/uploads\/sites\/6\/2022\/07\/Reggio_calabria_planetario_panorama.jpg","jetpack_sharing_enabled":true,"_links":{"self":[{"href":"https:\/\/progettotouring.it\/radiotouring104\/wp-json\/wp\/v2\/posts\/94497","targetHints":{"allow":["GET"]}}],"collection":[{"href":"https:\/\/progettotouring.it\/radiotouring104\/wp-json\/wp\/v2\/posts"}],"about":[{"href":"https:\/\/progettotouring.it\/radiotouring104\/wp-json\/wp\/v2\/types\/post"}],"author":[{"embeddable":true,"href":"https:\/\/progettotouring.it\/radiotouring104\/wp-json\/wp\/v2\/users\/5"}],"replies":[{"embeddable":true,"href":"https:\/\/progettotouring.it\/radiotouring104\/wp-json\/wp\/v2\/comments?post=94497"}],"version-history":[{"count":1,"href":"https:\/\/progettotouring.it\/radiotouring104\/wp-json\/wp\/v2\/posts\/94497\/revisions"}],"predecessor-version":[{"id":94498,"href":"https:\/\/progettotouring.it\/radiotouring104\/wp-json\/wp\/v2\/posts\/94497\/revisions\/94498"}],"wp:featuredmedia":[{"embeddable":true,"href":"https:\/\/progettotouring.it\/radiotouring104\/wp-json\/wp\/v2\/media\/7886"}],"wp:attachment":[{"href":"https:\/\/progettotouring.it\/radiotouring104\/wp-json\/wp\/v2\/media?parent=94497"}],"wp:term":[{"taxonomy":"category","embeddable":true,"href":"https:\/\/progettotouring.it\/radiotouring104\/wp-json\/wp\/v2\/categories?post=94497"},{"taxonomy":"post_tag","embeddable":true,"href":"https:\/\/progettotouring.it\/radiotouring104\/wp-json\/wp\/v2\/tags?post=94497"}],"curies":[{"name":"wp","href":"https:\/\/api.w.org\/{rel}","templated":true}]}}