{"id":94499,"date":"2026-04-28T11:20:32","date_gmt":"2026-04-28T09:20:32","guid":{"rendered":"https:\/\/progettotouring.it\/radiotouring104\/?p=94499"},"modified":"2026-04-28T12:41:25","modified_gmt":"2026-04-28T10:41:25","slug":"comunali-di-reggio-paolillo-si-candida-per-una-ristorazione-sostenibile-e-di-qualita","status":"publish","type":"post","link":"https:\/\/progettotouring.it\/radiotouring104\/2026\/04\/28\/comunali-di-reggio-paolillo-si-candida-per-una-ristorazione-sostenibile-e-di-qualita\/","title":{"rendered":"Comunali di Reggio: Paolillo si candida per una ristorazione sostenibile e di qualit\u00e0"},"content":{"rendered":"<p>&#8220;Nella mia esperienza professionale ho maturato, specialmente negli ultimi anni, sempre pi\u00f9 l\u2019idea che la ristorazione possa giocare un ruolo importante nelle politiche comunali, evolvendosi da semplice attivit\u00e0 commerciale a strumento strategico per la sostenibilit\u00e0, la coesione sociale e lo sviluppo del territorio. Visitando altri Comuni italiani ho verificato il fattivo impegno delle amministrazioni locali che adottano politiche indirizzate agli alimenti per gestire in modo innovativo il rapporto tra Citt\u00e0 e consumi alimentari. Faccio alcuni esempi dei principali punti di contatto tra ristorazione e politica comunale che ho potuto osservare nel corso dei miei lavori. In Europa e in Italia la chiamano Food Policy Urbane: Le Citt\u00e0 utilizzano le politiche alimentari per promuovere sistemi sostenibili, inclusivi e salutari, contrastando sprechi e promuovendo la green economy come la Food Policy di grandi capitali italiane, orientate a modelli di sviluppo locale. Fu proprio a Milano, durante un mio contributo ad Expo 2015, che immaginavo anche Reggio Calabria quale Citt\u00e0 vocata a tali politiche di economy cos\u00ec, come a Roma in occasione di un importante convegno al Senato, ebbi modo di illustrare le tantissime iniziative e soluzioni messe in campo per la riduzione degli sprechi alimentari. Negli ultimi anni, purtroppo, il quadro della povert\u00e0 alimentare si \u00e8 aggravato e trasformato. Sebbene non esista ancora una definizione standard di povert\u00e0 alimentare n\u00e9 a livello italiano n\u00e9 a livello europeo, un utile riferimento sono alcuni studi che mettono in luce la multidimensionalit\u00e0 del fenomeno e la necessit\u00e0 di monitorarlo attraverso nuovi indicatori. L\u2019 aspetto legato alla ristorazione sostenibile assume un&#8217;estrema importanza per incoraggiare i ristoratori a valorizzare il territorio, ridurre gli sprechi e utilizzare materie prime locali, creando cos\u00ec, un vero e proprio &#8220;patto di comunit\u00e0&#8221; tra chi produce e chi consuma. Di grande importanza \u00e8 il tema della ristorazione collettiva. Infatti, \u00e8 un potente strumento di politica pubblica per educare alla sostenibilit\u00e0 e supportare la filiera locale attraverso capitolati d\u2019appalto mirati alla riduzione degli sprechi e alla promozione di sani stili di vita alimentari. Negli ultimi tempi emerge chiaramente come\u00a0 il settore della ristorazione cerca un dialogo strutturato con la politica, evidenziato dalla nascita di reti associative che chiedono riforme specifiche, inclusa l\u2019ultima revisione dei codici ATECO che mira all&#8217;evoluzione tecnologica, all\u2019economia circolare e alle nuove forme di digitalizzazione. Il mio contributo \u00e8, dunque, orientato ad accompagnare le aziende verso questa trasformare. La ristorazione pu\u00f2 essere megafono per i produttori locali e per le buone pratiche gastronomiche. Attraverso la progettazione di\u00a0 luoghi inclusivi e a momenti di formazione dei consumatori possiamo iniziare a raccontare le nostre eccellenze mantenendo lo sguardo fisso su ambiente e sostenibilit\u00e0&#8221;, scrive il Responsabile del Dipartimento tutela dei consumatori di Forza Italia, Antonio Paolillo.<\/p>\n<p>&nbsp;<\/p>\n","protected":false},"excerpt":{"rendered":"<p>&#8220;Nella mia esperienza professionale ho maturato, specialmente negli ultimi anni, sempre pi\u00f9 l\u2019idea che la ristorazione possa giocare un ruolo importante nelle politiche comunali, evolvendosi da semplice attivit\u00e0 commerciale a&hellip;<\/p>\n","protected":false},"author":5,"featured_media":87855,"comment_status":"closed","ping_status":"open","sticky":false,"template":"","format":"standard","meta":{"_jetpack_memberships_contains_paid_content":false,"footnotes":"","jetpack_publicize_message":"","jetpack_publicize_feature_enabled":true,"jetpack_social_post_already_shared":true,"jetpack_social_options":{"image_generator_settings":{"template":"highway","default_image_id":0,"font":"","enabled":false},"version":2}},"categories":[921,196,140],"tags":[48309,42965,49999,1514,53224],"class_list":["post-94499","post","type-post","status-publish","format-standard","has-post-thumbnail","hentry","category-home","category-news","category-reggio-calabria","tag-antonio-paolillo","tag-candidatura","tag-elezioni-comunali-di-reggio-2026","tag-forza-italia","tag-ristorazione-sostenibile"],"yoast_head":"<!-- This site is optimized with the Yoast SEO plugin v27.2 - https:\/\/yoast.com\/product\/yoast-seo-wordpress\/ -->\n<title>Comunali RC: Paolillo si candida per una ristorazione sostenibile<\/title>\n<meta name=\"description\" content=\"Il Responsabile del Dipartimento tutela dei consumatori di Forza Italia, in corsa alle prossime elezioni comunali di Reggio\" \/>\n<meta name=\"robots\" content=\"index, follow, max-snippet:-1, max-image-preview:large, max-video-preview:-1\" \/>\n<link rel=\"canonical\" href=\"https:\/\/progettotouring.it\/radiotouring104\/2026\/04\/28\/comunali-di-reggio-paolillo-si-candida-per-una-ristorazione-sostenibile-e-di-qualita\/\" \/>\n<meta property=\"og:locale\" content=\"it_IT\" \/>\n<meta property=\"og:type\" content=\"article\" \/>\n<meta property=\"og:title\" content=\"Comunali RC: Paolillo si candida per una ristorazione sostenibile\" \/>\n<meta property=\"og:description\" content=\"Il Responsabile del Dipartimento tutela dei consumatori di Forza Italia, in corsa alle prossime elezioni comunali di Reggio\" \/>\n<meta property=\"og:url\" content=\"https:\/\/progettotouring.it\/radiotouring104\/2026\/04\/28\/comunali-di-reggio-paolillo-si-candida-per-una-ristorazione-sostenibile-e-di-qualita\/\" \/>\n<meta property=\"og:site_name\" content=\"Radio Touring 104\" \/>\n<meta property=\"article:published_time\" content=\"2026-04-28T09:20:32+00:00\" \/>\n<meta property=\"article:modified_time\" content=\"2026-04-28T10:41:25+00:00\" \/>\n<meta property=\"og:image\" content=\"https:\/\/progettotouring.it\/radiotouring104\/wp-content\/uploads\/sites\/6\/2025\/12\/Antonio-Paolillo-Forza-Italia-Reggio-Calabria-.jpeg\" \/>\n\t<meta property=\"og:image:width\" content=\"2048\" \/>\n\t<meta property=\"og:image:height\" content=\"1636\" \/>\n\t<meta property=\"og:image:type\" content=\"image\/jpeg\" \/>\n<meta name=\"author\" content=\"redazione\" \/>\n<meta name=\"twitter:card\" content=\"summary_large_image\" \/>\n<meta name=\"twitter:label1\" content=\"Scritto da\" \/>\n\t<meta name=\"twitter:data1\" content=\"redazione\" \/>\n\t<meta name=\"twitter:label2\" content=\"Tempo di lettura stimato\" \/>\n\t<meta name=\"twitter:data2\" content=\"2 minuti\" \/>\n<script type=\"application\/ld+json\" class=\"yoast-schema-graph\">{\"@context\":\"https:\/\/schema.org\",\"@graph\":[{\"@type\":\"Article\",\"@id\":\"https:\/\/progettotouring.it\/radiotouring104\/2026\/04\/28\/comunali-di-reggio-paolillo-si-candida-per-una-ristorazione-sostenibile-e-di-qualita\/#article\",\"isPartOf\":{\"@id\":\"https:\/\/progettotouring.it\/radiotouring104\/2026\/04\/28\/comunali-di-reggio-paolillo-si-candida-per-una-ristorazione-sostenibile-e-di-qualita\/\"},\"author\":{\"name\":\"redazione\",\"@id\":\"https:\/\/progettotouring.it\/radiotouring104\/#\/schema\/person\/1b3eb3c07c47136bc44c785c543e635f\"},\"headline\":\"Comunali di Reggio: Paolillo si candida per una ristorazione sostenibile e di qualit\u00e0\",\"datePublished\":\"2026-04-28T09:20:32+00:00\",\"dateModified\":\"2026-04-28T10:41:25+00:00\",\"mainEntityOfPage\":{\"@id\":\"https:\/\/progettotouring.it\/radiotouring104\/2026\/04\/28\/comunali-di-reggio-paolillo-si-candida-per-una-ristorazione-sostenibile-e-di-qualita\/\"},\"wordCount\":457,\"publisher\":{\"@id\":\"https:\/\/progettotouring.it\/radiotouring104\/#organization\"},\"image\":{\"@id\":\"https:\/\/progettotouring.it\/radiotouring104\/2026\/04\/28\/comunali-di-reggio-paolillo-si-candida-per-una-ristorazione-sostenibile-e-di-qualita\/#primaryimage\"},\"thumbnailUrl\":\"https:\/\/progettotouring.it\/radiotouring104\/wp-content\/uploads\/sites\/6\/2025\/12\/Antonio-Paolillo-Forza-Italia-Reggio-Calabria-.jpeg\",\"keywords\":[\"Antonio Paolillo\",\"candidatura\",\"Elezioni comunali di Reggio 2026\",\"forza italia\",\"ristorazione sostenibile\"],\"articleSection\":[\"Home\",\"News\",\"Reggio Calabria\"],\"inLanguage\":\"it-IT\"},{\"@type\":\"WebPage\",\"@id\":\"https:\/\/progettotouring.it\/radiotouring104\/2026\/04\/28\/comunali-di-reggio-paolillo-si-candida-per-una-ristorazione-sostenibile-e-di-qualita\/\",\"url\":\"https:\/\/progettotouring.it\/radiotouring104\/2026\/04\/28\/comunali-di-reggio-paolillo-si-candida-per-una-ristorazione-sostenibile-e-di-qualita\/\",\"name\":\"Comunali RC: Paolillo si candida per una ristorazione sostenibile\",\"isPartOf\":{\"@id\":\"https:\/\/progettotouring.it\/radiotouring104\/#website\"},\"primaryImageOfPage\":{\"@id\":\"https:\/\/progettotouring.it\/radiotouring104\/2026\/04\/28\/comunali-di-reggio-paolillo-si-candida-per-una-ristorazione-sostenibile-e-di-qualita\/#primaryimage\"},\"image\":{\"@id\":\"https:\/\/progettotouring.it\/radiotouring104\/2026\/04\/28\/comunali-di-reggio-paolillo-si-candida-per-una-ristorazione-sostenibile-e-di-qualita\/#primaryimage\"},\"thumbnailUrl\":\"https:\/\/progettotouring.it\/radiotouring104\/wp-content\/uploads\/sites\/6\/2025\/12\/Antonio-Paolillo-Forza-Italia-Reggio-Calabria-.jpeg\",\"datePublished\":\"2026-04-28T09:20:32+00:00\",\"dateModified\":\"2026-04-28T10:41:25+00:00\",\"description\":\"Il Responsabile del Dipartimento tutela dei consumatori di Forza Italia, in corsa alle prossime elezioni comunali di Reggio\",\"breadcrumb\":{\"@id\":\"https:\/\/progettotouring.it\/radiotouring104\/2026\/04\/28\/comunali-di-reggio-paolillo-si-candida-per-una-ristorazione-sostenibile-e-di-qualita\/#breadcrumb\"},\"inLanguage\":\"it-IT\",\"potentialAction\":[{\"@type\":\"ReadAction\",\"target\":[\"https:\/\/progettotouring.it\/radiotouring104\/2026\/04\/28\/comunali-di-reggio-paolillo-si-candida-per-una-ristorazione-sostenibile-e-di-qualita\/\"]}]},{\"@type\":\"ImageObject\",\"inLanguage\":\"it-IT\",\"@id\":\"https:\/\/progettotouring.it\/radiotouring104\/2026\/04\/28\/comunali-di-reggio-paolillo-si-candida-per-una-ristorazione-sostenibile-e-di-qualita\/#primaryimage\",\"url\":\"https:\/\/progettotouring.it\/radiotouring104\/wp-content\/uploads\/sites\/6\/2025\/12\/Antonio-Paolillo-Forza-Italia-Reggio-Calabria-.jpeg\",\"contentUrl\":\"https:\/\/progettotouring.it\/radiotouring104\/wp-content\/uploads\/sites\/6\/2025\/12\/Antonio-Paolillo-Forza-Italia-Reggio-Calabria-.jpeg\",\"width\":2048,\"height\":1636},{\"@type\":\"BreadcrumbList\",\"@id\":\"https:\/\/progettotouring.it\/radiotouring104\/2026\/04\/28\/comunali-di-reggio-paolillo-si-candida-per-una-ristorazione-sostenibile-e-di-qualita\/#breadcrumb\",\"itemListElement\":[{\"@type\":\"ListItem\",\"position\":1,\"name\":\"Home\",\"item\":\"https:\/\/progettotouring.it\/radiotouring104\/\"},{\"@type\":\"ListItem\",\"position\":2,\"name\":\"Comunali di Reggio: Paolillo si candida per una ristorazione sostenibile e di qualit\u00e0\"}]},{\"@type\":\"WebSite\",\"@id\":\"https:\/\/progettotouring.it\/radiotouring104\/#website\",\"url\":\"https:\/\/progettotouring.it\/radiotouring104\/\",\"name\":\"Radio Touring 104\",\"description\":\"La prima radio Reggina\",\"publisher\":{\"@id\":\"https:\/\/progettotouring.it\/radiotouring104\/#organization\"},\"potentialAction\":[{\"@type\":\"SearchAction\",\"target\":{\"@type\":\"EntryPoint\",\"urlTemplate\":\"https:\/\/progettotouring.it\/radiotouring104\/?s={search_term_string}\"},\"query-input\":{\"@type\":\"PropertyValueSpecification\",\"valueRequired\":true,\"valueName\":\"search_term_string\"}}],\"inLanguage\":\"it-IT\"},{\"@type\":\"Organization\",\"@id\":\"https:\/\/progettotouring.it\/radiotouring104\/#organization\",\"name\":\"Radio Touring 104\",\"url\":\"https:\/\/progettotouring.it\/radiotouring104\/\",\"logo\":{\"@type\":\"ImageObject\",\"inLanguage\":\"it-IT\",\"@id\":\"https:\/\/progettotouring.it\/radiotouring104\/#\/schema\/logo\/image\/\",\"url\":\"https:\/\/progettotouring.it\/radiotouring104\/wp-content\/uploads\/sites\/6\/2022\/02\/cropped-logo-radio-touring-104.png\",\"contentUrl\":\"https:\/\/progettotouring.it\/radiotouring104\/wp-content\/uploads\/sites\/6\/2022\/02\/cropped-logo-radio-touring-104.png\",\"width\":377,\"height\":182,\"caption\":\"Radio Touring 104\"},\"image\":{\"@id\":\"https:\/\/progettotouring.it\/radiotouring104\/#\/schema\/logo\/image\/\"}},{\"@type\":\"Person\",\"@id\":\"https:\/\/progettotouring.it\/radiotouring104\/#\/schema\/person\/1b3eb3c07c47136bc44c785c543e635f\",\"name\":\"redazione\",\"image\":{\"@type\":\"ImageObject\",\"inLanguage\":\"it-IT\",\"@id\":\"https:\/\/secure.gravatar.com\/avatar\/0b31605b49f100769e8b624b3e05de1b73e1692e9568a352f60f53fd072e6e11?s=96&d=mm&r=g\",\"url\":\"https:\/\/secure.gravatar.com\/avatar\/0b31605b49f100769e8b624b3e05de1b73e1692e9568a352f60f53fd072e6e11?s=96&d=mm&r=g\",\"contentUrl\":\"https:\/\/secure.gravatar.com\/avatar\/0b31605b49f100769e8b624b3e05de1b73e1692e9568a352f60f53fd072e6e11?s=96&d=mm&r=g\",\"caption\":\"redazione\"},\"url\":\"https:\/\/progettotouring.it\/radiotouring104\/author\/redazione\/\"}]}<\/script>\n<!-- \/ Yoast SEO plugin. -->","yoast_head_json":{"title":"Comunali RC: Paolillo si candida per una ristorazione sostenibile","description":"Il Responsabile del Dipartimento tutela dei consumatori di Forza Italia, in corsa alle prossime elezioni comunali di Reggio","robots":{"index":"index","follow":"follow","max-snippet":"max-snippet:-1","max-image-preview":"max-image-preview:large","max-video-preview":"max-video-preview:-1"},"canonical":"https:\/\/progettotouring.it\/radiotouring104\/2026\/04\/28\/comunali-di-reggio-paolillo-si-candida-per-una-ristorazione-sostenibile-e-di-qualita\/","og_locale":"it_IT","og_type":"article","og_title":"Comunali RC: Paolillo si candida per una ristorazione sostenibile","og_description":"Il Responsabile del Dipartimento tutela dei consumatori di Forza Italia, in corsa alle prossime elezioni comunali di Reggio","og_url":"https:\/\/progettotouring.it\/radiotouring104\/2026\/04\/28\/comunali-di-reggio-paolillo-si-candida-per-una-ristorazione-sostenibile-e-di-qualita\/","og_site_name":"Radio Touring 104","article_published_time":"2026-04-28T09:20:32+00:00","article_modified_time":"2026-04-28T10:41:25+00:00","og_image":[{"width":2048,"height":1636,"url":"https:\/\/progettotouring.it\/radiotouring104\/wp-content\/uploads\/sites\/6\/2025\/12\/Antonio-Paolillo-Forza-Italia-Reggio-Calabria-.jpeg","type":"image\/jpeg"}],"author":"redazione","twitter_card":"summary_large_image","twitter_misc":{"Scritto da":"redazione","Tempo di lettura stimato":"2 minuti"},"schema":{"@context":"https:\/\/schema.org","@graph":[{"@type":"Article","@id":"https:\/\/progettotouring.it\/radiotouring104\/2026\/04\/28\/comunali-di-reggio-paolillo-si-candida-per-una-ristorazione-sostenibile-e-di-qualita\/#article","isPartOf":{"@id":"https:\/\/progettotouring.it\/radiotouring104\/2026\/04\/28\/comunali-di-reggio-paolillo-si-candida-per-una-ristorazione-sostenibile-e-di-qualita\/"},"author":{"name":"redazione","@id":"https:\/\/progettotouring.it\/radiotouring104\/#\/schema\/person\/1b3eb3c07c47136bc44c785c543e635f"},"headline":"Comunali di Reggio: Paolillo si candida per una ristorazione sostenibile e di qualit\u00e0","datePublished":"2026-04-28T09:20:32+00:00","dateModified":"2026-04-28T10:41:25+00:00","mainEntityOfPage":{"@id":"https:\/\/progettotouring.it\/radiotouring104\/2026\/04\/28\/comunali-di-reggio-paolillo-si-candida-per-una-ristorazione-sostenibile-e-di-qualita\/"},"wordCount":457,"publisher":{"@id":"https:\/\/progettotouring.it\/radiotouring104\/#organization"},"image":{"@id":"https:\/\/progettotouring.it\/radiotouring104\/2026\/04\/28\/comunali-di-reggio-paolillo-si-candida-per-una-ristorazione-sostenibile-e-di-qualita\/#primaryimage"},"thumbnailUrl":"https:\/\/progettotouring.it\/radiotouring104\/wp-content\/uploads\/sites\/6\/2025\/12\/Antonio-Paolillo-Forza-Italia-Reggio-Calabria-.jpeg","keywords":["Antonio Paolillo","candidatura","Elezioni comunali di Reggio 2026","forza italia","ristorazione sostenibile"],"articleSection":["Home","News","Reggio Calabria"],"inLanguage":"it-IT"},{"@type":"WebPage","@id":"https:\/\/progettotouring.it\/radiotouring104\/2026\/04\/28\/comunali-di-reggio-paolillo-si-candida-per-una-ristorazione-sostenibile-e-di-qualita\/","url":"https:\/\/progettotouring.it\/radiotouring104\/2026\/04\/28\/comunali-di-reggio-paolillo-si-candida-per-una-ristorazione-sostenibile-e-di-qualita\/","name":"Comunali RC: Paolillo si candida per una ristorazione sostenibile","isPartOf":{"@id":"https:\/\/progettotouring.it\/radiotouring104\/#website"},"primaryImageOfPage":{"@id":"https:\/\/progettotouring.it\/radiotouring104\/2026\/04\/28\/comunali-di-reggio-paolillo-si-candida-per-una-ristorazione-sostenibile-e-di-qualita\/#primaryimage"},"image":{"@id":"https:\/\/progettotouring.it\/radiotouring104\/2026\/04\/28\/comunali-di-reggio-paolillo-si-candida-per-una-ristorazione-sostenibile-e-di-qualita\/#primaryimage"},"thumbnailUrl":"https:\/\/progettotouring.it\/radiotouring104\/wp-content\/uploads\/sites\/6\/2025\/12\/Antonio-Paolillo-Forza-Italia-Reggio-Calabria-.jpeg","datePublished":"2026-04-28T09:20:32+00:00","dateModified":"2026-04-28T10:41:25+00:00","description":"Il Responsabile del Dipartimento tutela dei consumatori di Forza Italia, in corsa alle prossime elezioni comunali di Reggio","breadcrumb":{"@id":"https:\/\/progettotouring.it\/radiotouring104\/2026\/04\/28\/comunali-di-reggio-paolillo-si-candida-per-una-ristorazione-sostenibile-e-di-qualita\/#breadcrumb"},"inLanguage":"it-IT","potentialAction":[{"@type":"ReadAction","target":["https:\/\/progettotouring.it\/radiotouring104\/2026\/04\/28\/comunali-di-reggio-paolillo-si-candida-per-una-ristorazione-sostenibile-e-di-qualita\/"]}]},{"@type":"ImageObject","inLanguage":"it-IT","@id":"https:\/\/progettotouring.it\/radiotouring104\/2026\/04\/28\/comunali-di-reggio-paolillo-si-candida-per-una-ristorazione-sostenibile-e-di-qualita\/#primaryimage","url":"https:\/\/progettotouring.it\/radiotouring104\/wp-content\/uploads\/sites\/6\/2025\/12\/Antonio-Paolillo-Forza-Italia-Reggio-Calabria-.jpeg","contentUrl":"https:\/\/progettotouring.it\/radiotouring104\/wp-content\/uploads\/sites\/6\/2025\/12\/Antonio-Paolillo-Forza-Italia-Reggio-Calabria-.jpeg","width":2048,"height":1636},{"@type":"BreadcrumbList","@id":"https:\/\/progettotouring.it\/radiotouring104\/2026\/04\/28\/comunali-di-reggio-paolillo-si-candida-per-una-ristorazione-sostenibile-e-di-qualita\/#breadcrumb","itemListElement":[{"@type":"ListItem","position":1,"name":"Home","item":"https:\/\/progettotouring.it\/radiotouring104\/"},{"@type":"ListItem","position":2,"name":"Comunali di Reggio: Paolillo si candida per una ristorazione sostenibile e di qualit\u00e0"}]},{"@type":"WebSite","@id":"https:\/\/progettotouring.it\/radiotouring104\/#website","url":"https:\/\/progettotouring.it\/radiotouring104\/","name":"Radio Touring 104","description":"La prima radio Reggina","publisher":{"@id":"https:\/\/progettotouring.it\/radiotouring104\/#organization"},"potentialAction":[{"@type":"SearchAction","target":{"@type":"EntryPoint","urlTemplate":"https:\/\/progettotouring.it\/radiotouring104\/?s={search_term_string}"},"query-input":{"@type":"PropertyValueSpecification","valueRequired":true,"valueName":"search_term_string"}}],"inLanguage":"it-IT"},{"@type":"Organization","@id":"https:\/\/progettotouring.it\/radiotouring104\/#organization","name":"Radio Touring 104","url":"https:\/\/progettotouring.it\/radiotouring104\/","logo":{"@type":"ImageObject","inLanguage":"it-IT","@id":"https:\/\/progettotouring.it\/radiotouring104\/#\/schema\/logo\/image\/","url":"https:\/\/progettotouring.it\/radiotouring104\/wp-content\/uploads\/sites\/6\/2022\/02\/cropped-logo-radio-touring-104.png","contentUrl":"https:\/\/progettotouring.it\/radiotouring104\/wp-content\/uploads\/sites\/6\/2022\/02\/cropped-logo-radio-touring-104.png","width":377,"height":182,"caption":"Radio Touring 104"},"image":{"@id":"https:\/\/progettotouring.it\/radiotouring104\/#\/schema\/logo\/image\/"}},{"@type":"Person","@id":"https:\/\/progettotouring.it\/radiotouring104\/#\/schema\/person\/1b3eb3c07c47136bc44c785c543e635f","name":"redazione","image":{"@type":"ImageObject","inLanguage":"it-IT","@id":"https:\/\/secure.gravatar.com\/avatar\/0b31605b49f100769e8b624b3e05de1b73e1692e9568a352f60f53fd072e6e11?s=96&d=mm&r=g","url":"https:\/\/secure.gravatar.com\/avatar\/0b31605b49f100769e8b624b3e05de1b73e1692e9568a352f60f53fd072e6e11?s=96&d=mm&r=g","contentUrl":"https:\/\/secure.gravatar.com\/avatar\/0b31605b49f100769e8b624b3e05de1b73e1692e9568a352f60f53fd072e6e11?s=96&d=mm&r=g","caption":"redazione"},"url":"https:\/\/progettotouring.it\/radiotouring104\/author\/redazione\/"}]}},"jetpack_publicize_connections":[],"jetpack_featured_media_url":"https:\/\/progettotouring.it\/radiotouring104\/wp-content\/uploads\/sites\/6\/2025\/12\/Antonio-Paolillo-Forza-Italia-Reggio-Calabria-.jpeg","jetpack_sharing_enabled":true,"_links":{"self":[{"href":"https:\/\/progettotouring.it\/radiotouring104\/wp-json\/wp\/v2\/posts\/94499","targetHints":{"allow":["GET"]}}],"collection":[{"href":"https:\/\/progettotouring.it\/radiotouring104\/wp-json\/wp\/v2\/posts"}],"about":[{"href":"https:\/\/progettotouring.it\/radiotouring104\/wp-json\/wp\/v2\/types\/post"}],"author":[{"embeddable":true,"href":"https:\/\/progettotouring.it\/radiotouring104\/wp-json\/wp\/v2\/users\/5"}],"replies":[{"embeddable":true,"href":"https:\/\/progettotouring.it\/radiotouring104\/wp-json\/wp\/v2\/comments?post=94499"}],"version-history":[{"count":1,"href":"https:\/\/progettotouring.it\/radiotouring104\/wp-json\/wp\/v2\/posts\/94499\/revisions"}],"predecessor-version":[{"id":94500,"href":"https:\/\/progettotouring.it\/radiotouring104\/wp-json\/wp\/v2\/posts\/94499\/revisions\/94500"}],"wp:featuredmedia":[{"embeddable":true,"href":"https:\/\/progettotouring.it\/radiotouring104\/wp-json\/wp\/v2\/media\/87855"}],"wp:attachment":[{"href":"https:\/\/progettotouring.it\/radiotouring104\/wp-json\/wp\/v2\/media?parent=94499"}],"wp:term":[{"taxonomy":"category","embeddable":true,"href":"https:\/\/progettotouring.it\/radiotouring104\/wp-json\/wp\/v2\/categories?post=94499"},{"taxonomy":"post_tag","embeddable":true,"href":"https:\/\/progettotouring.it\/radiotouring104\/wp-json\/wp\/v2\/tags?post=94499"}],"curies":[{"name":"wp","href":"https:\/\/api.w.org\/{rel}","templated":true}]}}