{"id":94507,"date":"2026-04-28T11:35:32","date_gmt":"2026-04-28T09:35:32","guid":{"rendered":"https:\/\/progettotouring.it\/radiotouring104\/?p=94507"},"modified":"2026-04-28T12:41:15","modified_gmt":"2026-04-28T10:41:15","slug":"taurianova-oggi-linaugurazione-della-sede-di-biasi","status":"publish","type":"post","link":"https:\/\/progettotouring.it\/radiotouring104\/2026\/04\/28\/taurianova-oggi-linaugurazione-della-sede-di-biasi\/","title":{"rendered":"Taurianova: oggi l&#8217;inaugurazione della sede di Biasi"},"content":{"rendered":"<p>C\u2019\u00e8 anche una scelta localizzativa assai simbolica, alla base dell\u2019apertura \u2013 domani, marted\u00ec 28\/4\/2026 \u2013 del Comitato Elettorale del \u201cCentrodestra Unito Per Taurianova\u201d.<\/p>\n<p>Il sindaco uscente Roy Biasi, candidato dello schieramento varato da Forza Italia, Fratelli D\u2019Italia e Lega con gli innesti di diverse figure della societ\u00e0 civile, ha voluto il suo punto di incontro con gli elettori affacciato sul salotto di Piazza Italia, a pochi metri cio\u00e8 dalla Biblioteca Comunale &#8211; la cui riapertura nell\u2019anno di Capitale del Libro \u00e8 diventata il fulcro di un costante investimento nel settore della Cultura, che ha elevato la comunit\u00e0 anche nella sua immagine \u2013 e dai luoghi che ospitano le grandi manifestazioni artistiche e storicizzate che \u00a0hanno fatto conoscere la citt\u00e0 in tutto il mondo, <em>L\u2019Infiorata di Taurianova, <\/em>candidata a diventare Patrimonio Immateriale dell\u2019Unesco<em>, e il Concorso Internazionale dei Madonnari-Citt\u00e0 di Taurianova<\/em>.<\/p>\n<p>L\u2019appuntamento \u00e8 alle 18.30, per uno start ufficiale ed entusiasmante che sar\u00e0 dato da Biasi e che \u00a0\u2013 sulle note dell\u2019inno ufficiale scelto per la competizione &#8211; consentir\u00e0 la presentazione dei 16 candidati, dando spazio poi agli interventi del presidente del Consiglio regionale della Calabria, Salvatore\u00a0 Cirillo, del parlamentare e coordinatore regionale di Forza Italia, Francesco Cannizzaro, della consigliera regionale Daniela Iiriti, in rappresentanza di Fratelli D\u2019Italia, e del capogruppo regionale della Lega, Giuseppe Mattiani. \u00abAbbiamo voluto concepire l\u2019apertura della sede anche come l\u2019occasione per un nuovo incontro che la citt\u00e0 pu\u00f2 avere con figure istituzionali non da oggi vicine alla nostra comunit\u00e0 \u2013 commenta il candidato Roy Biasi \u2013 dimostrando una attenzione costante verso quelli che sono i bisogni dei cittadini e i progetti amministrativi che servono per elevare ancora di pi\u00f9 Taurianova. L\u2019inaugurazione vuole essere una festa aperta veramente a tutti, proprio perch\u00e9 pensiamo al Comitato non solo come un luogo utile a farci ritrovare per pianificare la nostra azione politica in questo mese prima del voto, ma anche come un centralissimo, trasparente e invitante crocevia di incontri dove ogni cittadino pu\u00f2 trovare informazioni, segnalare problematiche e proporre soluzioni, a maggior ragione visto pure che ancora oggi, a campagna elettorale aperta, non abbiamo ben capito l\u2019esatta critica che ci rivolge chi si \u00e8 candidato contro di noi in nome di un generico cambiamento, che a quanto sembra ha purtroppo il solo scopo di arrestare quei processi virtuosi che abbiamo avviato e che invece indicano che Taurianova non vuole fermarsi\u00bb.<\/p>\n","protected":false},"excerpt":{"rendered":"<p>C\u2019\u00e8 anche una scelta localizzativa assai simbolica, alla base dell\u2019apertura \u2013 domani, marted\u00ec 28\/4\/2026 \u2013 del Comitato Elettorale del \u201cCentrodestra Unito Per Taurianova\u201d. Il sindaco uscente Roy Biasi, candidato dello&hellip;<\/p>\n","protected":false},"author":5,"featured_media":94508,"comment_status":"closed","ping_status":"open","sticky":false,"template":"","format":"standard","meta":{"_jetpack_memberships_contains_paid_content":false,"footnotes":"","jetpack_publicize_message":"","jetpack_publicize_feature_enabled":true,"jetpack_social_post_already_shared":true,"jetpack_social_options":{"image_generator_settings":{"template":"highway","default_image_id":0,"font":"","enabled":false},"version":2}},"categories":[921,196,140],"tags":[26527,52779,4243,19315,24043,515],"class_list":["post-94507","post","type-post","status-publish","format-standard","has-post-thumbnail","hentry","category-home","category-news","category-reggio-calabria","tag-cannizzaro-francesco","tag-daniela-liriti","tag-elezioni","tag-inaugurazione-sede","tag-roy-biasi","tag-taurianova"],"yoast_head":"<!-- This site is optimized with the Yoast SEO plugin v27.2 - https:\/\/yoast.com\/product\/yoast-seo-wordpress\/ -->\n<title>Taurianova: oggi l&#039;inaugurazione della sede di Biasi - Radio Touring 104<\/title>\n<meta name=\"description\" content=\"Attesi all&#039;inaugurazione della sede del Sindaco uscente, candidato nel Centrodestra, Cannizzaro, Liriti, Cirillo e Mattiani\" \/>\n<meta name=\"robots\" content=\"index, follow, max-snippet:-1, max-image-preview:large, max-video-preview:-1\" \/>\n<link rel=\"canonical\" href=\"https:\/\/progettotouring.it\/radiotouring104\/2026\/04\/28\/taurianova-oggi-linaugurazione-della-sede-di-biasi\/\" \/>\n<meta property=\"og:locale\" content=\"it_IT\" \/>\n<meta property=\"og:type\" content=\"article\" \/>\n<meta property=\"og:title\" content=\"Taurianova: oggi l&#039;inaugurazione della sede di Biasi - Radio Touring 104\" \/>\n<meta property=\"og:description\" content=\"Attesi all&#039;inaugurazione della sede del Sindaco uscente, candidato nel Centrodestra, Cannizzaro, Liriti, Cirillo e Mattiani\" \/>\n<meta property=\"og:url\" content=\"https:\/\/progettotouring.it\/radiotouring104\/2026\/04\/28\/taurianova-oggi-linaugurazione-della-sede-di-biasi\/\" \/>\n<meta property=\"og:site_name\" content=\"Radio Touring 104\" \/>\n<meta property=\"article:published_time\" content=\"2026-04-28T09:35:32+00:00\" \/>\n<meta property=\"article:modified_time\" content=\"2026-04-28T10:41:15+00:00\" \/>\n<meta property=\"og:image\" content=\"https:\/\/progettotouring.it\/radiotouring104\/wp-content\/uploads\/sites\/6\/2026\/04\/Roy-Biasi-3.jpg\" \/>\n\t<meta property=\"og:image:width\" content=\"402\" \/>\n\t<meta property=\"og:image:height\" content=\"337\" \/>\n\t<meta property=\"og:image:type\" content=\"image\/jpeg\" \/>\n<meta name=\"author\" content=\"redazione\" \/>\n<meta name=\"twitter:card\" content=\"summary_large_image\" \/>\n<meta name=\"twitter:label1\" content=\"Scritto da\" \/>\n\t<meta name=\"twitter:data1\" content=\"redazione\" \/>\n\t<meta name=\"twitter:label2\" content=\"Tempo di lettura stimato\" \/>\n\t<meta name=\"twitter:data2\" content=\"2 minuti\" \/>\n<script type=\"application\/ld+json\" class=\"yoast-schema-graph\">{\"@context\":\"https:\/\/schema.org\",\"@graph\":[{\"@type\":\"Article\",\"@id\":\"https:\/\/progettotouring.it\/radiotouring104\/2026\/04\/28\/taurianova-oggi-linaugurazione-della-sede-di-biasi\/#article\",\"isPartOf\":{\"@id\":\"https:\/\/progettotouring.it\/radiotouring104\/2026\/04\/28\/taurianova-oggi-linaugurazione-della-sede-di-biasi\/\"},\"author\":{\"name\":\"redazione\",\"@id\":\"https:\/\/progettotouring.it\/radiotouring104\/#\/schema\/person\/1b3eb3c07c47136bc44c785c543e635f\"},\"headline\":\"Taurianova: oggi l&#8217;inaugurazione della sede di Biasi\",\"datePublished\":\"2026-04-28T09:35:32+00:00\",\"dateModified\":\"2026-04-28T10:41:15+00:00\",\"mainEntityOfPage\":{\"@id\":\"https:\/\/progettotouring.it\/radiotouring104\/2026\/04\/28\/taurianova-oggi-linaugurazione-della-sede-di-biasi\/\"},\"wordCount\":398,\"publisher\":{\"@id\":\"https:\/\/progettotouring.it\/radiotouring104\/#organization\"},\"image\":{\"@id\":\"https:\/\/progettotouring.it\/radiotouring104\/2026\/04\/28\/taurianova-oggi-linaugurazione-della-sede-di-biasi\/#primaryimage\"},\"thumbnailUrl\":\"https:\/\/progettotouring.it\/radiotouring104\/wp-content\/uploads\/sites\/6\/2026\/04\/Roy-Biasi-3.jpg\",\"keywords\":[\"cannizzaro francesco\",\"Daniela Liriti\",\"Elezioni\",\"inaugurazione sede\",\"Roy Biasi\",\"Taurianova\"],\"articleSection\":[\"Home\",\"News\",\"Reggio Calabria\"],\"inLanguage\":\"it-IT\"},{\"@type\":\"WebPage\",\"@id\":\"https:\/\/progettotouring.it\/radiotouring104\/2026\/04\/28\/taurianova-oggi-linaugurazione-della-sede-di-biasi\/\",\"url\":\"https:\/\/progettotouring.it\/radiotouring104\/2026\/04\/28\/taurianova-oggi-linaugurazione-della-sede-di-biasi\/\",\"name\":\"Taurianova: oggi l'inaugurazione della sede di Biasi - Radio Touring 104\",\"isPartOf\":{\"@id\":\"https:\/\/progettotouring.it\/radiotouring104\/#website\"},\"primaryImageOfPage\":{\"@id\":\"https:\/\/progettotouring.it\/radiotouring104\/2026\/04\/28\/taurianova-oggi-linaugurazione-della-sede-di-biasi\/#primaryimage\"},\"image\":{\"@id\":\"https:\/\/progettotouring.it\/radiotouring104\/2026\/04\/28\/taurianova-oggi-linaugurazione-della-sede-di-biasi\/#primaryimage\"},\"thumbnailUrl\":\"https:\/\/progettotouring.it\/radiotouring104\/wp-content\/uploads\/sites\/6\/2026\/04\/Roy-Biasi-3.jpg\",\"datePublished\":\"2026-04-28T09:35:32+00:00\",\"dateModified\":\"2026-04-28T10:41:15+00:00\",\"description\":\"Attesi all'inaugurazione della sede del Sindaco uscente, candidato nel Centrodestra, Cannizzaro, Liriti, Cirillo e Mattiani\",\"breadcrumb\":{\"@id\":\"https:\/\/progettotouring.it\/radiotouring104\/2026\/04\/28\/taurianova-oggi-linaugurazione-della-sede-di-biasi\/#breadcrumb\"},\"inLanguage\":\"it-IT\",\"potentialAction\":[{\"@type\":\"ReadAction\",\"target\":[\"https:\/\/progettotouring.it\/radiotouring104\/2026\/04\/28\/taurianova-oggi-linaugurazione-della-sede-di-biasi\/\"]}]},{\"@type\":\"ImageObject\",\"inLanguage\":\"it-IT\",\"@id\":\"https:\/\/progettotouring.it\/radiotouring104\/2026\/04\/28\/taurianova-oggi-linaugurazione-della-sede-di-biasi\/#primaryimage\",\"url\":\"https:\/\/progettotouring.it\/radiotouring104\/wp-content\/uploads\/sites\/6\/2026\/04\/Roy-Biasi-3.jpg\",\"contentUrl\":\"https:\/\/progettotouring.it\/radiotouring104\/wp-content\/uploads\/sites\/6\/2026\/04\/Roy-Biasi-3.jpg\",\"width\":402,\"height\":337},{\"@type\":\"BreadcrumbList\",\"@id\":\"https:\/\/progettotouring.it\/radiotouring104\/2026\/04\/28\/taurianova-oggi-linaugurazione-della-sede-di-biasi\/#breadcrumb\",\"itemListElement\":[{\"@type\":\"ListItem\",\"position\":1,\"name\":\"Home\",\"item\":\"https:\/\/progettotouring.it\/radiotouring104\/\"},{\"@type\":\"ListItem\",\"position\":2,\"name\":\"Taurianova: oggi l&#8217;inaugurazione della sede di Biasi\"}]},{\"@type\":\"WebSite\",\"@id\":\"https:\/\/progettotouring.it\/radiotouring104\/#website\",\"url\":\"https:\/\/progettotouring.it\/radiotouring104\/\",\"name\":\"Radio Touring 104\",\"description\":\"La prima radio Reggina\",\"publisher\":{\"@id\":\"https:\/\/progettotouring.it\/radiotouring104\/#organization\"},\"potentialAction\":[{\"@type\":\"SearchAction\",\"target\":{\"@type\":\"EntryPoint\",\"urlTemplate\":\"https:\/\/progettotouring.it\/radiotouring104\/?s={search_term_string}\"},\"query-input\":{\"@type\":\"PropertyValueSpecification\",\"valueRequired\":true,\"valueName\":\"search_term_string\"}}],\"inLanguage\":\"it-IT\"},{\"@type\":\"Organization\",\"@id\":\"https:\/\/progettotouring.it\/radiotouring104\/#organization\",\"name\":\"Radio Touring 104\",\"url\":\"https:\/\/progettotouring.it\/radiotouring104\/\",\"logo\":{\"@type\":\"ImageObject\",\"inLanguage\":\"it-IT\",\"@id\":\"https:\/\/progettotouring.it\/radiotouring104\/#\/schema\/logo\/image\/\",\"url\":\"https:\/\/progettotouring.it\/radiotouring104\/wp-content\/uploads\/sites\/6\/2022\/02\/cropped-logo-radio-touring-104.png\",\"contentUrl\":\"https:\/\/progettotouring.it\/radiotouring104\/wp-content\/uploads\/sites\/6\/2022\/02\/cropped-logo-radio-touring-104.png\",\"width\":377,\"height\":182,\"caption\":\"Radio Touring 104\"},\"image\":{\"@id\":\"https:\/\/progettotouring.it\/radiotouring104\/#\/schema\/logo\/image\/\"}},{\"@type\":\"Person\",\"@id\":\"https:\/\/progettotouring.it\/radiotouring104\/#\/schema\/person\/1b3eb3c07c47136bc44c785c543e635f\",\"name\":\"redazione\",\"image\":{\"@type\":\"ImageObject\",\"inLanguage\":\"it-IT\",\"@id\":\"https:\/\/secure.gravatar.com\/avatar\/0b31605b49f100769e8b624b3e05de1b73e1692e9568a352f60f53fd072e6e11?s=96&d=mm&r=g\",\"url\":\"https:\/\/secure.gravatar.com\/avatar\/0b31605b49f100769e8b624b3e05de1b73e1692e9568a352f60f53fd072e6e11?s=96&d=mm&r=g\",\"contentUrl\":\"https:\/\/secure.gravatar.com\/avatar\/0b31605b49f100769e8b624b3e05de1b73e1692e9568a352f60f53fd072e6e11?s=96&d=mm&r=g\",\"caption\":\"redazione\"},\"url\":\"https:\/\/progettotouring.it\/radiotouring104\/author\/redazione\/\"}]}<\/script>\n<!-- \/ Yoast SEO plugin. -->","yoast_head_json":{"title":"Taurianova: oggi l'inaugurazione della sede di Biasi - Radio Touring 104","description":"Attesi all'inaugurazione della sede del Sindaco uscente, candidato nel Centrodestra, Cannizzaro, Liriti, Cirillo e Mattiani","robots":{"index":"index","follow":"follow","max-snippet":"max-snippet:-1","max-image-preview":"max-image-preview:large","max-video-preview":"max-video-preview:-1"},"canonical":"https:\/\/progettotouring.it\/radiotouring104\/2026\/04\/28\/taurianova-oggi-linaugurazione-della-sede-di-biasi\/","og_locale":"it_IT","og_type":"article","og_title":"Taurianova: oggi l'inaugurazione della sede di Biasi - Radio Touring 104","og_description":"Attesi all'inaugurazione della sede del Sindaco uscente, candidato nel Centrodestra, Cannizzaro, Liriti, Cirillo e Mattiani","og_url":"https:\/\/progettotouring.it\/radiotouring104\/2026\/04\/28\/taurianova-oggi-linaugurazione-della-sede-di-biasi\/","og_site_name":"Radio Touring 104","article_published_time":"2026-04-28T09:35:32+00:00","article_modified_time":"2026-04-28T10:41:15+00:00","og_image":[{"width":402,"height":337,"url":"https:\/\/progettotouring.it\/radiotouring104\/wp-content\/uploads\/sites\/6\/2026\/04\/Roy-Biasi-3.jpg","type":"image\/jpeg"}],"author":"redazione","twitter_card":"summary_large_image","twitter_misc":{"Scritto da":"redazione","Tempo di lettura stimato":"2 minuti"},"schema":{"@context":"https:\/\/schema.org","@graph":[{"@type":"Article","@id":"https:\/\/progettotouring.it\/radiotouring104\/2026\/04\/28\/taurianova-oggi-linaugurazione-della-sede-di-biasi\/#article","isPartOf":{"@id":"https:\/\/progettotouring.it\/radiotouring104\/2026\/04\/28\/taurianova-oggi-linaugurazione-della-sede-di-biasi\/"},"author":{"name":"redazione","@id":"https:\/\/progettotouring.it\/radiotouring104\/#\/schema\/person\/1b3eb3c07c47136bc44c785c543e635f"},"headline":"Taurianova: oggi l&#8217;inaugurazione della sede di Biasi","datePublished":"2026-04-28T09:35:32+00:00","dateModified":"2026-04-28T10:41:15+00:00","mainEntityOfPage":{"@id":"https:\/\/progettotouring.it\/radiotouring104\/2026\/04\/28\/taurianova-oggi-linaugurazione-della-sede-di-biasi\/"},"wordCount":398,"publisher":{"@id":"https:\/\/progettotouring.it\/radiotouring104\/#organization"},"image":{"@id":"https:\/\/progettotouring.it\/radiotouring104\/2026\/04\/28\/taurianova-oggi-linaugurazione-della-sede-di-biasi\/#primaryimage"},"thumbnailUrl":"https:\/\/progettotouring.it\/radiotouring104\/wp-content\/uploads\/sites\/6\/2026\/04\/Roy-Biasi-3.jpg","keywords":["cannizzaro francesco","Daniela Liriti","Elezioni","inaugurazione sede","Roy Biasi","Taurianova"],"articleSection":["Home","News","Reggio Calabria"],"inLanguage":"it-IT"},{"@type":"WebPage","@id":"https:\/\/progettotouring.it\/radiotouring104\/2026\/04\/28\/taurianova-oggi-linaugurazione-della-sede-di-biasi\/","url":"https:\/\/progettotouring.it\/radiotouring104\/2026\/04\/28\/taurianova-oggi-linaugurazione-della-sede-di-biasi\/","name":"Taurianova: oggi l'inaugurazione della sede di Biasi - Radio Touring 104","isPartOf":{"@id":"https:\/\/progettotouring.it\/radiotouring104\/#website"},"primaryImageOfPage":{"@id":"https:\/\/progettotouring.it\/radiotouring104\/2026\/04\/28\/taurianova-oggi-linaugurazione-della-sede-di-biasi\/#primaryimage"},"image":{"@id":"https:\/\/progettotouring.it\/radiotouring104\/2026\/04\/28\/taurianova-oggi-linaugurazione-della-sede-di-biasi\/#primaryimage"},"thumbnailUrl":"https:\/\/progettotouring.it\/radiotouring104\/wp-content\/uploads\/sites\/6\/2026\/04\/Roy-Biasi-3.jpg","datePublished":"2026-04-28T09:35:32+00:00","dateModified":"2026-04-28T10:41:15+00:00","description":"Attesi all'inaugurazione della sede del Sindaco uscente, candidato nel Centrodestra, Cannizzaro, Liriti, Cirillo e Mattiani","breadcrumb":{"@id":"https:\/\/progettotouring.it\/radiotouring104\/2026\/04\/28\/taurianova-oggi-linaugurazione-della-sede-di-biasi\/#breadcrumb"},"inLanguage":"it-IT","potentialAction":[{"@type":"ReadAction","target":["https:\/\/progettotouring.it\/radiotouring104\/2026\/04\/28\/taurianova-oggi-linaugurazione-della-sede-di-biasi\/"]}]},{"@type":"ImageObject","inLanguage":"it-IT","@id":"https:\/\/progettotouring.it\/radiotouring104\/2026\/04\/28\/taurianova-oggi-linaugurazione-della-sede-di-biasi\/#primaryimage","url":"https:\/\/progettotouring.it\/radiotouring104\/wp-content\/uploads\/sites\/6\/2026\/04\/Roy-Biasi-3.jpg","contentUrl":"https:\/\/progettotouring.it\/radiotouring104\/wp-content\/uploads\/sites\/6\/2026\/04\/Roy-Biasi-3.jpg","width":402,"height":337},{"@type":"BreadcrumbList","@id":"https:\/\/progettotouring.it\/radiotouring104\/2026\/04\/28\/taurianova-oggi-linaugurazione-della-sede-di-biasi\/#breadcrumb","itemListElement":[{"@type":"ListItem","position":1,"name":"Home","item":"https:\/\/progettotouring.it\/radiotouring104\/"},{"@type":"ListItem","position":2,"name":"Taurianova: oggi l&#8217;inaugurazione della sede di Biasi"}]},{"@type":"WebSite","@id":"https:\/\/progettotouring.it\/radiotouring104\/#website","url":"https:\/\/progettotouring.it\/radiotouring104\/","name":"Radio Touring 104","description":"La prima radio Reggina","publisher":{"@id":"https:\/\/progettotouring.it\/radiotouring104\/#organization"},"potentialAction":[{"@type":"SearchAction","target":{"@type":"EntryPoint","urlTemplate":"https:\/\/progettotouring.it\/radiotouring104\/?s={search_term_string}"},"query-input":{"@type":"PropertyValueSpecification","valueRequired":true,"valueName":"search_term_string"}}],"inLanguage":"it-IT"},{"@type":"Organization","@id":"https:\/\/progettotouring.it\/radiotouring104\/#organization","name":"Radio Touring 104","url":"https:\/\/progettotouring.it\/radiotouring104\/","logo":{"@type":"ImageObject","inLanguage":"it-IT","@id":"https:\/\/progettotouring.it\/radiotouring104\/#\/schema\/logo\/image\/","url":"https:\/\/progettotouring.it\/radiotouring104\/wp-content\/uploads\/sites\/6\/2022\/02\/cropped-logo-radio-touring-104.png","contentUrl":"https:\/\/progettotouring.it\/radiotouring104\/wp-content\/uploads\/sites\/6\/2022\/02\/cropped-logo-radio-touring-104.png","width":377,"height":182,"caption":"Radio Touring 104"},"image":{"@id":"https:\/\/progettotouring.it\/radiotouring104\/#\/schema\/logo\/image\/"}},{"@type":"Person","@id":"https:\/\/progettotouring.it\/radiotouring104\/#\/schema\/person\/1b3eb3c07c47136bc44c785c543e635f","name":"redazione","image":{"@type":"ImageObject","inLanguage":"it-IT","@id":"https:\/\/secure.gravatar.com\/avatar\/0b31605b49f100769e8b624b3e05de1b73e1692e9568a352f60f53fd072e6e11?s=96&d=mm&r=g","url":"https:\/\/secure.gravatar.com\/avatar\/0b31605b49f100769e8b624b3e05de1b73e1692e9568a352f60f53fd072e6e11?s=96&d=mm&r=g","contentUrl":"https:\/\/secure.gravatar.com\/avatar\/0b31605b49f100769e8b624b3e05de1b73e1692e9568a352f60f53fd072e6e11?s=96&d=mm&r=g","caption":"redazione"},"url":"https:\/\/progettotouring.it\/radiotouring104\/author\/redazione\/"}]}},"jetpack_publicize_connections":[],"jetpack_featured_media_url":"https:\/\/progettotouring.it\/radiotouring104\/wp-content\/uploads\/sites\/6\/2026\/04\/Roy-Biasi-3.jpg","jetpack_sharing_enabled":true,"_links":{"self":[{"href":"https:\/\/progettotouring.it\/radiotouring104\/wp-json\/wp\/v2\/posts\/94507","targetHints":{"allow":["GET"]}}],"collection":[{"href":"https:\/\/progettotouring.it\/radiotouring104\/wp-json\/wp\/v2\/posts"}],"about":[{"href":"https:\/\/progettotouring.it\/radiotouring104\/wp-json\/wp\/v2\/types\/post"}],"author":[{"embeddable":true,"href":"https:\/\/progettotouring.it\/radiotouring104\/wp-json\/wp\/v2\/users\/5"}],"replies":[{"embeddable":true,"href":"https:\/\/progettotouring.it\/radiotouring104\/wp-json\/wp\/v2\/comments?post=94507"}],"version-history":[{"count":1,"href":"https:\/\/progettotouring.it\/radiotouring104\/wp-json\/wp\/v2\/posts\/94507\/revisions"}],"predecessor-version":[{"id":94509,"href":"https:\/\/progettotouring.it\/radiotouring104\/wp-json\/wp\/v2\/posts\/94507\/revisions\/94509"}],"wp:featuredmedia":[{"embeddable":true,"href":"https:\/\/progettotouring.it\/radiotouring104\/wp-json\/wp\/v2\/media\/94508"}],"wp:attachment":[{"href":"https:\/\/progettotouring.it\/radiotouring104\/wp-json\/wp\/v2\/media?parent=94507"}],"wp:term":[{"taxonomy":"category","embeddable":true,"href":"https:\/\/progettotouring.it\/radiotouring104\/wp-json\/wp\/v2\/categories?post=94507"},{"taxonomy":"post_tag","embeddable":true,"href":"https:\/\/progettotouring.it\/radiotouring104\/wp-json\/wp\/v2\/tags?post=94507"}],"curies":[{"name":"wp","href":"https:\/\/api.w.org\/{rel}","templated":true}]}}