{"id":94515,"date":"2026-04-28T12:12:41","date_gmt":"2026-04-28T10:12:41","guid":{"rendered":"https:\/\/progettotouring.it\/radiotouring104\/?p=94515"},"modified":"2026-04-28T12:41:05","modified_gmt":"2026-04-28T10:41:05","slug":"radici-come-responsabilita-musica-come-relazione-dentro-il-percorso-artistico-di-fabio-macagnino","status":"publish","type":"post","link":"https:\/\/progettotouring.it\/radiotouring104\/2026\/04\/28\/radici-come-responsabilita-musica-come-relazione-dentro-il-percorso-artistico-di-fabio-macagnino\/","title":{"rendered":"Radici come responsabilit\u00e0, musica come relazione: dentro il percorso artistico di Fabio Macagnino\u00a0"},"content":{"rendered":"<p><strong>Radici come responsabilit\u00e0, musica come relazione: dentro il percorso artistico di Fabio Macagnino\u00a0<\/strong><\/p>\n<p>In un panorama musicale spesso dominato da logiche di mercato e semplificazione, c\u2019\u00e8 chi sceglie una strada pi\u00f9 complessa, ma anche pi\u00f9 autentica. Un percorso in cui identit\u00e0, territorio e relazione non sono elementi da esibire, ma pratiche quotidiane che attraversano la musica in modo naturale. In questa intervista, l\u2019artista racconta il proprio approccio creativo, il rapporto con il pubblico e la genesi di\u00a0<em>BIOMA<\/em>, un lavoro che segna una tappa importante del suo percorso.<\/p>\n<p><strong>Il tuo progetto musicale affonda nelle radici del territorio: quanto \u00e8 centrale l\u2019identit\u00e0 culturale nella tua produzione artistica?<\/strong><br \/>\nL\u2019identit\u00e0 non mi interessa dichiararla, ma praticarla. Non \u00e8 una bandiera, \u00e8 una responsabilit\u00e0. Stare in un luogo, per me, significa accettare che quel luogo ti metta in discussione. Se entra nella musica, entra perch\u00e9 \u00e8 gi\u00e0 dentro il mio modo di vivere, non perch\u00e9 devo rappresentare qualcosa. Le radici non sono un rifugio, le vivo pi\u00f9 come una responsabilit\u00e0. E questa responsabilit\u00e0, per me, ha a che fare anche con il modo in cui si costruiscono relazioni.<\/p>\n<p><strong>La tua musica sembra muoversi tra tradizione e innovazione: \u00e8 una scelta consapevole o un processo naturale?<\/strong><br \/>\n\u00c8 qualcosa che mi attraversa pi\u00f9 che una scelta. Ha a che fare con l\u2019aria che respiro, con la luce, con il modo in cui i luoghi mi restano addosso. Non \u00e8 un discorso che faccio a tavolino, \u00e8 pi\u00f9 una forma di osmosi. Non mi interessa conservare n\u00e9 forzare rotture: mi interessa restare dentro il movimento, evitare di diventare rigido. Cerco qualcosa che resti vivo.<\/p>\n<p><strong>Nei tuoi brani emerge spesso una forte componente narrativa: quanto conta per te il racconto nella scrittura musicale?<\/strong><br \/>\nPer me il racconto non \u00e8 mai lineare. Non parto da una storia da spiegare, ma da una tensione che chiede forma. Le parole arrivano insieme alla musica e spesso si chiariscono solo dopo. Il teatro mi ha insegnato a lavorare su possibilit\u00e0: quando costruisci un personaggio non stai raccontando te stesso, ma una versione possibile di te. Non mi interessa chiudere il senso, ma lasciare spazio a chi ascolta.<\/p>\n<p><strong>In un panorama musicale sempre pi\u00f9 globalizzato, quale spazio credi ci sia oggi per una proposta legata alle tradizioni locali?<\/strong><br \/>\nLo spazio c\u2019\u00e8, ma non \u00e8 garantito. Se certe cose diventano un\u2019immagine da esibire, si svuotano. Se invece restano vive, continuano a parlare. Non \u00e8 una questione di locale o globale, ma di necessit\u00e0. Il rischio oggi \u00e8 diventare lisci, senza attrito. Per questo \u00e8 fondamentale restare complessi.<\/p>\n<p><strong>Quali sono stati i momenti chiave che hanno segnato l\u2019evoluzione del tuo percorso artistico?<\/strong><br \/>\nPi\u00f9 che momenti, parlerei di passaggi.\u00a0<em>BIOMA<\/em>\u00a0nasce dentro uno di questi: \u00e8 un live registrato al Teatro Cilea di Reggio Calabria, gi\u00e0 in preorder, pensato come un\u2019esperienza condivisa. \u00c8 stato possibile anche grazie a una realt\u00e0 come Publidema, che ha scelto di accompagnare il lavoro senza trasformarlo. Alcuni progetti nascono perch\u00e9 qualcuno ti lascia essere.<\/p>\n<p><strong>Il rapporto con il pubblico quanto incide sulle tue scelte creative?<\/strong><br \/>\nMolto, ma non nel senso di adattarmi. Il pubblico non \u00e8 qualcosa da raggiungere, ma da costruire. La musica \u00e8 un mezzo: il fine \u00e8 ci\u00f2 che accade tra le persone. Quando funziona, si crea uno spazio di convivialit\u00e0 in cui cadono le distanze. \u00c8 l\u00ec che il lavoro smette di essere solo tuo.<\/p>\n<p><strong>Dal punto di vista produttivo, come nasce un tuo brano?<\/strong><br \/>\nAll\u2019inizio c\u2019\u00e8 l\u2019intuizione di un finale. Mi ritrovo molto nell\u2019idea di Edgar Allan Poe: partire dall\u2019effetto che vuoi ottenere. Anche se il percorso non \u00e8 chiaro, la direzione c\u2019\u00e8. Poi arriva il lavoro pi\u00f9 preciso: togliere, spostare, lasciare spazio. Non mi interessa riempire, ma arrivare a ci\u00f2 che resta quando togli tutto il superfluo.<\/p>\n<p><strong>Guardando alla tua discografia, c\u2019\u00e8 un lavoro che consideri particolarmente rappresentativo?<\/strong><br \/>\nOgni disco \u00e8 un passaggio.\u00a0<em>BIOMA<\/em>\u00a0tiene insieme molte cose: musica, spazio, persone. \u00c8 un live, ma anche un processo. Non \u00e8 un lavoro chiuso: continua a cambiare anche dopo essere stato fatto.<\/p>\n<p><strong>Hai mai sentito l\u2019esigenza di cambiare direzione per raggiungere un pubblico pi\u00f9 ampio?<\/strong><br \/>\nNo, perch\u00e9 non funziona cos\u00ec. Se cambi per piacere, rischi di perdere il motivo per cui hai iniziato. Il punto non \u00e8 allargare, ma approfondire. Se quello che fai \u00e8 vero, trova le persone giuste.<\/p>\n<p><strong>Quali sono le prospettive future del tuo progetto?<\/strong><br \/>\nContinuare senza irrigidirsi. Lavorare ancora su musica, spazio e relazione.\u00a0<em>BIOMA<\/em>\u00a0\u00e8 una soglia, non un arrivo. Con Movimento Terra stiamo costruendo un percorso condiviso, mentre con Publidema lavoriamo alla nuova stagione di concerti. Intanto nascono nuovi brani, che verranno da questo cammino, ma senza ripeterlo. In un\u2019epoca che tende a semplificare, questa visione artistica rivendica la complessit\u00e0 come valore. Non per distinguersi, ma per restare fedele a un\u2019esigenza profonda: fare della musica uno spazio vivo, in cui le radici non siano un limite, ma una responsabilit\u00e0 da attraversare.<\/p>\n","protected":false},"excerpt":{"rendered":"<p>Radici come responsabilit\u00e0, musica come relazione: dentro il percorso artistico di Fabio Macagnino\u00a0 In un panorama musicale spesso dominato da logiche di mercato e semplificazione, c\u2019\u00e8 chi sceglie una strada&hellip;<\/p>\n","protected":false},"author":5,"featured_media":94516,"comment_status":"closed","ping_status":"open","sticky":false,"template":"","format":"standard","meta":{"_jetpack_memberships_contains_paid_content":false,"footnotes":"","jetpack_publicize_message":"","jetpack_publicize_feature_enabled":true,"jetpack_social_post_already_shared":true,"jetpack_social_options":{"image_generator_settings":{"template":"highway","default_image_id":0,"font":"","enabled":false},"version":2}},"categories":[146,196,140],"tags":[19730,603,53231,49599,53230],"class_list":["post-94515","post","type-post","status-publish","format-standard","has-post-thumbnail","hentry","category-musica","category-news","category-reggio-calabria","tag-fabio-macagnino","tag-intervista","tag-musica-come-relazione","tag-publidema-eventi-musicali","tag-radici-come-responsabilita"],"yoast_head":"<!-- This site is optimized with the Yoast SEO plugin v27.2 - https:\/\/yoast.com\/product\/yoast-seo-wordpress\/ -->\n<title>Fabio Macagnino racconta BIOMA<\/title>\n<meta name=\"description\" content=\"In un&#039;intervista a Publidema Eventi Musicali, Fabio Macagnino racconta Bioma, la sua idea di musica,come strumento di relazione\" \/>\n<meta name=\"robots\" content=\"index, follow, max-snippet:-1, max-image-preview:large, max-video-preview:-1\" \/>\n<link rel=\"canonical\" href=\"https:\/\/progettotouring.it\/radiotouring104\/2026\/04\/28\/radici-come-responsabilita-musica-come-relazione-dentro-il-percorso-artistico-di-fabio-macagnino\/\" \/>\n<meta property=\"og:locale\" content=\"it_IT\" \/>\n<meta property=\"og:type\" content=\"article\" \/>\n<meta property=\"og:title\" content=\"Fabio Macagnino racconta BIOMA\" \/>\n<meta property=\"og:description\" content=\"In un&#039;intervista a Publidema Eventi Musicali, Fabio Macagnino racconta Bioma, la sua idea di musica,come strumento di relazione\" \/>\n<meta property=\"og:url\" content=\"https:\/\/progettotouring.it\/radiotouring104\/2026\/04\/28\/radici-come-responsabilita-musica-come-relazione-dentro-il-percorso-artistico-di-fabio-macagnino\/\" \/>\n<meta property=\"og:site_name\" content=\"Radio Touring 104\" \/>\n<meta property=\"article:published_time\" content=\"2026-04-28T10:12:41+00:00\" \/>\n<meta property=\"article:modified_time\" content=\"2026-04-28T10:41:05+00:00\" \/>\n<meta property=\"og:image\" content=\"https:\/\/progettotouring.it\/radiotouring104\/wp-content\/uploads\/sites\/6\/2026\/04\/Fabio-Macagnino-BIOMA.jpg\" \/>\n\t<meta property=\"og:image:width\" content=\"2048\" \/>\n\t<meta property=\"og:image:height\" content=\"1568\" \/>\n\t<meta property=\"og:image:type\" content=\"image\/jpeg\" \/>\n<meta name=\"author\" content=\"redazione\" \/>\n<meta name=\"twitter:card\" content=\"summary_large_image\" \/>\n<meta name=\"twitter:label1\" content=\"Scritto da\" \/>\n\t<meta name=\"twitter:data1\" content=\"redazione\" \/>\n\t<meta name=\"twitter:label2\" content=\"Tempo di lettura stimato\" \/>\n\t<meta name=\"twitter:data2\" content=\"4 minuti\" \/>\n<script type=\"application\/ld+json\" class=\"yoast-schema-graph\">{\"@context\":\"https:\/\/schema.org\",\"@graph\":[{\"@type\":\"Article\",\"@id\":\"https:\/\/progettotouring.it\/radiotouring104\/2026\/04\/28\/radici-come-responsabilita-musica-come-relazione-dentro-il-percorso-artistico-di-fabio-macagnino\/#article\",\"isPartOf\":{\"@id\":\"https:\/\/progettotouring.it\/radiotouring104\/2026\/04\/28\/radici-come-responsabilita-musica-come-relazione-dentro-il-percorso-artistico-di-fabio-macagnino\/\"},\"author\":{\"name\":\"redazione\",\"@id\":\"https:\/\/progettotouring.it\/radiotouring104\/#\/schema\/person\/1b3eb3c07c47136bc44c785c543e635f\"},\"headline\":\"Radici come responsabilit\u00e0, musica come relazione: dentro il percorso artistico di Fabio Macagnino\u00a0\",\"datePublished\":\"2026-04-28T10:12:41+00:00\",\"dateModified\":\"2026-04-28T10:41:05+00:00\",\"mainEntityOfPage\":{\"@id\":\"https:\/\/progettotouring.it\/radiotouring104\/2026\/04\/28\/radici-come-responsabilita-musica-come-relazione-dentro-il-percorso-artistico-di-fabio-macagnino\/\"},\"wordCount\":812,\"publisher\":{\"@id\":\"https:\/\/progettotouring.it\/radiotouring104\/#organization\"},\"image\":{\"@id\":\"https:\/\/progettotouring.it\/radiotouring104\/2026\/04\/28\/radici-come-responsabilita-musica-come-relazione-dentro-il-percorso-artistico-di-fabio-macagnino\/#primaryimage\"},\"thumbnailUrl\":\"https:\/\/progettotouring.it\/radiotouring104\/wp-content\/uploads\/sites\/6\/2026\/04\/Fabio-Macagnino-BIOMA.jpg\",\"keywords\":[\"Fabio Macagnino\",\"intervista\",\"musica come relazione\",\"Publidema Eventi Musicali\",\"Radici come responsabilit\u00e0\"],\"articleSection\":[\"Musica\",\"News\",\"Reggio Calabria\"],\"inLanguage\":\"it-IT\"},{\"@type\":\"WebPage\",\"@id\":\"https:\/\/progettotouring.it\/radiotouring104\/2026\/04\/28\/radici-come-responsabilita-musica-come-relazione-dentro-il-percorso-artistico-di-fabio-macagnino\/\",\"url\":\"https:\/\/progettotouring.it\/radiotouring104\/2026\/04\/28\/radici-come-responsabilita-musica-come-relazione-dentro-il-percorso-artistico-di-fabio-macagnino\/\",\"name\":\"Fabio Macagnino racconta BIOMA\",\"isPartOf\":{\"@id\":\"https:\/\/progettotouring.it\/radiotouring104\/#website\"},\"primaryImageOfPage\":{\"@id\":\"https:\/\/progettotouring.it\/radiotouring104\/2026\/04\/28\/radici-come-responsabilita-musica-come-relazione-dentro-il-percorso-artistico-di-fabio-macagnino\/#primaryimage\"},\"image\":{\"@id\":\"https:\/\/progettotouring.it\/radiotouring104\/2026\/04\/28\/radici-come-responsabilita-musica-come-relazione-dentro-il-percorso-artistico-di-fabio-macagnino\/#primaryimage\"},\"thumbnailUrl\":\"https:\/\/progettotouring.it\/radiotouring104\/wp-content\/uploads\/sites\/6\/2026\/04\/Fabio-Macagnino-BIOMA.jpg\",\"datePublished\":\"2026-04-28T10:12:41+00:00\",\"dateModified\":\"2026-04-28T10:41:05+00:00\",\"description\":\"In un'intervista a Publidema Eventi Musicali, Fabio Macagnino racconta Bioma, la sua idea di musica,come strumento di relazione\",\"breadcrumb\":{\"@id\":\"https:\/\/progettotouring.it\/radiotouring104\/2026\/04\/28\/radici-come-responsabilita-musica-come-relazione-dentro-il-percorso-artistico-di-fabio-macagnino\/#breadcrumb\"},\"inLanguage\":\"it-IT\",\"potentialAction\":[{\"@type\":\"ReadAction\",\"target\":[\"https:\/\/progettotouring.it\/radiotouring104\/2026\/04\/28\/radici-come-responsabilita-musica-come-relazione-dentro-il-percorso-artistico-di-fabio-macagnino\/\"]}]},{\"@type\":\"ImageObject\",\"inLanguage\":\"it-IT\",\"@id\":\"https:\/\/progettotouring.it\/radiotouring104\/2026\/04\/28\/radici-come-responsabilita-musica-come-relazione-dentro-il-percorso-artistico-di-fabio-macagnino\/#primaryimage\",\"url\":\"https:\/\/progettotouring.it\/radiotouring104\/wp-content\/uploads\/sites\/6\/2026\/04\/Fabio-Macagnino-BIOMA.jpg\",\"contentUrl\":\"https:\/\/progettotouring.it\/radiotouring104\/wp-content\/uploads\/sites\/6\/2026\/04\/Fabio-Macagnino-BIOMA.jpg\",\"width\":2048,\"height\":1568},{\"@type\":\"BreadcrumbList\",\"@id\":\"https:\/\/progettotouring.it\/radiotouring104\/2026\/04\/28\/radici-come-responsabilita-musica-come-relazione-dentro-il-percorso-artistico-di-fabio-macagnino\/#breadcrumb\",\"itemListElement\":[{\"@type\":\"ListItem\",\"position\":1,\"name\":\"Home\",\"item\":\"https:\/\/progettotouring.it\/radiotouring104\/\"},{\"@type\":\"ListItem\",\"position\":2,\"name\":\"Radici come responsabilit\u00e0, musica come relazione: dentro il percorso artistico di Fabio Macagnino\u00a0\"}]},{\"@type\":\"WebSite\",\"@id\":\"https:\/\/progettotouring.it\/radiotouring104\/#website\",\"url\":\"https:\/\/progettotouring.it\/radiotouring104\/\",\"name\":\"Radio Touring 104\",\"description\":\"La prima radio Reggina\",\"publisher\":{\"@id\":\"https:\/\/progettotouring.it\/radiotouring104\/#organization\"},\"potentialAction\":[{\"@type\":\"SearchAction\",\"target\":{\"@type\":\"EntryPoint\",\"urlTemplate\":\"https:\/\/progettotouring.it\/radiotouring104\/?s={search_term_string}\"},\"query-input\":{\"@type\":\"PropertyValueSpecification\",\"valueRequired\":true,\"valueName\":\"search_term_string\"}}],\"inLanguage\":\"it-IT\"},{\"@type\":\"Organization\",\"@id\":\"https:\/\/progettotouring.it\/radiotouring104\/#organization\",\"name\":\"Radio Touring 104\",\"url\":\"https:\/\/progettotouring.it\/radiotouring104\/\",\"logo\":{\"@type\":\"ImageObject\",\"inLanguage\":\"it-IT\",\"@id\":\"https:\/\/progettotouring.it\/radiotouring104\/#\/schema\/logo\/image\/\",\"url\":\"https:\/\/progettotouring.it\/radiotouring104\/wp-content\/uploads\/sites\/6\/2022\/02\/cropped-logo-radio-touring-104.png\",\"contentUrl\":\"https:\/\/progettotouring.it\/radiotouring104\/wp-content\/uploads\/sites\/6\/2022\/02\/cropped-logo-radio-touring-104.png\",\"width\":377,\"height\":182,\"caption\":\"Radio Touring 104\"},\"image\":{\"@id\":\"https:\/\/progettotouring.it\/radiotouring104\/#\/schema\/logo\/image\/\"}},{\"@type\":\"Person\",\"@id\":\"https:\/\/progettotouring.it\/radiotouring104\/#\/schema\/person\/1b3eb3c07c47136bc44c785c543e635f\",\"name\":\"redazione\",\"image\":{\"@type\":\"ImageObject\",\"inLanguage\":\"it-IT\",\"@id\":\"https:\/\/secure.gravatar.com\/avatar\/0b31605b49f100769e8b624b3e05de1b73e1692e9568a352f60f53fd072e6e11?s=96&d=mm&r=g\",\"url\":\"https:\/\/secure.gravatar.com\/avatar\/0b31605b49f100769e8b624b3e05de1b73e1692e9568a352f60f53fd072e6e11?s=96&d=mm&r=g\",\"contentUrl\":\"https:\/\/secure.gravatar.com\/avatar\/0b31605b49f100769e8b624b3e05de1b73e1692e9568a352f60f53fd072e6e11?s=96&d=mm&r=g\",\"caption\":\"redazione\"},\"url\":\"https:\/\/progettotouring.it\/radiotouring104\/author\/redazione\/\"}]}<\/script>\n<!-- \/ Yoast SEO plugin. -->","yoast_head_json":{"title":"Fabio Macagnino racconta BIOMA","description":"In un'intervista a Publidema Eventi Musicali, Fabio Macagnino racconta Bioma, la sua idea di musica,come strumento di relazione","robots":{"index":"index","follow":"follow","max-snippet":"max-snippet:-1","max-image-preview":"max-image-preview:large","max-video-preview":"max-video-preview:-1"},"canonical":"https:\/\/progettotouring.it\/radiotouring104\/2026\/04\/28\/radici-come-responsabilita-musica-come-relazione-dentro-il-percorso-artistico-di-fabio-macagnino\/","og_locale":"it_IT","og_type":"article","og_title":"Fabio Macagnino racconta BIOMA","og_description":"In un'intervista a Publidema Eventi Musicali, Fabio Macagnino racconta Bioma, la sua idea di musica,come strumento di relazione","og_url":"https:\/\/progettotouring.it\/radiotouring104\/2026\/04\/28\/radici-come-responsabilita-musica-come-relazione-dentro-il-percorso-artistico-di-fabio-macagnino\/","og_site_name":"Radio Touring 104","article_published_time":"2026-04-28T10:12:41+00:00","article_modified_time":"2026-04-28T10:41:05+00:00","og_image":[{"width":2048,"height":1568,"url":"https:\/\/progettotouring.it\/radiotouring104\/wp-content\/uploads\/sites\/6\/2026\/04\/Fabio-Macagnino-BIOMA.jpg","type":"image\/jpeg"}],"author":"redazione","twitter_card":"summary_large_image","twitter_misc":{"Scritto da":"redazione","Tempo di lettura stimato":"4 minuti"},"schema":{"@context":"https:\/\/schema.org","@graph":[{"@type":"Article","@id":"https:\/\/progettotouring.it\/radiotouring104\/2026\/04\/28\/radici-come-responsabilita-musica-come-relazione-dentro-il-percorso-artistico-di-fabio-macagnino\/#article","isPartOf":{"@id":"https:\/\/progettotouring.it\/radiotouring104\/2026\/04\/28\/radici-come-responsabilita-musica-come-relazione-dentro-il-percorso-artistico-di-fabio-macagnino\/"},"author":{"name":"redazione","@id":"https:\/\/progettotouring.it\/radiotouring104\/#\/schema\/person\/1b3eb3c07c47136bc44c785c543e635f"},"headline":"Radici come responsabilit\u00e0, musica come relazione: dentro il percorso artistico di Fabio Macagnino\u00a0","datePublished":"2026-04-28T10:12:41+00:00","dateModified":"2026-04-28T10:41:05+00:00","mainEntityOfPage":{"@id":"https:\/\/progettotouring.it\/radiotouring104\/2026\/04\/28\/radici-come-responsabilita-musica-come-relazione-dentro-il-percorso-artistico-di-fabio-macagnino\/"},"wordCount":812,"publisher":{"@id":"https:\/\/progettotouring.it\/radiotouring104\/#organization"},"image":{"@id":"https:\/\/progettotouring.it\/radiotouring104\/2026\/04\/28\/radici-come-responsabilita-musica-come-relazione-dentro-il-percorso-artistico-di-fabio-macagnino\/#primaryimage"},"thumbnailUrl":"https:\/\/progettotouring.it\/radiotouring104\/wp-content\/uploads\/sites\/6\/2026\/04\/Fabio-Macagnino-BIOMA.jpg","keywords":["Fabio Macagnino","intervista","musica come relazione","Publidema Eventi Musicali","Radici come responsabilit\u00e0"],"articleSection":["Musica","News","Reggio Calabria"],"inLanguage":"it-IT"},{"@type":"WebPage","@id":"https:\/\/progettotouring.it\/radiotouring104\/2026\/04\/28\/radici-come-responsabilita-musica-come-relazione-dentro-il-percorso-artistico-di-fabio-macagnino\/","url":"https:\/\/progettotouring.it\/radiotouring104\/2026\/04\/28\/radici-come-responsabilita-musica-come-relazione-dentro-il-percorso-artistico-di-fabio-macagnino\/","name":"Fabio Macagnino racconta BIOMA","isPartOf":{"@id":"https:\/\/progettotouring.it\/radiotouring104\/#website"},"primaryImageOfPage":{"@id":"https:\/\/progettotouring.it\/radiotouring104\/2026\/04\/28\/radici-come-responsabilita-musica-come-relazione-dentro-il-percorso-artistico-di-fabio-macagnino\/#primaryimage"},"image":{"@id":"https:\/\/progettotouring.it\/radiotouring104\/2026\/04\/28\/radici-come-responsabilita-musica-come-relazione-dentro-il-percorso-artistico-di-fabio-macagnino\/#primaryimage"},"thumbnailUrl":"https:\/\/progettotouring.it\/radiotouring104\/wp-content\/uploads\/sites\/6\/2026\/04\/Fabio-Macagnino-BIOMA.jpg","datePublished":"2026-04-28T10:12:41+00:00","dateModified":"2026-04-28T10:41:05+00:00","description":"In un'intervista a Publidema Eventi Musicali, Fabio Macagnino racconta Bioma, la sua idea di musica,come strumento di relazione","breadcrumb":{"@id":"https:\/\/progettotouring.it\/radiotouring104\/2026\/04\/28\/radici-come-responsabilita-musica-come-relazione-dentro-il-percorso-artistico-di-fabio-macagnino\/#breadcrumb"},"inLanguage":"it-IT","potentialAction":[{"@type":"ReadAction","target":["https:\/\/progettotouring.it\/radiotouring104\/2026\/04\/28\/radici-come-responsabilita-musica-come-relazione-dentro-il-percorso-artistico-di-fabio-macagnino\/"]}]},{"@type":"ImageObject","inLanguage":"it-IT","@id":"https:\/\/progettotouring.it\/radiotouring104\/2026\/04\/28\/radici-come-responsabilita-musica-come-relazione-dentro-il-percorso-artistico-di-fabio-macagnino\/#primaryimage","url":"https:\/\/progettotouring.it\/radiotouring104\/wp-content\/uploads\/sites\/6\/2026\/04\/Fabio-Macagnino-BIOMA.jpg","contentUrl":"https:\/\/progettotouring.it\/radiotouring104\/wp-content\/uploads\/sites\/6\/2026\/04\/Fabio-Macagnino-BIOMA.jpg","width":2048,"height":1568},{"@type":"BreadcrumbList","@id":"https:\/\/progettotouring.it\/radiotouring104\/2026\/04\/28\/radici-come-responsabilita-musica-come-relazione-dentro-il-percorso-artistico-di-fabio-macagnino\/#breadcrumb","itemListElement":[{"@type":"ListItem","position":1,"name":"Home","item":"https:\/\/progettotouring.it\/radiotouring104\/"},{"@type":"ListItem","position":2,"name":"Radici come responsabilit\u00e0, musica come relazione: dentro il percorso artistico di Fabio Macagnino\u00a0"}]},{"@type":"WebSite","@id":"https:\/\/progettotouring.it\/radiotouring104\/#website","url":"https:\/\/progettotouring.it\/radiotouring104\/","name":"Radio Touring 104","description":"La prima radio Reggina","publisher":{"@id":"https:\/\/progettotouring.it\/radiotouring104\/#organization"},"potentialAction":[{"@type":"SearchAction","target":{"@type":"EntryPoint","urlTemplate":"https:\/\/progettotouring.it\/radiotouring104\/?s={search_term_string}"},"query-input":{"@type":"PropertyValueSpecification","valueRequired":true,"valueName":"search_term_string"}}],"inLanguage":"it-IT"},{"@type":"Organization","@id":"https:\/\/progettotouring.it\/radiotouring104\/#organization","name":"Radio Touring 104","url":"https:\/\/progettotouring.it\/radiotouring104\/","logo":{"@type":"ImageObject","inLanguage":"it-IT","@id":"https:\/\/progettotouring.it\/radiotouring104\/#\/schema\/logo\/image\/","url":"https:\/\/progettotouring.it\/radiotouring104\/wp-content\/uploads\/sites\/6\/2022\/02\/cropped-logo-radio-touring-104.png","contentUrl":"https:\/\/progettotouring.it\/radiotouring104\/wp-content\/uploads\/sites\/6\/2022\/02\/cropped-logo-radio-touring-104.png","width":377,"height":182,"caption":"Radio Touring 104"},"image":{"@id":"https:\/\/progettotouring.it\/radiotouring104\/#\/schema\/logo\/image\/"}},{"@type":"Person","@id":"https:\/\/progettotouring.it\/radiotouring104\/#\/schema\/person\/1b3eb3c07c47136bc44c785c543e635f","name":"redazione","image":{"@type":"ImageObject","inLanguage":"it-IT","@id":"https:\/\/secure.gravatar.com\/avatar\/0b31605b49f100769e8b624b3e05de1b73e1692e9568a352f60f53fd072e6e11?s=96&d=mm&r=g","url":"https:\/\/secure.gravatar.com\/avatar\/0b31605b49f100769e8b624b3e05de1b73e1692e9568a352f60f53fd072e6e11?s=96&d=mm&r=g","contentUrl":"https:\/\/secure.gravatar.com\/avatar\/0b31605b49f100769e8b624b3e05de1b73e1692e9568a352f60f53fd072e6e11?s=96&d=mm&r=g","caption":"redazione"},"url":"https:\/\/progettotouring.it\/radiotouring104\/author\/redazione\/"}]}},"jetpack_publicize_connections":[],"jetpack_featured_media_url":"https:\/\/progettotouring.it\/radiotouring104\/wp-content\/uploads\/sites\/6\/2026\/04\/Fabio-Macagnino-BIOMA.jpg","jetpack_sharing_enabled":true,"_links":{"self":[{"href":"https:\/\/progettotouring.it\/radiotouring104\/wp-json\/wp\/v2\/posts\/94515","targetHints":{"allow":["GET"]}}],"collection":[{"href":"https:\/\/progettotouring.it\/radiotouring104\/wp-json\/wp\/v2\/posts"}],"about":[{"href":"https:\/\/progettotouring.it\/radiotouring104\/wp-json\/wp\/v2\/types\/post"}],"author":[{"embeddable":true,"href":"https:\/\/progettotouring.it\/radiotouring104\/wp-json\/wp\/v2\/users\/5"}],"replies":[{"embeddable":true,"href":"https:\/\/progettotouring.it\/radiotouring104\/wp-json\/wp\/v2\/comments?post=94515"}],"version-history":[{"count":1,"href":"https:\/\/progettotouring.it\/radiotouring104\/wp-json\/wp\/v2\/posts\/94515\/revisions"}],"predecessor-version":[{"id":94517,"href":"https:\/\/progettotouring.it\/radiotouring104\/wp-json\/wp\/v2\/posts\/94515\/revisions\/94517"}],"wp:featuredmedia":[{"embeddable":true,"href":"https:\/\/progettotouring.it\/radiotouring104\/wp-json\/wp\/v2\/media\/94516"}],"wp:attachment":[{"href":"https:\/\/progettotouring.it\/radiotouring104\/wp-json\/wp\/v2\/media?parent=94515"}],"wp:term":[{"taxonomy":"category","embeddable":true,"href":"https:\/\/progettotouring.it\/radiotouring104\/wp-json\/wp\/v2\/categories?post=94515"},{"taxonomy":"post_tag","embeddable":true,"href":"https:\/\/progettotouring.it\/radiotouring104\/wp-json\/wp\/v2\/tags?post=94515"}],"curies":[{"name":"wp","href":"https:\/\/api.w.org\/{rel}","templated":true}]}}