{"id":94527,"date":"2026-04-28T12:40:38","date_gmt":"2026-04-28T10:40:38","guid":{"rendered":"https:\/\/progettotouring.it\/radiotouring104\/?p=94527"},"modified":"2026-04-28T12:51:33","modified_gmt":"2026-04-28T10:51:33","slug":"domotek-de-santis-si-esalta-dopo-gara-1-vogliamo-continuare-a-brillare","status":"publish","type":"post","link":"https:\/\/progettotouring.it\/radiotouring104\/2026\/04\/28\/domotek-de-santis-si-esalta-dopo-gara-1-vogliamo-continuare-a-brillare\/","title":{"rendered":"Domotek, De Santis si esalta dopo Gara-1: \u201cVogliamo continuare a brillare&#8221;"},"content":{"rendered":"<p>Valenza \u2013 La Domotek Volley passa in casa dell\u2019Acqui Terme e si porta sull\u20191-0 nella serie di semifinale. Una vittoria pesante, sofferta, costruita punto su punto. A parlare al termine del match \u00e8 il libero amaranto Saverio De Santis, che analizza la prestazione e lancia il messaggio ai tifosi in vista di Gara-2 in programma il primo maggio alle ore 20 al Palacalafiore.<\/p>\n<p>L\u2019inizio del racconto di De Santis \u00e8 sincero: la sensazione di giocare su un campo diverso dal solito \u201cS\u00ec, \u00e8 stato strano giocare a Valenza, un altro palazzetto anche perch\u00e9 abbiamo giocato moltissime partite a Reggio Emilia e contro Reggio Emilia\u201d, spiega il libero. \u201cLoro, come sapevamo, si sono dimostrati una squadra molto ostica da affrontare. Sono stati molto bravi, soprattutto nel secondo set, a dar del filo da torcere. Noi siamo stati bravi in fase break a fare punti importanti. Quindi torniamo in palestra con lo stesso sorriso e la stessa voglia di fare bene, perch\u00e9 c\u2019\u00e8 una finale da conquistare\u201d.<\/p>\n<p>La serie, per\u00f2, \u00e8 solo all\u2019inizio. \u201cNulla \u00e8 scontato, ogni pallone scottante. Si riparte per una nuova serie importantissima, con un altro trofeo in bacheca\u201d.<\/p>\n<p>Il confronto con la squadra piemontese rispetto alla scorsa stagione? Secondo De Santis il salto di qualit\u00e0 c\u2019\u00e8. \u201cHanno sicuramente un giocatore, il forte Argenta, giocatore di un\u2019altra categoria. L\u2019ha dimostrato. Sono pi\u00f9 o meno la stessa squadra con questa pedina in pi\u00f9 che bisogner\u00e0 tenere in casa perch\u00e9 verranno con la voglia di conquistare una finale, come gi\u00e0 fatto a Gioia del Colle\u201d.<\/p>\n<p>Il prossimo appuntamento \u00e8 per il 1\u00b0 maggio, alle ore 20:00 al PalaCalafiore. Una data speciale, quella della Festa dei Lavoratori, che De Santis vuole trasformare in una festa amaranto. \u201cAspettiamo tutti i tifosi , sempre agguerriti. Vogliamo un PalaCalafiore pienissimo perch\u00e9 c\u2019\u00e8 da conquistare, come gi\u00e0 detto prima, una finale che sarebbe \u201ctanta roba\u201d\u201d.<br \/>\nUn pensiero anche per l\u2019altra eccellenza reggina: la Reggio Bic, neo campione d\u2019Europa vincendo l\u2019Eurocup 2. \u201cFacciamo le congratulazioni alla Reggio Bic per questo successo. Speriamo che anche le altre realt\u00e0 dello sport reggino si avvicinino a questi risultati e speriamo anche in un \u201ctriplete amaranto\u201d per noi. Dirlo adesso \u00e8 prematuro. C\u2019\u00e8 tempo, bisogna combattere palla dopo palla. \u201d.<\/p>\n<p>L\u2019Acqui Terme non ha certo intenzione di arrendersi. \u201c\u00c8 una squadra \u00a0imprevedibile: ha battuto sia Castellana Grotte che Gioia del Colle, ovvero le nostre maggiori concorrenti nel girone. Quindi siamo assolutamente consapevoli di aver vinto in casa loro, ma anche della loro forza e che verranno qua con tanta voglia di dimostrare e di portare a casa una finale\u201d.<\/p>\n<p>Sul fattore pubblico, De Santis non ha dubbi. \u201cA Valenza c\u2019era gi\u00e0 tantissima gente. Come ormai in ogni trasferta, sembra quasi di giocare in casa: rumorosi e fantastici. E li aspettiamo. Forza Domotek\u201d.<\/p>\n","protected":false},"excerpt":{"rendered":"<p>Valenza \u2013 La Domotek Volley passa in casa dell\u2019Acqui Terme e si porta sull\u20191-0 nella serie di semifinale. Una vittoria pesante, sofferta, costruita punto su punto. A parlare al termine&hellip;<\/p>\n","protected":false},"author":12,"featured_media":94535,"comment_status":"closed","ping_status":"open","sticky":false,"template":"","format":"standard","meta":{"_jetpack_memberships_contains_paid_content":false,"footnotes":"","jetpack_publicize_message":"","jetpack_publicize_feature_enabled":true,"jetpack_social_post_already_shared":true,"jetpack_social_options":{"image_generator_settings":{"template":"highway","default_image_id":0,"font":"","enabled":false},"version":2}},"categories":[196,140,144],"tags":[44138,53237,26780,45618],"class_list":["post-94527","post","type-post","status-publish","format-standard","has-post-thumbnail","hentry","category-news","category-reggio-calabria","category-sport","tag-analisi-gara-2","tag-aqui-terme","tag-domotek-volley-reggio-calabria","tag-saverio-de-santis"],"yoast_head":"<!-- This site is optimized with the Yoast SEO plugin v27.2 - https:\/\/yoast.com\/product\/yoast-seo-wordpress\/ -->\n<title>Domotek, De Santis dopo Gara-1: \u201cVogliamo continuare a brillare&quot;<\/title>\n<meta name=\"description\" content=\"&quot;Al PalaCalafiore serve il tutto esaurito\u201d, commenta il libero analizzando la vittoria ad Aqui Terme ed in vista della Gara 2 del 1\u00b0 maggio\" \/>\n<meta name=\"robots\" content=\"index, follow, max-snippet:-1, max-image-preview:large, max-video-preview:-1\" \/>\n<link rel=\"canonical\" href=\"https:\/\/progettotouring.it\/radiotouring104\/2026\/04\/28\/domotek-de-santis-si-esalta-dopo-gara-1-vogliamo-continuare-a-brillare\/\" \/>\n<meta property=\"og:locale\" content=\"it_IT\" \/>\n<meta property=\"og:type\" content=\"article\" \/>\n<meta property=\"og:title\" content=\"Domotek, De Santis dopo Gara-1: \u201cVogliamo continuare a brillare&quot;\" \/>\n<meta property=\"og:description\" content=\"&quot;Al PalaCalafiore serve il tutto esaurito\u201d, commenta il libero analizzando la vittoria ad Aqui Terme ed in vista della Gara 2 del 1\u00b0 maggio\" \/>\n<meta property=\"og:url\" content=\"https:\/\/progettotouring.it\/radiotouring104\/2026\/04\/28\/domotek-de-santis-si-esalta-dopo-gara-1-vogliamo-continuare-a-brillare\/\" \/>\n<meta property=\"og:site_name\" content=\"Radio Touring 104\" \/>\n<meta property=\"article:published_time\" content=\"2026-04-28T10:40:38+00:00\" \/>\n<meta property=\"article:modified_time\" content=\"2026-04-28T10:51:33+00:00\" \/>\n<meta property=\"og:image\" content=\"https:\/\/progettotouring.it\/radiotouring104\/wp-content\/uploads\/sites\/6\/2026\/04\/De-Santis-Domotek-4-scaled.jpg\" \/>\n\t<meta property=\"og:image:width\" content=\"2560\" \/>\n\t<meta property=\"og:image:height\" content=\"1751\" \/>\n\t<meta property=\"og:image:type\" content=\"image\/jpeg\" \/>\n<meta name=\"author\" content=\"Sebastiano Plutino\" \/>\n<meta name=\"twitter:card\" content=\"summary_large_image\" \/>\n<meta name=\"twitter:label1\" content=\"Scritto da\" \/>\n\t<meta name=\"twitter:data1\" content=\"Sebastiano Plutino\" \/>\n\t<meta name=\"twitter:label2\" content=\"Tempo di lettura stimato\" \/>\n\t<meta name=\"twitter:data2\" content=\"2 minuti\" \/>\n<script type=\"application\/ld+json\" class=\"yoast-schema-graph\">{\"@context\":\"https:\/\/schema.org\",\"@graph\":[{\"@type\":\"Article\",\"@id\":\"https:\/\/progettotouring.it\/radiotouring104\/2026\/04\/28\/domotek-de-santis-si-esalta-dopo-gara-1-vogliamo-continuare-a-brillare\/#article\",\"isPartOf\":{\"@id\":\"https:\/\/progettotouring.it\/radiotouring104\/2026\/04\/28\/domotek-de-santis-si-esalta-dopo-gara-1-vogliamo-continuare-a-brillare\/\"},\"author\":{\"name\":\"Sebastiano Plutino\",\"@id\":\"https:\/\/progettotouring.it\/radiotouring104\/#\/schema\/person\/78613917f1851f041f7483f5af1d422e\"},\"headline\":\"Domotek, De Santis si esalta dopo Gara-1: \u201cVogliamo continuare a brillare&#8221;\",\"datePublished\":\"2026-04-28T10:40:38+00:00\",\"dateModified\":\"2026-04-28T10:51:33+00:00\",\"mainEntityOfPage\":{\"@id\":\"https:\/\/progettotouring.it\/radiotouring104\/2026\/04\/28\/domotek-de-santis-si-esalta-dopo-gara-1-vogliamo-continuare-a-brillare\/\"},\"wordCount\":468,\"publisher\":{\"@id\":\"https:\/\/progettotouring.it\/radiotouring104\/#organization\"},\"image\":{\"@id\":\"https:\/\/progettotouring.it\/radiotouring104\/2026\/04\/28\/domotek-de-santis-si-esalta-dopo-gara-1-vogliamo-continuare-a-brillare\/#primaryimage\"},\"thumbnailUrl\":\"https:\/\/progettotouring.it\/radiotouring104\/wp-content\/uploads\/sites\/6\/2026\/04\/De-Santis-Domotek-4-scaled.jpg\",\"keywords\":[\"analisi gara 2\",\"Aqui Terme\",\"Domotek Volley Reggio Calabria\",\"Saverio De Santis\"],\"articleSection\":[\"News\",\"Reggio Calabria\",\"Sport\"],\"inLanguage\":\"it-IT\"},{\"@type\":\"WebPage\",\"@id\":\"https:\/\/progettotouring.it\/radiotouring104\/2026\/04\/28\/domotek-de-santis-si-esalta-dopo-gara-1-vogliamo-continuare-a-brillare\/\",\"url\":\"https:\/\/progettotouring.it\/radiotouring104\/2026\/04\/28\/domotek-de-santis-si-esalta-dopo-gara-1-vogliamo-continuare-a-brillare\/\",\"name\":\"Domotek, De Santis dopo Gara-1: \u201cVogliamo continuare a brillare\\\"\",\"isPartOf\":{\"@id\":\"https:\/\/progettotouring.it\/radiotouring104\/#website\"},\"primaryImageOfPage\":{\"@id\":\"https:\/\/progettotouring.it\/radiotouring104\/2026\/04\/28\/domotek-de-santis-si-esalta-dopo-gara-1-vogliamo-continuare-a-brillare\/#primaryimage\"},\"image\":{\"@id\":\"https:\/\/progettotouring.it\/radiotouring104\/2026\/04\/28\/domotek-de-santis-si-esalta-dopo-gara-1-vogliamo-continuare-a-brillare\/#primaryimage\"},\"thumbnailUrl\":\"https:\/\/progettotouring.it\/radiotouring104\/wp-content\/uploads\/sites\/6\/2026\/04\/De-Santis-Domotek-4-scaled.jpg\",\"datePublished\":\"2026-04-28T10:40:38+00:00\",\"dateModified\":\"2026-04-28T10:51:33+00:00\",\"description\":\"\\\"Al PalaCalafiore serve il tutto esaurito\u201d, commenta il libero analizzando la vittoria ad Aqui Terme ed in vista della Gara 2 del 1\u00b0 maggio\",\"breadcrumb\":{\"@id\":\"https:\/\/progettotouring.it\/radiotouring104\/2026\/04\/28\/domotek-de-santis-si-esalta-dopo-gara-1-vogliamo-continuare-a-brillare\/#breadcrumb\"},\"inLanguage\":\"it-IT\",\"potentialAction\":[{\"@type\":\"ReadAction\",\"target\":[\"https:\/\/progettotouring.it\/radiotouring104\/2026\/04\/28\/domotek-de-santis-si-esalta-dopo-gara-1-vogliamo-continuare-a-brillare\/\"]}]},{\"@type\":\"ImageObject\",\"inLanguage\":\"it-IT\",\"@id\":\"https:\/\/progettotouring.it\/radiotouring104\/2026\/04\/28\/domotek-de-santis-si-esalta-dopo-gara-1-vogliamo-continuare-a-brillare\/#primaryimage\",\"url\":\"https:\/\/progettotouring.it\/radiotouring104\/wp-content\/uploads\/sites\/6\/2026\/04\/De-Santis-Domotek-4-scaled.jpg\",\"contentUrl\":\"https:\/\/progettotouring.it\/radiotouring104\/wp-content\/uploads\/sites\/6\/2026\/04\/De-Santis-Domotek-4-scaled.jpg\",\"width\":2560,\"height\":1751},{\"@type\":\"BreadcrumbList\",\"@id\":\"https:\/\/progettotouring.it\/radiotouring104\/2026\/04\/28\/domotek-de-santis-si-esalta-dopo-gara-1-vogliamo-continuare-a-brillare\/#breadcrumb\",\"itemListElement\":[{\"@type\":\"ListItem\",\"position\":1,\"name\":\"Home\",\"item\":\"https:\/\/progettotouring.it\/radiotouring104\/\"},{\"@type\":\"ListItem\",\"position\":2,\"name\":\"Domotek, De Santis si esalta dopo Gara-1: \u201cVogliamo continuare a brillare&#8221;\"}]},{\"@type\":\"WebSite\",\"@id\":\"https:\/\/progettotouring.it\/radiotouring104\/#website\",\"url\":\"https:\/\/progettotouring.it\/radiotouring104\/\",\"name\":\"Radio Touring 104\",\"description\":\"La prima radio Reggina\",\"publisher\":{\"@id\":\"https:\/\/progettotouring.it\/radiotouring104\/#organization\"},\"potentialAction\":[{\"@type\":\"SearchAction\",\"target\":{\"@type\":\"EntryPoint\",\"urlTemplate\":\"https:\/\/progettotouring.it\/radiotouring104\/?s={search_term_string}\"},\"query-input\":{\"@type\":\"PropertyValueSpecification\",\"valueRequired\":true,\"valueName\":\"search_term_string\"}}],\"inLanguage\":\"it-IT\"},{\"@type\":\"Organization\",\"@id\":\"https:\/\/progettotouring.it\/radiotouring104\/#organization\",\"name\":\"Radio Touring 104\",\"url\":\"https:\/\/progettotouring.it\/radiotouring104\/\",\"logo\":{\"@type\":\"ImageObject\",\"inLanguage\":\"it-IT\",\"@id\":\"https:\/\/progettotouring.it\/radiotouring104\/#\/schema\/logo\/image\/\",\"url\":\"https:\/\/progettotouring.it\/radiotouring104\/wp-content\/uploads\/sites\/6\/2022\/02\/cropped-logo-radio-touring-104.png\",\"contentUrl\":\"https:\/\/progettotouring.it\/radiotouring104\/wp-content\/uploads\/sites\/6\/2022\/02\/cropped-logo-radio-touring-104.png\",\"width\":377,\"height\":182,\"caption\":\"Radio Touring 104\"},\"image\":{\"@id\":\"https:\/\/progettotouring.it\/radiotouring104\/#\/schema\/logo\/image\/\"}},{\"@type\":\"Person\",\"@id\":\"https:\/\/progettotouring.it\/radiotouring104\/#\/schema\/person\/78613917f1851f041f7483f5af1d422e\",\"name\":\"Sebastiano Plutino\",\"image\":{\"@type\":\"ImageObject\",\"inLanguage\":\"it-IT\",\"@id\":\"https:\/\/secure.gravatar.com\/avatar\/0546ffaa9b79224faf9f2a156b67a529ae861d3287c66c1d8ccfdf909bcba78d?s=96&d=mm&r=g\",\"url\":\"https:\/\/secure.gravatar.com\/avatar\/0546ffaa9b79224faf9f2a156b67a529ae861d3287c66c1d8ccfdf909bcba78d?s=96&d=mm&r=g\",\"contentUrl\":\"https:\/\/secure.gravatar.com\/avatar\/0546ffaa9b79224faf9f2a156b67a529ae861d3287c66c1d8ccfdf909bcba78d?s=96&d=mm&r=g\",\"caption\":\"Sebastiano Plutino\"},\"url\":\"https:\/\/progettotouring.it\/radiotouring104\/author\/sebastiano\/\"}]}<\/script>\n<!-- \/ Yoast SEO plugin. -->","yoast_head_json":{"title":"Domotek, De Santis dopo Gara-1: \u201cVogliamo continuare a brillare\"","description":"\"Al PalaCalafiore serve il tutto esaurito\u201d, commenta il libero analizzando la vittoria ad Aqui Terme ed in vista della Gara 2 del 1\u00b0 maggio","robots":{"index":"index","follow":"follow","max-snippet":"max-snippet:-1","max-image-preview":"max-image-preview:large","max-video-preview":"max-video-preview:-1"},"canonical":"https:\/\/progettotouring.it\/radiotouring104\/2026\/04\/28\/domotek-de-santis-si-esalta-dopo-gara-1-vogliamo-continuare-a-brillare\/","og_locale":"it_IT","og_type":"article","og_title":"Domotek, De Santis dopo Gara-1: \u201cVogliamo continuare a brillare\"","og_description":"\"Al PalaCalafiore serve il tutto esaurito\u201d, commenta il libero analizzando la vittoria ad Aqui Terme ed in vista della Gara 2 del 1\u00b0 maggio","og_url":"https:\/\/progettotouring.it\/radiotouring104\/2026\/04\/28\/domotek-de-santis-si-esalta-dopo-gara-1-vogliamo-continuare-a-brillare\/","og_site_name":"Radio Touring 104","article_published_time":"2026-04-28T10:40:38+00:00","article_modified_time":"2026-04-28T10:51:33+00:00","og_image":[{"width":2560,"height":1751,"url":"https:\/\/progettotouring.it\/radiotouring104\/wp-content\/uploads\/sites\/6\/2026\/04\/De-Santis-Domotek-4-scaled.jpg","type":"image\/jpeg"}],"author":"Sebastiano Plutino","twitter_card":"summary_large_image","twitter_misc":{"Scritto da":"Sebastiano Plutino","Tempo di lettura stimato":"2 minuti"},"schema":{"@context":"https:\/\/schema.org","@graph":[{"@type":"Article","@id":"https:\/\/progettotouring.it\/radiotouring104\/2026\/04\/28\/domotek-de-santis-si-esalta-dopo-gara-1-vogliamo-continuare-a-brillare\/#article","isPartOf":{"@id":"https:\/\/progettotouring.it\/radiotouring104\/2026\/04\/28\/domotek-de-santis-si-esalta-dopo-gara-1-vogliamo-continuare-a-brillare\/"},"author":{"name":"Sebastiano Plutino","@id":"https:\/\/progettotouring.it\/radiotouring104\/#\/schema\/person\/78613917f1851f041f7483f5af1d422e"},"headline":"Domotek, De Santis si esalta dopo Gara-1: \u201cVogliamo continuare a brillare&#8221;","datePublished":"2026-04-28T10:40:38+00:00","dateModified":"2026-04-28T10:51:33+00:00","mainEntityOfPage":{"@id":"https:\/\/progettotouring.it\/radiotouring104\/2026\/04\/28\/domotek-de-santis-si-esalta-dopo-gara-1-vogliamo-continuare-a-brillare\/"},"wordCount":468,"publisher":{"@id":"https:\/\/progettotouring.it\/radiotouring104\/#organization"},"image":{"@id":"https:\/\/progettotouring.it\/radiotouring104\/2026\/04\/28\/domotek-de-santis-si-esalta-dopo-gara-1-vogliamo-continuare-a-brillare\/#primaryimage"},"thumbnailUrl":"https:\/\/progettotouring.it\/radiotouring104\/wp-content\/uploads\/sites\/6\/2026\/04\/De-Santis-Domotek-4-scaled.jpg","keywords":["analisi gara 2","Aqui Terme","Domotek Volley Reggio Calabria","Saverio De Santis"],"articleSection":["News","Reggio Calabria","Sport"],"inLanguage":"it-IT"},{"@type":"WebPage","@id":"https:\/\/progettotouring.it\/radiotouring104\/2026\/04\/28\/domotek-de-santis-si-esalta-dopo-gara-1-vogliamo-continuare-a-brillare\/","url":"https:\/\/progettotouring.it\/radiotouring104\/2026\/04\/28\/domotek-de-santis-si-esalta-dopo-gara-1-vogliamo-continuare-a-brillare\/","name":"Domotek, De Santis dopo Gara-1: \u201cVogliamo continuare a brillare\"","isPartOf":{"@id":"https:\/\/progettotouring.it\/radiotouring104\/#website"},"primaryImageOfPage":{"@id":"https:\/\/progettotouring.it\/radiotouring104\/2026\/04\/28\/domotek-de-santis-si-esalta-dopo-gara-1-vogliamo-continuare-a-brillare\/#primaryimage"},"image":{"@id":"https:\/\/progettotouring.it\/radiotouring104\/2026\/04\/28\/domotek-de-santis-si-esalta-dopo-gara-1-vogliamo-continuare-a-brillare\/#primaryimage"},"thumbnailUrl":"https:\/\/progettotouring.it\/radiotouring104\/wp-content\/uploads\/sites\/6\/2026\/04\/De-Santis-Domotek-4-scaled.jpg","datePublished":"2026-04-28T10:40:38+00:00","dateModified":"2026-04-28T10:51:33+00:00","description":"\"Al PalaCalafiore serve il tutto esaurito\u201d, commenta il libero analizzando la vittoria ad Aqui Terme ed in vista della Gara 2 del 1\u00b0 maggio","breadcrumb":{"@id":"https:\/\/progettotouring.it\/radiotouring104\/2026\/04\/28\/domotek-de-santis-si-esalta-dopo-gara-1-vogliamo-continuare-a-brillare\/#breadcrumb"},"inLanguage":"it-IT","potentialAction":[{"@type":"ReadAction","target":["https:\/\/progettotouring.it\/radiotouring104\/2026\/04\/28\/domotek-de-santis-si-esalta-dopo-gara-1-vogliamo-continuare-a-brillare\/"]}]},{"@type":"ImageObject","inLanguage":"it-IT","@id":"https:\/\/progettotouring.it\/radiotouring104\/2026\/04\/28\/domotek-de-santis-si-esalta-dopo-gara-1-vogliamo-continuare-a-brillare\/#primaryimage","url":"https:\/\/progettotouring.it\/radiotouring104\/wp-content\/uploads\/sites\/6\/2026\/04\/De-Santis-Domotek-4-scaled.jpg","contentUrl":"https:\/\/progettotouring.it\/radiotouring104\/wp-content\/uploads\/sites\/6\/2026\/04\/De-Santis-Domotek-4-scaled.jpg","width":2560,"height":1751},{"@type":"BreadcrumbList","@id":"https:\/\/progettotouring.it\/radiotouring104\/2026\/04\/28\/domotek-de-santis-si-esalta-dopo-gara-1-vogliamo-continuare-a-brillare\/#breadcrumb","itemListElement":[{"@type":"ListItem","position":1,"name":"Home","item":"https:\/\/progettotouring.it\/radiotouring104\/"},{"@type":"ListItem","position":2,"name":"Domotek, De Santis si esalta dopo Gara-1: \u201cVogliamo continuare a brillare&#8221;"}]},{"@type":"WebSite","@id":"https:\/\/progettotouring.it\/radiotouring104\/#website","url":"https:\/\/progettotouring.it\/radiotouring104\/","name":"Radio Touring 104","description":"La prima radio Reggina","publisher":{"@id":"https:\/\/progettotouring.it\/radiotouring104\/#organization"},"potentialAction":[{"@type":"SearchAction","target":{"@type":"EntryPoint","urlTemplate":"https:\/\/progettotouring.it\/radiotouring104\/?s={search_term_string}"},"query-input":{"@type":"PropertyValueSpecification","valueRequired":true,"valueName":"search_term_string"}}],"inLanguage":"it-IT"},{"@type":"Organization","@id":"https:\/\/progettotouring.it\/radiotouring104\/#organization","name":"Radio Touring 104","url":"https:\/\/progettotouring.it\/radiotouring104\/","logo":{"@type":"ImageObject","inLanguage":"it-IT","@id":"https:\/\/progettotouring.it\/radiotouring104\/#\/schema\/logo\/image\/","url":"https:\/\/progettotouring.it\/radiotouring104\/wp-content\/uploads\/sites\/6\/2022\/02\/cropped-logo-radio-touring-104.png","contentUrl":"https:\/\/progettotouring.it\/radiotouring104\/wp-content\/uploads\/sites\/6\/2022\/02\/cropped-logo-radio-touring-104.png","width":377,"height":182,"caption":"Radio Touring 104"},"image":{"@id":"https:\/\/progettotouring.it\/radiotouring104\/#\/schema\/logo\/image\/"}},{"@type":"Person","@id":"https:\/\/progettotouring.it\/radiotouring104\/#\/schema\/person\/78613917f1851f041f7483f5af1d422e","name":"Sebastiano Plutino","image":{"@type":"ImageObject","inLanguage":"it-IT","@id":"https:\/\/secure.gravatar.com\/avatar\/0546ffaa9b79224faf9f2a156b67a529ae861d3287c66c1d8ccfdf909bcba78d?s=96&d=mm&r=g","url":"https:\/\/secure.gravatar.com\/avatar\/0546ffaa9b79224faf9f2a156b67a529ae861d3287c66c1d8ccfdf909bcba78d?s=96&d=mm&r=g","contentUrl":"https:\/\/secure.gravatar.com\/avatar\/0546ffaa9b79224faf9f2a156b67a529ae861d3287c66c1d8ccfdf909bcba78d?s=96&d=mm&r=g","caption":"Sebastiano Plutino"},"url":"https:\/\/progettotouring.it\/radiotouring104\/author\/sebastiano\/"}]}},"jetpack_publicize_connections":[],"jetpack_featured_media_url":"https:\/\/progettotouring.it\/radiotouring104\/wp-content\/uploads\/sites\/6\/2026\/04\/De-Santis-Domotek-4-scaled.jpg","jetpack_sharing_enabled":true,"_links":{"self":[{"href":"https:\/\/progettotouring.it\/radiotouring104\/wp-json\/wp\/v2\/posts\/94527","targetHints":{"allow":["GET"]}}],"collection":[{"href":"https:\/\/progettotouring.it\/radiotouring104\/wp-json\/wp\/v2\/posts"}],"about":[{"href":"https:\/\/progettotouring.it\/radiotouring104\/wp-json\/wp\/v2\/types\/post"}],"author":[{"embeddable":true,"href":"https:\/\/progettotouring.it\/radiotouring104\/wp-json\/wp\/v2\/users\/12"}],"replies":[{"embeddable":true,"href":"https:\/\/progettotouring.it\/radiotouring104\/wp-json\/wp\/v2\/comments?post=94527"}],"version-history":[{"count":1,"href":"https:\/\/progettotouring.it\/radiotouring104\/wp-json\/wp\/v2\/posts\/94527\/revisions"}],"predecessor-version":[{"id":94534,"href":"https:\/\/progettotouring.it\/radiotouring104\/wp-json\/wp\/v2\/posts\/94527\/revisions\/94534"}],"wp:featuredmedia":[{"embeddable":true,"href":"https:\/\/progettotouring.it\/radiotouring104\/wp-json\/wp\/v2\/media\/94535"}],"wp:attachment":[{"href":"https:\/\/progettotouring.it\/radiotouring104\/wp-json\/wp\/v2\/media?parent=94527"}],"wp:term":[{"taxonomy":"category","embeddable":true,"href":"https:\/\/progettotouring.it\/radiotouring104\/wp-json\/wp\/v2\/categories?post=94527"},{"taxonomy":"post_tag","embeddable":true,"href":"https:\/\/progettotouring.it\/radiotouring104\/wp-json\/wp\/v2\/tags?post=94527"}],"curies":[{"name":"wp","href":"https:\/\/api.w.org\/{rel}","templated":true}]}}