{"id":94529,"date":"2026-04-28T12:38:30","date_gmt":"2026-04-28T10:38:30","guid":{"rendered":"https:\/\/progettotouring.it\/radiotouring104\/?p=94529"},"modified":"2026-04-28T12:40:43","modified_gmt":"2026-04-28T10:40:43","slug":"elezioni-comunali-a-reggio-cosimo-spano-candidato-nella-lista-della-lega","status":"publish","type":"post","link":"https:\/\/progettotouring.it\/radiotouring104\/2026\/04\/28\/elezioni-comunali-a-reggio-cosimo-spano-candidato-nella-lista-della-lega\/","title":{"rendered":"Elezioni Comunali a Reggio: Cosimo Span\u00f2 candidato nella Lista della Lega"},"content":{"rendered":"<p>Cosimo Span\u00f2 annuncia la propria candidatura al Consiglio comunale di Reggio Calabria nella lista della Lega, all\u2019interno della coalizione di centrodestra.<\/p>\n<p>Figura molto conosciuta e apprezzata nel territorio per il suo lavoro quotidiano a contatto con cittadini, famiglie e lavoratori, Span\u00f2 \u00e8 da anni impegnato come operatore di Patronato, Caf e rappresentante sindacale. \u00c8 diventato un punto di riferimento per chi cerca orientamento, tutela e soluzioni concrete.<\/p>\n<p>\u00abOgni giorno incontro persone che non chiedono favori, ma diritti, ascolto e dignit\u00e0. La mia candidatura nasce da qui: dal bisogno di portare in Consiglio comunale la voce di chi vive problemi reali e non ha tempo per la politica delle parole\u00bb dichiara Span\u00f2.<\/p>\n<p>La sua identit\u00e0 politica si fonda su tre assi chiari: essere vicino alle persone e non ai Palazzi attraverso l\u2019ascolto diretto, la presenza nei quartieri e l\u2019attenzione ai bisogni immediati; la competenza sociale e amministrativa grazie ad anni di esperienza nel supporto a famiglie, pensionati, giovani e imprese; l\u2019impegno per una citt\u00e0 pi\u00f9 semplice e pi\u00f9 giusta, con servizi che funzionano, meno burocrazia, pi\u00f9 tutela per chi \u00e8 in difficolt\u00e0. Obiettivi chiari, semplici, diretti.<\/p>\n<p>\u00abReggio ha bisogno di una politica che torni a guardare negli occhi le persone. Io ci sono sempre stato, e continuer\u00f2 a esserci\u00bb conclude Span\u00f2.<\/p>\n<p>La sede elettorale \u00e8 aperta in via Giulia 31, dove cittadini e sostenitori possono incontrarlo e contribuire alla definizione delle priorit\u00e0 programmatiche.<\/p>\n<p>&nbsp;<\/p>\n<p>&nbsp;<\/p>\n","protected":false},"excerpt":{"rendered":"<p>Cosimo Span\u00f2 annuncia la propria candidatura al Consiglio comunale di Reggio Calabria nella lista della Lega, all\u2019interno della coalizione di centrodestra. Figura molto conosciuta e apprezzata nel territorio per il&hellip;<\/p>\n","protected":false},"author":5,"featured_media":94530,"comment_status":"closed","ping_status":"open","sticky":false,"template":"","format":"standard","meta":{"_jetpack_memberships_contains_paid_content":false,"footnotes":"","jetpack_publicize_message":"","jetpack_publicize_feature_enabled":true,"jetpack_social_post_already_shared":true,"jetpack_social_options":{"image_generator_settings":{"template":"highway","default_image_id":0,"font":"","enabled":false},"version":2}},"categories":[921,196,140],"tags":[],"class_list":["post-94529","post","type-post","status-publish","format-standard","has-post-thumbnail","hentry","category-home","category-news","category-reggio-calabria"],"yoast_head":"<!-- This site is optimized with the Yoast SEO plugin v27.2 - https:\/\/yoast.com\/product\/yoast-seo-wordpress\/ -->\n<title>Comunali RC: Cosimo Span\u00f2 candidato nella Lista della Lega<\/title>\n<meta name=\"description\" content=\"\u201cPorto in Consiglio la voce di chi vuole risposte, non promesse\u201d, dichiara Cosimo Span\u00f2, candidato per il Carroccio, alle prossime Comunali\" \/>\n<meta name=\"robots\" content=\"index, follow, max-snippet:-1, max-image-preview:large, max-video-preview:-1\" \/>\n<link rel=\"canonical\" href=\"https:\/\/progettotouring.it\/radiotouring104\/2026\/04\/28\/elezioni-comunali-a-reggio-cosimo-spano-candidato-nella-lista-della-lega\/\" \/>\n<meta property=\"og:locale\" content=\"it_IT\" \/>\n<meta property=\"og:type\" content=\"article\" \/>\n<meta property=\"og:title\" content=\"Comunali RC: Cosimo Span\u00f2 candidato nella Lista della Lega\" \/>\n<meta property=\"og:description\" content=\"\u201cPorto in Consiglio la voce di chi vuole risposte, non promesse\u201d, dichiara Cosimo Span\u00f2, candidato per il Carroccio, alle prossime Comunali\" \/>\n<meta property=\"og:url\" content=\"https:\/\/progettotouring.it\/radiotouring104\/2026\/04\/28\/elezioni-comunali-a-reggio-cosimo-spano-candidato-nella-lista-della-lega\/\" \/>\n<meta property=\"og:site_name\" content=\"Radio Touring 104\" \/>\n<meta property=\"article:published_time\" content=\"2026-04-28T10:38:30+00:00\" \/>\n<meta property=\"article:modified_time\" content=\"2026-04-28T10:40:43+00:00\" \/>\n<meta property=\"og:image\" content=\"https:\/\/progettotouring.it\/radiotouring104\/wp-content\/uploads\/sites\/6\/2026\/04\/Cosimo-Spano-candidato-comunali-Reggio-Lega-scaled.jpg\" \/>\n\t<meta property=\"og:image:width\" content=\"2560\" \/>\n\t<meta property=\"og:image:height\" content=\"1613\" \/>\n\t<meta property=\"og:image:type\" content=\"image\/jpeg\" \/>\n<meta name=\"author\" content=\"redazione\" \/>\n<meta name=\"twitter:card\" content=\"summary_large_image\" \/>\n<meta name=\"twitter:label1\" content=\"Scritto da\" \/>\n\t<meta name=\"twitter:data1\" content=\"redazione\" \/>\n\t<meta name=\"twitter:label2\" content=\"Tempo di lettura stimato\" \/>\n\t<meta name=\"twitter:data2\" content=\"1 minuto\" \/>\n<script type=\"application\/ld+json\" class=\"yoast-schema-graph\">{\"@context\":\"https:\/\/schema.org\",\"@graph\":[{\"@type\":\"Article\",\"@id\":\"https:\/\/progettotouring.it\/radiotouring104\/2026\/04\/28\/elezioni-comunali-a-reggio-cosimo-spano-candidato-nella-lista-della-lega\/#article\",\"isPartOf\":{\"@id\":\"https:\/\/progettotouring.it\/radiotouring104\/2026\/04\/28\/elezioni-comunali-a-reggio-cosimo-spano-candidato-nella-lista-della-lega\/\"},\"author\":{\"name\":\"redazione\",\"@id\":\"https:\/\/progettotouring.it\/radiotouring104\/#\/schema\/person\/1b3eb3c07c47136bc44c785c543e635f\"},\"headline\":\"Elezioni Comunali a Reggio: Cosimo Span\u00f2 candidato nella Lista della Lega\",\"datePublished\":\"2026-04-28T10:38:30+00:00\",\"dateModified\":\"2026-04-28T10:40:43+00:00\",\"mainEntityOfPage\":{\"@id\":\"https:\/\/progettotouring.it\/radiotouring104\/2026\/04\/28\/elezioni-comunali-a-reggio-cosimo-spano-candidato-nella-lista-della-lega\/\"},\"wordCount\":244,\"publisher\":{\"@id\":\"https:\/\/progettotouring.it\/radiotouring104\/#organization\"},\"image\":{\"@id\":\"https:\/\/progettotouring.it\/radiotouring104\/2026\/04\/28\/elezioni-comunali-a-reggio-cosimo-spano-candidato-nella-lista-della-lega\/#primaryimage\"},\"thumbnailUrl\":\"https:\/\/progettotouring.it\/radiotouring104\/wp-content\/uploads\/sites\/6\/2026\/04\/Cosimo-Spano-candidato-comunali-Reggio-Lega-scaled.jpg\",\"articleSection\":[\"Home\",\"News\",\"Reggio Calabria\"],\"inLanguage\":\"it-IT\"},{\"@type\":\"WebPage\",\"@id\":\"https:\/\/progettotouring.it\/radiotouring104\/2026\/04\/28\/elezioni-comunali-a-reggio-cosimo-spano-candidato-nella-lista-della-lega\/\",\"url\":\"https:\/\/progettotouring.it\/radiotouring104\/2026\/04\/28\/elezioni-comunali-a-reggio-cosimo-spano-candidato-nella-lista-della-lega\/\",\"name\":\"Comunali RC: Cosimo Span\u00f2 candidato nella Lista della Lega\",\"isPartOf\":{\"@id\":\"https:\/\/progettotouring.it\/radiotouring104\/#website\"},\"primaryImageOfPage\":{\"@id\":\"https:\/\/progettotouring.it\/radiotouring104\/2026\/04\/28\/elezioni-comunali-a-reggio-cosimo-spano-candidato-nella-lista-della-lega\/#primaryimage\"},\"image\":{\"@id\":\"https:\/\/progettotouring.it\/radiotouring104\/2026\/04\/28\/elezioni-comunali-a-reggio-cosimo-spano-candidato-nella-lista-della-lega\/#primaryimage\"},\"thumbnailUrl\":\"https:\/\/progettotouring.it\/radiotouring104\/wp-content\/uploads\/sites\/6\/2026\/04\/Cosimo-Spano-candidato-comunali-Reggio-Lega-scaled.jpg\",\"datePublished\":\"2026-04-28T10:38:30+00:00\",\"dateModified\":\"2026-04-28T10:40:43+00:00\",\"description\":\"\u201cPorto in Consiglio la voce di chi vuole risposte, non promesse\u201d, dichiara Cosimo Span\u00f2, candidato per il Carroccio, alle prossime Comunali\",\"breadcrumb\":{\"@id\":\"https:\/\/progettotouring.it\/radiotouring104\/2026\/04\/28\/elezioni-comunali-a-reggio-cosimo-spano-candidato-nella-lista-della-lega\/#breadcrumb\"},\"inLanguage\":\"it-IT\",\"potentialAction\":[{\"@type\":\"ReadAction\",\"target\":[\"https:\/\/progettotouring.it\/radiotouring104\/2026\/04\/28\/elezioni-comunali-a-reggio-cosimo-spano-candidato-nella-lista-della-lega\/\"]}]},{\"@type\":\"ImageObject\",\"inLanguage\":\"it-IT\",\"@id\":\"https:\/\/progettotouring.it\/radiotouring104\/2026\/04\/28\/elezioni-comunali-a-reggio-cosimo-spano-candidato-nella-lista-della-lega\/#primaryimage\",\"url\":\"https:\/\/progettotouring.it\/radiotouring104\/wp-content\/uploads\/sites\/6\/2026\/04\/Cosimo-Spano-candidato-comunali-Reggio-Lega-scaled.jpg\",\"contentUrl\":\"https:\/\/progettotouring.it\/radiotouring104\/wp-content\/uploads\/sites\/6\/2026\/04\/Cosimo-Spano-candidato-comunali-Reggio-Lega-scaled.jpg\",\"width\":2560,\"height\":1613},{\"@type\":\"BreadcrumbList\",\"@id\":\"https:\/\/progettotouring.it\/radiotouring104\/2026\/04\/28\/elezioni-comunali-a-reggio-cosimo-spano-candidato-nella-lista-della-lega\/#breadcrumb\",\"itemListElement\":[{\"@type\":\"ListItem\",\"position\":1,\"name\":\"Home\",\"item\":\"https:\/\/progettotouring.it\/radiotouring104\/\"},{\"@type\":\"ListItem\",\"position\":2,\"name\":\"Elezioni Comunali a Reggio: Cosimo Span\u00f2 candidato nella Lista della Lega\"}]},{\"@type\":\"WebSite\",\"@id\":\"https:\/\/progettotouring.it\/radiotouring104\/#website\",\"url\":\"https:\/\/progettotouring.it\/radiotouring104\/\",\"name\":\"Radio Touring 104\",\"description\":\"La prima radio Reggina\",\"publisher\":{\"@id\":\"https:\/\/progettotouring.it\/radiotouring104\/#organization\"},\"potentialAction\":[{\"@type\":\"SearchAction\",\"target\":{\"@type\":\"EntryPoint\",\"urlTemplate\":\"https:\/\/progettotouring.it\/radiotouring104\/?s={search_term_string}\"},\"query-input\":{\"@type\":\"PropertyValueSpecification\",\"valueRequired\":true,\"valueName\":\"search_term_string\"}}],\"inLanguage\":\"it-IT\"},{\"@type\":\"Organization\",\"@id\":\"https:\/\/progettotouring.it\/radiotouring104\/#organization\",\"name\":\"Radio Touring 104\",\"url\":\"https:\/\/progettotouring.it\/radiotouring104\/\",\"logo\":{\"@type\":\"ImageObject\",\"inLanguage\":\"it-IT\",\"@id\":\"https:\/\/progettotouring.it\/radiotouring104\/#\/schema\/logo\/image\/\",\"url\":\"https:\/\/progettotouring.it\/radiotouring104\/wp-content\/uploads\/sites\/6\/2022\/02\/cropped-logo-radio-touring-104.png\",\"contentUrl\":\"https:\/\/progettotouring.it\/radiotouring104\/wp-content\/uploads\/sites\/6\/2022\/02\/cropped-logo-radio-touring-104.png\",\"width\":377,\"height\":182,\"caption\":\"Radio Touring 104\"},\"image\":{\"@id\":\"https:\/\/progettotouring.it\/radiotouring104\/#\/schema\/logo\/image\/\"}},{\"@type\":\"Person\",\"@id\":\"https:\/\/progettotouring.it\/radiotouring104\/#\/schema\/person\/1b3eb3c07c47136bc44c785c543e635f\",\"name\":\"redazione\",\"image\":{\"@type\":\"ImageObject\",\"inLanguage\":\"it-IT\",\"@id\":\"https:\/\/secure.gravatar.com\/avatar\/0b31605b49f100769e8b624b3e05de1b73e1692e9568a352f60f53fd072e6e11?s=96&d=mm&r=g\",\"url\":\"https:\/\/secure.gravatar.com\/avatar\/0b31605b49f100769e8b624b3e05de1b73e1692e9568a352f60f53fd072e6e11?s=96&d=mm&r=g\",\"contentUrl\":\"https:\/\/secure.gravatar.com\/avatar\/0b31605b49f100769e8b624b3e05de1b73e1692e9568a352f60f53fd072e6e11?s=96&d=mm&r=g\",\"caption\":\"redazione\"},\"url\":\"https:\/\/progettotouring.it\/radiotouring104\/author\/redazione\/\"}]}<\/script>\n<!-- \/ Yoast SEO plugin. -->","yoast_head_json":{"title":"Comunali RC: Cosimo Span\u00f2 candidato nella Lista della Lega","description":"\u201cPorto in Consiglio la voce di chi vuole risposte, non promesse\u201d, dichiara Cosimo Span\u00f2, candidato per il Carroccio, alle prossime Comunali","robots":{"index":"index","follow":"follow","max-snippet":"max-snippet:-1","max-image-preview":"max-image-preview:large","max-video-preview":"max-video-preview:-1"},"canonical":"https:\/\/progettotouring.it\/radiotouring104\/2026\/04\/28\/elezioni-comunali-a-reggio-cosimo-spano-candidato-nella-lista-della-lega\/","og_locale":"it_IT","og_type":"article","og_title":"Comunali RC: Cosimo Span\u00f2 candidato nella Lista della Lega","og_description":"\u201cPorto in Consiglio la voce di chi vuole risposte, non promesse\u201d, dichiara Cosimo Span\u00f2, candidato per il Carroccio, alle prossime Comunali","og_url":"https:\/\/progettotouring.it\/radiotouring104\/2026\/04\/28\/elezioni-comunali-a-reggio-cosimo-spano-candidato-nella-lista-della-lega\/","og_site_name":"Radio Touring 104","article_published_time":"2026-04-28T10:38:30+00:00","article_modified_time":"2026-04-28T10:40:43+00:00","og_image":[{"width":2560,"height":1613,"url":"https:\/\/progettotouring.it\/radiotouring104\/wp-content\/uploads\/sites\/6\/2026\/04\/Cosimo-Spano-candidato-comunali-Reggio-Lega-scaled.jpg","type":"image\/jpeg"}],"author":"redazione","twitter_card":"summary_large_image","twitter_misc":{"Scritto da":"redazione","Tempo di lettura stimato":"1 minuto"},"schema":{"@context":"https:\/\/schema.org","@graph":[{"@type":"Article","@id":"https:\/\/progettotouring.it\/radiotouring104\/2026\/04\/28\/elezioni-comunali-a-reggio-cosimo-spano-candidato-nella-lista-della-lega\/#article","isPartOf":{"@id":"https:\/\/progettotouring.it\/radiotouring104\/2026\/04\/28\/elezioni-comunali-a-reggio-cosimo-spano-candidato-nella-lista-della-lega\/"},"author":{"name":"redazione","@id":"https:\/\/progettotouring.it\/radiotouring104\/#\/schema\/person\/1b3eb3c07c47136bc44c785c543e635f"},"headline":"Elezioni Comunali a Reggio: Cosimo Span\u00f2 candidato nella Lista della Lega","datePublished":"2026-04-28T10:38:30+00:00","dateModified":"2026-04-28T10:40:43+00:00","mainEntityOfPage":{"@id":"https:\/\/progettotouring.it\/radiotouring104\/2026\/04\/28\/elezioni-comunali-a-reggio-cosimo-spano-candidato-nella-lista-della-lega\/"},"wordCount":244,"publisher":{"@id":"https:\/\/progettotouring.it\/radiotouring104\/#organization"},"image":{"@id":"https:\/\/progettotouring.it\/radiotouring104\/2026\/04\/28\/elezioni-comunali-a-reggio-cosimo-spano-candidato-nella-lista-della-lega\/#primaryimage"},"thumbnailUrl":"https:\/\/progettotouring.it\/radiotouring104\/wp-content\/uploads\/sites\/6\/2026\/04\/Cosimo-Spano-candidato-comunali-Reggio-Lega-scaled.jpg","articleSection":["Home","News","Reggio Calabria"],"inLanguage":"it-IT"},{"@type":"WebPage","@id":"https:\/\/progettotouring.it\/radiotouring104\/2026\/04\/28\/elezioni-comunali-a-reggio-cosimo-spano-candidato-nella-lista-della-lega\/","url":"https:\/\/progettotouring.it\/radiotouring104\/2026\/04\/28\/elezioni-comunali-a-reggio-cosimo-spano-candidato-nella-lista-della-lega\/","name":"Comunali RC: Cosimo Span\u00f2 candidato nella Lista della Lega","isPartOf":{"@id":"https:\/\/progettotouring.it\/radiotouring104\/#website"},"primaryImageOfPage":{"@id":"https:\/\/progettotouring.it\/radiotouring104\/2026\/04\/28\/elezioni-comunali-a-reggio-cosimo-spano-candidato-nella-lista-della-lega\/#primaryimage"},"image":{"@id":"https:\/\/progettotouring.it\/radiotouring104\/2026\/04\/28\/elezioni-comunali-a-reggio-cosimo-spano-candidato-nella-lista-della-lega\/#primaryimage"},"thumbnailUrl":"https:\/\/progettotouring.it\/radiotouring104\/wp-content\/uploads\/sites\/6\/2026\/04\/Cosimo-Spano-candidato-comunali-Reggio-Lega-scaled.jpg","datePublished":"2026-04-28T10:38:30+00:00","dateModified":"2026-04-28T10:40:43+00:00","description":"\u201cPorto in Consiglio la voce di chi vuole risposte, non promesse\u201d, dichiara Cosimo Span\u00f2, candidato per il Carroccio, alle prossime Comunali","breadcrumb":{"@id":"https:\/\/progettotouring.it\/radiotouring104\/2026\/04\/28\/elezioni-comunali-a-reggio-cosimo-spano-candidato-nella-lista-della-lega\/#breadcrumb"},"inLanguage":"it-IT","potentialAction":[{"@type":"ReadAction","target":["https:\/\/progettotouring.it\/radiotouring104\/2026\/04\/28\/elezioni-comunali-a-reggio-cosimo-spano-candidato-nella-lista-della-lega\/"]}]},{"@type":"ImageObject","inLanguage":"it-IT","@id":"https:\/\/progettotouring.it\/radiotouring104\/2026\/04\/28\/elezioni-comunali-a-reggio-cosimo-spano-candidato-nella-lista-della-lega\/#primaryimage","url":"https:\/\/progettotouring.it\/radiotouring104\/wp-content\/uploads\/sites\/6\/2026\/04\/Cosimo-Spano-candidato-comunali-Reggio-Lega-scaled.jpg","contentUrl":"https:\/\/progettotouring.it\/radiotouring104\/wp-content\/uploads\/sites\/6\/2026\/04\/Cosimo-Spano-candidato-comunali-Reggio-Lega-scaled.jpg","width":2560,"height":1613},{"@type":"BreadcrumbList","@id":"https:\/\/progettotouring.it\/radiotouring104\/2026\/04\/28\/elezioni-comunali-a-reggio-cosimo-spano-candidato-nella-lista-della-lega\/#breadcrumb","itemListElement":[{"@type":"ListItem","position":1,"name":"Home","item":"https:\/\/progettotouring.it\/radiotouring104\/"},{"@type":"ListItem","position":2,"name":"Elezioni Comunali a Reggio: Cosimo Span\u00f2 candidato nella Lista della Lega"}]},{"@type":"WebSite","@id":"https:\/\/progettotouring.it\/radiotouring104\/#website","url":"https:\/\/progettotouring.it\/radiotouring104\/","name":"Radio Touring 104","description":"La prima radio Reggina","publisher":{"@id":"https:\/\/progettotouring.it\/radiotouring104\/#organization"},"potentialAction":[{"@type":"SearchAction","target":{"@type":"EntryPoint","urlTemplate":"https:\/\/progettotouring.it\/radiotouring104\/?s={search_term_string}"},"query-input":{"@type":"PropertyValueSpecification","valueRequired":true,"valueName":"search_term_string"}}],"inLanguage":"it-IT"},{"@type":"Organization","@id":"https:\/\/progettotouring.it\/radiotouring104\/#organization","name":"Radio Touring 104","url":"https:\/\/progettotouring.it\/radiotouring104\/","logo":{"@type":"ImageObject","inLanguage":"it-IT","@id":"https:\/\/progettotouring.it\/radiotouring104\/#\/schema\/logo\/image\/","url":"https:\/\/progettotouring.it\/radiotouring104\/wp-content\/uploads\/sites\/6\/2022\/02\/cropped-logo-radio-touring-104.png","contentUrl":"https:\/\/progettotouring.it\/radiotouring104\/wp-content\/uploads\/sites\/6\/2022\/02\/cropped-logo-radio-touring-104.png","width":377,"height":182,"caption":"Radio Touring 104"},"image":{"@id":"https:\/\/progettotouring.it\/radiotouring104\/#\/schema\/logo\/image\/"}},{"@type":"Person","@id":"https:\/\/progettotouring.it\/radiotouring104\/#\/schema\/person\/1b3eb3c07c47136bc44c785c543e635f","name":"redazione","image":{"@type":"ImageObject","inLanguage":"it-IT","@id":"https:\/\/secure.gravatar.com\/avatar\/0b31605b49f100769e8b624b3e05de1b73e1692e9568a352f60f53fd072e6e11?s=96&d=mm&r=g","url":"https:\/\/secure.gravatar.com\/avatar\/0b31605b49f100769e8b624b3e05de1b73e1692e9568a352f60f53fd072e6e11?s=96&d=mm&r=g","contentUrl":"https:\/\/secure.gravatar.com\/avatar\/0b31605b49f100769e8b624b3e05de1b73e1692e9568a352f60f53fd072e6e11?s=96&d=mm&r=g","caption":"redazione"},"url":"https:\/\/progettotouring.it\/radiotouring104\/author\/redazione\/"}]}},"jetpack_publicize_connections":[],"jetpack_featured_media_url":"https:\/\/progettotouring.it\/radiotouring104\/wp-content\/uploads\/sites\/6\/2026\/04\/Cosimo-Spano-candidato-comunali-Reggio-Lega-scaled.jpg","jetpack_sharing_enabled":true,"_links":{"self":[{"href":"https:\/\/progettotouring.it\/radiotouring104\/wp-json\/wp\/v2\/posts\/94529","targetHints":{"allow":["GET"]}}],"collection":[{"href":"https:\/\/progettotouring.it\/radiotouring104\/wp-json\/wp\/v2\/posts"}],"about":[{"href":"https:\/\/progettotouring.it\/radiotouring104\/wp-json\/wp\/v2\/types\/post"}],"author":[{"embeddable":true,"href":"https:\/\/progettotouring.it\/radiotouring104\/wp-json\/wp\/v2\/users\/5"}],"replies":[{"embeddable":true,"href":"https:\/\/progettotouring.it\/radiotouring104\/wp-json\/wp\/v2\/comments?post=94529"}],"version-history":[{"count":1,"href":"https:\/\/progettotouring.it\/radiotouring104\/wp-json\/wp\/v2\/posts\/94529\/revisions"}],"predecessor-version":[{"id":94531,"href":"https:\/\/progettotouring.it\/radiotouring104\/wp-json\/wp\/v2\/posts\/94529\/revisions\/94531"}],"wp:featuredmedia":[{"embeddable":true,"href":"https:\/\/progettotouring.it\/radiotouring104\/wp-json\/wp\/v2\/media\/94530"}],"wp:attachment":[{"href":"https:\/\/progettotouring.it\/radiotouring104\/wp-json\/wp\/v2\/media?parent=94529"}],"wp:term":[{"taxonomy":"category","embeddable":true,"href":"https:\/\/progettotouring.it\/radiotouring104\/wp-json\/wp\/v2\/categories?post=94529"},{"taxonomy":"post_tag","embeddable":true,"href":"https:\/\/progettotouring.it\/radiotouring104\/wp-json\/wp\/v2\/tags?post=94529"}],"curies":[{"name":"wp","href":"https:\/\/api.w.org\/{rel}","templated":true}]}}