{"id":94545,"date":"2026-04-28T19:18:11","date_gmt":"2026-04-28T17:18:11","guid":{"rendered":"https:\/\/progettotouring.it\/radiotouring104\/?p=94545"},"modified":"2026-04-28T19:18:11","modified_gmt":"2026-04-28T17:18:11","slug":"reggio-lassessore-romeo-denuncia-un-taglio-di-fondi-destinati-alla-realizzazione-del-museo-del-mare","status":"publish","type":"post","link":"https:\/\/progettotouring.it\/radiotouring104\/2026\/04\/28\/reggio-lassessore-romeo-denuncia-un-taglio-di-fondi-destinati-alla-realizzazione-del-museo-del-mare\/","title":{"rendered":"Reggio: l&#8217;Assessore Romeo denuncia un taglio di fondi destinati alla realizzazione del Museo del Mare"},"content":{"rendered":"<div class=\"h-100 d-flex flex-column container-fluid message-container no-dark-filter pe-3 detail\">\n<div class=\"row message-content\">\n<div class=\"col-12 h-100 d-flex flex-column overflow-y\">\n<div class=\"card\">\n<div class=\"card-body message-content-body pt-0 d-flex flex-column gap-4 margin-left\">\n<div class=\"message-content-body-text\">\n<div class=\"email-viewer-container\">\n<div class=\"viewport\">\n<div class=\"content\">\n<div>\n<div class=\"xam_msg_class\">\n<div dir=\"auto\">\n<div>\n<div dir=\"auto\">\u00ab<em>Al di l\u00e0 dei proclami elettorali, \u00e8 bene che i reggini sappiano che l\u2019unico \u201cregalo\u201d che il centrodestra sta realmente facendo alla citt\u00e0 di Reggio Calabria in queste ore \u00e8 un taglio netto ai fondi di coesione, dirottati dal governo verso il Piano casa nazionale\u00bb<\/em>.<\/div>\n<div dir=\"auto\">Queste le dichiarazioni di Carmelo Romeo, assessore comunale alla Programmazione comunitaria, che continua:<\/div>\n<div dir=\"auto\"><em>\u00abSi parla di parecchi milioni di euro nell\u2019ambito del Pn Metro Plus che, per esempio, erano destinati a contributi alle piccole e medie imprese, all&#8217;occupazione giovanile, all\u2019Hub per l\u2019innovazione, alle comunit\u00e0 energetiche rinnovabili, all\u2019inclusione digitale, ai quartieri resilienti, al sociale, a servizi per persone con disabilit\u00e0. Alla citt\u00e0 di Reggio non servono ulteriori risorse oltre i 10 milioni gi\u00e0 programmati per l Housing sociale, serve oggi sostenere, oltre che la riqualificazione del patrimonio esistente, le politiche che abbiamo gi\u00e0 avviato per creare le condizioni affinch\u00e9 i nostri giovani possano restare e altri possano ritornare\u00bb.<\/em><\/div>\n<div dir=\"auto\"><\/div>\n<div dir=\"auto\">\u00ab<em>Nel corso di un incontro con il vice capo gabinetto del Ministro per gli Affari Europei Paolo Foti e l\u2019Autorit\u00e0 di gestione hanno comunicato che vogliono toglierci addirittura 29 milioni di euro, la gran parte dei quali destinati alla realizzazione del Museo del Mare, ma dopo le nostre forti e reiterate proteste hanno garantito, sebbene ancora non ci sia alcun documento scritto che lo certifica, che i 20 milioni per il Museo del Mare si proporr\u00e0 che siano riprogrammati su un&#8217;altra fonte di finanziamento di cui ancora non si ha l&#8217;ufficialit\u00e0. Gli altri 9 milioni, invece, li dirottano definitivamente. E come se ci\u00f2 non bastasse \u2013 prosegue l\u2019assessore \u2013 ci tolgono anche 33 milioni di flessibilit\u00e0 che invece ci spettavano perch\u00e9, grazie alla solerzia e alla competenza degli uffici comunali, \u00e8 stato raggiunto il target di spesa in pochi mesi (da maggio a dicembre 2025)\u00bb.\u00a0<\/em><\/div>\n<div dir=\"auto\"><\/div>\n<div dir=\"auto\">\u00ab<em>Come ho fatto presente nell\u2019incontro bilaterale con il Ministero<\/em> \u2013 conclude Romeo \u2013 <em>riteniamo questo taglio penalizzante, discriminatorio e soprattutto un freno allo sviluppo dei nostri territori. Il governo ancora una volta, con 500 milioni sottratti alle Citt\u00e0 metropolitane del Sud, penalizza senza alcuna concertazione un territorio che patisce lo spopolamento e una continua emorragia di giovani che, grazie ai progetti ora tagliati dal centrodestra, si sarebbe potuta frenare non con l&#8217;assistenzialismo, ma attraverso un programma innovativo a sostegno dell\u2019occupazione giovanile e delle imprese\u00bb.<\/em><\/div>\n<\/div>\n<div><\/div>\n<\/div>\n<\/div>\n<\/div>\n<\/div>\n<\/div>\n<\/div>\n<\/div>\n<\/div>\n<div class=\"card-footer message-content-footer pb-3 sticky-bottom z-3 margin-left\">\n<div class=\"aru-button-group\" role=\"group\">\n<div class=\"top-text\">\n<div class=\"aru-button__inner aru-button__inner--md\n\n               \"><\/p>\n<div class=\"aru-button__content aru-button__content--start\"><\/div>\n<\/div>\n<\/div>\n<div class=\"top-text\">\n<div class=\"aru-button__inner aru-button__inner--md\n\n               \"><\/p>\n<div class=\"aru-button__content aru-button__content--start\"><\/div>\n<\/div>\n<\/div>\n<div class=\"top-text\">\n<div class=\"aru-button__inner aru-button__inner--md\n\n               \"><\/p>\n<div class=\"aru-button__content aru-button__content--start\"><\/div>\n<\/div>\n<\/div>\n<\/div>\n<\/div>\n<\/div>\n<\/div>\n<\/div>\n<\/div>\n<div class=\"as-split-gutter\" role=\"separator\"><\/div>\n","protected":false},"excerpt":{"rendered":"<p>\u00abAl di l\u00e0 dei proclami elettorali, \u00e8 bene che i reggini sappiano che l\u2019unico \u201cregalo\u201d che il centrodestra sta realmente facendo alla citt\u00e0 di Reggio Calabria in queste ore \u00e8&hellip;<\/p>\n","protected":false},"author":19,"featured_media":48028,"comment_status":"closed","ping_status":"open","sticky":false,"template":"","format":"standard","meta":{"_jetpack_memberships_contains_paid_content":false,"footnotes":"","jetpack_publicize_message":"","jetpack_publicize_feature_enabled":true,"jetpack_social_post_already_shared":true,"jetpack_social_options":{"image_generator_settings":{"template":"highway","default_image_id":0,"font":"","enabled":false},"version":2}},"categories":[921,196,140],"tags":[],"class_list":["post-94545","post","type-post","status-publish","format-standard","has-post-thumbnail","hentry","category-home","category-news","category-reggio-calabria"],"yoast_head":"<!-- This site is optimized with the Yoast SEO plugin v27.2 - https:\/\/yoast.com\/product\/yoast-seo-wordpress\/ -->\n<title>Reggio: l&#039;Assessore Romeo denuncia un taglio di fondi destinati alla realizzazione del Museo del Mare - Radio Touring 104<\/title>\n<meta name=\"description\" content=\"&quot;Dopo le proteste hanno risposto che stanno cercando altre risorse senza indicare i tempi. Resta per\u00f2 la decisione che discrimina e penalizza un intero territorio&quot;\" \/>\n<meta name=\"robots\" content=\"index, follow, max-snippet:-1, max-image-preview:large, max-video-preview:-1\" \/>\n<link rel=\"canonical\" href=\"https:\/\/progettotouring.it\/radiotouring104\/2026\/04\/28\/reggio-lassessore-romeo-denuncia-un-taglio-di-fondi-destinati-alla-realizzazione-del-museo-del-mare\/\" \/>\n<meta property=\"og:locale\" content=\"it_IT\" \/>\n<meta property=\"og:type\" content=\"article\" \/>\n<meta property=\"og:title\" content=\"Reggio: l&#039;Assessore Romeo denuncia un taglio di fondi destinati alla realizzazione del Museo del Mare - Radio Touring 104\" \/>\n<meta property=\"og:description\" content=\"&quot;Dopo le proteste hanno risposto che stanno cercando altre risorse senza indicare i tempi. Resta per\u00f2 la decisione che discrimina e penalizza un intero territorio&quot;\" \/>\n<meta property=\"og:url\" content=\"https:\/\/progettotouring.it\/radiotouring104\/2026\/04\/28\/reggio-lassessore-romeo-denuncia-un-taglio-di-fondi-destinati-alla-realizzazione-del-museo-del-mare\/\" \/>\n<meta property=\"og:site_name\" content=\"Radio Touring 104\" \/>\n<meta property=\"article:published_time\" content=\"2026-04-28T17:18:11+00:00\" \/>\n<meta property=\"og:image\" content=\"https:\/\/progettotouring.it\/radiotouring104\/wp-content\/uploads\/sites\/6\/2024\/03\/firma-concessione-aree-museo-del-mare-Carmelo-Romeo.jpeg\" \/>\n\t<meta property=\"og:image:width\" content=\"917\" \/>\n\t<meta property=\"og:image:height\" content=\"709\" \/>\n\t<meta property=\"og:image:type\" content=\"image\/jpeg\" \/>\n<meta name=\"author\" content=\"S L\" \/>\n<meta name=\"twitter:card\" content=\"summary_large_image\" \/>\n<meta name=\"twitter:label1\" content=\"Scritto da\" \/>\n\t<meta name=\"twitter:data1\" content=\"S L\" \/>\n\t<meta name=\"twitter:label2\" content=\"Tempo di lettura stimato\" \/>\n\t<meta name=\"twitter:data2\" content=\"2 minuti\" \/>\n<script type=\"application\/ld+json\" class=\"yoast-schema-graph\">{\"@context\":\"https:\/\/schema.org\",\"@graph\":[{\"@type\":\"Article\",\"@id\":\"https:\/\/progettotouring.it\/radiotouring104\/2026\/04\/28\/reggio-lassessore-romeo-denuncia-un-taglio-di-fondi-destinati-alla-realizzazione-del-museo-del-mare\/#article\",\"isPartOf\":{\"@id\":\"https:\/\/progettotouring.it\/radiotouring104\/2026\/04\/28\/reggio-lassessore-romeo-denuncia-un-taglio-di-fondi-destinati-alla-realizzazione-del-museo-del-mare\/\"},\"author\":{\"name\":\"S L\",\"@id\":\"https:\/\/progettotouring.it\/radiotouring104\/#\/schema\/person\/b9f9c3730b0a78814c9b9f3bfc52c619\"},\"headline\":\"Reggio: l&#8217;Assessore Romeo denuncia un taglio di fondi destinati alla realizzazione del Museo del Mare\",\"datePublished\":\"2026-04-28T17:18:11+00:00\",\"mainEntityOfPage\":{\"@id\":\"https:\/\/progettotouring.it\/radiotouring104\/2026\/04\/28\/reggio-lassessore-romeo-denuncia-un-taglio-di-fondi-destinati-alla-realizzazione-del-museo-del-mare\/\"},\"wordCount\":391,\"publisher\":{\"@id\":\"https:\/\/progettotouring.it\/radiotouring104\/#organization\"},\"image\":{\"@id\":\"https:\/\/progettotouring.it\/radiotouring104\/2026\/04\/28\/reggio-lassessore-romeo-denuncia-un-taglio-di-fondi-destinati-alla-realizzazione-del-museo-del-mare\/#primaryimage\"},\"thumbnailUrl\":\"https:\/\/progettotouring.it\/radiotouring104\/wp-content\/uploads\/sites\/6\/2024\/03\/firma-concessione-aree-museo-del-mare-Carmelo-Romeo.jpeg\",\"articleSection\":[\"Home\",\"News\",\"Reggio Calabria\"],\"inLanguage\":\"it-IT\"},{\"@type\":\"WebPage\",\"@id\":\"https:\/\/progettotouring.it\/radiotouring104\/2026\/04\/28\/reggio-lassessore-romeo-denuncia-un-taglio-di-fondi-destinati-alla-realizzazione-del-museo-del-mare\/\",\"url\":\"https:\/\/progettotouring.it\/radiotouring104\/2026\/04\/28\/reggio-lassessore-romeo-denuncia-un-taglio-di-fondi-destinati-alla-realizzazione-del-museo-del-mare\/\",\"name\":\"Reggio: l'Assessore Romeo denuncia un taglio di fondi destinati alla realizzazione del Museo del Mare - Radio Touring 104\",\"isPartOf\":{\"@id\":\"https:\/\/progettotouring.it\/radiotouring104\/#website\"},\"primaryImageOfPage\":{\"@id\":\"https:\/\/progettotouring.it\/radiotouring104\/2026\/04\/28\/reggio-lassessore-romeo-denuncia-un-taglio-di-fondi-destinati-alla-realizzazione-del-museo-del-mare\/#primaryimage\"},\"image\":{\"@id\":\"https:\/\/progettotouring.it\/radiotouring104\/2026\/04\/28\/reggio-lassessore-romeo-denuncia-un-taglio-di-fondi-destinati-alla-realizzazione-del-museo-del-mare\/#primaryimage\"},\"thumbnailUrl\":\"https:\/\/progettotouring.it\/radiotouring104\/wp-content\/uploads\/sites\/6\/2024\/03\/firma-concessione-aree-museo-del-mare-Carmelo-Romeo.jpeg\",\"datePublished\":\"2026-04-28T17:18:11+00:00\",\"description\":\"\\\"Dopo le proteste hanno risposto che stanno cercando altre risorse senza indicare i tempi. Resta per\u00f2 la decisione che discrimina e penalizza un intero territorio\\\"\",\"breadcrumb\":{\"@id\":\"https:\/\/progettotouring.it\/radiotouring104\/2026\/04\/28\/reggio-lassessore-romeo-denuncia-un-taglio-di-fondi-destinati-alla-realizzazione-del-museo-del-mare\/#breadcrumb\"},\"inLanguage\":\"it-IT\",\"potentialAction\":[{\"@type\":\"ReadAction\",\"target\":[\"https:\/\/progettotouring.it\/radiotouring104\/2026\/04\/28\/reggio-lassessore-romeo-denuncia-un-taglio-di-fondi-destinati-alla-realizzazione-del-museo-del-mare\/\"]}]},{\"@type\":\"ImageObject\",\"inLanguage\":\"it-IT\",\"@id\":\"https:\/\/progettotouring.it\/radiotouring104\/2026\/04\/28\/reggio-lassessore-romeo-denuncia-un-taglio-di-fondi-destinati-alla-realizzazione-del-museo-del-mare\/#primaryimage\",\"url\":\"https:\/\/progettotouring.it\/radiotouring104\/wp-content\/uploads\/sites\/6\/2024\/03\/firma-concessione-aree-museo-del-mare-Carmelo-Romeo.jpeg\",\"contentUrl\":\"https:\/\/progettotouring.it\/radiotouring104\/wp-content\/uploads\/sites\/6\/2024\/03\/firma-concessione-aree-museo-del-mare-Carmelo-Romeo.jpeg\",\"width\":917,\"height\":709},{\"@type\":\"BreadcrumbList\",\"@id\":\"https:\/\/progettotouring.it\/radiotouring104\/2026\/04\/28\/reggio-lassessore-romeo-denuncia-un-taglio-di-fondi-destinati-alla-realizzazione-del-museo-del-mare\/#breadcrumb\",\"itemListElement\":[{\"@type\":\"ListItem\",\"position\":1,\"name\":\"Home\",\"item\":\"https:\/\/progettotouring.it\/radiotouring104\/\"},{\"@type\":\"ListItem\",\"position\":2,\"name\":\"Reggio: l&#8217;Assessore Romeo denuncia un taglio di fondi destinati alla realizzazione del Museo del Mare\"}]},{\"@type\":\"WebSite\",\"@id\":\"https:\/\/progettotouring.it\/radiotouring104\/#website\",\"url\":\"https:\/\/progettotouring.it\/radiotouring104\/\",\"name\":\"Radio Touring 104\",\"description\":\"La prima radio Reggina\",\"publisher\":{\"@id\":\"https:\/\/progettotouring.it\/radiotouring104\/#organization\"},\"potentialAction\":[{\"@type\":\"SearchAction\",\"target\":{\"@type\":\"EntryPoint\",\"urlTemplate\":\"https:\/\/progettotouring.it\/radiotouring104\/?s={search_term_string}\"},\"query-input\":{\"@type\":\"PropertyValueSpecification\",\"valueRequired\":true,\"valueName\":\"search_term_string\"}}],\"inLanguage\":\"it-IT\"},{\"@type\":\"Organization\",\"@id\":\"https:\/\/progettotouring.it\/radiotouring104\/#organization\",\"name\":\"Radio Touring 104\",\"url\":\"https:\/\/progettotouring.it\/radiotouring104\/\",\"logo\":{\"@type\":\"ImageObject\",\"inLanguage\":\"it-IT\",\"@id\":\"https:\/\/progettotouring.it\/radiotouring104\/#\/schema\/logo\/image\/\",\"url\":\"https:\/\/progettotouring.it\/radiotouring104\/wp-content\/uploads\/sites\/6\/2022\/02\/cropped-logo-radio-touring-104.png\",\"contentUrl\":\"https:\/\/progettotouring.it\/radiotouring104\/wp-content\/uploads\/sites\/6\/2022\/02\/cropped-logo-radio-touring-104.png\",\"width\":377,\"height\":182,\"caption\":\"Radio Touring 104\"},\"image\":{\"@id\":\"https:\/\/progettotouring.it\/radiotouring104\/#\/schema\/logo\/image\/\"}},{\"@type\":\"Person\",\"@id\":\"https:\/\/progettotouring.it\/radiotouring104\/#\/schema\/person\/b9f9c3730b0a78814c9b9f3bfc52c619\",\"name\":\"S L\",\"image\":{\"@type\":\"ImageObject\",\"inLanguage\":\"it-IT\",\"@id\":\"https:\/\/secure.gravatar.com\/avatar\/652c51789d7030aaed9ff828331360502a68204fe6fb0831bc280515210e16d2?s=96&d=mm&r=g\",\"url\":\"https:\/\/secure.gravatar.com\/avatar\/652c51789d7030aaed9ff828331360502a68204fe6fb0831bc280515210e16d2?s=96&d=mm&r=g\",\"contentUrl\":\"https:\/\/secure.gravatar.com\/avatar\/652c51789d7030aaed9ff828331360502a68204fe6fb0831bc280515210e16d2?s=96&d=mm&r=g\",\"caption\":\"S L\"},\"url\":\"https:\/\/progettotouring.it\/radiotouring104\/author\/slibri\/\"}]}<\/script>\n<!-- \/ Yoast SEO plugin. -->","yoast_head_json":{"title":"Reggio: l'Assessore Romeo denuncia un taglio di fondi destinati alla realizzazione del Museo del Mare - Radio Touring 104","description":"\"Dopo le proteste hanno risposto che stanno cercando altre risorse senza indicare i tempi. Resta per\u00f2 la decisione che discrimina e penalizza un intero territorio\"","robots":{"index":"index","follow":"follow","max-snippet":"max-snippet:-1","max-image-preview":"max-image-preview:large","max-video-preview":"max-video-preview:-1"},"canonical":"https:\/\/progettotouring.it\/radiotouring104\/2026\/04\/28\/reggio-lassessore-romeo-denuncia-un-taglio-di-fondi-destinati-alla-realizzazione-del-museo-del-mare\/","og_locale":"it_IT","og_type":"article","og_title":"Reggio: l'Assessore Romeo denuncia un taglio di fondi destinati alla realizzazione del Museo del Mare - Radio Touring 104","og_description":"\"Dopo le proteste hanno risposto che stanno cercando altre risorse senza indicare i tempi. Resta per\u00f2 la decisione che discrimina e penalizza un intero territorio\"","og_url":"https:\/\/progettotouring.it\/radiotouring104\/2026\/04\/28\/reggio-lassessore-romeo-denuncia-un-taglio-di-fondi-destinati-alla-realizzazione-del-museo-del-mare\/","og_site_name":"Radio Touring 104","article_published_time":"2026-04-28T17:18:11+00:00","og_image":[{"width":917,"height":709,"url":"https:\/\/progettotouring.it\/radiotouring104\/wp-content\/uploads\/sites\/6\/2024\/03\/firma-concessione-aree-museo-del-mare-Carmelo-Romeo.jpeg","type":"image\/jpeg"}],"author":"S L","twitter_card":"summary_large_image","twitter_misc":{"Scritto da":"S L","Tempo di lettura stimato":"2 minuti"},"schema":{"@context":"https:\/\/schema.org","@graph":[{"@type":"Article","@id":"https:\/\/progettotouring.it\/radiotouring104\/2026\/04\/28\/reggio-lassessore-romeo-denuncia-un-taglio-di-fondi-destinati-alla-realizzazione-del-museo-del-mare\/#article","isPartOf":{"@id":"https:\/\/progettotouring.it\/radiotouring104\/2026\/04\/28\/reggio-lassessore-romeo-denuncia-un-taglio-di-fondi-destinati-alla-realizzazione-del-museo-del-mare\/"},"author":{"name":"S L","@id":"https:\/\/progettotouring.it\/radiotouring104\/#\/schema\/person\/b9f9c3730b0a78814c9b9f3bfc52c619"},"headline":"Reggio: l&#8217;Assessore Romeo denuncia un taglio di fondi destinati alla realizzazione del Museo del Mare","datePublished":"2026-04-28T17:18:11+00:00","mainEntityOfPage":{"@id":"https:\/\/progettotouring.it\/radiotouring104\/2026\/04\/28\/reggio-lassessore-romeo-denuncia-un-taglio-di-fondi-destinati-alla-realizzazione-del-museo-del-mare\/"},"wordCount":391,"publisher":{"@id":"https:\/\/progettotouring.it\/radiotouring104\/#organization"},"image":{"@id":"https:\/\/progettotouring.it\/radiotouring104\/2026\/04\/28\/reggio-lassessore-romeo-denuncia-un-taglio-di-fondi-destinati-alla-realizzazione-del-museo-del-mare\/#primaryimage"},"thumbnailUrl":"https:\/\/progettotouring.it\/radiotouring104\/wp-content\/uploads\/sites\/6\/2024\/03\/firma-concessione-aree-museo-del-mare-Carmelo-Romeo.jpeg","articleSection":["Home","News","Reggio Calabria"],"inLanguage":"it-IT"},{"@type":"WebPage","@id":"https:\/\/progettotouring.it\/radiotouring104\/2026\/04\/28\/reggio-lassessore-romeo-denuncia-un-taglio-di-fondi-destinati-alla-realizzazione-del-museo-del-mare\/","url":"https:\/\/progettotouring.it\/radiotouring104\/2026\/04\/28\/reggio-lassessore-romeo-denuncia-un-taglio-di-fondi-destinati-alla-realizzazione-del-museo-del-mare\/","name":"Reggio: l'Assessore Romeo denuncia un taglio di fondi destinati alla realizzazione del Museo del Mare - Radio Touring 104","isPartOf":{"@id":"https:\/\/progettotouring.it\/radiotouring104\/#website"},"primaryImageOfPage":{"@id":"https:\/\/progettotouring.it\/radiotouring104\/2026\/04\/28\/reggio-lassessore-romeo-denuncia-un-taglio-di-fondi-destinati-alla-realizzazione-del-museo-del-mare\/#primaryimage"},"image":{"@id":"https:\/\/progettotouring.it\/radiotouring104\/2026\/04\/28\/reggio-lassessore-romeo-denuncia-un-taglio-di-fondi-destinati-alla-realizzazione-del-museo-del-mare\/#primaryimage"},"thumbnailUrl":"https:\/\/progettotouring.it\/radiotouring104\/wp-content\/uploads\/sites\/6\/2024\/03\/firma-concessione-aree-museo-del-mare-Carmelo-Romeo.jpeg","datePublished":"2026-04-28T17:18:11+00:00","description":"\"Dopo le proteste hanno risposto che stanno cercando altre risorse senza indicare i tempi. Resta per\u00f2 la decisione che discrimina e penalizza un intero territorio\"","breadcrumb":{"@id":"https:\/\/progettotouring.it\/radiotouring104\/2026\/04\/28\/reggio-lassessore-romeo-denuncia-un-taglio-di-fondi-destinati-alla-realizzazione-del-museo-del-mare\/#breadcrumb"},"inLanguage":"it-IT","potentialAction":[{"@type":"ReadAction","target":["https:\/\/progettotouring.it\/radiotouring104\/2026\/04\/28\/reggio-lassessore-romeo-denuncia-un-taglio-di-fondi-destinati-alla-realizzazione-del-museo-del-mare\/"]}]},{"@type":"ImageObject","inLanguage":"it-IT","@id":"https:\/\/progettotouring.it\/radiotouring104\/2026\/04\/28\/reggio-lassessore-romeo-denuncia-un-taglio-di-fondi-destinati-alla-realizzazione-del-museo-del-mare\/#primaryimage","url":"https:\/\/progettotouring.it\/radiotouring104\/wp-content\/uploads\/sites\/6\/2024\/03\/firma-concessione-aree-museo-del-mare-Carmelo-Romeo.jpeg","contentUrl":"https:\/\/progettotouring.it\/radiotouring104\/wp-content\/uploads\/sites\/6\/2024\/03\/firma-concessione-aree-museo-del-mare-Carmelo-Romeo.jpeg","width":917,"height":709},{"@type":"BreadcrumbList","@id":"https:\/\/progettotouring.it\/radiotouring104\/2026\/04\/28\/reggio-lassessore-romeo-denuncia-un-taglio-di-fondi-destinati-alla-realizzazione-del-museo-del-mare\/#breadcrumb","itemListElement":[{"@type":"ListItem","position":1,"name":"Home","item":"https:\/\/progettotouring.it\/radiotouring104\/"},{"@type":"ListItem","position":2,"name":"Reggio: l&#8217;Assessore Romeo denuncia un taglio di fondi destinati alla realizzazione del Museo del Mare"}]},{"@type":"WebSite","@id":"https:\/\/progettotouring.it\/radiotouring104\/#website","url":"https:\/\/progettotouring.it\/radiotouring104\/","name":"Radio Touring 104","description":"La prima radio Reggina","publisher":{"@id":"https:\/\/progettotouring.it\/radiotouring104\/#organization"},"potentialAction":[{"@type":"SearchAction","target":{"@type":"EntryPoint","urlTemplate":"https:\/\/progettotouring.it\/radiotouring104\/?s={search_term_string}"},"query-input":{"@type":"PropertyValueSpecification","valueRequired":true,"valueName":"search_term_string"}}],"inLanguage":"it-IT"},{"@type":"Organization","@id":"https:\/\/progettotouring.it\/radiotouring104\/#organization","name":"Radio Touring 104","url":"https:\/\/progettotouring.it\/radiotouring104\/","logo":{"@type":"ImageObject","inLanguage":"it-IT","@id":"https:\/\/progettotouring.it\/radiotouring104\/#\/schema\/logo\/image\/","url":"https:\/\/progettotouring.it\/radiotouring104\/wp-content\/uploads\/sites\/6\/2022\/02\/cropped-logo-radio-touring-104.png","contentUrl":"https:\/\/progettotouring.it\/radiotouring104\/wp-content\/uploads\/sites\/6\/2022\/02\/cropped-logo-radio-touring-104.png","width":377,"height":182,"caption":"Radio Touring 104"},"image":{"@id":"https:\/\/progettotouring.it\/radiotouring104\/#\/schema\/logo\/image\/"}},{"@type":"Person","@id":"https:\/\/progettotouring.it\/radiotouring104\/#\/schema\/person\/b9f9c3730b0a78814c9b9f3bfc52c619","name":"S L","image":{"@type":"ImageObject","inLanguage":"it-IT","@id":"https:\/\/secure.gravatar.com\/avatar\/652c51789d7030aaed9ff828331360502a68204fe6fb0831bc280515210e16d2?s=96&d=mm&r=g","url":"https:\/\/secure.gravatar.com\/avatar\/652c51789d7030aaed9ff828331360502a68204fe6fb0831bc280515210e16d2?s=96&d=mm&r=g","contentUrl":"https:\/\/secure.gravatar.com\/avatar\/652c51789d7030aaed9ff828331360502a68204fe6fb0831bc280515210e16d2?s=96&d=mm&r=g","caption":"S L"},"url":"https:\/\/progettotouring.it\/radiotouring104\/author\/slibri\/"}]}},"jetpack_publicize_connections":[],"jetpack_featured_media_url":"https:\/\/progettotouring.it\/radiotouring104\/wp-content\/uploads\/sites\/6\/2024\/03\/firma-concessione-aree-museo-del-mare-Carmelo-Romeo.jpeg","jetpack_sharing_enabled":true,"_links":{"self":[{"href":"https:\/\/progettotouring.it\/radiotouring104\/wp-json\/wp\/v2\/posts\/94545","targetHints":{"allow":["GET"]}}],"collection":[{"href":"https:\/\/progettotouring.it\/radiotouring104\/wp-json\/wp\/v2\/posts"}],"about":[{"href":"https:\/\/progettotouring.it\/radiotouring104\/wp-json\/wp\/v2\/types\/post"}],"author":[{"embeddable":true,"href":"https:\/\/progettotouring.it\/radiotouring104\/wp-json\/wp\/v2\/users\/19"}],"replies":[{"embeddable":true,"href":"https:\/\/progettotouring.it\/radiotouring104\/wp-json\/wp\/v2\/comments?post=94545"}],"version-history":[{"count":1,"href":"https:\/\/progettotouring.it\/radiotouring104\/wp-json\/wp\/v2\/posts\/94545\/revisions"}],"predecessor-version":[{"id":94546,"href":"https:\/\/progettotouring.it\/radiotouring104\/wp-json\/wp\/v2\/posts\/94545\/revisions\/94546"}],"wp:featuredmedia":[{"embeddable":true,"href":"https:\/\/progettotouring.it\/radiotouring104\/wp-json\/wp\/v2\/media\/48028"}],"wp:attachment":[{"href":"https:\/\/progettotouring.it\/radiotouring104\/wp-json\/wp\/v2\/media?parent=94545"}],"wp:term":[{"taxonomy":"category","embeddable":true,"href":"https:\/\/progettotouring.it\/radiotouring104\/wp-json\/wp\/v2\/categories?post=94545"},{"taxonomy":"post_tag","embeddable":true,"href":"https:\/\/progettotouring.it\/radiotouring104\/wp-json\/wp\/v2\/tags?post=94545"}],"curies":[{"name":"wp","href":"https:\/\/api.w.org\/{rel}","templated":true}]}}