{"id":94559,"date":"2026-04-30T09:42:03","date_gmt":"2026-04-30T07:42:03","guid":{"rendered":"https:\/\/progettotouring.it\/radiotouring104\/?p=94559"},"modified":"2026-04-30T10:18:54","modified_gmt":"2026-04-30T08:18:54","slug":"redel-viola-ecco-la-griglia-ai-play-off-dei-neroarancio","status":"publish","type":"post","link":"https:\/\/progettotouring.it\/radiotouring104\/2026\/04\/30\/redel-viola-ecco-la-griglia-ai-play-off-dei-neroarancio\/","title":{"rendered":"Redel Viola: ecco la griglia ai Play Off dei Neroarancio"},"content":{"rendered":"<p>L\u2019ultima Giornata della Regular Season ha delineato la griglia dei Play-Off Promozione raggruppamento Centro-Sud con protagoniste le migliori 8 dei Gironi E ed F.<\/p>\n<p>16 squadre cercheranno di vincere e d&#8217;essere promosse; c\u2019\u00e8 una speranza per chi perde la Finale, che potr\u00e0 disputare un concentramento a 3 con le perdenti delle Finali degli altri 2 raggruppamenti, ma prima c\u2019\u00e8 da combattere da maggio fino a met\u00e0 giugno.<\/p>\n<p>Il Tabellone \u00e8 stato diviso in 2: da una parte c\u2019\u00e8 la vincitrice del girone E, che avr\u00e0 la testa di serie numero uno, ovvero la Carver Roma giocher\u00e0 l\u2019ottavo di finale contro il Monopoli, squadra del girone F che ha deluso le attese e che ha strappato l\u20198\u00b0 posto, solo nell\u2019ultima giornata.<\/p>\n<p>Chi superer\u00e0 questo turno, se la vedr\u00e0 con la vincente dell\u2019altro ottavo, che si disputer\u00e0 fra la quarta del Girone F, Ragusa e la quinta del Girone E Angri. Da queste quattro uscir\u00e0 la prima semifinalista.<\/p>\n<p>La 2\u00b0 semifinalista uscir\u00e0 dalla parte del Tabellone, che vede coinvolta la Redel e che affronter\u00e0 la settima del Girone E, il temibile Benevento; chi si qualificher\u00e0 al prossimo turno, attende la vincente del duello tra la 3\u00b0 del Girone E, l\u2019EBK Roma e la sesta del girone F, il Barcellona degli ex Aguzzoli e Cessell.<\/p>\n<p>Dall\u2019altra parte del Tabellone stessi accoppiamenti ma gironi opposti: Matera \u00e8 la numero uno e sfider\u00e0 l\u2019Aquilano, ottava del Girone E. Chi vince giocher\u00e0 i quarti contro la vincente del duello fra la quarta del Girone E, Viterbo ed il Catanzaro, quinta nel raggruppamento F per poi giocarsi la Semifinale contro chi arriver\u00e0 dall\u2019ultima parte del tabellone.<\/p>\n<p>Qui c\u2019\u00e8 la seconda del Girone E, lo Scandone Avellino, che sfider\u00e0 la settima del Girone F, l\u2019ostico Basket School Messina; chi superer\u00e0 il turno, attender\u00e0 la vincente del duello fra il Brindisi, rivelazione e terzo del Girone F ed il Cagliari, che ha chiuso 6\u00b0 nel girone E.<\/p>\n<p>Si gioca al meglio delle 3 Gare; si comincia domenica 3 maggio con gli ottavi di finale.<\/p>\n<p>Come disse il grande Magic Johnson, a met\u00e0 degli anni\u201980: &#8220;I Play Off sono arrivati, adesso sedetevi tutti e divertitevi!&#8221;<\/p>\n","protected":false},"excerpt":{"rendered":"<p>L\u2019ultima Giornata della Regular Season ha delineato la griglia dei Play-Off Promozione raggruppamento Centro-Sud con protagoniste le migliori 8 dei Gironi E ed F. 16 squadre cercheranno di vincere e&hellip;<\/p>\n","protected":false},"author":21,"featured_media":94560,"comment_status":"closed","ping_status":"open","sticky":false,"template":"","format":"standard","meta":{"_jetpack_memberships_contains_paid_content":false,"footnotes":"","jetpack_publicize_message":"","jetpack_publicize_feature_enabled":true,"jetpack_social_post_already_shared":true,"jetpack_social_options":{"image_generator_settings":{"template":"highway","default_image_id":0,"font":"","enabled":false},"version":2}},"categories":[196,140,144],"tags":[53249,53250,53248,53251,34365],"class_list":["post-94559","post","type-post","status-publish","format-standard","has-post-thumbnail","hentry","category-news","category-reggio-calabria","category-sport","tag-gironi-e","tag-gironi-f","tag-griglia-play-off","tag-raggruppamento-centro-sud","tag-redel-viola"],"yoast_head":"<!-- This site is optimized with the Yoast SEO plugin v27.2 - https:\/\/yoast.com\/product\/yoast-seo-wordpress\/ -->\n<title>Redel Viola: ecco la griglia ai Play Off dei Neroarancio<\/title>\n<meta name=\"description\" content=\"Ecco tutti i dettagli della griglia dei Play Off promozione raggruppamento centro-sud con protagoniste le migliori otto dei gironi E ed F\" \/>\n<meta name=\"robots\" content=\"index, follow, max-snippet:-1, max-image-preview:large, max-video-preview:-1\" \/>\n<link rel=\"canonical\" href=\"https:\/\/progettotouring.it\/radiotouring104\/2026\/04\/30\/redel-viola-ecco-la-griglia-ai-play-off-dei-neroarancio\/\" \/>\n<meta property=\"og:locale\" content=\"it_IT\" \/>\n<meta property=\"og:type\" content=\"article\" \/>\n<meta property=\"og:title\" content=\"Redel Viola: ecco la griglia ai Play Off dei Neroarancio\" \/>\n<meta property=\"og:description\" content=\"Ecco tutti i dettagli della griglia dei Play Off promozione raggruppamento centro-sud con protagoniste le migliori otto dei gironi E ed F\" \/>\n<meta property=\"og:url\" content=\"https:\/\/progettotouring.it\/radiotouring104\/2026\/04\/30\/redel-viola-ecco-la-griglia-ai-play-off-dei-neroarancio\/\" \/>\n<meta property=\"og:site_name\" content=\"Radio Touring 104\" \/>\n<meta property=\"article:published_time\" content=\"2026-04-30T07:42:03+00:00\" \/>\n<meta property=\"article:modified_time\" content=\"2026-04-30T08:18:54+00:00\" \/>\n<meta property=\"og:image\" content=\"https:\/\/progettotouring.it\/radiotouring104\/wp-content\/uploads\/sites\/6\/2026\/04\/Griglia-Play-Off-2026-Redel-Viola.jpg\" \/>\n\t<meta property=\"og:image:width\" content=\"1133\" \/>\n\t<meta property=\"og:image:height\" content=\"547\" \/>\n\t<meta property=\"og:image:type\" content=\"image\/jpeg\" \/>\n<meta name=\"author\" content=\"Giuseppe Dattola\" \/>\n<meta name=\"twitter:card\" content=\"summary_large_image\" \/>\n<meta name=\"twitter:label1\" content=\"Scritto da\" \/>\n\t<meta name=\"twitter:data1\" content=\"Giuseppe Dattola\" \/>\n\t<meta name=\"twitter:label2\" content=\"Tempo di lettura stimato\" \/>\n\t<meta name=\"twitter:data2\" content=\"2 minuti\" \/>\n<script type=\"application\/ld+json\" class=\"yoast-schema-graph\">{\"@context\":\"https:\/\/schema.org\",\"@graph\":[{\"@type\":\"Article\",\"@id\":\"https:\/\/progettotouring.it\/radiotouring104\/2026\/04\/30\/redel-viola-ecco-la-griglia-ai-play-off-dei-neroarancio\/#article\",\"isPartOf\":{\"@id\":\"https:\/\/progettotouring.it\/radiotouring104\/2026\/04\/30\/redel-viola-ecco-la-griglia-ai-play-off-dei-neroarancio\/\"},\"author\":{\"name\":\"Giuseppe Dattola\",\"@id\":\"https:\/\/progettotouring.it\/radiotouring104\/#\/schema\/person\/c0e800756c839eae8c93153858959084\"},\"headline\":\"Redel Viola: ecco la griglia ai Play Off dei Neroarancio\",\"datePublished\":\"2026-04-30T07:42:03+00:00\",\"dateModified\":\"2026-04-30T08:18:54+00:00\",\"mainEntityOfPage\":{\"@id\":\"https:\/\/progettotouring.it\/radiotouring104\/2026\/04\/30\/redel-viola-ecco-la-griglia-ai-play-off-dei-neroarancio\/\"},\"wordCount\":362,\"publisher\":{\"@id\":\"https:\/\/progettotouring.it\/radiotouring104\/#organization\"},\"image\":{\"@id\":\"https:\/\/progettotouring.it\/radiotouring104\/2026\/04\/30\/redel-viola-ecco-la-griglia-ai-play-off-dei-neroarancio\/#primaryimage\"},\"thumbnailUrl\":\"https:\/\/progettotouring.it\/radiotouring104\/wp-content\/uploads\/sites\/6\/2026\/04\/Griglia-Play-Off-2026-Redel-Viola.jpg\",\"keywords\":[\"Gironi E\",\"Gironi F.\",\"griglia Play Off\",\"raggruppamento Centro-Sud\",\"Redel Viola\"],\"articleSection\":[\"News\",\"Reggio Calabria\",\"Sport\"],\"inLanguage\":\"it-IT\"},{\"@type\":\"WebPage\",\"@id\":\"https:\/\/progettotouring.it\/radiotouring104\/2026\/04\/30\/redel-viola-ecco-la-griglia-ai-play-off-dei-neroarancio\/\",\"url\":\"https:\/\/progettotouring.it\/radiotouring104\/2026\/04\/30\/redel-viola-ecco-la-griglia-ai-play-off-dei-neroarancio\/\",\"name\":\"Redel Viola: ecco la griglia ai Play Off dei Neroarancio\",\"isPartOf\":{\"@id\":\"https:\/\/progettotouring.it\/radiotouring104\/#website\"},\"primaryImageOfPage\":{\"@id\":\"https:\/\/progettotouring.it\/radiotouring104\/2026\/04\/30\/redel-viola-ecco-la-griglia-ai-play-off-dei-neroarancio\/#primaryimage\"},\"image\":{\"@id\":\"https:\/\/progettotouring.it\/radiotouring104\/2026\/04\/30\/redel-viola-ecco-la-griglia-ai-play-off-dei-neroarancio\/#primaryimage\"},\"thumbnailUrl\":\"https:\/\/progettotouring.it\/radiotouring104\/wp-content\/uploads\/sites\/6\/2026\/04\/Griglia-Play-Off-2026-Redel-Viola.jpg\",\"datePublished\":\"2026-04-30T07:42:03+00:00\",\"dateModified\":\"2026-04-30T08:18:54+00:00\",\"description\":\"Ecco tutti i dettagli della griglia dei Play Off promozione raggruppamento centro-sud con protagoniste le migliori otto dei gironi E ed F\",\"breadcrumb\":{\"@id\":\"https:\/\/progettotouring.it\/radiotouring104\/2026\/04\/30\/redel-viola-ecco-la-griglia-ai-play-off-dei-neroarancio\/#breadcrumb\"},\"inLanguage\":\"it-IT\",\"potentialAction\":[{\"@type\":\"ReadAction\",\"target\":[\"https:\/\/progettotouring.it\/radiotouring104\/2026\/04\/30\/redel-viola-ecco-la-griglia-ai-play-off-dei-neroarancio\/\"]}]},{\"@type\":\"ImageObject\",\"inLanguage\":\"it-IT\",\"@id\":\"https:\/\/progettotouring.it\/radiotouring104\/2026\/04\/30\/redel-viola-ecco-la-griglia-ai-play-off-dei-neroarancio\/#primaryimage\",\"url\":\"https:\/\/progettotouring.it\/radiotouring104\/wp-content\/uploads\/sites\/6\/2026\/04\/Griglia-Play-Off-2026-Redel-Viola.jpg\",\"contentUrl\":\"https:\/\/progettotouring.it\/radiotouring104\/wp-content\/uploads\/sites\/6\/2026\/04\/Griglia-Play-Off-2026-Redel-Viola.jpg\",\"width\":1133,\"height\":547},{\"@type\":\"BreadcrumbList\",\"@id\":\"https:\/\/progettotouring.it\/radiotouring104\/2026\/04\/30\/redel-viola-ecco-la-griglia-ai-play-off-dei-neroarancio\/#breadcrumb\",\"itemListElement\":[{\"@type\":\"ListItem\",\"position\":1,\"name\":\"Home\",\"item\":\"https:\/\/progettotouring.it\/radiotouring104\/\"},{\"@type\":\"ListItem\",\"position\":2,\"name\":\"Redel Viola: ecco la griglia ai Play Off dei Neroarancio\"}]},{\"@type\":\"WebSite\",\"@id\":\"https:\/\/progettotouring.it\/radiotouring104\/#website\",\"url\":\"https:\/\/progettotouring.it\/radiotouring104\/\",\"name\":\"Radio Touring 104\",\"description\":\"La prima radio Reggina\",\"publisher\":{\"@id\":\"https:\/\/progettotouring.it\/radiotouring104\/#organization\"},\"potentialAction\":[{\"@type\":\"SearchAction\",\"target\":{\"@type\":\"EntryPoint\",\"urlTemplate\":\"https:\/\/progettotouring.it\/radiotouring104\/?s={search_term_string}\"},\"query-input\":{\"@type\":\"PropertyValueSpecification\",\"valueRequired\":true,\"valueName\":\"search_term_string\"}}],\"inLanguage\":\"it-IT\"},{\"@type\":\"Organization\",\"@id\":\"https:\/\/progettotouring.it\/radiotouring104\/#organization\",\"name\":\"Radio Touring 104\",\"url\":\"https:\/\/progettotouring.it\/radiotouring104\/\",\"logo\":{\"@type\":\"ImageObject\",\"inLanguage\":\"it-IT\",\"@id\":\"https:\/\/progettotouring.it\/radiotouring104\/#\/schema\/logo\/image\/\",\"url\":\"https:\/\/progettotouring.it\/radiotouring104\/wp-content\/uploads\/sites\/6\/2022\/02\/cropped-logo-radio-touring-104.png\",\"contentUrl\":\"https:\/\/progettotouring.it\/radiotouring104\/wp-content\/uploads\/sites\/6\/2022\/02\/cropped-logo-radio-touring-104.png\",\"width\":377,\"height\":182,\"caption\":\"Radio Touring 104\"},\"image\":{\"@id\":\"https:\/\/progettotouring.it\/radiotouring104\/#\/schema\/logo\/image\/\"}},{\"@type\":\"Person\",\"@id\":\"https:\/\/progettotouring.it\/radiotouring104\/#\/schema\/person\/c0e800756c839eae8c93153858959084\",\"name\":\"Giuseppe Dattola\",\"image\":{\"@type\":\"ImageObject\",\"inLanguage\":\"it-IT\",\"@id\":\"https:\/\/secure.gravatar.com\/avatar\/c5771b35d04c75debcca6c29ddd4741e6a8276b8c8f1598b29c8fba52c35e758?s=96&d=mm&r=g\",\"url\":\"https:\/\/secure.gravatar.com\/avatar\/c5771b35d04c75debcca6c29ddd4741e6a8276b8c8f1598b29c8fba52c35e758?s=96&d=mm&r=g\",\"contentUrl\":\"https:\/\/secure.gravatar.com\/avatar\/c5771b35d04c75debcca6c29ddd4741e6a8276b8c8f1598b29c8fba52c35e758?s=96&d=mm&r=g\",\"caption\":\"Giuseppe Dattola\"},\"url\":\"https:\/\/progettotouring.it\/radiotouring104\/author\/gdattola\/\"}]}<\/script>\n<!-- \/ Yoast SEO plugin. -->","yoast_head_json":{"title":"Redel Viola: ecco la griglia ai Play Off dei Neroarancio","description":"Ecco tutti i dettagli della griglia dei Play Off promozione raggruppamento centro-sud con protagoniste le migliori otto dei gironi E ed F","robots":{"index":"index","follow":"follow","max-snippet":"max-snippet:-1","max-image-preview":"max-image-preview:large","max-video-preview":"max-video-preview:-1"},"canonical":"https:\/\/progettotouring.it\/radiotouring104\/2026\/04\/30\/redel-viola-ecco-la-griglia-ai-play-off-dei-neroarancio\/","og_locale":"it_IT","og_type":"article","og_title":"Redel Viola: ecco la griglia ai Play Off dei Neroarancio","og_description":"Ecco tutti i dettagli della griglia dei Play Off promozione raggruppamento centro-sud con protagoniste le migliori otto dei gironi E ed F","og_url":"https:\/\/progettotouring.it\/radiotouring104\/2026\/04\/30\/redel-viola-ecco-la-griglia-ai-play-off-dei-neroarancio\/","og_site_name":"Radio Touring 104","article_published_time":"2026-04-30T07:42:03+00:00","article_modified_time":"2026-04-30T08:18:54+00:00","og_image":[{"width":1133,"height":547,"url":"https:\/\/progettotouring.it\/radiotouring104\/wp-content\/uploads\/sites\/6\/2026\/04\/Griglia-Play-Off-2026-Redel-Viola.jpg","type":"image\/jpeg"}],"author":"Giuseppe Dattola","twitter_card":"summary_large_image","twitter_misc":{"Scritto da":"Giuseppe Dattola","Tempo di lettura stimato":"2 minuti"},"schema":{"@context":"https:\/\/schema.org","@graph":[{"@type":"Article","@id":"https:\/\/progettotouring.it\/radiotouring104\/2026\/04\/30\/redel-viola-ecco-la-griglia-ai-play-off-dei-neroarancio\/#article","isPartOf":{"@id":"https:\/\/progettotouring.it\/radiotouring104\/2026\/04\/30\/redel-viola-ecco-la-griglia-ai-play-off-dei-neroarancio\/"},"author":{"name":"Giuseppe Dattola","@id":"https:\/\/progettotouring.it\/radiotouring104\/#\/schema\/person\/c0e800756c839eae8c93153858959084"},"headline":"Redel Viola: ecco la griglia ai Play Off dei Neroarancio","datePublished":"2026-04-30T07:42:03+00:00","dateModified":"2026-04-30T08:18:54+00:00","mainEntityOfPage":{"@id":"https:\/\/progettotouring.it\/radiotouring104\/2026\/04\/30\/redel-viola-ecco-la-griglia-ai-play-off-dei-neroarancio\/"},"wordCount":362,"publisher":{"@id":"https:\/\/progettotouring.it\/radiotouring104\/#organization"},"image":{"@id":"https:\/\/progettotouring.it\/radiotouring104\/2026\/04\/30\/redel-viola-ecco-la-griglia-ai-play-off-dei-neroarancio\/#primaryimage"},"thumbnailUrl":"https:\/\/progettotouring.it\/radiotouring104\/wp-content\/uploads\/sites\/6\/2026\/04\/Griglia-Play-Off-2026-Redel-Viola.jpg","keywords":["Gironi E","Gironi F.","griglia Play Off","raggruppamento Centro-Sud","Redel Viola"],"articleSection":["News","Reggio Calabria","Sport"],"inLanguage":"it-IT"},{"@type":"WebPage","@id":"https:\/\/progettotouring.it\/radiotouring104\/2026\/04\/30\/redel-viola-ecco-la-griglia-ai-play-off-dei-neroarancio\/","url":"https:\/\/progettotouring.it\/radiotouring104\/2026\/04\/30\/redel-viola-ecco-la-griglia-ai-play-off-dei-neroarancio\/","name":"Redel Viola: ecco la griglia ai Play Off dei Neroarancio","isPartOf":{"@id":"https:\/\/progettotouring.it\/radiotouring104\/#website"},"primaryImageOfPage":{"@id":"https:\/\/progettotouring.it\/radiotouring104\/2026\/04\/30\/redel-viola-ecco-la-griglia-ai-play-off-dei-neroarancio\/#primaryimage"},"image":{"@id":"https:\/\/progettotouring.it\/radiotouring104\/2026\/04\/30\/redel-viola-ecco-la-griglia-ai-play-off-dei-neroarancio\/#primaryimage"},"thumbnailUrl":"https:\/\/progettotouring.it\/radiotouring104\/wp-content\/uploads\/sites\/6\/2026\/04\/Griglia-Play-Off-2026-Redel-Viola.jpg","datePublished":"2026-04-30T07:42:03+00:00","dateModified":"2026-04-30T08:18:54+00:00","description":"Ecco tutti i dettagli della griglia dei Play Off promozione raggruppamento centro-sud con protagoniste le migliori otto dei gironi E ed F","breadcrumb":{"@id":"https:\/\/progettotouring.it\/radiotouring104\/2026\/04\/30\/redel-viola-ecco-la-griglia-ai-play-off-dei-neroarancio\/#breadcrumb"},"inLanguage":"it-IT","potentialAction":[{"@type":"ReadAction","target":["https:\/\/progettotouring.it\/radiotouring104\/2026\/04\/30\/redel-viola-ecco-la-griglia-ai-play-off-dei-neroarancio\/"]}]},{"@type":"ImageObject","inLanguage":"it-IT","@id":"https:\/\/progettotouring.it\/radiotouring104\/2026\/04\/30\/redel-viola-ecco-la-griglia-ai-play-off-dei-neroarancio\/#primaryimage","url":"https:\/\/progettotouring.it\/radiotouring104\/wp-content\/uploads\/sites\/6\/2026\/04\/Griglia-Play-Off-2026-Redel-Viola.jpg","contentUrl":"https:\/\/progettotouring.it\/radiotouring104\/wp-content\/uploads\/sites\/6\/2026\/04\/Griglia-Play-Off-2026-Redel-Viola.jpg","width":1133,"height":547},{"@type":"BreadcrumbList","@id":"https:\/\/progettotouring.it\/radiotouring104\/2026\/04\/30\/redel-viola-ecco-la-griglia-ai-play-off-dei-neroarancio\/#breadcrumb","itemListElement":[{"@type":"ListItem","position":1,"name":"Home","item":"https:\/\/progettotouring.it\/radiotouring104\/"},{"@type":"ListItem","position":2,"name":"Redel Viola: ecco la griglia ai Play Off dei Neroarancio"}]},{"@type":"WebSite","@id":"https:\/\/progettotouring.it\/radiotouring104\/#website","url":"https:\/\/progettotouring.it\/radiotouring104\/","name":"Radio Touring 104","description":"La prima radio Reggina","publisher":{"@id":"https:\/\/progettotouring.it\/radiotouring104\/#organization"},"potentialAction":[{"@type":"SearchAction","target":{"@type":"EntryPoint","urlTemplate":"https:\/\/progettotouring.it\/radiotouring104\/?s={search_term_string}"},"query-input":{"@type":"PropertyValueSpecification","valueRequired":true,"valueName":"search_term_string"}}],"inLanguage":"it-IT"},{"@type":"Organization","@id":"https:\/\/progettotouring.it\/radiotouring104\/#organization","name":"Radio Touring 104","url":"https:\/\/progettotouring.it\/radiotouring104\/","logo":{"@type":"ImageObject","inLanguage":"it-IT","@id":"https:\/\/progettotouring.it\/radiotouring104\/#\/schema\/logo\/image\/","url":"https:\/\/progettotouring.it\/radiotouring104\/wp-content\/uploads\/sites\/6\/2022\/02\/cropped-logo-radio-touring-104.png","contentUrl":"https:\/\/progettotouring.it\/radiotouring104\/wp-content\/uploads\/sites\/6\/2022\/02\/cropped-logo-radio-touring-104.png","width":377,"height":182,"caption":"Radio Touring 104"},"image":{"@id":"https:\/\/progettotouring.it\/radiotouring104\/#\/schema\/logo\/image\/"}},{"@type":"Person","@id":"https:\/\/progettotouring.it\/radiotouring104\/#\/schema\/person\/c0e800756c839eae8c93153858959084","name":"Giuseppe Dattola","image":{"@type":"ImageObject","inLanguage":"it-IT","@id":"https:\/\/secure.gravatar.com\/avatar\/c5771b35d04c75debcca6c29ddd4741e6a8276b8c8f1598b29c8fba52c35e758?s=96&d=mm&r=g","url":"https:\/\/secure.gravatar.com\/avatar\/c5771b35d04c75debcca6c29ddd4741e6a8276b8c8f1598b29c8fba52c35e758?s=96&d=mm&r=g","contentUrl":"https:\/\/secure.gravatar.com\/avatar\/c5771b35d04c75debcca6c29ddd4741e6a8276b8c8f1598b29c8fba52c35e758?s=96&d=mm&r=g","caption":"Giuseppe Dattola"},"url":"https:\/\/progettotouring.it\/radiotouring104\/author\/gdattola\/"}]}},"jetpack_publicize_connections":[],"jetpack_featured_media_url":"https:\/\/progettotouring.it\/radiotouring104\/wp-content\/uploads\/sites\/6\/2026\/04\/Griglia-Play-Off-2026-Redel-Viola.jpg","jetpack_sharing_enabled":true,"_links":{"self":[{"href":"https:\/\/progettotouring.it\/radiotouring104\/wp-json\/wp\/v2\/posts\/94559","targetHints":{"allow":["GET"]}}],"collection":[{"href":"https:\/\/progettotouring.it\/radiotouring104\/wp-json\/wp\/v2\/posts"}],"about":[{"href":"https:\/\/progettotouring.it\/radiotouring104\/wp-json\/wp\/v2\/types\/post"}],"author":[{"embeddable":true,"href":"https:\/\/progettotouring.it\/radiotouring104\/wp-json\/wp\/v2\/users\/21"}],"replies":[{"embeddable":true,"href":"https:\/\/progettotouring.it\/radiotouring104\/wp-json\/wp\/v2\/comments?post=94559"}],"version-history":[{"count":1,"href":"https:\/\/progettotouring.it\/radiotouring104\/wp-json\/wp\/v2\/posts\/94559\/revisions"}],"predecessor-version":[{"id":94561,"href":"https:\/\/progettotouring.it\/radiotouring104\/wp-json\/wp\/v2\/posts\/94559\/revisions\/94561"}],"wp:featuredmedia":[{"embeddable":true,"href":"https:\/\/progettotouring.it\/radiotouring104\/wp-json\/wp\/v2\/media\/94560"}],"wp:attachment":[{"href":"https:\/\/progettotouring.it\/radiotouring104\/wp-json\/wp\/v2\/media?parent=94559"}],"wp:term":[{"taxonomy":"category","embeddable":true,"href":"https:\/\/progettotouring.it\/radiotouring104\/wp-json\/wp\/v2\/categories?post=94559"},{"taxonomy":"post_tag","embeddable":true,"href":"https:\/\/progettotouring.it\/radiotouring104\/wp-json\/wp\/v2\/tags?post=94559"}],"curies":[{"name":"wp","href":"https:\/\/api.w.org\/{rel}","templated":true}]}}