{"id":94562,"date":"2026-04-30T09:49:06","date_gmt":"2026-04-30T07:49:06","guid":{"rendered":"https:\/\/progettotouring.it\/radiotouring104\/?p=94562"},"modified":"2026-04-30T10:23:38","modified_gmt":"2026-04-30T08:23:38","slug":"reggio-allestita-in-prefettura-la-mostra-i-70-km-doro-dalla-bovesia-alla-locride-e-leredita-di-paolo-orsi","status":"publish","type":"post","link":"https:\/\/progettotouring.it\/radiotouring104\/2026\/04\/30\/reggio-allestita-in-prefettura-la-mostra-i-70-km-doro-dalla-bovesia-alla-locride-e-leredita-di-paolo-orsi\/","title":{"rendered":"Reggio: allestita in Prefettura la mostra \u201cI 70 km d\u2019oro dalla Bovesia alla Locride e l\u2019eredit\u00e0 di Paolo Orsi\u201d"},"content":{"rendered":"<div dir=\"auto\">I sindaci facente funzioni di Reggio, Carmelo Versace e Mimmo Battaglia hanno preso parte alla cerimonia d\u2019inaugurazione della mostra fotografica e documentale \u201cI 70 km d\u2019oro dalla Bovesia alla Locride e l\u2019eredit\u00e0 di Paolo Orsi\u201d, evento conclusivo del ciclo \u201cArcheo Comuni di qualit\u00e0\u201d realizzato in collaborazione con la Soprintendenza Archeologica, il Museo di Kaulon e l\u2019Ordine degli Architetti. L\u2019esposizione, allestita nei saloni del Palazzo di Governo, \u00e8 stata presentata da sua eccellenza il prefetto Clara Vaccaro.<\/div>\n<div dir=\"auto\">\n<div dir=\"auto\">\n\u00abQuesta mostra \u2013 ha detto Versace &#8211; rappresenta un momento di sintesi importante di un percorso che ha saputo mettere in rete territori, istituzioni e competenze, valorizzando un patrimonio straordinario spesso poco conosciuto. L\u2019eredit\u00e0 di Paolo Orsi continua a essere un punto di riferimento per la nostra identit\u00e0 culturale e per una visione di sviluppo fondata sulla tutela e sulla promozione dei beni archeologici\u00bb.<\/div>\n<div dir=\"auto\"><\/div>\n<div dir=\"auto\">Nel ringraziare Francesca Crea, vice presidente di \u201cArcheoclub d\u2019Italia sede Area Integrata dello Stretto\u201d e coordinatrice di \u201cArcheo Comuni di Qualit\u00e0\u201d, il sindaco facente funzioni ha sottolineato il prezioso contributo dell\u2019Archivio di Stato di Reggio Calabria che \u00aboffre una significativa testimonianza dell\u2019eredit\u00e0 scientifica e culturale di Paolo Orsi nel territorio calabrese\u00bb.<\/div>\n<div dir=\"auto\"><\/div>\n<div dir=\"auto\">\u00abCome Citt\u00e0 Metropolitana \u2013 ha concluso l\u2019inquilino di Palazzo Alvaro &#8211; sosteniamo con convinzione iniziative che rafforzano il legame tra comunit\u00e0 e patrimonio per contribuire a costruire nuove opportunit\u00e0 di crescita culturale e turistica\u00bb.<\/div>\n<div dir=\"auto\"><\/div>\n<\/div>\n<div dir=\"auto\"><\/div>\n<div dir=\"auto\"><\/div>\n<div dir=\"auto\">\n<h3>Il Sindaco di Reggio, Mimmo Battaglia: \u00abUn contenitore aperto senza uscenti e senza un capolista designato in anticipo\u00bb<\/h3>\n<p>\u00abUna mostra prestigiosa ospitata in un luogo altrettanto prestigioso come il Palazzo del Governo\u00bb. Cos\u00ec il sindaco facente funzioni del Comune di Reggio Calabria, Domenico Battaglia, intervenuto in Prefettura insieme alle autorit\u00e0 civili e militari in occasione dell\u2019inaugurazione della mostra fotografica \u201cI 70 km d\u2019oro dalla Bovesia alla Locride e l\u2019eredit\u00e0 di Paolo Orsi\u201d. L\u2019esposizione, organizzata con la collaborazione delle associazioni Archeoclub Area Integrata dello Stretto e Archeocomuni di Qualit\u00e0, \u00e8 dedicata al percorso culturale che valorizza i siti archeologici di dieci comuni dell\u2019area jonica reggina.<\/p>\n<p>\u00abPenso anche ai tanti eventi culturali che animano la nostra citt\u00e0 e alle iniziative che, con grande passione e impegno, vengono promosse da realt\u00e0 come Archeoclub Area Integrata dello Stretto, espressione di due citt\u00e0 sorelle unite da una storia millenaria. \u00c8 proprio questo patrimonio condiviso a rappresentare il miglior biglietto da visita per il nostro territorio e per questo straordinario lembo di terra\u00bb ha aggiunto Battaglia.<\/p>\n<p>\u00abI 70 chilometri d\u2019oro rappresentano una straordinaria opportunit\u00e0 di rilancio per tutta la fascia ionica \u2013 ha poi concluso il sindaco &#8211; un\u2019area troppo spesso segnata da eventi climatici che ne hanno evidenziato fragilit\u00e0 e ferite. Il percorso culturale e identitario tracciato da Paolo Orsi pu\u00f2 diventare oggi uno strumento concreto per raccontare e valorizzare le bellezze, la storia e le potenzialit\u00e0 di questi territori\u00bb.<\/p>\n<\/div>\n","protected":false},"excerpt":{"rendered":"<p>I sindaci facente funzioni di Reggio, Carmelo Versace e Mimmo Battaglia hanno preso parte alla cerimonia d\u2019inaugurazione della mostra fotografica e documentale \u201cI 70 km d\u2019oro dalla Bovesia alla Locride&hellip;<\/p>\n","protected":false},"author":12,"featured_media":94563,"comment_status":"closed","ping_status":"open","sticky":false,"template":"","format":"standard","meta":{"_jetpack_memberships_contains_paid_content":false,"footnotes":"","jetpack_publicize_message":"","jetpack_publicize_feature_enabled":true,"jetpack_social_post_already_shared":true,"jetpack_social_options":{"image_generator_settings":{"template":"highway","default_image_id":0,"font":"","enabled":false},"version":2}},"categories":[921,196,140],"tags":[53254,53252,1276,9546,50526,53253],"class_list":["post-94562","post","type-post","status-publish","format-standard","has-post-thumbnail","hentry","category-home","category-news","category-reggio-calabria","tag-evento-conclusivo-del-ciclo-archeo-comuni-di-qualita","tag-i-70-km-doro-dalla-bovesia-alla-locride-e-leredita-di-paolo-orsi","tag-mostra","tag-prefettura-di-reggio-calabria","tag-sindaco-metropolitano-carmelo-versace","tag-valorizzare-il-patrimonio-per-costruire-sviluppo"],"yoast_head":"<!-- This site is optimized with the Yoast SEO plugin v27.2 - https:\/\/yoast.com\/product\/yoast-seo-wordpress\/ -->\n<title>Reggio: allestita in Prefettura la mostra su Paolo Orsi<\/title>\n<meta name=\"description\" content=\"I Sindaci ff di Reggio, Carmelo Versace e Mimmo Battaglia hanno preso parte all&#039;evento conclusivo del ciclo \u201cArcheo Comuni di qualit\u00e0\u201d\" \/>\n<meta name=\"robots\" content=\"index, follow, max-snippet:-1, max-image-preview:large, max-video-preview:-1\" \/>\n<link rel=\"canonical\" href=\"https:\/\/progettotouring.it\/radiotouring104\/2026\/04\/30\/reggio-allestita-in-prefettura-la-mostra-i-70-km-doro-dalla-bovesia-alla-locride-e-leredita-di-paolo-orsi\/\" \/>\n<meta property=\"og:locale\" content=\"it_IT\" \/>\n<meta property=\"og:type\" content=\"article\" \/>\n<meta property=\"og:title\" content=\"Reggio: allestita in Prefettura la mostra su Paolo Orsi\" \/>\n<meta property=\"og:description\" content=\"I Sindaci ff di Reggio, Carmelo Versace e Mimmo Battaglia hanno preso parte all&#039;evento conclusivo del ciclo \u201cArcheo Comuni di qualit\u00e0\u201d\" \/>\n<meta property=\"og:url\" content=\"https:\/\/progettotouring.it\/radiotouring104\/2026\/04\/30\/reggio-allestita-in-prefettura-la-mostra-i-70-km-doro-dalla-bovesia-alla-locride-e-leredita-di-paolo-orsi\/\" \/>\n<meta property=\"og:site_name\" content=\"Radio Touring 104\" \/>\n<meta property=\"article:published_time\" content=\"2026-04-30T07:49:06+00:00\" \/>\n<meta property=\"article:modified_time\" content=\"2026-04-30T08:23:38+00:00\" \/>\n<meta property=\"og:image\" content=\"https:\/\/progettotouring.it\/radiotouring104\/wp-content\/uploads\/sites\/6\/2026\/04\/Prefettura-Reggio-Versace-mostra-Paolo-Orsi.jpeg\" \/>\n\t<meta property=\"og:image:width\" content=\"2000\" \/>\n\t<meta property=\"og:image:height\" content=\"1500\" \/>\n\t<meta property=\"og:image:type\" content=\"image\/jpeg\" \/>\n<meta name=\"author\" content=\"Sebastiano Plutino\" \/>\n<meta name=\"twitter:card\" content=\"summary_large_image\" \/>\n<meta name=\"twitter:label1\" content=\"Scritto da\" \/>\n\t<meta name=\"twitter:data1\" content=\"Sebastiano Plutino\" \/>\n\t<meta name=\"twitter:label2\" content=\"Tempo di lettura stimato\" \/>\n\t<meta name=\"twitter:data2\" content=\"2 minuti\" \/>\n<script type=\"application\/ld+json\" class=\"yoast-schema-graph\">{\"@context\":\"https:\/\/schema.org\",\"@graph\":[{\"@type\":\"Article\",\"@id\":\"https:\/\/progettotouring.it\/radiotouring104\/2026\/04\/30\/reggio-allestita-in-prefettura-la-mostra-i-70-km-doro-dalla-bovesia-alla-locride-e-leredita-di-paolo-orsi\/#article\",\"isPartOf\":{\"@id\":\"https:\/\/progettotouring.it\/radiotouring104\/2026\/04\/30\/reggio-allestita-in-prefettura-la-mostra-i-70-km-doro-dalla-bovesia-alla-locride-e-leredita-di-paolo-orsi\/\"},\"author\":{\"name\":\"Sebastiano Plutino\",\"@id\":\"https:\/\/progettotouring.it\/radiotouring104\/#\/schema\/person\/78613917f1851f041f7483f5af1d422e\"},\"headline\":\"Reggio: allestita in Prefettura la mostra \u201cI 70 km d\u2019oro dalla Bovesia alla Locride e l\u2019eredit\u00e0 di Paolo Orsi\u201d\",\"datePublished\":\"2026-04-30T07:49:06+00:00\",\"dateModified\":\"2026-04-30T08:23:38+00:00\",\"mainEntityOfPage\":{\"@id\":\"https:\/\/progettotouring.it\/radiotouring104\/2026\/04\/30\/reggio-allestita-in-prefettura-la-mostra-i-70-km-doro-dalla-bovesia-alla-locride-e-leredita-di-paolo-orsi\/\"},\"wordCount\":488,\"publisher\":{\"@id\":\"https:\/\/progettotouring.it\/radiotouring104\/#organization\"},\"image\":{\"@id\":\"https:\/\/progettotouring.it\/radiotouring104\/2026\/04\/30\/reggio-allestita-in-prefettura-la-mostra-i-70-km-doro-dalla-bovesia-alla-locride-e-leredita-di-paolo-orsi\/#primaryimage\"},\"thumbnailUrl\":\"https:\/\/progettotouring.it\/radiotouring104\/wp-content\/uploads\/sites\/6\/2026\/04\/Prefettura-Reggio-Versace-mostra-Paolo-Orsi.jpeg\",\"keywords\":[\"evento conclusivo del ciclo \u201cArcheo Comuni di qualit\u00e0\u201d\",\"I 70 km d\u2019oro dalla Bovesia alla Locride e l\u2019eredit\u00e0 di Paolo Orsi\",\"mostra\",\"Prefettura di Reggio Calabria\",\"Sindaco metropolitano Carmelo Versace\",\"Valorizzare il patrimonio per costruire sviluppo\"],\"articleSection\":[\"Home\",\"News\",\"Reggio Calabria\"],\"inLanguage\":\"it-IT\"},{\"@type\":\"WebPage\",\"@id\":\"https:\/\/progettotouring.it\/radiotouring104\/2026\/04\/30\/reggio-allestita-in-prefettura-la-mostra-i-70-km-doro-dalla-bovesia-alla-locride-e-leredita-di-paolo-orsi\/\",\"url\":\"https:\/\/progettotouring.it\/radiotouring104\/2026\/04\/30\/reggio-allestita-in-prefettura-la-mostra-i-70-km-doro-dalla-bovesia-alla-locride-e-leredita-di-paolo-orsi\/\",\"name\":\"Reggio: allestita in Prefettura la mostra su Paolo Orsi\",\"isPartOf\":{\"@id\":\"https:\/\/progettotouring.it\/radiotouring104\/#website\"},\"primaryImageOfPage\":{\"@id\":\"https:\/\/progettotouring.it\/radiotouring104\/2026\/04\/30\/reggio-allestita-in-prefettura-la-mostra-i-70-km-doro-dalla-bovesia-alla-locride-e-leredita-di-paolo-orsi\/#primaryimage\"},\"image\":{\"@id\":\"https:\/\/progettotouring.it\/radiotouring104\/2026\/04\/30\/reggio-allestita-in-prefettura-la-mostra-i-70-km-doro-dalla-bovesia-alla-locride-e-leredita-di-paolo-orsi\/#primaryimage\"},\"thumbnailUrl\":\"https:\/\/progettotouring.it\/radiotouring104\/wp-content\/uploads\/sites\/6\/2026\/04\/Prefettura-Reggio-Versace-mostra-Paolo-Orsi.jpeg\",\"datePublished\":\"2026-04-30T07:49:06+00:00\",\"dateModified\":\"2026-04-30T08:23:38+00:00\",\"description\":\"I Sindaci ff di Reggio, Carmelo Versace e Mimmo Battaglia hanno preso parte all'evento conclusivo del ciclo \u201cArcheo Comuni di qualit\u00e0\u201d\",\"breadcrumb\":{\"@id\":\"https:\/\/progettotouring.it\/radiotouring104\/2026\/04\/30\/reggio-allestita-in-prefettura-la-mostra-i-70-km-doro-dalla-bovesia-alla-locride-e-leredita-di-paolo-orsi\/#breadcrumb\"},\"inLanguage\":\"it-IT\",\"potentialAction\":[{\"@type\":\"ReadAction\",\"target\":[\"https:\/\/progettotouring.it\/radiotouring104\/2026\/04\/30\/reggio-allestita-in-prefettura-la-mostra-i-70-km-doro-dalla-bovesia-alla-locride-e-leredita-di-paolo-orsi\/\"]}]},{\"@type\":\"ImageObject\",\"inLanguage\":\"it-IT\",\"@id\":\"https:\/\/progettotouring.it\/radiotouring104\/2026\/04\/30\/reggio-allestita-in-prefettura-la-mostra-i-70-km-doro-dalla-bovesia-alla-locride-e-leredita-di-paolo-orsi\/#primaryimage\",\"url\":\"https:\/\/progettotouring.it\/radiotouring104\/wp-content\/uploads\/sites\/6\/2026\/04\/Prefettura-Reggio-Versace-mostra-Paolo-Orsi.jpeg\",\"contentUrl\":\"https:\/\/progettotouring.it\/radiotouring104\/wp-content\/uploads\/sites\/6\/2026\/04\/Prefettura-Reggio-Versace-mostra-Paolo-Orsi.jpeg\",\"width\":2000,\"height\":1500},{\"@type\":\"BreadcrumbList\",\"@id\":\"https:\/\/progettotouring.it\/radiotouring104\/2026\/04\/30\/reggio-allestita-in-prefettura-la-mostra-i-70-km-doro-dalla-bovesia-alla-locride-e-leredita-di-paolo-orsi\/#breadcrumb\",\"itemListElement\":[{\"@type\":\"ListItem\",\"position\":1,\"name\":\"Home\",\"item\":\"https:\/\/progettotouring.it\/radiotouring104\/\"},{\"@type\":\"ListItem\",\"position\":2,\"name\":\"Reggio: allestita in Prefettura la mostra \u201cI 70 km d\u2019oro dalla Bovesia alla Locride e l\u2019eredit\u00e0 di Paolo Orsi\u201d\"}]},{\"@type\":\"WebSite\",\"@id\":\"https:\/\/progettotouring.it\/radiotouring104\/#website\",\"url\":\"https:\/\/progettotouring.it\/radiotouring104\/\",\"name\":\"Radio Touring 104\",\"description\":\"La prima radio Reggina\",\"publisher\":{\"@id\":\"https:\/\/progettotouring.it\/radiotouring104\/#organization\"},\"potentialAction\":[{\"@type\":\"SearchAction\",\"target\":{\"@type\":\"EntryPoint\",\"urlTemplate\":\"https:\/\/progettotouring.it\/radiotouring104\/?s={search_term_string}\"},\"query-input\":{\"@type\":\"PropertyValueSpecification\",\"valueRequired\":true,\"valueName\":\"search_term_string\"}}],\"inLanguage\":\"it-IT\"},{\"@type\":\"Organization\",\"@id\":\"https:\/\/progettotouring.it\/radiotouring104\/#organization\",\"name\":\"Radio Touring 104\",\"url\":\"https:\/\/progettotouring.it\/radiotouring104\/\",\"logo\":{\"@type\":\"ImageObject\",\"inLanguage\":\"it-IT\",\"@id\":\"https:\/\/progettotouring.it\/radiotouring104\/#\/schema\/logo\/image\/\",\"url\":\"https:\/\/progettotouring.it\/radiotouring104\/wp-content\/uploads\/sites\/6\/2022\/02\/cropped-logo-radio-touring-104.png\",\"contentUrl\":\"https:\/\/progettotouring.it\/radiotouring104\/wp-content\/uploads\/sites\/6\/2022\/02\/cropped-logo-radio-touring-104.png\",\"width\":377,\"height\":182,\"caption\":\"Radio Touring 104\"},\"image\":{\"@id\":\"https:\/\/progettotouring.it\/radiotouring104\/#\/schema\/logo\/image\/\"}},{\"@type\":\"Person\",\"@id\":\"https:\/\/progettotouring.it\/radiotouring104\/#\/schema\/person\/78613917f1851f041f7483f5af1d422e\",\"name\":\"Sebastiano Plutino\",\"image\":{\"@type\":\"ImageObject\",\"inLanguage\":\"it-IT\",\"@id\":\"https:\/\/secure.gravatar.com\/avatar\/0546ffaa9b79224faf9f2a156b67a529ae861d3287c66c1d8ccfdf909bcba78d?s=96&d=mm&r=g\",\"url\":\"https:\/\/secure.gravatar.com\/avatar\/0546ffaa9b79224faf9f2a156b67a529ae861d3287c66c1d8ccfdf909bcba78d?s=96&d=mm&r=g\",\"contentUrl\":\"https:\/\/secure.gravatar.com\/avatar\/0546ffaa9b79224faf9f2a156b67a529ae861d3287c66c1d8ccfdf909bcba78d?s=96&d=mm&r=g\",\"caption\":\"Sebastiano Plutino\"},\"url\":\"https:\/\/progettotouring.it\/radiotouring104\/author\/sebastiano\/\"}]}<\/script>\n<!-- \/ Yoast SEO plugin. -->","yoast_head_json":{"title":"Reggio: allestita in Prefettura la mostra su Paolo Orsi","description":"I Sindaci ff di Reggio, Carmelo Versace e Mimmo Battaglia hanno preso parte all'evento conclusivo del ciclo \u201cArcheo Comuni di qualit\u00e0\u201d","robots":{"index":"index","follow":"follow","max-snippet":"max-snippet:-1","max-image-preview":"max-image-preview:large","max-video-preview":"max-video-preview:-1"},"canonical":"https:\/\/progettotouring.it\/radiotouring104\/2026\/04\/30\/reggio-allestita-in-prefettura-la-mostra-i-70-km-doro-dalla-bovesia-alla-locride-e-leredita-di-paolo-orsi\/","og_locale":"it_IT","og_type":"article","og_title":"Reggio: allestita in Prefettura la mostra su Paolo Orsi","og_description":"I Sindaci ff di Reggio, Carmelo Versace e Mimmo Battaglia hanno preso parte all'evento conclusivo del ciclo \u201cArcheo Comuni di qualit\u00e0\u201d","og_url":"https:\/\/progettotouring.it\/radiotouring104\/2026\/04\/30\/reggio-allestita-in-prefettura-la-mostra-i-70-km-doro-dalla-bovesia-alla-locride-e-leredita-di-paolo-orsi\/","og_site_name":"Radio Touring 104","article_published_time":"2026-04-30T07:49:06+00:00","article_modified_time":"2026-04-30T08:23:38+00:00","og_image":[{"width":2000,"height":1500,"url":"https:\/\/progettotouring.it\/radiotouring104\/wp-content\/uploads\/sites\/6\/2026\/04\/Prefettura-Reggio-Versace-mostra-Paolo-Orsi.jpeg","type":"image\/jpeg"}],"author":"Sebastiano Plutino","twitter_card":"summary_large_image","twitter_misc":{"Scritto da":"Sebastiano Plutino","Tempo di lettura stimato":"2 minuti"},"schema":{"@context":"https:\/\/schema.org","@graph":[{"@type":"Article","@id":"https:\/\/progettotouring.it\/radiotouring104\/2026\/04\/30\/reggio-allestita-in-prefettura-la-mostra-i-70-km-doro-dalla-bovesia-alla-locride-e-leredita-di-paolo-orsi\/#article","isPartOf":{"@id":"https:\/\/progettotouring.it\/radiotouring104\/2026\/04\/30\/reggio-allestita-in-prefettura-la-mostra-i-70-km-doro-dalla-bovesia-alla-locride-e-leredita-di-paolo-orsi\/"},"author":{"name":"Sebastiano Plutino","@id":"https:\/\/progettotouring.it\/radiotouring104\/#\/schema\/person\/78613917f1851f041f7483f5af1d422e"},"headline":"Reggio: allestita in Prefettura la mostra \u201cI 70 km d\u2019oro dalla Bovesia alla Locride e l\u2019eredit\u00e0 di Paolo Orsi\u201d","datePublished":"2026-04-30T07:49:06+00:00","dateModified":"2026-04-30T08:23:38+00:00","mainEntityOfPage":{"@id":"https:\/\/progettotouring.it\/radiotouring104\/2026\/04\/30\/reggio-allestita-in-prefettura-la-mostra-i-70-km-doro-dalla-bovesia-alla-locride-e-leredita-di-paolo-orsi\/"},"wordCount":488,"publisher":{"@id":"https:\/\/progettotouring.it\/radiotouring104\/#organization"},"image":{"@id":"https:\/\/progettotouring.it\/radiotouring104\/2026\/04\/30\/reggio-allestita-in-prefettura-la-mostra-i-70-km-doro-dalla-bovesia-alla-locride-e-leredita-di-paolo-orsi\/#primaryimage"},"thumbnailUrl":"https:\/\/progettotouring.it\/radiotouring104\/wp-content\/uploads\/sites\/6\/2026\/04\/Prefettura-Reggio-Versace-mostra-Paolo-Orsi.jpeg","keywords":["evento conclusivo del ciclo \u201cArcheo Comuni di qualit\u00e0\u201d","I 70 km d\u2019oro dalla Bovesia alla Locride e l\u2019eredit\u00e0 di Paolo Orsi","mostra","Prefettura di Reggio Calabria","Sindaco metropolitano Carmelo Versace","Valorizzare il patrimonio per costruire sviluppo"],"articleSection":["Home","News","Reggio Calabria"],"inLanguage":"it-IT"},{"@type":"WebPage","@id":"https:\/\/progettotouring.it\/radiotouring104\/2026\/04\/30\/reggio-allestita-in-prefettura-la-mostra-i-70-km-doro-dalla-bovesia-alla-locride-e-leredita-di-paolo-orsi\/","url":"https:\/\/progettotouring.it\/radiotouring104\/2026\/04\/30\/reggio-allestita-in-prefettura-la-mostra-i-70-km-doro-dalla-bovesia-alla-locride-e-leredita-di-paolo-orsi\/","name":"Reggio: allestita in Prefettura la mostra su Paolo Orsi","isPartOf":{"@id":"https:\/\/progettotouring.it\/radiotouring104\/#website"},"primaryImageOfPage":{"@id":"https:\/\/progettotouring.it\/radiotouring104\/2026\/04\/30\/reggio-allestita-in-prefettura-la-mostra-i-70-km-doro-dalla-bovesia-alla-locride-e-leredita-di-paolo-orsi\/#primaryimage"},"image":{"@id":"https:\/\/progettotouring.it\/radiotouring104\/2026\/04\/30\/reggio-allestita-in-prefettura-la-mostra-i-70-km-doro-dalla-bovesia-alla-locride-e-leredita-di-paolo-orsi\/#primaryimage"},"thumbnailUrl":"https:\/\/progettotouring.it\/radiotouring104\/wp-content\/uploads\/sites\/6\/2026\/04\/Prefettura-Reggio-Versace-mostra-Paolo-Orsi.jpeg","datePublished":"2026-04-30T07:49:06+00:00","dateModified":"2026-04-30T08:23:38+00:00","description":"I Sindaci ff di Reggio, Carmelo Versace e Mimmo Battaglia hanno preso parte all'evento conclusivo del ciclo \u201cArcheo Comuni di qualit\u00e0\u201d","breadcrumb":{"@id":"https:\/\/progettotouring.it\/radiotouring104\/2026\/04\/30\/reggio-allestita-in-prefettura-la-mostra-i-70-km-doro-dalla-bovesia-alla-locride-e-leredita-di-paolo-orsi\/#breadcrumb"},"inLanguage":"it-IT","potentialAction":[{"@type":"ReadAction","target":["https:\/\/progettotouring.it\/radiotouring104\/2026\/04\/30\/reggio-allestita-in-prefettura-la-mostra-i-70-km-doro-dalla-bovesia-alla-locride-e-leredita-di-paolo-orsi\/"]}]},{"@type":"ImageObject","inLanguage":"it-IT","@id":"https:\/\/progettotouring.it\/radiotouring104\/2026\/04\/30\/reggio-allestita-in-prefettura-la-mostra-i-70-km-doro-dalla-bovesia-alla-locride-e-leredita-di-paolo-orsi\/#primaryimage","url":"https:\/\/progettotouring.it\/radiotouring104\/wp-content\/uploads\/sites\/6\/2026\/04\/Prefettura-Reggio-Versace-mostra-Paolo-Orsi.jpeg","contentUrl":"https:\/\/progettotouring.it\/radiotouring104\/wp-content\/uploads\/sites\/6\/2026\/04\/Prefettura-Reggio-Versace-mostra-Paolo-Orsi.jpeg","width":2000,"height":1500},{"@type":"BreadcrumbList","@id":"https:\/\/progettotouring.it\/radiotouring104\/2026\/04\/30\/reggio-allestita-in-prefettura-la-mostra-i-70-km-doro-dalla-bovesia-alla-locride-e-leredita-di-paolo-orsi\/#breadcrumb","itemListElement":[{"@type":"ListItem","position":1,"name":"Home","item":"https:\/\/progettotouring.it\/radiotouring104\/"},{"@type":"ListItem","position":2,"name":"Reggio: allestita in Prefettura la mostra \u201cI 70 km d\u2019oro dalla Bovesia alla Locride e l\u2019eredit\u00e0 di Paolo Orsi\u201d"}]},{"@type":"WebSite","@id":"https:\/\/progettotouring.it\/radiotouring104\/#website","url":"https:\/\/progettotouring.it\/radiotouring104\/","name":"Radio Touring 104","description":"La prima radio Reggina","publisher":{"@id":"https:\/\/progettotouring.it\/radiotouring104\/#organization"},"potentialAction":[{"@type":"SearchAction","target":{"@type":"EntryPoint","urlTemplate":"https:\/\/progettotouring.it\/radiotouring104\/?s={search_term_string}"},"query-input":{"@type":"PropertyValueSpecification","valueRequired":true,"valueName":"search_term_string"}}],"inLanguage":"it-IT"},{"@type":"Organization","@id":"https:\/\/progettotouring.it\/radiotouring104\/#organization","name":"Radio Touring 104","url":"https:\/\/progettotouring.it\/radiotouring104\/","logo":{"@type":"ImageObject","inLanguage":"it-IT","@id":"https:\/\/progettotouring.it\/radiotouring104\/#\/schema\/logo\/image\/","url":"https:\/\/progettotouring.it\/radiotouring104\/wp-content\/uploads\/sites\/6\/2022\/02\/cropped-logo-radio-touring-104.png","contentUrl":"https:\/\/progettotouring.it\/radiotouring104\/wp-content\/uploads\/sites\/6\/2022\/02\/cropped-logo-radio-touring-104.png","width":377,"height":182,"caption":"Radio Touring 104"},"image":{"@id":"https:\/\/progettotouring.it\/radiotouring104\/#\/schema\/logo\/image\/"}},{"@type":"Person","@id":"https:\/\/progettotouring.it\/radiotouring104\/#\/schema\/person\/78613917f1851f041f7483f5af1d422e","name":"Sebastiano Plutino","image":{"@type":"ImageObject","inLanguage":"it-IT","@id":"https:\/\/secure.gravatar.com\/avatar\/0546ffaa9b79224faf9f2a156b67a529ae861d3287c66c1d8ccfdf909bcba78d?s=96&d=mm&r=g","url":"https:\/\/secure.gravatar.com\/avatar\/0546ffaa9b79224faf9f2a156b67a529ae861d3287c66c1d8ccfdf909bcba78d?s=96&d=mm&r=g","contentUrl":"https:\/\/secure.gravatar.com\/avatar\/0546ffaa9b79224faf9f2a156b67a529ae861d3287c66c1d8ccfdf909bcba78d?s=96&d=mm&r=g","caption":"Sebastiano Plutino"},"url":"https:\/\/progettotouring.it\/radiotouring104\/author\/sebastiano\/"}]}},"jetpack_publicize_connections":[],"jetpack_featured_media_url":"https:\/\/progettotouring.it\/radiotouring104\/wp-content\/uploads\/sites\/6\/2026\/04\/Prefettura-Reggio-Versace-mostra-Paolo-Orsi.jpeg","jetpack_sharing_enabled":true,"_links":{"self":[{"href":"https:\/\/progettotouring.it\/radiotouring104\/wp-json\/wp\/v2\/posts\/94562","targetHints":{"allow":["GET"]}}],"collection":[{"href":"https:\/\/progettotouring.it\/radiotouring104\/wp-json\/wp\/v2\/posts"}],"about":[{"href":"https:\/\/progettotouring.it\/radiotouring104\/wp-json\/wp\/v2\/types\/post"}],"author":[{"embeddable":true,"href":"https:\/\/progettotouring.it\/radiotouring104\/wp-json\/wp\/v2\/users\/12"}],"replies":[{"embeddable":true,"href":"https:\/\/progettotouring.it\/radiotouring104\/wp-json\/wp\/v2\/comments?post=94562"}],"version-history":[{"count":3,"href":"https:\/\/progettotouring.it\/radiotouring104\/wp-json\/wp\/v2\/posts\/94562\/revisions"}],"predecessor-version":[{"id":94571,"href":"https:\/\/progettotouring.it\/radiotouring104\/wp-json\/wp\/v2\/posts\/94562\/revisions\/94571"}],"wp:featuredmedia":[{"embeddable":true,"href":"https:\/\/progettotouring.it\/radiotouring104\/wp-json\/wp\/v2\/media\/94563"}],"wp:attachment":[{"href":"https:\/\/progettotouring.it\/radiotouring104\/wp-json\/wp\/v2\/media?parent=94562"}],"wp:term":[{"taxonomy":"category","embeddable":true,"href":"https:\/\/progettotouring.it\/radiotouring104\/wp-json\/wp\/v2\/categories?post=94562"},{"taxonomy":"post_tag","embeddable":true,"href":"https:\/\/progettotouring.it\/radiotouring104\/wp-json\/wp\/v2\/tags?post=94562"}],"curies":[{"name":"wp","href":"https:\/\/api.w.org\/{rel}","templated":true}]}}