{"id":94565,"date":"2026-04-30T10:09:27","date_gmt":"2026-04-30T08:09:27","guid":{"rendered":"https:\/\/progettotouring.it\/radiotouring104\/?p=94565"},"modified":"2026-04-30T10:09:59","modified_gmt":"2026-04-30T08:09:59","slug":"operazione-marijoa-sgominata-a-melicucco-baby-gang-del-terrore-arrestati-5-giovani","status":"publish","type":"post","link":"https:\/\/progettotouring.it\/radiotouring104\/2026\/04\/30\/operazione-marijoa-sgominata-a-melicucco-baby-gang-del-terrore-arrestati-5-giovani\/","title":{"rendered":"Operazione &#8220;Marijoa&#8221;: sgominata a Melicucco baby gang del terrore, arrestati 5 giovani"},"content":{"rendered":"<p>Una &#8220;baby-banda del terrore&#8221; che avrebbe agito con modalit\u00e0 sistematiche, prendendo di mira persone fragili, trasformate in vittime di una sequenza continua di violenze, umiliazioni e soprusi. In un caso, secondo quanto ricostruito dagli investigatori, gli indagati hanno fatto irruzione nell&#8217;abitazione di una vittima fingendosi militari del Nas.<\/p>\n<p>Avrebbero, quindi, simulato un controllo immobilizzando l&#8217;uomo e ammanettandolo al letto, per poi picchiarlo e minacciarlo con una pistola puntata alla tempia, nonostante le sue disperate richieste di essere lasciato in pace.<\/p>\n<p>\u00c8 quanto emerso dall&#8217;inchiesta &#8216;Marijoa&#8217;, coordinata dalla Procura di Palmi, nell&#8217;ambito della quale stamattina \u00e8 scattato a Melicucco, nel Reggino, un blitz dei carabinieri che hanno eseguito un&#8217;ordinanza di misura cautelare emessa dal Gip nei confronti di cinque giovani, tutti di et\u00e0 compresa tra 20 e 22 anni. Per tre di loro sono scattati gli arresti domiciliari mentre per gli altri due il Gip ha disposto l&#8217;obbligo di presentazione alla polizia giudiziaria. Nel corso delle indagini gli investigatori hanno trovato anche un video in cui uno degli indagati avrebbe pronunciato una frase shock: &#8220;Se gli dai una coltellata questo video diventa virale&#8221;. Parole che, per gli inquirenti, rappresentano l&#8217;emblema di una violenza ostentata, esibita e trasformata in spettacolo, nell&#8217;ambito di un vero e proprio sistema di sopraffazione capace di generare un clima diffuso di paura nel territorio.<br \/>\nRisate e incitamenti accompagnavano i video che documentavano le bravate della &#8216;gang del terrore&#8217; che \u00e8 stata smantellata stamani dai carabinieri a Melicucco (Reggio Calabria) con tre arresti ai domiciliari e due obblighi di presentazione alla Pg. E&#8217; quanto emerge dalle carte dell&#8217;inchiesta coordinata dalla Procura di Palmi.<\/p>\n<p>I video, spiegano gli investigatori, documentano pestaggi, vessazioni e atti degradanti. La violenza veniva ripresa e condivisa, diventando strumento di affermazione e dominio all&#8217;interno del gruppo.<\/p>\n<p>I pm contestano i reati di associazione per delinquere, sequestro di persona, atti persecutori, violazione di domicilio, fabbricazione e detenzione di armi, tra cui bottiglie incendiarie, e uccisione di animali.<\/p>\n<p>Secondo quanto ricostruito le vittime venivano ferite con materiale incendiario e petardi, ingannate con modalit\u00e0 pericolose; si verificavano aggressioni improvvise e atti intimidatori anche in luoghi pubblici. Accertata, inoltre, la realizzazione e l&#8217;esplosione di ordigni artigianali in aree isolate.<\/p>\n<p>Gli investigatori hanno spiegato che per lungo tempo le vittime sarebbero rimaste in silenzio, paralizzate dal timore di ritorsioni e dall&#8217;umiliazione subita, arrivando a modificare radicalmente le proprie abitudini di vita fino all&#8217;isolamento. Nelle chat e nei materiali acquisiti gli indagati esibivano fucili e pistole, utilizzando espressioni riconducibili a logiche di controllo del territorio.<br \/>\nNel fascicolo dell&#8217;inchiesta, inoltre, sono stati documentati anche episodi di vandalismo ai danni del patrimonio pubblico. Descrivendo gli indagati gli inquirenti parlano di &#8220;totale assenza di empatia&#8221;. In uno dei video sequestrati il gruppo si accanisce con crudelt\u00e0 su un animale<\/p>\n<p>&nbsp;<\/p>\n<h3>Il Procuratore Crescenti: &#8220;In paese clima da &#8220;Gomorra&#8221;<\/h3>\n<p>&#8220;&#8216;Se gli dai una coltellata, il video diventa virale&#8221; A Melicucco c&#8217;era &#8220;un&#8217;atmosfera quasi da fiction, da Gomorra.<\/p>\n<p>Gli indagati non avevano un ritorno economico. Qui siamo a livelli che si muovono su piani diversi, di una violenza apparentemente gratuita che serve a segnare il territorio, volersi imporre utilizzando la forza&#8221;. Cos\u00ec il procuratore di Palmi Emanuele Crescenti che, assieme al sostituto procuratore Letterio De Domenico, ha coordinato le indagini dell&#8217;operazione &#8216;Marijoa&#8217; che ha portato al blitz dei carabinieri in cui tre giovani sono stati arrestati e per altri due \u00e8 stato disposto l&#8217;obbligo di presentazione alla Pg.<\/p>\n<p>&#8220;In paese lo sapevano tutti e alla fine \u00e8 saltato il tappo. Ci sono coinvolte anche altre persone su cui si sta lavorando. \u00c8 stato difficile rompere il muro di omert\u00e0 perch\u00e9 si \u00e8 registrata &#8211; ha spiegato Crescenti &#8211; una ritrosia timorosa alla collaborazione con le autorit\u00e0. Per\u00f2 ci siamo riusciti&#8221;. Il procuratore si \u00e8 soffermato molto su quello che ha definito &#8220;l&#8217;aspetto culturale&#8221;, sottolineando che gli arrestati provengono da &#8220;contesti familiari non peggiori di altri&#8221;.<\/p>\n<p>&#8220;L&#8217;aspetto pi\u00f9 terribile, con cui ormai ci confrontiamo quotidianamente nelle nostre indagini, \u00e8 che quelle violenze venivano messe in mostra sui social&#8221;, ha detto il magistrato, spiegando che &#8220;le vittime accertate sono tre, una persona disabile a tutti gli effetti e altre due persone che comunque erano in preda a grossi problemi mentali e di dipendenza anche dall&#8217;alcol. Non sar\u00e0 facile, ma quello che noi auspichiamo \u00e8 che questi interventi di reazione dello Stato abbiano una funzione non meramente repressiva, ma anche una funzione di recupero&#8221;.<\/p>\n","protected":false},"excerpt":{"rendered":"<p>Una &#8220;baby-banda del terrore&#8221; che avrebbe agito con modalit\u00e0 sistematiche, prendendo di mira persone fragili, trasformate in vittime di una sequenza continua di violenze, umiliazioni e soprusi. In un caso,&hellip;<\/p>\n","protected":false},"author":12,"featured_media":94566,"comment_status":"closed","ping_status":"open","sticky":false,"template":"","format":"standard","meta":{"_jetpack_memberships_contains_paid_content":false,"footnotes":"","jetpack_publicize_message":"","jetpack_publicize_feature_enabled":true,"jetpack_social_post_already_shared":true,"jetpack_social_options":{"image_generator_settings":{"template":"highway","default_image_id":0,"font":"","enabled":false},"version":2}},"categories":[921,196,140],"tags":[53259,53258,24215,53256,53255,27578,53257,53260],"class_list":["post-94565","post","type-post","status-publish","format-standard","has-post-thumbnail","hentry","category-home","category-news","category-reggio-calabria","tag-aggressioni-pubblicate-sui-social","tag-arrestati-5-giovani","tag-comandante-provinciale-dei-carabinieri-cesario-totaro","tag-melicucci","tag-operazione-marijoa","tag-procuratore-di-palmi-emanuele-crescenti","tag-sgominata-baby-gang","tag-vittime-fragili"],"yoast_head":"<!-- This site is optimized with the Yoast SEO plugin v27.2 - https:\/\/yoast.com\/product\/yoast-seo-wordpress\/ -->\n<title>Operazione &quot;Marijoa&quot;: sgominata a Melicucco baby gang, 5 arresti<\/title>\n<meta name=\"description\" content=\"5 giovani sono coinvolti nell&#039;indagine che ricostruisce aggressioni riprese e pubblicate sui social contro vittime fragili\" \/>\n<meta name=\"robots\" content=\"index, follow, max-snippet:-1, max-image-preview:large, max-video-preview:-1\" \/>\n<link rel=\"canonical\" href=\"https:\/\/progettotouring.it\/radiotouring104\/2026\/04\/30\/operazione-marijoa-sgominata-a-melicucco-baby-gang-del-terrore-arrestati-5-giovani\/\" \/>\n<meta property=\"og:locale\" content=\"it_IT\" \/>\n<meta property=\"og:type\" content=\"article\" \/>\n<meta property=\"og:title\" content=\"Operazione &quot;Marijoa&quot;: sgominata a Melicucco baby gang, 5 arresti\" \/>\n<meta property=\"og:description\" content=\"5 giovani sono coinvolti nell&#039;indagine che ricostruisce aggressioni riprese e pubblicate sui social contro vittime fragili\" \/>\n<meta property=\"og:url\" content=\"https:\/\/progettotouring.it\/radiotouring104\/2026\/04\/30\/operazione-marijoa-sgominata-a-melicucco-baby-gang-del-terrore-arrestati-5-giovani\/\" \/>\n<meta property=\"og:site_name\" content=\"Radio Touring 104\" \/>\n<meta property=\"article:published_time\" content=\"2026-04-30T08:09:27+00:00\" \/>\n<meta property=\"article:modified_time\" content=\"2026-04-30T08:09:59+00:00\" \/>\n<meta property=\"og:image\" content=\"https:\/\/progettotouring.it\/radiotouring104\/wp-content\/uploads\/sites\/6\/2026\/04\/Carabinieri-Melicucco-2.jpg\" \/>\n\t<meta property=\"og:image:width\" content=\"1920\" \/>\n\t<meta property=\"og:image:height\" content=\"1080\" \/>\n\t<meta property=\"og:image:type\" content=\"image\/jpeg\" \/>\n<meta name=\"author\" content=\"Sebastiano Plutino\" \/>\n<meta name=\"twitter:card\" content=\"summary_large_image\" \/>\n<meta name=\"twitter:label1\" content=\"Scritto da\" \/>\n\t<meta name=\"twitter:data1\" content=\"Sebastiano Plutino\" \/>\n\t<meta name=\"twitter:label2\" content=\"Tempo di lettura stimato\" \/>\n\t<meta name=\"twitter:data2\" content=\"4 minuti\" \/>\n<script type=\"application\/ld+json\" class=\"yoast-schema-graph\">{\"@context\":\"https:\/\/schema.org\",\"@graph\":[{\"@type\":\"Article\",\"@id\":\"https:\/\/progettotouring.it\/radiotouring104\/2026\/04\/30\/operazione-marijoa-sgominata-a-melicucco-baby-gang-del-terrore-arrestati-5-giovani\/#article\",\"isPartOf\":{\"@id\":\"https:\/\/progettotouring.it\/radiotouring104\/2026\/04\/30\/operazione-marijoa-sgominata-a-melicucco-baby-gang-del-terrore-arrestati-5-giovani\/\"},\"author\":{\"name\":\"Sebastiano Plutino\",\"@id\":\"https:\/\/progettotouring.it\/radiotouring104\/#\/schema\/person\/78613917f1851f041f7483f5af1d422e\"},\"headline\":\"Operazione &#8220;Marijoa&#8221;: sgominata a Melicucco baby gang del terrore, arrestati 5 giovani\",\"datePublished\":\"2026-04-30T08:09:27+00:00\",\"dateModified\":\"2026-04-30T08:09:59+00:00\",\"mainEntityOfPage\":{\"@id\":\"https:\/\/progettotouring.it\/radiotouring104\/2026\/04\/30\/operazione-marijoa-sgominata-a-melicucco-baby-gang-del-terrore-arrestati-5-giovani\/\"},\"wordCount\":724,\"publisher\":{\"@id\":\"https:\/\/progettotouring.it\/radiotouring104\/#organization\"},\"image\":{\"@id\":\"https:\/\/progettotouring.it\/radiotouring104\/2026\/04\/30\/operazione-marijoa-sgominata-a-melicucco-baby-gang-del-terrore-arrestati-5-giovani\/#primaryimage\"},\"thumbnailUrl\":\"https:\/\/progettotouring.it\/radiotouring104\/wp-content\/uploads\/sites\/6\/2026\/04\/Carabinieri-Melicucco-2.jpg\",\"keywords\":[\"aggressioni pubblicate sui social\",\"arrestati 5 giovani\",\"Comandante provinciale dei Carabinieri Cesario Totaro\",\"Melicucci\",\"Operazione \\\"Marijoa\\\"\",\"procuratore di Palmi Emanuele Crescenti\",\"sgominata baby gang\",\"vittime fragili\"],\"articleSection\":[\"Home\",\"News\",\"Reggio Calabria\"],\"inLanguage\":\"it-IT\"},{\"@type\":\"WebPage\",\"@id\":\"https:\/\/progettotouring.it\/radiotouring104\/2026\/04\/30\/operazione-marijoa-sgominata-a-melicucco-baby-gang-del-terrore-arrestati-5-giovani\/\",\"url\":\"https:\/\/progettotouring.it\/radiotouring104\/2026\/04\/30\/operazione-marijoa-sgominata-a-melicucco-baby-gang-del-terrore-arrestati-5-giovani\/\",\"name\":\"Operazione \\\"Marijoa\\\": sgominata a Melicucco baby gang, 5 arresti\",\"isPartOf\":{\"@id\":\"https:\/\/progettotouring.it\/radiotouring104\/#website\"},\"primaryImageOfPage\":{\"@id\":\"https:\/\/progettotouring.it\/radiotouring104\/2026\/04\/30\/operazione-marijoa-sgominata-a-melicucco-baby-gang-del-terrore-arrestati-5-giovani\/#primaryimage\"},\"image\":{\"@id\":\"https:\/\/progettotouring.it\/radiotouring104\/2026\/04\/30\/operazione-marijoa-sgominata-a-melicucco-baby-gang-del-terrore-arrestati-5-giovani\/#primaryimage\"},\"thumbnailUrl\":\"https:\/\/progettotouring.it\/radiotouring104\/wp-content\/uploads\/sites\/6\/2026\/04\/Carabinieri-Melicucco-2.jpg\",\"datePublished\":\"2026-04-30T08:09:27+00:00\",\"dateModified\":\"2026-04-30T08:09:59+00:00\",\"description\":\"5 giovani sono coinvolti nell'indagine che ricostruisce aggressioni riprese e pubblicate sui social contro vittime fragili\",\"breadcrumb\":{\"@id\":\"https:\/\/progettotouring.it\/radiotouring104\/2026\/04\/30\/operazione-marijoa-sgominata-a-melicucco-baby-gang-del-terrore-arrestati-5-giovani\/#breadcrumb\"},\"inLanguage\":\"it-IT\",\"potentialAction\":[{\"@type\":\"ReadAction\",\"target\":[\"https:\/\/progettotouring.it\/radiotouring104\/2026\/04\/30\/operazione-marijoa-sgominata-a-melicucco-baby-gang-del-terrore-arrestati-5-giovani\/\"]}]},{\"@type\":\"ImageObject\",\"inLanguage\":\"it-IT\",\"@id\":\"https:\/\/progettotouring.it\/radiotouring104\/2026\/04\/30\/operazione-marijoa-sgominata-a-melicucco-baby-gang-del-terrore-arrestati-5-giovani\/#primaryimage\",\"url\":\"https:\/\/progettotouring.it\/radiotouring104\/wp-content\/uploads\/sites\/6\/2026\/04\/Carabinieri-Melicucco-2.jpg\",\"contentUrl\":\"https:\/\/progettotouring.it\/radiotouring104\/wp-content\/uploads\/sites\/6\/2026\/04\/Carabinieri-Melicucco-2.jpg\",\"width\":1920,\"height\":1080},{\"@type\":\"BreadcrumbList\",\"@id\":\"https:\/\/progettotouring.it\/radiotouring104\/2026\/04\/30\/operazione-marijoa-sgominata-a-melicucco-baby-gang-del-terrore-arrestati-5-giovani\/#breadcrumb\",\"itemListElement\":[{\"@type\":\"ListItem\",\"position\":1,\"name\":\"Home\",\"item\":\"https:\/\/progettotouring.it\/radiotouring104\/\"},{\"@type\":\"ListItem\",\"position\":2,\"name\":\"Operazione &#8220;Marijoa&#8221;: sgominata a Melicucco baby gang del terrore, arrestati 5 giovani\"}]},{\"@type\":\"WebSite\",\"@id\":\"https:\/\/progettotouring.it\/radiotouring104\/#website\",\"url\":\"https:\/\/progettotouring.it\/radiotouring104\/\",\"name\":\"Radio Touring 104\",\"description\":\"La prima radio Reggina\",\"publisher\":{\"@id\":\"https:\/\/progettotouring.it\/radiotouring104\/#organization\"},\"potentialAction\":[{\"@type\":\"SearchAction\",\"target\":{\"@type\":\"EntryPoint\",\"urlTemplate\":\"https:\/\/progettotouring.it\/radiotouring104\/?s={search_term_string}\"},\"query-input\":{\"@type\":\"PropertyValueSpecification\",\"valueRequired\":true,\"valueName\":\"search_term_string\"}}],\"inLanguage\":\"it-IT\"},{\"@type\":\"Organization\",\"@id\":\"https:\/\/progettotouring.it\/radiotouring104\/#organization\",\"name\":\"Radio Touring 104\",\"url\":\"https:\/\/progettotouring.it\/radiotouring104\/\",\"logo\":{\"@type\":\"ImageObject\",\"inLanguage\":\"it-IT\",\"@id\":\"https:\/\/progettotouring.it\/radiotouring104\/#\/schema\/logo\/image\/\",\"url\":\"https:\/\/progettotouring.it\/radiotouring104\/wp-content\/uploads\/sites\/6\/2022\/02\/cropped-logo-radio-touring-104.png\",\"contentUrl\":\"https:\/\/progettotouring.it\/radiotouring104\/wp-content\/uploads\/sites\/6\/2022\/02\/cropped-logo-radio-touring-104.png\",\"width\":377,\"height\":182,\"caption\":\"Radio Touring 104\"},\"image\":{\"@id\":\"https:\/\/progettotouring.it\/radiotouring104\/#\/schema\/logo\/image\/\"}},{\"@type\":\"Person\",\"@id\":\"https:\/\/progettotouring.it\/radiotouring104\/#\/schema\/person\/78613917f1851f041f7483f5af1d422e\",\"name\":\"Sebastiano Plutino\",\"image\":{\"@type\":\"ImageObject\",\"inLanguage\":\"it-IT\",\"@id\":\"https:\/\/secure.gravatar.com\/avatar\/0546ffaa9b79224faf9f2a156b67a529ae861d3287c66c1d8ccfdf909bcba78d?s=96&d=mm&r=g\",\"url\":\"https:\/\/secure.gravatar.com\/avatar\/0546ffaa9b79224faf9f2a156b67a529ae861d3287c66c1d8ccfdf909bcba78d?s=96&d=mm&r=g\",\"contentUrl\":\"https:\/\/secure.gravatar.com\/avatar\/0546ffaa9b79224faf9f2a156b67a529ae861d3287c66c1d8ccfdf909bcba78d?s=96&d=mm&r=g\",\"caption\":\"Sebastiano Plutino\"},\"url\":\"https:\/\/progettotouring.it\/radiotouring104\/author\/sebastiano\/\"}]}<\/script>\n<!-- \/ Yoast SEO plugin. -->","yoast_head_json":{"title":"Operazione \"Marijoa\": sgominata a Melicucco baby gang, 5 arresti","description":"5 giovani sono coinvolti nell'indagine che ricostruisce aggressioni riprese e pubblicate sui social contro vittime fragili","robots":{"index":"index","follow":"follow","max-snippet":"max-snippet:-1","max-image-preview":"max-image-preview:large","max-video-preview":"max-video-preview:-1"},"canonical":"https:\/\/progettotouring.it\/radiotouring104\/2026\/04\/30\/operazione-marijoa-sgominata-a-melicucco-baby-gang-del-terrore-arrestati-5-giovani\/","og_locale":"it_IT","og_type":"article","og_title":"Operazione \"Marijoa\": sgominata a Melicucco baby gang, 5 arresti","og_description":"5 giovani sono coinvolti nell'indagine che ricostruisce aggressioni riprese e pubblicate sui social contro vittime fragili","og_url":"https:\/\/progettotouring.it\/radiotouring104\/2026\/04\/30\/operazione-marijoa-sgominata-a-melicucco-baby-gang-del-terrore-arrestati-5-giovani\/","og_site_name":"Radio Touring 104","article_published_time":"2026-04-30T08:09:27+00:00","article_modified_time":"2026-04-30T08:09:59+00:00","og_image":[{"width":1920,"height":1080,"url":"https:\/\/progettotouring.it\/radiotouring104\/wp-content\/uploads\/sites\/6\/2026\/04\/Carabinieri-Melicucco-2.jpg","type":"image\/jpeg"}],"author":"Sebastiano Plutino","twitter_card":"summary_large_image","twitter_misc":{"Scritto da":"Sebastiano Plutino","Tempo di lettura stimato":"4 minuti"},"schema":{"@context":"https:\/\/schema.org","@graph":[{"@type":"Article","@id":"https:\/\/progettotouring.it\/radiotouring104\/2026\/04\/30\/operazione-marijoa-sgominata-a-melicucco-baby-gang-del-terrore-arrestati-5-giovani\/#article","isPartOf":{"@id":"https:\/\/progettotouring.it\/radiotouring104\/2026\/04\/30\/operazione-marijoa-sgominata-a-melicucco-baby-gang-del-terrore-arrestati-5-giovani\/"},"author":{"name":"Sebastiano Plutino","@id":"https:\/\/progettotouring.it\/radiotouring104\/#\/schema\/person\/78613917f1851f041f7483f5af1d422e"},"headline":"Operazione &#8220;Marijoa&#8221;: sgominata a Melicucco baby gang del terrore, arrestati 5 giovani","datePublished":"2026-04-30T08:09:27+00:00","dateModified":"2026-04-30T08:09:59+00:00","mainEntityOfPage":{"@id":"https:\/\/progettotouring.it\/radiotouring104\/2026\/04\/30\/operazione-marijoa-sgominata-a-melicucco-baby-gang-del-terrore-arrestati-5-giovani\/"},"wordCount":724,"publisher":{"@id":"https:\/\/progettotouring.it\/radiotouring104\/#organization"},"image":{"@id":"https:\/\/progettotouring.it\/radiotouring104\/2026\/04\/30\/operazione-marijoa-sgominata-a-melicucco-baby-gang-del-terrore-arrestati-5-giovani\/#primaryimage"},"thumbnailUrl":"https:\/\/progettotouring.it\/radiotouring104\/wp-content\/uploads\/sites\/6\/2026\/04\/Carabinieri-Melicucco-2.jpg","keywords":["aggressioni pubblicate sui social","arrestati 5 giovani","Comandante provinciale dei Carabinieri Cesario Totaro","Melicucci","Operazione \"Marijoa\"","procuratore di Palmi Emanuele Crescenti","sgominata baby gang","vittime fragili"],"articleSection":["Home","News","Reggio Calabria"],"inLanguage":"it-IT"},{"@type":"WebPage","@id":"https:\/\/progettotouring.it\/radiotouring104\/2026\/04\/30\/operazione-marijoa-sgominata-a-melicucco-baby-gang-del-terrore-arrestati-5-giovani\/","url":"https:\/\/progettotouring.it\/radiotouring104\/2026\/04\/30\/operazione-marijoa-sgominata-a-melicucco-baby-gang-del-terrore-arrestati-5-giovani\/","name":"Operazione \"Marijoa\": sgominata a Melicucco baby gang, 5 arresti","isPartOf":{"@id":"https:\/\/progettotouring.it\/radiotouring104\/#website"},"primaryImageOfPage":{"@id":"https:\/\/progettotouring.it\/radiotouring104\/2026\/04\/30\/operazione-marijoa-sgominata-a-melicucco-baby-gang-del-terrore-arrestati-5-giovani\/#primaryimage"},"image":{"@id":"https:\/\/progettotouring.it\/radiotouring104\/2026\/04\/30\/operazione-marijoa-sgominata-a-melicucco-baby-gang-del-terrore-arrestati-5-giovani\/#primaryimage"},"thumbnailUrl":"https:\/\/progettotouring.it\/radiotouring104\/wp-content\/uploads\/sites\/6\/2026\/04\/Carabinieri-Melicucco-2.jpg","datePublished":"2026-04-30T08:09:27+00:00","dateModified":"2026-04-30T08:09:59+00:00","description":"5 giovani sono coinvolti nell'indagine che ricostruisce aggressioni riprese e pubblicate sui social contro vittime fragili","breadcrumb":{"@id":"https:\/\/progettotouring.it\/radiotouring104\/2026\/04\/30\/operazione-marijoa-sgominata-a-melicucco-baby-gang-del-terrore-arrestati-5-giovani\/#breadcrumb"},"inLanguage":"it-IT","potentialAction":[{"@type":"ReadAction","target":["https:\/\/progettotouring.it\/radiotouring104\/2026\/04\/30\/operazione-marijoa-sgominata-a-melicucco-baby-gang-del-terrore-arrestati-5-giovani\/"]}]},{"@type":"ImageObject","inLanguage":"it-IT","@id":"https:\/\/progettotouring.it\/radiotouring104\/2026\/04\/30\/operazione-marijoa-sgominata-a-melicucco-baby-gang-del-terrore-arrestati-5-giovani\/#primaryimage","url":"https:\/\/progettotouring.it\/radiotouring104\/wp-content\/uploads\/sites\/6\/2026\/04\/Carabinieri-Melicucco-2.jpg","contentUrl":"https:\/\/progettotouring.it\/radiotouring104\/wp-content\/uploads\/sites\/6\/2026\/04\/Carabinieri-Melicucco-2.jpg","width":1920,"height":1080},{"@type":"BreadcrumbList","@id":"https:\/\/progettotouring.it\/radiotouring104\/2026\/04\/30\/operazione-marijoa-sgominata-a-melicucco-baby-gang-del-terrore-arrestati-5-giovani\/#breadcrumb","itemListElement":[{"@type":"ListItem","position":1,"name":"Home","item":"https:\/\/progettotouring.it\/radiotouring104\/"},{"@type":"ListItem","position":2,"name":"Operazione &#8220;Marijoa&#8221;: sgominata a Melicucco baby gang del terrore, arrestati 5 giovani"}]},{"@type":"WebSite","@id":"https:\/\/progettotouring.it\/radiotouring104\/#website","url":"https:\/\/progettotouring.it\/radiotouring104\/","name":"Radio Touring 104","description":"La prima radio Reggina","publisher":{"@id":"https:\/\/progettotouring.it\/radiotouring104\/#organization"},"potentialAction":[{"@type":"SearchAction","target":{"@type":"EntryPoint","urlTemplate":"https:\/\/progettotouring.it\/radiotouring104\/?s={search_term_string}"},"query-input":{"@type":"PropertyValueSpecification","valueRequired":true,"valueName":"search_term_string"}}],"inLanguage":"it-IT"},{"@type":"Organization","@id":"https:\/\/progettotouring.it\/radiotouring104\/#organization","name":"Radio Touring 104","url":"https:\/\/progettotouring.it\/radiotouring104\/","logo":{"@type":"ImageObject","inLanguage":"it-IT","@id":"https:\/\/progettotouring.it\/radiotouring104\/#\/schema\/logo\/image\/","url":"https:\/\/progettotouring.it\/radiotouring104\/wp-content\/uploads\/sites\/6\/2022\/02\/cropped-logo-radio-touring-104.png","contentUrl":"https:\/\/progettotouring.it\/radiotouring104\/wp-content\/uploads\/sites\/6\/2022\/02\/cropped-logo-radio-touring-104.png","width":377,"height":182,"caption":"Radio Touring 104"},"image":{"@id":"https:\/\/progettotouring.it\/radiotouring104\/#\/schema\/logo\/image\/"}},{"@type":"Person","@id":"https:\/\/progettotouring.it\/radiotouring104\/#\/schema\/person\/78613917f1851f041f7483f5af1d422e","name":"Sebastiano Plutino","image":{"@type":"ImageObject","inLanguage":"it-IT","@id":"https:\/\/secure.gravatar.com\/avatar\/0546ffaa9b79224faf9f2a156b67a529ae861d3287c66c1d8ccfdf909bcba78d?s=96&d=mm&r=g","url":"https:\/\/secure.gravatar.com\/avatar\/0546ffaa9b79224faf9f2a156b67a529ae861d3287c66c1d8ccfdf909bcba78d?s=96&d=mm&r=g","contentUrl":"https:\/\/secure.gravatar.com\/avatar\/0546ffaa9b79224faf9f2a156b67a529ae861d3287c66c1d8ccfdf909bcba78d?s=96&d=mm&r=g","caption":"Sebastiano Plutino"},"url":"https:\/\/progettotouring.it\/radiotouring104\/author\/sebastiano\/"}]}},"jetpack_publicize_connections":[],"jetpack_featured_media_url":"https:\/\/progettotouring.it\/radiotouring104\/wp-content\/uploads\/sites\/6\/2026\/04\/Carabinieri-Melicucco-2.jpg","jetpack_sharing_enabled":true,"_links":{"self":[{"href":"https:\/\/progettotouring.it\/radiotouring104\/wp-json\/wp\/v2\/posts\/94565","targetHints":{"allow":["GET"]}}],"collection":[{"href":"https:\/\/progettotouring.it\/radiotouring104\/wp-json\/wp\/v2\/posts"}],"about":[{"href":"https:\/\/progettotouring.it\/radiotouring104\/wp-json\/wp\/v2\/types\/post"}],"author":[{"embeddable":true,"href":"https:\/\/progettotouring.it\/radiotouring104\/wp-json\/wp\/v2\/users\/12"}],"replies":[{"embeddable":true,"href":"https:\/\/progettotouring.it\/radiotouring104\/wp-json\/wp\/v2\/comments?post=94565"}],"version-history":[{"count":1,"href":"https:\/\/progettotouring.it\/radiotouring104\/wp-json\/wp\/v2\/posts\/94565\/revisions"}],"predecessor-version":[{"id":94567,"href":"https:\/\/progettotouring.it\/radiotouring104\/wp-json\/wp\/v2\/posts\/94565\/revisions\/94567"}],"wp:featuredmedia":[{"embeddable":true,"href":"https:\/\/progettotouring.it\/radiotouring104\/wp-json\/wp\/v2\/media\/94566"}],"wp:attachment":[{"href":"https:\/\/progettotouring.it\/radiotouring104\/wp-json\/wp\/v2\/media?parent=94565"}],"wp:term":[{"taxonomy":"category","embeddable":true,"href":"https:\/\/progettotouring.it\/radiotouring104\/wp-json\/wp\/v2\/categories?post=94565"},{"taxonomy":"post_tag","embeddable":true,"href":"https:\/\/progettotouring.it\/radiotouring104\/wp-json\/wp\/v2\/tags?post=94565"}],"curies":[{"name":"wp","href":"https:\/\/api.w.org\/{rel}","templated":true}]}}