{"id":94568,"date":"2026-04-30T10:18:08","date_gmt":"2026-04-30T08:18:08","guid":{"rendered":"https:\/\/progettotouring.it\/radiotouring104\/?p=94568"},"modified":"2026-04-30T10:18:08","modified_gmt":"2026-04-30T08:18:08","slug":"tragedia-di-catanzaro-il-gaslini-condizioni-della-bimba-soddisfacenti","status":"publish","type":"post","link":"https:\/\/progettotouring.it\/radiotouring104\/2026\/04\/30\/tragedia-di-catanzaro-il-gaslini-condizioni-della-bimba-soddisfacenti\/","title":{"rendered":"Tragedia di Catanzaro, il &#8220;Gaslini&#8221;: &#8220;Condizioni della bimba soddisfacenti&#8221;"},"content":{"rendered":"<p>La bambina di 6 anni coinvolta nella tragedia di Catanzaro \u00e8 sempre ricoverata nel reparto di Terapia Intensiva dell&#8217;Istituto Giannina Gaslini. Le sue condizioni cliniche sono soddisfacenti. Non ha riportato alcun esito dal punto di vista neurologico, \u00e8 stata autonomizzata dalla ventilazione meccanica e, nonostante le gravi lesioni subite a livello di aorta, fegato e milza, non sussistono allo stato attuale condizioni pericolose per la vita.<\/p>\n<p>La bambina e la famiglia sono state prese in carico dal punto di vista psicologico. La bimba prosegue il monitoraggio in terapia intensiva e si prospetta nei prossimi giorni il trasferimento in un contesto semi-intensivo.<\/p>\n<p>&#8220;Tutto ci\u00f2 \u00e8 stato possibile grazie alla collaborazione consolidata con l&#8217;equipe degli anestesisti rianimatori dell&#8217;azienda ospedaliera universitaria Renato Dulbecco di Catanzaro, presidio &#8220;Pugliese&#8221; guidata dalla dottoressa Stefania Farag\u00f2 che ha stabilizzato la paziente, consentendone il trasferimento sicuro al Gaslini, anche grazie all&#8217;intervento dei radiologi interventisti&#8221; ha detto Andrea Moscatelli, direttore del Dea e di Terapia Intensiva Neonatale e Pediatrica del Gaslini.<\/p>\n<p>&#8220;La bambina, dal punto di vista cardiovascolare, \u00e8 stabile grazie anche al tempestivo intervento dell&#8217;emodinamica del Policlinico di Catanzaro, dove sono riusciti a riparare per via percutanea una gravissima lacerazione dell&#8217;aorta &#8211; spiega Roberto Formigari, direttore di Cardiologia del Gaslini -.\u00a0 \u00c8 stato un bell&#8217;esempio di collaborazione fra istituzioni e, prima della procedura, abbiamo avuto uno scambio di opinioni con i colleghi dell&#8217;Emodinamica Claudio Maglia e Armando Pingitore insieme a Agostino Siciliano della Radiologia Interventistica, che hanno portato a termine l&#8217;intervento. La lesione aortica deve essere tenuta sotto stretta osservazione e faremo i dovuti controlli nel prossimo futuro&#8221;<\/p>\n<p>A commento del percorso assistenziale, il direttore sanitario dell&#8217;Istituto Giannina Gaslini Raffaele Spiazzi sottolinea come &#8220;questa vicenda rappresenti un esempio concreto di quanto la qualit\u00e0 delle cure dipenda dalla capacit\u00e0 delle istituzioni di lavorare insieme, mettendo a disposizione competenze, responsabilit\u00e0 e spirito di servizio. Il percorso realizzato finora \u00e8 il risultato di una collaborazione tempestiva e leale tra professionisti e strutture diverse, ciascuna delle quali ha contribuito in modo decisivo alla presa in carico della paziente&#8221;.<\/p>\n","protected":false},"excerpt":{"rendered":"<p>La bambina di 6 anni coinvolta nella tragedia di Catanzaro \u00e8 sempre ricoverata nel reparto di Terapia Intensiva dell&#8217;Istituto Giannina Gaslini. Le sue condizioni cliniche sono soddisfacenti. Non ha riportato&hellip;<\/p>\n","protected":false},"author":12,"featured_media":94196,"comment_status":"closed","ping_status":"open","sticky":false,"template":"","format":"standard","meta":{"_jetpack_memberships_contains_paid_content":false,"footnotes":"","jetpack_publicize_message":"","jetpack_publicize_feature_enabled":true,"jetpack_social_post_already_shared":true,"jetpack_social_options":{"image_generator_settings":{"template":"highway","default_image_id":0,"font":"","enabled":false},"version":2}},"categories":[142,921,196],"tags":[53265,53266,53261,53263,18537,53262,53264,53049],"class_list":["post-94568","post","type-post","status-publish","format-standard","has-post-thumbnail","hentry","category-calabria","category-home","category-news","tag-armando-pingitore","tag-claudio-maglia","tag-condizioni-della-bimba-soddisfacenti","tag-dottoressa-stefania-farago","tag-istituto-giannina-gaslini","tag-nei-prossimi-giorni-sara-trasferita-nel-reparto-semi-intensivo","tag-roberto-formigari","tag-tragedia-di-catanzaro"],"yoast_head":"<!-- This site is optimized with the Yoast SEO plugin v27.2 - https:\/\/yoast.com\/product\/yoast-seo-wordpress\/ -->\n<title>&quot;Gaslini&quot;: &quot;Condizioni della bimba soddisfacenti&quot;<\/title>\n<meta name=\"description\" content=\"La bambina sar\u00e0 trasferita, nei prossimi giorni, nel Reparto semi intensivo dell&#039;ospedale del capoluogo ligure\" \/>\n<meta name=\"robots\" content=\"index, follow, max-snippet:-1, max-image-preview:large, max-video-preview:-1\" \/>\n<link rel=\"canonical\" href=\"https:\/\/progettotouring.it\/radiotouring104\/2026\/04\/30\/tragedia-di-catanzaro-il-gaslini-condizioni-della-bimba-soddisfacenti\/\" \/>\n<meta property=\"og:locale\" content=\"it_IT\" \/>\n<meta property=\"og:type\" content=\"article\" \/>\n<meta property=\"og:title\" content=\"&quot;Gaslini&quot;: &quot;Condizioni della bimba soddisfacenti&quot;\" \/>\n<meta property=\"og:description\" content=\"La bambina sar\u00e0 trasferita, nei prossimi giorni, nel Reparto semi intensivo dell&#039;ospedale del capoluogo ligure\" \/>\n<meta property=\"og:url\" content=\"https:\/\/progettotouring.it\/radiotouring104\/2026\/04\/30\/tragedia-di-catanzaro-il-gaslini-condizioni-della-bimba-soddisfacenti\/\" \/>\n<meta property=\"og:site_name\" content=\"Radio Touring 104\" \/>\n<meta property=\"article:published_time\" content=\"2026-04-30T08:18:08+00:00\" \/>\n<meta property=\"og:image\" content=\"https:\/\/progettotouring.it\/radiotouring104\/wp-content\/uploads\/sites\/6\/2026\/04\/Ospedale-Gaslini-di-Genova.jpg\" \/>\n\t<meta property=\"og:image:width\" content=\"738\" \/>\n\t<meta property=\"og:image:height\" content=\"551\" \/>\n\t<meta property=\"og:image:type\" content=\"image\/jpeg\" \/>\n<meta name=\"author\" content=\"Sebastiano Plutino\" \/>\n<meta name=\"twitter:card\" content=\"summary_large_image\" \/>\n<meta name=\"twitter:label1\" content=\"Scritto da\" \/>\n\t<meta name=\"twitter:data1\" content=\"Sebastiano Plutino\" \/>\n\t<meta name=\"twitter:label2\" content=\"Tempo di lettura stimato\" \/>\n\t<meta name=\"twitter:data2\" content=\"2 minuti\" \/>\n<script type=\"application\/ld+json\" class=\"yoast-schema-graph\">{\"@context\":\"https:\/\/schema.org\",\"@graph\":[{\"@type\":\"Article\",\"@id\":\"https:\/\/progettotouring.it\/radiotouring104\/2026\/04\/30\/tragedia-di-catanzaro-il-gaslini-condizioni-della-bimba-soddisfacenti\/#article\",\"isPartOf\":{\"@id\":\"https:\/\/progettotouring.it\/radiotouring104\/2026\/04\/30\/tragedia-di-catanzaro-il-gaslini-condizioni-della-bimba-soddisfacenti\/\"},\"author\":{\"name\":\"Sebastiano Plutino\",\"@id\":\"https:\/\/progettotouring.it\/radiotouring104\/#\/schema\/person\/78613917f1851f041f7483f5af1d422e\"},\"headline\":\"Tragedia di Catanzaro, il &#8220;Gaslini&#8221;: &#8220;Condizioni della bimba soddisfacenti&#8221;\",\"datePublished\":\"2026-04-30T08:18:08+00:00\",\"mainEntityOfPage\":{\"@id\":\"https:\/\/progettotouring.it\/radiotouring104\/2026\/04\/30\/tragedia-di-catanzaro-il-gaslini-condizioni-della-bimba-soddisfacenti\/\"},\"wordCount\":338,\"publisher\":{\"@id\":\"https:\/\/progettotouring.it\/radiotouring104\/#organization\"},\"image\":{\"@id\":\"https:\/\/progettotouring.it\/radiotouring104\/2026\/04\/30\/tragedia-di-catanzaro-il-gaslini-condizioni-della-bimba-soddisfacenti\/#primaryimage\"},\"thumbnailUrl\":\"https:\/\/progettotouring.it\/radiotouring104\/wp-content\/uploads\/sites\/6\/2026\/04\/Ospedale-Gaslini-di-Genova.jpg\",\"keywords\":[\"Armando Pingitore\",\"Claudio Maglia\",\"Condizioni della bimba soddisfacenti\",\"dottoressa Stefania Farag\u00f2\",\"Istituto Giannina Gaslini\",\"nei prossimi giorni sar\u00e0 trasferita nel reparto semi intensivo\",\"Roberto Formigari\",\"tragedia di catanzaro\"],\"articleSection\":[\"Calabria\",\"Home\",\"News\"],\"inLanguage\":\"it-IT\"},{\"@type\":\"WebPage\",\"@id\":\"https:\/\/progettotouring.it\/radiotouring104\/2026\/04\/30\/tragedia-di-catanzaro-il-gaslini-condizioni-della-bimba-soddisfacenti\/\",\"url\":\"https:\/\/progettotouring.it\/radiotouring104\/2026\/04\/30\/tragedia-di-catanzaro-il-gaslini-condizioni-della-bimba-soddisfacenti\/\",\"name\":\"\\\"Gaslini\\\": \\\"Condizioni della bimba soddisfacenti\\\"\",\"isPartOf\":{\"@id\":\"https:\/\/progettotouring.it\/radiotouring104\/#website\"},\"primaryImageOfPage\":{\"@id\":\"https:\/\/progettotouring.it\/radiotouring104\/2026\/04\/30\/tragedia-di-catanzaro-il-gaslini-condizioni-della-bimba-soddisfacenti\/#primaryimage\"},\"image\":{\"@id\":\"https:\/\/progettotouring.it\/radiotouring104\/2026\/04\/30\/tragedia-di-catanzaro-il-gaslini-condizioni-della-bimba-soddisfacenti\/#primaryimage\"},\"thumbnailUrl\":\"https:\/\/progettotouring.it\/radiotouring104\/wp-content\/uploads\/sites\/6\/2026\/04\/Ospedale-Gaslini-di-Genova.jpg\",\"datePublished\":\"2026-04-30T08:18:08+00:00\",\"description\":\"La bambina sar\u00e0 trasferita, nei prossimi giorni, nel Reparto semi intensivo dell'ospedale del capoluogo ligure\",\"breadcrumb\":{\"@id\":\"https:\/\/progettotouring.it\/radiotouring104\/2026\/04\/30\/tragedia-di-catanzaro-il-gaslini-condizioni-della-bimba-soddisfacenti\/#breadcrumb\"},\"inLanguage\":\"it-IT\",\"potentialAction\":[{\"@type\":\"ReadAction\",\"target\":[\"https:\/\/progettotouring.it\/radiotouring104\/2026\/04\/30\/tragedia-di-catanzaro-il-gaslini-condizioni-della-bimba-soddisfacenti\/\"]}]},{\"@type\":\"ImageObject\",\"inLanguage\":\"it-IT\",\"@id\":\"https:\/\/progettotouring.it\/radiotouring104\/2026\/04\/30\/tragedia-di-catanzaro-il-gaslini-condizioni-della-bimba-soddisfacenti\/#primaryimage\",\"url\":\"https:\/\/progettotouring.it\/radiotouring104\/wp-content\/uploads\/sites\/6\/2026\/04\/Ospedale-Gaslini-di-Genova.jpg\",\"contentUrl\":\"https:\/\/progettotouring.it\/radiotouring104\/wp-content\/uploads\/sites\/6\/2026\/04\/Ospedale-Gaslini-di-Genova.jpg\",\"width\":738,\"height\":551},{\"@type\":\"BreadcrumbList\",\"@id\":\"https:\/\/progettotouring.it\/radiotouring104\/2026\/04\/30\/tragedia-di-catanzaro-il-gaslini-condizioni-della-bimba-soddisfacenti\/#breadcrumb\",\"itemListElement\":[{\"@type\":\"ListItem\",\"position\":1,\"name\":\"Home\",\"item\":\"https:\/\/progettotouring.it\/radiotouring104\/\"},{\"@type\":\"ListItem\",\"position\":2,\"name\":\"Tragedia di Catanzaro, il &#8220;Gaslini&#8221;: &#8220;Condizioni della bimba soddisfacenti&#8221;\"}]},{\"@type\":\"WebSite\",\"@id\":\"https:\/\/progettotouring.it\/radiotouring104\/#website\",\"url\":\"https:\/\/progettotouring.it\/radiotouring104\/\",\"name\":\"Radio Touring 104\",\"description\":\"La prima radio Reggina\",\"publisher\":{\"@id\":\"https:\/\/progettotouring.it\/radiotouring104\/#organization\"},\"potentialAction\":[{\"@type\":\"SearchAction\",\"target\":{\"@type\":\"EntryPoint\",\"urlTemplate\":\"https:\/\/progettotouring.it\/radiotouring104\/?s={search_term_string}\"},\"query-input\":{\"@type\":\"PropertyValueSpecification\",\"valueRequired\":true,\"valueName\":\"search_term_string\"}}],\"inLanguage\":\"it-IT\"},{\"@type\":\"Organization\",\"@id\":\"https:\/\/progettotouring.it\/radiotouring104\/#organization\",\"name\":\"Radio Touring 104\",\"url\":\"https:\/\/progettotouring.it\/radiotouring104\/\",\"logo\":{\"@type\":\"ImageObject\",\"inLanguage\":\"it-IT\",\"@id\":\"https:\/\/progettotouring.it\/radiotouring104\/#\/schema\/logo\/image\/\",\"url\":\"https:\/\/progettotouring.it\/radiotouring104\/wp-content\/uploads\/sites\/6\/2022\/02\/cropped-logo-radio-touring-104.png\",\"contentUrl\":\"https:\/\/progettotouring.it\/radiotouring104\/wp-content\/uploads\/sites\/6\/2022\/02\/cropped-logo-radio-touring-104.png\",\"width\":377,\"height\":182,\"caption\":\"Radio Touring 104\"},\"image\":{\"@id\":\"https:\/\/progettotouring.it\/radiotouring104\/#\/schema\/logo\/image\/\"}},{\"@type\":\"Person\",\"@id\":\"https:\/\/progettotouring.it\/radiotouring104\/#\/schema\/person\/78613917f1851f041f7483f5af1d422e\",\"name\":\"Sebastiano Plutino\",\"image\":{\"@type\":\"ImageObject\",\"inLanguage\":\"it-IT\",\"@id\":\"https:\/\/secure.gravatar.com\/avatar\/0546ffaa9b79224faf9f2a156b67a529ae861d3287c66c1d8ccfdf909bcba78d?s=96&d=mm&r=g\",\"url\":\"https:\/\/secure.gravatar.com\/avatar\/0546ffaa9b79224faf9f2a156b67a529ae861d3287c66c1d8ccfdf909bcba78d?s=96&d=mm&r=g\",\"contentUrl\":\"https:\/\/secure.gravatar.com\/avatar\/0546ffaa9b79224faf9f2a156b67a529ae861d3287c66c1d8ccfdf909bcba78d?s=96&d=mm&r=g\",\"caption\":\"Sebastiano Plutino\"},\"url\":\"https:\/\/progettotouring.it\/radiotouring104\/author\/sebastiano\/\"}]}<\/script>\n<!-- \/ Yoast SEO plugin. -->","yoast_head_json":{"title":"\"Gaslini\": \"Condizioni della bimba soddisfacenti\"","description":"La bambina sar\u00e0 trasferita, nei prossimi giorni, nel Reparto semi intensivo dell'ospedale del capoluogo ligure","robots":{"index":"index","follow":"follow","max-snippet":"max-snippet:-1","max-image-preview":"max-image-preview:large","max-video-preview":"max-video-preview:-1"},"canonical":"https:\/\/progettotouring.it\/radiotouring104\/2026\/04\/30\/tragedia-di-catanzaro-il-gaslini-condizioni-della-bimba-soddisfacenti\/","og_locale":"it_IT","og_type":"article","og_title":"\"Gaslini\": \"Condizioni della bimba soddisfacenti\"","og_description":"La bambina sar\u00e0 trasferita, nei prossimi giorni, nel Reparto semi intensivo dell'ospedale del capoluogo ligure","og_url":"https:\/\/progettotouring.it\/radiotouring104\/2026\/04\/30\/tragedia-di-catanzaro-il-gaslini-condizioni-della-bimba-soddisfacenti\/","og_site_name":"Radio Touring 104","article_published_time":"2026-04-30T08:18:08+00:00","og_image":[{"width":738,"height":551,"url":"https:\/\/progettotouring.it\/radiotouring104\/wp-content\/uploads\/sites\/6\/2026\/04\/Ospedale-Gaslini-di-Genova.jpg","type":"image\/jpeg"}],"author":"Sebastiano Plutino","twitter_card":"summary_large_image","twitter_misc":{"Scritto da":"Sebastiano Plutino","Tempo di lettura stimato":"2 minuti"},"schema":{"@context":"https:\/\/schema.org","@graph":[{"@type":"Article","@id":"https:\/\/progettotouring.it\/radiotouring104\/2026\/04\/30\/tragedia-di-catanzaro-il-gaslini-condizioni-della-bimba-soddisfacenti\/#article","isPartOf":{"@id":"https:\/\/progettotouring.it\/radiotouring104\/2026\/04\/30\/tragedia-di-catanzaro-il-gaslini-condizioni-della-bimba-soddisfacenti\/"},"author":{"name":"Sebastiano Plutino","@id":"https:\/\/progettotouring.it\/radiotouring104\/#\/schema\/person\/78613917f1851f041f7483f5af1d422e"},"headline":"Tragedia di Catanzaro, il &#8220;Gaslini&#8221;: &#8220;Condizioni della bimba soddisfacenti&#8221;","datePublished":"2026-04-30T08:18:08+00:00","mainEntityOfPage":{"@id":"https:\/\/progettotouring.it\/radiotouring104\/2026\/04\/30\/tragedia-di-catanzaro-il-gaslini-condizioni-della-bimba-soddisfacenti\/"},"wordCount":338,"publisher":{"@id":"https:\/\/progettotouring.it\/radiotouring104\/#organization"},"image":{"@id":"https:\/\/progettotouring.it\/radiotouring104\/2026\/04\/30\/tragedia-di-catanzaro-il-gaslini-condizioni-della-bimba-soddisfacenti\/#primaryimage"},"thumbnailUrl":"https:\/\/progettotouring.it\/radiotouring104\/wp-content\/uploads\/sites\/6\/2026\/04\/Ospedale-Gaslini-di-Genova.jpg","keywords":["Armando Pingitore","Claudio Maglia","Condizioni della bimba soddisfacenti","dottoressa Stefania Farag\u00f2","Istituto Giannina Gaslini","nei prossimi giorni sar\u00e0 trasferita nel reparto semi intensivo","Roberto Formigari","tragedia di catanzaro"],"articleSection":["Calabria","Home","News"],"inLanguage":"it-IT"},{"@type":"WebPage","@id":"https:\/\/progettotouring.it\/radiotouring104\/2026\/04\/30\/tragedia-di-catanzaro-il-gaslini-condizioni-della-bimba-soddisfacenti\/","url":"https:\/\/progettotouring.it\/radiotouring104\/2026\/04\/30\/tragedia-di-catanzaro-il-gaslini-condizioni-della-bimba-soddisfacenti\/","name":"\"Gaslini\": \"Condizioni della bimba soddisfacenti\"","isPartOf":{"@id":"https:\/\/progettotouring.it\/radiotouring104\/#website"},"primaryImageOfPage":{"@id":"https:\/\/progettotouring.it\/radiotouring104\/2026\/04\/30\/tragedia-di-catanzaro-il-gaslini-condizioni-della-bimba-soddisfacenti\/#primaryimage"},"image":{"@id":"https:\/\/progettotouring.it\/radiotouring104\/2026\/04\/30\/tragedia-di-catanzaro-il-gaslini-condizioni-della-bimba-soddisfacenti\/#primaryimage"},"thumbnailUrl":"https:\/\/progettotouring.it\/radiotouring104\/wp-content\/uploads\/sites\/6\/2026\/04\/Ospedale-Gaslini-di-Genova.jpg","datePublished":"2026-04-30T08:18:08+00:00","description":"La bambina sar\u00e0 trasferita, nei prossimi giorni, nel Reparto semi intensivo dell'ospedale del capoluogo ligure","breadcrumb":{"@id":"https:\/\/progettotouring.it\/radiotouring104\/2026\/04\/30\/tragedia-di-catanzaro-il-gaslini-condizioni-della-bimba-soddisfacenti\/#breadcrumb"},"inLanguage":"it-IT","potentialAction":[{"@type":"ReadAction","target":["https:\/\/progettotouring.it\/radiotouring104\/2026\/04\/30\/tragedia-di-catanzaro-il-gaslini-condizioni-della-bimba-soddisfacenti\/"]}]},{"@type":"ImageObject","inLanguage":"it-IT","@id":"https:\/\/progettotouring.it\/radiotouring104\/2026\/04\/30\/tragedia-di-catanzaro-il-gaslini-condizioni-della-bimba-soddisfacenti\/#primaryimage","url":"https:\/\/progettotouring.it\/radiotouring104\/wp-content\/uploads\/sites\/6\/2026\/04\/Ospedale-Gaslini-di-Genova.jpg","contentUrl":"https:\/\/progettotouring.it\/radiotouring104\/wp-content\/uploads\/sites\/6\/2026\/04\/Ospedale-Gaslini-di-Genova.jpg","width":738,"height":551},{"@type":"BreadcrumbList","@id":"https:\/\/progettotouring.it\/radiotouring104\/2026\/04\/30\/tragedia-di-catanzaro-il-gaslini-condizioni-della-bimba-soddisfacenti\/#breadcrumb","itemListElement":[{"@type":"ListItem","position":1,"name":"Home","item":"https:\/\/progettotouring.it\/radiotouring104\/"},{"@type":"ListItem","position":2,"name":"Tragedia di Catanzaro, il &#8220;Gaslini&#8221;: &#8220;Condizioni della bimba soddisfacenti&#8221;"}]},{"@type":"WebSite","@id":"https:\/\/progettotouring.it\/radiotouring104\/#website","url":"https:\/\/progettotouring.it\/radiotouring104\/","name":"Radio Touring 104","description":"La prima radio Reggina","publisher":{"@id":"https:\/\/progettotouring.it\/radiotouring104\/#organization"},"potentialAction":[{"@type":"SearchAction","target":{"@type":"EntryPoint","urlTemplate":"https:\/\/progettotouring.it\/radiotouring104\/?s={search_term_string}"},"query-input":{"@type":"PropertyValueSpecification","valueRequired":true,"valueName":"search_term_string"}}],"inLanguage":"it-IT"},{"@type":"Organization","@id":"https:\/\/progettotouring.it\/radiotouring104\/#organization","name":"Radio Touring 104","url":"https:\/\/progettotouring.it\/radiotouring104\/","logo":{"@type":"ImageObject","inLanguage":"it-IT","@id":"https:\/\/progettotouring.it\/radiotouring104\/#\/schema\/logo\/image\/","url":"https:\/\/progettotouring.it\/radiotouring104\/wp-content\/uploads\/sites\/6\/2022\/02\/cropped-logo-radio-touring-104.png","contentUrl":"https:\/\/progettotouring.it\/radiotouring104\/wp-content\/uploads\/sites\/6\/2022\/02\/cropped-logo-radio-touring-104.png","width":377,"height":182,"caption":"Radio Touring 104"},"image":{"@id":"https:\/\/progettotouring.it\/radiotouring104\/#\/schema\/logo\/image\/"}},{"@type":"Person","@id":"https:\/\/progettotouring.it\/radiotouring104\/#\/schema\/person\/78613917f1851f041f7483f5af1d422e","name":"Sebastiano Plutino","image":{"@type":"ImageObject","inLanguage":"it-IT","@id":"https:\/\/secure.gravatar.com\/avatar\/0546ffaa9b79224faf9f2a156b67a529ae861d3287c66c1d8ccfdf909bcba78d?s=96&d=mm&r=g","url":"https:\/\/secure.gravatar.com\/avatar\/0546ffaa9b79224faf9f2a156b67a529ae861d3287c66c1d8ccfdf909bcba78d?s=96&d=mm&r=g","contentUrl":"https:\/\/secure.gravatar.com\/avatar\/0546ffaa9b79224faf9f2a156b67a529ae861d3287c66c1d8ccfdf909bcba78d?s=96&d=mm&r=g","caption":"Sebastiano Plutino"},"url":"https:\/\/progettotouring.it\/radiotouring104\/author\/sebastiano\/"}]}},"jetpack_publicize_connections":[],"jetpack_featured_media_url":"https:\/\/progettotouring.it\/radiotouring104\/wp-content\/uploads\/sites\/6\/2026\/04\/Ospedale-Gaslini-di-Genova.jpg","jetpack_sharing_enabled":true,"_links":{"self":[{"href":"https:\/\/progettotouring.it\/radiotouring104\/wp-json\/wp\/v2\/posts\/94568","targetHints":{"allow":["GET"]}}],"collection":[{"href":"https:\/\/progettotouring.it\/radiotouring104\/wp-json\/wp\/v2\/posts"}],"about":[{"href":"https:\/\/progettotouring.it\/radiotouring104\/wp-json\/wp\/v2\/types\/post"}],"author":[{"embeddable":true,"href":"https:\/\/progettotouring.it\/radiotouring104\/wp-json\/wp\/v2\/users\/12"}],"replies":[{"embeddable":true,"href":"https:\/\/progettotouring.it\/radiotouring104\/wp-json\/wp\/v2\/comments?post=94568"}],"version-history":[{"count":1,"href":"https:\/\/progettotouring.it\/radiotouring104\/wp-json\/wp\/v2\/posts\/94568\/revisions"}],"predecessor-version":[{"id":94569,"href":"https:\/\/progettotouring.it\/radiotouring104\/wp-json\/wp\/v2\/posts\/94568\/revisions\/94569"}],"wp:featuredmedia":[{"embeddable":true,"href":"https:\/\/progettotouring.it\/radiotouring104\/wp-json\/wp\/v2\/media\/94196"}],"wp:attachment":[{"href":"https:\/\/progettotouring.it\/radiotouring104\/wp-json\/wp\/v2\/media?parent=94568"}],"wp:term":[{"taxonomy":"category","embeddable":true,"href":"https:\/\/progettotouring.it\/radiotouring104\/wp-json\/wp\/v2\/categories?post=94568"},{"taxonomy":"post_tag","embeddable":true,"href":"https:\/\/progettotouring.it\/radiotouring104\/wp-json\/wp\/v2\/tags?post=94568"}],"curies":[{"name":"wp","href":"https:\/\/api.w.org\/{rel}","templated":true}]}}