{"id":94577,"date":"2026-04-30T10:46:48","date_gmt":"2026-04-30T08:46:48","guid":{"rendered":"https:\/\/progettotouring.it\/radiotouring104\/?p=94577"},"modified":"2026-04-30T10:46:48","modified_gmt":"2026-04-30T08:46:48","slug":"reggio-studenti-del-righi-boccioni-fermi-in-visita-al-museo-del-mediterraneo","status":"publish","type":"post","link":"https:\/\/progettotouring.it\/radiotouring104\/2026\/04\/30\/reggio-studenti-del-righi-boccioni-fermi-in-visita-al-museo-del-mediterraneo\/","title":{"rendered":"Reggio: studenti del \u201cRighi-Boccioni-Fermi\u201d in visita al &#8220;Museo del Mediterraneo&#8221;"},"content":{"rendered":"<p>Visita istituzionale e formativa al cantiere del \u201cMuseo del Mediterraneo\u201d, dove gli studenti dell\u2019indirizzo CAT (Costruzioni, Ambiente e Territorio) del Polo Tecnico Professionale \u201cRighi \u2013 Boccioni \u2013 Fermi\u201d hanno avuto l\u2019opportunit\u00e0 di osservare da vicino lo stato di avanzamento dei lavori e approfondire gli aspetti progettuali dell\u2019opera destinata a ridisegnare il waterfront cittadino. A salutare gli studenti il sindaco facente funzioni del Comune di Reggio Calabria, Domenico Battaglia, e l\u2019assessore con delega alla realizzazione dell\u2019opera, Carmelo Romeo, che hanno illustrato le caratteristiche del progetto e l\u2019importanza strategica del nuovo polo museale per la citt\u00e0, insieme all\u2019ingegnere Mauro Cuocci della Cobar e agli altri tecnici presenti.<\/p>\n<p>\u00abOgni volta che vengo in visita al Museo del Mediterraneo \u2013 ha affermato Battaglia \u2013 vedo tantissimi progressi. L\u2019impresa sta portando avanti i lavori giorno dopo giorno con grande impegno, cos\u00ec come forte \u00e8 stato l\u2019impegno dell\u2019Amministrazione comunale nel sostenere un\u2019opera che rappresenter\u00e0 una meraviglia architettonica capace di cambiare lo skyline della citt\u00e0 e rafforzare la proiezione di Reggio sul Mediterraneo. Si tratta di un\u2019opera intitolata a un illustre reggino, Gianni Versace, che diventer\u00e0 un vero fiore all\u2019occhiello della nostra comunit\u00e0. Oggi i ragazzi sono rimasti affascinati da un cantiere che porter\u00e0 alla realizzazione di una struttura davvero straordinaria\u00bb.<\/p>\n<p>\u00abSiamo contenti di aver avviato questo percorso insieme alla scuola \u2013 ha aggiunto Romeo\u00a0 &#8211; perch\u00e9 offrir\u00e0 agli studenti la possibilit\u00e0 di seguire tutte le fasi dell\u2019opera fino alla sua conclusione. Abbiamo coinvolto gli studenti delle classi terze, quarte e quinte dell\u2019indirizzo CAT: i pi\u00f9 fortunati saranno probabilmente quelli delle terze, che potranno assistere sia all\u2019inizio che al completamento dei lavori\u00bb.<\/p>\n","protected":false},"excerpt":{"rendered":"<p>Visita istituzionale e formativa al cantiere del \u201cMuseo del Mediterraneo\u201d, dove gli studenti dell\u2019indirizzo CAT (Costruzioni, Ambiente e Territorio) del Polo Tecnico Professionale \u201cRighi \u2013 Boccioni \u2013 Fermi\u201d hanno avuto&hellip;<\/p>\n","protected":false},"author":12,"featured_media":94578,"comment_status":"closed","ping_status":"open","sticky":false,"template":"","format":"standard","meta":{"_jetpack_memberships_contains_paid_content":false,"footnotes":"","jetpack_publicize_message":"","jetpack_publicize_feature_enabled":true,"jetpack_social_post_already_shared":true,"jetpack_social_options":{"image_generator_settings":{"template":"highway","default_image_id":0,"font":"","enabled":false},"version":2}},"categories":[921,196,140],"tags":[53271,1765,53270,53269,35590,50310,2145],"class_list":["post-94577","post","type-post","status-publish","format-standard","has-post-thumbnail","hentry","category-home","category-news","category-reggio-calabria","tag-contenti-di-aver-avviato-percorso-con-la-scuola","tag-carmelo-romeo","tag-ho-spiegato-che-cambiera-skyline-di-reggio","tag-museo-del-mediterraneo","tag-righi-boccioni-fermi","tag-sindaco-ff-mimmo-battaglia","tag-studenti"],"yoast_head":"<!-- This site is optimized with the Yoast SEO plugin v27.2 - https:\/\/yoast.com\/product\/yoast-seo-wordpress\/ -->\n<title>Reggio: studenti del \u201cRighi-Boccioni-Fermi\u201d in visita al &quot;Museo del Mediterraneo&quot; - Radio Touring 104<\/title>\n<meta name=\"description\" content=\"&quot;Ho spiegato che cambier\u00e0 Skyline di Reggio&quot;, ha dichiarato Battaglia. &quot;Contenti di aver avviato percorso con la scuola&quot;, ha aggiunto Romeo\" \/>\n<meta name=\"robots\" content=\"index, follow, max-snippet:-1, max-image-preview:large, max-video-preview:-1\" \/>\n<link rel=\"canonical\" href=\"https:\/\/progettotouring.it\/radiotouring104\/2026\/04\/30\/reggio-studenti-del-righi-boccioni-fermi-in-visita-al-museo-del-mediterraneo\/\" \/>\n<meta property=\"og:locale\" content=\"it_IT\" \/>\n<meta property=\"og:type\" content=\"article\" \/>\n<meta property=\"og:title\" content=\"Reggio: studenti del \u201cRighi-Boccioni-Fermi\u201d in visita al &quot;Museo del Mediterraneo&quot; - Radio Touring 104\" \/>\n<meta property=\"og:description\" content=\"&quot;Ho spiegato che cambier\u00e0 Skyline di Reggio&quot;, ha dichiarato Battaglia. &quot;Contenti di aver avviato percorso con la scuola&quot;, ha aggiunto Romeo\" \/>\n<meta property=\"og:url\" content=\"https:\/\/progettotouring.it\/radiotouring104\/2026\/04\/30\/reggio-studenti-del-righi-boccioni-fermi-in-visita-al-museo-del-mediterraneo\/\" \/>\n<meta property=\"og:site_name\" content=\"Radio Touring 104\" \/>\n<meta property=\"article:published_time\" content=\"2026-04-30T08:46:48+00:00\" \/>\n<meta property=\"og:image\" content=\"https:\/\/progettotouring.it\/radiotouring104\/wp-content\/uploads\/sites\/6\/2026\/04\/Battaglia-Romeo-museo-del-mare.jpg\" \/>\n\t<meta property=\"og:image:width\" content=\"715\" \/>\n\t<meta property=\"og:image:height\" content=\"443\" \/>\n\t<meta property=\"og:image:type\" content=\"image\/jpeg\" \/>\n<meta name=\"author\" content=\"Sebastiano Plutino\" \/>\n<meta name=\"twitter:card\" content=\"summary_large_image\" \/>\n<meta name=\"twitter:label1\" content=\"Scritto da\" \/>\n\t<meta name=\"twitter:data1\" content=\"Sebastiano Plutino\" \/>\n\t<meta name=\"twitter:label2\" content=\"Tempo di lettura stimato\" \/>\n\t<meta name=\"twitter:data2\" content=\"1 minuto\" \/>\n<script type=\"application\/ld+json\" class=\"yoast-schema-graph\">{\"@context\":\"https:\/\/schema.org\",\"@graph\":[{\"@type\":\"Article\",\"@id\":\"https:\/\/progettotouring.it\/radiotouring104\/2026\/04\/30\/reggio-studenti-del-righi-boccioni-fermi-in-visita-al-museo-del-mediterraneo\/#article\",\"isPartOf\":{\"@id\":\"https:\/\/progettotouring.it\/radiotouring104\/2026\/04\/30\/reggio-studenti-del-righi-boccioni-fermi-in-visita-al-museo-del-mediterraneo\/\"},\"author\":{\"name\":\"Sebastiano Plutino\",\"@id\":\"https:\/\/progettotouring.it\/radiotouring104\/#\/schema\/person\/78613917f1851f041f7483f5af1d422e\"},\"headline\":\"Reggio: studenti del \u201cRighi-Boccioni-Fermi\u201d in visita al &#8220;Museo del Mediterraneo&#8221;\",\"datePublished\":\"2026-04-30T08:46:48+00:00\",\"mainEntityOfPage\":{\"@id\":\"https:\/\/progettotouring.it\/radiotouring104\/2026\/04\/30\/reggio-studenti-del-righi-boccioni-fermi-in-visita-al-museo-del-mediterraneo\/\"},\"wordCount\":285,\"publisher\":{\"@id\":\"https:\/\/progettotouring.it\/radiotouring104\/#organization\"},\"image\":{\"@id\":\"https:\/\/progettotouring.it\/radiotouring104\/2026\/04\/30\/reggio-studenti-del-righi-boccioni-fermi-in-visita-al-museo-del-mediterraneo\/#primaryimage\"},\"thumbnailUrl\":\"https:\/\/progettotouring.it\/radiotouring104\/wp-content\/uploads\/sites\/6\/2026\/04\/Battaglia-Romeo-museo-del-mare.jpg\",\"keywords\":[\"\\\"Contenti di aver avviato percorso con la scuola\\\"\",\"Carmelo Romeo\",\"Ho spiegato che cambier\u00e0 Skyline di Reggio\",\"Museo del Mediterraneo\",\"righi boccioni fermi\",\"Sindaco ff Mimmo Battaglia\",\"studenti\"],\"articleSection\":[\"Home\",\"News\",\"Reggio Calabria\"],\"inLanguage\":\"it-IT\"},{\"@type\":\"WebPage\",\"@id\":\"https:\/\/progettotouring.it\/radiotouring104\/2026\/04\/30\/reggio-studenti-del-righi-boccioni-fermi-in-visita-al-museo-del-mediterraneo\/\",\"url\":\"https:\/\/progettotouring.it\/radiotouring104\/2026\/04\/30\/reggio-studenti-del-righi-boccioni-fermi-in-visita-al-museo-del-mediterraneo\/\",\"name\":\"Reggio: studenti del \u201cRighi-Boccioni-Fermi\u201d in visita al \\\"Museo del Mediterraneo\\\" - Radio Touring 104\",\"isPartOf\":{\"@id\":\"https:\/\/progettotouring.it\/radiotouring104\/#website\"},\"primaryImageOfPage\":{\"@id\":\"https:\/\/progettotouring.it\/radiotouring104\/2026\/04\/30\/reggio-studenti-del-righi-boccioni-fermi-in-visita-al-museo-del-mediterraneo\/#primaryimage\"},\"image\":{\"@id\":\"https:\/\/progettotouring.it\/radiotouring104\/2026\/04\/30\/reggio-studenti-del-righi-boccioni-fermi-in-visita-al-museo-del-mediterraneo\/#primaryimage\"},\"thumbnailUrl\":\"https:\/\/progettotouring.it\/radiotouring104\/wp-content\/uploads\/sites\/6\/2026\/04\/Battaglia-Romeo-museo-del-mare.jpg\",\"datePublished\":\"2026-04-30T08:46:48+00:00\",\"description\":\"\\\"Ho spiegato che cambier\u00e0 Skyline di Reggio\\\", ha dichiarato Battaglia. \\\"Contenti di aver avviato percorso con la scuola\\\", ha aggiunto Romeo\",\"breadcrumb\":{\"@id\":\"https:\/\/progettotouring.it\/radiotouring104\/2026\/04\/30\/reggio-studenti-del-righi-boccioni-fermi-in-visita-al-museo-del-mediterraneo\/#breadcrumb\"},\"inLanguage\":\"it-IT\",\"potentialAction\":[{\"@type\":\"ReadAction\",\"target\":[\"https:\/\/progettotouring.it\/radiotouring104\/2026\/04\/30\/reggio-studenti-del-righi-boccioni-fermi-in-visita-al-museo-del-mediterraneo\/\"]}]},{\"@type\":\"ImageObject\",\"inLanguage\":\"it-IT\",\"@id\":\"https:\/\/progettotouring.it\/radiotouring104\/2026\/04\/30\/reggio-studenti-del-righi-boccioni-fermi-in-visita-al-museo-del-mediterraneo\/#primaryimage\",\"url\":\"https:\/\/progettotouring.it\/radiotouring104\/wp-content\/uploads\/sites\/6\/2026\/04\/Battaglia-Romeo-museo-del-mare.jpg\",\"contentUrl\":\"https:\/\/progettotouring.it\/radiotouring104\/wp-content\/uploads\/sites\/6\/2026\/04\/Battaglia-Romeo-museo-del-mare.jpg\",\"width\":715,\"height\":443},{\"@type\":\"BreadcrumbList\",\"@id\":\"https:\/\/progettotouring.it\/radiotouring104\/2026\/04\/30\/reggio-studenti-del-righi-boccioni-fermi-in-visita-al-museo-del-mediterraneo\/#breadcrumb\",\"itemListElement\":[{\"@type\":\"ListItem\",\"position\":1,\"name\":\"Home\",\"item\":\"https:\/\/progettotouring.it\/radiotouring104\/\"},{\"@type\":\"ListItem\",\"position\":2,\"name\":\"Reggio: studenti del \u201cRighi-Boccioni-Fermi\u201d in visita al &#8220;Museo del Mediterraneo&#8221;\"}]},{\"@type\":\"WebSite\",\"@id\":\"https:\/\/progettotouring.it\/radiotouring104\/#website\",\"url\":\"https:\/\/progettotouring.it\/radiotouring104\/\",\"name\":\"Radio Touring 104\",\"description\":\"La prima radio Reggina\",\"publisher\":{\"@id\":\"https:\/\/progettotouring.it\/radiotouring104\/#organization\"},\"potentialAction\":[{\"@type\":\"SearchAction\",\"target\":{\"@type\":\"EntryPoint\",\"urlTemplate\":\"https:\/\/progettotouring.it\/radiotouring104\/?s={search_term_string}\"},\"query-input\":{\"@type\":\"PropertyValueSpecification\",\"valueRequired\":true,\"valueName\":\"search_term_string\"}}],\"inLanguage\":\"it-IT\"},{\"@type\":\"Organization\",\"@id\":\"https:\/\/progettotouring.it\/radiotouring104\/#organization\",\"name\":\"Radio Touring 104\",\"url\":\"https:\/\/progettotouring.it\/radiotouring104\/\",\"logo\":{\"@type\":\"ImageObject\",\"inLanguage\":\"it-IT\",\"@id\":\"https:\/\/progettotouring.it\/radiotouring104\/#\/schema\/logo\/image\/\",\"url\":\"https:\/\/progettotouring.it\/radiotouring104\/wp-content\/uploads\/sites\/6\/2022\/02\/cropped-logo-radio-touring-104.png\",\"contentUrl\":\"https:\/\/progettotouring.it\/radiotouring104\/wp-content\/uploads\/sites\/6\/2022\/02\/cropped-logo-radio-touring-104.png\",\"width\":377,\"height\":182,\"caption\":\"Radio Touring 104\"},\"image\":{\"@id\":\"https:\/\/progettotouring.it\/radiotouring104\/#\/schema\/logo\/image\/\"}},{\"@type\":\"Person\",\"@id\":\"https:\/\/progettotouring.it\/radiotouring104\/#\/schema\/person\/78613917f1851f041f7483f5af1d422e\",\"name\":\"Sebastiano Plutino\",\"image\":{\"@type\":\"ImageObject\",\"inLanguage\":\"it-IT\",\"@id\":\"https:\/\/secure.gravatar.com\/avatar\/0546ffaa9b79224faf9f2a156b67a529ae861d3287c66c1d8ccfdf909bcba78d?s=96&d=mm&r=g\",\"url\":\"https:\/\/secure.gravatar.com\/avatar\/0546ffaa9b79224faf9f2a156b67a529ae861d3287c66c1d8ccfdf909bcba78d?s=96&d=mm&r=g\",\"contentUrl\":\"https:\/\/secure.gravatar.com\/avatar\/0546ffaa9b79224faf9f2a156b67a529ae861d3287c66c1d8ccfdf909bcba78d?s=96&d=mm&r=g\",\"caption\":\"Sebastiano Plutino\"},\"url\":\"https:\/\/progettotouring.it\/radiotouring104\/author\/sebastiano\/\"}]}<\/script>\n<!-- \/ Yoast SEO plugin. -->","yoast_head_json":{"title":"Reggio: studenti del \u201cRighi-Boccioni-Fermi\u201d in visita al \"Museo del Mediterraneo\" - Radio Touring 104","description":"\"Ho spiegato che cambier\u00e0 Skyline di Reggio\", ha dichiarato Battaglia. \"Contenti di aver avviato percorso con la scuola\", ha aggiunto Romeo","robots":{"index":"index","follow":"follow","max-snippet":"max-snippet:-1","max-image-preview":"max-image-preview:large","max-video-preview":"max-video-preview:-1"},"canonical":"https:\/\/progettotouring.it\/radiotouring104\/2026\/04\/30\/reggio-studenti-del-righi-boccioni-fermi-in-visita-al-museo-del-mediterraneo\/","og_locale":"it_IT","og_type":"article","og_title":"Reggio: studenti del \u201cRighi-Boccioni-Fermi\u201d in visita al \"Museo del Mediterraneo\" - Radio Touring 104","og_description":"\"Ho spiegato che cambier\u00e0 Skyline di Reggio\", ha dichiarato Battaglia. \"Contenti di aver avviato percorso con la scuola\", ha aggiunto Romeo","og_url":"https:\/\/progettotouring.it\/radiotouring104\/2026\/04\/30\/reggio-studenti-del-righi-boccioni-fermi-in-visita-al-museo-del-mediterraneo\/","og_site_name":"Radio Touring 104","article_published_time":"2026-04-30T08:46:48+00:00","og_image":[{"width":715,"height":443,"url":"https:\/\/progettotouring.it\/radiotouring104\/wp-content\/uploads\/sites\/6\/2026\/04\/Battaglia-Romeo-museo-del-mare.jpg","type":"image\/jpeg"}],"author":"Sebastiano Plutino","twitter_card":"summary_large_image","twitter_misc":{"Scritto da":"Sebastiano Plutino","Tempo di lettura stimato":"1 minuto"},"schema":{"@context":"https:\/\/schema.org","@graph":[{"@type":"Article","@id":"https:\/\/progettotouring.it\/radiotouring104\/2026\/04\/30\/reggio-studenti-del-righi-boccioni-fermi-in-visita-al-museo-del-mediterraneo\/#article","isPartOf":{"@id":"https:\/\/progettotouring.it\/radiotouring104\/2026\/04\/30\/reggio-studenti-del-righi-boccioni-fermi-in-visita-al-museo-del-mediterraneo\/"},"author":{"name":"Sebastiano Plutino","@id":"https:\/\/progettotouring.it\/radiotouring104\/#\/schema\/person\/78613917f1851f041f7483f5af1d422e"},"headline":"Reggio: studenti del \u201cRighi-Boccioni-Fermi\u201d in visita al &#8220;Museo del Mediterraneo&#8221;","datePublished":"2026-04-30T08:46:48+00:00","mainEntityOfPage":{"@id":"https:\/\/progettotouring.it\/radiotouring104\/2026\/04\/30\/reggio-studenti-del-righi-boccioni-fermi-in-visita-al-museo-del-mediterraneo\/"},"wordCount":285,"publisher":{"@id":"https:\/\/progettotouring.it\/radiotouring104\/#organization"},"image":{"@id":"https:\/\/progettotouring.it\/radiotouring104\/2026\/04\/30\/reggio-studenti-del-righi-boccioni-fermi-in-visita-al-museo-del-mediterraneo\/#primaryimage"},"thumbnailUrl":"https:\/\/progettotouring.it\/radiotouring104\/wp-content\/uploads\/sites\/6\/2026\/04\/Battaglia-Romeo-museo-del-mare.jpg","keywords":["\"Contenti di aver avviato percorso con la scuola\"","Carmelo Romeo","Ho spiegato che cambier\u00e0 Skyline di Reggio","Museo del Mediterraneo","righi boccioni fermi","Sindaco ff Mimmo Battaglia","studenti"],"articleSection":["Home","News","Reggio Calabria"],"inLanguage":"it-IT"},{"@type":"WebPage","@id":"https:\/\/progettotouring.it\/radiotouring104\/2026\/04\/30\/reggio-studenti-del-righi-boccioni-fermi-in-visita-al-museo-del-mediterraneo\/","url":"https:\/\/progettotouring.it\/radiotouring104\/2026\/04\/30\/reggio-studenti-del-righi-boccioni-fermi-in-visita-al-museo-del-mediterraneo\/","name":"Reggio: studenti del \u201cRighi-Boccioni-Fermi\u201d in visita al \"Museo del Mediterraneo\" - Radio Touring 104","isPartOf":{"@id":"https:\/\/progettotouring.it\/radiotouring104\/#website"},"primaryImageOfPage":{"@id":"https:\/\/progettotouring.it\/radiotouring104\/2026\/04\/30\/reggio-studenti-del-righi-boccioni-fermi-in-visita-al-museo-del-mediterraneo\/#primaryimage"},"image":{"@id":"https:\/\/progettotouring.it\/radiotouring104\/2026\/04\/30\/reggio-studenti-del-righi-boccioni-fermi-in-visita-al-museo-del-mediterraneo\/#primaryimage"},"thumbnailUrl":"https:\/\/progettotouring.it\/radiotouring104\/wp-content\/uploads\/sites\/6\/2026\/04\/Battaglia-Romeo-museo-del-mare.jpg","datePublished":"2026-04-30T08:46:48+00:00","description":"\"Ho spiegato che cambier\u00e0 Skyline di Reggio\", ha dichiarato Battaglia. \"Contenti di aver avviato percorso con la scuola\", ha aggiunto Romeo","breadcrumb":{"@id":"https:\/\/progettotouring.it\/radiotouring104\/2026\/04\/30\/reggio-studenti-del-righi-boccioni-fermi-in-visita-al-museo-del-mediterraneo\/#breadcrumb"},"inLanguage":"it-IT","potentialAction":[{"@type":"ReadAction","target":["https:\/\/progettotouring.it\/radiotouring104\/2026\/04\/30\/reggio-studenti-del-righi-boccioni-fermi-in-visita-al-museo-del-mediterraneo\/"]}]},{"@type":"ImageObject","inLanguage":"it-IT","@id":"https:\/\/progettotouring.it\/radiotouring104\/2026\/04\/30\/reggio-studenti-del-righi-boccioni-fermi-in-visita-al-museo-del-mediterraneo\/#primaryimage","url":"https:\/\/progettotouring.it\/radiotouring104\/wp-content\/uploads\/sites\/6\/2026\/04\/Battaglia-Romeo-museo-del-mare.jpg","contentUrl":"https:\/\/progettotouring.it\/radiotouring104\/wp-content\/uploads\/sites\/6\/2026\/04\/Battaglia-Romeo-museo-del-mare.jpg","width":715,"height":443},{"@type":"BreadcrumbList","@id":"https:\/\/progettotouring.it\/radiotouring104\/2026\/04\/30\/reggio-studenti-del-righi-boccioni-fermi-in-visita-al-museo-del-mediterraneo\/#breadcrumb","itemListElement":[{"@type":"ListItem","position":1,"name":"Home","item":"https:\/\/progettotouring.it\/radiotouring104\/"},{"@type":"ListItem","position":2,"name":"Reggio: studenti del \u201cRighi-Boccioni-Fermi\u201d in visita al &#8220;Museo del Mediterraneo&#8221;"}]},{"@type":"WebSite","@id":"https:\/\/progettotouring.it\/radiotouring104\/#website","url":"https:\/\/progettotouring.it\/radiotouring104\/","name":"Radio Touring 104","description":"La prima radio Reggina","publisher":{"@id":"https:\/\/progettotouring.it\/radiotouring104\/#organization"},"potentialAction":[{"@type":"SearchAction","target":{"@type":"EntryPoint","urlTemplate":"https:\/\/progettotouring.it\/radiotouring104\/?s={search_term_string}"},"query-input":{"@type":"PropertyValueSpecification","valueRequired":true,"valueName":"search_term_string"}}],"inLanguage":"it-IT"},{"@type":"Organization","@id":"https:\/\/progettotouring.it\/radiotouring104\/#organization","name":"Radio Touring 104","url":"https:\/\/progettotouring.it\/radiotouring104\/","logo":{"@type":"ImageObject","inLanguage":"it-IT","@id":"https:\/\/progettotouring.it\/radiotouring104\/#\/schema\/logo\/image\/","url":"https:\/\/progettotouring.it\/radiotouring104\/wp-content\/uploads\/sites\/6\/2022\/02\/cropped-logo-radio-touring-104.png","contentUrl":"https:\/\/progettotouring.it\/radiotouring104\/wp-content\/uploads\/sites\/6\/2022\/02\/cropped-logo-radio-touring-104.png","width":377,"height":182,"caption":"Radio Touring 104"},"image":{"@id":"https:\/\/progettotouring.it\/radiotouring104\/#\/schema\/logo\/image\/"}},{"@type":"Person","@id":"https:\/\/progettotouring.it\/radiotouring104\/#\/schema\/person\/78613917f1851f041f7483f5af1d422e","name":"Sebastiano Plutino","image":{"@type":"ImageObject","inLanguage":"it-IT","@id":"https:\/\/secure.gravatar.com\/avatar\/0546ffaa9b79224faf9f2a156b67a529ae861d3287c66c1d8ccfdf909bcba78d?s=96&d=mm&r=g","url":"https:\/\/secure.gravatar.com\/avatar\/0546ffaa9b79224faf9f2a156b67a529ae861d3287c66c1d8ccfdf909bcba78d?s=96&d=mm&r=g","contentUrl":"https:\/\/secure.gravatar.com\/avatar\/0546ffaa9b79224faf9f2a156b67a529ae861d3287c66c1d8ccfdf909bcba78d?s=96&d=mm&r=g","caption":"Sebastiano Plutino"},"url":"https:\/\/progettotouring.it\/radiotouring104\/author\/sebastiano\/"}]}},"jetpack_publicize_connections":[],"jetpack_featured_media_url":"https:\/\/progettotouring.it\/radiotouring104\/wp-content\/uploads\/sites\/6\/2026\/04\/Battaglia-Romeo-museo-del-mare.jpg","jetpack_sharing_enabled":true,"_links":{"self":[{"href":"https:\/\/progettotouring.it\/radiotouring104\/wp-json\/wp\/v2\/posts\/94577","targetHints":{"allow":["GET"]}}],"collection":[{"href":"https:\/\/progettotouring.it\/radiotouring104\/wp-json\/wp\/v2\/posts"}],"about":[{"href":"https:\/\/progettotouring.it\/radiotouring104\/wp-json\/wp\/v2\/types\/post"}],"author":[{"embeddable":true,"href":"https:\/\/progettotouring.it\/radiotouring104\/wp-json\/wp\/v2\/users\/12"}],"replies":[{"embeddable":true,"href":"https:\/\/progettotouring.it\/radiotouring104\/wp-json\/wp\/v2\/comments?post=94577"}],"version-history":[{"count":1,"href":"https:\/\/progettotouring.it\/radiotouring104\/wp-json\/wp\/v2\/posts\/94577\/revisions"}],"predecessor-version":[{"id":94579,"href":"https:\/\/progettotouring.it\/radiotouring104\/wp-json\/wp\/v2\/posts\/94577\/revisions\/94579"}],"wp:featuredmedia":[{"embeddable":true,"href":"https:\/\/progettotouring.it\/radiotouring104\/wp-json\/wp\/v2\/media\/94578"}],"wp:attachment":[{"href":"https:\/\/progettotouring.it\/radiotouring104\/wp-json\/wp\/v2\/media?parent=94577"}],"wp:term":[{"taxonomy":"category","embeddable":true,"href":"https:\/\/progettotouring.it\/radiotouring104\/wp-json\/wp\/v2\/categories?post=94577"},{"taxonomy":"post_tag","embeddable":true,"href":"https:\/\/progettotouring.it\/radiotouring104\/wp-json\/wp\/v2\/tags?post=94577"}],"curies":[{"name":"wp","href":"https:\/\/api.w.org\/{rel}","templated":true}]}}