{"id":94587,"date":"2026-04-30T11:19:31","date_gmt":"2026-04-30T09:19:31","guid":{"rendered":"https:\/\/progettotouring.it\/radiotouring104\/?p=94587"},"modified":"2026-04-30T12:54:58","modified_gmt":"2026-04-30T10:54:58","slug":"decreto-sicurezza-avs-reggio-calabria-attacca-no-alla-giustizia-a-premio","status":"publish","type":"post","link":"https:\/\/progettotouring.it\/radiotouring104\/2026\/04\/30\/decreto-sicurezza-avs-reggio-calabria-attacca-no-alla-giustizia-a-premio\/","title":{"rendered":"Decreto Sicurezza, Avs Reggio Calabria attacca: &#8220;No alla Giustizia a premio!&#8221;"},"content":{"rendered":"<div dir=\"auto\">\u00a0\u201cIl diritto alla difesa \u00e8 un pilastro della nostra democrazia, non pu\u00f2 essere piegato a logiche di propaganda repressiva\u201d. Con queste parole Demetrio Delfino, coordinatore provinciale di Sinistra Italiana- AVS, e l\u2019avvocata Silvia Martino della segreteria provinciale, intervengono contro la norma del \u201cDecreto Sicurezza\u201d che introduce compensi per i legali legati all\u2019esito delle procedure di rimpatrio dei migranti.<\/div>\n<div dir=\"auto\"><\/div>\n<div dir=\"auto\">\u200b\u201cSiamo di fronte a un provvedimento profondamente autoritario,\u201d afferma Demetrio Delfino. \u201cQuesto Governo sta cercando di arruolare forzatamente i professionisti della legge nella propria macchina repressiva. Offrire un incentivo economico per accelerare l&#8217;allontanamento di persone vulnerabili \u00e8 un atto cinico, che calpesta i diritti umani e strumentalizza le difficolt\u00e0 economiche in cui versano oggi tanti giovani avvocati. La giustizia non pu\u00f2 trasformarsi in un sistema a premi per chi agevola le espulsioni.\u201d<\/div>\n<div dir=\"auto\"><\/div>\n<div dir=\"auto\">\u200bL\u2019avvocata Silvia Martino sottolinea la gravit\u00e0 del colpo inferto al ruolo costituzionale dell\u2019avvocato: \u201cLa funzione della difesa \u00e8 quella di proteggere l\u2019individuo e garantire il rispetto delle regole, non quella di agire come braccio operativo del potere. Legare il compenso professionale all&#8217;esecuzione di un rimpatrio significa tradire l\u2019essenza stessa della nostra professione. L\u2019avvocatura deve restare un presidio di libert\u00e0 e di tutela, specialmente per chi \u00e8 pi\u00f9 esposto ai ricatti e alla marginalit\u00e0 sociale. Non permetteremo che la tutela legale venga snaturata fino a diventare un supporto alle politiche di allontanamento forzato.\u201d<\/div>\n<div dir=\"auto\"><\/div>\n<div dir=\"auto\">\u200b\u201cAlleanza Verdi e Sinistra Reggio Calabria,\u201d concludono Delfino e Martino, \u201cesprime totale solidariet\u00e0 a quei professionisti che rifiutano di diventare esecutori di queste politiche discriminatorie. Continueremo a batterci affinch\u00e9 l&#8217;autonomia della difesa resti il presidio invalicabile a tutela dei diritti di tutte e due tutti, e mai uno strumento al servizio dell\u2019amministrazione della paura.\u201d<\/div>\n<div dir=\"auto\"><\/div>\n","protected":false},"excerpt":{"rendered":"<p>\u00a0\u201cIl diritto alla difesa \u00e8 un pilastro della nostra democrazia, non pu\u00f2 essere piegato a logiche di propaganda repressiva\u201d. Con queste parole Demetrio Delfino, coordinatore provinciale di Sinistra Italiana- AVS,&hellip;<\/p>\n","protected":false},"author":5,"featured_media":94588,"comment_status":"closed","ping_status":"open","sticky":false,"template":"","format":"standard","meta":{"_jetpack_memberships_contains_paid_content":false,"footnotes":"","jetpack_publicize_message":"","jetpack_publicize_feature_enabled":true,"jetpack_social_post_already_shared":true,"jetpack_social_options":{"image_generator_settings":{"template":"highway","default_image_id":0,"font":"","enabled":false},"version":2}},"categories":[921,196,140],"tags":[46367,53278,1857,53280,53279,9249,44366],"class_list":["post-94587","post","type-post","status-publish","format-standard","has-post-thumbnail","hentry","category-home","category-news","category-reggio-calabria","tag-attacco","tag-decreto-sicurezza","tag-demetrio-delfino","tag-introduce-compensi-per-i-legali-sull-allesito-delle-procedure-rimpatrio-dei-migranti","tag-no-alla-giustizia-a-premio","tag-silvia-martino","tag-sinistra-italiana-avs-reggio"],"yoast_head":"<!-- This site is optimized with the Yoast SEO plugin v27.2 - https:\/\/yoast.com\/product\/yoast-seo-wordpress\/ -->\n<title>Decreto Sicurezza, Avs RC attacca: &quot;No alla Giustizia a premio!&quot;<\/title>\n<meta name=\"description\" content=\"Delfino e Martino intervengono contro il Decreto che introduce compensi per i legali sull&#039; all\u2019esito delle procedure rimpatrio dei migranti\" \/>\n<meta name=\"robots\" content=\"index, follow, max-snippet:-1, max-image-preview:large, max-video-preview:-1\" \/>\n<link rel=\"canonical\" href=\"https:\/\/progettotouring.it\/radiotouring104\/2026\/04\/30\/decreto-sicurezza-avs-reggio-calabria-attacca-no-alla-giustizia-a-premio\/\" \/>\n<meta property=\"og:locale\" content=\"it_IT\" \/>\n<meta property=\"og:type\" content=\"article\" \/>\n<meta property=\"og:title\" content=\"Decreto Sicurezza, Avs RC attacca: &quot;No alla Giustizia a premio!&quot;\" \/>\n<meta property=\"og:description\" content=\"Delfino e Martino intervengono contro il Decreto che introduce compensi per i legali sull&#039; all\u2019esito delle procedure rimpatrio dei migranti\" \/>\n<meta property=\"og:url\" content=\"https:\/\/progettotouring.it\/radiotouring104\/2026\/04\/30\/decreto-sicurezza-avs-reggio-calabria-attacca-no-alla-giustizia-a-premio\/\" \/>\n<meta property=\"og:site_name\" content=\"Radio Touring 104\" \/>\n<meta property=\"article:published_time\" content=\"2026-04-30T09:19:31+00:00\" \/>\n<meta property=\"article:modified_time\" content=\"2026-04-30T10:54:58+00:00\" \/>\n<meta property=\"og:image\" content=\"https:\/\/progettotouring.it\/radiotouring104\/wp-content\/uploads\/sites\/6\/2026\/04\/Rimpatrio-Migranti.jpg\" \/>\n\t<meta property=\"og:image:width\" content=\"640\" \/>\n\t<meta property=\"og:image:height\" content=\"426\" \/>\n\t<meta property=\"og:image:type\" content=\"image\/jpeg\" \/>\n<meta name=\"author\" content=\"redazione\" \/>\n<meta name=\"twitter:card\" content=\"summary_large_image\" \/>\n<meta name=\"twitter:label1\" content=\"Scritto da\" \/>\n\t<meta name=\"twitter:data1\" content=\"redazione\" \/>\n\t<meta name=\"twitter:label2\" content=\"Tempo di lettura stimato\" \/>\n\t<meta name=\"twitter:data2\" content=\"1 minuto\" \/>\n<script type=\"application\/ld+json\" class=\"yoast-schema-graph\">{\"@context\":\"https:\/\/schema.org\",\"@graph\":[{\"@type\":\"Article\",\"@id\":\"https:\/\/progettotouring.it\/radiotouring104\/2026\/04\/30\/decreto-sicurezza-avs-reggio-calabria-attacca-no-alla-giustizia-a-premio\/#article\",\"isPartOf\":{\"@id\":\"https:\/\/progettotouring.it\/radiotouring104\/2026\/04\/30\/decreto-sicurezza-avs-reggio-calabria-attacca-no-alla-giustizia-a-premio\/\"},\"author\":{\"name\":\"redazione\",\"@id\":\"https:\/\/progettotouring.it\/radiotouring104\/#\/schema\/person\/1b3eb3c07c47136bc44c785c543e635f\"},\"headline\":\"Decreto Sicurezza, Avs Reggio Calabria attacca: &#8220;No alla Giustizia a premio!&#8221;\",\"datePublished\":\"2026-04-30T09:19:31+00:00\",\"dateModified\":\"2026-04-30T10:54:58+00:00\",\"mainEntityOfPage\":{\"@id\":\"https:\/\/progettotouring.it\/radiotouring104\/2026\/04\/30\/decreto-sicurezza-avs-reggio-calabria-attacca-no-alla-giustizia-a-premio\/\"},\"wordCount\":291,\"publisher\":{\"@id\":\"https:\/\/progettotouring.it\/radiotouring104\/#organization\"},\"image\":{\"@id\":\"https:\/\/progettotouring.it\/radiotouring104\/2026\/04\/30\/decreto-sicurezza-avs-reggio-calabria-attacca-no-alla-giustizia-a-premio\/#primaryimage\"},\"thumbnailUrl\":\"https:\/\/progettotouring.it\/radiotouring104\/wp-content\/uploads\/sites\/6\/2026\/04\/Rimpatrio-Migranti.jpg\",\"keywords\":[\"attacco\",\"Decreto Sicurezza\",\"Demetrio Delfino\",\"introduce compensi per i legali sull' all\u2019esito delle procedure rimpatrio dei migranti\",\"no alla giustizia a premio\",\"Silvia Martino\",\"Sinistra Italiana AVS Reggio\"],\"articleSection\":[\"Home\",\"News\",\"Reggio Calabria\"],\"inLanguage\":\"it-IT\"},{\"@type\":\"WebPage\",\"@id\":\"https:\/\/progettotouring.it\/radiotouring104\/2026\/04\/30\/decreto-sicurezza-avs-reggio-calabria-attacca-no-alla-giustizia-a-premio\/\",\"url\":\"https:\/\/progettotouring.it\/radiotouring104\/2026\/04\/30\/decreto-sicurezza-avs-reggio-calabria-attacca-no-alla-giustizia-a-premio\/\",\"name\":\"Decreto Sicurezza, Avs RC attacca: \\\"No alla Giustizia a premio!\\\"\",\"isPartOf\":{\"@id\":\"https:\/\/progettotouring.it\/radiotouring104\/#website\"},\"primaryImageOfPage\":{\"@id\":\"https:\/\/progettotouring.it\/radiotouring104\/2026\/04\/30\/decreto-sicurezza-avs-reggio-calabria-attacca-no-alla-giustizia-a-premio\/#primaryimage\"},\"image\":{\"@id\":\"https:\/\/progettotouring.it\/radiotouring104\/2026\/04\/30\/decreto-sicurezza-avs-reggio-calabria-attacca-no-alla-giustizia-a-premio\/#primaryimage\"},\"thumbnailUrl\":\"https:\/\/progettotouring.it\/radiotouring104\/wp-content\/uploads\/sites\/6\/2026\/04\/Rimpatrio-Migranti.jpg\",\"datePublished\":\"2026-04-30T09:19:31+00:00\",\"dateModified\":\"2026-04-30T10:54:58+00:00\",\"description\":\"Delfino e Martino intervengono contro il Decreto che introduce compensi per i legali sull' all\u2019esito delle procedure rimpatrio dei migranti\",\"breadcrumb\":{\"@id\":\"https:\/\/progettotouring.it\/radiotouring104\/2026\/04\/30\/decreto-sicurezza-avs-reggio-calabria-attacca-no-alla-giustizia-a-premio\/#breadcrumb\"},\"inLanguage\":\"it-IT\",\"potentialAction\":[{\"@type\":\"ReadAction\",\"target\":[\"https:\/\/progettotouring.it\/radiotouring104\/2026\/04\/30\/decreto-sicurezza-avs-reggio-calabria-attacca-no-alla-giustizia-a-premio\/\"]}]},{\"@type\":\"ImageObject\",\"inLanguage\":\"it-IT\",\"@id\":\"https:\/\/progettotouring.it\/radiotouring104\/2026\/04\/30\/decreto-sicurezza-avs-reggio-calabria-attacca-no-alla-giustizia-a-premio\/#primaryimage\",\"url\":\"https:\/\/progettotouring.it\/radiotouring104\/wp-content\/uploads\/sites\/6\/2026\/04\/Rimpatrio-Migranti.jpg\",\"contentUrl\":\"https:\/\/progettotouring.it\/radiotouring104\/wp-content\/uploads\/sites\/6\/2026\/04\/Rimpatrio-Migranti.jpg\",\"width\":640,\"height\":426},{\"@type\":\"BreadcrumbList\",\"@id\":\"https:\/\/progettotouring.it\/radiotouring104\/2026\/04\/30\/decreto-sicurezza-avs-reggio-calabria-attacca-no-alla-giustizia-a-premio\/#breadcrumb\",\"itemListElement\":[{\"@type\":\"ListItem\",\"position\":1,\"name\":\"Home\",\"item\":\"https:\/\/progettotouring.it\/radiotouring104\/\"},{\"@type\":\"ListItem\",\"position\":2,\"name\":\"Decreto Sicurezza, Avs Reggio Calabria attacca: &#8220;No alla Giustizia a premio!&#8221;\"}]},{\"@type\":\"WebSite\",\"@id\":\"https:\/\/progettotouring.it\/radiotouring104\/#website\",\"url\":\"https:\/\/progettotouring.it\/radiotouring104\/\",\"name\":\"Radio Touring 104\",\"description\":\"La prima radio Reggina\",\"publisher\":{\"@id\":\"https:\/\/progettotouring.it\/radiotouring104\/#organization\"},\"potentialAction\":[{\"@type\":\"SearchAction\",\"target\":{\"@type\":\"EntryPoint\",\"urlTemplate\":\"https:\/\/progettotouring.it\/radiotouring104\/?s={search_term_string}\"},\"query-input\":{\"@type\":\"PropertyValueSpecification\",\"valueRequired\":true,\"valueName\":\"search_term_string\"}}],\"inLanguage\":\"it-IT\"},{\"@type\":\"Organization\",\"@id\":\"https:\/\/progettotouring.it\/radiotouring104\/#organization\",\"name\":\"Radio Touring 104\",\"url\":\"https:\/\/progettotouring.it\/radiotouring104\/\",\"logo\":{\"@type\":\"ImageObject\",\"inLanguage\":\"it-IT\",\"@id\":\"https:\/\/progettotouring.it\/radiotouring104\/#\/schema\/logo\/image\/\",\"url\":\"https:\/\/progettotouring.it\/radiotouring104\/wp-content\/uploads\/sites\/6\/2022\/02\/cropped-logo-radio-touring-104.png\",\"contentUrl\":\"https:\/\/progettotouring.it\/radiotouring104\/wp-content\/uploads\/sites\/6\/2022\/02\/cropped-logo-radio-touring-104.png\",\"width\":377,\"height\":182,\"caption\":\"Radio Touring 104\"},\"image\":{\"@id\":\"https:\/\/progettotouring.it\/radiotouring104\/#\/schema\/logo\/image\/\"}},{\"@type\":\"Person\",\"@id\":\"https:\/\/progettotouring.it\/radiotouring104\/#\/schema\/person\/1b3eb3c07c47136bc44c785c543e635f\",\"name\":\"redazione\",\"image\":{\"@type\":\"ImageObject\",\"inLanguage\":\"it-IT\",\"@id\":\"https:\/\/secure.gravatar.com\/avatar\/0b31605b49f100769e8b624b3e05de1b73e1692e9568a352f60f53fd072e6e11?s=96&d=mm&r=g\",\"url\":\"https:\/\/secure.gravatar.com\/avatar\/0b31605b49f100769e8b624b3e05de1b73e1692e9568a352f60f53fd072e6e11?s=96&d=mm&r=g\",\"contentUrl\":\"https:\/\/secure.gravatar.com\/avatar\/0b31605b49f100769e8b624b3e05de1b73e1692e9568a352f60f53fd072e6e11?s=96&d=mm&r=g\",\"caption\":\"redazione\"},\"url\":\"https:\/\/progettotouring.it\/radiotouring104\/author\/redazione\/\"}]}<\/script>\n<!-- \/ Yoast SEO plugin. -->","yoast_head_json":{"title":"Decreto Sicurezza, Avs RC attacca: \"No alla Giustizia a premio!\"","description":"Delfino e Martino intervengono contro il Decreto che introduce compensi per i legali sull' all\u2019esito delle procedure rimpatrio dei migranti","robots":{"index":"index","follow":"follow","max-snippet":"max-snippet:-1","max-image-preview":"max-image-preview:large","max-video-preview":"max-video-preview:-1"},"canonical":"https:\/\/progettotouring.it\/radiotouring104\/2026\/04\/30\/decreto-sicurezza-avs-reggio-calabria-attacca-no-alla-giustizia-a-premio\/","og_locale":"it_IT","og_type":"article","og_title":"Decreto Sicurezza, Avs RC attacca: \"No alla Giustizia a premio!\"","og_description":"Delfino e Martino intervengono contro il Decreto che introduce compensi per i legali sull' all\u2019esito delle procedure rimpatrio dei migranti","og_url":"https:\/\/progettotouring.it\/radiotouring104\/2026\/04\/30\/decreto-sicurezza-avs-reggio-calabria-attacca-no-alla-giustizia-a-premio\/","og_site_name":"Radio Touring 104","article_published_time":"2026-04-30T09:19:31+00:00","article_modified_time":"2026-04-30T10:54:58+00:00","og_image":[{"width":640,"height":426,"url":"https:\/\/progettotouring.it\/radiotouring104\/wp-content\/uploads\/sites\/6\/2026\/04\/Rimpatrio-Migranti.jpg","type":"image\/jpeg"}],"author":"redazione","twitter_card":"summary_large_image","twitter_misc":{"Scritto da":"redazione","Tempo di lettura stimato":"1 minuto"},"schema":{"@context":"https:\/\/schema.org","@graph":[{"@type":"Article","@id":"https:\/\/progettotouring.it\/radiotouring104\/2026\/04\/30\/decreto-sicurezza-avs-reggio-calabria-attacca-no-alla-giustizia-a-premio\/#article","isPartOf":{"@id":"https:\/\/progettotouring.it\/radiotouring104\/2026\/04\/30\/decreto-sicurezza-avs-reggio-calabria-attacca-no-alla-giustizia-a-premio\/"},"author":{"name":"redazione","@id":"https:\/\/progettotouring.it\/radiotouring104\/#\/schema\/person\/1b3eb3c07c47136bc44c785c543e635f"},"headline":"Decreto Sicurezza, Avs Reggio Calabria attacca: &#8220;No alla Giustizia a premio!&#8221;","datePublished":"2026-04-30T09:19:31+00:00","dateModified":"2026-04-30T10:54:58+00:00","mainEntityOfPage":{"@id":"https:\/\/progettotouring.it\/radiotouring104\/2026\/04\/30\/decreto-sicurezza-avs-reggio-calabria-attacca-no-alla-giustizia-a-premio\/"},"wordCount":291,"publisher":{"@id":"https:\/\/progettotouring.it\/radiotouring104\/#organization"},"image":{"@id":"https:\/\/progettotouring.it\/radiotouring104\/2026\/04\/30\/decreto-sicurezza-avs-reggio-calabria-attacca-no-alla-giustizia-a-premio\/#primaryimage"},"thumbnailUrl":"https:\/\/progettotouring.it\/radiotouring104\/wp-content\/uploads\/sites\/6\/2026\/04\/Rimpatrio-Migranti.jpg","keywords":["attacco","Decreto Sicurezza","Demetrio Delfino","introduce compensi per i legali sull' all\u2019esito delle procedure rimpatrio dei migranti","no alla giustizia a premio","Silvia Martino","Sinistra Italiana AVS Reggio"],"articleSection":["Home","News","Reggio Calabria"],"inLanguage":"it-IT"},{"@type":"WebPage","@id":"https:\/\/progettotouring.it\/radiotouring104\/2026\/04\/30\/decreto-sicurezza-avs-reggio-calabria-attacca-no-alla-giustizia-a-premio\/","url":"https:\/\/progettotouring.it\/radiotouring104\/2026\/04\/30\/decreto-sicurezza-avs-reggio-calabria-attacca-no-alla-giustizia-a-premio\/","name":"Decreto Sicurezza, Avs RC attacca: \"No alla Giustizia a premio!\"","isPartOf":{"@id":"https:\/\/progettotouring.it\/radiotouring104\/#website"},"primaryImageOfPage":{"@id":"https:\/\/progettotouring.it\/radiotouring104\/2026\/04\/30\/decreto-sicurezza-avs-reggio-calabria-attacca-no-alla-giustizia-a-premio\/#primaryimage"},"image":{"@id":"https:\/\/progettotouring.it\/radiotouring104\/2026\/04\/30\/decreto-sicurezza-avs-reggio-calabria-attacca-no-alla-giustizia-a-premio\/#primaryimage"},"thumbnailUrl":"https:\/\/progettotouring.it\/radiotouring104\/wp-content\/uploads\/sites\/6\/2026\/04\/Rimpatrio-Migranti.jpg","datePublished":"2026-04-30T09:19:31+00:00","dateModified":"2026-04-30T10:54:58+00:00","description":"Delfino e Martino intervengono contro il Decreto che introduce compensi per i legali sull' all\u2019esito delle procedure rimpatrio dei migranti","breadcrumb":{"@id":"https:\/\/progettotouring.it\/radiotouring104\/2026\/04\/30\/decreto-sicurezza-avs-reggio-calabria-attacca-no-alla-giustizia-a-premio\/#breadcrumb"},"inLanguage":"it-IT","potentialAction":[{"@type":"ReadAction","target":["https:\/\/progettotouring.it\/radiotouring104\/2026\/04\/30\/decreto-sicurezza-avs-reggio-calabria-attacca-no-alla-giustizia-a-premio\/"]}]},{"@type":"ImageObject","inLanguage":"it-IT","@id":"https:\/\/progettotouring.it\/radiotouring104\/2026\/04\/30\/decreto-sicurezza-avs-reggio-calabria-attacca-no-alla-giustizia-a-premio\/#primaryimage","url":"https:\/\/progettotouring.it\/radiotouring104\/wp-content\/uploads\/sites\/6\/2026\/04\/Rimpatrio-Migranti.jpg","contentUrl":"https:\/\/progettotouring.it\/radiotouring104\/wp-content\/uploads\/sites\/6\/2026\/04\/Rimpatrio-Migranti.jpg","width":640,"height":426},{"@type":"BreadcrumbList","@id":"https:\/\/progettotouring.it\/radiotouring104\/2026\/04\/30\/decreto-sicurezza-avs-reggio-calabria-attacca-no-alla-giustizia-a-premio\/#breadcrumb","itemListElement":[{"@type":"ListItem","position":1,"name":"Home","item":"https:\/\/progettotouring.it\/radiotouring104\/"},{"@type":"ListItem","position":2,"name":"Decreto Sicurezza, Avs Reggio Calabria attacca: &#8220;No alla Giustizia a premio!&#8221;"}]},{"@type":"WebSite","@id":"https:\/\/progettotouring.it\/radiotouring104\/#website","url":"https:\/\/progettotouring.it\/radiotouring104\/","name":"Radio Touring 104","description":"La prima radio Reggina","publisher":{"@id":"https:\/\/progettotouring.it\/radiotouring104\/#organization"},"potentialAction":[{"@type":"SearchAction","target":{"@type":"EntryPoint","urlTemplate":"https:\/\/progettotouring.it\/radiotouring104\/?s={search_term_string}"},"query-input":{"@type":"PropertyValueSpecification","valueRequired":true,"valueName":"search_term_string"}}],"inLanguage":"it-IT"},{"@type":"Organization","@id":"https:\/\/progettotouring.it\/radiotouring104\/#organization","name":"Radio Touring 104","url":"https:\/\/progettotouring.it\/radiotouring104\/","logo":{"@type":"ImageObject","inLanguage":"it-IT","@id":"https:\/\/progettotouring.it\/radiotouring104\/#\/schema\/logo\/image\/","url":"https:\/\/progettotouring.it\/radiotouring104\/wp-content\/uploads\/sites\/6\/2022\/02\/cropped-logo-radio-touring-104.png","contentUrl":"https:\/\/progettotouring.it\/radiotouring104\/wp-content\/uploads\/sites\/6\/2022\/02\/cropped-logo-radio-touring-104.png","width":377,"height":182,"caption":"Radio Touring 104"},"image":{"@id":"https:\/\/progettotouring.it\/radiotouring104\/#\/schema\/logo\/image\/"}},{"@type":"Person","@id":"https:\/\/progettotouring.it\/radiotouring104\/#\/schema\/person\/1b3eb3c07c47136bc44c785c543e635f","name":"redazione","image":{"@type":"ImageObject","inLanguage":"it-IT","@id":"https:\/\/secure.gravatar.com\/avatar\/0b31605b49f100769e8b624b3e05de1b73e1692e9568a352f60f53fd072e6e11?s=96&d=mm&r=g","url":"https:\/\/secure.gravatar.com\/avatar\/0b31605b49f100769e8b624b3e05de1b73e1692e9568a352f60f53fd072e6e11?s=96&d=mm&r=g","contentUrl":"https:\/\/secure.gravatar.com\/avatar\/0b31605b49f100769e8b624b3e05de1b73e1692e9568a352f60f53fd072e6e11?s=96&d=mm&r=g","caption":"redazione"},"url":"https:\/\/progettotouring.it\/radiotouring104\/author\/redazione\/"}]}},"jetpack_publicize_connections":[],"jetpack_featured_media_url":"https:\/\/progettotouring.it\/radiotouring104\/wp-content\/uploads\/sites\/6\/2026\/04\/Rimpatrio-Migranti.jpg","jetpack_sharing_enabled":true,"_links":{"self":[{"href":"https:\/\/progettotouring.it\/radiotouring104\/wp-json\/wp\/v2\/posts\/94587","targetHints":{"allow":["GET"]}}],"collection":[{"href":"https:\/\/progettotouring.it\/radiotouring104\/wp-json\/wp\/v2\/posts"}],"about":[{"href":"https:\/\/progettotouring.it\/radiotouring104\/wp-json\/wp\/v2\/types\/post"}],"author":[{"embeddable":true,"href":"https:\/\/progettotouring.it\/radiotouring104\/wp-json\/wp\/v2\/users\/5"}],"replies":[{"embeddable":true,"href":"https:\/\/progettotouring.it\/radiotouring104\/wp-json\/wp\/v2\/comments?post=94587"}],"version-history":[{"count":1,"href":"https:\/\/progettotouring.it\/radiotouring104\/wp-json\/wp\/v2\/posts\/94587\/revisions"}],"predecessor-version":[{"id":94589,"href":"https:\/\/progettotouring.it\/radiotouring104\/wp-json\/wp\/v2\/posts\/94587\/revisions\/94589"}],"wp:featuredmedia":[{"embeddable":true,"href":"https:\/\/progettotouring.it\/radiotouring104\/wp-json\/wp\/v2\/media\/94588"}],"wp:attachment":[{"href":"https:\/\/progettotouring.it\/radiotouring104\/wp-json\/wp\/v2\/media?parent=94587"}],"wp:term":[{"taxonomy":"category","embeddable":true,"href":"https:\/\/progettotouring.it\/radiotouring104\/wp-json\/wp\/v2\/categories?post=94587"},{"taxonomy":"post_tag","embeddable":true,"href":"https:\/\/progettotouring.it\/radiotouring104\/wp-json\/wp\/v2\/tags?post=94587"}],"curies":[{"name":"wp","href":"https:\/\/api.w.org\/{rel}","templated":true}]}}