{"id":94592,"date":"2026-04-30T11:27:56","date_gmt":"2026-04-30T09:27:56","guid":{"rendered":"https:\/\/progettotouring.it\/radiotouring104\/?p=94592"},"modified":"2026-04-30T12:56:32","modified_gmt":"2026-04-30T10:56:32","slug":"mortara-gli-attivisti-del-canile-replicano-al-comune","status":"publish","type":"post","link":"https:\/\/progettotouring.it\/radiotouring104\/2026\/04\/30\/mortara-gli-attivisti-del-canile-replicano-al-comune\/","title":{"rendered":"Mortara: gli attivisti del Canile replicano al Comune"},"content":{"rendered":"<p>Dacci una Zampa: \u201cTale definizione stride fortemente con 10 anni di attivit\u00e0 all&#8217;interno del canile e 306 cani fatti adottare. Al momento del sequestro, disposto dall&#8217;Autorit\u00e0 Giudiziaria, il GIP di Reggio Calabria ci ha autorizzati a permanere all&#8217;interno della struttura per prenderci cura dei cani ivi presenti.<\/p>\n<p>In 10 anni il Comune non ha mai mandato un operaio a pulire i box. Il 24 Maggio la citt\u00e0 giudicher\u00e0.\u201d<\/p>\n<p>Con nota prot. 107109 del 24\/04\/2026, il Comune di Reggio Calabria \u2013 Settore Ambiente ha risposto alla nostra richiesta di convenzione per la gestione del volontariato presso il canile comunale di Mortara.<\/p>\n<p>Nella risposta il Comune definisce Dacci Una Zampa ETS \u201cpresente sine titulo\u201d all\u2019interno della struttura ed in \u201cstatus di irregolarit\u00e0\u201d.<\/p>\n<p>&nbsp;<\/p>\n<p>CHIARIAMO I FATTI CON DOCUMENTI ALLA MANO:<\/p>\n<p>Dal 2017 al 14 Gennaio 2026 il canile di Mortara \u00e8 stato sotto sequestro giudiziario. In questi 10 anni, i volontari di Dacci Una Zampa ETS sono entrati nella struttura con regolare autorizzazione del GIP e del Custode Giudiziario per garantire la tutela e il benessere degli animali.<\/p>\n<p>In questi 10 anni, l\u2019Amministrazione Comunale non ha mai reperito o inviato personale per la pulizia dei box del canile. La pulizia, la disinfezione e la manutenzione ordinaria sono state garantite quotidianamente solo dai volontari di Dacci Una Zampa ETS.<\/p>\n<p>In 10 anni abbiamo salvato e dato in adozione 306 cani, tutti regolarmente censiti, microchippati e seguiti con controlli pre e post affido. Il tutto a spese dei volontari.<\/p>\n<p>Da Marzo 2026 abbiamo chiesto al Comune di stipulare una convenzione, come previsto dal D.C.A. 67\/2018, per proseguire l\u2019attivit\u00e0 di volontariato nella piena legalit\u00e0 e a costo zero per l\u2019Ente.<\/p>\n<p>Sino ad oggi, 29 Aprile 2026, siamo noi volontari di Dacci Una Zampa ETS a garantire quotidianamente la pulizia dei box, la somministrazione di cibo e farmaci, e la gestione delle adozioni presso il canile di Mortara.<\/p>\n<p>&nbsp;<\/p>\n<p>LA RISPOSTA DEL COMUNE:<\/p>\n<p>Il Comune, oltre a definirci \u201csine titulo\u201d, comunica di \u201cessersi attivato con altre Associazioni\u201d per le adozioni.<\/p>\n<p>&nbsp;<\/p>\n<p>A riguardo precisiamo: ad oggi non abbiamo alcuna notizia n\u00e9 informazione su quali siano queste associazioni, n\u00e9 sulle modalit\u00e0 del loro operato all\u2019interno del canile comunale.<\/p>\n<p>&nbsp;<\/p>\n<p>LA NOSTRA POSIZIONE:<\/p>\n<p>Non chiediamo fondi. Non chiediamo incarichi. Chiediamo solo il riconoscimento legale della nostra attivit\u00e0 di volontariato, svolta da 10 anni con autorizzazione del GIP, per continuare a tutelare i cani.<\/p>\n<p>&nbsp;<\/p>\n<p>Il Comune ha risposto negativamente alla nostra richiesta di convenzione, definendo \u201cirregolare\u201d la nostra presenza.<\/p>\n<p>&nbsp;<\/p>\n<p>Il 24 e 25 Maggio si vota. Lasciamo che siano i cittadini di Reggio Calabria a valutare questa risposta, dopo 10 anni in cui solo i volontari hanno pulito i box e fatto adottare 306 cani.<\/p>\n<p>&nbsp;<\/p>\n<p>&nbsp;<\/p>\n<p>Associazione Dacci Una Zampa ETS<\/p>\n","protected":false},"excerpt":{"rendered":"<p>Dacci una Zampa: \u201cTale definizione stride fortemente con 10 anni di attivit\u00e0 all&#8217;interno del canile e 306 cani fatti adottare. Al momento del sequestro, disposto dall&#8217;Autorit\u00e0 Giudiziaria, il GIP di&hellip;<\/p>\n","protected":false},"author":5,"featured_media":14380,"comment_status":"closed","ping_status":"open","sticky":false,"template":"","format":"standard","meta":{"_jetpack_memberships_contains_paid_content":false,"footnotes":"","jetpack_publicize_message":"","jetpack_publicize_feature_enabled":true,"jetpack_social_post_already_shared":true,"jetpack_social_options":{"image_generator_settings":{"template":"highway","default_image_id":0,"font":"","enabled":false},"version":2}},"categories":[921,196,140],"tags":[53281,9778,7037,53282,26519],"class_list":["post-94592","post","type-post","status-publish","format-standard","has-post-thumbnail","hentry","category-home","category-news","category-reggio-calabria","tag-canile","tag-comune-di-reggio","tag-mortara","tag-non-siamo-abusivi","tag-replica"],"yoast_head":"<!-- This site is optimized with the Yoast SEO plugin v27.2 - https:\/\/yoast.com\/product\/yoast-seo-wordpress\/ -->\n<title>Mortara: gli attivisti del Canile replicano al Comune<\/title>\n<meta name=\"description\" content=\"&quot;La nostra attivit\u00e0 \u00e8 legittima, non siamo abusivi&quot;, scrivono in un comunicato stampa i volontari del canile di Mortara\" \/>\n<meta name=\"robots\" content=\"index, follow, max-snippet:-1, max-image-preview:large, max-video-preview:-1\" \/>\n<link rel=\"canonical\" href=\"https:\/\/progettotouring.it\/radiotouring104\/2026\/04\/30\/mortara-gli-attivisti-del-canile-replicano-al-comune\/\" \/>\n<meta property=\"og:locale\" content=\"it_IT\" \/>\n<meta property=\"og:type\" content=\"article\" \/>\n<meta property=\"og:title\" content=\"Mortara: gli attivisti del Canile replicano al Comune\" \/>\n<meta property=\"og:description\" content=\"&quot;La nostra attivit\u00e0 \u00e8 legittima, non siamo abusivi&quot;, scrivono in un comunicato stampa i volontari del canile di Mortara\" \/>\n<meta property=\"og:url\" content=\"https:\/\/progettotouring.it\/radiotouring104\/2026\/04\/30\/mortara-gli-attivisti-del-canile-replicano-al-comune\/\" \/>\n<meta property=\"og:site_name\" content=\"Radio Touring 104\" \/>\n<meta property=\"article:published_time\" content=\"2026-04-30T09:27:56+00:00\" \/>\n<meta property=\"article:modified_time\" content=\"2026-04-30T10:56:32+00:00\" \/>\n<meta property=\"og:image\" content=\"https:\/\/progettotouring.it\/radiotouring104\/wp-content\/uploads\/sites\/6\/2022\/12\/dacci-una-zampa-1.jpg\" \/>\n\t<meta property=\"og:image:width\" content=\"669\" \/>\n\t<meta property=\"og:image:height\" content=\"400\" \/>\n\t<meta property=\"og:image:type\" content=\"image\/jpeg\" \/>\n<meta name=\"author\" content=\"redazione\" \/>\n<meta name=\"twitter:card\" content=\"summary_large_image\" \/>\n<meta name=\"twitter:label1\" content=\"Scritto da\" \/>\n\t<meta name=\"twitter:data1\" content=\"redazione\" \/>\n\t<meta name=\"twitter:label2\" content=\"Tempo di lettura stimato\" \/>\n\t<meta name=\"twitter:data2\" content=\"2 minuti\" \/>\n<script type=\"application\/ld+json\" class=\"yoast-schema-graph\">{\"@context\":\"https:\/\/schema.org\",\"@graph\":[{\"@type\":\"Article\",\"@id\":\"https:\/\/progettotouring.it\/radiotouring104\/2026\/04\/30\/mortara-gli-attivisti-del-canile-replicano-al-comune\/#article\",\"isPartOf\":{\"@id\":\"https:\/\/progettotouring.it\/radiotouring104\/2026\/04\/30\/mortara-gli-attivisti-del-canile-replicano-al-comune\/\"},\"author\":{\"name\":\"redazione\",\"@id\":\"https:\/\/progettotouring.it\/radiotouring104\/#\/schema\/person\/1b3eb3c07c47136bc44c785c543e635f\"},\"headline\":\"Mortara: gli attivisti del Canile replicano al Comune\",\"datePublished\":\"2026-04-30T09:27:56+00:00\",\"dateModified\":\"2026-04-30T10:56:32+00:00\",\"mainEntityOfPage\":{\"@id\":\"https:\/\/progettotouring.it\/radiotouring104\/2026\/04\/30\/mortara-gli-attivisti-del-canile-replicano-al-comune\/\"},\"wordCount\":446,\"publisher\":{\"@id\":\"https:\/\/progettotouring.it\/radiotouring104\/#organization\"},\"image\":{\"@id\":\"https:\/\/progettotouring.it\/radiotouring104\/2026\/04\/30\/mortara-gli-attivisti-del-canile-replicano-al-comune\/#primaryimage\"},\"thumbnailUrl\":\"https:\/\/progettotouring.it\/radiotouring104\/wp-content\/uploads\/sites\/6\/2022\/12\/dacci-una-zampa-1.jpg\",\"keywords\":[\"canile\",\"Comune di Reggio\",\"mortara\",\"non siamo abusivi\",\"replica\"],\"articleSection\":[\"Home\",\"News\",\"Reggio Calabria\"],\"inLanguage\":\"it-IT\"},{\"@type\":\"WebPage\",\"@id\":\"https:\/\/progettotouring.it\/radiotouring104\/2026\/04\/30\/mortara-gli-attivisti-del-canile-replicano-al-comune\/\",\"url\":\"https:\/\/progettotouring.it\/radiotouring104\/2026\/04\/30\/mortara-gli-attivisti-del-canile-replicano-al-comune\/\",\"name\":\"Mortara: gli attivisti del Canile replicano al Comune\",\"isPartOf\":{\"@id\":\"https:\/\/progettotouring.it\/radiotouring104\/#website\"},\"primaryImageOfPage\":{\"@id\":\"https:\/\/progettotouring.it\/radiotouring104\/2026\/04\/30\/mortara-gli-attivisti-del-canile-replicano-al-comune\/#primaryimage\"},\"image\":{\"@id\":\"https:\/\/progettotouring.it\/radiotouring104\/2026\/04\/30\/mortara-gli-attivisti-del-canile-replicano-al-comune\/#primaryimage\"},\"thumbnailUrl\":\"https:\/\/progettotouring.it\/radiotouring104\/wp-content\/uploads\/sites\/6\/2022\/12\/dacci-una-zampa-1.jpg\",\"datePublished\":\"2026-04-30T09:27:56+00:00\",\"dateModified\":\"2026-04-30T10:56:32+00:00\",\"description\":\"\\\"La nostra attivit\u00e0 \u00e8 legittima, non siamo abusivi\\\", scrivono in un comunicato stampa i volontari del canile di Mortara\",\"breadcrumb\":{\"@id\":\"https:\/\/progettotouring.it\/radiotouring104\/2026\/04\/30\/mortara-gli-attivisti-del-canile-replicano-al-comune\/#breadcrumb\"},\"inLanguage\":\"it-IT\",\"potentialAction\":[{\"@type\":\"ReadAction\",\"target\":[\"https:\/\/progettotouring.it\/radiotouring104\/2026\/04\/30\/mortara-gli-attivisti-del-canile-replicano-al-comune\/\"]}]},{\"@type\":\"ImageObject\",\"inLanguage\":\"it-IT\",\"@id\":\"https:\/\/progettotouring.it\/radiotouring104\/2026\/04\/30\/mortara-gli-attivisti-del-canile-replicano-al-comune\/#primaryimage\",\"url\":\"https:\/\/progettotouring.it\/radiotouring104\/wp-content\/uploads\/sites\/6\/2022\/12\/dacci-una-zampa-1.jpg\",\"contentUrl\":\"https:\/\/progettotouring.it\/radiotouring104\/wp-content\/uploads\/sites\/6\/2022\/12\/dacci-una-zampa-1.jpg\",\"width\":669,\"height\":400},{\"@type\":\"BreadcrumbList\",\"@id\":\"https:\/\/progettotouring.it\/radiotouring104\/2026\/04\/30\/mortara-gli-attivisti-del-canile-replicano-al-comune\/#breadcrumb\",\"itemListElement\":[{\"@type\":\"ListItem\",\"position\":1,\"name\":\"Home\",\"item\":\"https:\/\/progettotouring.it\/radiotouring104\/\"},{\"@type\":\"ListItem\",\"position\":2,\"name\":\"Mortara: gli attivisti del Canile replicano al Comune\"}]},{\"@type\":\"WebSite\",\"@id\":\"https:\/\/progettotouring.it\/radiotouring104\/#website\",\"url\":\"https:\/\/progettotouring.it\/radiotouring104\/\",\"name\":\"Radio Touring 104\",\"description\":\"La prima radio Reggina\",\"publisher\":{\"@id\":\"https:\/\/progettotouring.it\/radiotouring104\/#organization\"},\"potentialAction\":[{\"@type\":\"SearchAction\",\"target\":{\"@type\":\"EntryPoint\",\"urlTemplate\":\"https:\/\/progettotouring.it\/radiotouring104\/?s={search_term_string}\"},\"query-input\":{\"@type\":\"PropertyValueSpecification\",\"valueRequired\":true,\"valueName\":\"search_term_string\"}}],\"inLanguage\":\"it-IT\"},{\"@type\":\"Organization\",\"@id\":\"https:\/\/progettotouring.it\/radiotouring104\/#organization\",\"name\":\"Radio Touring 104\",\"url\":\"https:\/\/progettotouring.it\/radiotouring104\/\",\"logo\":{\"@type\":\"ImageObject\",\"inLanguage\":\"it-IT\",\"@id\":\"https:\/\/progettotouring.it\/radiotouring104\/#\/schema\/logo\/image\/\",\"url\":\"https:\/\/progettotouring.it\/radiotouring104\/wp-content\/uploads\/sites\/6\/2022\/02\/cropped-logo-radio-touring-104.png\",\"contentUrl\":\"https:\/\/progettotouring.it\/radiotouring104\/wp-content\/uploads\/sites\/6\/2022\/02\/cropped-logo-radio-touring-104.png\",\"width\":377,\"height\":182,\"caption\":\"Radio Touring 104\"},\"image\":{\"@id\":\"https:\/\/progettotouring.it\/radiotouring104\/#\/schema\/logo\/image\/\"}},{\"@type\":\"Person\",\"@id\":\"https:\/\/progettotouring.it\/radiotouring104\/#\/schema\/person\/1b3eb3c07c47136bc44c785c543e635f\",\"name\":\"redazione\",\"image\":{\"@type\":\"ImageObject\",\"inLanguage\":\"it-IT\",\"@id\":\"https:\/\/secure.gravatar.com\/avatar\/0b31605b49f100769e8b624b3e05de1b73e1692e9568a352f60f53fd072e6e11?s=96&d=mm&r=g\",\"url\":\"https:\/\/secure.gravatar.com\/avatar\/0b31605b49f100769e8b624b3e05de1b73e1692e9568a352f60f53fd072e6e11?s=96&d=mm&r=g\",\"contentUrl\":\"https:\/\/secure.gravatar.com\/avatar\/0b31605b49f100769e8b624b3e05de1b73e1692e9568a352f60f53fd072e6e11?s=96&d=mm&r=g\",\"caption\":\"redazione\"},\"url\":\"https:\/\/progettotouring.it\/radiotouring104\/author\/redazione\/\"}]}<\/script>\n<!-- \/ Yoast SEO plugin. -->","yoast_head_json":{"title":"Mortara: gli attivisti del Canile replicano al Comune","description":"\"La nostra attivit\u00e0 \u00e8 legittima, non siamo abusivi\", scrivono in un comunicato stampa i volontari del canile di Mortara","robots":{"index":"index","follow":"follow","max-snippet":"max-snippet:-1","max-image-preview":"max-image-preview:large","max-video-preview":"max-video-preview:-1"},"canonical":"https:\/\/progettotouring.it\/radiotouring104\/2026\/04\/30\/mortara-gli-attivisti-del-canile-replicano-al-comune\/","og_locale":"it_IT","og_type":"article","og_title":"Mortara: gli attivisti del Canile replicano al Comune","og_description":"\"La nostra attivit\u00e0 \u00e8 legittima, non siamo abusivi\", scrivono in un comunicato stampa i volontari del canile di Mortara","og_url":"https:\/\/progettotouring.it\/radiotouring104\/2026\/04\/30\/mortara-gli-attivisti-del-canile-replicano-al-comune\/","og_site_name":"Radio Touring 104","article_published_time":"2026-04-30T09:27:56+00:00","article_modified_time":"2026-04-30T10:56:32+00:00","og_image":[{"width":669,"height":400,"url":"https:\/\/progettotouring.it\/radiotouring104\/wp-content\/uploads\/sites\/6\/2022\/12\/dacci-una-zampa-1.jpg","type":"image\/jpeg"}],"author":"redazione","twitter_card":"summary_large_image","twitter_misc":{"Scritto da":"redazione","Tempo di lettura stimato":"2 minuti"},"schema":{"@context":"https:\/\/schema.org","@graph":[{"@type":"Article","@id":"https:\/\/progettotouring.it\/radiotouring104\/2026\/04\/30\/mortara-gli-attivisti-del-canile-replicano-al-comune\/#article","isPartOf":{"@id":"https:\/\/progettotouring.it\/radiotouring104\/2026\/04\/30\/mortara-gli-attivisti-del-canile-replicano-al-comune\/"},"author":{"name":"redazione","@id":"https:\/\/progettotouring.it\/radiotouring104\/#\/schema\/person\/1b3eb3c07c47136bc44c785c543e635f"},"headline":"Mortara: gli attivisti del Canile replicano al Comune","datePublished":"2026-04-30T09:27:56+00:00","dateModified":"2026-04-30T10:56:32+00:00","mainEntityOfPage":{"@id":"https:\/\/progettotouring.it\/radiotouring104\/2026\/04\/30\/mortara-gli-attivisti-del-canile-replicano-al-comune\/"},"wordCount":446,"publisher":{"@id":"https:\/\/progettotouring.it\/radiotouring104\/#organization"},"image":{"@id":"https:\/\/progettotouring.it\/radiotouring104\/2026\/04\/30\/mortara-gli-attivisti-del-canile-replicano-al-comune\/#primaryimage"},"thumbnailUrl":"https:\/\/progettotouring.it\/radiotouring104\/wp-content\/uploads\/sites\/6\/2022\/12\/dacci-una-zampa-1.jpg","keywords":["canile","Comune di Reggio","mortara","non siamo abusivi","replica"],"articleSection":["Home","News","Reggio Calabria"],"inLanguage":"it-IT"},{"@type":"WebPage","@id":"https:\/\/progettotouring.it\/radiotouring104\/2026\/04\/30\/mortara-gli-attivisti-del-canile-replicano-al-comune\/","url":"https:\/\/progettotouring.it\/radiotouring104\/2026\/04\/30\/mortara-gli-attivisti-del-canile-replicano-al-comune\/","name":"Mortara: gli attivisti del Canile replicano al Comune","isPartOf":{"@id":"https:\/\/progettotouring.it\/radiotouring104\/#website"},"primaryImageOfPage":{"@id":"https:\/\/progettotouring.it\/radiotouring104\/2026\/04\/30\/mortara-gli-attivisti-del-canile-replicano-al-comune\/#primaryimage"},"image":{"@id":"https:\/\/progettotouring.it\/radiotouring104\/2026\/04\/30\/mortara-gli-attivisti-del-canile-replicano-al-comune\/#primaryimage"},"thumbnailUrl":"https:\/\/progettotouring.it\/radiotouring104\/wp-content\/uploads\/sites\/6\/2022\/12\/dacci-una-zampa-1.jpg","datePublished":"2026-04-30T09:27:56+00:00","dateModified":"2026-04-30T10:56:32+00:00","description":"\"La nostra attivit\u00e0 \u00e8 legittima, non siamo abusivi\", scrivono in un comunicato stampa i volontari del canile di Mortara","breadcrumb":{"@id":"https:\/\/progettotouring.it\/radiotouring104\/2026\/04\/30\/mortara-gli-attivisti-del-canile-replicano-al-comune\/#breadcrumb"},"inLanguage":"it-IT","potentialAction":[{"@type":"ReadAction","target":["https:\/\/progettotouring.it\/radiotouring104\/2026\/04\/30\/mortara-gli-attivisti-del-canile-replicano-al-comune\/"]}]},{"@type":"ImageObject","inLanguage":"it-IT","@id":"https:\/\/progettotouring.it\/radiotouring104\/2026\/04\/30\/mortara-gli-attivisti-del-canile-replicano-al-comune\/#primaryimage","url":"https:\/\/progettotouring.it\/radiotouring104\/wp-content\/uploads\/sites\/6\/2022\/12\/dacci-una-zampa-1.jpg","contentUrl":"https:\/\/progettotouring.it\/radiotouring104\/wp-content\/uploads\/sites\/6\/2022\/12\/dacci-una-zampa-1.jpg","width":669,"height":400},{"@type":"BreadcrumbList","@id":"https:\/\/progettotouring.it\/radiotouring104\/2026\/04\/30\/mortara-gli-attivisti-del-canile-replicano-al-comune\/#breadcrumb","itemListElement":[{"@type":"ListItem","position":1,"name":"Home","item":"https:\/\/progettotouring.it\/radiotouring104\/"},{"@type":"ListItem","position":2,"name":"Mortara: gli attivisti del Canile replicano al Comune"}]},{"@type":"WebSite","@id":"https:\/\/progettotouring.it\/radiotouring104\/#website","url":"https:\/\/progettotouring.it\/radiotouring104\/","name":"Radio Touring 104","description":"La prima radio Reggina","publisher":{"@id":"https:\/\/progettotouring.it\/radiotouring104\/#organization"},"potentialAction":[{"@type":"SearchAction","target":{"@type":"EntryPoint","urlTemplate":"https:\/\/progettotouring.it\/radiotouring104\/?s={search_term_string}"},"query-input":{"@type":"PropertyValueSpecification","valueRequired":true,"valueName":"search_term_string"}}],"inLanguage":"it-IT"},{"@type":"Organization","@id":"https:\/\/progettotouring.it\/radiotouring104\/#organization","name":"Radio Touring 104","url":"https:\/\/progettotouring.it\/radiotouring104\/","logo":{"@type":"ImageObject","inLanguage":"it-IT","@id":"https:\/\/progettotouring.it\/radiotouring104\/#\/schema\/logo\/image\/","url":"https:\/\/progettotouring.it\/radiotouring104\/wp-content\/uploads\/sites\/6\/2022\/02\/cropped-logo-radio-touring-104.png","contentUrl":"https:\/\/progettotouring.it\/radiotouring104\/wp-content\/uploads\/sites\/6\/2022\/02\/cropped-logo-radio-touring-104.png","width":377,"height":182,"caption":"Radio Touring 104"},"image":{"@id":"https:\/\/progettotouring.it\/radiotouring104\/#\/schema\/logo\/image\/"}},{"@type":"Person","@id":"https:\/\/progettotouring.it\/radiotouring104\/#\/schema\/person\/1b3eb3c07c47136bc44c785c543e635f","name":"redazione","image":{"@type":"ImageObject","inLanguage":"it-IT","@id":"https:\/\/secure.gravatar.com\/avatar\/0b31605b49f100769e8b624b3e05de1b73e1692e9568a352f60f53fd072e6e11?s=96&d=mm&r=g","url":"https:\/\/secure.gravatar.com\/avatar\/0b31605b49f100769e8b624b3e05de1b73e1692e9568a352f60f53fd072e6e11?s=96&d=mm&r=g","contentUrl":"https:\/\/secure.gravatar.com\/avatar\/0b31605b49f100769e8b624b3e05de1b73e1692e9568a352f60f53fd072e6e11?s=96&d=mm&r=g","caption":"redazione"},"url":"https:\/\/progettotouring.it\/radiotouring104\/author\/redazione\/"}]}},"jetpack_publicize_connections":[],"jetpack_featured_media_url":"https:\/\/progettotouring.it\/radiotouring104\/wp-content\/uploads\/sites\/6\/2022\/12\/dacci-una-zampa-1.jpg","jetpack_sharing_enabled":true,"_links":{"self":[{"href":"https:\/\/progettotouring.it\/radiotouring104\/wp-json\/wp\/v2\/posts\/94592","targetHints":{"allow":["GET"]}}],"collection":[{"href":"https:\/\/progettotouring.it\/radiotouring104\/wp-json\/wp\/v2\/posts"}],"about":[{"href":"https:\/\/progettotouring.it\/radiotouring104\/wp-json\/wp\/v2\/types\/post"}],"author":[{"embeddable":true,"href":"https:\/\/progettotouring.it\/radiotouring104\/wp-json\/wp\/v2\/users\/5"}],"replies":[{"embeddable":true,"href":"https:\/\/progettotouring.it\/radiotouring104\/wp-json\/wp\/v2\/comments?post=94592"}],"version-history":[{"count":1,"href":"https:\/\/progettotouring.it\/radiotouring104\/wp-json\/wp\/v2\/posts\/94592\/revisions"}],"predecessor-version":[{"id":94593,"href":"https:\/\/progettotouring.it\/radiotouring104\/wp-json\/wp\/v2\/posts\/94592\/revisions\/94593"}],"wp:featuredmedia":[{"embeddable":true,"href":"https:\/\/progettotouring.it\/radiotouring104\/wp-json\/wp\/v2\/media\/14380"}],"wp:attachment":[{"href":"https:\/\/progettotouring.it\/radiotouring104\/wp-json\/wp\/v2\/media?parent=94592"}],"wp:term":[{"taxonomy":"category","embeddable":true,"href":"https:\/\/progettotouring.it\/radiotouring104\/wp-json\/wp\/v2\/categories?post=94592"},{"taxonomy":"post_tag","embeddable":true,"href":"https:\/\/progettotouring.it\/radiotouring104\/wp-json\/wp\/v2\/tags?post=94592"}],"curies":[{"name":"wp","href":"https:\/\/api.w.org\/{rel}","templated":true}]}}