{"id":94594,"date":"2026-04-30T11:40:58","date_gmt":"2026-04-30T09:40:58","guid":{"rendered":"https:\/\/progettotouring.it\/radiotouring104\/?p=94594"},"modified":"2026-04-30T12:54:51","modified_gmt":"2026-04-30T10:54:51","slug":"comune-di-reggio-torna-lopen-day-per-la-sostituzione-della-carta-didentita-cartacea-con-quella-elettronica","status":"publish","type":"post","link":"https:\/\/progettotouring.it\/radiotouring104\/2026\/04\/30\/comune-di-reggio-torna-lopen-day-per-la-sostituzione-della-carta-didentita-cartacea-con-quella-elettronica\/","title":{"rendered":"Comune di Reggio: torna l&#8217;Open Day per la sostituzione della Carta d&#8217;Identit\u00e0 cartacea con quella elettronica"},"content":{"rendered":"<p style=\"font-weight: 400\">Il Comune di Reggio Calabria avvisa i cittadini interessati che a partire dal 3 agosto 2026, con l\u2019entrata in vigore del Regolamento UE 2019\/1157, la carta d\u2019identit\u00e0 cartacea cesser\u00e0 di essere valida, indipendentemente dalla data di scadenza riportata sul documento. Pertanto si consiglia la sostituzione per tempo del documento cartaceo, anche se ancora non scaduto, con il documento elettronico che garantisce un pi\u00f9 alto livello di protezione contro le falsificazioni e consente di accedere ai servizi digitali della Pubblica Amministrazione. Se ci si trova all\u2019estero e si prevede di rientrare in Italia dopo il 3 agosto 2026, non si potr\u00e0 viaggiare con la carta d\u2019identit\u00e0 cartacea. \u00c8 quindi obbligatorio partire gi\u00e0 in possesso di un passaporto o della nuova CIE.<\/p>\n<p style=\"font-weight: 400\">Sar\u00e0 possibile richiedere la Carta d\u2019identit\u00e0 elettronica senza prenotazione e secondo il seguente calendario:<\/p>\n<ul>\n<li style=\"font-weight: 400\">9 MAGGIO 2026<\/li>\n<\/ul>\n<p style=\"font-weight: 400\">DALLE ORE 8:30 ALLE 12:30 PRESSO I SEGUENTI UFFICI:<\/p>\n<p style=\"font-weight: 400\">1)\u00a0\u00a0\u00a0 UFFICIO CENTRALE DI VIA CALIPARI 2\/N<\/p>\n<p style=\"font-weight: 400\">2)\u00a0\u00a0\u00a0\u00a0 UFFICIO DECENTRATO DI SANTA CATERINA, VIA MONTELLO,10<\/p>\n<p style=\"font-weight: 400\">3)\u00a0\u00a0\u00a0 UFFICIO DECENTRATO DI SBARRE, VIA GRAZIELLA , 5<\/p>\n<ul>\n<li style=\"font-weight: 400\">16 MAGGIO 2026<\/li>\n<\/ul>\n<p style=\"font-weight: 400\">DALLE ORE 8:30 ALLE 12:30 PRESSO I SEGUENTI UFFICI:<\/p>\n<p style=\"font-weight: 400\">1) UFFICIO CENTRALE DI VIA CALIPARI 2\/N<\/p>\n<p style=\"font-weight: 400\">2) UFFICIO DECENTRATO DI PELLARO C\/0 CENTRO CIVICO \u201cC. CARDEA\u201d<\/p>\n<p style=\"font-weight: 400\">3) UFFICIO DECENTRATO DI RAVAGNESE C\/O CENTRO CIVICO<\/p>\n<p style=\"font-weight: 400\">4) UFFICIO DECENTRATO DI CATONA, PIAZZA G. MATTEOTTI<\/p>\n<ul>\n<li style=\"font-weight: 400\">17 MAGGIO 2026<\/li>\n<\/ul>\n<p style=\"font-weight: 400\">DALLE ORE 8:30 ALLE 12:30 PRESSO I SEGUENTI UFFICI:<\/p>\n<p style=\"font-weight: 400\">1)\u00a0\u00a0\u00a0 UFFICIO CENTRALE DI VIA CALIPARI 2\/N<\/p>\n<p style=\"font-weight: 400\">2)\u00a0\u00a0\u00a0 UFFICIO DECENTRATO DI SANTA CATERINA, VIA MONTELLO,10<\/p>\n<p style=\"font-weight: 400\">3)\u00a0\u00a0\u00a0\u00a0 UFFICIO DECENTRATO DI CATONA, PIAZZA G. MATTEOTTI<\/p>\n<p style=\"font-weight: 400\">4)\u00a0\u00a0\u00a0 UFFICIO DECENTRATO DI PELLARO C\/0 CENTRO CIVICO \u201cC. CARDEA\u201d<\/p>\n<ul>\n<li style=\"font-weight: 400\">24 E 25 MAGGIO 2026<\/li>\n<\/ul>\n<p style=\"font-weight: 400\">Domenica 24 e luned\u00ec 25 maggio 2026 (per tutta la durata delle operazioni di votazione, cio\u00e8 dalle ore 7 alle ore 23 della domenica e dalle ore 7 alle ore 15 del luned\u00ec) tutti gli uffici dei servizi demografici resteranno aperti al pubblico per i servizi strettamente connessi alle consultazioni elettorali e, pertanto, anche per il rilascio della C.I.E (Carta identit\u00e0 elettronica) SCADUTA.<\/p>\n<p style=\"font-weight: 400\">Il cittadino dovr\u00e0 presentarsi munito della carta d\u2019identit\u00e0 da sostituire (anche se ancora non scaduta), il codice fiscale o tessera sanitaria e una fotografia formato tessera recente (anche in formato elettronico su supporto USB. In questo caso il file della foto dovr\u00e0 essere in formato JPG, avere una risoluzione di almeno 400 dpi ed una dimensione massima non superiore a 500 kb) e la ricevuta del pagamento tramite circuito Pago PA.<\/p>\n<p style=\"font-weight: 400\">Il costo della carta d&#8217;identit\u00e0 elettronica \u00e8 di 22,20 euro, da pagare esclusivamente utilizzando la piattaforma MyPay aderente al circuito nazionale pagoPA (sistema di pagamenti elettronici). Per eseguire il pagamento, accedere al link:\u00a0<a href=\"https:\/\/pagopa.regione.calabria.it\/home\">https:\/\/pagopa.regione.calabria.it\/home<\/a><\/p>\n","protected":false},"excerpt":{"rendered":"<p>Il Comune di Reggio Calabria avvisa i cittadini interessati che a partire dal 3 agosto 2026, con l\u2019entrata in vigore del Regolamento UE 2019\/1157, la carta d\u2019identit\u00e0 cartacea cesser\u00e0 di&hellip;<\/p>\n","protected":false},"author":5,"featured_media":94595,"comment_status":"closed","ping_status":"open","sticky":false,"template":"","format":"standard","meta":{"_jetpack_memberships_contains_paid_content":false,"footnotes":"","jetpack_publicize_message":"","jetpack_publicize_feature_enabled":true,"jetpack_social_post_already_shared":true,"jetpack_social_options":{"image_generator_settings":{"template":"highway","default_image_id":0,"font":"","enabled":false},"version":2}},"categories":[921,196,140],"tags":[3383,42230,9778,8233,53283],"class_list":["post-94594","post","type-post","status-publish","format-standard","has-post-thumbnail","hentry","category-home","category-news","category-reggio-calabria","tag-calendario","tag-carta-didentita-elettronica","tag-comune-di-reggio","tag-open-day","tag-sostituzione-carta-didentita-cartacea"],"yoast_head":"<!-- This site is optimized with the Yoast SEO plugin v27.2 - https:\/\/yoast.com\/product\/yoast-seo-wordpress\/ -->\n<title>Reggio: Open Day per sostituzione carta d\u2019identit\u00e0 con l&#039;elettronica<\/title>\n<meta name=\"description\" content=\"Il Comune avvisa i cittadini che, dal 3 agosto, sar\u00e0 possibile la sostituzione. Ecco il calendario con tutte le info\" \/>\n<meta name=\"robots\" content=\"index, follow, max-snippet:-1, max-image-preview:large, max-video-preview:-1\" \/>\n<link rel=\"canonical\" href=\"https:\/\/progettotouring.it\/radiotouring104\/2026\/04\/30\/comune-di-reggio-torna-lopen-day-per-la-sostituzione-della-carta-didentita-cartacea-con-quella-elettronica\/\" \/>\n<meta property=\"og:locale\" content=\"it_IT\" \/>\n<meta property=\"og:type\" content=\"article\" \/>\n<meta property=\"og:title\" content=\"Reggio: Open Day per sostituzione carta d\u2019identit\u00e0 con l&#039;elettronica\" \/>\n<meta property=\"og:description\" content=\"Il Comune avvisa i cittadini che, dal 3 agosto, sar\u00e0 possibile la sostituzione. Ecco il calendario con tutte le info\" \/>\n<meta property=\"og:url\" content=\"https:\/\/progettotouring.it\/radiotouring104\/2026\/04\/30\/comune-di-reggio-torna-lopen-day-per-la-sostituzione-della-carta-didentita-cartacea-con-quella-elettronica\/\" \/>\n<meta property=\"og:site_name\" content=\"Radio Touring 104\" \/>\n<meta property=\"article:published_time\" content=\"2026-04-30T09:40:58+00:00\" \/>\n<meta property=\"article:modified_time\" content=\"2026-04-30T10:54:51+00:00\" \/>\n<meta property=\"og:image\" content=\"https:\/\/progettotouring.it\/radiotouring104\/wp-content\/uploads\/sites\/6\/2026\/04\/Carta-didentita-elettronica.jpg\" \/>\n\t<meta property=\"og:image:width\" content=\"555\" \/>\n\t<meta property=\"og:image:height\" content=\"330\" \/>\n\t<meta property=\"og:image:type\" content=\"image\/jpeg\" \/>\n<meta name=\"author\" content=\"redazione\" \/>\n<meta name=\"twitter:card\" content=\"summary_large_image\" \/>\n<meta name=\"twitter:label1\" content=\"Scritto da\" \/>\n\t<meta name=\"twitter:data1\" content=\"redazione\" \/>\n\t<meta name=\"twitter:label2\" content=\"Tempo di lettura stimato\" \/>\n\t<meta name=\"twitter:data2\" content=\"2 minuti\" \/>\n<script type=\"application\/ld+json\" class=\"yoast-schema-graph\">{\"@context\":\"https:\/\/schema.org\",\"@graph\":[{\"@type\":\"Article\",\"@id\":\"https:\/\/progettotouring.it\/radiotouring104\/2026\/04\/30\/comune-di-reggio-torna-lopen-day-per-la-sostituzione-della-carta-didentita-cartacea-con-quella-elettronica\/#article\",\"isPartOf\":{\"@id\":\"https:\/\/progettotouring.it\/radiotouring104\/2026\/04\/30\/comune-di-reggio-torna-lopen-day-per-la-sostituzione-della-carta-didentita-cartacea-con-quella-elettronica\/\"},\"author\":{\"name\":\"redazione\",\"@id\":\"https:\/\/progettotouring.it\/radiotouring104\/#\/schema\/person\/1b3eb3c07c47136bc44c785c543e635f\"},\"headline\":\"Comune di Reggio: torna l&#8217;Open Day per la sostituzione della Carta d&#8217;Identit\u00e0 cartacea con quella elettronica\",\"datePublished\":\"2026-04-30T09:40:58+00:00\",\"dateModified\":\"2026-04-30T10:54:51+00:00\",\"mainEntityOfPage\":{\"@id\":\"https:\/\/progettotouring.it\/radiotouring104\/2026\/04\/30\/comune-di-reggio-torna-lopen-day-per-la-sostituzione-della-carta-didentita-cartacea-con-quella-elettronica\/\"},\"wordCount\":418,\"publisher\":{\"@id\":\"https:\/\/progettotouring.it\/radiotouring104\/#organization\"},\"image\":{\"@id\":\"https:\/\/progettotouring.it\/radiotouring104\/2026\/04\/30\/comune-di-reggio-torna-lopen-day-per-la-sostituzione-della-carta-didentita-cartacea-con-quella-elettronica\/#primaryimage\"},\"thumbnailUrl\":\"https:\/\/progettotouring.it\/radiotouring104\/wp-content\/uploads\/sites\/6\/2026\/04\/Carta-didentita-elettronica.jpg\",\"keywords\":[\"Calendario\",\"Carta d\u2019identit\u00e0 elettronica\",\"Comune di Reggio\",\"open day\",\"sostituzione Carta d'Identit\u00e0 cartacea\"],\"articleSection\":[\"Home\",\"News\",\"Reggio Calabria\"],\"inLanguage\":\"it-IT\"},{\"@type\":\"WebPage\",\"@id\":\"https:\/\/progettotouring.it\/radiotouring104\/2026\/04\/30\/comune-di-reggio-torna-lopen-day-per-la-sostituzione-della-carta-didentita-cartacea-con-quella-elettronica\/\",\"url\":\"https:\/\/progettotouring.it\/radiotouring104\/2026\/04\/30\/comune-di-reggio-torna-lopen-day-per-la-sostituzione-della-carta-didentita-cartacea-con-quella-elettronica\/\",\"name\":\"Reggio: Open Day per sostituzione carta d\u2019identit\u00e0 con l'elettronica\",\"isPartOf\":{\"@id\":\"https:\/\/progettotouring.it\/radiotouring104\/#website\"},\"primaryImageOfPage\":{\"@id\":\"https:\/\/progettotouring.it\/radiotouring104\/2026\/04\/30\/comune-di-reggio-torna-lopen-day-per-la-sostituzione-della-carta-didentita-cartacea-con-quella-elettronica\/#primaryimage\"},\"image\":{\"@id\":\"https:\/\/progettotouring.it\/radiotouring104\/2026\/04\/30\/comune-di-reggio-torna-lopen-day-per-la-sostituzione-della-carta-didentita-cartacea-con-quella-elettronica\/#primaryimage\"},\"thumbnailUrl\":\"https:\/\/progettotouring.it\/radiotouring104\/wp-content\/uploads\/sites\/6\/2026\/04\/Carta-didentita-elettronica.jpg\",\"datePublished\":\"2026-04-30T09:40:58+00:00\",\"dateModified\":\"2026-04-30T10:54:51+00:00\",\"description\":\"Il Comune avvisa i cittadini che, dal 3 agosto, sar\u00e0 possibile la sostituzione. Ecco il calendario con tutte le info\",\"breadcrumb\":{\"@id\":\"https:\/\/progettotouring.it\/radiotouring104\/2026\/04\/30\/comune-di-reggio-torna-lopen-day-per-la-sostituzione-della-carta-didentita-cartacea-con-quella-elettronica\/#breadcrumb\"},\"inLanguage\":\"it-IT\",\"potentialAction\":[{\"@type\":\"ReadAction\",\"target\":[\"https:\/\/progettotouring.it\/radiotouring104\/2026\/04\/30\/comune-di-reggio-torna-lopen-day-per-la-sostituzione-della-carta-didentita-cartacea-con-quella-elettronica\/\"]}]},{\"@type\":\"ImageObject\",\"inLanguage\":\"it-IT\",\"@id\":\"https:\/\/progettotouring.it\/radiotouring104\/2026\/04\/30\/comune-di-reggio-torna-lopen-day-per-la-sostituzione-della-carta-didentita-cartacea-con-quella-elettronica\/#primaryimage\",\"url\":\"https:\/\/progettotouring.it\/radiotouring104\/wp-content\/uploads\/sites\/6\/2026\/04\/Carta-didentita-elettronica.jpg\",\"contentUrl\":\"https:\/\/progettotouring.it\/radiotouring104\/wp-content\/uploads\/sites\/6\/2026\/04\/Carta-didentita-elettronica.jpg\",\"width\":555,\"height\":330},{\"@type\":\"BreadcrumbList\",\"@id\":\"https:\/\/progettotouring.it\/radiotouring104\/2026\/04\/30\/comune-di-reggio-torna-lopen-day-per-la-sostituzione-della-carta-didentita-cartacea-con-quella-elettronica\/#breadcrumb\",\"itemListElement\":[{\"@type\":\"ListItem\",\"position\":1,\"name\":\"Home\",\"item\":\"https:\/\/progettotouring.it\/radiotouring104\/\"},{\"@type\":\"ListItem\",\"position\":2,\"name\":\"Comune di Reggio: torna l&#8217;Open Day per la sostituzione della Carta d&#8217;Identit\u00e0 cartacea con quella elettronica\"}]},{\"@type\":\"WebSite\",\"@id\":\"https:\/\/progettotouring.it\/radiotouring104\/#website\",\"url\":\"https:\/\/progettotouring.it\/radiotouring104\/\",\"name\":\"Radio Touring 104\",\"description\":\"La prima radio Reggina\",\"publisher\":{\"@id\":\"https:\/\/progettotouring.it\/radiotouring104\/#organization\"},\"potentialAction\":[{\"@type\":\"SearchAction\",\"target\":{\"@type\":\"EntryPoint\",\"urlTemplate\":\"https:\/\/progettotouring.it\/radiotouring104\/?s={search_term_string}\"},\"query-input\":{\"@type\":\"PropertyValueSpecification\",\"valueRequired\":true,\"valueName\":\"search_term_string\"}}],\"inLanguage\":\"it-IT\"},{\"@type\":\"Organization\",\"@id\":\"https:\/\/progettotouring.it\/radiotouring104\/#organization\",\"name\":\"Radio Touring 104\",\"url\":\"https:\/\/progettotouring.it\/radiotouring104\/\",\"logo\":{\"@type\":\"ImageObject\",\"inLanguage\":\"it-IT\",\"@id\":\"https:\/\/progettotouring.it\/radiotouring104\/#\/schema\/logo\/image\/\",\"url\":\"https:\/\/progettotouring.it\/radiotouring104\/wp-content\/uploads\/sites\/6\/2022\/02\/cropped-logo-radio-touring-104.png\",\"contentUrl\":\"https:\/\/progettotouring.it\/radiotouring104\/wp-content\/uploads\/sites\/6\/2022\/02\/cropped-logo-radio-touring-104.png\",\"width\":377,\"height\":182,\"caption\":\"Radio Touring 104\"},\"image\":{\"@id\":\"https:\/\/progettotouring.it\/radiotouring104\/#\/schema\/logo\/image\/\"}},{\"@type\":\"Person\",\"@id\":\"https:\/\/progettotouring.it\/radiotouring104\/#\/schema\/person\/1b3eb3c07c47136bc44c785c543e635f\",\"name\":\"redazione\",\"image\":{\"@type\":\"ImageObject\",\"inLanguage\":\"it-IT\",\"@id\":\"https:\/\/secure.gravatar.com\/avatar\/0b31605b49f100769e8b624b3e05de1b73e1692e9568a352f60f53fd072e6e11?s=96&d=mm&r=g\",\"url\":\"https:\/\/secure.gravatar.com\/avatar\/0b31605b49f100769e8b624b3e05de1b73e1692e9568a352f60f53fd072e6e11?s=96&d=mm&r=g\",\"contentUrl\":\"https:\/\/secure.gravatar.com\/avatar\/0b31605b49f100769e8b624b3e05de1b73e1692e9568a352f60f53fd072e6e11?s=96&d=mm&r=g\",\"caption\":\"redazione\"},\"url\":\"https:\/\/progettotouring.it\/radiotouring104\/author\/redazione\/\"}]}<\/script>\n<!-- \/ Yoast SEO plugin. -->","yoast_head_json":{"title":"Reggio: Open Day per sostituzione carta d\u2019identit\u00e0 con l'elettronica","description":"Il Comune avvisa i cittadini che, dal 3 agosto, sar\u00e0 possibile la sostituzione. Ecco il calendario con tutte le info","robots":{"index":"index","follow":"follow","max-snippet":"max-snippet:-1","max-image-preview":"max-image-preview:large","max-video-preview":"max-video-preview:-1"},"canonical":"https:\/\/progettotouring.it\/radiotouring104\/2026\/04\/30\/comune-di-reggio-torna-lopen-day-per-la-sostituzione-della-carta-didentita-cartacea-con-quella-elettronica\/","og_locale":"it_IT","og_type":"article","og_title":"Reggio: Open Day per sostituzione carta d\u2019identit\u00e0 con l'elettronica","og_description":"Il Comune avvisa i cittadini che, dal 3 agosto, sar\u00e0 possibile la sostituzione. Ecco il calendario con tutte le info","og_url":"https:\/\/progettotouring.it\/radiotouring104\/2026\/04\/30\/comune-di-reggio-torna-lopen-day-per-la-sostituzione-della-carta-didentita-cartacea-con-quella-elettronica\/","og_site_name":"Radio Touring 104","article_published_time":"2026-04-30T09:40:58+00:00","article_modified_time":"2026-04-30T10:54:51+00:00","og_image":[{"width":555,"height":330,"url":"https:\/\/progettotouring.it\/radiotouring104\/wp-content\/uploads\/sites\/6\/2026\/04\/Carta-didentita-elettronica.jpg","type":"image\/jpeg"}],"author":"redazione","twitter_card":"summary_large_image","twitter_misc":{"Scritto da":"redazione","Tempo di lettura stimato":"2 minuti"},"schema":{"@context":"https:\/\/schema.org","@graph":[{"@type":"Article","@id":"https:\/\/progettotouring.it\/radiotouring104\/2026\/04\/30\/comune-di-reggio-torna-lopen-day-per-la-sostituzione-della-carta-didentita-cartacea-con-quella-elettronica\/#article","isPartOf":{"@id":"https:\/\/progettotouring.it\/radiotouring104\/2026\/04\/30\/comune-di-reggio-torna-lopen-day-per-la-sostituzione-della-carta-didentita-cartacea-con-quella-elettronica\/"},"author":{"name":"redazione","@id":"https:\/\/progettotouring.it\/radiotouring104\/#\/schema\/person\/1b3eb3c07c47136bc44c785c543e635f"},"headline":"Comune di Reggio: torna l&#8217;Open Day per la sostituzione della Carta d&#8217;Identit\u00e0 cartacea con quella elettronica","datePublished":"2026-04-30T09:40:58+00:00","dateModified":"2026-04-30T10:54:51+00:00","mainEntityOfPage":{"@id":"https:\/\/progettotouring.it\/radiotouring104\/2026\/04\/30\/comune-di-reggio-torna-lopen-day-per-la-sostituzione-della-carta-didentita-cartacea-con-quella-elettronica\/"},"wordCount":418,"publisher":{"@id":"https:\/\/progettotouring.it\/radiotouring104\/#organization"},"image":{"@id":"https:\/\/progettotouring.it\/radiotouring104\/2026\/04\/30\/comune-di-reggio-torna-lopen-day-per-la-sostituzione-della-carta-didentita-cartacea-con-quella-elettronica\/#primaryimage"},"thumbnailUrl":"https:\/\/progettotouring.it\/radiotouring104\/wp-content\/uploads\/sites\/6\/2026\/04\/Carta-didentita-elettronica.jpg","keywords":["Calendario","Carta d\u2019identit\u00e0 elettronica","Comune di Reggio","open day","sostituzione Carta d'Identit\u00e0 cartacea"],"articleSection":["Home","News","Reggio Calabria"],"inLanguage":"it-IT"},{"@type":"WebPage","@id":"https:\/\/progettotouring.it\/radiotouring104\/2026\/04\/30\/comune-di-reggio-torna-lopen-day-per-la-sostituzione-della-carta-didentita-cartacea-con-quella-elettronica\/","url":"https:\/\/progettotouring.it\/radiotouring104\/2026\/04\/30\/comune-di-reggio-torna-lopen-day-per-la-sostituzione-della-carta-didentita-cartacea-con-quella-elettronica\/","name":"Reggio: Open Day per sostituzione carta d\u2019identit\u00e0 con l'elettronica","isPartOf":{"@id":"https:\/\/progettotouring.it\/radiotouring104\/#website"},"primaryImageOfPage":{"@id":"https:\/\/progettotouring.it\/radiotouring104\/2026\/04\/30\/comune-di-reggio-torna-lopen-day-per-la-sostituzione-della-carta-didentita-cartacea-con-quella-elettronica\/#primaryimage"},"image":{"@id":"https:\/\/progettotouring.it\/radiotouring104\/2026\/04\/30\/comune-di-reggio-torna-lopen-day-per-la-sostituzione-della-carta-didentita-cartacea-con-quella-elettronica\/#primaryimage"},"thumbnailUrl":"https:\/\/progettotouring.it\/radiotouring104\/wp-content\/uploads\/sites\/6\/2026\/04\/Carta-didentita-elettronica.jpg","datePublished":"2026-04-30T09:40:58+00:00","dateModified":"2026-04-30T10:54:51+00:00","description":"Il Comune avvisa i cittadini che, dal 3 agosto, sar\u00e0 possibile la sostituzione. Ecco il calendario con tutte le info","breadcrumb":{"@id":"https:\/\/progettotouring.it\/radiotouring104\/2026\/04\/30\/comune-di-reggio-torna-lopen-day-per-la-sostituzione-della-carta-didentita-cartacea-con-quella-elettronica\/#breadcrumb"},"inLanguage":"it-IT","potentialAction":[{"@type":"ReadAction","target":["https:\/\/progettotouring.it\/radiotouring104\/2026\/04\/30\/comune-di-reggio-torna-lopen-day-per-la-sostituzione-della-carta-didentita-cartacea-con-quella-elettronica\/"]}]},{"@type":"ImageObject","inLanguage":"it-IT","@id":"https:\/\/progettotouring.it\/radiotouring104\/2026\/04\/30\/comune-di-reggio-torna-lopen-day-per-la-sostituzione-della-carta-didentita-cartacea-con-quella-elettronica\/#primaryimage","url":"https:\/\/progettotouring.it\/radiotouring104\/wp-content\/uploads\/sites\/6\/2026\/04\/Carta-didentita-elettronica.jpg","contentUrl":"https:\/\/progettotouring.it\/radiotouring104\/wp-content\/uploads\/sites\/6\/2026\/04\/Carta-didentita-elettronica.jpg","width":555,"height":330},{"@type":"BreadcrumbList","@id":"https:\/\/progettotouring.it\/radiotouring104\/2026\/04\/30\/comune-di-reggio-torna-lopen-day-per-la-sostituzione-della-carta-didentita-cartacea-con-quella-elettronica\/#breadcrumb","itemListElement":[{"@type":"ListItem","position":1,"name":"Home","item":"https:\/\/progettotouring.it\/radiotouring104\/"},{"@type":"ListItem","position":2,"name":"Comune di Reggio: torna l&#8217;Open Day per la sostituzione della Carta d&#8217;Identit\u00e0 cartacea con quella elettronica"}]},{"@type":"WebSite","@id":"https:\/\/progettotouring.it\/radiotouring104\/#website","url":"https:\/\/progettotouring.it\/radiotouring104\/","name":"Radio Touring 104","description":"La prima radio Reggina","publisher":{"@id":"https:\/\/progettotouring.it\/radiotouring104\/#organization"},"potentialAction":[{"@type":"SearchAction","target":{"@type":"EntryPoint","urlTemplate":"https:\/\/progettotouring.it\/radiotouring104\/?s={search_term_string}"},"query-input":{"@type":"PropertyValueSpecification","valueRequired":true,"valueName":"search_term_string"}}],"inLanguage":"it-IT"},{"@type":"Organization","@id":"https:\/\/progettotouring.it\/radiotouring104\/#organization","name":"Radio Touring 104","url":"https:\/\/progettotouring.it\/radiotouring104\/","logo":{"@type":"ImageObject","inLanguage":"it-IT","@id":"https:\/\/progettotouring.it\/radiotouring104\/#\/schema\/logo\/image\/","url":"https:\/\/progettotouring.it\/radiotouring104\/wp-content\/uploads\/sites\/6\/2022\/02\/cropped-logo-radio-touring-104.png","contentUrl":"https:\/\/progettotouring.it\/radiotouring104\/wp-content\/uploads\/sites\/6\/2022\/02\/cropped-logo-radio-touring-104.png","width":377,"height":182,"caption":"Radio Touring 104"},"image":{"@id":"https:\/\/progettotouring.it\/radiotouring104\/#\/schema\/logo\/image\/"}},{"@type":"Person","@id":"https:\/\/progettotouring.it\/radiotouring104\/#\/schema\/person\/1b3eb3c07c47136bc44c785c543e635f","name":"redazione","image":{"@type":"ImageObject","inLanguage":"it-IT","@id":"https:\/\/secure.gravatar.com\/avatar\/0b31605b49f100769e8b624b3e05de1b73e1692e9568a352f60f53fd072e6e11?s=96&d=mm&r=g","url":"https:\/\/secure.gravatar.com\/avatar\/0b31605b49f100769e8b624b3e05de1b73e1692e9568a352f60f53fd072e6e11?s=96&d=mm&r=g","contentUrl":"https:\/\/secure.gravatar.com\/avatar\/0b31605b49f100769e8b624b3e05de1b73e1692e9568a352f60f53fd072e6e11?s=96&d=mm&r=g","caption":"redazione"},"url":"https:\/\/progettotouring.it\/radiotouring104\/author\/redazione\/"}]}},"jetpack_publicize_connections":[],"jetpack_featured_media_url":"https:\/\/progettotouring.it\/radiotouring104\/wp-content\/uploads\/sites\/6\/2026\/04\/Carta-didentita-elettronica.jpg","jetpack_sharing_enabled":true,"_links":{"self":[{"href":"https:\/\/progettotouring.it\/radiotouring104\/wp-json\/wp\/v2\/posts\/94594","targetHints":{"allow":["GET"]}}],"collection":[{"href":"https:\/\/progettotouring.it\/radiotouring104\/wp-json\/wp\/v2\/posts"}],"about":[{"href":"https:\/\/progettotouring.it\/radiotouring104\/wp-json\/wp\/v2\/types\/post"}],"author":[{"embeddable":true,"href":"https:\/\/progettotouring.it\/radiotouring104\/wp-json\/wp\/v2\/users\/5"}],"replies":[{"embeddable":true,"href":"https:\/\/progettotouring.it\/radiotouring104\/wp-json\/wp\/v2\/comments?post=94594"}],"version-history":[{"count":1,"href":"https:\/\/progettotouring.it\/radiotouring104\/wp-json\/wp\/v2\/posts\/94594\/revisions"}],"predecessor-version":[{"id":94596,"href":"https:\/\/progettotouring.it\/radiotouring104\/wp-json\/wp\/v2\/posts\/94594\/revisions\/94596"}],"wp:featuredmedia":[{"embeddable":true,"href":"https:\/\/progettotouring.it\/radiotouring104\/wp-json\/wp\/v2\/media\/94595"}],"wp:attachment":[{"href":"https:\/\/progettotouring.it\/radiotouring104\/wp-json\/wp\/v2\/media?parent=94594"}],"wp:term":[{"taxonomy":"category","embeddable":true,"href":"https:\/\/progettotouring.it\/radiotouring104\/wp-json\/wp\/v2\/categories?post=94594"},{"taxonomy":"post_tag","embeddable":true,"href":"https:\/\/progettotouring.it\/radiotouring104\/wp-json\/wp\/v2\/tags?post=94594"}],"curies":[{"name":"wp","href":"https:\/\/api.w.org\/{rel}","templated":true}]}}