{"id":94606,"date":"2026-04-30T12:19:11","date_gmt":"2026-04-30T10:19:11","guid":{"rendered":"https:\/\/progettotouring.it\/radiotouring104\/?p=94606"},"modified":"2026-04-30T12:54:36","modified_gmt":"2026-04-30T10:54:36","slug":"arghilla-inaugurato-il-nuovo-impianto-sportivo-di-modenelle","status":"publish","type":"post","link":"https:\/\/progettotouring.it\/radiotouring104\/2026\/04\/30\/arghilla-inaugurato-il-nuovo-impianto-sportivo-di-modenelle\/","title":{"rendered":"Arghill\u00e0: inaugurato il nuovo impianto sportivo di Modenelle"},"content":{"rendered":"<p style=\"margin: 0cm;margin-bottom: .0001pt;background: white\"><span style=\"color: #222222\">Un nuovo impianto sportivo polivalente a Modenelle di Arghill\u00e0, al servizio di tutta la comunit\u00e0 e intitolato a Dod\u00f2 Berlingeri, un giovane prematuramente scomparso. Si tratta di un ulteriore intervento di riqualificazione del Progetto Fata comunit\u00e0, finanziato dalla chiesa Valdese, coordinato dal consorzio Ecolandia, in cui il Comune di Reggio Calabria \u00e8 il principale partner istituzionale.<\/span><\/p>\n<p>&nbsp;<\/p>\n<p style=\"margin: 0cm;margin-bottom: .0001pt;background: white\"><span style=\"color: #222222\">Tra le autorit\u00e0 civili e militari, a tagliare il nastro del nuovo impianto \u00e8 stato il sindaco facente funzioni di Reggio Calabria, Domenico Battaglia con la mamma di Dod\u00f2, Simonetta Berlingeri; poi, sempre al primo cittadino, \u00e8 toccato il primo lancio della palla a spicchi insieme ai giovanissimi del quartiere. A seguire l&#8217;evento \u201cLa partita di Arghill\u00e0 per costruire comunit\u00e0\u201d col calcio d&#8217;inizio del procuratore Stefano Musolino. Dalla responsabile del progetto Laura Cirella l&#8217;annuncio di importanti novit\u00e0 che si svilupperanno nelle prossime settimane.<\/span><\/p>\n<p>&nbsp;<\/p>\n<p style=\"margin: 0cm;margin-bottom: .0001pt;background: white\"><span style=\"color: #222222\">Nel suo intervento il sindaco Battaglia ha parlato del campo come di \u00abuno spazio completamente riqualificato, restituito al quartiere, ai bambini, ai ragazzi, alle famiglie. Un luogo che torna a vivere e che diventa simbolo di rinascita urbana, inclusione sociale e investimento sul futuro di questa comunit\u00e0. Come Amministrazione abbiamo cercato di tenere fede a una promessa: nessun territorio \u00e8 destinato al degrado quando le istituzioni, il terzo settore e la comunit\u00e0 scelgono di muoversi insieme. Per questo voglio ringraziare il Consorzio Ecolandia, la Chiesa Valdese, il CSI Reggio Calabria e tutti i partner del progetto F.A.T.A. Comunit\u00e0: ACE Medicina Solidale, Azimut, ASD Arghill\u00e0, il Coordinamento di Quartiere, Fare Eco e la cooperativa sociale Rom 1995. Un\u2019alleanza vera che dimostra che nessuno da solo pu\u00f2 affrontare sfide cos\u00ec complesse. Oggi questo luogo assume un significato ancora pi\u00f9 profondo perch\u00e9 viene dedicato alla memoria di \u201cDod\u00f2\u201d, una scelta collettiva che trasforma questo spazio in un presidio di memoria, legalit\u00e0 e speranza. Ma il lavoro non finisce oggi. A fine maggio partir\u00e0 la realizzazione di altri cinque nuovi murales nel quartiere, finanziati attraverso il PON Metro. Un ulteriore intervento di rigenerazione urbana e culturale che contribuir\u00e0 a rendere Arghill\u00e0 sempre pi\u00f9 viva, bella e partecipata.<br \/>\n<\/span><\/p>\n<p>&nbsp;<\/p>\n<p style=\"margin: 0cm;margin-bottom: .0001pt;background: white\"><span style=\"color: #222222\">Inoltre il Comune di Reggio Calabria ha ottenuto un importante finanziamento nell\u2019ambito del programma Partecipo, a valere sui fondi FSE e FESR: quasi un milione e ottocentomila euro destinati esclusivamente ad Arghill\u00e0 per rafforzare le politiche sociali, attraverso un percorso di coprogettazione con il terzo settore. A ci\u00f2 si aggiunge il Polo di Prossimit\u00e0 diventer\u00e0 la porta di accesso alle politiche sociali del quartiere: un punto di riferimento stabile per le famiglie, per i giovani, per chi vive condizioni di fragilit\u00e0 e ha bisogno di opportunit\u00e0, ascolto e sostegno.<br \/>\nQuesto \u00e8 il modello che vogliamo portare avanti: presenza delle istituzioni, partecipazione della comunit\u00e0, ascolto dei cittadini e costruzione condivisa del futuro\u00bb ha concluso il sindaco.<\/span><\/p>\n<p>&nbsp;<\/p>\n","protected":false},"excerpt":{"rendered":"<p>Un nuovo impianto sportivo polivalente a Modenelle di Arghill\u00e0, al servizio di tutta la comunit\u00e0 e intitolato a Dod\u00f2 Berlingeri, un giovane prematuramente scomparso. Si tratta di un ulteriore intervento&hellip;<\/p>\n","protected":false},"author":5,"featured_media":94607,"comment_status":"closed","ping_status":"open","sticky":false,"template":"","format":"standard","meta":{"_jetpack_memberships_contains_paid_content":false,"footnotes":"","jetpack_publicize_message":"","jetpack_publicize_feature_enabled":true,"jetpack_social_post_already_shared":true,"jetpack_social_options":{"image_generator_settings":{"template":"highway","default_image_id":0,"font":"","enabled":false},"version":2}},"categories":[921,196,140],"tags":[53293,990,53292,3121,7577],"class_list":["post-94606","post","type-post","status-publish","format-standard","has-post-thumbnail","hentry","category-home","category-news","category-reggio-calabria","tag-5-nuovi-murales","tag-arghilla","tag-impianto-sportivo-di-modenelle","tag-inaugurazione","tag-mimmo-battaglia"],"yoast_head":"<!-- This site is optimized with the Yoast SEO plugin v27.2 - https:\/\/yoast.com\/product\/yoast-seo-wordpress\/ -->\n<title>Arghill\u00e0: inaugurato il nuovo impianto sportivo di Modenelle<\/title>\n<meta name=\"description\" content=\"\u00abUn nuovo simbolo di rinascita per Arghill\u00e0\u00bb, dichiara il Sindaco Battaglia, annunciando la realizzazione di altri cinque nuovi murales\" \/>\n<meta name=\"robots\" content=\"index, follow, max-snippet:-1, max-image-preview:large, max-video-preview:-1\" \/>\n<link rel=\"canonical\" href=\"https:\/\/progettotouring.it\/radiotouring104\/2026\/04\/30\/arghilla-inaugurato-il-nuovo-impianto-sportivo-di-modenelle\/\" \/>\n<meta property=\"og:locale\" content=\"it_IT\" \/>\n<meta property=\"og:type\" content=\"article\" \/>\n<meta property=\"og:title\" content=\"Arghill\u00e0: inaugurato il nuovo impianto sportivo di Modenelle\" \/>\n<meta property=\"og:description\" content=\"\u00abUn nuovo simbolo di rinascita per Arghill\u00e0\u00bb, dichiara il Sindaco Battaglia, annunciando la realizzazione di altri cinque nuovi murales\" \/>\n<meta property=\"og:url\" content=\"https:\/\/progettotouring.it\/radiotouring104\/2026\/04\/30\/arghilla-inaugurato-il-nuovo-impianto-sportivo-di-modenelle\/\" \/>\n<meta property=\"og:site_name\" content=\"Radio Touring 104\" \/>\n<meta property=\"article:published_time\" content=\"2026-04-30T10:19:11+00:00\" \/>\n<meta property=\"article:modified_time\" content=\"2026-04-30T10:54:36+00:00\" \/>\n<meta property=\"og:image\" content=\"https:\/\/progettotouring.it\/radiotouring104\/wp-content\/uploads\/sites\/6\/2026\/04\/Campo-Arghilla-Battaglia.jpg\" \/>\n\t<meta property=\"og:image:width\" content=\"2048\" \/>\n\t<meta property=\"og:image:height\" content=\"1536\" \/>\n\t<meta property=\"og:image:type\" content=\"image\/jpeg\" \/>\n<meta name=\"author\" content=\"redazione\" \/>\n<meta name=\"twitter:card\" content=\"summary_large_image\" \/>\n<meta name=\"twitter:label1\" content=\"Scritto da\" \/>\n\t<meta name=\"twitter:data1\" content=\"redazione\" \/>\n\t<meta name=\"twitter:label2\" content=\"Tempo di lettura stimato\" \/>\n\t<meta name=\"twitter:data2\" content=\"2 minuti\" \/>\n<script type=\"application\/ld+json\" class=\"yoast-schema-graph\">{\"@context\":\"https:\/\/schema.org\",\"@graph\":[{\"@type\":\"Article\",\"@id\":\"https:\/\/progettotouring.it\/radiotouring104\/2026\/04\/30\/arghilla-inaugurato-il-nuovo-impianto-sportivo-di-modenelle\/#article\",\"isPartOf\":{\"@id\":\"https:\/\/progettotouring.it\/radiotouring104\/2026\/04\/30\/arghilla-inaugurato-il-nuovo-impianto-sportivo-di-modenelle\/\"},\"author\":{\"name\":\"redazione\",\"@id\":\"https:\/\/progettotouring.it\/radiotouring104\/#\/schema\/person\/1b3eb3c07c47136bc44c785c543e635f\"},\"headline\":\"Arghill\u00e0: inaugurato il nuovo impianto sportivo di Modenelle\",\"datePublished\":\"2026-04-30T10:19:11+00:00\",\"dateModified\":\"2026-04-30T10:54:36+00:00\",\"mainEntityOfPage\":{\"@id\":\"https:\/\/progettotouring.it\/radiotouring104\/2026\/04\/30\/arghilla-inaugurato-il-nuovo-impianto-sportivo-di-modenelle\/\"},\"wordCount\":468,\"publisher\":{\"@id\":\"https:\/\/progettotouring.it\/radiotouring104\/#organization\"},\"image\":{\"@id\":\"https:\/\/progettotouring.it\/radiotouring104\/2026\/04\/30\/arghilla-inaugurato-il-nuovo-impianto-sportivo-di-modenelle\/#primaryimage\"},\"thumbnailUrl\":\"https:\/\/progettotouring.it\/radiotouring104\/wp-content\/uploads\/sites\/6\/2026\/04\/Campo-Arghilla-Battaglia.jpg\",\"keywords\":[\"5 nuovi murales\",\"Arghill\u00e0\",\"impianto sportivo di Modenelle\",\"inaugurazione\",\"Mimmo Battaglia\"],\"articleSection\":[\"Home\",\"News\",\"Reggio Calabria\"],\"inLanguage\":\"it-IT\"},{\"@type\":\"WebPage\",\"@id\":\"https:\/\/progettotouring.it\/radiotouring104\/2026\/04\/30\/arghilla-inaugurato-il-nuovo-impianto-sportivo-di-modenelle\/\",\"url\":\"https:\/\/progettotouring.it\/radiotouring104\/2026\/04\/30\/arghilla-inaugurato-il-nuovo-impianto-sportivo-di-modenelle\/\",\"name\":\"Arghill\u00e0: inaugurato il nuovo impianto sportivo di Modenelle\",\"isPartOf\":{\"@id\":\"https:\/\/progettotouring.it\/radiotouring104\/#website\"},\"primaryImageOfPage\":{\"@id\":\"https:\/\/progettotouring.it\/radiotouring104\/2026\/04\/30\/arghilla-inaugurato-il-nuovo-impianto-sportivo-di-modenelle\/#primaryimage\"},\"image\":{\"@id\":\"https:\/\/progettotouring.it\/radiotouring104\/2026\/04\/30\/arghilla-inaugurato-il-nuovo-impianto-sportivo-di-modenelle\/#primaryimage\"},\"thumbnailUrl\":\"https:\/\/progettotouring.it\/radiotouring104\/wp-content\/uploads\/sites\/6\/2026\/04\/Campo-Arghilla-Battaglia.jpg\",\"datePublished\":\"2026-04-30T10:19:11+00:00\",\"dateModified\":\"2026-04-30T10:54:36+00:00\",\"description\":\"\u00abUn nuovo simbolo di rinascita per Arghill\u00e0\u00bb, dichiara il Sindaco Battaglia, annunciando la realizzazione di altri cinque nuovi murales\",\"breadcrumb\":{\"@id\":\"https:\/\/progettotouring.it\/radiotouring104\/2026\/04\/30\/arghilla-inaugurato-il-nuovo-impianto-sportivo-di-modenelle\/#breadcrumb\"},\"inLanguage\":\"it-IT\",\"potentialAction\":[{\"@type\":\"ReadAction\",\"target\":[\"https:\/\/progettotouring.it\/radiotouring104\/2026\/04\/30\/arghilla-inaugurato-il-nuovo-impianto-sportivo-di-modenelle\/\"]}]},{\"@type\":\"ImageObject\",\"inLanguage\":\"it-IT\",\"@id\":\"https:\/\/progettotouring.it\/radiotouring104\/2026\/04\/30\/arghilla-inaugurato-il-nuovo-impianto-sportivo-di-modenelle\/#primaryimage\",\"url\":\"https:\/\/progettotouring.it\/radiotouring104\/wp-content\/uploads\/sites\/6\/2026\/04\/Campo-Arghilla-Battaglia.jpg\",\"contentUrl\":\"https:\/\/progettotouring.it\/radiotouring104\/wp-content\/uploads\/sites\/6\/2026\/04\/Campo-Arghilla-Battaglia.jpg\",\"width\":2048,\"height\":1536},{\"@type\":\"BreadcrumbList\",\"@id\":\"https:\/\/progettotouring.it\/radiotouring104\/2026\/04\/30\/arghilla-inaugurato-il-nuovo-impianto-sportivo-di-modenelle\/#breadcrumb\",\"itemListElement\":[{\"@type\":\"ListItem\",\"position\":1,\"name\":\"Home\",\"item\":\"https:\/\/progettotouring.it\/radiotouring104\/\"},{\"@type\":\"ListItem\",\"position\":2,\"name\":\"Arghill\u00e0: inaugurato il nuovo impianto sportivo di Modenelle\"}]},{\"@type\":\"WebSite\",\"@id\":\"https:\/\/progettotouring.it\/radiotouring104\/#website\",\"url\":\"https:\/\/progettotouring.it\/radiotouring104\/\",\"name\":\"Radio Touring 104\",\"description\":\"La prima radio Reggina\",\"publisher\":{\"@id\":\"https:\/\/progettotouring.it\/radiotouring104\/#organization\"},\"potentialAction\":[{\"@type\":\"SearchAction\",\"target\":{\"@type\":\"EntryPoint\",\"urlTemplate\":\"https:\/\/progettotouring.it\/radiotouring104\/?s={search_term_string}\"},\"query-input\":{\"@type\":\"PropertyValueSpecification\",\"valueRequired\":true,\"valueName\":\"search_term_string\"}}],\"inLanguage\":\"it-IT\"},{\"@type\":\"Organization\",\"@id\":\"https:\/\/progettotouring.it\/radiotouring104\/#organization\",\"name\":\"Radio Touring 104\",\"url\":\"https:\/\/progettotouring.it\/radiotouring104\/\",\"logo\":{\"@type\":\"ImageObject\",\"inLanguage\":\"it-IT\",\"@id\":\"https:\/\/progettotouring.it\/radiotouring104\/#\/schema\/logo\/image\/\",\"url\":\"https:\/\/progettotouring.it\/radiotouring104\/wp-content\/uploads\/sites\/6\/2022\/02\/cropped-logo-radio-touring-104.png\",\"contentUrl\":\"https:\/\/progettotouring.it\/radiotouring104\/wp-content\/uploads\/sites\/6\/2022\/02\/cropped-logo-radio-touring-104.png\",\"width\":377,\"height\":182,\"caption\":\"Radio Touring 104\"},\"image\":{\"@id\":\"https:\/\/progettotouring.it\/radiotouring104\/#\/schema\/logo\/image\/\"}},{\"@type\":\"Person\",\"@id\":\"https:\/\/progettotouring.it\/radiotouring104\/#\/schema\/person\/1b3eb3c07c47136bc44c785c543e635f\",\"name\":\"redazione\",\"image\":{\"@type\":\"ImageObject\",\"inLanguage\":\"it-IT\",\"@id\":\"https:\/\/secure.gravatar.com\/avatar\/0b31605b49f100769e8b624b3e05de1b73e1692e9568a352f60f53fd072e6e11?s=96&d=mm&r=g\",\"url\":\"https:\/\/secure.gravatar.com\/avatar\/0b31605b49f100769e8b624b3e05de1b73e1692e9568a352f60f53fd072e6e11?s=96&d=mm&r=g\",\"contentUrl\":\"https:\/\/secure.gravatar.com\/avatar\/0b31605b49f100769e8b624b3e05de1b73e1692e9568a352f60f53fd072e6e11?s=96&d=mm&r=g\",\"caption\":\"redazione\"},\"url\":\"https:\/\/progettotouring.it\/radiotouring104\/author\/redazione\/\"}]}<\/script>\n<!-- \/ Yoast SEO plugin. -->","yoast_head_json":{"title":"Arghill\u00e0: inaugurato il nuovo impianto sportivo di Modenelle","description":"\u00abUn nuovo simbolo di rinascita per Arghill\u00e0\u00bb, dichiara il Sindaco Battaglia, annunciando la realizzazione di altri cinque nuovi murales","robots":{"index":"index","follow":"follow","max-snippet":"max-snippet:-1","max-image-preview":"max-image-preview:large","max-video-preview":"max-video-preview:-1"},"canonical":"https:\/\/progettotouring.it\/radiotouring104\/2026\/04\/30\/arghilla-inaugurato-il-nuovo-impianto-sportivo-di-modenelle\/","og_locale":"it_IT","og_type":"article","og_title":"Arghill\u00e0: inaugurato il nuovo impianto sportivo di Modenelle","og_description":"\u00abUn nuovo simbolo di rinascita per Arghill\u00e0\u00bb, dichiara il Sindaco Battaglia, annunciando la realizzazione di altri cinque nuovi murales","og_url":"https:\/\/progettotouring.it\/radiotouring104\/2026\/04\/30\/arghilla-inaugurato-il-nuovo-impianto-sportivo-di-modenelle\/","og_site_name":"Radio Touring 104","article_published_time":"2026-04-30T10:19:11+00:00","article_modified_time":"2026-04-30T10:54:36+00:00","og_image":[{"width":2048,"height":1536,"url":"https:\/\/progettotouring.it\/radiotouring104\/wp-content\/uploads\/sites\/6\/2026\/04\/Campo-Arghilla-Battaglia.jpg","type":"image\/jpeg"}],"author":"redazione","twitter_card":"summary_large_image","twitter_misc":{"Scritto da":"redazione","Tempo di lettura stimato":"2 minuti"},"schema":{"@context":"https:\/\/schema.org","@graph":[{"@type":"Article","@id":"https:\/\/progettotouring.it\/radiotouring104\/2026\/04\/30\/arghilla-inaugurato-il-nuovo-impianto-sportivo-di-modenelle\/#article","isPartOf":{"@id":"https:\/\/progettotouring.it\/radiotouring104\/2026\/04\/30\/arghilla-inaugurato-il-nuovo-impianto-sportivo-di-modenelle\/"},"author":{"name":"redazione","@id":"https:\/\/progettotouring.it\/radiotouring104\/#\/schema\/person\/1b3eb3c07c47136bc44c785c543e635f"},"headline":"Arghill\u00e0: inaugurato il nuovo impianto sportivo di Modenelle","datePublished":"2026-04-30T10:19:11+00:00","dateModified":"2026-04-30T10:54:36+00:00","mainEntityOfPage":{"@id":"https:\/\/progettotouring.it\/radiotouring104\/2026\/04\/30\/arghilla-inaugurato-il-nuovo-impianto-sportivo-di-modenelle\/"},"wordCount":468,"publisher":{"@id":"https:\/\/progettotouring.it\/radiotouring104\/#organization"},"image":{"@id":"https:\/\/progettotouring.it\/radiotouring104\/2026\/04\/30\/arghilla-inaugurato-il-nuovo-impianto-sportivo-di-modenelle\/#primaryimage"},"thumbnailUrl":"https:\/\/progettotouring.it\/radiotouring104\/wp-content\/uploads\/sites\/6\/2026\/04\/Campo-Arghilla-Battaglia.jpg","keywords":["5 nuovi murales","Arghill\u00e0","impianto sportivo di Modenelle","inaugurazione","Mimmo Battaglia"],"articleSection":["Home","News","Reggio Calabria"],"inLanguage":"it-IT"},{"@type":"WebPage","@id":"https:\/\/progettotouring.it\/radiotouring104\/2026\/04\/30\/arghilla-inaugurato-il-nuovo-impianto-sportivo-di-modenelle\/","url":"https:\/\/progettotouring.it\/radiotouring104\/2026\/04\/30\/arghilla-inaugurato-il-nuovo-impianto-sportivo-di-modenelle\/","name":"Arghill\u00e0: inaugurato il nuovo impianto sportivo di Modenelle","isPartOf":{"@id":"https:\/\/progettotouring.it\/radiotouring104\/#website"},"primaryImageOfPage":{"@id":"https:\/\/progettotouring.it\/radiotouring104\/2026\/04\/30\/arghilla-inaugurato-il-nuovo-impianto-sportivo-di-modenelle\/#primaryimage"},"image":{"@id":"https:\/\/progettotouring.it\/radiotouring104\/2026\/04\/30\/arghilla-inaugurato-il-nuovo-impianto-sportivo-di-modenelle\/#primaryimage"},"thumbnailUrl":"https:\/\/progettotouring.it\/radiotouring104\/wp-content\/uploads\/sites\/6\/2026\/04\/Campo-Arghilla-Battaglia.jpg","datePublished":"2026-04-30T10:19:11+00:00","dateModified":"2026-04-30T10:54:36+00:00","description":"\u00abUn nuovo simbolo di rinascita per Arghill\u00e0\u00bb, dichiara il Sindaco Battaglia, annunciando la realizzazione di altri cinque nuovi murales","breadcrumb":{"@id":"https:\/\/progettotouring.it\/radiotouring104\/2026\/04\/30\/arghilla-inaugurato-il-nuovo-impianto-sportivo-di-modenelle\/#breadcrumb"},"inLanguage":"it-IT","potentialAction":[{"@type":"ReadAction","target":["https:\/\/progettotouring.it\/radiotouring104\/2026\/04\/30\/arghilla-inaugurato-il-nuovo-impianto-sportivo-di-modenelle\/"]}]},{"@type":"ImageObject","inLanguage":"it-IT","@id":"https:\/\/progettotouring.it\/radiotouring104\/2026\/04\/30\/arghilla-inaugurato-il-nuovo-impianto-sportivo-di-modenelle\/#primaryimage","url":"https:\/\/progettotouring.it\/radiotouring104\/wp-content\/uploads\/sites\/6\/2026\/04\/Campo-Arghilla-Battaglia.jpg","contentUrl":"https:\/\/progettotouring.it\/radiotouring104\/wp-content\/uploads\/sites\/6\/2026\/04\/Campo-Arghilla-Battaglia.jpg","width":2048,"height":1536},{"@type":"BreadcrumbList","@id":"https:\/\/progettotouring.it\/radiotouring104\/2026\/04\/30\/arghilla-inaugurato-il-nuovo-impianto-sportivo-di-modenelle\/#breadcrumb","itemListElement":[{"@type":"ListItem","position":1,"name":"Home","item":"https:\/\/progettotouring.it\/radiotouring104\/"},{"@type":"ListItem","position":2,"name":"Arghill\u00e0: inaugurato il nuovo impianto sportivo di Modenelle"}]},{"@type":"WebSite","@id":"https:\/\/progettotouring.it\/radiotouring104\/#website","url":"https:\/\/progettotouring.it\/radiotouring104\/","name":"Radio Touring 104","description":"La prima radio Reggina","publisher":{"@id":"https:\/\/progettotouring.it\/radiotouring104\/#organization"},"potentialAction":[{"@type":"SearchAction","target":{"@type":"EntryPoint","urlTemplate":"https:\/\/progettotouring.it\/radiotouring104\/?s={search_term_string}"},"query-input":{"@type":"PropertyValueSpecification","valueRequired":true,"valueName":"search_term_string"}}],"inLanguage":"it-IT"},{"@type":"Organization","@id":"https:\/\/progettotouring.it\/radiotouring104\/#organization","name":"Radio Touring 104","url":"https:\/\/progettotouring.it\/radiotouring104\/","logo":{"@type":"ImageObject","inLanguage":"it-IT","@id":"https:\/\/progettotouring.it\/radiotouring104\/#\/schema\/logo\/image\/","url":"https:\/\/progettotouring.it\/radiotouring104\/wp-content\/uploads\/sites\/6\/2022\/02\/cropped-logo-radio-touring-104.png","contentUrl":"https:\/\/progettotouring.it\/radiotouring104\/wp-content\/uploads\/sites\/6\/2022\/02\/cropped-logo-radio-touring-104.png","width":377,"height":182,"caption":"Radio Touring 104"},"image":{"@id":"https:\/\/progettotouring.it\/radiotouring104\/#\/schema\/logo\/image\/"}},{"@type":"Person","@id":"https:\/\/progettotouring.it\/radiotouring104\/#\/schema\/person\/1b3eb3c07c47136bc44c785c543e635f","name":"redazione","image":{"@type":"ImageObject","inLanguage":"it-IT","@id":"https:\/\/secure.gravatar.com\/avatar\/0b31605b49f100769e8b624b3e05de1b73e1692e9568a352f60f53fd072e6e11?s=96&d=mm&r=g","url":"https:\/\/secure.gravatar.com\/avatar\/0b31605b49f100769e8b624b3e05de1b73e1692e9568a352f60f53fd072e6e11?s=96&d=mm&r=g","contentUrl":"https:\/\/secure.gravatar.com\/avatar\/0b31605b49f100769e8b624b3e05de1b73e1692e9568a352f60f53fd072e6e11?s=96&d=mm&r=g","caption":"redazione"},"url":"https:\/\/progettotouring.it\/radiotouring104\/author\/redazione\/"}]}},"jetpack_publicize_connections":[],"jetpack_featured_media_url":"https:\/\/progettotouring.it\/radiotouring104\/wp-content\/uploads\/sites\/6\/2026\/04\/Campo-Arghilla-Battaglia.jpg","jetpack_sharing_enabled":true,"_links":{"self":[{"href":"https:\/\/progettotouring.it\/radiotouring104\/wp-json\/wp\/v2\/posts\/94606","targetHints":{"allow":["GET"]}}],"collection":[{"href":"https:\/\/progettotouring.it\/radiotouring104\/wp-json\/wp\/v2\/posts"}],"about":[{"href":"https:\/\/progettotouring.it\/radiotouring104\/wp-json\/wp\/v2\/types\/post"}],"author":[{"embeddable":true,"href":"https:\/\/progettotouring.it\/radiotouring104\/wp-json\/wp\/v2\/users\/5"}],"replies":[{"embeddable":true,"href":"https:\/\/progettotouring.it\/radiotouring104\/wp-json\/wp\/v2\/comments?post=94606"}],"version-history":[{"count":1,"href":"https:\/\/progettotouring.it\/radiotouring104\/wp-json\/wp\/v2\/posts\/94606\/revisions"}],"predecessor-version":[{"id":94608,"href":"https:\/\/progettotouring.it\/radiotouring104\/wp-json\/wp\/v2\/posts\/94606\/revisions\/94608"}],"wp:featuredmedia":[{"embeddable":true,"href":"https:\/\/progettotouring.it\/radiotouring104\/wp-json\/wp\/v2\/media\/94607"}],"wp:attachment":[{"href":"https:\/\/progettotouring.it\/radiotouring104\/wp-json\/wp\/v2\/media?parent=94606"}],"wp:term":[{"taxonomy":"category","embeddable":true,"href":"https:\/\/progettotouring.it\/radiotouring104\/wp-json\/wp\/v2\/categories?post=94606"},{"taxonomy":"post_tag","embeddable":true,"href":"https:\/\/progettotouring.it\/radiotouring104\/wp-json\/wp\/v2\/tags?post=94606"}],"curies":[{"name":"wp","href":"https:\/\/api.w.org\/{rel}","templated":true}]}}