{"id":94614,"date":"2026-04-30T12:32:20","date_gmt":"2026-04-30T10:32:20","guid":{"rendered":"https:\/\/progettotouring.it\/radiotouring104\/?p=94614"},"modified":"2026-04-30T12:54:26","modified_gmt":"2026-04-30T10:54:26","slug":"domotek-polimeni-carica-i-suoi-per-gara-2-della-semifinale-playoff","status":"publish","type":"post","link":"https:\/\/progettotouring.it\/radiotouring104\/2026\/04\/30\/domotek-polimeni-carica-i-suoi-per-gara-2-della-semifinale-playoff\/","title":{"rendered":"Domotek: Polimeni carica i suoi per Gara 2 della Semifinale Playoff"},"content":{"rendered":"<p>Dopo il secco 3-0 rifilato ad Acqui Terme sul campo di Valenza(AL), la Domotek Volley Reggio Calabria \u00e8 pronta a scrivere il secondo capitolo della semifinale playoff. Appuntamento al Palacalafiore per il return match in programma domani, 1 maggio, alle ore 20. E la carica di mister Antonio Polimeni \u00e8 gi\u00e0 alle stelle.<\/p>\n<p>La trasferta di Valenza \u00e8 stata archiviata nel migliore dei modi, ma la testa \u00e8 gi\u00e0 al ritorno. &#8220;Abbiamo ripreso gli allenamenti dopo due giorni di pausa \u2013 spiega Polimeni \u2013 e come giusto che sia, dopo una trasferta impegnativa anche dal punto di vista logistico come quella di Acqui Terme, abbiamo ripreso col solito entusiasmo, la solita grinta e la solita voglia di metterci ulteriormente in mostra, gi\u00e0 a partire dal marted\u00ec di allenamento&#8221;.<\/p>\n<p>A distanza di un anno, l&#8217;avversario \u00e8 cambiato? E la sua Domotek? &#8220;Le differenze maggiori sono dalla nostra parte \u2013 risponde Polimeni \u2013. Loro naturalmente hanno i loro effettivi punti di forza, giocatori importantissimi che sarebbero sicuramente titolari in qualsiasi altra squadra che vuole ambire alla A2. Petras, Botto, Argenta, Esposito sono giocatori veramente bravi. \u00c8 chiaro che hanno incontrato una Domotek che sin dall&#8217;inizio ha voluto mettere la testa avanti. A parte il secondo set in cui ci siamo fatti recuperare sul finire, \u00e8 stata una partita che abbiamo che, con concretezza, abbiamo dominato. Ed \u00e8 stata importantissima, perch\u00e9 ripeto: Acqui Terme \u00e8 una bella squadra, non \u00e8 un caso che ha eliminato squadre di caratura importante come Castellana e Gioia del Colle&#8221;.<\/p>\n<p>Sul vantaggio acquisito e sulla formula della serie, Polimeni non vuole sentir parlare di certezze. &#8220;Io penso che bisogna lottare come sempre, su ogni pallone. \u00c8 chiaro che c&#8217;\u00e8 un bel vantaggio, \u00e8 chiaro che si parte coi favori del pronostico, complice anche la formula, ma qui \u00e8 tutto \u201cimpronosticabile\u201d. Ogni squadra, ogni partita ha la sua storia.<\/p>\n<p>Noi dobbiamo scendere in campo come se fosse la prima partita. Dobbiamo dimenticare il risultato \u2013 non come l&#8217;abbiamo ottenuto \u2013 e sappiamo i loro punti di forza, ma anche i loro punti deboli. Dobbiamo andare sotto rete a fare la nostra partita, curandoci non del punteggio o del risultato, ma pensando come sempre alla prestazione. \u00c8 quello che poi ci ha sempre caratterizzato nelle partite che siamo riusciti a portare a termine&#8221;.<\/p>\n<p>Poco meno di una settimana fa, per Polimeni \u00e8 arrivato il prestigioso \u201cSan Giorgio d&#8217;Oro\u201d, la massima onorificenza del Comune di Reggio Calabria. Un riconoscimento che aggiunge responsabilit\u00e0, ma anche orgoglio. &#8220;Il San Giorgio d&#8217;Oro \u00e8 un grandissimo onore \u2013 commenta \u2013 e come sempre accade, l&#8217;onore \u00e8 anche una responsabilit\u00e0 aggiuntiva, maggiorata, che naturalmente mi tengo stretto. Va al di l\u00e0 dell&#8217;aspetto sportivo e racchiude il mio mondo, il mio modo di essere cittadino prima ancora che sportivo. Sognavo da bambino di poter essere premiato come identit\u00e0, come simbolo di questa citt\u00e0. Sono contento di averlo fatto in questo momento, in questo contesto, nella mia societ\u00e0, e di averlo fatto sicuramente grazie a tutti coloro che collaborano ogni giorno con noi. Senza di loro non ce l&#8217;avrei mai fatta. \u00c8 un aspetto che accomuna l&#8217;essere squadra, l&#8217;essere gruppo a prescindere dal campo&#8221;.<\/p>\n<p>Quanto ai complimenti ricevuti, Polimeni tiene i piedi per terra. &#8220;Lo sport ha la memoria corta. Noi ce li prendiamo come autostima, qualora ce ne fosse bisogno. I ragazzi meritano tantissimo per quello che hanno fatto in questa stagione, che \u00e8 veramente straordinaria. Io ancora vivo di feedback legati a emozioni: ogni tanto mi tornano, mi prendono i brividi a pensare a certi momenti. Ma siamo concentrati sempre e comunque sulla prossima partita. E la prossima partita \u00e8 venerd\u00ec e si chiama Acqui Terme&#8221;.<\/p>\n<p>Infine, una parentesi sulla foto che lo ritrae accanto a mister Falcone,gloria infinita del volley cittadino, una sorta di fotografia della storia della pallavolo reggina. &#8220;Sicuramente il mister \u00e8 stato premiato per la sua storia \u2013 sottolinea Polimeni \u2013. Per me questo premio \u00e8 un senso di responsabilit\u00e0 maggiore. Al di l\u00e0 di quello che \u00e8 stato scritto, che \u00e8 indelebile \u2013 l\u00ec non te lo tocca nessuno \u2013 i nostri obiettivi oggi pi\u00f9 che mai sono quelli di raggiungere palcoscenici maggiori e scrivere storie che magari a Reggio non ha mai scritto nessuno&#8221;.<br \/>\nL&#8217;appuntamento \u00e8 per gioved\u00ec primo maggio, ore 20, al Palacalafiore.<\/p>\n","protected":false},"excerpt":{"rendered":"<p>Dopo il secco 3-0 rifilato ad Acqui Terme sul campo di Valenza(AL), la Domotek Volley Reggio Calabria \u00e8 pronta a scrivere il secondo capitolo della semifinale playoff. Appuntamento al Palacalafiore&hellip;<\/p>\n","protected":false},"author":5,"featured_media":94615,"comment_status":"closed","ping_status":"open","sticky":false,"template":"","format":"standard","meta":{"_jetpack_memberships_contains_paid_content":false,"footnotes":"","jetpack_publicize_message":"","jetpack_publicize_feature_enabled":true,"jetpack_social_post_already_shared":true,"jetpack_social_options":{"image_generator_settings":{"template":"highway","default_image_id":0,"font":"","enabled":false},"version":2}},"categories":[196,140,144],"tags":[27160,26780,53295,52559],"class_list":["post-94614","post","type-post","status-publish","format-standard","has-post-thumbnail","hentry","category-news","category-reggio-calabria","category-sport","tag-antonio-polimeni","tag-domotek-volley-reggio-calabria","tag-gara-2-della-semifinale-playoff","tag-palacalafiore-di-pentimele"],"yoast_head":"<!-- This site is optimized with the Yoast SEO plugin v27.2 - https:\/\/yoast.com\/product\/yoast-seo-wordpress\/ -->\n<title>Domotek: Polimeni carica i suoi per Gara 2 della Semifinale Playoff - Radio Touring 104<\/title>\n<meta name=\"description\" content=\"&quot;Dimentichiamo il 3-0, partita da vivere con la stessa grinta&quot;, dichiara il Mister amaranto in vista del match di domani, alle ore 20\" \/>\n<meta name=\"robots\" content=\"index, follow, max-snippet:-1, max-image-preview:large, max-video-preview:-1\" \/>\n<link rel=\"canonical\" href=\"https:\/\/progettotouring.it\/radiotouring104\/2026\/04\/30\/domotek-polimeni-carica-i-suoi-per-gara-2-della-semifinale-playoff\/\" \/>\n<meta property=\"og:locale\" content=\"it_IT\" \/>\n<meta property=\"og:type\" content=\"article\" \/>\n<meta property=\"og:title\" content=\"Domotek: Polimeni carica i suoi per Gara 2 della Semifinale Playoff - Radio Touring 104\" \/>\n<meta property=\"og:description\" content=\"&quot;Dimentichiamo il 3-0, partita da vivere con la stessa grinta&quot;, dichiara il Mister amaranto in vista del match di domani, alle ore 20\" \/>\n<meta property=\"og:url\" content=\"https:\/\/progettotouring.it\/radiotouring104\/2026\/04\/30\/domotek-polimeni-carica-i-suoi-per-gara-2-della-semifinale-playoff\/\" \/>\n<meta property=\"og:site_name\" content=\"Radio Touring 104\" \/>\n<meta property=\"article:published_time\" content=\"2026-04-30T10:32:20+00:00\" \/>\n<meta property=\"article:modified_time\" content=\"2026-04-30T10:54:26+00:00\" \/>\n<meta property=\"og:image\" content=\"https:\/\/progettotouring.it\/radiotouring104\/wp-content\/uploads\/sites\/6\/2026\/04\/Negrini-CTE-Domotek-126.jpeg\" \/>\n\t<meta property=\"og:image:width\" content=\"1616\" \/>\n\t<meta property=\"og:image:height\" content=\"1080\" \/>\n\t<meta property=\"og:image:type\" content=\"image\/jpeg\" \/>\n<meta name=\"author\" content=\"redazione\" \/>\n<meta name=\"twitter:card\" content=\"summary_large_image\" \/>\n<meta name=\"twitter:label1\" content=\"Scritto da\" \/>\n\t<meta name=\"twitter:data1\" content=\"redazione\" \/>\n\t<meta name=\"twitter:label2\" content=\"Tempo di lettura stimato\" \/>\n\t<meta name=\"twitter:data2\" content=\"3 minuti\" \/>\n<script type=\"application\/ld+json\" class=\"yoast-schema-graph\">{\"@context\":\"https:\/\/schema.org\",\"@graph\":[{\"@type\":\"Article\",\"@id\":\"https:\/\/progettotouring.it\/radiotouring104\/2026\/04\/30\/domotek-polimeni-carica-i-suoi-per-gara-2-della-semifinale-playoff\/#article\",\"isPartOf\":{\"@id\":\"https:\/\/progettotouring.it\/radiotouring104\/2026\/04\/30\/domotek-polimeni-carica-i-suoi-per-gara-2-della-semifinale-playoff\/\"},\"author\":{\"name\":\"redazione\",\"@id\":\"https:\/\/progettotouring.it\/radiotouring104\/#\/schema\/person\/1b3eb3c07c47136bc44c785c543e635f\"},\"headline\":\"Domotek: Polimeni carica i suoi per Gara 2 della Semifinale Playoff\",\"datePublished\":\"2026-04-30T10:32:20+00:00\",\"dateModified\":\"2026-04-30T10:54:26+00:00\",\"mainEntityOfPage\":{\"@id\":\"https:\/\/progettotouring.it\/radiotouring104\/2026\/04\/30\/domotek-polimeni-carica-i-suoi-per-gara-2-della-semifinale-playoff\/\"},\"wordCount\":686,\"publisher\":{\"@id\":\"https:\/\/progettotouring.it\/radiotouring104\/#organization\"},\"image\":{\"@id\":\"https:\/\/progettotouring.it\/radiotouring104\/2026\/04\/30\/domotek-polimeni-carica-i-suoi-per-gara-2-della-semifinale-playoff\/#primaryimage\"},\"thumbnailUrl\":\"https:\/\/progettotouring.it\/radiotouring104\/wp-content\/uploads\/sites\/6\/2026\/04\/Negrini-CTE-Domotek-126.jpeg\",\"keywords\":[\"Antonio Polimeni\",\"Domotek Volley Reggio Calabria\",\"Gara 2 della Semifinale Playoff\",\"PalaCalafiore di Pentimele\"],\"articleSection\":[\"News\",\"Reggio Calabria\",\"Sport\"],\"inLanguage\":\"it-IT\"},{\"@type\":\"WebPage\",\"@id\":\"https:\/\/progettotouring.it\/radiotouring104\/2026\/04\/30\/domotek-polimeni-carica-i-suoi-per-gara-2-della-semifinale-playoff\/\",\"url\":\"https:\/\/progettotouring.it\/radiotouring104\/2026\/04\/30\/domotek-polimeni-carica-i-suoi-per-gara-2-della-semifinale-playoff\/\",\"name\":\"Domotek: Polimeni carica i suoi per Gara 2 della Semifinale Playoff - Radio Touring 104\",\"isPartOf\":{\"@id\":\"https:\/\/progettotouring.it\/radiotouring104\/#website\"},\"primaryImageOfPage\":{\"@id\":\"https:\/\/progettotouring.it\/radiotouring104\/2026\/04\/30\/domotek-polimeni-carica-i-suoi-per-gara-2-della-semifinale-playoff\/#primaryimage\"},\"image\":{\"@id\":\"https:\/\/progettotouring.it\/radiotouring104\/2026\/04\/30\/domotek-polimeni-carica-i-suoi-per-gara-2-della-semifinale-playoff\/#primaryimage\"},\"thumbnailUrl\":\"https:\/\/progettotouring.it\/radiotouring104\/wp-content\/uploads\/sites\/6\/2026\/04\/Negrini-CTE-Domotek-126.jpeg\",\"datePublished\":\"2026-04-30T10:32:20+00:00\",\"dateModified\":\"2026-04-30T10:54:26+00:00\",\"description\":\"\\\"Dimentichiamo il 3-0, partita da vivere con la stessa grinta\\\", dichiara il Mister amaranto in vista del match di domani, alle ore 20\",\"breadcrumb\":{\"@id\":\"https:\/\/progettotouring.it\/radiotouring104\/2026\/04\/30\/domotek-polimeni-carica-i-suoi-per-gara-2-della-semifinale-playoff\/#breadcrumb\"},\"inLanguage\":\"it-IT\",\"potentialAction\":[{\"@type\":\"ReadAction\",\"target\":[\"https:\/\/progettotouring.it\/radiotouring104\/2026\/04\/30\/domotek-polimeni-carica-i-suoi-per-gara-2-della-semifinale-playoff\/\"]}]},{\"@type\":\"ImageObject\",\"inLanguage\":\"it-IT\",\"@id\":\"https:\/\/progettotouring.it\/radiotouring104\/2026\/04\/30\/domotek-polimeni-carica-i-suoi-per-gara-2-della-semifinale-playoff\/#primaryimage\",\"url\":\"https:\/\/progettotouring.it\/radiotouring104\/wp-content\/uploads\/sites\/6\/2026\/04\/Negrini-CTE-Domotek-126.jpeg\",\"contentUrl\":\"https:\/\/progettotouring.it\/radiotouring104\/wp-content\/uploads\/sites\/6\/2026\/04\/Negrini-CTE-Domotek-126.jpeg\",\"width\":1616,\"height\":1080},{\"@type\":\"BreadcrumbList\",\"@id\":\"https:\/\/progettotouring.it\/radiotouring104\/2026\/04\/30\/domotek-polimeni-carica-i-suoi-per-gara-2-della-semifinale-playoff\/#breadcrumb\",\"itemListElement\":[{\"@type\":\"ListItem\",\"position\":1,\"name\":\"Home\",\"item\":\"https:\/\/progettotouring.it\/radiotouring104\/\"},{\"@type\":\"ListItem\",\"position\":2,\"name\":\"Domotek: Polimeni carica i suoi per Gara 2 della Semifinale Playoff\"}]},{\"@type\":\"WebSite\",\"@id\":\"https:\/\/progettotouring.it\/radiotouring104\/#website\",\"url\":\"https:\/\/progettotouring.it\/radiotouring104\/\",\"name\":\"Radio Touring 104\",\"description\":\"La prima radio Reggina\",\"publisher\":{\"@id\":\"https:\/\/progettotouring.it\/radiotouring104\/#organization\"},\"potentialAction\":[{\"@type\":\"SearchAction\",\"target\":{\"@type\":\"EntryPoint\",\"urlTemplate\":\"https:\/\/progettotouring.it\/radiotouring104\/?s={search_term_string}\"},\"query-input\":{\"@type\":\"PropertyValueSpecification\",\"valueRequired\":true,\"valueName\":\"search_term_string\"}}],\"inLanguage\":\"it-IT\"},{\"@type\":\"Organization\",\"@id\":\"https:\/\/progettotouring.it\/radiotouring104\/#organization\",\"name\":\"Radio Touring 104\",\"url\":\"https:\/\/progettotouring.it\/radiotouring104\/\",\"logo\":{\"@type\":\"ImageObject\",\"inLanguage\":\"it-IT\",\"@id\":\"https:\/\/progettotouring.it\/radiotouring104\/#\/schema\/logo\/image\/\",\"url\":\"https:\/\/progettotouring.it\/radiotouring104\/wp-content\/uploads\/sites\/6\/2022\/02\/cropped-logo-radio-touring-104.png\",\"contentUrl\":\"https:\/\/progettotouring.it\/radiotouring104\/wp-content\/uploads\/sites\/6\/2022\/02\/cropped-logo-radio-touring-104.png\",\"width\":377,\"height\":182,\"caption\":\"Radio Touring 104\"},\"image\":{\"@id\":\"https:\/\/progettotouring.it\/radiotouring104\/#\/schema\/logo\/image\/\"}},{\"@type\":\"Person\",\"@id\":\"https:\/\/progettotouring.it\/radiotouring104\/#\/schema\/person\/1b3eb3c07c47136bc44c785c543e635f\",\"name\":\"redazione\",\"image\":{\"@type\":\"ImageObject\",\"inLanguage\":\"it-IT\",\"@id\":\"https:\/\/secure.gravatar.com\/avatar\/0b31605b49f100769e8b624b3e05de1b73e1692e9568a352f60f53fd072e6e11?s=96&d=mm&r=g\",\"url\":\"https:\/\/secure.gravatar.com\/avatar\/0b31605b49f100769e8b624b3e05de1b73e1692e9568a352f60f53fd072e6e11?s=96&d=mm&r=g\",\"contentUrl\":\"https:\/\/secure.gravatar.com\/avatar\/0b31605b49f100769e8b624b3e05de1b73e1692e9568a352f60f53fd072e6e11?s=96&d=mm&r=g\",\"caption\":\"redazione\"},\"url\":\"https:\/\/progettotouring.it\/radiotouring104\/author\/redazione\/\"}]}<\/script>\n<!-- \/ Yoast SEO plugin. -->","yoast_head_json":{"title":"Domotek: Polimeni carica i suoi per Gara 2 della Semifinale Playoff - Radio Touring 104","description":"\"Dimentichiamo il 3-0, partita da vivere con la stessa grinta\", dichiara il Mister amaranto in vista del match di domani, alle ore 20","robots":{"index":"index","follow":"follow","max-snippet":"max-snippet:-1","max-image-preview":"max-image-preview:large","max-video-preview":"max-video-preview:-1"},"canonical":"https:\/\/progettotouring.it\/radiotouring104\/2026\/04\/30\/domotek-polimeni-carica-i-suoi-per-gara-2-della-semifinale-playoff\/","og_locale":"it_IT","og_type":"article","og_title":"Domotek: Polimeni carica i suoi per Gara 2 della Semifinale Playoff - Radio Touring 104","og_description":"\"Dimentichiamo il 3-0, partita da vivere con la stessa grinta\", dichiara il Mister amaranto in vista del match di domani, alle ore 20","og_url":"https:\/\/progettotouring.it\/radiotouring104\/2026\/04\/30\/domotek-polimeni-carica-i-suoi-per-gara-2-della-semifinale-playoff\/","og_site_name":"Radio Touring 104","article_published_time":"2026-04-30T10:32:20+00:00","article_modified_time":"2026-04-30T10:54:26+00:00","og_image":[{"width":1616,"height":1080,"url":"https:\/\/progettotouring.it\/radiotouring104\/wp-content\/uploads\/sites\/6\/2026\/04\/Negrini-CTE-Domotek-126.jpeg","type":"image\/jpeg"}],"author":"redazione","twitter_card":"summary_large_image","twitter_misc":{"Scritto da":"redazione","Tempo di lettura stimato":"3 minuti"},"schema":{"@context":"https:\/\/schema.org","@graph":[{"@type":"Article","@id":"https:\/\/progettotouring.it\/radiotouring104\/2026\/04\/30\/domotek-polimeni-carica-i-suoi-per-gara-2-della-semifinale-playoff\/#article","isPartOf":{"@id":"https:\/\/progettotouring.it\/radiotouring104\/2026\/04\/30\/domotek-polimeni-carica-i-suoi-per-gara-2-della-semifinale-playoff\/"},"author":{"name":"redazione","@id":"https:\/\/progettotouring.it\/radiotouring104\/#\/schema\/person\/1b3eb3c07c47136bc44c785c543e635f"},"headline":"Domotek: Polimeni carica i suoi per Gara 2 della Semifinale Playoff","datePublished":"2026-04-30T10:32:20+00:00","dateModified":"2026-04-30T10:54:26+00:00","mainEntityOfPage":{"@id":"https:\/\/progettotouring.it\/radiotouring104\/2026\/04\/30\/domotek-polimeni-carica-i-suoi-per-gara-2-della-semifinale-playoff\/"},"wordCount":686,"publisher":{"@id":"https:\/\/progettotouring.it\/radiotouring104\/#organization"},"image":{"@id":"https:\/\/progettotouring.it\/radiotouring104\/2026\/04\/30\/domotek-polimeni-carica-i-suoi-per-gara-2-della-semifinale-playoff\/#primaryimage"},"thumbnailUrl":"https:\/\/progettotouring.it\/radiotouring104\/wp-content\/uploads\/sites\/6\/2026\/04\/Negrini-CTE-Domotek-126.jpeg","keywords":["Antonio Polimeni","Domotek Volley Reggio Calabria","Gara 2 della Semifinale Playoff","PalaCalafiore di Pentimele"],"articleSection":["News","Reggio Calabria","Sport"],"inLanguage":"it-IT"},{"@type":"WebPage","@id":"https:\/\/progettotouring.it\/radiotouring104\/2026\/04\/30\/domotek-polimeni-carica-i-suoi-per-gara-2-della-semifinale-playoff\/","url":"https:\/\/progettotouring.it\/radiotouring104\/2026\/04\/30\/domotek-polimeni-carica-i-suoi-per-gara-2-della-semifinale-playoff\/","name":"Domotek: Polimeni carica i suoi per Gara 2 della Semifinale Playoff - Radio Touring 104","isPartOf":{"@id":"https:\/\/progettotouring.it\/radiotouring104\/#website"},"primaryImageOfPage":{"@id":"https:\/\/progettotouring.it\/radiotouring104\/2026\/04\/30\/domotek-polimeni-carica-i-suoi-per-gara-2-della-semifinale-playoff\/#primaryimage"},"image":{"@id":"https:\/\/progettotouring.it\/radiotouring104\/2026\/04\/30\/domotek-polimeni-carica-i-suoi-per-gara-2-della-semifinale-playoff\/#primaryimage"},"thumbnailUrl":"https:\/\/progettotouring.it\/radiotouring104\/wp-content\/uploads\/sites\/6\/2026\/04\/Negrini-CTE-Domotek-126.jpeg","datePublished":"2026-04-30T10:32:20+00:00","dateModified":"2026-04-30T10:54:26+00:00","description":"\"Dimentichiamo il 3-0, partita da vivere con la stessa grinta\", dichiara il Mister amaranto in vista del match di domani, alle ore 20","breadcrumb":{"@id":"https:\/\/progettotouring.it\/radiotouring104\/2026\/04\/30\/domotek-polimeni-carica-i-suoi-per-gara-2-della-semifinale-playoff\/#breadcrumb"},"inLanguage":"it-IT","potentialAction":[{"@type":"ReadAction","target":["https:\/\/progettotouring.it\/radiotouring104\/2026\/04\/30\/domotek-polimeni-carica-i-suoi-per-gara-2-della-semifinale-playoff\/"]}]},{"@type":"ImageObject","inLanguage":"it-IT","@id":"https:\/\/progettotouring.it\/radiotouring104\/2026\/04\/30\/domotek-polimeni-carica-i-suoi-per-gara-2-della-semifinale-playoff\/#primaryimage","url":"https:\/\/progettotouring.it\/radiotouring104\/wp-content\/uploads\/sites\/6\/2026\/04\/Negrini-CTE-Domotek-126.jpeg","contentUrl":"https:\/\/progettotouring.it\/radiotouring104\/wp-content\/uploads\/sites\/6\/2026\/04\/Negrini-CTE-Domotek-126.jpeg","width":1616,"height":1080},{"@type":"BreadcrumbList","@id":"https:\/\/progettotouring.it\/radiotouring104\/2026\/04\/30\/domotek-polimeni-carica-i-suoi-per-gara-2-della-semifinale-playoff\/#breadcrumb","itemListElement":[{"@type":"ListItem","position":1,"name":"Home","item":"https:\/\/progettotouring.it\/radiotouring104\/"},{"@type":"ListItem","position":2,"name":"Domotek: Polimeni carica i suoi per Gara 2 della Semifinale Playoff"}]},{"@type":"WebSite","@id":"https:\/\/progettotouring.it\/radiotouring104\/#website","url":"https:\/\/progettotouring.it\/radiotouring104\/","name":"Radio Touring 104","description":"La prima radio Reggina","publisher":{"@id":"https:\/\/progettotouring.it\/radiotouring104\/#organization"},"potentialAction":[{"@type":"SearchAction","target":{"@type":"EntryPoint","urlTemplate":"https:\/\/progettotouring.it\/radiotouring104\/?s={search_term_string}"},"query-input":{"@type":"PropertyValueSpecification","valueRequired":true,"valueName":"search_term_string"}}],"inLanguage":"it-IT"},{"@type":"Organization","@id":"https:\/\/progettotouring.it\/radiotouring104\/#organization","name":"Radio Touring 104","url":"https:\/\/progettotouring.it\/radiotouring104\/","logo":{"@type":"ImageObject","inLanguage":"it-IT","@id":"https:\/\/progettotouring.it\/radiotouring104\/#\/schema\/logo\/image\/","url":"https:\/\/progettotouring.it\/radiotouring104\/wp-content\/uploads\/sites\/6\/2022\/02\/cropped-logo-radio-touring-104.png","contentUrl":"https:\/\/progettotouring.it\/radiotouring104\/wp-content\/uploads\/sites\/6\/2022\/02\/cropped-logo-radio-touring-104.png","width":377,"height":182,"caption":"Radio Touring 104"},"image":{"@id":"https:\/\/progettotouring.it\/radiotouring104\/#\/schema\/logo\/image\/"}},{"@type":"Person","@id":"https:\/\/progettotouring.it\/radiotouring104\/#\/schema\/person\/1b3eb3c07c47136bc44c785c543e635f","name":"redazione","image":{"@type":"ImageObject","inLanguage":"it-IT","@id":"https:\/\/secure.gravatar.com\/avatar\/0b31605b49f100769e8b624b3e05de1b73e1692e9568a352f60f53fd072e6e11?s=96&d=mm&r=g","url":"https:\/\/secure.gravatar.com\/avatar\/0b31605b49f100769e8b624b3e05de1b73e1692e9568a352f60f53fd072e6e11?s=96&d=mm&r=g","contentUrl":"https:\/\/secure.gravatar.com\/avatar\/0b31605b49f100769e8b624b3e05de1b73e1692e9568a352f60f53fd072e6e11?s=96&d=mm&r=g","caption":"redazione"},"url":"https:\/\/progettotouring.it\/radiotouring104\/author\/redazione\/"}]}},"jetpack_publicize_connections":[],"jetpack_featured_media_url":"https:\/\/progettotouring.it\/radiotouring104\/wp-content\/uploads\/sites\/6\/2026\/04\/Negrini-CTE-Domotek-126.jpeg","jetpack_sharing_enabled":true,"_links":{"self":[{"href":"https:\/\/progettotouring.it\/radiotouring104\/wp-json\/wp\/v2\/posts\/94614","targetHints":{"allow":["GET"]}}],"collection":[{"href":"https:\/\/progettotouring.it\/radiotouring104\/wp-json\/wp\/v2\/posts"}],"about":[{"href":"https:\/\/progettotouring.it\/radiotouring104\/wp-json\/wp\/v2\/types\/post"}],"author":[{"embeddable":true,"href":"https:\/\/progettotouring.it\/radiotouring104\/wp-json\/wp\/v2\/users\/5"}],"replies":[{"embeddable":true,"href":"https:\/\/progettotouring.it\/radiotouring104\/wp-json\/wp\/v2\/comments?post=94614"}],"version-history":[{"count":1,"href":"https:\/\/progettotouring.it\/radiotouring104\/wp-json\/wp\/v2\/posts\/94614\/revisions"}],"predecessor-version":[{"id":94616,"href":"https:\/\/progettotouring.it\/radiotouring104\/wp-json\/wp\/v2\/posts\/94614\/revisions\/94616"}],"wp:featuredmedia":[{"embeddable":true,"href":"https:\/\/progettotouring.it\/radiotouring104\/wp-json\/wp\/v2\/media\/94615"}],"wp:attachment":[{"href":"https:\/\/progettotouring.it\/radiotouring104\/wp-json\/wp\/v2\/media?parent=94614"}],"wp:term":[{"taxonomy":"category","embeddable":true,"href":"https:\/\/progettotouring.it\/radiotouring104\/wp-json\/wp\/v2\/categories?post=94614"},{"taxonomy":"post_tag","embeddable":true,"href":"https:\/\/progettotouring.it\/radiotouring104\/wp-json\/wp\/v2\/tags?post=94614"}],"curies":[{"name":"wp","href":"https:\/\/api.w.org\/{rel}","templated":true}]}}