{"id":94619,"date":"2026-04-30T12:41:58","date_gmt":"2026-04-30T10:41:58","guid":{"rendered":"https:\/\/progettotouring.it\/radiotouring104\/?p=94619"},"modified":"2026-04-30T12:54:22","modified_gmt":"2026-04-30T10:54:22","slug":"primo-maggio-al-porto-di-gioia-tauro-la-manifestazione-dei-sindacati-confederali","status":"publish","type":"post","link":"https:\/\/progettotouring.it\/radiotouring104\/2026\/04\/30\/primo-maggio-al-porto-di-gioia-tauro-la-manifestazione-dei-sindacati-confederali\/","title":{"rendered":"Primo Maggio: al Porto di Gioia Tauro la manifestazione dei Sindacati Confederali"},"content":{"rendered":"<p>Sar\u00e0 un 1\u00b0 maggio dedicato ad accendere i riflettori sul lavoro di qualit\u00e0 e sulla dignit\u00e0 del lavoratore quello promosso dai sindacati confederali CGIL, CISL e UIL in Calabria. Teatro della riflessione sui temi del lavoro sar\u00e0 il\u00a0<strong>Porto di Gioia Tauro<\/strong>, hub strategico per il transhipment nel Mediterraneo, il cui impatto sull\u2019economia regionale, tuttavia, risulta inferiore alle enormi potenzialit\u00e0. L\u2019appuntamento \u00e8 alle ore 9:30, all\u2019entrata del Varco Doganale (nell\u2019area industriale di San Ferdinando).<\/p>\n<p>Sicurezza sul lavoro, piani per lo sviluppo sostenibile, diritti e dignit\u00e0 dei lavoratori, ma anche attenzione ai temi sociali che minano alla vivibilit\u00e0 della Calabria: sanit\u00e0, infrastrutture e trasporti, tutela dei cittadini dal rischio idrogeologico. Questioni che, inevitabilmente, si incrociano con il diritto al lavoro e alla sicurezza.<br \/>\nDal palco, interverranno i segretari generali calabresi di CGIL, CISL e UIL, rispettivamente Gianfranco Trotta, Giuseppe Lavia e Mariaelena Senese.<\/p>\n<p>&nbsp;<\/p>\n","protected":false},"excerpt":{"rendered":"<p>Sar\u00e0 un 1\u00b0 maggio dedicato ad accendere i riflettori sul lavoro di qualit\u00e0 e sulla dignit\u00e0 del lavoratore quello promosso dai sindacati confederali CGIL, CISL e UIL in Calabria. Teatro&hellip;<\/p>\n","protected":false},"author":5,"featured_media":94620,"comment_status":"closed","ping_status":"open","sticky":false,"template":"","format":"standard","meta":{"_jetpack_memberships_contains_paid_content":false,"footnotes":"","jetpack_publicize_message":"","jetpack_publicize_feature_enabled":true,"jetpack_social_post_already_shared":true,"jetpack_social_options":{"image_generator_settings":{"template":"highway","default_image_id":0,"font":"","enabled":false},"version":2}},"categories":[921,196,140],"tags":[13988,1283,1282,53298,53296,988,4540,53297],"class_list":["post-94619","post","type-post","status-publish","format-standard","has-post-thumbnail","hentry","category-home","category-news","category-reggio-calabria","tag-1-maggio","tag-cigl","tag-cisl","tag-dignita-lavoro","tag-manifestazione-dei-sindacati","tag-porto-di-gioia-tauro","tag-uil","tag-varco-doganale"],"yoast_head":"<!-- This site is optimized with the Yoast SEO plugin v27.2 - https:\/\/yoast.com\/product\/yoast-seo-wordpress\/ -->\n<title>Primo Maggio: al Porto di Gioia Tauro manifestazione dei Sindacati<\/title>\n<meta name=\"description\" content=\"La manifestazione indetta da Cigl, Cisl e Uil sulla qualit\u00e0 e dignit\u00e0 del Lavoro si terr\u00e0 alle 9:30, all\u2019entrata del Varco Doganale\" \/>\n<meta name=\"robots\" content=\"index, follow, max-snippet:-1, max-image-preview:large, max-video-preview:-1\" \/>\n<link rel=\"canonical\" href=\"https:\/\/progettotouring.it\/radiotouring104\/2026\/04\/30\/primo-maggio-al-porto-di-gioia-tauro-la-manifestazione-dei-sindacati-confederali\/\" \/>\n<meta property=\"og:locale\" content=\"it_IT\" \/>\n<meta property=\"og:type\" content=\"article\" \/>\n<meta property=\"og:title\" content=\"Primo Maggio: al Porto di Gioia Tauro manifestazione dei Sindacati\" \/>\n<meta property=\"og:description\" content=\"La manifestazione indetta da Cigl, Cisl e Uil sulla qualit\u00e0 e dignit\u00e0 del Lavoro si terr\u00e0 alle 9:30, all\u2019entrata del Varco Doganale\" \/>\n<meta property=\"og:url\" content=\"https:\/\/progettotouring.it\/radiotouring104\/2026\/04\/30\/primo-maggio-al-porto-di-gioia-tauro-la-manifestazione-dei-sindacati-confederali\/\" \/>\n<meta property=\"og:site_name\" content=\"Radio Touring 104\" \/>\n<meta property=\"article:published_time\" content=\"2026-04-30T10:41:58+00:00\" \/>\n<meta property=\"article:modified_time\" content=\"2026-04-30T10:54:22+00:00\" \/>\n<meta property=\"og:image\" content=\"https:\/\/progettotouring.it\/radiotouring104\/wp-content\/uploads\/sites\/6\/2026\/04\/1-maggio-2026-porto-gioia-tauro.jpg\" \/>\n\t<meta property=\"og:image:width\" content=\"907\" \/>\n\t<meta property=\"og:image:height\" content=\"1276\" \/>\n\t<meta property=\"og:image:type\" content=\"image\/jpeg\" \/>\n<meta name=\"author\" content=\"redazione\" \/>\n<meta name=\"twitter:card\" content=\"summary_large_image\" \/>\n<meta name=\"twitter:label1\" content=\"Scritto da\" \/>\n\t<meta name=\"twitter:data1\" content=\"redazione\" \/>\n\t<meta name=\"twitter:label2\" content=\"Tempo di lettura stimato\" \/>\n\t<meta name=\"twitter:data2\" content=\"1 minuto\" \/>\n<script type=\"application\/ld+json\" class=\"yoast-schema-graph\">{\"@context\":\"https:\/\/schema.org\",\"@graph\":[{\"@type\":\"Article\",\"@id\":\"https:\/\/progettotouring.it\/radiotouring104\/2026\/04\/30\/primo-maggio-al-porto-di-gioia-tauro-la-manifestazione-dei-sindacati-confederali\/#article\",\"isPartOf\":{\"@id\":\"https:\/\/progettotouring.it\/radiotouring104\/2026\/04\/30\/primo-maggio-al-porto-di-gioia-tauro-la-manifestazione-dei-sindacati-confederali\/\"},\"author\":{\"name\":\"redazione\",\"@id\":\"https:\/\/progettotouring.it\/radiotouring104\/#\/schema\/person\/1b3eb3c07c47136bc44c785c543e635f\"},\"headline\":\"Primo Maggio: al Porto di Gioia Tauro la manifestazione dei Sindacati Confederali\",\"datePublished\":\"2026-04-30T10:41:58+00:00\",\"dateModified\":\"2026-04-30T10:54:22+00:00\",\"mainEntityOfPage\":{\"@id\":\"https:\/\/progettotouring.it\/radiotouring104\/2026\/04\/30\/primo-maggio-al-porto-di-gioia-tauro-la-manifestazione-dei-sindacati-confederali\/\"},\"wordCount\":156,\"publisher\":{\"@id\":\"https:\/\/progettotouring.it\/radiotouring104\/#organization\"},\"image\":{\"@id\":\"https:\/\/progettotouring.it\/radiotouring104\/2026\/04\/30\/primo-maggio-al-porto-di-gioia-tauro-la-manifestazione-dei-sindacati-confederali\/#primaryimage\"},\"thumbnailUrl\":\"https:\/\/progettotouring.it\/radiotouring104\/wp-content\/uploads\/sites\/6\/2026\/04\/1-maggio-2026-porto-gioia-tauro.jpg\",\"keywords\":[\"1\u00b0 maggio\",\"Cigl\",\"Cisl\",\"dignit\u00e0 lavoro\",\"manifestazione dei sindacati\",\"porto di Gioia Tauro\",\"uil\",\"Varco Doganale\"],\"articleSection\":[\"Home\",\"News\",\"Reggio Calabria\"],\"inLanguage\":\"it-IT\"},{\"@type\":\"WebPage\",\"@id\":\"https:\/\/progettotouring.it\/radiotouring104\/2026\/04\/30\/primo-maggio-al-porto-di-gioia-tauro-la-manifestazione-dei-sindacati-confederali\/\",\"url\":\"https:\/\/progettotouring.it\/radiotouring104\/2026\/04\/30\/primo-maggio-al-porto-di-gioia-tauro-la-manifestazione-dei-sindacati-confederali\/\",\"name\":\"Primo Maggio: al Porto di Gioia Tauro manifestazione dei Sindacati\",\"isPartOf\":{\"@id\":\"https:\/\/progettotouring.it\/radiotouring104\/#website\"},\"primaryImageOfPage\":{\"@id\":\"https:\/\/progettotouring.it\/radiotouring104\/2026\/04\/30\/primo-maggio-al-porto-di-gioia-tauro-la-manifestazione-dei-sindacati-confederali\/#primaryimage\"},\"image\":{\"@id\":\"https:\/\/progettotouring.it\/radiotouring104\/2026\/04\/30\/primo-maggio-al-porto-di-gioia-tauro-la-manifestazione-dei-sindacati-confederali\/#primaryimage\"},\"thumbnailUrl\":\"https:\/\/progettotouring.it\/radiotouring104\/wp-content\/uploads\/sites\/6\/2026\/04\/1-maggio-2026-porto-gioia-tauro.jpg\",\"datePublished\":\"2026-04-30T10:41:58+00:00\",\"dateModified\":\"2026-04-30T10:54:22+00:00\",\"description\":\"La manifestazione indetta da Cigl, Cisl e Uil sulla qualit\u00e0 e dignit\u00e0 del Lavoro si terr\u00e0 alle 9:30, all\u2019entrata del Varco Doganale\",\"breadcrumb\":{\"@id\":\"https:\/\/progettotouring.it\/radiotouring104\/2026\/04\/30\/primo-maggio-al-porto-di-gioia-tauro-la-manifestazione-dei-sindacati-confederali\/#breadcrumb\"},\"inLanguage\":\"it-IT\",\"potentialAction\":[{\"@type\":\"ReadAction\",\"target\":[\"https:\/\/progettotouring.it\/radiotouring104\/2026\/04\/30\/primo-maggio-al-porto-di-gioia-tauro-la-manifestazione-dei-sindacati-confederali\/\"]}]},{\"@type\":\"ImageObject\",\"inLanguage\":\"it-IT\",\"@id\":\"https:\/\/progettotouring.it\/radiotouring104\/2026\/04\/30\/primo-maggio-al-porto-di-gioia-tauro-la-manifestazione-dei-sindacati-confederali\/#primaryimage\",\"url\":\"https:\/\/progettotouring.it\/radiotouring104\/wp-content\/uploads\/sites\/6\/2026\/04\/1-maggio-2026-porto-gioia-tauro.jpg\",\"contentUrl\":\"https:\/\/progettotouring.it\/radiotouring104\/wp-content\/uploads\/sites\/6\/2026\/04\/1-maggio-2026-porto-gioia-tauro.jpg\",\"width\":907,\"height\":1276},{\"@type\":\"BreadcrumbList\",\"@id\":\"https:\/\/progettotouring.it\/radiotouring104\/2026\/04\/30\/primo-maggio-al-porto-di-gioia-tauro-la-manifestazione-dei-sindacati-confederali\/#breadcrumb\",\"itemListElement\":[{\"@type\":\"ListItem\",\"position\":1,\"name\":\"Home\",\"item\":\"https:\/\/progettotouring.it\/radiotouring104\/\"},{\"@type\":\"ListItem\",\"position\":2,\"name\":\"Primo Maggio: al Porto di Gioia Tauro la manifestazione dei Sindacati Confederali\"}]},{\"@type\":\"WebSite\",\"@id\":\"https:\/\/progettotouring.it\/radiotouring104\/#website\",\"url\":\"https:\/\/progettotouring.it\/radiotouring104\/\",\"name\":\"Radio Touring 104\",\"description\":\"La prima radio Reggina\",\"publisher\":{\"@id\":\"https:\/\/progettotouring.it\/radiotouring104\/#organization\"},\"potentialAction\":[{\"@type\":\"SearchAction\",\"target\":{\"@type\":\"EntryPoint\",\"urlTemplate\":\"https:\/\/progettotouring.it\/radiotouring104\/?s={search_term_string}\"},\"query-input\":{\"@type\":\"PropertyValueSpecification\",\"valueRequired\":true,\"valueName\":\"search_term_string\"}}],\"inLanguage\":\"it-IT\"},{\"@type\":\"Organization\",\"@id\":\"https:\/\/progettotouring.it\/radiotouring104\/#organization\",\"name\":\"Radio Touring 104\",\"url\":\"https:\/\/progettotouring.it\/radiotouring104\/\",\"logo\":{\"@type\":\"ImageObject\",\"inLanguage\":\"it-IT\",\"@id\":\"https:\/\/progettotouring.it\/radiotouring104\/#\/schema\/logo\/image\/\",\"url\":\"https:\/\/progettotouring.it\/radiotouring104\/wp-content\/uploads\/sites\/6\/2022\/02\/cropped-logo-radio-touring-104.png\",\"contentUrl\":\"https:\/\/progettotouring.it\/radiotouring104\/wp-content\/uploads\/sites\/6\/2022\/02\/cropped-logo-radio-touring-104.png\",\"width\":377,\"height\":182,\"caption\":\"Radio Touring 104\"},\"image\":{\"@id\":\"https:\/\/progettotouring.it\/radiotouring104\/#\/schema\/logo\/image\/\"}},{\"@type\":\"Person\",\"@id\":\"https:\/\/progettotouring.it\/radiotouring104\/#\/schema\/person\/1b3eb3c07c47136bc44c785c543e635f\",\"name\":\"redazione\",\"image\":{\"@type\":\"ImageObject\",\"inLanguage\":\"it-IT\",\"@id\":\"https:\/\/secure.gravatar.com\/avatar\/0b31605b49f100769e8b624b3e05de1b73e1692e9568a352f60f53fd072e6e11?s=96&d=mm&r=g\",\"url\":\"https:\/\/secure.gravatar.com\/avatar\/0b31605b49f100769e8b624b3e05de1b73e1692e9568a352f60f53fd072e6e11?s=96&d=mm&r=g\",\"contentUrl\":\"https:\/\/secure.gravatar.com\/avatar\/0b31605b49f100769e8b624b3e05de1b73e1692e9568a352f60f53fd072e6e11?s=96&d=mm&r=g\",\"caption\":\"redazione\"},\"url\":\"https:\/\/progettotouring.it\/radiotouring104\/author\/redazione\/\"}]}<\/script>\n<!-- \/ Yoast SEO plugin. -->","yoast_head_json":{"title":"Primo Maggio: al Porto di Gioia Tauro manifestazione dei Sindacati","description":"La manifestazione indetta da Cigl, Cisl e Uil sulla qualit\u00e0 e dignit\u00e0 del Lavoro si terr\u00e0 alle 9:30, all\u2019entrata del Varco Doganale","robots":{"index":"index","follow":"follow","max-snippet":"max-snippet:-1","max-image-preview":"max-image-preview:large","max-video-preview":"max-video-preview:-1"},"canonical":"https:\/\/progettotouring.it\/radiotouring104\/2026\/04\/30\/primo-maggio-al-porto-di-gioia-tauro-la-manifestazione-dei-sindacati-confederali\/","og_locale":"it_IT","og_type":"article","og_title":"Primo Maggio: al Porto di Gioia Tauro manifestazione dei Sindacati","og_description":"La manifestazione indetta da Cigl, Cisl e Uil sulla qualit\u00e0 e dignit\u00e0 del Lavoro si terr\u00e0 alle 9:30, all\u2019entrata del Varco Doganale","og_url":"https:\/\/progettotouring.it\/radiotouring104\/2026\/04\/30\/primo-maggio-al-porto-di-gioia-tauro-la-manifestazione-dei-sindacati-confederali\/","og_site_name":"Radio Touring 104","article_published_time":"2026-04-30T10:41:58+00:00","article_modified_time":"2026-04-30T10:54:22+00:00","og_image":[{"width":907,"height":1276,"url":"https:\/\/progettotouring.it\/radiotouring104\/wp-content\/uploads\/sites\/6\/2026\/04\/1-maggio-2026-porto-gioia-tauro.jpg","type":"image\/jpeg"}],"author":"redazione","twitter_card":"summary_large_image","twitter_misc":{"Scritto da":"redazione","Tempo di lettura stimato":"1 minuto"},"schema":{"@context":"https:\/\/schema.org","@graph":[{"@type":"Article","@id":"https:\/\/progettotouring.it\/radiotouring104\/2026\/04\/30\/primo-maggio-al-porto-di-gioia-tauro-la-manifestazione-dei-sindacati-confederali\/#article","isPartOf":{"@id":"https:\/\/progettotouring.it\/radiotouring104\/2026\/04\/30\/primo-maggio-al-porto-di-gioia-tauro-la-manifestazione-dei-sindacati-confederali\/"},"author":{"name":"redazione","@id":"https:\/\/progettotouring.it\/radiotouring104\/#\/schema\/person\/1b3eb3c07c47136bc44c785c543e635f"},"headline":"Primo Maggio: al Porto di Gioia Tauro la manifestazione dei Sindacati Confederali","datePublished":"2026-04-30T10:41:58+00:00","dateModified":"2026-04-30T10:54:22+00:00","mainEntityOfPage":{"@id":"https:\/\/progettotouring.it\/radiotouring104\/2026\/04\/30\/primo-maggio-al-porto-di-gioia-tauro-la-manifestazione-dei-sindacati-confederali\/"},"wordCount":156,"publisher":{"@id":"https:\/\/progettotouring.it\/radiotouring104\/#organization"},"image":{"@id":"https:\/\/progettotouring.it\/radiotouring104\/2026\/04\/30\/primo-maggio-al-porto-di-gioia-tauro-la-manifestazione-dei-sindacati-confederali\/#primaryimage"},"thumbnailUrl":"https:\/\/progettotouring.it\/radiotouring104\/wp-content\/uploads\/sites\/6\/2026\/04\/1-maggio-2026-porto-gioia-tauro.jpg","keywords":["1\u00b0 maggio","Cigl","Cisl","dignit\u00e0 lavoro","manifestazione dei sindacati","porto di Gioia Tauro","uil","Varco Doganale"],"articleSection":["Home","News","Reggio Calabria"],"inLanguage":"it-IT"},{"@type":"WebPage","@id":"https:\/\/progettotouring.it\/radiotouring104\/2026\/04\/30\/primo-maggio-al-porto-di-gioia-tauro-la-manifestazione-dei-sindacati-confederali\/","url":"https:\/\/progettotouring.it\/radiotouring104\/2026\/04\/30\/primo-maggio-al-porto-di-gioia-tauro-la-manifestazione-dei-sindacati-confederali\/","name":"Primo Maggio: al Porto di Gioia Tauro manifestazione dei Sindacati","isPartOf":{"@id":"https:\/\/progettotouring.it\/radiotouring104\/#website"},"primaryImageOfPage":{"@id":"https:\/\/progettotouring.it\/radiotouring104\/2026\/04\/30\/primo-maggio-al-porto-di-gioia-tauro-la-manifestazione-dei-sindacati-confederali\/#primaryimage"},"image":{"@id":"https:\/\/progettotouring.it\/radiotouring104\/2026\/04\/30\/primo-maggio-al-porto-di-gioia-tauro-la-manifestazione-dei-sindacati-confederali\/#primaryimage"},"thumbnailUrl":"https:\/\/progettotouring.it\/radiotouring104\/wp-content\/uploads\/sites\/6\/2026\/04\/1-maggio-2026-porto-gioia-tauro.jpg","datePublished":"2026-04-30T10:41:58+00:00","dateModified":"2026-04-30T10:54:22+00:00","description":"La manifestazione indetta da Cigl, Cisl e Uil sulla qualit\u00e0 e dignit\u00e0 del Lavoro si terr\u00e0 alle 9:30, all\u2019entrata del Varco Doganale","breadcrumb":{"@id":"https:\/\/progettotouring.it\/radiotouring104\/2026\/04\/30\/primo-maggio-al-porto-di-gioia-tauro-la-manifestazione-dei-sindacati-confederali\/#breadcrumb"},"inLanguage":"it-IT","potentialAction":[{"@type":"ReadAction","target":["https:\/\/progettotouring.it\/radiotouring104\/2026\/04\/30\/primo-maggio-al-porto-di-gioia-tauro-la-manifestazione-dei-sindacati-confederali\/"]}]},{"@type":"ImageObject","inLanguage":"it-IT","@id":"https:\/\/progettotouring.it\/radiotouring104\/2026\/04\/30\/primo-maggio-al-porto-di-gioia-tauro-la-manifestazione-dei-sindacati-confederali\/#primaryimage","url":"https:\/\/progettotouring.it\/radiotouring104\/wp-content\/uploads\/sites\/6\/2026\/04\/1-maggio-2026-porto-gioia-tauro.jpg","contentUrl":"https:\/\/progettotouring.it\/radiotouring104\/wp-content\/uploads\/sites\/6\/2026\/04\/1-maggio-2026-porto-gioia-tauro.jpg","width":907,"height":1276},{"@type":"BreadcrumbList","@id":"https:\/\/progettotouring.it\/radiotouring104\/2026\/04\/30\/primo-maggio-al-porto-di-gioia-tauro-la-manifestazione-dei-sindacati-confederali\/#breadcrumb","itemListElement":[{"@type":"ListItem","position":1,"name":"Home","item":"https:\/\/progettotouring.it\/radiotouring104\/"},{"@type":"ListItem","position":2,"name":"Primo Maggio: al Porto di Gioia Tauro la manifestazione dei Sindacati Confederali"}]},{"@type":"WebSite","@id":"https:\/\/progettotouring.it\/radiotouring104\/#website","url":"https:\/\/progettotouring.it\/radiotouring104\/","name":"Radio Touring 104","description":"La prima radio Reggina","publisher":{"@id":"https:\/\/progettotouring.it\/radiotouring104\/#organization"},"potentialAction":[{"@type":"SearchAction","target":{"@type":"EntryPoint","urlTemplate":"https:\/\/progettotouring.it\/radiotouring104\/?s={search_term_string}"},"query-input":{"@type":"PropertyValueSpecification","valueRequired":true,"valueName":"search_term_string"}}],"inLanguage":"it-IT"},{"@type":"Organization","@id":"https:\/\/progettotouring.it\/radiotouring104\/#organization","name":"Radio Touring 104","url":"https:\/\/progettotouring.it\/radiotouring104\/","logo":{"@type":"ImageObject","inLanguage":"it-IT","@id":"https:\/\/progettotouring.it\/radiotouring104\/#\/schema\/logo\/image\/","url":"https:\/\/progettotouring.it\/radiotouring104\/wp-content\/uploads\/sites\/6\/2022\/02\/cropped-logo-radio-touring-104.png","contentUrl":"https:\/\/progettotouring.it\/radiotouring104\/wp-content\/uploads\/sites\/6\/2022\/02\/cropped-logo-radio-touring-104.png","width":377,"height":182,"caption":"Radio Touring 104"},"image":{"@id":"https:\/\/progettotouring.it\/radiotouring104\/#\/schema\/logo\/image\/"}},{"@type":"Person","@id":"https:\/\/progettotouring.it\/radiotouring104\/#\/schema\/person\/1b3eb3c07c47136bc44c785c543e635f","name":"redazione","image":{"@type":"ImageObject","inLanguage":"it-IT","@id":"https:\/\/secure.gravatar.com\/avatar\/0b31605b49f100769e8b624b3e05de1b73e1692e9568a352f60f53fd072e6e11?s=96&d=mm&r=g","url":"https:\/\/secure.gravatar.com\/avatar\/0b31605b49f100769e8b624b3e05de1b73e1692e9568a352f60f53fd072e6e11?s=96&d=mm&r=g","contentUrl":"https:\/\/secure.gravatar.com\/avatar\/0b31605b49f100769e8b624b3e05de1b73e1692e9568a352f60f53fd072e6e11?s=96&d=mm&r=g","caption":"redazione"},"url":"https:\/\/progettotouring.it\/radiotouring104\/author\/redazione\/"}]}},"jetpack_publicize_connections":[],"jetpack_featured_media_url":"https:\/\/progettotouring.it\/radiotouring104\/wp-content\/uploads\/sites\/6\/2026\/04\/1-maggio-2026-porto-gioia-tauro.jpg","jetpack_sharing_enabled":true,"_links":{"self":[{"href":"https:\/\/progettotouring.it\/radiotouring104\/wp-json\/wp\/v2\/posts\/94619","targetHints":{"allow":["GET"]}}],"collection":[{"href":"https:\/\/progettotouring.it\/radiotouring104\/wp-json\/wp\/v2\/posts"}],"about":[{"href":"https:\/\/progettotouring.it\/radiotouring104\/wp-json\/wp\/v2\/types\/post"}],"author":[{"embeddable":true,"href":"https:\/\/progettotouring.it\/radiotouring104\/wp-json\/wp\/v2\/users\/5"}],"replies":[{"embeddable":true,"href":"https:\/\/progettotouring.it\/radiotouring104\/wp-json\/wp\/v2\/comments?post=94619"}],"version-history":[{"count":1,"href":"https:\/\/progettotouring.it\/radiotouring104\/wp-json\/wp\/v2\/posts\/94619\/revisions"}],"predecessor-version":[{"id":94621,"href":"https:\/\/progettotouring.it\/radiotouring104\/wp-json\/wp\/v2\/posts\/94619\/revisions\/94621"}],"wp:featuredmedia":[{"embeddable":true,"href":"https:\/\/progettotouring.it\/radiotouring104\/wp-json\/wp\/v2\/media\/94620"}],"wp:attachment":[{"href":"https:\/\/progettotouring.it\/radiotouring104\/wp-json\/wp\/v2\/media?parent=94619"}],"wp:term":[{"taxonomy":"category","embeddable":true,"href":"https:\/\/progettotouring.it\/radiotouring104\/wp-json\/wp\/v2\/categories?post=94619"},{"taxonomy":"post_tag","embeddable":true,"href":"https:\/\/progettotouring.it\/radiotouring104\/wp-json\/wp\/v2\/tags?post=94619"}],"curies":[{"name":"wp","href":"https:\/\/api.w.org\/{rel}","templated":true}]}}