{"id":94623,"date":"2026-04-30T12:47:26","date_gmt":"2026-04-30T10:47:26","guid":{"rendered":"https:\/\/progettotouring.it\/radiotouring104\/?p=94623"},"modified":"2026-04-30T12:54:17","modified_gmt":"2026-04-30T10:54:17","slug":"dierre-e-tornato-jovan-miljanic-ora-testa-ai-play-off","status":"publish","type":"post","link":"https:\/\/progettotouring.it\/radiotouring104\/2026\/04\/30\/dierre-e-tornato-jovan-miljanic-ora-testa-ai-play-off\/","title":{"rendered":"Dierre, \u00e8 tornato Jovan Miljanic: &#8220;Ora testa ai Play Off&#8221;"},"content":{"rendered":"<p>\u201cFinalmente in campo. Ora testa ai playoff, vogliamo dimostrare chi siamo\u201d<\/p>\n<p>REGGIO CALABRIA \u2013 Una notizia che scalda i cuori dei tifosi della Dierre: Jovan Miljanic \u00e8 tornato. Il talentuoso esterno, fermo per un infortunio che lo ha tenuto lontano dal parquet un paio di settimane, si \u00e8 rimesso a disposizione del coach Francesco Inguaggiato e della squadra nel momento pi\u00f9 caldo della stagione, quello dei playoff.<br \/>\n\u00abNon vedevo l\u2019ora di tornare \u2013 ha dichiarato Miljanic \u2013 non era un infortunio gravissimo, ma mi ha allontanato dal campo. Adesso sono in piena disponibilit\u00e0 per la squadra e per il coach, cercher\u00f2 di riprendermi al meglio possibile perch\u00e9 abbiamo i playoff contro Comiso. Cerchiamo di fare il meglio\u00bb.<\/p>\n<p>L\u2019Olympia Comiso, terza forza del girone e reduce da una seconda fase praticamente perfetta , si presenta come un ostacolo temibile. Ma Miljanic non si nasconde: \u00abSicuramente ci aspetta una bella sfida. Comiso \u00e8 un\u2019ottima squadra, ha un quintetto molto solido con due lunghi davvero buoni per questa categoria. Sar\u00e0 una battaglia\u00bb.<\/p>\n<p>Il riferimento \u00e8 alla gara giocata nella scorsa Poule, quando la Dierre ha potuto toccare con mano la qualit\u00e0 degli avversari. \u00abStanno giocando una bellissima pallacanestro, hanno vinto la seconda fase quasi da imbattuti. In casa loro sono molto tosti \u2013 ha aggiunto il cestista \u2013 ma speriamo per il nostro bene di portarla a casa\u00bb.<\/p>\n<p>La seconda fase della Dierre \u00e8 stata complicata, lontana dagli splendori del girone d\u2019andata da leader. Ma Jovan non guarda indietro: \u00abQuello che \u00e8 successo prima lo lasciamo dietro di noi. Pensiamo al futuro, a questa fase che \u00e8 la pi\u00f9 importante. Non ci far\u00e0 piacere uscire al primo turno, cercheremo di dare il massimo per portare avanti la serie\u00bb.<\/p>\n<p>E sulla fame agonistica del gruppo: \u00abDa un paio di giornate non vinciamo, abbiamo quella fame in pi\u00f9 per dimostrare chi siamo, soprattutto ora che \u00e8 il momento decisivo\u00bb.<br \/>\nDomenica 3 maggio, alle ore 19, al Paladavolos di Via Tolstoy (casa dell\u2019Olympia Comiso), andr\u00e0 in scena gara-1 dei quarti di finale playoff. La Dierre non avr\u00e0 il fattore campo a favore, ma vuole stupire e inseguire il sogno della promozione in B Interregionale.<br \/>\nPer la serie (al meglio delle tre gare), gara-2 \u00e8 gi\u00e0 in calendario per gioved\u00ec 7 maggio 2026 alle ore 21 al PalaLumaka di Reggio Calabria. Eventuale gara-3 si giocherebbe ancora a Comiso<\/p>\n","protected":false},"excerpt":{"rendered":"<p>\u201cFinalmente in campo. Ora testa ai playoff, vogliamo dimostrare chi siamo\u201d REGGIO CALABRIA \u2013 Una notizia che scalda i cuori dei tifosi della Dierre: Jovan Miljanic \u00e8 tornato. Il talentuoso&hellip;<\/p>\n","protected":false},"author":5,"featured_media":94624,"comment_status":"closed","ping_status":"open","sticky":false,"template":"","format":"standard","meta":{"_jetpack_memberships_contains_paid_content":false,"footnotes":"","jetpack_publicize_message":"","jetpack_publicize_feature_enabled":true,"jetpack_social_post_already_shared":true,"jetpack_social_options":{"image_generator_settings":{"template":"highway","default_image_id":0,"font":"","enabled":false},"version":2}},"categories":[196,140,144],"tags":[21256,53300,53299,53301],"class_list":["post-94623","post","type-post","status-publish","format-standard","has-post-thumbnail","hentry","category-news","category-reggio-calabria","category-sport","tag-dierre","tag-finalmente-in-campo","tag-jovan-miljanic","tag-ora-testa-ai-play-off"],"yoast_head":"<!-- This site is optimized with the Yoast SEO plugin v27.2 - https:\/\/yoast.com\/product\/yoast-seo-wordpress\/ -->\n<title>Dierre, \u00e8 tornato Jovan Miljanic: &quot;Ora testa ai Play Off&quot;<\/title>\n<meta name=\"description\" content=\"&quot;Finalmente in campo, vogliamo dimostrare chi siamo\u201d, ha dichiarato il talentuoso esterno biancobl\u00f9, Jovan Miljanic\" \/>\n<meta name=\"robots\" content=\"index, follow, max-snippet:-1, max-image-preview:large, max-video-preview:-1\" \/>\n<link rel=\"canonical\" href=\"https:\/\/progettotouring.it\/radiotouring104\/2026\/04\/30\/dierre-e-tornato-jovan-miljanic-ora-testa-ai-play-off\/\" \/>\n<meta property=\"og:locale\" content=\"it_IT\" \/>\n<meta property=\"og:type\" content=\"article\" \/>\n<meta property=\"og:title\" content=\"Dierre, \u00e8 tornato Jovan Miljanic: &quot;Ora testa ai Play Off&quot;\" \/>\n<meta property=\"og:description\" content=\"&quot;Finalmente in campo, vogliamo dimostrare chi siamo\u201d, ha dichiarato il talentuoso esterno biancobl\u00f9, Jovan Miljanic\" \/>\n<meta property=\"og:url\" content=\"https:\/\/progettotouring.it\/radiotouring104\/2026\/04\/30\/dierre-e-tornato-jovan-miljanic-ora-testa-ai-play-off\/\" \/>\n<meta property=\"og:site_name\" content=\"Radio Touring 104\" \/>\n<meta property=\"article:published_time\" content=\"2026-04-30T10:47:26+00:00\" \/>\n<meta property=\"article:modified_time\" content=\"2026-04-30T10:54:17+00:00\" \/>\n<meta property=\"og:image\" content=\"https:\/\/progettotouring.it\/radiotouring104\/wp-content\/uploads\/sites\/6\/2026\/04\/Miljanic-Dierre.png\" \/>\n\t<meta property=\"og:image:width\" content=\"1200\" \/>\n\t<meta property=\"og:image:height\" content=\"802\" \/>\n\t<meta property=\"og:image:type\" content=\"image\/png\" \/>\n<meta name=\"author\" content=\"redazione\" \/>\n<meta name=\"twitter:card\" content=\"summary_large_image\" \/>\n<meta name=\"twitter:label1\" content=\"Scritto da\" \/>\n\t<meta name=\"twitter:data1\" content=\"redazione\" \/>\n\t<meta name=\"twitter:label2\" content=\"Tempo di lettura stimato\" \/>\n\t<meta name=\"twitter:data2\" content=\"2 minuti\" \/>\n<script type=\"application\/ld+json\" class=\"yoast-schema-graph\">{\"@context\":\"https:\/\/schema.org\",\"@graph\":[{\"@type\":\"Article\",\"@id\":\"https:\/\/progettotouring.it\/radiotouring104\/2026\/04\/30\/dierre-e-tornato-jovan-miljanic-ora-testa-ai-play-off\/#article\",\"isPartOf\":{\"@id\":\"https:\/\/progettotouring.it\/radiotouring104\/2026\/04\/30\/dierre-e-tornato-jovan-miljanic-ora-testa-ai-play-off\/\"},\"author\":{\"name\":\"redazione\",\"@id\":\"https:\/\/progettotouring.it\/radiotouring104\/#\/schema\/person\/1b3eb3c07c47136bc44c785c543e635f\"},\"headline\":\"Dierre, \u00e8 tornato Jovan Miljanic: &#8220;Ora testa ai Play Off&#8221;\",\"datePublished\":\"2026-04-30T10:47:26+00:00\",\"dateModified\":\"2026-04-30T10:54:17+00:00\",\"mainEntityOfPage\":{\"@id\":\"https:\/\/progettotouring.it\/radiotouring104\/2026\/04\/30\/dierre-e-tornato-jovan-miljanic-ora-testa-ai-play-off\/\"},\"wordCount\":385,\"publisher\":{\"@id\":\"https:\/\/progettotouring.it\/radiotouring104\/#organization\"},\"image\":{\"@id\":\"https:\/\/progettotouring.it\/radiotouring104\/2026\/04\/30\/dierre-e-tornato-jovan-miljanic-ora-testa-ai-play-off\/#primaryimage\"},\"thumbnailUrl\":\"https:\/\/progettotouring.it\/radiotouring104\/wp-content\/uploads\/sites\/6\/2026\/04\/Miljanic-Dierre.png\",\"keywords\":[\"dierre\",\"finalmente in campo\",\"Jovan Miljanic\",\"ora testa ai play off\"],\"articleSection\":[\"News\",\"Reggio Calabria\",\"Sport\"],\"inLanguage\":\"it-IT\"},{\"@type\":\"WebPage\",\"@id\":\"https:\/\/progettotouring.it\/radiotouring104\/2026\/04\/30\/dierre-e-tornato-jovan-miljanic-ora-testa-ai-play-off\/\",\"url\":\"https:\/\/progettotouring.it\/radiotouring104\/2026\/04\/30\/dierre-e-tornato-jovan-miljanic-ora-testa-ai-play-off\/\",\"name\":\"Dierre, \u00e8 tornato Jovan Miljanic: \\\"Ora testa ai Play Off\\\"\",\"isPartOf\":{\"@id\":\"https:\/\/progettotouring.it\/radiotouring104\/#website\"},\"primaryImageOfPage\":{\"@id\":\"https:\/\/progettotouring.it\/radiotouring104\/2026\/04\/30\/dierre-e-tornato-jovan-miljanic-ora-testa-ai-play-off\/#primaryimage\"},\"image\":{\"@id\":\"https:\/\/progettotouring.it\/radiotouring104\/2026\/04\/30\/dierre-e-tornato-jovan-miljanic-ora-testa-ai-play-off\/#primaryimage\"},\"thumbnailUrl\":\"https:\/\/progettotouring.it\/radiotouring104\/wp-content\/uploads\/sites\/6\/2026\/04\/Miljanic-Dierre.png\",\"datePublished\":\"2026-04-30T10:47:26+00:00\",\"dateModified\":\"2026-04-30T10:54:17+00:00\",\"description\":\"\\\"Finalmente in campo, vogliamo dimostrare chi siamo\u201d, ha dichiarato il talentuoso esterno biancobl\u00f9, Jovan Miljanic\",\"breadcrumb\":{\"@id\":\"https:\/\/progettotouring.it\/radiotouring104\/2026\/04\/30\/dierre-e-tornato-jovan-miljanic-ora-testa-ai-play-off\/#breadcrumb\"},\"inLanguage\":\"it-IT\",\"potentialAction\":[{\"@type\":\"ReadAction\",\"target\":[\"https:\/\/progettotouring.it\/radiotouring104\/2026\/04\/30\/dierre-e-tornato-jovan-miljanic-ora-testa-ai-play-off\/\"]}]},{\"@type\":\"ImageObject\",\"inLanguage\":\"it-IT\",\"@id\":\"https:\/\/progettotouring.it\/radiotouring104\/2026\/04\/30\/dierre-e-tornato-jovan-miljanic-ora-testa-ai-play-off\/#primaryimage\",\"url\":\"https:\/\/progettotouring.it\/radiotouring104\/wp-content\/uploads\/sites\/6\/2026\/04\/Miljanic-Dierre.png\",\"contentUrl\":\"https:\/\/progettotouring.it\/radiotouring104\/wp-content\/uploads\/sites\/6\/2026\/04\/Miljanic-Dierre.png\",\"width\":1200,\"height\":802},{\"@type\":\"BreadcrumbList\",\"@id\":\"https:\/\/progettotouring.it\/radiotouring104\/2026\/04\/30\/dierre-e-tornato-jovan-miljanic-ora-testa-ai-play-off\/#breadcrumb\",\"itemListElement\":[{\"@type\":\"ListItem\",\"position\":1,\"name\":\"Home\",\"item\":\"https:\/\/progettotouring.it\/radiotouring104\/\"},{\"@type\":\"ListItem\",\"position\":2,\"name\":\"Dierre, \u00e8 tornato Jovan Miljanic: &#8220;Ora testa ai Play Off&#8221;\"}]},{\"@type\":\"WebSite\",\"@id\":\"https:\/\/progettotouring.it\/radiotouring104\/#website\",\"url\":\"https:\/\/progettotouring.it\/radiotouring104\/\",\"name\":\"Radio Touring 104\",\"description\":\"La prima radio Reggina\",\"publisher\":{\"@id\":\"https:\/\/progettotouring.it\/radiotouring104\/#organization\"},\"potentialAction\":[{\"@type\":\"SearchAction\",\"target\":{\"@type\":\"EntryPoint\",\"urlTemplate\":\"https:\/\/progettotouring.it\/radiotouring104\/?s={search_term_string}\"},\"query-input\":{\"@type\":\"PropertyValueSpecification\",\"valueRequired\":true,\"valueName\":\"search_term_string\"}}],\"inLanguage\":\"it-IT\"},{\"@type\":\"Organization\",\"@id\":\"https:\/\/progettotouring.it\/radiotouring104\/#organization\",\"name\":\"Radio Touring 104\",\"url\":\"https:\/\/progettotouring.it\/radiotouring104\/\",\"logo\":{\"@type\":\"ImageObject\",\"inLanguage\":\"it-IT\",\"@id\":\"https:\/\/progettotouring.it\/radiotouring104\/#\/schema\/logo\/image\/\",\"url\":\"https:\/\/progettotouring.it\/radiotouring104\/wp-content\/uploads\/sites\/6\/2022\/02\/cropped-logo-radio-touring-104.png\",\"contentUrl\":\"https:\/\/progettotouring.it\/radiotouring104\/wp-content\/uploads\/sites\/6\/2022\/02\/cropped-logo-radio-touring-104.png\",\"width\":377,\"height\":182,\"caption\":\"Radio Touring 104\"},\"image\":{\"@id\":\"https:\/\/progettotouring.it\/radiotouring104\/#\/schema\/logo\/image\/\"}},{\"@type\":\"Person\",\"@id\":\"https:\/\/progettotouring.it\/radiotouring104\/#\/schema\/person\/1b3eb3c07c47136bc44c785c543e635f\",\"name\":\"redazione\",\"image\":{\"@type\":\"ImageObject\",\"inLanguage\":\"it-IT\",\"@id\":\"https:\/\/secure.gravatar.com\/avatar\/0b31605b49f100769e8b624b3e05de1b73e1692e9568a352f60f53fd072e6e11?s=96&d=mm&r=g\",\"url\":\"https:\/\/secure.gravatar.com\/avatar\/0b31605b49f100769e8b624b3e05de1b73e1692e9568a352f60f53fd072e6e11?s=96&d=mm&r=g\",\"contentUrl\":\"https:\/\/secure.gravatar.com\/avatar\/0b31605b49f100769e8b624b3e05de1b73e1692e9568a352f60f53fd072e6e11?s=96&d=mm&r=g\",\"caption\":\"redazione\"},\"url\":\"https:\/\/progettotouring.it\/radiotouring104\/author\/redazione\/\"}]}<\/script>\n<!-- \/ Yoast SEO plugin. -->","yoast_head_json":{"title":"Dierre, \u00e8 tornato Jovan Miljanic: \"Ora testa ai Play Off\"","description":"\"Finalmente in campo, vogliamo dimostrare chi siamo\u201d, ha dichiarato il talentuoso esterno biancobl\u00f9, Jovan Miljanic","robots":{"index":"index","follow":"follow","max-snippet":"max-snippet:-1","max-image-preview":"max-image-preview:large","max-video-preview":"max-video-preview:-1"},"canonical":"https:\/\/progettotouring.it\/radiotouring104\/2026\/04\/30\/dierre-e-tornato-jovan-miljanic-ora-testa-ai-play-off\/","og_locale":"it_IT","og_type":"article","og_title":"Dierre, \u00e8 tornato Jovan Miljanic: \"Ora testa ai Play Off\"","og_description":"\"Finalmente in campo, vogliamo dimostrare chi siamo\u201d, ha dichiarato il talentuoso esterno biancobl\u00f9, Jovan Miljanic","og_url":"https:\/\/progettotouring.it\/radiotouring104\/2026\/04\/30\/dierre-e-tornato-jovan-miljanic-ora-testa-ai-play-off\/","og_site_name":"Radio Touring 104","article_published_time":"2026-04-30T10:47:26+00:00","article_modified_time":"2026-04-30T10:54:17+00:00","og_image":[{"width":1200,"height":802,"url":"https:\/\/progettotouring.it\/radiotouring104\/wp-content\/uploads\/sites\/6\/2026\/04\/Miljanic-Dierre.png","type":"image\/png"}],"author":"redazione","twitter_card":"summary_large_image","twitter_misc":{"Scritto da":"redazione","Tempo di lettura stimato":"2 minuti"},"schema":{"@context":"https:\/\/schema.org","@graph":[{"@type":"Article","@id":"https:\/\/progettotouring.it\/radiotouring104\/2026\/04\/30\/dierre-e-tornato-jovan-miljanic-ora-testa-ai-play-off\/#article","isPartOf":{"@id":"https:\/\/progettotouring.it\/radiotouring104\/2026\/04\/30\/dierre-e-tornato-jovan-miljanic-ora-testa-ai-play-off\/"},"author":{"name":"redazione","@id":"https:\/\/progettotouring.it\/radiotouring104\/#\/schema\/person\/1b3eb3c07c47136bc44c785c543e635f"},"headline":"Dierre, \u00e8 tornato Jovan Miljanic: &#8220;Ora testa ai Play Off&#8221;","datePublished":"2026-04-30T10:47:26+00:00","dateModified":"2026-04-30T10:54:17+00:00","mainEntityOfPage":{"@id":"https:\/\/progettotouring.it\/radiotouring104\/2026\/04\/30\/dierre-e-tornato-jovan-miljanic-ora-testa-ai-play-off\/"},"wordCount":385,"publisher":{"@id":"https:\/\/progettotouring.it\/radiotouring104\/#organization"},"image":{"@id":"https:\/\/progettotouring.it\/radiotouring104\/2026\/04\/30\/dierre-e-tornato-jovan-miljanic-ora-testa-ai-play-off\/#primaryimage"},"thumbnailUrl":"https:\/\/progettotouring.it\/radiotouring104\/wp-content\/uploads\/sites\/6\/2026\/04\/Miljanic-Dierre.png","keywords":["dierre","finalmente in campo","Jovan Miljanic","ora testa ai play off"],"articleSection":["News","Reggio Calabria","Sport"],"inLanguage":"it-IT"},{"@type":"WebPage","@id":"https:\/\/progettotouring.it\/radiotouring104\/2026\/04\/30\/dierre-e-tornato-jovan-miljanic-ora-testa-ai-play-off\/","url":"https:\/\/progettotouring.it\/radiotouring104\/2026\/04\/30\/dierre-e-tornato-jovan-miljanic-ora-testa-ai-play-off\/","name":"Dierre, \u00e8 tornato Jovan Miljanic: \"Ora testa ai Play Off\"","isPartOf":{"@id":"https:\/\/progettotouring.it\/radiotouring104\/#website"},"primaryImageOfPage":{"@id":"https:\/\/progettotouring.it\/radiotouring104\/2026\/04\/30\/dierre-e-tornato-jovan-miljanic-ora-testa-ai-play-off\/#primaryimage"},"image":{"@id":"https:\/\/progettotouring.it\/radiotouring104\/2026\/04\/30\/dierre-e-tornato-jovan-miljanic-ora-testa-ai-play-off\/#primaryimage"},"thumbnailUrl":"https:\/\/progettotouring.it\/radiotouring104\/wp-content\/uploads\/sites\/6\/2026\/04\/Miljanic-Dierre.png","datePublished":"2026-04-30T10:47:26+00:00","dateModified":"2026-04-30T10:54:17+00:00","description":"\"Finalmente in campo, vogliamo dimostrare chi siamo\u201d, ha dichiarato il talentuoso esterno biancobl\u00f9, Jovan Miljanic","breadcrumb":{"@id":"https:\/\/progettotouring.it\/radiotouring104\/2026\/04\/30\/dierre-e-tornato-jovan-miljanic-ora-testa-ai-play-off\/#breadcrumb"},"inLanguage":"it-IT","potentialAction":[{"@type":"ReadAction","target":["https:\/\/progettotouring.it\/radiotouring104\/2026\/04\/30\/dierre-e-tornato-jovan-miljanic-ora-testa-ai-play-off\/"]}]},{"@type":"ImageObject","inLanguage":"it-IT","@id":"https:\/\/progettotouring.it\/radiotouring104\/2026\/04\/30\/dierre-e-tornato-jovan-miljanic-ora-testa-ai-play-off\/#primaryimage","url":"https:\/\/progettotouring.it\/radiotouring104\/wp-content\/uploads\/sites\/6\/2026\/04\/Miljanic-Dierre.png","contentUrl":"https:\/\/progettotouring.it\/radiotouring104\/wp-content\/uploads\/sites\/6\/2026\/04\/Miljanic-Dierre.png","width":1200,"height":802},{"@type":"BreadcrumbList","@id":"https:\/\/progettotouring.it\/radiotouring104\/2026\/04\/30\/dierre-e-tornato-jovan-miljanic-ora-testa-ai-play-off\/#breadcrumb","itemListElement":[{"@type":"ListItem","position":1,"name":"Home","item":"https:\/\/progettotouring.it\/radiotouring104\/"},{"@type":"ListItem","position":2,"name":"Dierre, \u00e8 tornato Jovan Miljanic: &#8220;Ora testa ai Play Off&#8221;"}]},{"@type":"WebSite","@id":"https:\/\/progettotouring.it\/radiotouring104\/#website","url":"https:\/\/progettotouring.it\/radiotouring104\/","name":"Radio Touring 104","description":"La prima radio Reggina","publisher":{"@id":"https:\/\/progettotouring.it\/radiotouring104\/#organization"},"potentialAction":[{"@type":"SearchAction","target":{"@type":"EntryPoint","urlTemplate":"https:\/\/progettotouring.it\/radiotouring104\/?s={search_term_string}"},"query-input":{"@type":"PropertyValueSpecification","valueRequired":true,"valueName":"search_term_string"}}],"inLanguage":"it-IT"},{"@type":"Organization","@id":"https:\/\/progettotouring.it\/radiotouring104\/#organization","name":"Radio Touring 104","url":"https:\/\/progettotouring.it\/radiotouring104\/","logo":{"@type":"ImageObject","inLanguage":"it-IT","@id":"https:\/\/progettotouring.it\/radiotouring104\/#\/schema\/logo\/image\/","url":"https:\/\/progettotouring.it\/radiotouring104\/wp-content\/uploads\/sites\/6\/2022\/02\/cropped-logo-radio-touring-104.png","contentUrl":"https:\/\/progettotouring.it\/radiotouring104\/wp-content\/uploads\/sites\/6\/2022\/02\/cropped-logo-radio-touring-104.png","width":377,"height":182,"caption":"Radio Touring 104"},"image":{"@id":"https:\/\/progettotouring.it\/radiotouring104\/#\/schema\/logo\/image\/"}},{"@type":"Person","@id":"https:\/\/progettotouring.it\/radiotouring104\/#\/schema\/person\/1b3eb3c07c47136bc44c785c543e635f","name":"redazione","image":{"@type":"ImageObject","inLanguage":"it-IT","@id":"https:\/\/secure.gravatar.com\/avatar\/0b31605b49f100769e8b624b3e05de1b73e1692e9568a352f60f53fd072e6e11?s=96&d=mm&r=g","url":"https:\/\/secure.gravatar.com\/avatar\/0b31605b49f100769e8b624b3e05de1b73e1692e9568a352f60f53fd072e6e11?s=96&d=mm&r=g","contentUrl":"https:\/\/secure.gravatar.com\/avatar\/0b31605b49f100769e8b624b3e05de1b73e1692e9568a352f60f53fd072e6e11?s=96&d=mm&r=g","caption":"redazione"},"url":"https:\/\/progettotouring.it\/radiotouring104\/author\/redazione\/"}]}},"jetpack_publicize_connections":[],"jetpack_featured_media_url":"https:\/\/progettotouring.it\/radiotouring104\/wp-content\/uploads\/sites\/6\/2026\/04\/Miljanic-Dierre.png","jetpack_sharing_enabled":true,"_links":{"self":[{"href":"https:\/\/progettotouring.it\/radiotouring104\/wp-json\/wp\/v2\/posts\/94623","targetHints":{"allow":["GET"]}}],"collection":[{"href":"https:\/\/progettotouring.it\/radiotouring104\/wp-json\/wp\/v2\/posts"}],"about":[{"href":"https:\/\/progettotouring.it\/radiotouring104\/wp-json\/wp\/v2\/types\/post"}],"author":[{"embeddable":true,"href":"https:\/\/progettotouring.it\/radiotouring104\/wp-json\/wp\/v2\/users\/5"}],"replies":[{"embeddable":true,"href":"https:\/\/progettotouring.it\/radiotouring104\/wp-json\/wp\/v2\/comments?post=94623"}],"version-history":[{"count":1,"href":"https:\/\/progettotouring.it\/radiotouring104\/wp-json\/wp\/v2\/posts\/94623\/revisions"}],"predecessor-version":[{"id":94625,"href":"https:\/\/progettotouring.it\/radiotouring104\/wp-json\/wp\/v2\/posts\/94623\/revisions\/94625"}],"wp:featuredmedia":[{"embeddable":true,"href":"https:\/\/progettotouring.it\/radiotouring104\/wp-json\/wp\/v2\/media\/94624"}],"wp:attachment":[{"href":"https:\/\/progettotouring.it\/radiotouring104\/wp-json\/wp\/v2\/media?parent=94623"}],"wp:term":[{"taxonomy":"category","embeddable":true,"href":"https:\/\/progettotouring.it\/radiotouring104\/wp-json\/wp\/v2\/categories?post=94623"},{"taxonomy":"post_tag","embeddable":true,"href":"https:\/\/progettotouring.it\/radiotouring104\/wp-json\/wp\/v2\/tags?post=94623"}],"curies":[{"name":"wp","href":"https:\/\/api.w.org\/{rel}","templated":true}]}}