{"id":94630,"date":"2026-05-01T10:59:59","date_gmt":"2026-05-01T08:59:59","guid":{"rendered":"https:\/\/progettotouring.it\/radiotouring104\/?p=94630"},"modified":"2026-05-01T10:59:59","modified_gmt":"2026-05-01T08:59:59","slug":"reggina-non-e-peccato-chiedere-il-rispetto-delle-regole","status":"publish","type":"post","link":"https:\/\/progettotouring.it\/radiotouring104\/2026\/05\/01\/reggina-non-e-peccato-chiedere-il-rispetto-delle-regole\/","title":{"rendered":"Reggina, non \u00e8 peccato chiedere il rispetto delle regole"},"content":{"rendered":"<p><strong>30 giugno 2023<\/strong>: una data che sembra appartenere a un lontano passato ma che, invece, non \u00e8 cos\u00ec remota.<\/p>\n<p>Neanche tre anni fa la Covisoc rifiutava la domanda di iscrizione della Reggina, sconfitta al primo turno dei play off per la promozione in serie A, al successivo campionato di serie B.<\/p>\n<p>La motivazione ?\u00a0 Il mancato rispetto del termine del 20 giugno per il pagamento della prima tranche, <strong>di 757 mila euro<\/strong>, del piano di ristrutturazione del debito omologato dal Tribunale qualche settimana prima.<\/p>\n<p>La Reggina venne esclusa dal campionato e tale determinazione fu confermata dai superiori gradi di giudizio, ovvero il Consiglio di Stato e il Collegio di Garanzia del Coni.<\/p>\n<p>La Giustizia sportiva fece valere la sua autonomia rispetto a quella ordinaria, sistematicamente invocata dalla societ\u00e0 amaranto, che rispettosa del termine di 30 giorni previsto nell&#8217;omologa, aveva, nel frattempo, onorato il pagamento incriminato.<\/p>\n<p><strong>La Reggina fu cancellata dal calcio professionistico e fu costretta a ripartire dalla Serie D.<\/strong><\/p>\n<p><strong>Sono ancora vive amarezza e delusione per quell&#8217;epilogo che aveva mortificato una Citt\u00e0 e un tifoseria che, incolpevolmente e senza alcuna avvisaglia,\u00a0 pagavano la gestione dei dirigenti dell&#8217;epoca.<\/strong><\/p>\n<p>La Reggina ha pagato e l&#8217;avversa decisione della Federazione venne, seppur scatenando la inevitabile rabbia dei tifosi per la terribile conseguenza, accettata dalla citt\u00e0.<\/p>\n<p><strong>Oggi stanno emergendo anomalie che riguarderebbero il girone di serie D a cui partecipa la Reggina\u00a0 e che coinvolgerebbero, a vario titolo, numerose societ\u00e0.<\/strong><\/p>\n<p><strong>A tal proposito la Reggina, cos\u00ec come altre societ\u00e0, ha presentato un esposto alla Procura Federale della Figc: non ci sorprende e, men che meno, biasimiamo tale scelta anzi: saremmo oltremodo perplessi se la Dirigenza amaranto non agisse a tutela degli interessi del Club.<\/strong><\/p>\n<p>Infatti, qualora la societ\u00e0 abbia avuto notizia di fatti che possano aver inciso sulla regolarit\u00e0 del campionato sarebbe stato incomprensibile e imperdonabile una sua inattivit\u00e0&#8217;.<\/p>\n<p><strong>Non vogliamo entrare nel merito n\u00e9 potremmo, in questa fase, farlo senza rimanere nell&#8217;alveo delle ipotesi .<\/strong><\/p>\n<p><strong>Quello che auspichiamo \u00e8 che la Giustizia sportiva eserciti le proprie funzioni con tempestivit\u00e0.<\/strong><\/p>\n<p>Ci sembra pleonastico sottolineare lo stato attuale in cui versa il calcio italiano e pensiamo, e non da oggi, che solo trasparenza nelle azioni e rigorosa applicazione della normativa possano contribuire ad aumentare la credibilit\u00e0 delle Istituzioni sportive che, ahinoi, spesso mostrano limiti operativi, di controllo e, non ultimo, di\u00a0 uniformit\u00e0 nelle decisioni.<\/p>\n<p>\u00c8 indispensabile che ci\u00f2 accada per tornare a parlare solo di calcio, solo di ci\u00f2 che succede sul terreno di gioco.<\/p>\n<p>&nbsp;<\/p>\n","protected":false},"excerpt":{"rendered":"<p>30 giugno 2023: una data che sembra appartenere a un lontano passato ma che, invece, non \u00e8 cos\u00ec remota. Neanche tre anni fa la Covisoc rifiutava la domanda di iscrizione&hellip;<\/p>\n","protected":false},"author":19,"featured_media":94637,"comment_status":"closed","ping_status":"open","sticky":false,"template":"","format":"standard","meta":{"_jetpack_memberships_contains_paid_content":false,"footnotes":"","jetpack_publicize_message":"","jetpack_publicize_feature_enabled":true,"jetpack_social_post_already_shared":true,"jetpack_social_options":{"image_generator_settings":{"template":"highway","default_image_id":0,"font":"","enabled":false},"version":2}},"categories":[150,196,144],"tags":[],"class_list":["post-94630","post","type-post","status-publish","format-standard","has-post-thumbnail","hentry","category-in-primo-piano","category-news","category-sport"],"yoast_head":"<!-- This site is optimized with the Yoast SEO plugin v27.2 - https:\/\/yoast.com\/product\/yoast-seo-wordpress\/ -->\n<title>Reggina, non \u00e8 peccato chiedere il rispetto delle regole - Radio Touring 104<\/title>\n<meta name=\"description\" content=\"Si addensano le ombre sul campionato di serie D girone I\" \/>\n<meta name=\"robots\" content=\"index, follow, max-snippet:-1, max-image-preview:large, max-video-preview:-1\" \/>\n<link rel=\"canonical\" href=\"https:\/\/progettotouring.it\/radiotouring104\/2026\/05\/01\/reggina-non-e-peccato-chiedere-il-rispetto-delle-regole\/\" \/>\n<meta property=\"og:locale\" content=\"it_IT\" \/>\n<meta property=\"og:type\" content=\"article\" \/>\n<meta property=\"og:title\" content=\"Reggina, non \u00e8 peccato chiedere il rispetto delle regole - Radio Touring 104\" \/>\n<meta property=\"og:description\" content=\"Si addensano le ombre sul campionato di serie D girone I\" \/>\n<meta property=\"og:url\" content=\"https:\/\/progettotouring.it\/radiotouring104\/2026\/05\/01\/reggina-non-e-peccato-chiedere-il-rispetto-delle-regole\/\" \/>\n<meta property=\"og:site_name\" content=\"Radio Touring 104\" \/>\n<meta property=\"article:published_time\" content=\"2026-05-01T08:59:59+00:00\" \/>\n<meta property=\"og:image\" content=\"https:\/\/progettotouring.it\/radiotouring104\/wp-content\/uploads\/sites\/6\/2026\/05\/IMMAGINI-X-SITO-2026-05-01T105725.404.jpg\" \/>\n\t<meta property=\"og:image:width\" content=\"2000\" \/>\n\t<meta property=\"og:image:height\" content=\"1545\" \/>\n\t<meta property=\"og:image:type\" content=\"image\/jpeg\" \/>\n<meta name=\"author\" content=\"S L\" \/>\n<meta name=\"twitter:card\" content=\"summary_large_image\" \/>\n<meta name=\"twitter:label1\" content=\"Scritto da\" \/>\n\t<meta name=\"twitter:data1\" content=\"S L\" \/>\n\t<meta name=\"twitter:label2\" content=\"Tempo di lettura stimato\" \/>\n\t<meta name=\"twitter:data2\" content=\"2 minuti\" \/>\n<script type=\"application\/ld+json\" class=\"yoast-schema-graph\">{\"@context\":\"https:\/\/schema.org\",\"@graph\":[{\"@type\":\"Article\",\"@id\":\"https:\/\/progettotouring.it\/radiotouring104\/2026\/05\/01\/reggina-non-e-peccato-chiedere-il-rispetto-delle-regole\/#article\",\"isPartOf\":{\"@id\":\"https:\/\/progettotouring.it\/radiotouring104\/2026\/05\/01\/reggina-non-e-peccato-chiedere-il-rispetto-delle-regole\/\"},\"author\":{\"name\":\"S L\",\"@id\":\"https:\/\/progettotouring.it\/radiotouring104\/#\/schema\/person\/b9f9c3730b0a78814c9b9f3bfc52c619\"},\"headline\":\"Reggina, non \u00e8 peccato chiedere il rispetto delle regole\",\"datePublished\":\"2026-05-01T08:59:59+00:00\",\"mainEntityOfPage\":{\"@id\":\"https:\/\/progettotouring.it\/radiotouring104\/2026\/05\/01\/reggina-non-e-peccato-chiedere-il-rispetto-delle-regole\/\"},\"wordCount\":410,\"publisher\":{\"@id\":\"https:\/\/progettotouring.it\/radiotouring104\/#organization\"},\"image\":{\"@id\":\"https:\/\/progettotouring.it\/radiotouring104\/2026\/05\/01\/reggina-non-e-peccato-chiedere-il-rispetto-delle-regole\/#primaryimage\"},\"thumbnailUrl\":\"https:\/\/progettotouring.it\/radiotouring104\/wp-content\/uploads\/sites\/6\/2026\/05\/IMMAGINI-X-SITO-2026-05-01T105725.404.jpg\",\"articleSection\":[\"In primo piano\",\"News\",\"Sport\"],\"inLanguage\":\"it-IT\"},{\"@type\":\"WebPage\",\"@id\":\"https:\/\/progettotouring.it\/radiotouring104\/2026\/05\/01\/reggina-non-e-peccato-chiedere-il-rispetto-delle-regole\/\",\"url\":\"https:\/\/progettotouring.it\/radiotouring104\/2026\/05\/01\/reggina-non-e-peccato-chiedere-il-rispetto-delle-regole\/\",\"name\":\"Reggina, non \u00e8 peccato chiedere il rispetto delle regole - Radio Touring 104\",\"isPartOf\":{\"@id\":\"https:\/\/progettotouring.it\/radiotouring104\/#website\"},\"primaryImageOfPage\":{\"@id\":\"https:\/\/progettotouring.it\/radiotouring104\/2026\/05\/01\/reggina-non-e-peccato-chiedere-il-rispetto-delle-regole\/#primaryimage\"},\"image\":{\"@id\":\"https:\/\/progettotouring.it\/radiotouring104\/2026\/05\/01\/reggina-non-e-peccato-chiedere-il-rispetto-delle-regole\/#primaryimage\"},\"thumbnailUrl\":\"https:\/\/progettotouring.it\/radiotouring104\/wp-content\/uploads\/sites\/6\/2026\/05\/IMMAGINI-X-SITO-2026-05-01T105725.404.jpg\",\"datePublished\":\"2026-05-01T08:59:59+00:00\",\"description\":\"Si addensano le ombre sul campionato di serie D girone I\",\"breadcrumb\":{\"@id\":\"https:\/\/progettotouring.it\/radiotouring104\/2026\/05\/01\/reggina-non-e-peccato-chiedere-il-rispetto-delle-regole\/#breadcrumb\"},\"inLanguage\":\"it-IT\",\"potentialAction\":[{\"@type\":\"ReadAction\",\"target\":[\"https:\/\/progettotouring.it\/radiotouring104\/2026\/05\/01\/reggina-non-e-peccato-chiedere-il-rispetto-delle-regole\/\"]}]},{\"@type\":\"ImageObject\",\"inLanguage\":\"it-IT\",\"@id\":\"https:\/\/progettotouring.it\/radiotouring104\/2026\/05\/01\/reggina-non-e-peccato-chiedere-il-rispetto-delle-regole\/#primaryimage\",\"url\":\"https:\/\/progettotouring.it\/radiotouring104\/wp-content\/uploads\/sites\/6\/2026\/05\/IMMAGINI-X-SITO-2026-05-01T105725.404.jpg\",\"contentUrl\":\"https:\/\/progettotouring.it\/radiotouring104\/wp-content\/uploads\/sites\/6\/2026\/05\/IMMAGINI-X-SITO-2026-05-01T105725.404.jpg\",\"width\":2000,\"height\":1545},{\"@type\":\"BreadcrumbList\",\"@id\":\"https:\/\/progettotouring.it\/radiotouring104\/2026\/05\/01\/reggina-non-e-peccato-chiedere-il-rispetto-delle-regole\/#breadcrumb\",\"itemListElement\":[{\"@type\":\"ListItem\",\"position\":1,\"name\":\"Home\",\"item\":\"https:\/\/progettotouring.it\/radiotouring104\/\"},{\"@type\":\"ListItem\",\"position\":2,\"name\":\"Reggina, non \u00e8 peccato chiedere il rispetto delle regole\"}]},{\"@type\":\"WebSite\",\"@id\":\"https:\/\/progettotouring.it\/radiotouring104\/#website\",\"url\":\"https:\/\/progettotouring.it\/radiotouring104\/\",\"name\":\"Radio Touring 104\",\"description\":\"La prima radio Reggina\",\"publisher\":{\"@id\":\"https:\/\/progettotouring.it\/radiotouring104\/#organization\"},\"potentialAction\":[{\"@type\":\"SearchAction\",\"target\":{\"@type\":\"EntryPoint\",\"urlTemplate\":\"https:\/\/progettotouring.it\/radiotouring104\/?s={search_term_string}\"},\"query-input\":{\"@type\":\"PropertyValueSpecification\",\"valueRequired\":true,\"valueName\":\"search_term_string\"}}],\"inLanguage\":\"it-IT\"},{\"@type\":\"Organization\",\"@id\":\"https:\/\/progettotouring.it\/radiotouring104\/#organization\",\"name\":\"Radio Touring 104\",\"url\":\"https:\/\/progettotouring.it\/radiotouring104\/\",\"logo\":{\"@type\":\"ImageObject\",\"inLanguage\":\"it-IT\",\"@id\":\"https:\/\/progettotouring.it\/radiotouring104\/#\/schema\/logo\/image\/\",\"url\":\"https:\/\/progettotouring.it\/radiotouring104\/wp-content\/uploads\/sites\/6\/2022\/02\/cropped-logo-radio-touring-104.png\",\"contentUrl\":\"https:\/\/progettotouring.it\/radiotouring104\/wp-content\/uploads\/sites\/6\/2022\/02\/cropped-logo-radio-touring-104.png\",\"width\":377,\"height\":182,\"caption\":\"Radio Touring 104\"},\"image\":{\"@id\":\"https:\/\/progettotouring.it\/radiotouring104\/#\/schema\/logo\/image\/\"}},{\"@type\":\"Person\",\"@id\":\"https:\/\/progettotouring.it\/radiotouring104\/#\/schema\/person\/b9f9c3730b0a78814c9b9f3bfc52c619\",\"name\":\"S L\",\"image\":{\"@type\":\"ImageObject\",\"inLanguage\":\"it-IT\",\"@id\":\"https:\/\/secure.gravatar.com\/avatar\/652c51789d7030aaed9ff828331360502a68204fe6fb0831bc280515210e16d2?s=96&d=mm&r=g\",\"url\":\"https:\/\/secure.gravatar.com\/avatar\/652c51789d7030aaed9ff828331360502a68204fe6fb0831bc280515210e16d2?s=96&d=mm&r=g\",\"contentUrl\":\"https:\/\/secure.gravatar.com\/avatar\/652c51789d7030aaed9ff828331360502a68204fe6fb0831bc280515210e16d2?s=96&d=mm&r=g\",\"caption\":\"S L\"},\"url\":\"https:\/\/progettotouring.it\/radiotouring104\/author\/slibri\/\"}]}<\/script>\n<!-- \/ Yoast SEO plugin. -->","yoast_head_json":{"title":"Reggina, non \u00e8 peccato chiedere il rispetto delle regole - Radio Touring 104","description":"Si addensano le ombre sul campionato di serie D girone I","robots":{"index":"index","follow":"follow","max-snippet":"max-snippet:-1","max-image-preview":"max-image-preview:large","max-video-preview":"max-video-preview:-1"},"canonical":"https:\/\/progettotouring.it\/radiotouring104\/2026\/05\/01\/reggina-non-e-peccato-chiedere-il-rispetto-delle-regole\/","og_locale":"it_IT","og_type":"article","og_title":"Reggina, non \u00e8 peccato chiedere il rispetto delle regole - Radio Touring 104","og_description":"Si addensano le ombre sul campionato di serie D girone I","og_url":"https:\/\/progettotouring.it\/radiotouring104\/2026\/05\/01\/reggina-non-e-peccato-chiedere-il-rispetto-delle-regole\/","og_site_name":"Radio Touring 104","article_published_time":"2026-05-01T08:59:59+00:00","og_image":[{"width":2000,"height":1545,"url":"https:\/\/progettotouring.it\/radiotouring104\/wp-content\/uploads\/sites\/6\/2026\/05\/IMMAGINI-X-SITO-2026-05-01T105725.404.jpg","type":"image\/jpeg"}],"author":"S L","twitter_card":"summary_large_image","twitter_misc":{"Scritto da":"S L","Tempo di lettura stimato":"2 minuti"},"schema":{"@context":"https:\/\/schema.org","@graph":[{"@type":"Article","@id":"https:\/\/progettotouring.it\/radiotouring104\/2026\/05\/01\/reggina-non-e-peccato-chiedere-il-rispetto-delle-regole\/#article","isPartOf":{"@id":"https:\/\/progettotouring.it\/radiotouring104\/2026\/05\/01\/reggina-non-e-peccato-chiedere-il-rispetto-delle-regole\/"},"author":{"name":"S L","@id":"https:\/\/progettotouring.it\/radiotouring104\/#\/schema\/person\/b9f9c3730b0a78814c9b9f3bfc52c619"},"headline":"Reggina, non \u00e8 peccato chiedere il rispetto delle regole","datePublished":"2026-05-01T08:59:59+00:00","mainEntityOfPage":{"@id":"https:\/\/progettotouring.it\/radiotouring104\/2026\/05\/01\/reggina-non-e-peccato-chiedere-il-rispetto-delle-regole\/"},"wordCount":410,"publisher":{"@id":"https:\/\/progettotouring.it\/radiotouring104\/#organization"},"image":{"@id":"https:\/\/progettotouring.it\/radiotouring104\/2026\/05\/01\/reggina-non-e-peccato-chiedere-il-rispetto-delle-regole\/#primaryimage"},"thumbnailUrl":"https:\/\/progettotouring.it\/radiotouring104\/wp-content\/uploads\/sites\/6\/2026\/05\/IMMAGINI-X-SITO-2026-05-01T105725.404.jpg","articleSection":["In primo piano","News","Sport"],"inLanguage":"it-IT"},{"@type":"WebPage","@id":"https:\/\/progettotouring.it\/radiotouring104\/2026\/05\/01\/reggina-non-e-peccato-chiedere-il-rispetto-delle-regole\/","url":"https:\/\/progettotouring.it\/radiotouring104\/2026\/05\/01\/reggina-non-e-peccato-chiedere-il-rispetto-delle-regole\/","name":"Reggina, non \u00e8 peccato chiedere il rispetto delle regole - Radio Touring 104","isPartOf":{"@id":"https:\/\/progettotouring.it\/radiotouring104\/#website"},"primaryImageOfPage":{"@id":"https:\/\/progettotouring.it\/radiotouring104\/2026\/05\/01\/reggina-non-e-peccato-chiedere-il-rispetto-delle-regole\/#primaryimage"},"image":{"@id":"https:\/\/progettotouring.it\/radiotouring104\/2026\/05\/01\/reggina-non-e-peccato-chiedere-il-rispetto-delle-regole\/#primaryimage"},"thumbnailUrl":"https:\/\/progettotouring.it\/radiotouring104\/wp-content\/uploads\/sites\/6\/2026\/05\/IMMAGINI-X-SITO-2026-05-01T105725.404.jpg","datePublished":"2026-05-01T08:59:59+00:00","description":"Si addensano le ombre sul campionato di serie D girone I","breadcrumb":{"@id":"https:\/\/progettotouring.it\/radiotouring104\/2026\/05\/01\/reggina-non-e-peccato-chiedere-il-rispetto-delle-regole\/#breadcrumb"},"inLanguage":"it-IT","potentialAction":[{"@type":"ReadAction","target":["https:\/\/progettotouring.it\/radiotouring104\/2026\/05\/01\/reggina-non-e-peccato-chiedere-il-rispetto-delle-regole\/"]}]},{"@type":"ImageObject","inLanguage":"it-IT","@id":"https:\/\/progettotouring.it\/radiotouring104\/2026\/05\/01\/reggina-non-e-peccato-chiedere-il-rispetto-delle-regole\/#primaryimage","url":"https:\/\/progettotouring.it\/radiotouring104\/wp-content\/uploads\/sites\/6\/2026\/05\/IMMAGINI-X-SITO-2026-05-01T105725.404.jpg","contentUrl":"https:\/\/progettotouring.it\/radiotouring104\/wp-content\/uploads\/sites\/6\/2026\/05\/IMMAGINI-X-SITO-2026-05-01T105725.404.jpg","width":2000,"height":1545},{"@type":"BreadcrumbList","@id":"https:\/\/progettotouring.it\/radiotouring104\/2026\/05\/01\/reggina-non-e-peccato-chiedere-il-rispetto-delle-regole\/#breadcrumb","itemListElement":[{"@type":"ListItem","position":1,"name":"Home","item":"https:\/\/progettotouring.it\/radiotouring104\/"},{"@type":"ListItem","position":2,"name":"Reggina, non \u00e8 peccato chiedere il rispetto delle regole"}]},{"@type":"WebSite","@id":"https:\/\/progettotouring.it\/radiotouring104\/#website","url":"https:\/\/progettotouring.it\/radiotouring104\/","name":"Radio Touring 104","description":"La prima radio Reggina","publisher":{"@id":"https:\/\/progettotouring.it\/radiotouring104\/#organization"},"potentialAction":[{"@type":"SearchAction","target":{"@type":"EntryPoint","urlTemplate":"https:\/\/progettotouring.it\/radiotouring104\/?s={search_term_string}"},"query-input":{"@type":"PropertyValueSpecification","valueRequired":true,"valueName":"search_term_string"}}],"inLanguage":"it-IT"},{"@type":"Organization","@id":"https:\/\/progettotouring.it\/radiotouring104\/#organization","name":"Radio Touring 104","url":"https:\/\/progettotouring.it\/radiotouring104\/","logo":{"@type":"ImageObject","inLanguage":"it-IT","@id":"https:\/\/progettotouring.it\/radiotouring104\/#\/schema\/logo\/image\/","url":"https:\/\/progettotouring.it\/radiotouring104\/wp-content\/uploads\/sites\/6\/2022\/02\/cropped-logo-radio-touring-104.png","contentUrl":"https:\/\/progettotouring.it\/radiotouring104\/wp-content\/uploads\/sites\/6\/2022\/02\/cropped-logo-radio-touring-104.png","width":377,"height":182,"caption":"Radio Touring 104"},"image":{"@id":"https:\/\/progettotouring.it\/radiotouring104\/#\/schema\/logo\/image\/"}},{"@type":"Person","@id":"https:\/\/progettotouring.it\/radiotouring104\/#\/schema\/person\/b9f9c3730b0a78814c9b9f3bfc52c619","name":"S L","image":{"@type":"ImageObject","inLanguage":"it-IT","@id":"https:\/\/secure.gravatar.com\/avatar\/652c51789d7030aaed9ff828331360502a68204fe6fb0831bc280515210e16d2?s=96&d=mm&r=g","url":"https:\/\/secure.gravatar.com\/avatar\/652c51789d7030aaed9ff828331360502a68204fe6fb0831bc280515210e16d2?s=96&d=mm&r=g","contentUrl":"https:\/\/secure.gravatar.com\/avatar\/652c51789d7030aaed9ff828331360502a68204fe6fb0831bc280515210e16d2?s=96&d=mm&r=g","caption":"S L"},"url":"https:\/\/progettotouring.it\/radiotouring104\/author\/slibri\/"}]}},"jetpack_publicize_connections":[],"jetpack_featured_media_url":"https:\/\/progettotouring.it\/radiotouring104\/wp-content\/uploads\/sites\/6\/2026\/05\/IMMAGINI-X-SITO-2026-05-01T105725.404.jpg","jetpack_sharing_enabled":true,"_links":{"self":[{"href":"https:\/\/progettotouring.it\/radiotouring104\/wp-json\/wp\/v2\/posts\/94630","targetHints":{"allow":["GET"]}}],"collection":[{"href":"https:\/\/progettotouring.it\/radiotouring104\/wp-json\/wp\/v2\/posts"}],"about":[{"href":"https:\/\/progettotouring.it\/radiotouring104\/wp-json\/wp\/v2\/types\/post"}],"author":[{"embeddable":true,"href":"https:\/\/progettotouring.it\/radiotouring104\/wp-json\/wp\/v2\/users\/19"}],"replies":[{"embeddable":true,"href":"https:\/\/progettotouring.it\/radiotouring104\/wp-json\/wp\/v2\/comments?post=94630"}],"version-history":[{"count":5,"href":"https:\/\/progettotouring.it\/radiotouring104\/wp-json\/wp\/v2\/posts\/94630\/revisions"}],"predecessor-version":[{"id":94638,"href":"https:\/\/progettotouring.it\/radiotouring104\/wp-json\/wp\/v2\/posts\/94630\/revisions\/94638"}],"wp:featuredmedia":[{"embeddable":true,"href":"https:\/\/progettotouring.it\/radiotouring104\/wp-json\/wp\/v2\/media\/94637"}],"wp:attachment":[{"href":"https:\/\/progettotouring.it\/radiotouring104\/wp-json\/wp\/v2\/media?parent=94630"}],"wp:term":[{"taxonomy":"category","embeddable":true,"href":"https:\/\/progettotouring.it\/radiotouring104\/wp-json\/wp\/v2\/categories?post=94630"},{"taxonomy":"post_tag","embeddable":true,"href":"https:\/\/progettotouring.it\/radiotouring104\/wp-json\/wp\/v2\/tags?post=94630"}],"curies":[{"name":"wp","href":"https:\/\/api.w.org\/{rel}","templated":true}]}}