{"id":99575,"date":"2026-08-31T09:25:49","date_gmt":"2026-08-31T07:25:49","guid":{"rendered":"https:\/\/progettotouring.it\/radiotouring104\/?p=99575"},"modified":"2026-08-31T09:25:49","modified_gmt":"2026-08-31T07:25:49","slug":"escalation-atti-intimidatori-a-gioia-tauro-princi-contro-ogni-intimidazione-la-legalita-si-difende-nelle-istituzioni-e-si-costruisce-a-scuola","status":"publish","type":"post","link":"https:\/\/progettotouring.it\/radiotouring104\/2026\/08\/31\/escalation-atti-intimidatori-a-gioia-tauro-princi-contro-ogni-intimidazione-la-legalita-si-difende-nelle-istituzioni-e-si-costruisce-a-scuola\/","title":{"rendered":"Escalation atti intimidatori a Gioia Tauro, Princi: \u201cContro ogni intimidazione, la legalit\u00e0 si difende nelle istituzioni e si costruisce a scuola\u201d"},"content":{"rendered":"<p style=\"font-weight: 400\">\u201cLe gravi minacce rivolte al sindaco di Gioia Tauro, Simona Scarcella, e il danneggiamento dell\u2019abitazione dell\u2019ex primo cittadino Aldo Alessio sono inaccettabili\u201d. Lo afferma l\u2019europarlamentare calabrese Giusi Princi.<\/p>\n<p style=\"font-weight: 400\">\u201cDue vicende distinte &#8211; prosegue -, rispetto alle quali ogni eventuale nesso e responsabilit\u00e0 dovranno essere accertati dagli organi competenti, che richiamano tuttavia il medesimo dovere civile: respingere senza ambiguit\u00e0 qualunque tentativo di affidare alla paura ci\u00f2 che, in una democrazia, appartiene unicamente alla libert\u00e0 del confronto e alla forza del diritto\u201d.<\/p>\n<p style=\"font-weight: 400\">\u201cDesidero esprimere &#8211; afferma l\u2019On. Princi &#8211; la mia pi\u00f9 sincera vicinanza al Sindaco Simona Scarcella, ai suoi figli e alla sua famiglia, cos\u00ec come ad Aldo Alessio e ai suoi cari. Quando la minaccia varca la soglia di una casa e raggiunge gli affetti pi\u00f9 intimi, la gravit\u00e0 del gesto oltrepassa inevitabilmente la dimensione personale: si tenta di incrinare la serenit\u00e0 di chi esercita o ha esercitato una responsabilit\u00e0 pubblica e, insieme, il diritto di un\u2019intera comunit\u00e0 a riconoscersi in istituzioni libere da pressioni e condizionamenti\u201d.<\/p>\n<p style=\"font-weight: 400\">\u201cNon spetta alla politica &#8211; aggiunge l\u2019europarlamentare calabrese &#8211; anticipare conclusioni che competono alla magistratura e alle forze dell\u2019ordine, alle quali va piena fiducia. Alla rappresentanza istituzionale appartiene per\u00f2 un altro compito, altrettanto netto: affermare che nessuna divergenza, animosit\u00e0 o interesse pu\u00f2 trovare cittadinanza nel linguaggio dell\u2019intimidazione. Ed \u00e8 proprio in questi giorni, mentre migliaia di ragazze e ragazzi si preparano a tornare tra i banchi di scuola, che dobbiamo riaffermare con forza i valori e i principi sui quali si fonda la nostra democrazia, che trovano nella Costituzione italiana la loro pi\u00f9 alta garanzia: la libert\u00e0, il rispetto, la dignit\u00e0 della persona, i diritti\u201d.<\/p>\n<p style=\"font-weight: 400\">\u201cDa donna di scuola &#8211; continua l\u2019On. Princi -, sono consapevole che il senso della legalit\u00e0 non nasce improvvisamente quando un giovane incontra un codice o diventa adulto. Comincia molto prima: nel modo in cui si impara a riconoscere l\u2019altro, ad accettare un limite, a comporre un conflitto attraverso la parola, a comprendere che una differenza di opinione non trasforma chi abbiamo davanti in un nemico. Sono apprendimenti apparentemente semplici nei quali, in realt\u00e0, prende forma una coscienza civile. Per questo l\u2019azione dello Stato \u2013 evidenzia l\u2019eurodeputata \u2013, indispensabile nella prevenzione e nella repressione di ogni illecito, deve essere accompagnata da un altrettanto necessario investimento educativo. Una societ\u00e0 che insegna ai propri ragazzi a dialogare senza sopraffarsi prepara cittadini meno disponibili, domani, ad accettare la prepotenza come vocabolario possibile delle relazioni umane e pubbliche. Educare alla legalit\u00e0 significa, prima ancora, educare alla libert\u00e0 di esprimere il proprio pensiero senza paura e di costruire il proprio futuro senza ricorrere alla sopraffazione. \u00c8 questo &#8211; conclude l\u2019On. Giusi Princi &#8211; l\u2019orizzonte di libert\u00e0 che dobbiamo consegnare ai nostri giovani: la certezza che il confronto, la cultura e il diritto siano sempre pi\u00f9 forti della paura\u201d.<\/p>\n","protected":false},"excerpt":{"rendered":"<p>\u201cLe gravi minacce rivolte al sindaco di Gioia Tauro, Simona Scarcella, e il danneggiamento dell\u2019abitazione dell\u2019ex primo cittadino Aldo Alessio sono inaccettabili\u201d. Lo afferma l\u2019europarlamentare calabrese Giusi Princi. \u201cDue vicende&hellip;<\/p>\n","protected":false},"author":12,"featured_media":60399,"comment_status":"closed","ping_status":"open","sticky":false,"template":"","format":"standard","meta":{"_jetpack_newsletter_access":"","_jetpack_dont_email_post_to_subs":false,"_jetpack_newsletter_tier_id":0,"_jetpack_memberships_contains_paywalled_content":false,"_jetpack_feature_clip_id":0,"_jetpack_memberships_contains_paid_content":false,"footnotes":"","jetpack_publicize_message":"","jetpack_publicize_feature_enabled":true,"jetpack_social_post_already_shared":true,"jetpack_social_options":{"image_generator_settings":{"template":"highway","default_image_id":0,"font":"","enabled":false},"version":2},"jetpack_post_was_ever_published":false},"categories":[921,150,196,140],"tags":[7370,56154,587,56153,56155,56156,8701,597],"class_list":["post-99575","post","type-post","status-publish","format-standard","has-post-thumbnail","hentry","category-home","category-in-primo-piano","category-news","category-reggio-calabria","tag-aldo-alessio","tag-escalation","tag-giusi-princi","tag-intimidazioni-gioia-tauro","tag-la-legalita-si-difende-nelle-istituzioni","tag-si-costruisce-a-scuola","tag-simona-scarcella","tag-solidarieta"],"yoast_head":"<!-- This site is optimized with the Yoast SEO plugin v28.3 - https:\/\/yoast.com\/product\/yoast-seo-wordpress\/ -->\n<title>Gioia Tauro: Princi condanna l&#039;escalation intimidatoria<\/title>\n<meta name=\"description\" content=\"L&#039;eurodeputata esprime solidariet\u00e0 nei confronti della Sindaca Scarcella e ex primo cittadino, Alessio, dopo gli atti intimidatori subiti\" \/>\n<meta name=\"robots\" content=\"index, follow, max-snippet:-1, max-image-preview:large, max-video-preview:-1\" \/>\n<link rel=\"canonical\" href=\"https:\/\/progettotouring.it\/radiotouring104\/2026\/08\/31\/escalation-atti-intimidatori-a-gioia-tauro-princi-contro-ogni-intimidazione-la-legalita-si-difende-nelle-istituzioni-e-si-costruisce-a-scuola\/\" \/>\n<meta property=\"og:locale\" content=\"it_IT\" \/>\n<meta property=\"og:type\" content=\"article\" \/>\n<meta property=\"og:title\" content=\"Gioia Tauro: Princi condanna l&#039;escalation intimidatoria\" \/>\n<meta property=\"og:description\" content=\"L&#039;eurodeputata esprime solidariet\u00e0 nei confronti della Sindaca Scarcella e ex primo cittadino, Alessio, dopo gli atti intimidatori subiti\" \/>\n<meta property=\"og:url\" content=\"https:\/\/progettotouring.it\/radiotouring104\/2026\/08\/31\/escalation-atti-intimidatori-a-gioia-tauro-princi-contro-ogni-intimidazione-la-legalita-si-difende-nelle-istituzioni-e-si-costruisce-a-scuola\/\" \/>\n<meta property=\"og:site_name\" content=\"Radio Touring 104\" \/>\n<meta property=\"article:published_time\" content=\"2026-08-31T07:25:49+00:00\" \/>\n<meta property=\"og:image\" content=\"https:\/\/progettotouring.it\/radiotouring104\/wp-content\/uploads\/sites\/6\/2024\/10\/Foto-Giusi-Princi.jpeg\" \/>\n\t<meta property=\"og:image:width\" content=\"1080\" \/>\n\t<meta property=\"og:image:height\" content=\"1037\" \/>\n\t<meta property=\"og:image:type\" content=\"image\/jpeg\" \/>\n<meta name=\"author\" content=\"Sebastiano Plutino\" \/>\n<meta name=\"twitter:card\" content=\"summary_large_image\" \/>\n<meta name=\"twitter:label1\" content=\"Scritto da\" \/>\n\t<meta name=\"twitter:data1\" content=\"Sebastiano Plutino\" \/>\n\t<meta name=\"twitter:label2\" content=\"Tempo di lettura stimato\" \/>\n\t<meta name=\"twitter:data2\" content=\"2 minuti\" \/>\n<script type=\"application\/ld+json\" class=\"yoast-schema-graph\">{\"@context\":\"https:\\\/\\\/schema.org\",\"@graph\":[{\"@type\":\"Article\",\"@id\":\"https:\\\/\\\/progettotouring.it\\\/radiotouring104\\\/2026\\\/08\\\/31\\\/escalation-atti-intimidatori-a-gioia-tauro-princi-contro-ogni-intimidazione-la-legalita-si-difende-nelle-istituzioni-e-si-costruisce-a-scuola\\\/#article\",\"isPartOf\":{\"@id\":\"https:\\\/\\\/progettotouring.it\\\/radiotouring104\\\/2026\\\/08\\\/31\\\/escalation-atti-intimidatori-a-gioia-tauro-princi-contro-ogni-intimidazione-la-legalita-si-difende-nelle-istituzioni-e-si-costruisce-a-scuola\\\/\"},\"author\":{\"name\":\"Sebastiano Plutino\",\"@id\":\"https:\\\/\\\/progettotouring.it\\\/radiotouring104\\\/#\\\/schema\\\/person\\\/78613917f1851f041f7483f5af1d422e\"},\"headline\":\"Escalation atti intimidatori a Gioia Tauro, Princi: \u201cContro ogni intimidazione, la legalit\u00e0 si difende nelle istituzioni e si costruisce a scuola\u201d\",\"datePublished\":\"2026-08-31T07:25:49+00:00\",\"mainEntityOfPage\":{\"@id\":\"https:\\\/\\\/progettotouring.it\\\/radiotouring104\\\/2026\\\/08\\\/31\\\/escalation-atti-intimidatori-a-gioia-tauro-princi-contro-ogni-intimidazione-la-legalita-si-difende-nelle-istituzioni-e-si-costruisce-a-scuola\\\/\"},\"wordCount\":496,\"publisher\":{\"@id\":\"https:\\\/\\\/progettotouring.it\\\/radiotouring104\\\/#organization\"},\"image\":{\"@id\":\"https:\\\/\\\/progettotouring.it\\\/radiotouring104\\\/2026\\\/08\\\/31\\\/escalation-atti-intimidatori-a-gioia-tauro-princi-contro-ogni-intimidazione-la-legalita-si-difende-nelle-istituzioni-e-si-costruisce-a-scuola\\\/#primaryimage\"},\"thumbnailUrl\":\"https:\\\/\\\/progettotouring.it\\\/radiotouring104\\\/wp-content\\\/uploads\\\/sites\\\/6\\\/2024\\\/10\\\/Foto-Giusi-Princi.jpeg\",\"keywords\":[\"Aldo Alessio\",\"escalation\",\"giusi princi\",\"intimidazioni gioia tauro\",\"la legalit\u00e0 si difende nelle istituzioni\",\"si costruisce a scuola\",\"Simona Scarcella\",\"solidariet\u00e0\"],\"articleSection\":[\"Home\",\"In primo piano\",\"News\",\"Reggio Calabria\"],\"inLanguage\":\"it-IT\"},{\"@type\":\"WebPage\",\"@id\":\"https:\\\/\\\/progettotouring.it\\\/radiotouring104\\\/2026\\\/08\\\/31\\\/escalation-atti-intimidatori-a-gioia-tauro-princi-contro-ogni-intimidazione-la-legalita-si-difende-nelle-istituzioni-e-si-costruisce-a-scuola\\\/\",\"url\":\"https:\\\/\\\/progettotouring.it\\\/radiotouring104\\\/2026\\\/08\\\/31\\\/escalation-atti-intimidatori-a-gioia-tauro-princi-contro-ogni-intimidazione-la-legalita-si-difende-nelle-istituzioni-e-si-costruisce-a-scuola\\\/\",\"name\":\"Gioia Tauro: Princi condanna l'escalation intimidatoria\",\"isPartOf\":{\"@id\":\"https:\\\/\\\/progettotouring.it\\\/radiotouring104\\\/#website\"},\"primaryImageOfPage\":{\"@id\":\"https:\\\/\\\/progettotouring.it\\\/radiotouring104\\\/2026\\\/08\\\/31\\\/escalation-atti-intimidatori-a-gioia-tauro-princi-contro-ogni-intimidazione-la-legalita-si-difende-nelle-istituzioni-e-si-costruisce-a-scuola\\\/#primaryimage\"},\"image\":{\"@id\":\"https:\\\/\\\/progettotouring.it\\\/radiotouring104\\\/2026\\\/08\\\/31\\\/escalation-atti-intimidatori-a-gioia-tauro-princi-contro-ogni-intimidazione-la-legalita-si-difende-nelle-istituzioni-e-si-costruisce-a-scuola\\\/#primaryimage\"},\"thumbnailUrl\":\"https:\\\/\\\/progettotouring.it\\\/radiotouring104\\\/wp-content\\\/uploads\\\/sites\\\/6\\\/2024\\\/10\\\/Foto-Giusi-Princi.jpeg\",\"datePublished\":\"2026-08-31T07:25:49+00:00\",\"description\":\"L'eurodeputata esprime solidariet\u00e0 nei confronti della Sindaca Scarcella e ex primo cittadino, Alessio, dopo gli atti intimidatori subiti\",\"breadcrumb\":{\"@id\":\"https:\\\/\\\/progettotouring.it\\\/radiotouring104\\\/2026\\\/08\\\/31\\\/escalation-atti-intimidatori-a-gioia-tauro-princi-contro-ogni-intimidazione-la-legalita-si-difende-nelle-istituzioni-e-si-costruisce-a-scuola\\\/#breadcrumb\"},\"inLanguage\":\"it-IT\",\"potentialAction\":[{\"@type\":\"ReadAction\",\"target\":[\"https:\\\/\\\/progettotouring.it\\\/radiotouring104\\\/2026\\\/08\\\/31\\\/escalation-atti-intimidatori-a-gioia-tauro-princi-contro-ogni-intimidazione-la-legalita-si-difende-nelle-istituzioni-e-si-costruisce-a-scuola\\\/\"]}]},{\"@type\":\"ImageObject\",\"inLanguage\":\"it-IT\",\"@id\":\"https:\\\/\\\/progettotouring.it\\\/radiotouring104\\\/2026\\\/08\\\/31\\\/escalation-atti-intimidatori-a-gioia-tauro-princi-contro-ogni-intimidazione-la-legalita-si-difende-nelle-istituzioni-e-si-costruisce-a-scuola\\\/#primaryimage\",\"url\":\"https:\\\/\\\/progettotouring.it\\\/radiotouring104\\\/wp-content\\\/uploads\\\/sites\\\/6\\\/2024\\\/10\\\/Foto-Giusi-Princi.jpeg\",\"contentUrl\":\"https:\\\/\\\/progettotouring.it\\\/radiotouring104\\\/wp-content\\\/uploads\\\/sites\\\/6\\\/2024\\\/10\\\/Foto-Giusi-Princi.jpeg\",\"width\":1080,\"height\":1037},{\"@type\":\"BreadcrumbList\",\"@id\":\"https:\\\/\\\/progettotouring.it\\\/radiotouring104\\\/2026\\\/08\\\/31\\\/escalation-atti-intimidatori-a-gioia-tauro-princi-contro-ogni-intimidazione-la-legalita-si-difende-nelle-istituzioni-e-si-costruisce-a-scuola\\\/#breadcrumb\",\"itemListElement\":[{\"@type\":\"ListItem\",\"position\":1,\"name\":\"Home\",\"item\":\"https:\\\/\\\/progettotouring.it\\\/radiotouring104\\\/\"},{\"@type\":\"ListItem\",\"position\":2,\"name\":\"Escalation atti intimidatori a Gioia Tauro, Princi: \u201cContro ogni intimidazione, la legalit\u00e0 si difende nelle istituzioni e si costruisce a scuola\u201d\"}]},{\"@type\":\"WebSite\",\"@id\":\"https:\\\/\\\/progettotouring.it\\\/radiotouring104\\\/#website\",\"url\":\"https:\\\/\\\/progettotouring.it\\\/radiotouring104\\\/\",\"name\":\"Radio Touring 104\",\"description\":\"La prima radio Reggina\",\"publisher\":{\"@id\":\"https:\\\/\\\/progettotouring.it\\\/radiotouring104\\\/#organization\"},\"potentialAction\":[{\"@type\":\"SearchAction\",\"target\":{\"@type\":\"EntryPoint\",\"urlTemplate\":\"https:\\\/\\\/progettotouring.it\\\/radiotouring104\\\/?s={search_term_string}\"},\"query-input\":{\"@type\":\"PropertyValueSpecification\",\"valueRequired\":true,\"valueName\":\"search_term_string\"}}],\"inLanguage\":\"it-IT\"},{\"@type\":\"Organization\",\"@id\":\"https:\\\/\\\/progettotouring.it\\\/radiotouring104\\\/#organization\",\"name\":\"Radio Touring 104\",\"url\":\"https:\\\/\\\/progettotouring.it\\\/radiotouring104\\\/\",\"logo\":{\"@type\":\"ImageObject\",\"inLanguage\":\"it-IT\",\"@id\":\"https:\\\/\\\/progettotouring.it\\\/radiotouring104\\\/#\\\/schema\\\/logo\\\/image\\\/\",\"url\":\"https:\\\/\\\/progettotouring.it\\\/radiotouring104\\\/wp-content\\\/uploads\\\/sites\\\/6\\\/2022\\\/02\\\/cropped-logo-radio-touring-104.png\",\"contentUrl\":\"https:\\\/\\\/progettotouring.it\\\/radiotouring104\\\/wp-content\\\/uploads\\\/sites\\\/6\\\/2022\\\/02\\\/cropped-logo-radio-touring-104.png\",\"width\":377,\"height\":182,\"caption\":\"Radio Touring 104\"},\"image\":{\"@id\":\"https:\\\/\\\/progettotouring.it\\\/radiotouring104\\\/#\\\/schema\\\/logo\\\/image\\\/\"}},{\"@type\":\"Person\",\"@id\":\"https:\\\/\\\/progettotouring.it\\\/radiotouring104\\\/#\\\/schema\\\/person\\\/78613917f1851f041f7483f5af1d422e\",\"name\":\"Sebastiano Plutino\",\"image\":{\"@type\":\"ImageObject\",\"inLanguage\":\"it-IT\",\"@id\":\"https:\\\/\\\/secure.gravatar.com\\\/avatar\\\/0546ffaa9b79224faf9f2a156b67a529ae861d3287c66c1d8ccfdf909bcba78d?s=96&d=mm&r=g\",\"url\":\"https:\\\/\\\/secure.gravatar.com\\\/avatar\\\/0546ffaa9b79224faf9f2a156b67a529ae861d3287c66c1d8ccfdf909bcba78d?s=96&d=mm&r=g\",\"contentUrl\":\"https:\\\/\\\/secure.gravatar.com\\\/avatar\\\/0546ffaa9b79224faf9f2a156b67a529ae861d3287c66c1d8ccfdf909bcba78d?s=96&d=mm&r=g\",\"caption\":\"Sebastiano Plutino\"},\"url\":\"https:\\\/\\\/progettotouring.it\\\/radiotouring104\\\/author\\\/sebastiano\\\/\"}]}<\/script>\n<!-- \/ Yoast SEO plugin. -->","yoast_head_json":{"title":"Gioia Tauro: Princi condanna l'escalation intimidatoria","description":"L'eurodeputata esprime solidariet\u00e0 nei confronti della Sindaca Scarcella e ex primo cittadino, Alessio, dopo gli atti intimidatori subiti","robots":{"index":"index","follow":"follow","max-snippet":"max-snippet:-1","max-image-preview":"max-image-preview:large","max-video-preview":"max-video-preview:-1"},"canonical":"https:\/\/progettotouring.it\/radiotouring104\/2026\/08\/31\/escalation-atti-intimidatori-a-gioia-tauro-princi-contro-ogni-intimidazione-la-legalita-si-difende-nelle-istituzioni-e-si-costruisce-a-scuola\/","og_locale":"it_IT","og_type":"article","og_title":"Gioia Tauro: Princi condanna l'escalation intimidatoria","og_description":"L'eurodeputata esprime solidariet\u00e0 nei confronti della Sindaca Scarcella e ex primo cittadino, Alessio, dopo gli atti intimidatori subiti","og_url":"https:\/\/progettotouring.it\/radiotouring104\/2026\/08\/31\/escalation-atti-intimidatori-a-gioia-tauro-princi-contro-ogni-intimidazione-la-legalita-si-difende-nelle-istituzioni-e-si-costruisce-a-scuola\/","og_site_name":"Radio Touring 104","article_published_time":"2026-08-31T07:25:49+00:00","og_image":[{"width":1080,"height":1037,"url":"https:\/\/progettotouring.it\/radiotouring104\/wp-content\/uploads\/sites\/6\/2024\/10\/Foto-Giusi-Princi.jpeg","type":"image\/jpeg"}],"author":"Sebastiano Plutino","twitter_card":"summary_large_image","twitter_misc":{"Scritto da":"Sebastiano Plutino","Tempo di lettura stimato":"2 minuti"},"schema":{"@context":"https:\/\/schema.org","@graph":[{"@type":"Article","@id":"https:\/\/progettotouring.it\/radiotouring104\/2026\/08\/31\/escalation-atti-intimidatori-a-gioia-tauro-princi-contro-ogni-intimidazione-la-legalita-si-difende-nelle-istituzioni-e-si-costruisce-a-scuola\/#article","isPartOf":{"@id":"https:\/\/progettotouring.it\/radiotouring104\/2026\/08\/31\/escalation-atti-intimidatori-a-gioia-tauro-princi-contro-ogni-intimidazione-la-legalita-si-difende-nelle-istituzioni-e-si-costruisce-a-scuola\/"},"author":{"name":"Sebastiano Plutino","@id":"https:\/\/progettotouring.it\/radiotouring104\/#\/schema\/person\/78613917f1851f041f7483f5af1d422e"},"headline":"Escalation atti intimidatori a Gioia Tauro, Princi: \u201cContro ogni intimidazione, la legalit\u00e0 si difende nelle istituzioni e si costruisce a scuola\u201d","datePublished":"2026-08-31T07:25:49+00:00","mainEntityOfPage":{"@id":"https:\/\/progettotouring.it\/radiotouring104\/2026\/08\/31\/escalation-atti-intimidatori-a-gioia-tauro-princi-contro-ogni-intimidazione-la-legalita-si-difende-nelle-istituzioni-e-si-costruisce-a-scuola\/"},"wordCount":496,"publisher":{"@id":"https:\/\/progettotouring.it\/radiotouring104\/#organization"},"image":{"@id":"https:\/\/progettotouring.it\/radiotouring104\/2026\/08\/31\/escalation-atti-intimidatori-a-gioia-tauro-princi-contro-ogni-intimidazione-la-legalita-si-difende-nelle-istituzioni-e-si-costruisce-a-scuola\/#primaryimage"},"thumbnailUrl":"https:\/\/progettotouring.it\/radiotouring104\/wp-content\/uploads\/sites\/6\/2024\/10\/Foto-Giusi-Princi.jpeg","keywords":["Aldo Alessio","escalation","giusi princi","intimidazioni gioia tauro","la legalit\u00e0 si difende nelle istituzioni","si costruisce a scuola","Simona Scarcella","solidariet\u00e0"],"articleSection":["Home","In primo piano","News","Reggio Calabria"],"inLanguage":"it-IT"},{"@type":"WebPage","@id":"https:\/\/progettotouring.it\/radiotouring104\/2026\/08\/31\/escalation-atti-intimidatori-a-gioia-tauro-princi-contro-ogni-intimidazione-la-legalita-si-difende-nelle-istituzioni-e-si-costruisce-a-scuola\/","url":"https:\/\/progettotouring.it\/radiotouring104\/2026\/08\/31\/escalation-atti-intimidatori-a-gioia-tauro-princi-contro-ogni-intimidazione-la-legalita-si-difende-nelle-istituzioni-e-si-costruisce-a-scuola\/","name":"Gioia Tauro: Princi condanna l'escalation intimidatoria","isPartOf":{"@id":"https:\/\/progettotouring.it\/radiotouring104\/#website"},"primaryImageOfPage":{"@id":"https:\/\/progettotouring.it\/radiotouring104\/2026\/08\/31\/escalation-atti-intimidatori-a-gioia-tauro-princi-contro-ogni-intimidazione-la-legalita-si-difende-nelle-istituzioni-e-si-costruisce-a-scuola\/#primaryimage"},"image":{"@id":"https:\/\/progettotouring.it\/radiotouring104\/2026\/08\/31\/escalation-atti-intimidatori-a-gioia-tauro-princi-contro-ogni-intimidazione-la-legalita-si-difende-nelle-istituzioni-e-si-costruisce-a-scuola\/#primaryimage"},"thumbnailUrl":"https:\/\/progettotouring.it\/radiotouring104\/wp-content\/uploads\/sites\/6\/2024\/10\/Foto-Giusi-Princi.jpeg","datePublished":"2026-08-31T07:25:49+00:00","description":"L'eurodeputata esprime solidariet\u00e0 nei confronti della Sindaca Scarcella e ex primo cittadino, Alessio, dopo gli atti intimidatori subiti","breadcrumb":{"@id":"https:\/\/progettotouring.it\/radiotouring104\/2026\/08\/31\/escalation-atti-intimidatori-a-gioia-tauro-princi-contro-ogni-intimidazione-la-legalita-si-difende-nelle-istituzioni-e-si-costruisce-a-scuola\/#breadcrumb"},"inLanguage":"it-IT","potentialAction":[{"@type":"ReadAction","target":["https:\/\/progettotouring.it\/radiotouring104\/2026\/08\/31\/escalation-atti-intimidatori-a-gioia-tauro-princi-contro-ogni-intimidazione-la-legalita-si-difende-nelle-istituzioni-e-si-costruisce-a-scuola\/"]}]},{"@type":"ImageObject","inLanguage":"it-IT","@id":"https:\/\/progettotouring.it\/radiotouring104\/2026\/08\/31\/escalation-atti-intimidatori-a-gioia-tauro-princi-contro-ogni-intimidazione-la-legalita-si-difende-nelle-istituzioni-e-si-costruisce-a-scuola\/#primaryimage","url":"https:\/\/progettotouring.it\/radiotouring104\/wp-content\/uploads\/sites\/6\/2024\/10\/Foto-Giusi-Princi.jpeg","contentUrl":"https:\/\/progettotouring.it\/radiotouring104\/wp-content\/uploads\/sites\/6\/2024\/10\/Foto-Giusi-Princi.jpeg","width":1080,"height":1037},{"@type":"BreadcrumbList","@id":"https:\/\/progettotouring.it\/radiotouring104\/2026\/08\/31\/escalation-atti-intimidatori-a-gioia-tauro-princi-contro-ogni-intimidazione-la-legalita-si-difende-nelle-istituzioni-e-si-costruisce-a-scuola\/#breadcrumb","itemListElement":[{"@type":"ListItem","position":1,"name":"Home","item":"https:\/\/progettotouring.it\/radiotouring104\/"},{"@type":"ListItem","position":2,"name":"Escalation atti intimidatori a Gioia Tauro, Princi: \u201cContro ogni intimidazione, la legalit\u00e0 si difende nelle istituzioni e si costruisce a scuola\u201d"}]},{"@type":"WebSite","@id":"https:\/\/progettotouring.it\/radiotouring104\/#website","url":"https:\/\/progettotouring.it\/radiotouring104\/","name":"Radio Touring 104","description":"La prima radio Reggina","publisher":{"@id":"https:\/\/progettotouring.it\/radiotouring104\/#organization"},"potentialAction":[{"@type":"SearchAction","target":{"@type":"EntryPoint","urlTemplate":"https:\/\/progettotouring.it\/radiotouring104\/?s={search_term_string}"},"query-input":{"@type":"PropertyValueSpecification","valueRequired":true,"valueName":"search_term_string"}}],"inLanguage":"it-IT"},{"@type":"Organization","@id":"https:\/\/progettotouring.it\/radiotouring104\/#organization","name":"Radio Touring 104","url":"https:\/\/progettotouring.it\/radiotouring104\/","logo":{"@type":"ImageObject","inLanguage":"it-IT","@id":"https:\/\/progettotouring.it\/radiotouring104\/#\/schema\/logo\/image\/","url":"https:\/\/progettotouring.it\/radiotouring104\/wp-content\/uploads\/sites\/6\/2022\/02\/cropped-logo-radio-touring-104.png","contentUrl":"https:\/\/progettotouring.it\/radiotouring104\/wp-content\/uploads\/sites\/6\/2022\/02\/cropped-logo-radio-touring-104.png","width":377,"height":182,"caption":"Radio Touring 104"},"image":{"@id":"https:\/\/progettotouring.it\/radiotouring104\/#\/schema\/logo\/image\/"}},{"@type":"Person","@id":"https:\/\/progettotouring.it\/radiotouring104\/#\/schema\/person\/78613917f1851f041f7483f5af1d422e","name":"Sebastiano Plutino","image":{"@type":"ImageObject","inLanguage":"it-IT","@id":"https:\/\/secure.gravatar.com\/avatar\/0546ffaa9b79224faf9f2a156b67a529ae861d3287c66c1d8ccfdf909bcba78d?s=96&d=mm&r=g","url":"https:\/\/secure.gravatar.com\/avatar\/0546ffaa9b79224faf9f2a156b67a529ae861d3287c66c1d8ccfdf909bcba78d?s=96&d=mm&r=g","contentUrl":"https:\/\/secure.gravatar.com\/avatar\/0546ffaa9b79224faf9f2a156b67a529ae861d3287c66c1d8ccfdf909bcba78d?s=96&d=mm&r=g","caption":"Sebastiano Plutino"},"url":"https:\/\/progettotouring.it\/radiotouring104\/author\/sebastiano\/"}]}},"jetpack_publicize_connections":[],"jetpack_sharing_enabled":true,"jetpack_featured_media_url":"https:\/\/progettotouring.it\/radiotouring104\/wp-content\/uploads\/sites\/6\/2024\/10\/Foto-Giusi-Princi.jpeg","_links":{"self":[{"href":"https:\/\/progettotouring.it\/radiotouring104\/wp-json\/wp\/v2\/posts\/99575","targetHints":{"allow":["GET"]}}],"collection":[{"href":"https:\/\/progettotouring.it\/radiotouring104\/wp-json\/wp\/v2\/posts"}],"about":[{"href":"https:\/\/progettotouring.it\/radiotouring104\/wp-json\/wp\/v2\/types\/post"}],"author":[{"embeddable":true,"href":"https:\/\/progettotouring.it\/radiotouring104\/wp-json\/wp\/v2\/users\/12"}],"replies":[{"embeddable":true,"href":"https:\/\/progettotouring.it\/radiotouring104\/wp-json\/wp\/v2\/comments?post=99575"}],"version-history":[{"count":1,"href":"https:\/\/progettotouring.it\/radiotouring104\/wp-json\/wp\/v2\/posts\/99575\/revisions"}],"predecessor-version":[{"id":99576,"href":"https:\/\/progettotouring.it\/radiotouring104\/wp-json\/wp\/v2\/posts\/99575\/revisions\/99576"}],"wp:featuredmedia":[{"embeddable":true,"href":"https:\/\/progettotouring.it\/radiotouring104\/wp-json\/wp\/v2\/media\/60399"}],"wp:attachment":[{"href":"https:\/\/progettotouring.it\/radiotouring104\/wp-json\/wp\/v2\/media?parent=99575"}],"wp:term":[{"taxonomy":"category","embeddable":true,"href":"https:\/\/progettotouring.it\/radiotouring104\/wp-json\/wp\/v2\/categories?post=99575"},{"taxonomy":"post_tag","embeddable":true,"href":"https:\/\/progettotouring.it\/radiotouring104\/wp-json\/wp\/v2\/tags?post=99575"}],"curies":[{"name":"wp","href":"https:\/\/api.w.org\/{rel}","templated":true}]}}