{"id":99584,"date":"2026-08-31T10:09:24","date_gmt":"2026-08-31T08:09:24","guid":{"rendered":"https:\/\/progettotouring.it\/radiotouring104\/?p=99584"},"modified":"2026-08-31T10:09:24","modified_gmt":"2026-08-31T08:09:24","slug":"taurianova-il-fuoco-di-u-mbitu-riaccende-la-festa-in-onore-della-madonna-della-montagna","status":"publish","type":"post","link":"https:\/\/progettotouring.it\/radiotouring104\/2026\/08\/31\/taurianova-il-fuoco-di-u-mbitu-riaccende-la-festa-in-onore-della-madonna-della-montagna\/","title":{"rendered":"Taurianova, il fuoco di U &#8216;Mbitu riaccende la festa in onore della Madonna della Montagna"},"content":{"rendered":"<p>U \u2019Mbitu\u00a0accende la festa della Madonna della Montagna\u00a0tra\u00a0tradizione, fede, musica\u00a0e prevenzione<\/p>\n<p>\u00c8 stato il fuoco di U\u00a0\u2019Mbitu\u00a0ad aprire, anche quest\u2019anno, i\u00a0festeggiamenti in onore della Madonna della Montagna, patrona e regina di Taurianova. Una tradizione antica che, nella serata del 29 agosto, ha nuovamente riunito la comunit\u00e0 in piazza Macr\u00ec, rinnovando il rito che da generazioni segna l\u2019inizio della novena.<\/p>\n<p>Dopo la Santa Messa solenne,\u00a0il parroco don Mino Ciano e il sindaco Domenico Romeo hanno acceso il tradizionale fal\u00f2 alimentato dagli steli di \u00abluppinazzi\u00bb.\u00a0Un gesto con il quale Taurianova rinnova ogni anno il proprio legame con la Madonna della Montagna e con una delle sue tradizioni pi\u00f9 identitarie.<\/p>\n<p>Il fuoco, ancora una volta, ha fatto da richiamo alla comunit\u00e0. Attorno alle fiamme si sono ritrovati cittadini, famiglie, associazioni, visitatori ed emigrati rientrati in citt\u00e0 per i giorni della festa. Una partecipazione numerosa che ha trasformato piazza Macr\u00ec nel cuore dell\u2019avvio dei festeggiamenti patronali.<\/p>\n<p>Alla serata hanno preso parte anche il vicepresidente del Consiglio regionale Giacomo Crin\u00f2 e i consiglieri della Citt\u00e0 Metropolitana Marco Caruso e Chiara Luccisano.<\/p>\n<p>\u00abU \u2019Mbitu\u00a0\u00e8 un momento che appartiene alla storia e alla memoria della nostra citt\u00e0\u00a0&#8211;\u00a0ha sottolineato il sindaco Domenico Romeo\u00a0&#8211;\u00a0e avere la responsabilit\u00e0 di rinnovarlo significa custodire una tradizione che non \u00e8 soltanto un rito, ma un patrimonio che appartiene a tutta la comunit\u00e0. Abbiamo voluto\u00a0inoltre\u00a0che questo momento fosse anche un\u2019occasione per parlare di solidariet\u00e0, prevenzione e attenzione agli altri\u00bb.<\/p>\n<p>Accanto alla tradizione, infatti, quest\u2019anno l\u2019apertura dei festeggiamenti ha portato in piazza anche un importante messaggio dedicato alla prevenzione. Il fiocco rosa, insieme ai lupini della tradizione, \u00e8 diventato il simbolo di una serata nella quale festa e impegno sociale si sono incontrati.<\/p>\n<p>Dopo l\u2019accensione del fal\u00f2 e i fuochi pirotecnici, la serata \u00e8 proseguita con \u00abPolvere di Stelle\u00bb, un momento di riflessione e musica dedicato al tema della malattia e della cura, con la partecipazione della professoressa\u00a0Patrizia Alessio. A seguire, il concerto di\u00a0Silvia Salemi\u00a0ha regalato al pubblico un live strepitoso.<\/p>\n<p>La cantautrice, da tempo impegnata anche sui temi della sensibilizzazione e della prevenzione, ha portato sul palco la sua musica, contribuendo a una serata nella quale spettacolo, tradizione e impegno hanno trovato un punto d\u2019incontro.<\/p>\n<p>Grande partecipazione anche allo stand dedicato alla raccolta fondi, promossa da diverse associazioni cittadine, con la vendita dei lupini e dei fiocchi rosa.\u00a0Il ricavato sar\u00e0 destinato a sostenere la prevenzione oncologica, attraverso l\u2019offerta di\u00a0Pap\u00a0test alle donne che non rientrano nei programmi di screening convenzionati con l\u2019Asp, e all\u2019acquisto di un defibrillatore da destinare a una scuola della citt\u00e0.<\/p>\n","protected":false},"excerpt":{"rendered":"<p>U \u2019Mbitu\u00a0accende la festa della Madonna della Montagna\u00a0tra\u00a0tradizione, fede, musica\u00a0e prevenzione \u00c8 stato il fuoco di U\u00a0\u2019Mbitu\u00a0ad aprire, anche quest\u2019anno, i\u00a0festeggiamenti in onore della Madonna della Montagna, patrona e regina&hellip;<\/p>\n","protected":false},"author":12,"featured_media":0,"comment_status":"closed","ping_status":"open","sticky":false,"template":"","format":"standard","meta":{"_jetpack_newsletter_access":"","_jetpack_dont_email_post_to_subs":false,"_jetpack_newsletter_tier_id":0,"_jetpack_memberships_contains_paywalled_content":false,"_jetpack_feature_clip_id":0,"_jetpack_memberships_contains_paid_content":false,"footnotes":"","jetpack_publicize_message":"","jetpack_publicize_feature_enabled":true,"jetpack_social_post_already_shared":true,"jetpack_social_options":{"image_generator_settings":{"template":"highway","default_image_id":0,"font":"","enabled":false},"version":2},"jetpack_post_was_ever_published":false},"categories":[921,196,140],"tags":[56162,42466,21028,869,56161,515,56160],"class_list":["post-99584","post","type-post","status-publish","format-standard","hentry","category-home","category-news","category-reggio-calabria","tag-falo","tag-fede","tag-madonna-della-montagna","tag-musica","tag-prevenzione-oncologica","tag-taurianova","tag-u-mbitu"],"yoast_head":"<!-- This site is optimized with the Yoast SEO plugin v28.3 - https:\/\/yoast.com\/product\/yoast-seo-wordpress\/ -->\n<title>Taurianova, il fuoco di U &#039;Mbitu riaccende la festa in onore della Madonna della Montagna - Radio Touring 104<\/title>\n<meta name=\"description\" content=\"Il tradizionale rito del fal\u00f2 ha aperto i festeggiamenti in onore della Madonna della Montagna che torna al centro della Comunit\u00e0\" \/>\n<meta name=\"robots\" content=\"index, follow, max-snippet:-1, max-image-preview:large, max-video-preview:-1\" \/>\n<link rel=\"canonical\" href=\"https:\/\/progettotouring.it\/radiotouring104\/2026\/08\/31\/taurianova-il-fuoco-di-u-mbitu-riaccende-la-festa-in-onore-della-madonna-della-montagna\/\" \/>\n<meta property=\"og:locale\" content=\"it_IT\" \/>\n<meta property=\"og:type\" content=\"article\" \/>\n<meta property=\"og:title\" content=\"Taurianova, il fuoco di U &#039;Mbitu riaccende la festa in onore della Madonna della Montagna - Radio Touring 104\" \/>\n<meta property=\"og:description\" content=\"Il tradizionale rito del fal\u00f2 ha aperto i festeggiamenti in onore della Madonna della Montagna che torna al centro della Comunit\u00e0\" \/>\n<meta property=\"og:url\" content=\"https:\/\/progettotouring.it\/radiotouring104\/2026\/08\/31\/taurianova-il-fuoco-di-u-mbitu-riaccende-la-festa-in-onore-della-madonna-della-montagna\/\" \/>\n<meta property=\"og:site_name\" content=\"Radio Touring 104\" \/>\n<meta property=\"article:published_time\" content=\"2026-08-31T08:09:24+00:00\" \/>\n<meta name=\"author\" content=\"Sebastiano Plutino\" \/>\n<meta name=\"twitter:card\" content=\"summary_large_image\" \/>\n<meta name=\"twitter:label1\" content=\"Scritto da\" \/>\n\t<meta name=\"twitter:data1\" content=\"Sebastiano Plutino\" \/>\n\t<meta name=\"twitter:label2\" content=\"Tempo di lettura stimato\" \/>\n\t<meta name=\"twitter:data2\" content=\"2 minuti\" \/>\n<script type=\"application\/ld+json\" class=\"yoast-schema-graph\">{\"@context\":\"https:\\\/\\\/schema.org\",\"@graph\":[{\"@type\":\"Article\",\"@id\":\"https:\\\/\\\/progettotouring.it\\\/radiotouring104\\\/2026\\\/08\\\/31\\\/taurianova-il-fuoco-di-u-mbitu-riaccende-la-festa-in-onore-della-madonna-della-montagna\\\/#article\",\"isPartOf\":{\"@id\":\"https:\\\/\\\/progettotouring.it\\\/radiotouring104\\\/2026\\\/08\\\/31\\\/taurianova-il-fuoco-di-u-mbitu-riaccende-la-festa-in-onore-della-madonna-della-montagna\\\/\"},\"author\":{\"name\":\"Sebastiano Plutino\",\"@id\":\"https:\\\/\\\/progettotouring.it\\\/radiotouring104\\\/#\\\/schema\\\/person\\\/78613917f1851f041f7483f5af1d422e\"},\"headline\":\"Taurianova, il fuoco di U &#8216;Mbitu riaccende la festa in onore della Madonna della Montagna\",\"datePublished\":\"2026-08-31T08:09:24+00:00\",\"mainEntityOfPage\":{\"@id\":\"https:\\\/\\\/progettotouring.it\\\/radiotouring104\\\/2026\\\/08\\\/31\\\/taurianova-il-fuoco-di-u-mbitu-riaccende-la-festa-in-onore-della-madonna-della-montagna\\\/\"},\"wordCount\":461,\"publisher\":{\"@id\":\"https:\\\/\\\/progettotouring.it\\\/radiotouring104\\\/#organization\"},\"keywords\":[\"fal\u00f2\",\"fede\",\"Madonna della Montagna\",\"musica\",\"prevenzione oncologica\",\"Taurianova\",\"u mbitu\"],\"articleSection\":[\"Home\",\"News\",\"Reggio Calabria\"],\"inLanguage\":\"it-IT\"},{\"@type\":\"WebPage\",\"@id\":\"https:\\\/\\\/progettotouring.it\\\/radiotouring104\\\/2026\\\/08\\\/31\\\/taurianova-il-fuoco-di-u-mbitu-riaccende-la-festa-in-onore-della-madonna-della-montagna\\\/\",\"url\":\"https:\\\/\\\/progettotouring.it\\\/radiotouring104\\\/2026\\\/08\\\/31\\\/taurianova-il-fuoco-di-u-mbitu-riaccende-la-festa-in-onore-della-madonna-della-montagna\\\/\",\"name\":\"Taurianova, il fuoco di U 'Mbitu riaccende la festa in onore della Madonna della Montagna - Radio Touring 104\",\"isPartOf\":{\"@id\":\"https:\\\/\\\/progettotouring.it\\\/radiotouring104\\\/#website\"},\"datePublished\":\"2026-08-31T08:09:24+00:00\",\"description\":\"Il tradizionale rito del fal\u00f2 ha aperto i festeggiamenti in onore della Madonna della Montagna che torna al centro della Comunit\u00e0\",\"breadcrumb\":{\"@id\":\"https:\\\/\\\/progettotouring.it\\\/radiotouring104\\\/2026\\\/08\\\/31\\\/taurianova-il-fuoco-di-u-mbitu-riaccende-la-festa-in-onore-della-madonna-della-montagna\\\/#breadcrumb\"},\"inLanguage\":\"it-IT\",\"potentialAction\":[{\"@type\":\"ReadAction\",\"target\":[\"https:\\\/\\\/progettotouring.it\\\/radiotouring104\\\/2026\\\/08\\\/31\\\/taurianova-il-fuoco-di-u-mbitu-riaccende-la-festa-in-onore-della-madonna-della-montagna\\\/\"]}]},{\"@type\":\"BreadcrumbList\",\"@id\":\"https:\\\/\\\/progettotouring.it\\\/radiotouring104\\\/2026\\\/08\\\/31\\\/taurianova-il-fuoco-di-u-mbitu-riaccende-la-festa-in-onore-della-madonna-della-montagna\\\/#breadcrumb\",\"itemListElement\":[{\"@type\":\"ListItem\",\"position\":1,\"name\":\"Home\",\"item\":\"https:\\\/\\\/progettotouring.it\\\/radiotouring104\\\/\"},{\"@type\":\"ListItem\",\"position\":2,\"name\":\"Taurianova, il fuoco di U &#8216;Mbitu riaccende la festa in onore della Madonna della Montagna\"}]},{\"@type\":\"WebSite\",\"@id\":\"https:\\\/\\\/progettotouring.it\\\/radiotouring104\\\/#website\",\"url\":\"https:\\\/\\\/progettotouring.it\\\/radiotouring104\\\/\",\"name\":\"Radio Touring 104\",\"description\":\"La prima radio Reggina\",\"publisher\":{\"@id\":\"https:\\\/\\\/progettotouring.it\\\/radiotouring104\\\/#organization\"},\"potentialAction\":[{\"@type\":\"SearchAction\",\"target\":{\"@type\":\"EntryPoint\",\"urlTemplate\":\"https:\\\/\\\/progettotouring.it\\\/radiotouring104\\\/?s={search_term_string}\"},\"query-input\":{\"@type\":\"PropertyValueSpecification\",\"valueRequired\":true,\"valueName\":\"search_term_string\"}}],\"inLanguage\":\"it-IT\"},{\"@type\":\"Organization\",\"@id\":\"https:\\\/\\\/progettotouring.it\\\/radiotouring104\\\/#organization\",\"name\":\"Radio Touring 104\",\"url\":\"https:\\\/\\\/progettotouring.it\\\/radiotouring104\\\/\",\"logo\":{\"@type\":\"ImageObject\",\"inLanguage\":\"it-IT\",\"@id\":\"https:\\\/\\\/progettotouring.it\\\/radiotouring104\\\/#\\\/schema\\\/logo\\\/image\\\/\",\"url\":\"https:\\\/\\\/progettotouring.it\\\/radiotouring104\\\/wp-content\\\/uploads\\\/sites\\\/6\\\/2022\\\/02\\\/cropped-logo-radio-touring-104.png\",\"contentUrl\":\"https:\\\/\\\/progettotouring.it\\\/radiotouring104\\\/wp-content\\\/uploads\\\/sites\\\/6\\\/2022\\\/02\\\/cropped-logo-radio-touring-104.png\",\"width\":377,\"height\":182,\"caption\":\"Radio Touring 104\"},\"image\":{\"@id\":\"https:\\\/\\\/progettotouring.it\\\/radiotouring104\\\/#\\\/schema\\\/logo\\\/image\\\/\"}},{\"@type\":\"Person\",\"@id\":\"https:\\\/\\\/progettotouring.it\\\/radiotouring104\\\/#\\\/schema\\\/person\\\/78613917f1851f041f7483f5af1d422e\",\"name\":\"Sebastiano Plutino\",\"image\":{\"@type\":\"ImageObject\",\"inLanguage\":\"it-IT\",\"@id\":\"https:\\\/\\\/secure.gravatar.com\\\/avatar\\\/0546ffaa9b79224faf9f2a156b67a529ae861d3287c66c1d8ccfdf909bcba78d?s=96&d=mm&r=g\",\"url\":\"https:\\\/\\\/secure.gravatar.com\\\/avatar\\\/0546ffaa9b79224faf9f2a156b67a529ae861d3287c66c1d8ccfdf909bcba78d?s=96&d=mm&r=g\",\"contentUrl\":\"https:\\\/\\\/secure.gravatar.com\\\/avatar\\\/0546ffaa9b79224faf9f2a156b67a529ae861d3287c66c1d8ccfdf909bcba78d?s=96&d=mm&r=g\",\"caption\":\"Sebastiano Plutino\"},\"url\":\"https:\\\/\\\/progettotouring.it\\\/radiotouring104\\\/author\\\/sebastiano\\\/\"}]}<\/script>\n<!-- \/ Yoast SEO plugin. -->","yoast_head_json":{"title":"Taurianova, il fuoco di U 'Mbitu riaccende la festa in onore della Madonna della Montagna - Radio Touring 104","description":"Il tradizionale rito del fal\u00f2 ha aperto i festeggiamenti in onore della Madonna della Montagna che torna al centro della Comunit\u00e0","robots":{"index":"index","follow":"follow","max-snippet":"max-snippet:-1","max-image-preview":"max-image-preview:large","max-video-preview":"max-video-preview:-1"},"canonical":"https:\/\/progettotouring.it\/radiotouring104\/2026\/08\/31\/taurianova-il-fuoco-di-u-mbitu-riaccende-la-festa-in-onore-della-madonna-della-montagna\/","og_locale":"it_IT","og_type":"article","og_title":"Taurianova, il fuoco di U 'Mbitu riaccende la festa in onore della Madonna della Montagna - Radio Touring 104","og_description":"Il tradizionale rito del fal\u00f2 ha aperto i festeggiamenti in onore della Madonna della Montagna che torna al centro della Comunit\u00e0","og_url":"https:\/\/progettotouring.it\/radiotouring104\/2026\/08\/31\/taurianova-il-fuoco-di-u-mbitu-riaccende-la-festa-in-onore-della-madonna-della-montagna\/","og_site_name":"Radio Touring 104","article_published_time":"2026-08-31T08:09:24+00:00","author":"Sebastiano Plutino","twitter_card":"summary_large_image","twitter_misc":{"Scritto da":"Sebastiano Plutino","Tempo di lettura stimato":"2 minuti"},"schema":{"@context":"https:\/\/schema.org","@graph":[{"@type":"Article","@id":"https:\/\/progettotouring.it\/radiotouring104\/2026\/08\/31\/taurianova-il-fuoco-di-u-mbitu-riaccende-la-festa-in-onore-della-madonna-della-montagna\/#article","isPartOf":{"@id":"https:\/\/progettotouring.it\/radiotouring104\/2026\/08\/31\/taurianova-il-fuoco-di-u-mbitu-riaccende-la-festa-in-onore-della-madonna-della-montagna\/"},"author":{"name":"Sebastiano Plutino","@id":"https:\/\/progettotouring.it\/radiotouring104\/#\/schema\/person\/78613917f1851f041f7483f5af1d422e"},"headline":"Taurianova, il fuoco di U &#8216;Mbitu riaccende la festa in onore della Madonna della Montagna","datePublished":"2026-08-31T08:09:24+00:00","mainEntityOfPage":{"@id":"https:\/\/progettotouring.it\/radiotouring104\/2026\/08\/31\/taurianova-il-fuoco-di-u-mbitu-riaccende-la-festa-in-onore-della-madonna-della-montagna\/"},"wordCount":461,"publisher":{"@id":"https:\/\/progettotouring.it\/radiotouring104\/#organization"},"keywords":["fal\u00f2","fede","Madonna della Montagna","musica","prevenzione oncologica","Taurianova","u mbitu"],"articleSection":["Home","News","Reggio Calabria"],"inLanguage":"it-IT"},{"@type":"WebPage","@id":"https:\/\/progettotouring.it\/radiotouring104\/2026\/08\/31\/taurianova-il-fuoco-di-u-mbitu-riaccende-la-festa-in-onore-della-madonna-della-montagna\/","url":"https:\/\/progettotouring.it\/radiotouring104\/2026\/08\/31\/taurianova-il-fuoco-di-u-mbitu-riaccende-la-festa-in-onore-della-madonna-della-montagna\/","name":"Taurianova, il fuoco di U 'Mbitu riaccende la festa in onore della Madonna della Montagna - Radio Touring 104","isPartOf":{"@id":"https:\/\/progettotouring.it\/radiotouring104\/#website"},"datePublished":"2026-08-31T08:09:24+00:00","description":"Il tradizionale rito del fal\u00f2 ha aperto i festeggiamenti in onore della Madonna della Montagna che torna al centro della Comunit\u00e0","breadcrumb":{"@id":"https:\/\/progettotouring.it\/radiotouring104\/2026\/08\/31\/taurianova-il-fuoco-di-u-mbitu-riaccende-la-festa-in-onore-della-madonna-della-montagna\/#breadcrumb"},"inLanguage":"it-IT","potentialAction":[{"@type":"ReadAction","target":["https:\/\/progettotouring.it\/radiotouring104\/2026\/08\/31\/taurianova-il-fuoco-di-u-mbitu-riaccende-la-festa-in-onore-della-madonna-della-montagna\/"]}]},{"@type":"BreadcrumbList","@id":"https:\/\/progettotouring.it\/radiotouring104\/2026\/08\/31\/taurianova-il-fuoco-di-u-mbitu-riaccende-la-festa-in-onore-della-madonna-della-montagna\/#breadcrumb","itemListElement":[{"@type":"ListItem","position":1,"name":"Home","item":"https:\/\/progettotouring.it\/radiotouring104\/"},{"@type":"ListItem","position":2,"name":"Taurianova, il fuoco di U &#8216;Mbitu riaccende la festa in onore della Madonna della Montagna"}]},{"@type":"WebSite","@id":"https:\/\/progettotouring.it\/radiotouring104\/#website","url":"https:\/\/progettotouring.it\/radiotouring104\/","name":"Radio Touring 104","description":"La prima radio Reggina","publisher":{"@id":"https:\/\/progettotouring.it\/radiotouring104\/#organization"},"potentialAction":[{"@type":"SearchAction","target":{"@type":"EntryPoint","urlTemplate":"https:\/\/progettotouring.it\/radiotouring104\/?s={search_term_string}"},"query-input":{"@type":"PropertyValueSpecification","valueRequired":true,"valueName":"search_term_string"}}],"inLanguage":"it-IT"},{"@type":"Organization","@id":"https:\/\/progettotouring.it\/radiotouring104\/#organization","name":"Radio Touring 104","url":"https:\/\/progettotouring.it\/radiotouring104\/","logo":{"@type":"ImageObject","inLanguage":"it-IT","@id":"https:\/\/progettotouring.it\/radiotouring104\/#\/schema\/logo\/image\/","url":"https:\/\/progettotouring.it\/radiotouring104\/wp-content\/uploads\/sites\/6\/2022\/02\/cropped-logo-radio-touring-104.png","contentUrl":"https:\/\/progettotouring.it\/radiotouring104\/wp-content\/uploads\/sites\/6\/2022\/02\/cropped-logo-radio-touring-104.png","width":377,"height":182,"caption":"Radio Touring 104"},"image":{"@id":"https:\/\/progettotouring.it\/radiotouring104\/#\/schema\/logo\/image\/"}},{"@type":"Person","@id":"https:\/\/progettotouring.it\/radiotouring104\/#\/schema\/person\/78613917f1851f041f7483f5af1d422e","name":"Sebastiano Plutino","image":{"@type":"ImageObject","inLanguage":"it-IT","@id":"https:\/\/secure.gravatar.com\/avatar\/0546ffaa9b79224faf9f2a156b67a529ae861d3287c66c1d8ccfdf909bcba78d?s=96&d=mm&r=g","url":"https:\/\/secure.gravatar.com\/avatar\/0546ffaa9b79224faf9f2a156b67a529ae861d3287c66c1d8ccfdf909bcba78d?s=96&d=mm&r=g","contentUrl":"https:\/\/secure.gravatar.com\/avatar\/0546ffaa9b79224faf9f2a156b67a529ae861d3287c66c1d8ccfdf909bcba78d?s=96&d=mm&r=g","caption":"Sebastiano Plutino"},"url":"https:\/\/progettotouring.it\/radiotouring104\/author\/sebastiano\/"}]}},"jetpack_publicize_connections":[],"jetpack_sharing_enabled":true,"jetpack_featured_media_url":"","_links":{"self":[{"href":"https:\/\/progettotouring.it\/radiotouring104\/wp-json\/wp\/v2\/posts\/99584","targetHints":{"allow":["GET"]}}],"collection":[{"href":"https:\/\/progettotouring.it\/radiotouring104\/wp-json\/wp\/v2\/posts"}],"about":[{"href":"https:\/\/progettotouring.it\/radiotouring104\/wp-json\/wp\/v2\/types\/post"}],"author":[{"embeddable":true,"href":"https:\/\/progettotouring.it\/radiotouring104\/wp-json\/wp\/v2\/users\/12"}],"replies":[{"embeddable":true,"href":"https:\/\/progettotouring.it\/radiotouring104\/wp-json\/wp\/v2\/comments?post=99584"}],"version-history":[{"count":1,"href":"https:\/\/progettotouring.it\/radiotouring104\/wp-json\/wp\/v2\/posts\/99584\/revisions"}],"predecessor-version":[{"id":99585,"href":"https:\/\/progettotouring.it\/radiotouring104\/wp-json\/wp\/v2\/posts\/99584\/revisions\/99585"}],"wp:attachment":[{"href":"https:\/\/progettotouring.it\/radiotouring104\/wp-json\/wp\/v2\/media?parent=99584"}],"wp:term":[{"taxonomy":"category","embeddable":true,"href":"https:\/\/progettotouring.it\/radiotouring104\/wp-json\/wp\/v2\/categories?post=99584"},{"taxonomy":"post_tag","embeddable":true,"href":"https:\/\/progettotouring.it\/radiotouring104\/wp-json\/wp\/v2\/tags?post=99584"}],"curies":[{"name":"wp","href":"https:\/\/api.w.org\/{rel}","templated":true}]}}