{"id":99589,"date":"2026-08-31T10:37:49","date_gmt":"2026-08-31T08:37:49","guid":{"rendered":"https:\/\/progettotouring.it\/radiotouring104\/?p=99589"},"modified":"2026-08-31T10:37:49","modified_gmt":"2026-08-31T08:37:49","slug":"inaugurati-a-pentidattilo-i-murales-di-tra-le-mani-di-pietra","status":"publish","type":"post","link":"https:\/\/progettotouring.it\/radiotouring104\/2026\/08\/31\/inaugurati-a-pentidattilo-i-murales-di-tra-le-mani-di-pietra\/","title":{"rendered":"Inaugurati a Pentidattilo i murales di &#8220;Tra le mani di pietra&#8221;"},"content":{"rendered":"<p>Sette grandi murales per dare un nuovo volto al borgo nuovo di Pentedattilo e trasformarne le pareti in un racconto collettivo fatto di storia, natura, identit\u00e0 e futuro. \u00c8 stata inaugurata sabato sera, 29 agosto, la nuova galleria d\u2019arte a cielo aperto realizzata nell\u2019ambito di <strong>\u201cTra le mani di pietra\u201d<\/strong>, festival internazionale di arte urbana inserito nel progetto <strong>\u201cRianimare Pentedattilo\u201d<\/strong>.<\/p>\n<p>L\u2019iniziativa \u00e8 promossa da <strong>Azimut APS<\/strong>, in partenariato con il <strong>Consorzio Ecolandia<\/strong> e l\u2019associazione <strong>Pro Pentedattilo<\/strong>, con il sostegno di <strong>Fondazione Con il Sud<\/strong> e <strong>Fondazione CDP<\/strong>, ente no profit del Gruppo Cassa Depositi e Prestiti, e con il patrocinio del <strong>Comune di Melito Porto Salvo<\/strong>.<\/p>\n<p>Dal 18 al 29 agosto sette cantieri artistici hanno animato il borgo nuovo, coinvolgendo artisti provenienti da Italia, Ecuador, Messico e Cuba. A coordinare il progetto \u00e8 stato il direttore artistico <strong>Boris Veliz<\/strong>, artista visivo ecuadoriano, affiancato da <strong>Associazione Kronos, Basik \u2013 Lucio Bolognesi, Cristian Neri ed Elena Accenti, Farid Rueda, Tania Azzar e Lisley Dura\u00f1\u00f3n Ojeda<\/strong><strong>.<\/strong><\/p>\n<p>L\u2019inaugurazione \u00e8 stata anche un momento di incontro con la cittadinanza. Dopo i saluti istituzionali del sindaco <strong>Annunziato Nastasi<\/strong>, del presidente di Ecolandia <strong>Giuseppe Minniti<\/strong>, della responsabile del progetto <strong>Laura Cirella<\/strong> e di Boris Veliz, i partecipanti hanno percorso il borgo insieme agli artisti, scoprendo una dopo l\u2019altra le nuove opere.<\/p>\n<p>&nbsp;<\/p>\n<p><strong>Il sindaco: \u201cL\u2019identit\u00e0 va coltivata\u201d<\/strong><\/p>\n<p>Il primo cittadino di Melito Porto Salvo, Annunziato Nastasi, ha rivendicato l\u2019impegno dell\u2019amministrazione nella valorizzazione del borgo: \u00abPentedattilo \u00e8 il borgo pi\u00f9 bello che possa esistere in Italia e ci teniamo tutti. Questi murales danno vita: sono bellissimi. Ringrazio Azimut, la Pro Pentedattilo, gli artisti arrivati da diverse parti d\u2019Italia e dall\u2019estero\u00bb.<\/p>\n<p>Particolare attenzione, nelle sue parole, al rapporto tra le opere e la comunit\u00e0: \u00abLa storia e l\u2019identit\u00e0 vanno coltivate e questi murales vanno in questa direzione. Hanno fatto bene i cittadini a dare spunti e idee, e chi li ha accolti ha fatto bene, perch\u00e9 l\u2019identit\u00e0 \u00e8 una questione di appartenenza e noi vogliamo portarla avanti\u00bb.<\/p>\n<p>E sul futuro il sindaco non ha dubbi: \u00abFaremo altri murales e anche lavori di ripristino delle strade e dei marciapiedi\u00bb ha illustrato Nastasi parlando del progetto gi\u00e0 al vaglio, con l\u2019obiettivo dichiarato di fare di Pentedattilo un luogo capace di vivere \u00ab365 giorni l\u2019anno\u00bb, con servizi e spazi adeguati, valorizzando l\u2019unicit\u00e0 della Rocca e collegando sempre pi\u00f9 borgo vecchio e borgo nuovo.<\/p>\n<p>&nbsp;<\/p>\n<p><strong>Laura Cirella (responsabile di \u201cRianimare Pentedattilo\u201d)<\/strong><strong>: \u201cOggi abbiamo una Pentedattilo nuova\u201d<\/strong><\/p>\n<p>Per <strong>Laura Cirella<\/strong>, responsabile di \u201cRianimare Pentedattilo\u201d, l\u2019inaugurazione rappresenta la conclusione di una delle attivit\u00e0 del progetto, ma anche l\u2019inizio di una nuova fase.<\/p>\n<p>\u00abOggi chiudiamo una delle attivit\u00e0 del progetto Rianimare Pentedattilo, quella legata all\u2019evento di street art, con l\u2019inaugurazione di sette murales realizzati da altrettanti artisti italiani e stranieri. Dal giorno 18 questi sette cantieri hanno accompagnato le attivit\u00e0 quotidiane dell\u2019Ostello della Giovent\u00f9\u00bb.<\/p>\n<p>Cirella ha sottolineato il ruolo della direzione artistica di Veliz e il cambiamento prodotto dall\u2019intervento: \u00abOggi abbiamo una Pentedattilo nuova, il borgo nuovo ha un nuovo volto, pi\u00f9 collegato al paese vecchio\u00bb. Un cambiamento che \u00abha gi\u00e0 attirato tanti visitatori che da tutta la provincia stanno venendo qui proprio per vedere il nuovo volto del Borgo\u00bb.<\/p>\n<p>Ma il percorso non \u00e8 concluso. \u00abSperiamo che questa attivit\u00e0 abbia dei rilasci anche sul lungo periodo\u00bb, ha spiegato Cirella, lanciando un doppio appello: agli artisti che vogliano portare a Pentedattilo il proprio gesto creativo e ai proprietari delle abitazioni disponibili a mettere a disposizione le proprie pareti. \u00abSiamo a caccia anche di pareti: \u00e8 possibile adottare un murales a Pentedattilo\u00bb.<\/p>\n<p>Il riferimento \u00e8 al QR code presente sui banner nel borgo, attraverso il quale \u00e8 possibile sostenere la prosecuzione degli interventi.<\/p>\n<p>&nbsp;<\/p>\n<p><strong>Dalla mano al fiordaliso, storie di Pentedattilo sulle pareti<\/strong><\/p>\n<p>A guidare la passeggiata inaugurale \u00e8 stato Boris Veliz, che ha raccontato le opere e il percorso che ha portato alla loro realizzazione. \u00abNon si voleva che gli artisti venissero qua, facessero qualcosa di carino e decorativo e poi andassero via. Il primo invito \u00e8 stato quello di studiare il posto, la sua storia e individuare una delle cinque tematiche proposte\u00bb.<\/p>\n<p>Le cinque tematiche, richiamate simbolicamente alle cinque dita della mano, sono <strong>storia, tragedia, mediazione, natura e cultura<\/strong>. Ogni artista ha scelto il proprio percorso, confrontandosi con il territorio.<\/p>\n<p><strong>\u201cLa notte di San Lorenzo\u201d di Basik \u2013 Lucio Bolognesi<\/strong> nasce dall\u2019incontro tra la sua ricerca ventennale sulla mano e la particolare identit\u00e0 di Pentedattilo. <strong>\u201cIl tempo di restare\u201d dell\u2019associazione Kronos<\/strong> racconta invece chi parte e chi ritorna, attraverso il tema dell\u2019emigrazione e il passaggio dall\u2019identit\u00e0 calabrese-grecanica a quella canadese. La trottola diventa metafora di un equilibrio dinamico, della capacit\u00e0 di adattarsi e resistere nel cambiamento. Per la realizzazione dell\u2019opera \u00e8 stata fondamentale anche la disponibilit\u00e0 della proprietaria della casa, la signora <strong>Elvira<\/strong>.<\/p>\n<p>Accanto a questi interventi c\u2019\u00e8 <strong>\u201cSibari\u201d di Farid Rueda<\/strong>, artista messicano, la cui presenza \u00e8 stata resa possibile anche grazie a una raccolta fondi promossa da <strong>Piero Milasi<\/strong> e dai suoi amici. \u00abPiuttosto che fare dei regali per i miei 60 anni, ho chiesto ai miei amici di convertire quello che avrebbero voluto regalarmi in denaro e versarlo all\u2019associazione per poter fare un murales\u00bb, ha raccontato Milasi, indicando la raccolta fondi come possibile modello da ripetere nel tempo.<\/p>\n<p><strong>Tania Azzar<\/strong> ha realizzato <strong>\u201cNelle sue mani\u201d<\/strong>, con una bambina come simbolo del futuro del borgo. \u00abLa mia domanda era: cosa lasciamo a chi viene? Il futuro \u00e8 nelle sue mani e lei lo pu\u00f2 costruire e disegnare come vuole\u00bb, ha spiegato l\u2019artista, legando l\u2019opera anche al valore della contemplazione e della gentilezza: \u00abL\u2019arte \u00e8 un atto di amore, di gentilezza\u00bb.<\/p>\n<p><strong>\u201cIl fiore sulla pietra\u201d di Elena Accenti e Cristian Neri<\/strong> prende invece spunto dal fiordaliso di Pentedattilo, fiore autoctono che nasce sulla roccia e diventa metafora della resistenza del borgo. Il duo ha unito il linguaggio del fumetto alla memoria di <strong>Edward Lear<\/strong>, riprendendone colori e immagini ottocentesche. \u00abPentedattilo resiste nella storia e deve continuare a resistere e avere la forza che ha questo fiore\u00bb, ha detto Accenti. I due artisti hanno raccontato anche la scoperta del territorio durante la preparazione del lavoro: musica, cinema, botanica e storia della Calabria sono entrati nel loro percorso creativo.<\/p>\n<p>Infine <strong>Lisley Dura\u00f1\u00f3n Ojeda<\/strong>, artista cubana alla sua prima esperienza in Italia, ha realizzato <strong>\u201cLa Reina de los Mares\u201d<\/strong>, la dea dei mari che l\u2019ha accompagnata idealmente nel viaggio verso Pentedattilo. L\u2019opera \u00e8 nata anche dal rapporto con la natura del luogo, fino all\u2019inserimento del fico d\u2019India, scoperto durante il soggiorno.<\/p>\n<p>La presenza dell\u2019artista cubana \u00e8 stata resa possibile dalla collaborazione con <strong>COSPE<\/strong> e con il progetto <strong>\u201cZone Creative\u201d<\/strong>, finanziato dall\u2019Agenzia Italiana per la Cooperazione allo Sviluppo della sede de L\u2019Avana. \u00ab\u00c8 un progetto che ha come centralit\u00e0 l\u2019arte, la creativit\u00e0, la cultura, la rigenerazione dei luoghi e delle comunit\u00e0\u00bb, ha spiegato Cirella. La cooperazione internazionale, ha aggiunto, ha permesso di portare a Pentedattilo una delegazione di otto cooperanti cubani e di creare un ponte che proseguir\u00e0 anche a <strong>Reggio Calabria<\/strong>, dove Dura\u00f1\u00f3n Ojeda realizzer\u00e0 un\u2019altra opera.<\/p>\n<p>&nbsp;<\/p>\n<p><strong>\u201cTerra d\u2019Incontri\u201d: il muro diventa memoria<\/strong><\/p>\n<p>Il percorso si \u00e8 concluso davanti all\u2019<strong>Ostello della Giovent\u00f9<\/strong>, con <strong>\u201cTerra d\u2019Incontri\u201d di Boris Veliz<\/strong>. Un\u2019opera pensata anche per conservare la memoria di questo luogo, dove per quasi trent\u2019anni sono passati gruppi scout, lasciando loghi e segni sulle pareti.<\/p>\n<p>\u00abMi ha fatto piacere capire come il colibr\u00ec fosse un punto di riferimento non solo per gli scout, ma anche per me\u00bb, ha raccontato Veliz. Un simbolo che unisce Pentedattilo e l\u2019Ecuador: \u00abIn Ecuador il colibr\u00ec \u00e8 un animale simbolo del nostro Paese. Poter mettere insieme le due cose era veramente significativo\u00bb.<\/p>\n<p>Qui la conclusione dell\u2019inaugurazione \u00e8 diventata partecipazione. Autorit\u00e0, rappresentanti delle associazioni e cittadini hanno lasciato sul muro alcune parole con la bomboletta spray, tra cui: <strong>accoglienza, futuro, sogno, strada<\/strong>.<\/p>\n<p>Un gesto semplice, ma coerente con il senso dell\u2019intero progetto: non soltanto dipingere le pareti, ma lasciare tracce, creare relazioni e fare del borgo uno spazio condiviso.<\/p>\n<p>&nbsp;<\/p>\n<p><strong>Dal muralismo al cinema, il viaggio continua<\/strong><\/p>\n<p>La serata ha cos\u00ec chiuso una tappa di \u201cRianimare Pentedattilo\u201d, senza chiudere il percorso. <strong>Giuseppe Minniti<\/strong> ha ricordato che il progetto si svilupper\u00e0 nell\u2019arco di tre anni, con l\u2019obiettivo di proseguire la realizzazione dei murales e rafforzare il collegamento tra Borgo Nuovo e Borgo Vecchio.<\/p>\n<p>E questa sera, 30 agosto, il testimone passer\u00e0 dalla street art al cinema con il <strong>Pentedattilo Film Festival<\/strong> e il <strong>48 Ore Pentedattilo<\/strong>. Cinque troupe, impegnate nelle ultime 48 ore nel borgo, presenteranno i loro cortometraggi, cinque lavori ispirati anche ad altrettanti murales appena inaugurati.<\/p>\n<p>\u00abIl paese nuovo non ha nulla da invidiare al paese vecchio\u00bb, ha detto il direttore artistico del 48 Ore Pentedattilo, Emanuele Milasi: \u00abAiutiamo questo paese a crescere a partire da noi\u00bb.<\/p>\n<p>\u00c8 forse questo il senso pi\u00f9 immediato della serata: Pentedattilo non \u00e8 stata soltanto raccontata attraverso sette grandi pareti dipinte. Per una sera, quelle pareti sono diventate il punto d\u2019incontro tra chi \u00e8 rimasto, chi \u00e8 partito, chi \u00e8 tornato e chi \u00e8 arrivato da lontano per lasciare un segno. E da quelle immagini, adesso, il borgo prova a ripartire.<\/p>\n<p>&nbsp;<\/p>\n<p>&nbsp;<\/p>\n<p>&nbsp;<\/p>\n<p>\u201cRianimare Pentedattilo\u201d \u00e8 il progetto di Azimut APS, in partenariato con il Consorzio Ecolandia e l\u2019associazione Pro Pentedattilo, sostenuto da Fondazione Con il Sud e Fondazione CDP, l\u2019ente no profit del Gruppo Cassa Depositi e Prestiti, con il patrocinio del Comune di Melito Porto Salvo, che ha l\u2019obiettivo di animare il borgo con iniziative dedicate alla cultura e alla valorizzazione del territorio. Il Pentedattilo Film Festival \u00e8 di propriet\u00e0 della Ram Film.<\/p>\n<p>&nbsp;<\/p>\n<p>Per info visita il sito <a href=\"https:\/\/ostellodellagioventupentedattilo.com\/?utm_source=chatgpt.com\">ostellodellagioventupentedattilo.com<\/a><\/p>\n<p>&nbsp;<\/p>\n","protected":false},"excerpt":{"rendered":"<p>Sette grandi murales per dare un nuovo volto al borgo nuovo di Pentedattilo e trasformarne le pareti in un racconto collettivo fatto di storia, natura, identit\u00e0 e futuro. \u00c8 stata&hellip;<\/p>\n","protected":false},"author":12,"featured_media":99590,"comment_status":"closed","ping_status":"open","sticky":false,"template":"","format":"standard","meta":{"_jetpack_newsletter_access":"","_jetpack_dont_email_post_to_subs":false,"_jetpack_newsletter_tier_id":0,"_jetpack_memberships_contains_paywalled_content":false,"_jetpack_feature_clip_id":0,"_jetpack_memberships_contains_paid_content":false,"footnotes":"","jetpack_publicize_message":"","jetpack_publicize_feature_enabled":true,"jetpack_social_post_already_shared":true,"jetpack_social_options":{"image_generator_settings":{"template":"highway","default_image_id":0,"font":"","enabled":false},"version":2},"jetpack_post_was_ever_published":false},"categories":[921,196,140],"tags":[36462,56167,56168,36465,56166,7620],"class_list":["post-99589","post","type-post","status-publish","format-standard","has-post-thumbnail","hentry","category-home","category-news","category-reggio-calabria","tag-consorzio-ecolandia","tag-festival-di-arte-urbana-del-progetto-rianimare-pentedattilo","tag-inaugurazione-7-murales","tag-laura-cirella","tag-murales-di-tra-le-mani-di-pietra","tag-pentidattilo"],"yoast_head":"<!-- This site is optimized with the Yoast SEO plugin v28.3 - https:\/\/yoast.com\/product\/yoast-seo-wordpress\/ -->\n<title>Inaugurati a Pentidattilo i murales di &quot;Tra le mani di pietra&quot;<\/title>\n<meta name=\"description\" content=\"Inaugurati i sette murales, festival di arte urbana del progetto \u201cRianimare Pentedattilo\u201d: arte, memoria e comunit\u00e0\" \/>\n<meta name=\"robots\" content=\"index, follow, max-snippet:-1, max-image-preview:large, max-video-preview:-1\" \/>\n<link rel=\"canonical\" href=\"https:\/\/progettotouring.it\/radiotouring104\/2026\/08\/31\/inaugurati-a-pentidattilo-i-murales-di-tra-le-mani-di-pietra\/\" \/>\n<meta property=\"og:locale\" content=\"it_IT\" \/>\n<meta property=\"og:type\" content=\"article\" \/>\n<meta property=\"og:title\" content=\"Inaugurati a Pentidattilo i murales di &quot;Tra le mani di pietra&quot;\" \/>\n<meta property=\"og:description\" content=\"Inaugurati i sette murales, festival di arte urbana del progetto \u201cRianimare Pentedattilo\u201d: arte, memoria e comunit\u00e0\" \/>\n<meta property=\"og:url\" content=\"https:\/\/progettotouring.it\/radiotouring104\/2026\/08\/31\/inaugurati-a-pentidattilo-i-murales-di-tra-le-mani-di-pietra\/\" \/>\n<meta property=\"og:site_name\" content=\"Radio Touring 104\" \/>\n<meta property=\"article:published_time\" content=\"2026-08-31T08:37:49+00:00\" \/>\n<meta property=\"og:image\" content=\"https:\/\/progettotouring.it\/radiotouring104\/wp-content\/uploads\/sites\/6\/2026\/08\/Murales-Pentidattilo-tra-le-mani-di-pietra.jpeg\" \/>\n\t<meta property=\"og:image:width\" content=\"1613\" \/>\n\t<meta property=\"og:image:height\" content=\"1210\" \/>\n\t<meta property=\"og:image:type\" content=\"image\/jpeg\" \/>\n<meta name=\"author\" content=\"Sebastiano Plutino\" \/>\n<meta name=\"twitter:card\" content=\"summary_large_image\" \/>\n<meta name=\"twitter:label1\" content=\"Scritto da\" \/>\n\t<meta name=\"twitter:data1\" content=\"Sebastiano Plutino\" \/>\n\t<meta name=\"twitter:label2\" content=\"Tempo di lettura stimato\" \/>\n\t<meta name=\"twitter:data2\" content=\"8 minuti\" \/>\n<script type=\"application\/ld+json\" class=\"yoast-schema-graph\">{\"@context\":\"https:\\\/\\\/schema.org\",\"@graph\":[{\"@type\":\"Article\",\"@id\":\"https:\\\/\\\/progettotouring.it\\\/radiotouring104\\\/2026\\\/08\\\/31\\\/inaugurati-a-pentidattilo-i-murales-di-tra-le-mani-di-pietra\\\/#article\",\"isPartOf\":{\"@id\":\"https:\\\/\\\/progettotouring.it\\\/radiotouring104\\\/2026\\\/08\\\/31\\\/inaugurati-a-pentidattilo-i-murales-di-tra-le-mani-di-pietra\\\/\"},\"author\":{\"name\":\"Sebastiano Plutino\",\"@id\":\"https:\\\/\\\/progettotouring.it\\\/radiotouring104\\\/#\\\/schema\\\/person\\\/78613917f1851f041f7483f5af1d422e\"},\"headline\":\"Inaugurati a Pentidattilo i murales di &#8220;Tra le mani di pietra&#8221;\",\"datePublished\":\"2026-08-31T08:37:49+00:00\",\"mainEntityOfPage\":{\"@id\":\"https:\\\/\\\/progettotouring.it\\\/radiotouring104\\\/2026\\\/08\\\/31\\\/inaugurati-a-pentidattilo-i-murales-di-tra-le-mani-di-pietra\\\/\"},\"wordCount\":1613,\"publisher\":{\"@id\":\"https:\\\/\\\/progettotouring.it\\\/radiotouring104\\\/#organization\"},\"image\":{\"@id\":\"https:\\\/\\\/progettotouring.it\\\/radiotouring104\\\/2026\\\/08\\\/31\\\/inaugurati-a-pentidattilo-i-murales-di-tra-le-mani-di-pietra\\\/#primaryimage\"},\"thumbnailUrl\":\"https:\\\/\\\/progettotouring.it\\\/radiotouring104\\\/wp-content\\\/uploads\\\/sites\\\/6\\\/2026\\\/08\\\/Murales-Pentidattilo-tra-le-mani-di-pietra.jpeg\",\"keywords\":[\"Consorzio Ecolandia\",\"festival di arte urbana del progetto \u201cRianimare Pentedattilo\u201d\",\"inaugurazione 7 murales\",\"Laura Cirella\",\"murales di \\\"Tra le mani di pietra\\\"\",\"pentidattilo\"],\"articleSection\":[\"Home\",\"News\",\"Reggio Calabria\"],\"inLanguage\":\"it-IT\"},{\"@type\":\"WebPage\",\"@id\":\"https:\\\/\\\/progettotouring.it\\\/radiotouring104\\\/2026\\\/08\\\/31\\\/inaugurati-a-pentidattilo-i-murales-di-tra-le-mani-di-pietra\\\/\",\"url\":\"https:\\\/\\\/progettotouring.it\\\/radiotouring104\\\/2026\\\/08\\\/31\\\/inaugurati-a-pentidattilo-i-murales-di-tra-le-mani-di-pietra\\\/\",\"name\":\"Inaugurati a Pentidattilo i murales di \\\"Tra le mani di pietra\\\"\",\"isPartOf\":{\"@id\":\"https:\\\/\\\/progettotouring.it\\\/radiotouring104\\\/#website\"},\"primaryImageOfPage\":{\"@id\":\"https:\\\/\\\/progettotouring.it\\\/radiotouring104\\\/2026\\\/08\\\/31\\\/inaugurati-a-pentidattilo-i-murales-di-tra-le-mani-di-pietra\\\/#primaryimage\"},\"image\":{\"@id\":\"https:\\\/\\\/progettotouring.it\\\/radiotouring104\\\/2026\\\/08\\\/31\\\/inaugurati-a-pentidattilo-i-murales-di-tra-le-mani-di-pietra\\\/#primaryimage\"},\"thumbnailUrl\":\"https:\\\/\\\/progettotouring.it\\\/radiotouring104\\\/wp-content\\\/uploads\\\/sites\\\/6\\\/2026\\\/08\\\/Murales-Pentidattilo-tra-le-mani-di-pietra.jpeg\",\"datePublished\":\"2026-08-31T08:37:49+00:00\",\"description\":\"Inaugurati i sette murales, festival di arte urbana del progetto \u201cRianimare Pentedattilo\u201d: arte, memoria e comunit\u00e0\",\"breadcrumb\":{\"@id\":\"https:\\\/\\\/progettotouring.it\\\/radiotouring104\\\/2026\\\/08\\\/31\\\/inaugurati-a-pentidattilo-i-murales-di-tra-le-mani-di-pietra\\\/#breadcrumb\"},\"inLanguage\":\"it-IT\",\"potentialAction\":[{\"@type\":\"ReadAction\",\"target\":[\"https:\\\/\\\/progettotouring.it\\\/radiotouring104\\\/2026\\\/08\\\/31\\\/inaugurati-a-pentidattilo-i-murales-di-tra-le-mani-di-pietra\\\/\"]}]},{\"@type\":\"ImageObject\",\"inLanguage\":\"it-IT\",\"@id\":\"https:\\\/\\\/progettotouring.it\\\/radiotouring104\\\/2026\\\/08\\\/31\\\/inaugurati-a-pentidattilo-i-murales-di-tra-le-mani-di-pietra\\\/#primaryimage\",\"url\":\"https:\\\/\\\/progettotouring.it\\\/radiotouring104\\\/wp-content\\\/uploads\\\/sites\\\/6\\\/2026\\\/08\\\/Murales-Pentidattilo-tra-le-mani-di-pietra.jpeg\",\"contentUrl\":\"https:\\\/\\\/progettotouring.it\\\/radiotouring104\\\/wp-content\\\/uploads\\\/sites\\\/6\\\/2026\\\/08\\\/Murales-Pentidattilo-tra-le-mani-di-pietra.jpeg\",\"width\":1613,\"height\":1210},{\"@type\":\"BreadcrumbList\",\"@id\":\"https:\\\/\\\/progettotouring.it\\\/radiotouring104\\\/2026\\\/08\\\/31\\\/inaugurati-a-pentidattilo-i-murales-di-tra-le-mani-di-pietra\\\/#breadcrumb\",\"itemListElement\":[{\"@type\":\"ListItem\",\"position\":1,\"name\":\"Home\",\"item\":\"https:\\\/\\\/progettotouring.it\\\/radiotouring104\\\/\"},{\"@type\":\"ListItem\",\"position\":2,\"name\":\"Inaugurati a Pentidattilo i murales di &#8220;Tra le mani di pietra&#8221;\"}]},{\"@type\":\"WebSite\",\"@id\":\"https:\\\/\\\/progettotouring.it\\\/radiotouring104\\\/#website\",\"url\":\"https:\\\/\\\/progettotouring.it\\\/radiotouring104\\\/\",\"name\":\"Radio Touring 104\",\"description\":\"La prima radio Reggina\",\"publisher\":{\"@id\":\"https:\\\/\\\/progettotouring.it\\\/radiotouring104\\\/#organization\"},\"potentialAction\":[{\"@type\":\"SearchAction\",\"target\":{\"@type\":\"EntryPoint\",\"urlTemplate\":\"https:\\\/\\\/progettotouring.it\\\/radiotouring104\\\/?s={search_term_string}\"},\"query-input\":{\"@type\":\"PropertyValueSpecification\",\"valueRequired\":true,\"valueName\":\"search_term_string\"}}],\"inLanguage\":\"it-IT\"},{\"@type\":\"Organization\",\"@id\":\"https:\\\/\\\/progettotouring.it\\\/radiotouring104\\\/#organization\",\"name\":\"Radio Touring 104\",\"url\":\"https:\\\/\\\/progettotouring.it\\\/radiotouring104\\\/\",\"logo\":{\"@type\":\"ImageObject\",\"inLanguage\":\"it-IT\",\"@id\":\"https:\\\/\\\/progettotouring.it\\\/radiotouring104\\\/#\\\/schema\\\/logo\\\/image\\\/\",\"url\":\"https:\\\/\\\/progettotouring.it\\\/radiotouring104\\\/wp-content\\\/uploads\\\/sites\\\/6\\\/2022\\\/02\\\/cropped-logo-radio-touring-104.png\",\"contentUrl\":\"https:\\\/\\\/progettotouring.it\\\/radiotouring104\\\/wp-content\\\/uploads\\\/sites\\\/6\\\/2022\\\/02\\\/cropped-logo-radio-touring-104.png\",\"width\":377,\"height\":182,\"caption\":\"Radio Touring 104\"},\"image\":{\"@id\":\"https:\\\/\\\/progettotouring.it\\\/radiotouring104\\\/#\\\/schema\\\/logo\\\/image\\\/\"}},{\"@type\":\"Person\",\"@id\":\"https:\\\/\\\/progettotouring.it\\\/radiotouring104\\\/#\\\/schema\\\/person\\\/78613917f1851f041f7483f5af1d422e\",\"name\":\"Sebastiano Plutino\",\"image\":{\"@type\":\"ImageObject\",\"inLanguage\":\"it-IT\",\"@id\":\"https:\\\/\\\/secure.gravatar.com\\\/avatar\\\/0546ffaa9b79224faf9f2a156b67a529ae861d3287c66c1d8ccfdf909bcba78d?s=96&d=mm&r=g\",\"url\":\"https:\\\/\\\/secure.gravatar.com\\\/avatar\\\/0546ffaa9b79224faf9f2a156b67a529ae861d3287c66c1d8ccfdf909bcba78d?s=96&d=mm&r=g\",\"contentUrl\":\"https:\\\/\\\/secure.gravatar.com\\\/avatar\\\/0546ffaa9b79224faf9f2a156b67a529ae861d3287c66c1d8ccfdf909bcba78d?s=96&d=mm&r=g\",\"caption\":\"Sebastiano Plutino\"},\"url\":\"https:\\\/\\\/progettotouring.it\\\/radiotouring104\\\/author\\\/sebastiano\\\/\"}]}<\/script>\n<!-- \/ Yoast SEO plugin. -->","yoast_head_json":{"title":"Inaugurati a Pentidattilo i murales di \"Tra le mani di pietra\"","description":"Inaugurati i sette murales, festival di arte urbana del progetto \u201cRianimare Pentedattilo\u201d: arte, memoria e comunit\u00e0","robots":{"index":"index","follow":"follow","max-snippet":"max-snippet:-1","max-image-preview":"max-image-preview:large","max-video-preview":"max-video-preview:-1"},"canonical":"https:\/\/progettotouring.it\/radiotouring104\/2026\/08\/31\/inaugurati-a-pentidattilo-i-murales-di-tra-le-mani-di-pietra\/","og_locale":"it_IT","og_type":"article","og_title":"Inaugurati a Pentidattilo i murales di \"Tra le mani di pietra\"","og_description":"Inaugurati i sette murales, festival di arte urbana del progetto \u201cRianimare Pentedattilo\u201d: arte, memoria e comunit\u00e0","og_url":"https:\/\/progettotouring.it\/radiotouring104\/2026\/08\/31\/inaugurati-a-pentidattilo-i-murales-di-tra-le-mani-di-pietra\/","og_site_name":"Radio Touring 104","article_published_time":"2026-08-31T08:37:49+00:00","og_image":[{"width":1613,"height":1210,"url":"https:\/\/progettotouring.it\/radiotouring104\/wp-content\/uploads\/sites\/6\/2026\/08\/Murales-Pentidattilo-tra-le-mani-di-pietra.jpeg","type":"image\/jpeg"}],"author":"Sebastiano Plutino","twitter_card":"summary_large_image","twitter_misc":{"Scritto da":"Sebastiano Plutino","Tempo di lettura stimato":"8 minuti"},"schema":{"@context":"https:\/\/schema.org","@graph":[{"@type":"Article","@id":"https:\/\/progettotouring.it\/radiotouring104\/2026\/08\/31\/inaugurati-a-pentidattilo-i-murales-di-tra-le-mani-di-pietra\/#article","isPartOf":{"@id":"https:\/\/progettotouring.it\/radiotouring104\/2026\/08\/31\/inaugurati-a-pentidattilo-i-murales-di-tra-le-mani-di-pietra\/"},"author":{"name":"Sebastiano Plutino","@id":"https:\/\/progettotouring.it\/radiotouring104\/#\/schema\/person\/78613917f1851f041f7483f5af1d422e"},"headline":"Inaugurati a Pentidattilo i murales di &#8220;Tra le mani di pietra&#8221;","datePublished":"2026-08-31T08:37:49+00:00","mainEntityOfPage":{"@id":"https:\/\/progettotouring.it\/radiotouring104\/2026\/08\/31\/inaugurati-a-pentidattilo-i-murales-di-tra-le-mani-di-pietra\/"},"wordCount":1613,"publisher":{"@id":"https:\/\/progettotouring.it\/radiotouring104\/#organization"},"image":{"@id":"https:\/\/progettotouring.it\/radiotouring104\/2026\/08\/31\/inaugurati-a-pentidattilo-i-murales-di-tra-le-mani-di-pietra\/#primaryimage"},"thumbnailUrl":"https:\/\/progettotouring.it\/radiotouring104\/wp-content\/uploads\/sites\/6\/2026\/08\/Murales-Pentidattilo-tra-le-mani-di-pietra.jpeg","keywords":["Consorzio Ecolandia","festival di arte urbana del progetto \u201cRianimare Pentedattilo\u201d","inaugurazione 7 murales","Laura Cirella","murales di \"Tra le mani di pietra\"","pentidattilo"],"articleSection":["Home","News","Reggio Calabria"],"inLanguage":"it-IT"},{"@type":"WebPage","@id":"https:\/\/progettotouring.it\/radiotouring104\/2026\/08\/31\/inaugurati-a-pentidattilo-i-murales-di-tra-le-mani-di-pietra\/","url":"https:\/\/progettotouring.it\/radiotouring104\/2026\/08\/31\/inaugurati-a-pentidattilo-i-murales-di-tra-le-mani-di-pietra\/","name":"Inaugurati a Pentidattilo i murales di \"Tra le mani di pietra\"","isPartOf":{"@id":"https:\/\/progettotouring.it\/radiotouring104\/#website"},"primaryImageOfPage":{"@id":"https:\/\/progettotouring.it\/radiotouring104\/2026\/08\/31\/inaugurati-a-pentidattilo-i-murales-di-tra-le-mani-di-pietra\/#primaryimage"},"image":{"@id":"https:\/\/progettotouring.it\/radiotouring104\/2026\/08\/31\/inaugurati-a-pentidattilo-i-murales-di-tra-le-mani-di-pietra\/#primaryimage"},"thumbnailUrl":"https:\/\/progettotouring.it\/radiotouring104\/wp-content\/uploads\/sites\/6\/2026\/08\/Murales-Pentidattilo-tra-le-mani-di-pietra.jpeg","datePublished":"2026-08-31T08:37:49+00:00","description":"Inaugurati i sette murales, festival di arte urbana del progetto \u201cRianimare Pentedattilo\u201d: arte, memoria e comunit\u00e0","breadcrumb":{"@id":"https:\/\/progettotouring.it\/radiotouring104\/2026\/08\/31\/inaugurati-a-pentidattilo-i-murales-di-tra-le-mani-di-pietra\/#breadcrumb"},"inLanguage":"it-IT","potentialAction":[{"@type":"ReadAction","target":["https:\/\/progettotouring.it\/radiotouring104\/2026\/08\/31\/inaugurati-a-pentidattilo-i-murales-di-tra-le-mani-di-pietra\/"]}]},{"@type":"ImageObject","inLanguage":"it-IT","@id":"https:\/\/progettotouring.it\/radiotouring104\/2026\/08\/31\/inaugurati-a-pentidattilo-i-murales-di-tra-le-mani-di-pietra\/#primaryimage","url":"https:\/\/progettotouring.it\/radiotouring104\/wp-content\/uploads\/sites\/6\/2026\/08\/Murales-Pentidattilo-tra-le-mani-di-pietra.jpeg","contentUrl":"https:\/\/progettotouring.it\/radiotouring104\/wp-content\/uploads\/sites\/6\/2026\/08\/Murales-Pentidattilo-tra-le-mani-di-pietra.jpeg","width":1613,"height":1210},{"@type":"BreadcrumbList","@id":"https:\/\/progettotouring.it\/radiotouring104\/2026\/08\/31\/inaugurati-a-pentidattilo-i-murales-di-tra-le-mani-di-pietra\/#breadcrumb","itemListElement":[{"@type":"ListItem","position":1,"name":"Home","item":"https:\/\/progettotouring.it\/radiotouring104\/"},{"@type":"ListItem","position":2,"name":"Inaugurati a Pentidattilo i murales di &#8220;Tra le mani di pietra&#8221;"}]},{"@type":"WebSite","@id":"https:\/\/progettotouring.it\/radiotouring104\/#website","url":"https:\/\/progettotouring.it\/radiotouring104\/","name":"Radio Touring 104","description":"La prima radio Reggina","publisher":{"@id":"https:\/\/progettotouring.it\/radiotouring104\/#organization"},"potentialAction":[{"@type":"SearchAction","target":{"@type":"EntryPoint","urlTemplate":"https:\/\/progettotouring.it\/radiotouring104\/?s={search_term_string}"},"query-input":{"@type":"PropertyValueSpecification","valueRequired":true,"valueName":"search_term_string"}}],"inLanguage":"it-IT"},{"@type":"Organization","@id":"https:\/\/progettotouring.it\/radiotouring104\/#organization","name":"Radio Touring 104","url":"https:\/\/progettotouring.it\/radiotouring104\/","logo":{"@type":"ImageObject","inLanguage":"it-IT","@id":"https:\/\/progettotouring.it\/radiotouring104\/#\/schema\/logo\/image\/","url":"https:\/\/progettotouring.it\/radiotouring104\/wp-content\/uploads\/sites\/6\/2022\/02\/cropped-logo-radio-touring-104.png","contentUrl":"https:\/\/progettotouring.it\/radiotouring104\/wp-content\/uploads\/sites\/6\/2022\/02\/cropped-logo-radio-touring-104.png","width":377,"height":182,"caption":"Radio Touring 104"},"image":{"@id":"https:\/\/progettotouring.it\/radiotouring104\/#\/schema\/logo\/image\/"}},{"@type":"Person","@id":"https:\/\/progettotouring.it\/radiotouring104\/#\/schema\/person\/78613917f1851f041f7483f5af1d422e","name":"Sebastiano Plutino","image":{"@type":"ImageObject","inLanguage":"it-IT","@id":"https:\/\/secure.gravatar.com\/avatar\/0546ffaa9b79224faf9f2a156b67a529ae861d3287c66c1d8ccfdf909bcba78d?s=96&d=mm&r=g","url":"https:\/\/secure.gravatar.com\/avatar\/0546ffaa9b79224faf9f2a156b67a529ae861d3287c66c1d8ccfdf909bcba78d?s=96&d=mm&r=g","contentUrl":"https:\/\/secure.gravatar.com\/avatar\/0546ffaa9b79224faf9f2a156b67a529ae861d3287c66c1d8ccfdf909bcba78d?s=96&d=mm&r=g","caption":"Sebastiano Plutino"},"url":"https:\/\/progettotouring.it\/radiotouring104\/author\/sebastiano\/"}]}},"jetpack_publicize_connections":[],"jetpack_sharing_enabled":true,"jetpack_featured_media_url":"https:\/\/progettotouring.it\/radiotouring104\/wp-content\/uploads\/sites\/6\/2026\/08\/Murales-Pentidattilo-tra-le-mani-di-pietra.jpeg","_links":{"self":[{"href":"https:\/\/progettotouring.it\/radiotouring104\/wp-json\/wp\/v2\/posts\/99589","targetHints":{"allow":["GET"]}}],"collection":[{"href":"https:\/\/progettotouring.it\/radiotouring104\/wp-json\/wp\/v2\/posts"}],"about":[{"href":"https:\/\/progettotouring.it\/radiotouring104\/wp-json\/wp\/v2\/types\/post"}],"author":[{"embeddable":true,"href":"https:\/\/progettotouring.it\/radiotouring104\/wp-json\/wp\/v2\/users\/12"}],"replies":[{"embeddable":true,"href":"https:\/\/progettotouring.it\/radiotouring104\/wp-json\/wp\/v2\/comments?post=99589"}],"version-history":[{"count":1,"href":"https:\/\/progettotouring.it\/radiotouring104\/wp-json\/wp\/v2\/posts\/99589\/revisions"}],"predecessor-version":[{"id":99591,"href":"https:\/\/progettotouring.it\/radiotouring104\/wp-json\/wp\/v2\/posts\/99589\/revisions\/99591"}],"wp:featuredmedia":[{"embeddable":true,"href":"https:\/\/progettotouring.it\/radiotouring104\/wp-json\/wp\/v2\/media\/99590"}],"wp:attachment":[{"href":"https:\/\/progettotouring.it\/radiotouring104\/wp-json\/wp\/v2\/media?parent=99589"}],"wp:term":[{"taxonomy":"category","embeddable":true,"href":"https:\/\/progettotouring.it\/radiotouring104\/wp-json\/wp\/v2\/categories?post=99589"},{"taxonomy":"post_tag","embeddable":true,"href":"https:\/\/progettotouring.it\/radiotouring104\/wp-json\/wp\/v2\/tags?post=99589"}],"curies":[{"name":"wp","href":"https:\/\/api.w.org\/{rel}","templated":true}]}}