{"id":99592,"date":"2026-08-31T10:59:05","date_gmt":"2026-08-31T08:59:05","guid":{"rendered":"https:\/\/progettotouring.it\/radiotouring104\/?p=99592"},"modified":"2026-08-31T10:59:05","modified_gmt":"2026-08-31T08:59:05","slug":"trasporto-pubblico-la-strada-a-reggio-il-bus-e-un-lusso","status":"publish","type":"post","link":"https:\/\/progettotouring.it\/radiotouring104\/2026\/08\/31\/trasporto-pubblico-la-strada-a-reggio-il-bus-e-un-lusso\/","title":{"rendered":"Trasporto Pubblico, &#8220;La Strada&#8221;: &#8220;A Reggio il bus \u00e8 un lusso&#8221;"},"content":{"rendered":"<p><strong>Il Movimento politico reggino &#8220;La Strada&#8221; con l&#8217;apertura dell&#8217;anno scolastico 2026\/27, tramite un comunicato stampa a firma delle attiviste Livia Guarniera e Rosy Chirico, accendono i riflettori sulla tematica relativa alle alte tariffe del servizio del trasporto pubblico, gestito dall&#8217;Atam, pur riconoscendo che l&#8217;azienda ha compiuto importanti passi avanti sotto il profilo ambientale, ampliamento e il rinnovamento del parco autobus.\u00a0<\/strong><\/p>\n<p>Un tariffario che pesa sul bilancio dei cittadini e delle famiglie reggine, secondo i dati riportati dal movimento per 495,10 euro per l&#8217;abbomento annuale,136,10 euro per il trimestrale, 49,50 euro per il mensile e 14,40 euro per il settimanale. Rincari che pesano anche a causa dell&#8217;adeguamento tariffario, introdotto dal 1\u00b0 febbraio 2026, con una maggiorazione 20% sui titoli urbani e del 30% su quelli extraurbani su gomma e che, secondo il Movimento, potrebbe portare ad un aumento dell&#8217;utilizzo dell&#8217;auto.<\/p>\n<p>&#8220;A Reggio Calabria prendere il bus \u00e8 diventato un lusso. Lo diciamo da anni come Movimento La Strada, e lo abbiamo inserito nelle nostre proposte per le Comunali 2026. Una mobilit\u00e0 economicamente sostenibile in questa citt\u00e0 resta un miraggio, al netto dei passi avanti in termini di sostenibilit\u00e0 ambientale grazie al recente ampliamento e rinnovamento della flotta dei bus in chiave green, fatto estremamente positivo e che va nella giusta direzione.<\/p>\n<p>Tornando al fattore prezzi, il quadro, come detto, \u00e8 decisamente meno roseo. Acquistare un abbonamento ATAM \u00e8 una spesa non da poco: <strong>495,10 euro l&#8217;abbonamento annuale urbano, 136,10 euro il trimestrale urbano, 49,50 euro il mensile urbano, 14,40 euro il settimanale urbano <\/strong>(come da app ATAM). Ricordiamo che dal 1\u00b0 febbraio 2026 la Regione Calabria ha imposto un adeguamento del 20% sui titoli urbani e del 30% su quelli extraurbani su gomma.<\/p>\n<p>Nel 2023 il Comune aveva attuato una misura significativa in termini di incentivo alla mobilit\u00e0 pubblica grazie ai fondi PON Metro REACT EU, portando l\u2019abbonamento annuale a 82 euro anzich\u00e9 410. Finiti i fondi, siamo tornati a prezzi estremamente elevati. Con simili tariffe non si incentiva certamente l\u2019utilizzo del trasporto pubblico.<\/p>\n<p>Basta guardare fuori citt\u00e0. A Milano il mensile ATM costa 39 euro e l\u2019annuale 330. A Roma ATAC ne chiede 35 al mese e 250 l\u2019anno. A Bologna il mensile costa 30 euro per gli under 27 e l\u2019annuale ordinario euro (con sconti Isee fino a 230). A Napoli il mensile ANM \u00e8 35 euro. Reggio, a 49,50 euro al mese, \u00e8 la pi\u00f9 cara tra le citt\u00e0 italiane qui confrontate: il mensile costa circa il 27% in pi\u00f9 rispetto a Milano e il 41% in pi\u00f9 rispetto a Napoli \u2013 e lo \u00e8 senza fornire n\u00e9 una rete integrata con una metropolitana n\u00e9 la medesima frequenza e capillarit\u00e0 del trasporto pubblico.<\/p>\n<p>In Europa il trasporto pubblico \u00e8 fortemente incentivato con interventi sui prezzi di biglietti e abbonamenti, anche se il 2026 ha portato rincari pesanti pure l\u00ec. Vienna, che per tredici anni ha fatto pagare l&#8217;abbonamento annuale 365 euro \u2013 un euro al giorno \u2013 dal 1\u00b0 gennaio 2026 \u00e8 salita a 467 euro, comunque meno del nostro annuale e con una rete di metro, tram e bus tra le pi\u00f9 efficienti d\u2019Europa. In Germania il Deutschlandticket, partito a 49 euro al mese, \u00e8 arrivato a 63 euro: pi\u00f9 caro anche del nostro mensile, ma valido su treni regionali, metro, tram e bus in tutto il Paese. A Madrid l\u2019abbonamento mensile scontato di zona A \u00e8 salito da 21,80 a 32,70 euro, restando comunque pi\u00f9 economico del nostro. A Vienna, Berlino e Madrid, anche dopo i rincari, l\u2019abbonamento resta un investimento su una rete che funziona, frequente, integrata, capillare.<\/p>\n<p>C\u2019\u00e8 chi in Europa \u00e8 andato anche oltre. Il <strong>Lussemburgo<\/strong> dal 2020 ha reso <strong>gratuito tutto il trasporto pubblico nazionale<\/strong> \u2013 bus, tram e treni \u2013 per residenti e turisti, affiancando la misura a investimenti record sulla rete ferroviaria. <strong>Tallinn<\/strong>, capitale dell&#8217;Estonia, viaggia gratis per i residenti dal 2013, e da allora l\u2019ha estesa anche ai treni entro i confini della citt\u00e0. In portogallo, <strong>Oporto<\/strong> ha reso gratuito tutto il trasporto pubblico metropolitano per i residenti nel 2026. In Europa, la mobilit\u00e0 pubblica si tratta come infrastruttura sociale da sostenere con tariffe abbordabili o gratuite.<\/p>\n<p>Tra due settimane riaprono le scuole. Migliaia di famiglie si troveranno a fare i conti con queste tariffe. Esiste s\u00ec un abbonamento scolastico urbano dedicato, valido da settembre a giugno: costa <strong>330,10 euro<\/strong>, si tratta di oltre 33 euro al mese per dieci mesi \u2013 e non \u00e8 nemmeno utilizzabile la domenica e nei festivi. \u00c8 comunque un costo pesante, soprattutto qualora si volessero acquistare pi\u00f9 abbonamenti. Il risultato lo conosciamo gi\u00e0: tutti in macchina e traffico congestionato all\u2019uscita delle scuole. Ancora, un abbonamento annuale scolastico extraurbano da localit\u00e0 aspromontane come Santo Stefano o Mannoli costa 592,60 euro (valido da settembre a giugno, esclusi domeniche e festivi), un costo onerosissimo per studenti pendolari e famiglie.<\/p>\n<p>Il tema della mobilit\u00e0 scolastica non riguarda soltanto il costo dell\u2019abbonamento urbano. Il Comune dispone infatti di un servizio di trasporto scolastico dedicato, che rappresenta uno strumento importante soprattutto per le famiglie che non possono accompagnare quotidianamente i propri figli a scuola e un supporto per i nuclei familiari residenti nelle aree periferiche del territorio comunale. Anche questo servizio deve essere considerato dentro una strategia complessiva di mobilit\u00e0 scolastica: l&#8217;obiettivo deve essere quello di ridurre il ricorso all&#8217;auto privata e garantire a ogni famiglia, indipendentemente dal proprio reddito e dalla propria zona di residenza, la possibilit\u00e0 di accompagnare i propri figli a scuola attraverso servizi pubblici accessibili e sostenibili.<\/p>\n<p>\u00c8 inoltre necessario ampliare il numero di corse e prevedere bus serali e notturni su tutto il territorio comunale: oggi, ad esempio, per un cittadino di Mosorrofa, Cannav\u00f2 o Pellaro \u00e8 problematico passare una serata in centro con gli amici e poter rientrare a casa per la notte se non si dispone di un auto o di un passaggio.<\/p>\n<p>Chiediamo all\u2019amministrazione di attivare una rivoluzione del trasporto pubblico a Reggio Calabria attraverso una serie di provvedimenti: una <strong>riforma strutturale delle tariffe ATAM<\/strong>, con abbonamento annuale urbano a 80 euro per tutti; <strong>abbonamenti annuali a prezzo calmierato<\/strong> per studenti e lavoratori; l\u2019istituzione di <strong>corse nella fascia oraria serale e notturna<\/strong> nell\u2019intero territorio comunale; biglietti integrati bus-treno-traghetto\/aliscafo per connettere l\u2019Area integrata dello Stretto.<\/p>\n<p>Si pu\u00f2 fare, se si desidera davvero una Reggio pi\u00f9 sostenibile e pi\u00f9 equa.&#8221;, scrivono nel comunicato stampa le attiviste del Movimento &#8220;La Strada&#8221;, Livia Guarniera e Rosy Chirico.<\/p>\n<p>&nbsp;<\/p>\n","protected":false},"excerpt":{"rendered":"<p>Il Movimento politico reggino &#8220;La Strada&#8221; con l&#8217;apertura dell&#8217;anno scolastico 2026\/27, tramite un comunicato stampa a firma delle attiviste Livia Guarniera e Rosy Chirico, accendono i riflettori sulla tematica relativa&hellip;<\/p>\n","protected":false},"author":12,"featured_media":66544,"comment_status":"closed","ping_status":"open","sticky":false,"template":"","format":"standard","meta":{"_jetpack_newsletter_access":"","_jetpack_dont_email_post_to_subs":false,"_jetpack_newsletter_tier_id":0,"_jetpack_memberships_contains_paywalled_content":false,"_jetpack_feature_clip_id":0,"_jetpack_memberships_contains_paid_content":false,"footnotes":"","jetpack_publicize_message":"","jetpack_publicize_feature_enabled":true,"jetpack_social_post_already_shared":true,"jetpack_social_options":{"image_generator_settings":{"template":"highway","default_image_id":0,"font":"","enabled":false},"version":2},"jetpack_post_was_ever_published":false},"categories":[921,196,140],"tags":[56171,1035,56169,56173,56170,56172,39217],"class_list":["post-99592","post","type-post","status-publish","format-standard","has-post-thumbnail","hentry","category-home","category-news","category-reggio-calabria","tag-a-reggio-il-bus-e-un-lusso","tag-la-strada","tag-livia-guarniera","tag-rincari","tag-rosy-chirico","tag-tariffario-atam","tag-trasporto-pubblico"],"yoast_head":"<!-- This site is optimized with the Yoast SEO plugin v28.3 - https:\/\/yoast.com\/product\/yoast-seo-wordpress\/ -->\n<title>Trasporto Pubblico, &quot;La Strada&quot;: &quot;A Reggio il bus \u00e8 un lusso&quot;<\/title>\n<meta name=\"description\" content=\"Con l&#039;avvio dell&#039;anno scolastico, il Movimento politico incentra il dibattito sulle tariffe Atam: &quot;Cos\u00ec si rischia di spingere verso l&#039;auto&quot;\" \/>\n<meta name=\"robots\" content=\"index, follow, max-snippet:-1, max-image-preview:large, max-video-preview:-1\" \/>\n<link rel=\"canonical\" href=\"https:\/\/progettotouring.it\/radiotouring104\/2026\/08\/31\/trasporto-pubblico-la-strada-a-reggio-il-bus-e-un-lusso\/\" \/>\n<meta property=\"og:locale\" content=\"it_IT\" \/>\n<meta property=\"og:type\" content=\"article\" \/>\n<meta property=\"og:title\" content=\"Trasporto Pubblico, &quot;La Strada&quot;: &quot;A Reggio il bus \u00e8 un lusso&quot;\" \/>\n<meta property=\"og:description\" content=\"Con l&#039;avvio dell&#039;anno scolastico, il Movimento politico incentra il dibattito sulle tariffe Atam: &quot;Cos\u00ec si rischia di spingere verso l&#039;auto&quot;\" \/>\n<meta property=\"og:url\" content=\"https:\/\/progettotouring.it\/radiotouring104\/2026\/08\/31\/trasporto-pubblico-la-strada-a-reggio-il-bus-e-un-lusso\/\" \/>\n<meta property=\"og:site_name\" content=\"Radio Touring 104\" \/>\n<meta property=\"article:published_time\" content=\"2026-08-31T08:59:05+00:00\" \/>\n<meta property=\"og:image\" content=\"https:\/\/progettotouring.it\/radiotouring104\/wp-content\/uploads\/sites\/6\/2025\/02\/bus-atam_4.jpeg\" \/>\n\t<meta property=\"og:image:width\" content=\"1772\" \/>\n\t<meta property=\"og:image:height\" content=\"1181\" \/>\n\t<meta property=\"og:image:type\" content=\"image\/jpeg\" \/>\n<meta name=\"author\" content=\"Sebastiano Plutino\" \/>\n<meta name=\"twitter:card\" content=\"summary_large_image\" \/>\n<meta name=\"twitter:label1\" content=\"Scritto da\" \/>\n\t<meta name=\"twitter:data1\" content=\"Sebastiano Plutino\" \/>\n\t<meta name=\"twitter:label2\" content=\"Tempo di lettura stimato\" \/>\n\t<meta name=\"twitter:data2\" content=\"5 minuti\" \/>\n<script type=\"application\/ld+json\" class=\"yoast-schema-graph\">{\"@context\":\"https:\\\/\\\/schema.org\",\"@graph\":[{\"@type\":\"Article\",\"@id\":\"https:\\\/\\\/progettotouring.it\\\/radiotouring104\\\/2026\\\/08\\\/31\\\/trasporto-pubblico-la-strada-a-reggio-il-bus-e-un-lusso\\\/#article\",\"isPartOf\":{\"@id\":\"https:\\\/\\\/progettotouring.it\\\/radiotouring104\\\/2026\\\/08\\\/31\\\/trasporto-pubblico-la-strada-a-reggio-il-bus-e-un-lusso\\\/\"},\"author\":{\"name\":\"Sebastiano Plutino\",\"@id\":\"https:\\\/\\\/progettotouring.it\\\/radiotouring104\\\/#\\\/schema\\\/person\\\/78613917f1851f041f7483f5af1d422e\"},\"headline\":\"Trasporto Pubblico, &#8220;La Strada&#8221;: &#8220;A Reggio il bus \u00e8 un lusso&#8221;\",\"datePublished\":\"2026-08-31T08:59:05+00:00\",\"mainEntityOfPage\":{\"@id\":\"https:\\\/\\\/progettotouring.it\\\/radiotouring104\\\/2026\\\/08\\\/31\\\/trasporto-pubblico-la-strada-a-reggio-il-bus-e-un-lusso\\\/\"},\"wordCount\":1021,\"publisher\":{\"@id\":\"https:\\\/\\\/progettotouring.it\\\/radiotouring104\\\/#organization\"},\"image\":{\"@id\":\"https:\\\/\\\/progettotouring.it\\\/radiotouring104\\\/2026\\\/08\\\/31\\\/trasporto-pubblico-la-strada-a-reggio-il-bus-e-un-lusso\\\/#primaryimage\"},\"thumbnailUrl\":\"https:\\\/\\\/progettotouring.it\\\/radiotouring104\\\/wp-content\\\/uploads\\\/sites\\\/6\\\/2025\\\/02\\\/bus-atam_4.jpeg\",\"keywords\":[\"A Reggio il bus \u00e8 un lusso\",\"la strada\",\"Livia Guarniera\",\"rincari\",\"Rosy Chirico\",\"tariffario atam\",\"trasporto pubblico\"],\"articleSection\":[\"Home\",\"News\",\"Reggio Calabria\"],\"inLanguage\":\"it-IT\"},{\"@type\":\"WebPage\",\"@id\":\"https:\\\/\\\/progettotouring.it\\\/radiotouring104\\\/2026\\\/08\\\/31\\\/trasporto-pubblico-la-strada-a-reggio-il-bus-e-un-lusso\\\/\",\"url\":\"https:\\\/\\\/progettotouring.it\\\/radiotouring104\\\/2026\\\/08\\\/31\\\/trasporto-pubblico-la-strada-a-reggio-il-bus-e-un-lusso\\\/\",\"name\":\"Trasporto Pubblico, \\\"La Strada\\\": \\\"A Reggio il bus \u00e8 un lusso\\\"\",\"isPartOf\":{\"@id\":\"https:\\\/\\\/progettotouring.it\\\/radiotouring104\\\/#website\"},\"primaryImageOfPage\":{\"@id\":\"https:\\\/\\\/progettotouring.it\\\/radiotouring104\\\/2026\\\/08\\\/31\\\/trasporto-pubblico-la-strada-a-reggio-il-bus-e-un-lusso\\\/#primaryimage\"},\"image\":{\"@id\":\"https:\\\/\\\/progettotouring.it\\\/radiotouring104\\\/2026\\\/08\\\/31\\\/trasporto-pubblico-la-strada-a-reggio-il-bus-e-un-lusso\\\/#primaryimage\"},\"thumbnailUrl\":\"https:\\\/\\\/progettotouring.it\\\/radiotouring104\\\/wp-content\\\/uploads\\\/sites\\\/6\\\/2025\\\/02\\\/bus-atam_4.jpeg\",\"datePublished\":\"2026-08-31T08:59:05+00:00\",\"description\":\"Con l'avvio dell'anno scolastico, il Movimento politico incentra il dibattito sulle tariffe Atam: \\\"Cos\u00ec si rischia di spingere verso l'auto\\\"\",\"breadcrumb\":{\"@id\":\"https:\\\/\\\/progettotouring.it\\\/radiotouring104\\\/2026\\\/08\\\/31\\\/trasporto-pubblico-la-strada-a-reggio-il-bus-e-un-lusso\\\/#breadcrumb\"},\"inLanguage\":\"it-IT\",\"potentialAction\":[{\"@type\":\"ReadAction\",\"target\":[\"https:\\\/\\\/progettotouring.it\\\/radiotouring104\\\/2026\\\/08\\\/31\\\/trasporto-pubblico-la-strada-a-reggio-il-bus-e-un-lusso\\\/\"]}]},{\"@type\":\"ImageObject\",\"inLanguage\":\"it-IT\",\"@id\":\"https:\\\/\\\/progettotouring.it\\\/radiotouring104\\\/2026\\\/08\\\/31\\\/trasporto-pubblico-la-strada-a-reggio-il-bus-e-un-lusso\\\/#primaryimage\",\"url\":\"https:\\\/\\\/progettotouring.it\\\/radiotouring104\\\/wp-content\\\/uploads\\\/sites\\\/6\\\/2025\\\/02\\\/bus-atam_4.jpeg\",\"contentUrl\":\"https:\\\/\\\/progettotouring.it\\\/radiotouring104\\\/wp-content\\\/uploads\\\/sites\\\/6\\\/2025\\\/02\\\/bus-atam_4.jpeg\",\"width\":1772,\"height\":1181},{\"@type\":\"BreadcrumbList\",\"@id\":\"https:\\\/\\\/progettotouring.it\\\/radiotouring104\\\/2026\\\/08\\\/31\\\/trasporto-pubblico-la-strada-a-reggio-il-bus-e-un-lusso\\\/#breadcrumb\",\"itemListElement\":[{\"@type\":\"ListItem\",\"position\":1,\"name\":\"Home\",\"item\":\"https:\\\/\\\/progettotouring.it\\\/radiotouring104\\\/\"},{\"@type\":\"ListItem\",\"position\":2,\"name\":\"Trasporto Pubblico, &#8220;La Strada&#8221;: &#8220;A Reggio il bus \u00e8 un lusso&#8221;\"}]},{\"@type\":\"WebSite\",\"@id\":\"https:\\\/\\\/progettotouring.it\\\/radiotouring104\\\/#website\",\"url\":\"https:\\\/\\\/progettotouring.it\\\/radiotouring104\\\/\",\"name\":\"Radio Touring 104\",\"description\":\"La prima radio Reggina\",\"publisher\":{\"@id\":\"https:\\\/\\\/progettotouring.it\\\/radiotouring104\\\/#organization\"},\"potentialAction\":[{\"@type\":\"SearchAction\",\"target\":{\"@type\":\"EntryPoint\",\"urlTemplate\":\"https:\\\/\\\/progettotouring.it\\\/radiotouring104\\\/?s={search_term_string}\"},\"query-input\":{\"@type\":\"PropertyValueSpecification\",\"valueRequired\":true,\"valueName\":\"search_term_string\"}}],\"inLanguage\":\"it-IT\"},{\"@type\":\"Organization\",\"@id\":\"https:\\\/\\\/progettotouring.it\\\/radiotouring104\\\/#organization\",\"name\":\"Radio Touring 104\",\"url\":\"https:\\\/\\\/progettotouring.it\\\/radiotouring104\\\/\",\"logo\":{\"@type\":\"ImageObject\",\"inLanguage\":\"it-IT\",\"@id\":\"https:\\\/\\\/progettotouring.it\\\/radiotouring104\\\/#\\\/schema\\\/logo\\\/image\\\/\",\"url\":\"https:\\\/\\\/progettotouring.it\\\/radiotouring104\\\/wp-content\\\/uploads\\\/sites\\\/6\\\/2022\\\/02\\\/cropped-logo-radio-touring-104.png\",\"contentUrl\":\"https:\\\/\\\/progettotouring.it\\\/radiotouring104\\\/wp-content\\\/uploads\\\/sites\\\/6\\\/2022\\\/02\\\/cropped-logo-radio-touring-104.png\",\"width\":377,\"height\":182,\"caption\":\"Radio Touring 104\"},\"image\":{\"@id\":\"https:\\\/\\\/progettotouring.it\\\/radiotouring104\\\/#\\\/schema\\\/logo\\\/image\\\/\"}},{\"@type\":\"Person\",\"@id\":\"https:\\\/\\\/progettotouring.it\\\/radiotouring104\\\/#\\\/schema\\\/person\\\/78613917f1851f041f7483f5af1d422e\",\"name\":\"Sebastiano Plutino\",\"image\":{\"@type\":\"ImageObject\",\"inLanguage\":\"it-IT\",\"@id\":\"https:\\\/\\\/secure.gravatar.com\\\/avatar\\\/0546ffaa9b79224faf9f2a156b67a529ae861d3287c66c1d8ccfdf909bcba78d?s=96&d=mm&r=g\",\"url\":\"https:\\\/\\\/secure.gravatar.com\\\/avatar\\\/0546ffaa9b79224faf9f2a156b67a529ae861d3287c66c1d8ccfdf909bcba78d?s=96&d=mm&r=g\",\"contentUrl\":\"https:\\\/\\\/secure.gravatar.com\\\/avatar\\\/0546ffaa9b79224faf9f2a156b67a529ae861d3287c66c1d8ccfdf909bcba78d?s=96&d=mm&r=g\",\"caption\":\"Sebastiano Plutino\"},\"url\":\"https:\\\/\\\/progettotouring.it\\\/radiotouring104\\\/author\\\/sebastiano\\\/\"}]}<\/script>\n<!-- \/ Yoast SEO plugin. -->","yoast_head_json":{"title":"Trasporto Pubblico, \"La Strada\": \"A Reggio il bus \u00e8 un lusso\"","description":"Con l'avvio dell'anno scolastico, il Movimento politico incentra il dibattito sulle tariffe Atam: \"Cos\u00ec si rischia di spingere verso l'auto\"","robots":{"index":"index","follow":"follow","max-snippet":"max-snippet:-1","max-image-preview":"max-image-preview:large","max-video-preview":"max-video-preview:-1"},"canonical":"https:\/\/progettotouring.it\/radiotouring104\/2026\/08\/31\/trasporto-pubblico-la-strada-a-reggio-il-bus-e-un-lusso\/","og_locale":"it_IT","og_type":"article","og_title":"Trasporto Pubblico, \"La Strada\": \"A Reggio il bus \u00e8 un lusso\"","og_description":"Con l'avvio dell'anno scolastico, il Movimento politico incentra il dibattito sulle tariffe Atam: \"Cos\u00ec si rischia di spingere verso l'auto\"","og_url":"https:\/\/progettotouring.it\/radiotouring104\/2026\/08\/31\/trasporto-pubblico-la-strada-a-reggio-il-bus-e-un-lusso\/","og_site_name":"Radio Touring 104","article_published_time":"2026-08-31T08:59:05+00:00","og_image":[{"width":1772,"height":1181,"url":"https:\/\/progettotouring.it\/radiotouring104\/wp-content\/uploads\/sites\/6\/2025\/02\/bus-atam_4.jpeg","type":"image\/jpeg"}],"author":"Sebastiano Plutino","twitter_card":"summary_large_image","twitter_misc":{"Scritto da":"Sebastiano Plutino","Tempo di lettura stimato":"5 minuti"},"schema":{"@context":"https:\/\/schema.org","@graph":[{"@type":"Article","@id":"https:\/\/progettotouring.it\/radiotouring104\/2026\/08\/31\/trasporto-pubblico-la-strada-a-reggio-il-bus-e-un-lusso\/#article","isPartOf":{"@id":"https:\/\/progettotouring.it\/radiotouring104\/2026\/08\/31\/trasporto-pubblico-la-strada-a-reggio-il-bus-e-un-lusso\/"},"author":{"name":"Sebastiano Plutino","@id":"https:\/\/progettotouring.it\/radiotouring104\/#\/schema\/person\/78613917f1851f041f7483f5af1d422e"},"headline":"Trasporto Pubblico, &#8220;La Strada&#8221;: &#8220;A Reggio il bus \u00e8 un lusso&#8221;","datePublished":"2026-08-31T08:59:05+00:00","mainEntityOfPage":{"@id":"https:\/\/progettotouring.it\/radiotouring104\/2026\/08\/31\/trasporto-pubblico-la-strada-a-reggio-il-bus-e-un-lusso\/"},"wordCount":1021,"publisher":{"@id":"https:\/\/progettotouring.it\/radiotouring104\/#organization"},"image":{"@id":"https:\/\/progettotouring.it\/radiotouring104\/2026\/08\/31\/trasporto-pubblico-la-strada-a-reggio-il-bus-e-un-lusso\/#primaryimage"},"thumbnailUrl":"https:\/\/progettotouring.it\/radiotouring104\/wp-content\/uploads\/sites\/6\/2025\/02\/bus-atam_4.jpeg","keywords":["A Reggio il bus \u00e8 un lusso","la strada","Livia Guarniera","rincari","Rosy Chirico","tariffario atam","trasporto pubblico"],"articleSection":["Home","News","Reggio Calabria"],"inLanguage":"it-IT"},{"@type":"WebPage","@id":"https:\/\/progettotouring.it\/radiotouring104\/2026\/08\/31\/trasporto-pubblico-la-strada-a-reggio-il-bus-e-un-lusso\/","url":"https:\/\/progettotouring.it\/radiotouring104\/2026\/08\/31\/trasporto-pubblico-la-strada-a-reggio-il-bus-e-un-lusso\/","name":"Trasporto Pubblico, \"La Strada\": \"A Reggio il bus \u00e8 un lusso\"","isPartOf":{"@id":"https:\/\/progettotouring.it\/radiotouring104\/#website"},"primaryImageOfPage":{"@id":"https:\/\/progettotouring.it\/radiotouring104\/2026\/08\/31\/trasporto-pubblico-la-strada-a-reggio-il-bus-e-un-lusso\/#primaryimage"},"image":{"@id":"https:\/\/progettotouring.it\/radiotouring104\/2026\/08\/31\/trasporto-pubblico-la-strada-a-reggio-il-bus-e-un-lusso\/#primaryimage"},"thumbnailUrl":"https:\/\/progettotouring.it\/radiotouring104\/wp-content\/uploads\/sites\/6\/2025\/02\/bus-atam_4.jpeg","datePublished":"2026-08-31T08:59:05+00:00","description":"Con l'avvio dell'anno scolastico, il Movimento politico incentra il dibattito sulle tariffe Atam: \"Cos\u00ec si rischia di spingere verso l'auto\"","breadcrumb":{"@id":"https:\/\/progettotouring.it\/radiotouring104\/2026\/08\/31\/trasporto-pubblico-la-strada-a-reggio-il-bus-e-un-lusso\/#breadcrumb"},"inLanguage":"it-IT","potentialAction":[{"@type":"ReadAction","target":["https:\/\/progettotouring.it\/radiotouring104\/2026\/08\/31\/trasporto-pubblico-la-strada-a-reggio-il-bus-e-un-lusso\/"]}]},{"@type":"ImageObject","inLanguage":"it-IT","@id":"https:\/\/progettotouring.it\/radiotouring104\/2026\/08\/31\/trasporto-pubblico-la-strada-a-reggio-il-bus-e-un-lusso\/#primaryimage","url":"https:\/\/progettotouring.it\/radiotouring104\/wp-content\/uploads\/sites\/6\/2025\/02\/bus-atam_4.jpeg","contentUrl":"https:\/\/progettotouring.it\/radiotouring104\/wp-content\/uploads\/sites\/6\/2025\/02\/bus-atam_4.jpeg","width":1772,"height":1181},{"@type":"BreadcrumbList","@id":"https:\/\/progettotouring.it\/radiotouring104\/2026\/08\/31\/trasporto-pubblico-la-strada-a-reggio-il-bus-e-un-lusso\/#breadcrumb","itemListElement":[{"@type":"ListItem","position":1,"name":"Home","item":"https:\/\/progettotouring.it\/radiotouring104\/"},{"@type":"ListItem","position":2,"name":"Trasporto Pubblico, &#8220;La Strada&#8221;: &#8220;A Reggio il bus \u00e8 un lusso&#8221;"}]},{"@type":"WebSite","@id":"https:\/\/progettotouring.it\/radiotouring104\/#website","url":"https:\/\/progettotouring.it\/radiotouring104\/","name":"Radio Touring 104","description":"La prima radio Reggina","publisher":{"@id":"https:\/\/progettotouring.it\/radiotouring104\/#organization"},"potentialAction":[{"@type":"SearchAction","target":{"@type":"EntryPoint","urlTemplate":"https:\/\/progettotouring.it\/radiotouring104\/?s={search_term_string}"},"query-input":{"@type":"PropertyValueSpecification","valueRequired":true,"valueName":"search_term_string"}}],"inLanguage":"it-IT"},{"@type":"Organization","@id":"https:\/\/progettotouring.it\/radiotouring104\/#organization","name":"Radio Touring 104","url":"https:\/\/progettotouring.it\/radiotouring104\/","logo":{"@type":"ImageObject","inLanguage":"it-IT","@id":"https:\/\/progettotouring.it\/radiotouring104\/#\/schema\/logo\/image\/","url":"https:\/\/progettotouring.it\/radiotouring104\/wp-content\/uploads\/sites\/6\/2022\/02\/cropped-logo-radio-touring-104.png","contentUrl":"https:\/\/progettotouring.it\/radiotouring104\/wp-content\/uploads\/sites\/6\/2022\/02\/cropped-logo-radio-touring-104.png","width":377,"height":182,"caption":"Radio Touring 104"},"image":{"@id":"https:\/\/progettotouring.it\/radiotouring104\/#\/schema\/logo\/image\/"}},{"@type":"Person","@id":"https:\/\/progettotouring.it\/radiotouring104\/#\/schema\/person\/78613917f1851f041f7483f5af1d422e","name":"Sebastiano Plutino","image":{"@type":"ImageObject","inLanguage":"it-IT","@id":"https:\/\/secure.gravatar.com\/avatar\/0546ffaa9b79224faf9f2a156b67a529ae861d3287c66c1d8ccfdf909bcba78d?s=96&d=mm&r=g","url":"https:\/\/secure.gravatar.com\/avatar\/0546ffaa9b79224faf9f2a156b67a529ae861d3287c66c1d8ccfdf909bcba78d?s=96&d=mm&r=g","contentUrl":"https:\/\/secure.gravatar.com\/avatar\/0546ffaa9b79224faf9f2a156b67a529ae861d3287c66c1d8ccfdf909bcba78d?s=96&d=mm&r=g","caption":"Sebastiano Plutino"},"url":"https:\/\/progettotouring.it\/radiotouring104\/author\/sebastiano\/"}]}},"jetpack_publicize_connections":[],"jetpack_sharing_enabled":true,"jetpack_featured_media_url":"https:\/\/progettotouring.it\/radiotouring104\/wp-content\/uploads\/sites\/6\/2025\/02\/bus-atam_4.jpeg","_links":{"self":[{"href":"https:\/\/progettotouring.it\/radiotouring104\/wp-json\/wp\/v2\/posts\/99592","targetHints":{"allow":["GET"]}}],"collection":[{"href":"https:\/\/progettotouring.it\/radiotouring104\/wp-json\/wp\/v2\/posts"}],"about":[{"href":"https:\/\/progettotouring.it\/radiotouring104\/wp-json\/wp\/v2\/types\/post"}],"author":[{"embeddable":true,"href":"https:\/\/progettotouring.it\/radiotouring104\/wp-json\/wp\/v2\/users\/12"}],"replies":[{"embeddable":true,"href":"https:\/\/progettotouring.it\/radiotouring104\/wp-json\/wp\/v2\/comments?post=99592"}],"version-history":[{"count":1,"href":"https:\/\/progettotouring.it\/radiotouring104\/wp-json\/wp\/v2\/posts\/99592\/revisions"}],"predecessor-version":[{"id":99593,"href":"https:\/\/progettotouring.it\/radiotouring104\/wp-json\/wp\/v2\/posts\/99592\/revisions\/99593"}],"wp:featuredmedia":[{"embeddable":true,"href":"https:\/\/progettotouring.it\/radiotouring104\/wp-json\/wp\/v2\/media\/66544"}],"wp:attachment":[{"href":"https:\/\/progettotouring.it\/radiotouring104\/wp-json\/wp\/v2\/media?parent=99592"}],"wp:term":[{"taxonomy":"category","embeddable":true,"href":"https:\/\/progettotouring.it\/radiotouring104\/wp-json\/wp\/v2\/categories?post=99592"},{"taxonomy":"post_tag","embeddable":true,"href":"https:\/\/progettotouring.it\/radiotouring104\/wp-json\/wp\/v2\/tags?post=99592"}],"curies":[{"name":"wp","href":"https:\/\/api.w.org\/{rel}","templated":true}]}}