{"id":99597,"date":"2026-08-31T11:40:59","date_gmt":"2026-08-31T09:40:59","guid":{"rendered":"https:\/\/progettotouring.it\/radiotouring104\/?p=99597"},"modified":"2026-08-31T12:49:35","modified_gmt":"2026-08-31T10:49:35","slug":"reggio-alla-mediterranea-il-121-congresso-della-sbi","status":"publish","type":"post","link":"https:\/\/progettotouring.it\/radiotouring104\/2026\/08\/31\/reggio-alla-mediterranea-il-121-congresso-della-sbi\/","title":{"rendered":"Reggio: alla &#8220;Mediterranea&#8221; il 121\u00b0 Congresso della SBI"},"content":{"rendered":"<p>Scienziati, ricercatori e istituzioni di tutto il mondo si ritroveranno presso l\u2019Universit\u00e0 degli Studi Mediterranea di Reggio Calabria per il 121\u00b0 congresso della Societ\u00e0 Botanica Italiana che \u00e8 anche la XII International Plant Science Conference (IPSC) organizzato dai prof. Giovanni Spampinato e Carmelo Maria Musarella del Dipartimento di Agraria.<\/p>\n<p>&nbsp;<\/p>\n<p>Un evento straordinario che si svolger\u00e0 presso l\u2019aula Magna \u201cA. Quistelli\u201d dove si discuter\u00e0 di conservazione della biodiversit\u00e0, impatti dei cambiamenti climatici, alberi monumentali, restauro ecologico e molto altro.<\/p>\n<p>&nbsp;<\/p>\n<p>Dal 2 al 5 settembre la Mediterranea diventer\u00e0 il baricentro della ricerca scientifica internazionale sul mondo delle piante in cui, attraverso la cerimonia di apertura si dar\u00e0 il benvenuto a professori e ricercatori provenienti da tutto il mondo.<\/p>\n<p>&nbsp;<\/p>\n<p>Ad aprire le porte della Mediterranea sar\u00e0 il Rettore dell\u2019Ateneo Prof. Giuseppe Zimbalatti insieme al Sindaco di Reggio Calabria Francesco Cannizzaro. Presenti anche: il colonnello Giovanni Misceo dei Carabinieri Forestali, rappresentanti degli Ordini professionali dei Biologi, Agronomi e Forestali e altri rappresentanti delle istituzioni.<\/p>\n<p>&nbsp;<\/p>\n<p>Sar\u00e0 presente il Presidente della Societ\u00e0 Botanica Italiana, Prof.ssa Antonella Canini e tutti i rappresentati della Societ\u00e0 Botanica Italiana.<\/p>\n<p>&nbsp;<\/p>\n<p>\u00c8 previsto un momento toccante per ricordare il grande Prof. Sandro Pignatti, figura di riferimento della botanica italiana. A commemorarlo sar\u00e0 un altro esimio botanico: il professore Francesco Maria Raimondo, gi\u00e0 presidente della Societ\u00e0 Botanica Italiana.<\/p>\n<p>&nbsp;<\/p>\n<p>Un programma ricco e articolato in 5 simposi scientifici e numerose sessioni parallele che toccher\u00e0 temi di cruciale attualit\u00e0: si parler\u00e0 di diversit\u00e0 vegetale e conservazione della biodiversit\u00e0 a fronte dei cambiamenti climatici e dell\u2019impatto antropico.<\/p>\n<p>&nbsp;<\/p>\n<p>Monitoraggio degli habitat naturali e della rete Natura 2000. Interazioni biologiche, biologia molecolare, genetica e biotecnologie applicate alle piante ed ancora di Etnobotanica, prodotti naturali sostenibili e molto altro.<\/p>\n<p>&nbsp;<\/p>\n<p>Oltre alle sessioni scientifiche ad alto profilo accademico, il Congresso dedicher\u00e0 ampio spazio a dibattiti aperti al pubblico su temi strategici per la tutela ambientale.<\/p>\n<p>Si parler\u00e0 di Alberi Monumentali e Boschi Vetusti attraverso una tavola rotonda curata dallo specifico Gruppo di lavoro SBI per esplorare le strategie di salvaguardia di questi giganti versi, patrimonio unico da conoscere e proteggere.<\/p>\n<p>&nbsp;<\/p>\n<p>Spazio anche alla Restoration Ecology e Piano della Natura per il Futuro delle Citt\u00e0: un simposio pubblico focalizzato sul Regolamento europeo per il ripristino della natura e sulla rigenerazione urbana sostenibile, con la partecipazione del Ministero dell\u2019Ambiente e della Sicurezza Energetica (MASE), di ISPRA e del Comune di Reggio Calabria coordinato dal Prof. Carlo Blasi.<\/p>\n<p>L\u2019evento scientifico si concluder\u00e0 sabato 5 settembre con una escursione botanica sul campo alla scoperta della straordinaria biodiversit\u00e0 del Parco Nazionale dell\u2019Aspromonte.<\/p>\n<p>&nbsp;<\/p>\n<p>La presenza della Societ\u00e0 Botanica Italiana e della comunit\u00e0 scientifica internazionale a Reggio Calabria ribadisce il ruolo centrale della Calabria e del bacino del Mediterraneo come snodo fondamentale per la ricerca botanica, la tutela del territorio e lo sviluppo di pratiche sostenibili a salvaguardia dell\u2019ambiente.<\/p>\n","protected":false},"excerpt":{"rendered":"<p>Scienziati, ricercatori e istituzioni di tutto il mondo si ritroveranno presso l\u2019Universit\u00e0 degli Studi Mediterranea di Reggio Calabria per il 121\u00b0 congresso della Societ\u00e0 Botanica Italiana che \u00e8 anche la&hellip;<\/p>\n","protected":false},"author":5,"featured_media":82626,"comment_status":"closed","ping_status":"open","sticky":false,"template":"","format":"standard","meta":{"_jetpack_newsletter_access":"","_jetpack_dont_email_post_to_subs":false,"_jetpack_newsletter_tier_id":0,"_jetpack_memberships_contains_paywalled_content":false,"_jetpack_feature_clip_id":0,"_jetpack_memberships_contains_paid_content":false,"footnotes":"","jetpack_publicize_message":"","jetpack_publicize_feature_enabled":true,"jetpack_social_post_already_shared":true,"jetpack_social_options":{"image_generator_settings":{"template":"highway","default_image_id":0,"font":"","enabled":false},"version":2},"jetpack_post_was_ever_published":false},"categories":[921,196,140],"tags":[56177,56179,56181,56180,56178,369],"class_list":["post-99597","post","type-post","status-publish","format-standard","has-post-thumbnail","hentry","category-home","category-news","category-reggio-calabria","tag-121-congresso-della-sbi","tag-diparatimento-agraria","tag-prof-carmelo-maria-musarella","tag-prof-giovanni-spampinato","tag-societa-botanica-italiana","tag-universita-mediterranea"],"yoast_head":"<!-- This site is optimized with the Yoast SEO plugin v28.3 - https:\/\/yoast.com\/product\/yoast-seo-wordpress\/ -->\n<title>Reggio: alla &quot;Mediterranea&quot; il 121\u00b0 Congresso della SBI - Radio Touring 104<\/title>\n<meta name=\"description\" content=\"Dal 2 al 5 settembre l&#039;ateneo reggino ospiter\u00e0 il 121\u00b0 Congresso della Societ\u00e0 Botanica Italiana, organizzato dal Dipartimento Agraria\" \/>\n<meta name=\"robots\" content=\"index, follow, max-snippet:-1, max-image-preview:large, max-video-preview:-1\" \/>\n<link rel=\"canonical\" href=\"https:\/\/progettotouring.it\/radiotouring104\/2026\/08\/31\/reggio-alla-mediterranea-il-121-congresso-della-sbi\/\" \/>\n<meta property=\"og:locale\" content=\"it_IT\" \/>\n<meta property=\"og:type\" content=\"article\" \/>\n<meta property=\"og:title\" content=\"Reggio: alla &quot;Mediterranea&quot; il 121\u00b0 Congresso della SBI - Radio Touring 104\" \/>\n<meta property=\"og:description\" content=\"Dal 2 al 5 settembre l&#039;ateneo reggino ospiter\u00e0 il 121\u00b0 Congresso della Societ\u00e0 Botanica Italiana, organizzato dal Dipartimento Agraria\" \/>\n<meta property=\"og:url\" content=\"https:\/\/progettotouring.it\/radiotouring104\/2026\/08\/31\/reggio-alla-mediterranea-il-121-congresso-della-sbi\/\" \/>\n<meta property=\"og:site_name\" content=\"Radio Touring 104\" \/>\n<meta property=\"article:published_time\" content=\"2026-08-31T09:40:59+00:00\" \/>\n<meta property=\"article:modified_time\" content=\"2026-08-31T10:49:35+00:00\" \/>\n<meta property=\"og:image\" content=\"https:\/\/progettotouring.it\/radiotouring104\/wp-content\/uploads\/sites\/6\/2025\/10\/UniRC-Mediterranea.png\" \/>\n\t<meta property=\"og:image:width\" content=\"571\" \/>\n\t<meta property=\"og:image:height\" content=\"302\" \/>\n\t<meta property=\"og:image:type\" content=\"image\/png\" \/>\n<meta name=\"author\" content=\"redazione\" \/>\n<meta name=\"twitter:card\" content=\"summary_large_image\" \/>\n<meta name=\"twitter:label1\" content=\"Scritto da\" \/>\n\t<meta name=\"twitter:data1\" content=\"redazione\" \/>\n\t<meta name=\"twitter:label2\" content=\"Tempo di lettura stimato\" \/>\n\t<meta name=\"twitter:data2\" content=\"2 minuti\" \/>\n<script type=\"application\/ld+json\" class=\"yoast-schema-graph\">{\"@context\":\"https:\\\/\\\/schema.org\",\"@graph\":[{\"@type\":\"Article\",\"@id\":\"https:\\\/\\\/progettotouring.it\\\/radiotouring104\\\/2026\\\/08\\\/31\\\/reggio-alla-mediterranea-il-121-congresso-della-sbi\\\/#article\",\"isPartOf\":{\"@id\":\"https:\\\/\\\/progettotouring.it\\\/radiotouring104\\\/2026\\\/08\\\/31\\\/reggio-alla-mediterranea-il-121-congresso-della-sbi\\\/\"},\"author\":{\"name\":\"redazione\",\"@id\":\"https:\\\/\\\/progettotouring.it\\\/radiotouring104\\\/#\\\/schema\\\/person\\\/1b3eb3c07c47136bc44c785c543e635f\"},\"headline\":\"Reggio: alla &#8220;Mediterranea&#8221; il 121\u00b0 Congresso della SBI\",\"datePublished\":\"2026-08-31T09:40:59+00:00\",\"dateModified\":\"2026-08-31T10:49:35+00:00\",\"mainEntityOfPage\":{\"@id\":\"https:\\\/\\\/progettotouring.it\\\/radiotouring104\\\/2026\\\/08\\\/31\\\/reggio-alla-mediterranea-il-121-congresso-della-sbi\\\/\"},\"wordCount\":480,\"publisher\":{\"@id\":\"https:\\\/\\\/progettotouring.it\\\/radiotouring104\\\/#organization\"},\"image\":{\"@id\":\"https:\\\/\\\/progettotouring.it\\\/radiotouring104\\\/2026\\\/08\\\/31\\\/reggio-alla-mediterranea-il-121-congresso-della-sbi\\\/#primaryimage\"},\"thumbnailUrl\":\"https:\\\/\\\/progettotouring.it\\\/radiotouring104\\\/wp-content\\\/uploads\\\/sites\\\/6\\\/2025\\\/10\\\/UniRC-Mediterranea.png\",\"keywords\":[\"121\u00b0 Congresso della SBI\",\"Diparatimento Agraria\",\"prof. Carmelo Maria Musarella\",\"prof. Giovanni Spampinato\",\"Societ\u00e0 Botanica Italiana\",\"universit\u00e0 mediterranea\"],\"articleSection\":[\"Home\",\"News\",\"Reggio Calabria\"],\"inLanguage\":\"it-IT\"},{\"@type\":\"WebPage\",\"@id\":\"https:\\\/\\\/progettotouring.it\\\/radiotouring104\\\/2026\\\/08\\\/31\\\/reggio-alla-mediterranea-il-121-congresso-della-sbi\\\/\",\"url\":\"https:\\\/\\\/progettotouring.it\\\/radiotouring104\\\/2026\\\/08\\\/31\\\/reggio-alla-mediterranea-il-121-congresso-della-sbi\\\/\",\"name\":\"Reggio: alla \\\"Mediterranea\\\" il 121\u00b0 Congresso della SBI - Radio Touring 104\",\"isPartOf\":{\"@id\":\"https:\\\/\\\/progettotouring.it\\\/radiotouring104\\\/#website\"},\"primaryImageOfPage\":{\"@id\":\"https:\\\/\\\/progettotouring.it\\\/radiotouring104\\\/2026\\\/08\\\/31\\\/reggio-alla-mediterranea-il-121-congresso-della-sbi\\\/#primaryimage\"},\"image\":{\"@id\":\"https:\\\/\\\/progettotouring.it\\\/radiotouring104\\\/2026\\\/08\\\/31\\\/reggio-alla-mediterranea-il-121-congresso-della-sbi\\\/#primaryimage\"},\"thumbnailUrl\":\"https:\\\/\\\/progettotouring.it\\\/radiotouring104\\\/wp-content\\\/uploads\\\/sites\\\/6\\\/2025\\\/10\\\/UniRC-Mediterranea.png\",\"datePublished\":\"2026-08-31T09:40:59+00:00\",\"dateModified\":\"2026-08-31T10:49:35+00:00\",\"description\":\"Dal 2 al 5 settembre l'ateneo reggino ospiter\u00e0 il 121\u00b0 Congresso della Societ\u00e0 Botanica Italiana, organizzato dal Dipartimento Agraria\",\"breadcrumb\":{\"@id\":\"https:\\\/\\\/progettotouring.it\\\/radiotouring104\\\/2026\\\/08\\\/31\\\/reggio-alla-mediterranea-il-121-congresso-della-sbi\\\/#breadcrumb\"},\"inLanguage\":\"it-IT\",\"potentialAction\":[{\"@type\":\"ReadAction\",\"target\":[\"https:\\\/\\\/progettotouring.it\\\/radiotouring104\\\/2026\\\/08\\\/31\\\/reggio-alla-mediterranea-il-121-congresso-della-sbi\\\/\"]}]},{\"@type\":\"ImageObject\",\"inLanguage\":\"it-IT\",\"@id\":\"https:\\\/\\\/progettotouring.it\\\/radiotouring104\\\/2026\\\/08\\\/31\\\/reggio-alla-mediterranea-il-121-congresso-della-sbi\\\/#primaryimage\",\"url\":\"https:\\\/\\\/progettotouring.it\\\/radiotouring104\\\/wp-content\\\/uploads\\\/sites\\\/6\\\/2025\\\/10\\\/UniRC-Mediterranea.png\",\"contentUrl\":\"https:\\\/\\\/progettotouring.it\\\/radiotouring104\\\/wp-content\\\/uploads\\\/sites\\\/6\\\/2025\\\/10\\\/UniRC-Mediterranea.png\",\"width\":571,\"height\":302},{\"@type\":\"BreadcrumbList\",\"@id\":\"https:\\\/\\\/progettotouring.it\\\/radiotouring104\\\/2026\\\/08\\\/31\\\/reggio-alla-mediterranea-il-121-congresso-della-sbi\\\/#breadcrumb\",\"itemListElement\":[{\"@type\":\"ListItem\",\"position\":1,\"name\":\"Home\",\"item\":\"https:\\\/\\\/progettotouring.it\\\/radiotouring104\\\/\"},{\"@type\":\"ListItem\",\"position\":2,\"name\":\"Reggio: alla &#8220;Mediterranea&#8221; il 121\u00b0 Congresso della SBI\"}]},{\"@type\":\"WebSite\",\"@id\":\"https:\\\/\\\/progettotouring.it\\\/radiotouring104\\\/#website\",\"url\":\"https:\\\/\\\/progettotouring.it\\\/radiotouring104\\\/\",\"name\":\"Radio Touring 104\",\"description\":\"La prima radio Reggina\",\"publisher\":{\"@id\":\"https:\\\/\\\/progettotouring.it\\\/radiotouring104\\\/#organization\"},\"potentialAction\":[{\"@type\":\"SearchAction\",\"target\":{\"@type\":\"EntryPoint\",\"urlTemplate\":\"https:\\\/\\\/progettotouring.it\\\/radiotouring104\\\/?s={search_term_string}\"},\"query-input\":{\"@type\":\"PropertyValueSpecification\",\"valueRequired\":true,\"valueName\":\"search_term_string\"}}],\"inLanguage\":\"it-IT\"},{\"@type\":\"Organization\",\"@id\":\"https:\\\/\\\/progettotouring.it\\\/radiotouring104\\\/#organization\",\"name\":\"Radio Touring 104\",\"url\":\"https:\\\/\\\/progettotouring.it\\\/radiotouring104\\\/\",\"logo\":{\"@type\":\"ImageObject\",\"inLanguage\":\"it-IT\",\"@id\":\"https:\\\/\\\/progettotouring.it\\\/radiotouring104\\\/#\\\/schema\\\/logo\\\/image\\\/\",\"url\":\"https:\\\/\\\/progettotouring.it\\\/radiotouring104\\\/wp-content\\\/uploads\\\/sites\\\/6\\\/2022\\\/02\\\/cropped-logo-radio-touring-104.png\",\"contentUrl\":\"https:\\\/\\\/progettotouring.it\\\/radiotouring104\\\/wp-content\\\/uploads\\\/sites\\\/6\\\/2022\\\/02\\\/cropped-logo-radio-touring-104.png\",\"width\":377,\"height\":182,\"caption\":\"Radio Touring 104\"},\"image\":{\"@id\":\"https:\\\/\\\/progettotouring.it\\\/radiotouring104\\\/#\\\/schema\\\/logo\\\/image\\\/\"}},{\"@type\":\"Person\",\"@id\":\"https:\\\/\\\/progettotouring.it\\\/radiotouring104\\\/#\\\/schema\\\/person\\\/1b3eb3c07c47136bc44c785c543e635f\",\"name\":\"redazione\",\"image\":{\"@type\":\"ImageObject\",\"inLanguage\":\"it-IT\",\"@id\":\"https:\\\/\\\/secure.gravatar.com\\\/avatar\\\/0b31605b49f100769e8b624b3e05de1b73e1692e9568a352f60f53fd072e6e11?s=96&d=mm&r=g\",\"url\":\"https:\\\/\\\/secure.gravatar.com\\\/avatar\\\/0b31605b49f100769e8b624b3e05de1b73e1692e9568a352f60f53fd072e6e11?s=96&d=mm&r=g\",\"contentUrl\":\"https:\\\/\\\/secure.gravatar.com\\\/avatar\\\/0b31605b49f100769e8b624b3e05de1b73e1692e9568a352f60f53fd072e6e11?s=96&d=mm&r=g\",\"caption\":\"redazione\"},\"url\":\"https:\\\/\\\/progettotouring.it\\\/radiotouring104\\\/author\\\/redazione\\\/\"}]}<\/script>\n<!-- \/ Yoast SEO plugin. -->","yoast_head_json":{"title":"Reggio: alla \"Mediterranea\" il 121\u00b0 Congresso della SBI - Radio Touring 104","description":"Dal 2 al 5 settembre l'ateneo reggino ospiter\u00e0 il 121\u00b0 Congresso della Societ\u00e0 Botanica Italiana, organizzato dal Dipartimento Agraria","robots":{"index":"index","follow":"follow","max-snippet":"max-snippet:-1","max-image-preview":"max-image-preview:large","max-video-preview":"max-video-preview:-1"},"canonical":"https:\/\/progettotouring.it\/radiotouring104\/2026\/08\/31\/reggio-alla-mediterranea-il-121-congresso-della-sbi\/","og_locale":"it_IT","og_type":"article","og_title":"Reggio: alla \"Mediterranea\" il 121\u00b0 Congresso della SBI - Radio Touring 104","og_description":"Dal 2 al 5 settembre l'ateneo reggino ospiter\u00e0 il 121\u00b0 Congresso della Societ\u00e0 Botanica Italiana, organizzato dal Dipartimento Agraria","og_url":"https:\/\/progettotouring.it\/radiotouring104\/2026\/08\/31\/reggio-alla-mediterranea-il-121-congresso-della-sbi\/","og_site_name":"Radio Touring 104","article_published_time":"2026-08-31T09:40:59+00:00","article_modified_time":"2026-08-31T10:49:35+00:00","og_image":[{"width":571,"height":302,"url":"https:\/\/progettotouring.it\/radiotouring104\/wp-content\/uploads\/sites\/6\/2025\/10\/UniRC-Mediterranea.png","type":"image\/png"}],"author":"redazione","twitter_card":"summary_large_image","twitter_misc":{"Scritto da":"redazione","Tempo di lettura stimato":"2 minuti"},"schema":{"@context":"https:\/\/schema.org","@graph":[{"@type":"Article","@id":"https:\/\/progettotouring.it\/radiotouring104\/2026\/08\/31\/reggio-alla-mediterranea-il-121-congresso-della-sbi\/#article","isPartOf":{"@id":"https:\/\/progettotouring.it\/radiotouring104\/2026\/08\/31\/reggio-alla-mediterranea-il-121-congresso-della-sbi\/"},"author":{"name":"redazione","@id":"https:\/\/progettotouring.it\/radiotouring104\/#\/schema\/person\/1b3eb3c07c47136bc44c785c543e635f"},"headline":"Reggio: alla &#8220;Mediterranea&#8221; il 121\u00b0 Congresso della SBI","datePublished":"2026-08-31T09:40:59+00:00","dateModified":"2026-08-31T10:49:35+00:00","mainEntityOfPage":{"@id":"https:\/\/progettotouring.it\/radiotouring104\/2026\/08\/31\/reggio-alla-mediterranea-il-121-congresso-della-sbi\/"},"wordCount":480,"publisher":{"@id":"https:\/\/progettotouring.it\/radiotouring104\/#organization"},"image":{"@id":"https:\/\/progettotouring.it\/radiotouring104\/2026\/08\/31\/reggio-alla-mediterranea-il-121-congresso-della-sbi\/#primaryimage"},"thumbnailUrl":"https:\/\/progettotouring.it\/radiotouring104\/wp-content\/uploads\/sites\/6\/2025\/10\/UniRC-Mediterranea.png","keywords":["121\u00b0 Congresso della SBI","Diparatimento Agraria","prof. Carmelo Maria Musarella","prof. Giovanni Spampinato","Societ\u00e0 Botanica Italiana","universit\u00e0 mediterranea"],"articleSection":["Home","News","Reggio Calabria"],"inLanguage":"it-IT"},{"@type":"WebPage","@id":"https:\/\/progettotouring.it\/radiotouring104\/2026\/08\/31\/reggio-alla-mediterranea-il-121-congresso-della-sbi\/","url":"https:\/\/progettotouring.it\/radiotouring104\/2026\/08\/31\/reggio-alla-mediterranea-il-121-congresso-della-sbi\/","name":"Reggio: alla \"Mediterranea\" il 121\u00b0 Congresso della SBI - Radio Touring 104","isPartOf":{"@id":"https:\/\/progettotouring.it\/radiotouring104\/#website"},"primaryImageOfPage":{"@id":"https:\/\/progettotouring.it\/radiotouring104\/2026\/08\/31\/reggio-alla-mediterranea-il-121-congresso-della-sbi\/#primaryimage"},"image":{"@id":"https:\/\/progettotouring.it\/radiotouring104\/2026\/08\/31\/reggio-alla-mediterranea-il-121-congresso-della-sbi\/#primaryimage"},"thumbnailUrl":"https:\/\/progettotouring.it\/radiotouring104\/wp-content\/uploads\/sites\/6\/2025\/10\/UniRC-Mediterranea.png","datePublished":"2026-08-31T09:40:59+00:00","dateModified":"2026-08-31T10:49:35+00:00","description":"Dal 2 al 5 settembre l'ateneo reggino ospiter\u00e0 il 121\u00b0 Congresso della Societ\u00e0 Botanica Italiana, organizzato dal Dipartimento Agraria","breadcrumb":{"@id":"https:\/\/progettotouring.it\/radiotouring104\/2026\/08\/31\/reggio-alla-mediterranea-il-121-congresso-della-sbi\/#breadcrumb"},"inLanguage":"it-IT","potentialAction":[{"@type":"ReadAction","target":["https:\/\/progettotouring.it\/radiotouring104\/2026\/08\/31\/reggio-alla-mediterranea-il-121-congresso-della-sbi\/"]}]},{"@type":"ImageObject","inLanguage":"it-IT","@id":"https:\/\/progettotouring.it\/radiotouring104\/2026\/08\/31\/reggio-alla-mediterranea-il-121-congresso-della-sbi\/#primaryimage","url":"https:\/\/progettotouring.it\/radiotouring104\/wp-content\/uploads\/sites\/6\/2025\/10\/UniRC-Mediterranea.png","contentUrl":"https:\/\/progettotouring.it\/radiotouring104\/wp-content\/uploads\/sites\/6\/2025\/10\/UniRC-Mediterranea.png","width":571,"height":302},{"@type":"BreadcrumbList","@id":"https:\/\/progettotouring.it\/radiotouring104\/2026\/08\/31\/reggio-alla-mediterranea-il-121-congresso-della-sbi\/#breadcrumb","itemListElement":[{"@type":"ListItem","position":1,"name":"Home","item":"https:\/\/progettotouring.it\/radiotouring104\/"},{"@type":"ListItem","position":2,"name":"Reggio: alla &#8220;Mediterranea&#8221; il 121\u00b0 Congresso della SBI"}]},{"@type":"WebSite","@id":"https:\/\/progettotouring.it\/radiotouring104\/#website","url":"https:\/\/progettotouring.it\/radiotouring104\/","name":"Radio Touring 104","description":"La prima radio Reggina","publisher":{"@id":"https:\/\/progettotouring.it\/radiotouring104\/#organization"},"potentialAction":[{"@type":"SearchAction","target":{"@type":"EntryPoint","urlTemplate":"https:\/\/progettotouring.it\/radiotouring104\/?s={search_term_string}"},"query-input":{"@type":"PropertyValueSpecification","valueRequired":true,"valueName":"search_term_string"}}],"inLanguage":"it-IT"},{"@type":"Organization","@id":"https:\/\/progettotouring.it\/radiotouring104\/#organization","name":"Radio Touring 104","url":"https:\/\/progettotouring.it\/radiotouring104\/","logo":{"@type":"ImageObject","inLanguage":"it-IT","@id":"https:\/\/progettotouring.it\/radiotouring104\/#\/schema\/logo\/image\/","url":"https:\/\/progettotouring.it\/radiotouring104\/wp-content\/uploads\/sites\/6\/2022\/02\/cropped-logo-radio-touring-104.png","contentUrl":"https:\/\/progettotouring.it\/radiotouring104\/wp-content\/uploads\/sites\/6\/2022\/02\/cropped-logo-radio-touring-104.png","width":377,"height":182,"caption":"Radio Touring 104"},"image":{"@id":"https:\/\/progettotouring.it\/radiotouring104\/#\/schema\/logo\/image\/"}},{"@type":"Person","@id":"https:\/\/progettotouring.it\/radiotouring104\/#\/schema\/person\/1b3eb3c07c47136bc44c785c543e635f","name":"redazione","image":{"@type":"ImageObject","inLanguage":"it-IT","@id":"https:\/\/secure.gravatar.com\/avatar\/0b31605b49f100769e8b624b3e05de1b73e1692e9568a352f60f53fd072e6e11?s=96&d=mm&r=g","url":"https:\/\/secure.gravatar.com\/avatar\/0b31605b49f100769e8b624b3e05de1b73e1692e9568a352f60f53fd072e6e11?s=96&d=mm&r=g","contentUrl":"https:\/\/secure.gravatar.com\/avatar\/0b31605b49f100769e8b624b3e05de1b73e1692e9568a352f60f53fd072e6e11?s=96&d=mm&r=g","caption":"redazione"},"url":"https:\/\/progettotouring.it\/radiotouring104\/author\/redazione\/"}]}},"jetpack_publicize_connections":[],"jetpack_sharing_enabled":true,"jetpack_featured_media_url":"https:\/\/progettotouring.it\/radiotouring104\/wp-content\/uploads\/sites\/6\/2025\/10\/UniRC-Mediterranea.png","_links":{"self":[{"href":"https:\/\/progettotouring.it\/radiotouring104\/wp-json\/wp\/v2\/posts\/99597","targetHints":{"allow":["GET"]}}],"collection":[{"href":"https:\/\/progettotouring.it\/radiotouring104\/wp-json\/wp\/v2\/posts"}],"about":[{"href":"https:\/\/progettotouring.it\/radiotouring104\/wp-json\/wp\/v2\/types\/post"}],"author":[{"embeddable":true,"href":"https:\/\/progettotouring.it\/radiotouring104\/wp-json\/wp\/v2\/users\/5"}],"replies":[{"embeddable":true,"href":"https:\/\/progettotouring.it\/radiotouring104\/wp-json\/wp\/v2\/comments?post=99597"}],"version-history":[{"count":1,"href":"https:\/\/progettotouring.it\/radiotouring104\/wp-json\/wp\/v2\/posts\/99597\/revisions"}],"predecessor-version":[{"id":99598,"href":"https:\/\/progettotouring.it\/radiotouring104\/wp-json\/wp\/v2\/posts\/99597\/revisions\/99598"}],"wp:featuredmedia":[{"embeddable":true,"href":"https:\/\/progettotouring.it\/radiotouring104\/wp-json\/wp\/v2\/media\/82626"}],"wp:attachment":[{"href":"https:\/\/progettotouring.it\/radiotouring104\/wp-json\/wp\/v2\/media?parent=99597"}],"wp:term":[{"taxonomy":"category","embeddable":true,"href":"https:\/\/progettotouring.it\/radiotouring104\/wp-json\/wp\/v2\/categories?post=99597"},{"taxonomy":"post_tag","embeddable":true,"href":"https:\/\/progettotouring.it\/radiotouring104\/wp-json\/wp\/v2\/tags?post=99597"}],"curies":[{"name":"wp","href":"https:\/\/api.w.org\/{rel}","templated":true}]}}