{"id":99609,"date":"2026-08-31T12:25:32","date_gmt":"2026-08-31T10:25:32","guid":{"rendered":"https:\/\/progettotouring.it\/radiotouring104\/?p=99609"},"modified":"2026-08-31T12:47:20","modified_gmt":"2026-08-31T10:47:20","slug":"dierre-jovan-miljianic-sono-rimasto-qui-per-vincere","status":"publish","type":"post","link":"https:\/\/progettotouring.it\/radiotouring104\/2026\/08\/31\/dierre-jovan-miljianic-sono-rimasto-qui-per-vincere\/","title":{"rendered":"Dierre, Jovan Miljianic: &#8220;Sono rimasto qui per vincere\u201d"},"content":{"rendered":"<p class=\"gmail-p1\">Jovan Milijanic \u00e8 pronto a vivere la sua seconda stagione con la Dierre Basketball Reggio Calabria. L\u2019esterno montenegrino, ha parlato con entusiasmo del nuovo corso della squadra, tra volti nuovi, ambizioni e un campionato che si preannuncia pi\u00f9 lungo e competitivo.<\/p>\n<p class=\"gmail-p1\">\u00abSo che c\u2019erano tante richieste anche da altre societ\u00e0, ma io mi sono trovato bene qui, quindi ho sposato un altro anno questo progetto. L\u2019obiettivo rimane quello dell\u2019anno scorso, che purtroppo non siamo riusciti a raggiungere, e quest\u2019anno ci riproviamo\u00bb.<\/p>\n<p class=\"gmail-p1\">La squadra, per\u00f2, \u00e8 profondamente cambiata. \u00abSiamo quasi completamente nuovi \u2013 ammette il giocatore \u2013 gli unici due rimasti siamo io e Petrovic. I giovani che stanno arrivando li vedo bene, ci stiamo allenando forte, ma c\u2019\u00e8 bisogno di tempo per unire il gruppo. All\u2019inizio, quando la squadra \u00e8 nuova, \u00e8 inevitabile che serva un po\u2019 di rodaggio\u00bb.<\/p>\n<p class=\"gmail-p1\">Milijanic ha anche espresso un primo giudizio sul nuovo allenatore Dario Lo Storto, un tecnico di grande esperienza giovanile e non solo: \u00abLe impressioni iniziali sono buone. \u00c8 una persona molto seria, si vede anche da fuori, e dentro il campo mi sto trovando molto bene con lui. Sul mio ruolo? Sono a disposizione piena della squadra e dell\u2019allenatore, non ho ancora parlato con il coach di una posizione specifica. Vedremo\u00bb.<\/p>\n<p class=\"gmail-p1\">Quanto al campionato che sta per iniziare, l\u2019esterno non nasconde le difficolt\u00e0: \u00abSar\u00e0 un torneo ancora pi\u00f9 lungo rispetto allo scorso anno. Ci sono un paio di squadre che si sono attrezzate molto bene, ma anche noi cercheremo di dare il massimo. L\u2019obiettivo \u00e8 chiaro: vogliamo vincere, magari il prima possibile. \u00c8 presto per fare previsioni, ma la mentalit\u00e0 \u00e8 quella giusta\u00bb.<\/p>\n","protected":false},"excerpt":{"rendered":"<p>Jovan Milijanic \u00e8 pronto a vivere la sua seconda stagione con la Dierre Basketball Reggio Calabria. L\u2019esterno montenegrino, ha parlato con entusiasmo del nuovo corso della squadra, tra volti nuovi,&hellip;<\/p>\n","protected":false},"author":5,"featured_media":99610,"comment_status":"closed","ping_status":"open","sticky":false,"template":"","format":"standard","meta":{"_jetpack_newsletter_access":"","_jetpack_dont_email_post_to_subs":false,"_jetpack_newsletter_tier_id":0,"_jetpack_memberships_contains_paywalled_content":false,"_jetpack_feature_clip_id":0,"_jetpack_memberships_contains_paid_content":false,"footnotes":"","jetpack_publicize_message":"","jetpack_publicize_feature_enabled":true,"jetpack_social_post_already_shared":true,"jetpack_social_options":{"image_generator_settings":{"template":"highway","default_image_id":0,"font":"","enabled":false},"version":2},"jetpack_post_was_ever_published":false},"categories":[196,140,144],"tags":[56196,36039,56191,56193,56192,56194,56195],"class_list":["post-99609","post","type-post","status-publish","format-standard","has-post-thumbnail","hentry","category-news","category-reggio-calabria","category-sport","tag-campionato-competitivo","tag-dierre-basketball-reggio-calabria","tag-jovan-miljianic","tag-nuovo-corso-della-squadra","tag-sono-rimasto-qui-per-vincere","tag-volti-nuobi","tag-volti-nuovi"],"yoast_head":"<!-- This site is optimized with the Yoast SEO plugin v28.3 - https:\/\/yoast.com\/product\/yoast-seo-wordpress\/ -->\n<title>Dierre, Jovan Miljianic: &quot;Sono rimasto qui per vincere\u201d<\/title>\n<meta name=\"description\" content=\"L\u2019esterno montenegrino, ha parlato del nuovo corso della squadra, tra volti nuovi, ambizioni e un campionato che si preannuncia competitivo\" \/>\n<meta name=\"robots\" content=\"index, follow, max-snippet:-1, max-image-preview:large, max-video-preview:-1\" \/>\n<link rel=\"canonical\" href=\"https:\/\/progettotouring.it\/radiotouring104\/2026\/08\/31\/dierre-jovan-miljianic-sono-rimasto-qui-per-vincere\/\" \/>\n<meta property=\"og:locale\" content=\"it_IT\" \/>\n<meta property=\"og:type\" content=\"article\" \/>\n<meta property=\"og:title\" content=\"Dierre, Jovan Miljianic: &quot;Sono rimasto qui per vincere\u201d\" \/>\n<meta property=\"og:description\" content=\"L\u2019esterno montenegrino, ha parlato del nuovo corso della squadra, tra volti nuovi, ambizioni e un campionato che si preannuncia competitivo\" \/>\n<meta property=\"og:url\" content=\"https:\/\/progettotouring.it\/radiotouring104\/2026\/08\/31\/dierre-jovan-miljianic-sono-rimasto-qui-per-vincere\/\" \/>\n<meta property=\"og:site_name\" content=\"Radio Touring 104\" \/>\n<meta property=\"article:published_time\" content=\"2026-08-31T10:25:32+00:00\" \/>\n<meta property=\"article:modified_time\" content=\"2026-08-31T10:47:20+00:00\" \/>\n<meta property=\"og:image\" content=\"https:\/\/progettotouring.it\/radiotouring104\/wp-content\/uploads\/sites\/6\/2026\/08\/g.webp\" \/>\n\t<meta property=\"og:image:width\" content=\"377\" \/>\n\t<meta property=\"og:image:height\" content=\"251\" \/>\n\t<meta property=\"og:image:type\" content=\"image\/webp\" \/>\n<meta name=\"author\" content=\"redazione\" \/>\n<meta name=\"twitter:card\" content=\"summary_large_image\" \/>\n<meta name=\"twitter:label1\" content=\"Scritto da\" \/>\n\t<meta name=\"twitter:data1\" content=\"redazione\" \/>\n\t<meta name=\"twitter:label2\" content=\"Tempo di lettura stimato\" \/>\n\t<meta name=\"twitter:data2\" content=\"1 minuto\" \/>\n<script type=\"application\/ld+json\" class=\"yoast-schema-graph\">{\"@context\":\"https:\\\/\\\/schema.org\",\"@graph\":[{\"@type\":\"Article\",\"@id\":\"https:\\\/\\\/progettotouring.it\\\/radiotouring104\\\/2026\\\/08\\\/31\\\/dierre-jovan-miljianic-sono-rimasto-qui-per-vincere\\\/#article\",\"isPartOf\":{\"@id\":\"https:\\\/\\\/progettotouring.it\\\/radiotouring104\\\/2026\\\/08\\\/31\\\/dierre-jovan-miljianic-sono-rimasto-qui-per-vincere\\\/\"},\"author\":{\"name\":\"redazione\",\"@id\":\"https:\\\/\\\/progettotouring.it\\\/radiotouring104\\\/#\\\/schema\\\/person\\\/1b3eb3c07c47136bc44c785c543e635f\"},\"headline\":\"Dierre, Jovan Miljianic: &#8220;Sono rimasto qui per vincere\u201d\",\"datePublished\":\"2026-08-31T10:25:32+00:00\",\"dateModified\":\"2026-08-31T10:47:20+00:00\",\"mainEntityOfPage\":{\"@id\":\"https:\\\/\\\/progettotouring.it\\\/radiotouring104\\\/2026\\\/08\\\/31\\\/dierre-jovan-miljianic-sono-rimasto-qui-per-vincere\\\/\"},\"wordCount\":279,\"publisher\":{\"@id\":\"https:\\\/\\\/progettotouring.it\\\/radiotouring104\\\/#organization\"},\"image\":{\"@id\":\"https:\\\/\\\/progettotouring.it\\\/radiotouring104\\\/2026\\\/08\\\/31\\\/dierre-jovan-miljianic-sono-rimasto-qui-per-vincere\\\/#primaryimage\"},\"thumbnailUrl\":\"https:\\\/\\\/progettotouring.it\\\/radiotouring104\\\/wp-content\\\/uploads\\\/sites\\\/6\\\/2026\\\/08\\\/g.webp\",\"keywords\":[\"campionato competitivo\",\"Dierre Basketball Reggio Calabria.\",\"Jovan Miljianic\",\"nuovo corso della squadra\",\"Sono rimasto qui per vincere\",\"volti nuobi\",\"volti nuovi\"],\"articleSection\":[\"News\",\"Reggio Calabria\",\"Sport\"],\"inLanguage\":\"it-IT\"},{\"@type\":\"WebPage\",\"@id\":\"https:\\\/\\\/progettotouring.it\\\/radiotouring104\\\/2026\\\/08\\\/31\\\/dierre-jovan-miljianic-sono-rimasto-qui-per-vincere\\\/\",\"url\":\"https:\\\/\\\/progettotouring.it\\\/radiotouring104\\\/2026\\\/08\\\/31\\\/dierre-jovan-miljianic-sono-rimasto-qui-per-vincere\\\/\",\"name\":\"Dierre, Jovan Miljianic: \\\"Sono rimasto qui per vincere\u201d\",\"isPartOf\":{\"@id\":\"https:\\\/\\\/progettotouring.it\\\/radiotouring104\\\/#website\"},\"primaryImageOfPage\":{\"@id\":\"https:\\\/\\\/progettotouring.it\\\/radiotouring104\\\/2026\\\/08\\\/31\\\/dierre-jovan-miljianic-sono-rimasto-qui-per-vincere\\\/#primaryimage\"},\"image\":{\"@id\":\"https:\\\/\\\/progettotouring.it\\\/radiotouring104\\\/2026\\\/08\\\/31\\\/dierre-jovan-miljianic-sono-rimasto-qui-per-vincere\\\/#primaryimage\"},\"thumbnailUrl\":\"https:\\\/\\\/progettotouring.it\\\/radiotouring104\\\/wp-content\\\/uploads\\\/sites\\\/6\\\/2026\\\/08\\\/g.webp\",\"datePublished\":\"2026-08-31T10:25:32+00:00\",\"dateModified\":\"2026-08-31T10:47:20+00:00\",\"description\":\"L\u2019esterno montenegrino, ha parlato del nuovo corso della squadra, tra volti nuovi, ambizioni e un campionato che si preannuncia competitivo\",\"breadcrumb\":{\"@id\":\"https:\\\/\\\/progettotouring.it\\\/radiotouring104\\\/2026\\\/08\\\/31\\\/dierre-jovan-miljianic-sono-rimasto-qui-per-vincere\\\/#breadcrumb\"},\"inLanguage\":\"it-IT\",\"potentialAction\":[{\"@type\":\"ReadAction\",\"target\":[\"https:\\\/\\\/progettotouring.it\\\/radiotouring104\\\/2026\\\/08\\\/31\\\/dierre-jovan-miljianic-sono-rimasto-qui-per-vincere\\\/\"]}]},{\"@type\":\"ImageObject\",\"inLanguage\":\"it-IT\",\"@id\":\"https:\\\/\\\/progettotouring.it\\\/radiotouring104\\\/2026\\\/08\\\/31\\\/dierre-jovan-miljianic-sono-rimasto-qui-per-vincere\\\/#primaryimage\",\"url\":\"https:\\\/\\\/progettotouring.it\\\/radiotouring104\\\/wp-content\\\/uploads\\\/sites\\\/6\\\/2026\\\/08\\\/g.webp\",\"contentUrl\":\"https:\\\/\\\/progettotouring.it\\\/radiotouring104\\\/wp-content\\\/uploads\\\/sites\\\/6\\\/2026\\\/08\\\/g.webp\",\"width\":377,\"height\":251},{\"@type\":\"BreadcrumbList\",\"@id\":\"https:\\\/\\\/progettotouring.it\\\/radiotouring104\\\/2026\\\/08\\\/31\\\/dierre-jovan-miljianic-sono-rimasto-qui-per-vincere\\\/#breadcrumb\",\"itemListElement\":[{\"@type\":\"ListItem\",\"position\":1,\"name\":\"Home\",\"item\":\"https:\\\/\\\/progettotouring.it\\\/radiotouring104\\\/\"},{\"@type\":\"ListItem\",\"position\":2,\"name\":\"Dierre, Jovan Miljianic: &#8220;Sono rimasto qui per vincere\u201d\"}]},{\"@type\":\"WebSite\",\"@id\":\"https:\\\/\\\/progettotouring.it\\\/radiotouring104\\\/#website\",\"url\":\"https:\\\/\\\/progettotouring.it\\\/radiotouring104\\\/\",\"name\":\"Radio Touring 104\",\"description\":\"La prima radio Reggina\",\"publisher\":{\"@id\":\"https:\\\/\\\/progettotouring.it\\\/radiotouring104\\\/#organization\"},\"potentialAction\":[{\"@type\":\"SearchAction\",\"target\":{\"@type\":\"EntryPoint\",\"urlTemplate\":\"https:\\\/\\\/progettotouring.it\\\/radiotouring104\\\/?s={search_term_string}\"},\"query-input\":{\"@type\":\"PropertyValueSpecification\",\"valueRequired\":true,\"valueName\":\"search_term_string\"}}],\"inLanguage\":\"it-IT\"},{\"@type\":\"Organization\",\"@id\":\"https:\\\/\\\/progettotouring.it\\\/radiotouring104\\\/#organization\",\"name\":\"Radio Touring 104\",\"url\":\"https:\\\/\\\/progettotouring.it\\\/radiotouring104\\\/\",\"logo\":{\"@type\":\"ImageObject\",\"inLanguage\":\"it-IT\",\"@id\":\"https:\\\/\\\/progettotouring.it\\\/radiotouring104\\\/#\\\/schema\\\/logo\\\/image\\\/\",\"url\":\"https:\\\/\\\/progettotouring.it\\\/radiotouring104\\\/wp-content\\\/uploads\\\/sites\\\/6\\\/2022\\\/02\\\/cropped-logo-radio-touring-104.png\",\"contentUrl\":\"https:\\\/\\\/progettotouring.it\\\/radiotouring104\\\/wp-content\\\/uploads\\\/sites\\\/6\\\/2022\\\/02\\\/cropped-logo-radio-touring-104.png\",\"width\":377,\"height\":182,\"caption\":\"Radio Touring 104\"},\"image\":{\"@id\":\"https:\\\/\\\/progettotouring.it\\\/radiotouring104\\\/#\\\/schema\\\/logo\\\/image\\\/\"}},{\"@type\":\"Person\",\"@id\":\"https:\\\/\\\/progettotouring.it\\\/radiotouring104\\\/#\\\/schema\\\/person\\\/1b3eb3c07c47136bc44c785c543e635f\",\"name\":\"redazione\",\"image\":{\"@type\":\"ImageObject\",\"inLanguage\":\"it-IT\",\"@id\":\"https:\\\/\\\/secure.gravatar.com\\\/avatar\\\/0b31605b49f100769e8b624b3e05de1b73e1692e9568a352f60f53fd072e6e11?s=96&d=mm&r=g\",\"url\":\"https:\\\/\\\/secure.gravatar.com\\\/avatar\\\/0b31605b49f100769e8b624b3e05de1b73e1692e9568a352f60f53fd072e6e11?s=96&d=mm&r=g\",\"contentUrl\":\"https:\\\/\\\/secure.gravatar.com\\\/avatar\\\/0b31605b49f100769e8b624b3e05de1b73e1692e9568a352f60f53fd072e6e11?s=96&d=mm&r=g\",\"caption\":\"redazione\"},\"url\":\"https:\\\/\\\/progettotouring.it\\\/radiotouring104\\\/author\\\/redazione\\\/\"}]}<\/script>\n<!-- \/ Yoast SEO plugin. -->","yoast_head_json":{"title":"Dierre, Jovan Miljianic: \"Sono rimasto qui per vincere\u201d","description":"L\u2019esterno montenegrino, ha parlato del nuovo corso della squadra, tra volti nuovi, ambizioni e un campionato che si preannuncia competitivo","robots":{"index":"index","follow":"follow","max-snippet":"max-snippet:-1","max-image-preview":"max-image-preview:large","max-video-preview":"max-video-preview:-1"},"canonical":"https:\/\/progettotouring.it\/radiotouring104\/2026\/08\/31\/dierre-jovan-miljianic-sono-rimasto-qui-per-vincere\/","og_locale":"it_IT","og_type":"article","og_title":"Dierre, Jovan Miljianic: \"Sono rimasto qui per vincere\u201d","og_description":"L\u2019esterno montenegrino, ha parlato del nuovo corso della squadra, tra volti nuovi, ambizioni e un campionato che si preannuncia competitivo","og_url":"https:\/\/progettotouring.it\/radiotouring104\/2026\/08\/31\/dierre-jovan-miljianic-sono-rimasto-qui-per-vincere\/","og_site_name":"Radio Touring 104","article_published_time":"2026-08-31T10:25:32+00:00","article_modified_time":"2026-08-31T10:47:20+00:00","og_image":[{"width":377,"height":251,"url":"https:\/\/progettotouring.it\/radiotouring104\/wp-content\/uploads\/sites\/6\/2026\/08\/g.webp","type":"image\/webp"}],"author":"redazione","twitter_card":"summary_large_image","twitter_misc":{"Scritto da":"redazione","Tempo di lettura stimato":"1 minuto"},"schema":{"@context":"https:\/\/schema.org","@graph":[{"@type":"Article","@id":"https:\/\/progettotouring.it\/radiotouring104\/2026\/08\/31\/dierre-jovan-miljianic-sono-rimasto-qui-per-vincere\/#article","isPartOf":{"@id":"https:\/\/progettotouring.it\/radiotouring104\/2026\/08\/31\/dierre-jovan-miljianic-sono-rimasto-qui-per-vincere\/"},"author":{"name":"redazione","@id":"https:\/\/progettotouring.it\/radiotouring104\/#\/schema\/person\/1b3eb3c07c47136bc44c785c543e635f"},"headline":"Dierre, Jovan Miljianic: &#8220;Sono rimasto qui per vincere\u201d","datePublished":"2026-08-31T10:25:32+00:00","dateModified":"2026-08-31T10:47:20+00:00","mainEntityOfPage":{"@id":"https:\/\/progettotouring.it\/radiotouring104\/2026\/08\/31\/dierre-jovan-miljianic-sono-rimasto-qui-per-vincere\/"},"wordCount":279,"publisher":{"@id":"https:\/\/progettotouring.it\/radiotouring104\/#organization"},"image":{"@id":"https:\/\/progettotouring.it\/radiotouring104\/2026\/08\/31\/dierre-jovan-miljianic-sono-rimasto-qui-per-vincere\/#primaryimage"},"thumbnailUrl":"https:\/\/progettotouring.it\/radiotouring104\/wp-content\/uploads\/sites\/6\/2026\/08\/g.webp","keywords":["campionato competitivo","Dierre Basketball Reggio Calabria.","Jovan Miljianic","nuovo corso della squadra","Sono rimasto qui per vincere","volti nuobi","volti nuovi"],"articleSection":["News","Reggio Calabria","Sport"],"inLanguage":"it-IT"},{"@type":"WebPage","@id":"https:\/\/progettotouring.it\/radiotouring104\/2026\/08\/31\/dierre-jovan-miljianic-sono-rimasto-qui-per-vincere\/","url":"https:\/\/progettotouring.it\/radiotouring104\/2026\/08\/31\/dierre-jovan-miljianic-sono-rimasto-qui-per-vincere\/","name":"Dierre, Jovan Miljianic: \"Sono rimasto qui per vincere\u201d","isPartOf":{"@id":"https:\/\/progettotouring.it\/radiotouring104\/#website"},"primaryImageOfPage":{"@id":"https:\/\/progettotouring.it\/radiotouring104\/2026\/08\/31\/dierre-jovan-miljianic-sono-rimasto-qui-per-vincere\/#primaryimage"},"image":{"@id":"https:\/\/progettotouring.it\/radiotouring104\/2026\/08\/31\/dierre-jovan-miljianic-sono-rimasto-qui-per-vincere\/#primaryimage"},"thumbnailUrl":"https:\/\/progettotouring.it\/radiotouring104\/wp-content\/uploads\/sites\/6\/2026\/08\/g.webp","datePublished":"2026-08-31T10:25:32+00:00","dateModified":"2026-08-31T10:47:20+00:00","description":"L\u2019esterno montenegrino, ha parlato del nuovo corso della squadra, tra volti nuovi, ambizioni e un campionato che si preannuncia competitivo","breadcrumb":{"@id":"https:\/\/progettotouring.it\/radiotouring104\/2026\/08\/31\/dierre-jovan-miljianic-sono-rimasto-qui-per-vincere\/#breadcrumb"},"inLanguage":"it-IT","potentialAction":[{"@type":"ReadAction","target":["https:\/\/progettotouring.it\/radiotouring104\/2026\/08\/31\/dierre-jovan-miljianic-sono-rimasto-qui-per-vincere\/"]}]},{"@type":"ImageObject","inLanguage":"it-IT","@id":"https:\/\/progettotouring.it\/radiotouring104\/2026\/08\/31\/dierre-jovan-miljianic-sono-rimasto-qui-per-vincere\/#primaryimage","url":"https:\/\/progettotouring.it\/radiotouring104\/wp-content\/uploads\/sites\/6\/2026\/08\/g.webp","contentUrl":"https:\/\/progettotouring.it\/radiotouring104\/wp-content\/uploads\/sites\/6\/2026\/08\/g.webp","width":377,"height":251},{"@type":"BreadcrumbList","@id":"https:\/\/progettotouring.it\/radiotouring104\/2026\/08\/31\/dierre-jovan-miljianic-sono-rimasto-qui-per-vincere\/#breadcrumb","itemListElement":[{"@type":"ListItem","position":1,"name":"Home","item":"https:\/\/progettotouring.it\/radiotouring104\/"},{"@type":"ListItem","position":2,"name":"Dierre, Jovan Miljianic: &#8220;Sono rimasto qui per vincere\u201d"}]},{"@type":"WebSite","@id":"https:\/\/progettotouring.it\/radiotouring104\/#website","url":"https:\/\/progettotouring.it\/radiotouring104\/","name":"Radio Touring 104","description":"La prima radio Reggina","publisher":{"@id":"https:\/\/progettotouring.it\/radiotouring104\/#organization"},"potentialAction":[{"@type":"SearchAction","target":{"@type":"EntryPoint","urlTemplate":"https:\/\/progettotouring.it\/radiotouring104\/?s={search_term_string}"},"query-input":{"@type":"PropertyValueSpecification","valueRequired":true,"valueName":"search_term_string"}}],"inLanguage":"it-IT"},{"@type":"Organization","@id":"https:\/\/progettotouring.it\/radiotouring104\/#organization","name":"Radio Touring 104","url":"https:\/\/progettotouring.it\/radiotouring104\/","logo":{"@type":"ImageObject","inLanguage":"it-IT","@id":"https:\/\/progettotouring.it\/radiotouring104\/#\/schema\/logo\/image\/","url":"https:\/\/progettotouring.it\/radiotouring104\/wp-content\/uploads\/sites\/6\/2022\/02\/cropped-logo-radio-touring-104.png","contentUrl":"https:\/\/progettotouring.it\/radiotouring104\/wp-content\/uploads\/sites\/6\/2022\/02\/cropped-logo-radio-touring-104.png","width":377,"height":182,"caption":"Radio Touring 104"},"image":{"@id":"https:\/\/progettotouring.it\/radiotouring104\/#\/schema\/logo\/image\/"}},{"@type":"Person","@id":"https:\/\/progettotouring.it\/radiotouring104\/#\/schema\/person\/1b3eb3c07c47136bc44c785c543e635f","name":"redazione","image":{"@type":"ImageObject","inLanguage":"it-IT","@id":"https:\/\/secure.gravatar.com\/avatar\/0b31605b49f100769e8b624b3e05de1b73e1692e9568a352f60f53fd072e6e11?s=96&d=mm&r=g","url":"https:\/\/secure.gravatar.com\/avatar\/0b31605b49f100769e8b624b3e05de1b73e1692e9568a352f60f53fd072e6e11?s=96&d=mm&r=g","contentUrl":"https:\/\/secure.gravatar.com\/avatar\/0b31605b49f100769e8b624b3e05de1b73e1692e9568a352f60f53fd072e6e11?s=96&d=mm&r=g","caption":"redazione"},"url":"https:\/\/progettotouring.it\/radiotouring104\/author\/redazione\/"}]}},"jetpack_publicize_connections":[],"jetpack_sharing_enabled":true,"jetpack_featured_media_url":"https:\/\/progettotouring.it\/radiotouring104\/wp-content\/uploads\/sites\/6\/2026\/08\/g.webp","_links":{"self":[{"href":"https:\/\/progettotouring.it\/radiotouring104\/wp-json\/wp\/v2\/posts\/99609","targetHints":{"allow":["GET"]}}],"collection":[{"href":"https:\/\/progettotouring.it\/radiotouring104\/wp-json\/wp\/v2\/posts"}],"about":[{"href":"https:\/\/progettotouring.it\/radiotouring104\/wp-json\/wp\/v2\/types\/post"}],"author":[{"embeddable":true,"href":"https:\/\/progettotouring.it\/radiotouring104\/wp-json\/wp\/v2\/users\/5"}],"replies":[{"embeddable":true,"href":"https:\/\/progettotouring.it\/radiotouring104\/wp-json\/wp\/v2\/comments?post=99609"}],"version-history":[{"count":2,"href":"https:\/\/progettotouring.it\/radiotouring104\/wp-json\/wp\/v2\/posts\/99609\/revisions"}],"predecessor-version":[{"id":99612,"href":"https:\/\/progettotouring.it\/radiotouring104\/wp-json\/wp\/v2\/posts\/99609\/revisions\/99612"}],"wp:featuredmedia":[{"embeddable":true,"href":"https:\/\/progettotouring.it\/radiotouring104\/wp-json\/wp\/v2\/media\/99610"}],"wp:attachment":[{"href":"https:\/\/progettotouring.it\/radiotouring104\/wp-json\/wp\/v2\/media?parent=99609"}],"wp:term":[{"taxonomy":"category","embeddable":true,"href":"https:\/\/progettotouring.it\/radiotouring104\/wp-json\/wp\/v2\/categories?post=99609"},{"taxonomy":"post_tag","embeddable":true,"href":"https:\/\/progettotouring.it\/radiotouring104\/wp-json\/wp\/v2\/tags?post=99609"}],"curies":[{"name":"wp","href":"https:\/\/api.w.org\/{rel}","templated":true}]}}