{"id":99627,"date":"2026-09-02T09:10:19","date_gmt":"2026-09-02T07:10:19","guid":{"rendered":"https:\/\/progettotouring.it\/radiotouring104\/?p=99627"},"modified":"2026-09-02T09:11:29","modified_gmt":"2026-09-02T07:11:29","slug":"reggio-ecco-lofferta-formativa-di-giurisprudenza-della-mediterranea","status":"publish","type":"post","link":"https:\/\/progettotouring.it\/radiotouring104\/2026\/09\/02\/reggio-ecco-lofferta-formativa-di-giurisprudenza-della-mediterranea\/","title":{"rendered":"Reggio: ecco l&#8217;offerta formativa di Giurisprudenza della &#8220;Mediterranea&#8221;"},"content":{"rendered":"<p>Scegliere il proprio percorso universitario significa fare una scommessa sul futuro. In un mondo del lavoro che cambia alla velocit\u00e0 della luce, il Corso di Laurea Magistrale a ciclo unico in Giurisprudenza (LMG-01) dell\u2019Universit\u00e0 degli Studi Mediterranea di Reggio Calabria offre una certezza: una formazione giuridica completa, prestigiosa e, soprattutto, a misura di studente.<\/p>\n<p>Dimenticate l&#8217;idea del giurista chiuso tra vecchi codici polverosi. Oggi studiare Giurisprudenza alla Mediterranea significa aprire le porte non solo alle professioni legali tradizionali \u2013 come l\u2019avvocatura, la magistratura e il notariato \u2013 ma anche a ruoli dirigenziali di alta responsabilit\u00e0 nella Pubblica Amministrazione, nelle grandi imprese e nelle istituzioni europee e internazionali.<\/p>\n<p>Il piano di studi quinquennale unisce la solidit\u00e0 delle materie fondamentali (dal diritto costituzionale al penale, dal civile all&#8217;amministrativo) con un&#8217;attenzione straordinaria ai settori emergenti. Ogni studente pu\u00f2 personalizzare il proprio percorso in base alle proprie passioni, scegliendo esami pionieristici e super attuali: dal diritto dell&#8217;intelligenza artificiale e dei social network alla tutela dell&#8217;ambiente, dal management all&#8217;economia del turismo.<\/p>\n<p>La teoria qui diventa subito pratica. Grazie alle &#8220;cliniche legali&#8221;, gli studenti si confrontano da subito con casi reali in settori caldi come la bioetica, il diritto di famiglia e dell&#8217;immigrazione. Inoltre, chi sogna l&#8217;avvocatura pu\u00f2 anticipare una parte della pratica professionale gi\u00e0 durante l&#8217;ultimo anno di corso.<\/p>\n<p>Per chi vuole viaggiare, la Mediterranea \u00e8 un vero e proprio trampolino di lancio: i crediti universitari conseguiti all&#8217;estero dai nostri studenti attraverso i programmi di mobilit\u00e0 superano il doppio della media nazionale. Il vero punto di forza del corso di laurea in Giurisprudenza dell\u2019Universit\u00e0 Mediterranea di Reggio Calabria \u00e8 il rapporto diretto tra docenti e studenti. I numeri parlano chiaro: le ore di lezione tenute da professori di ruolo sono superiori alla media nazionale e il numero di studenti per cattedra \u00e8 ridotto. Questo garantisce un dialogo quotidiano, un supporto costante e un ambiente di studio sereno, confermato dagli altissimi voti che gli studenti stessi riservano alla chiarezza e alla disponibilit\u00e0 dei professori nei questionari di valutazione. A disposizione dei ragazzi ci sono anche lo studio delle lingue straniere e una biblioteca di area all&#8217;avanguardia, ricca di banche dati digitali.<\/p>\n<p>I risultati: crescono iscrizioni e occupazione, e che sia la scelta giusta lo dimostrano i dati. L&#8217;indice di occupazione a tre anni dalla laurea \u00e8 in costante crescita da tre anni, e la soddisfazione dei laureati \u00e8 stabilmente sopra la media nazionale. Un successo che si riflette nella fiducia delle nuove matricole: negli ultimi due anni, i nuovi avvii di carriera sono volati con un +40%.<\/p>\n<p>Il corso \u00e8 ad accesso libero: basta un diploma di scuola superiore per iniziare a costruire la propria carriera. Le immatricolazioni si effettuano comodamente online sul portale di Ateneo e si chiuderanno il prossimo 30 settembre.<br \/>\nIl tuo futuro parte da qui, nel cuore dello Stretto.<\/p>\n<p>A confermare la centralit\u00e0 dello studente \u00e8 anche il Coordinatore del Corso di Studi, il Prof. Roberto Siclari, che sottolinea l&#8217;unicit\u00e0 dell&#8217;offerta didattica: &#8220;La crescita delle nostre immatricolazioni premia un modello didattica d&#8217;eccellenza, basato sul rapporto diretto e quotidiano tra docenti e studenti. Chi sceglie Giurisprudenza da noi trova un ambiente stimolante, vogliamo che i nostri studenti imparino a pensare da giuristi fin dal primo giorno, affrontando casi reali e guardando oltre i confini nazionali con i nostri programmi di mobilit\u00e0 estera. I dati occupazionali ci danno ragione: investire su se stessi a Reggio Calabria \u00e8 una scelta vincente e concreta\u201d<\/p>\n<p>&nbsp;<\/p>\n<p><strong>INFO E CONTATTI<\/strong><\/p>\n<p>Sede: Dipartimento DiGiES, Via dell&#8217;Universit\u00e0 25 \u2014 Cittadella universitaria, Reggio Calabria.<br \/>\nSegreteria didattica: didattica.giurisprudenza@unirc.it<\/p>\n","protected":false},"excerpt":{"rendered":"<p>Scegliere il proprio percorso universitario significa fare una scommessa sul futuro. In un mondo del lavoro che cambia alla velocit\u00e0 della luce, il Corso di Laurea Magistrale a ciclo unico&hellip;<\/p>\n","protected":false},"author":12,"featured_media":82626,"comment_status":"closed","ping_status":"open","sticky":false,"template":"","format":"standard","meta":{"_jetpack_newsletter_access":"","_jetpack_dont_email_post_to_subs":false,"_jetpack_newsletter_tier_id":0,"_jetpack_memberships_contains_paywalled_content":false,"_jetpack_feature_clip_id":0,"_jetpack_memberships_contains_paid_content":false,"footnotes":"","jetpack_publicize_message":"","jetpack_publicize_feature_enabled":true,"jetpack_social_post_already_shared":true,"jetpack_social_options":{"image_generator_settings":{"template":"highway","default_image_id":0,"font":"","enabled":false},"version":2},"jetpack_post_was_ever_published":false},"categories":[921,150,196,140],"tags":[55275,2300,1006,56200,1809,369],"class_list":["post-99627","post","type-post","status-publish","format-standard","has-post-thumbnail","hentry","category-home","category-in-primo-piano","category-news","category-reggio-calabria","tag-anno-2026-27","tag-corso-di-laurea-quinquennale","tag-giurisprudenza","tag-il-prof-roberto-siclari","tag-offerta-formativa","tag-universita-mediterranea"],"yoast_head":"<!-- This site is optimized with the Yoast SEO plugin v28.3 - https:\/\/yoast.com\/product\/yoast-seo-wordpress\/ -->\n<title>Reggio: ecco l&#039;offerta formativa di Giurisprudenza della &quot;Mediterranea&quot; - Radio Touring 104<\/title>\n<meta name=\"description\" content=\"Il corso di Laurea quinquiennale offre una formazione giuridica completa, prestigiosa e, soprattutto, a misura di studente\" \/>\n<meta name=\"robots\" content=\"index, follow, max-snippet:-1, max-image-preview:large, max-video-preview:-1\" \/>\n<link rel=\"canonical\" href=\"https:\/\/progettotouring.it\/radiotouring104\/2026\/09\/02\/reggio-ecco-lofferta-formativa-di-giurisprudenza-della-mediterranea\/\" \/>\n<meta property=\"og:locale\" content=\"it_IT\" \/>\n<meta property=\"og:type\" content=\"article\" \/>\n<meta property=\"og:title\" content=\"Reggio: ecco l&#039;offerta formativa di Giurisprudenza della &quot;Mediterranea&quot; - Radio Touring 104\" \/>\n<meta property=\"og:description\" content=\"Il corso di Laurea quinquiennale offre una formazione giuridica completa, prestigiosa e, soprattutto, a misura di studente\" \/>\n<meta property=\"og:url\" content=\"https:\/\/progettotouring.it\/radiotouring104\/2026\/09\/02\/reggio-ecco-lofferta-formativa-di-giurisprudenza-della-mediterranea\/\" \/>\n<meta property=\"og:site_name\" content=\"Radio Touring 104\" \/>\n<meta property=\"article:published_time\" content=\"2026-09-02T07:10:19+00:00\" \/>\n<meta property=\"article:modified_time\" content=\"2026-09-02T07:11:29+00:00\" \/>\n<meta property=\"og:image\" content=\"https:\/\/progettotouring.it\/radiotouring104\/wp-content\/uploads\/sites\/6\/2025\/10\/UniRC-Mediterranea.png\" \/>\n\t<meta property=\"og:image:width\" content=\"571\" \/>\n\t<meta property=\"og:image:height\" content=\"302\" \/>\n\t<meta property=\"og:image:type\" content=\"image\/png\" \/>\n<meta name=\"author\" content=\"Sebastiano Plutino\" \/>\n<meta name=\"twitter:card\" content=\"summary_large_image\" \/>\n<meta name=\"twitter:label1\" content=\"Scritto da\" \/>\n\t<meta name=\"twitter:data1\" content=\"Sebastiano Plutino\" \/>\n\t<meta name=\"twitter:label2\" content=\"Tempo di lettura stimato\" \/>\n\t<meta name=\"twitter:data2\" content=\"3 minuti\" \/>\n<script type=\"application\/ld+json\" class=\"yoast-schema-graph\">{\"@context\":\"https:\\\/\\\/schema.org\",\"@graph\":[{\"@type\":\"Article\",\"@id\":\"https:\\\/\\\/progettotouring.it\\\/radiotouring104\\\/2026\\\/09\\\/02\\\/reggio-ecco-lofferta-formativa-di-giurisprudenza-della-mediterranea\\\/#article\",\"isPartOf\":{\"@id\":\"https:\\\/\\\/progettotouring.it\\\/radiotouring104\\\/2026\\\/09\\\/02\\\/reggio-ecco-lofferta-formativa-di-giurisprudenza-della-mediterranea\\\/\"},\"author\":{\"name\":\"Sebastiano Plutino\",\"@id\":\"https:\\\/\\\/progettotouring.it\\\/radiotouring104\\\/#\\\/schema\\\/person\\\/78613917f1851f041f7483f5af1d422e\"},\"headline\":\"Reggio: ecco l&#8217;offerta formativa di Giurisprudenza della &#8220;Mediterranea&#8221;\",\"datePublished\":\"2026-09-02T07:10:19+00:00\",\"dateModified\":\"2026-09-02T07:11:29+00:00\",\"mainEntityOfPage\":{\"@id\":\"https:\\\/\\\/progettotouring.it\\\/radiotouring104\\\/2026\\\/09\\\/02\\\/reggio-ecco-lofferta-formativa-di-giurisprudenza-della-mediterranea\\\/\"},\"wordCount\":586,\"publisher\":{\"@id\":\"https:\\\/\\\/progettotouring.it\\\/radiotouring104\\\/#organization\"},\"image\":{\"@id\":\"https:\\\/\\\/progettotouring.it\\\/radiotouring104\\\/2026\\\/09\\\/02\\\/reggio-ecco-lofferta-formativa-di-giurisprudenza-della-mediterranea\\\/#primaryimage\"},\"thumbnailUrl\":\"https:\\\/\\\/progettotouring.it\\\/radiotouring104\\\/wp-content\\\/uploads\\\/sites\\\/6\\\/2025\\\/10\\\/UniRC-Mediterranea.png\",\"keywords\":[\"anno 2026-27\",\"Corso di Laurea quinquennale\",\"Giurisprudenza\",\"il Prof. Roberto Siclari\",\"offerta formativa\",\"universit\u00e0 mediterranea\"],\"articleSection\":[\"Home\",\"In primo piano\",\"News\",\"Reggio Calabria\"],\"inLanguage\":\"it-IT\"},{\"@type\":\"WebPage\",\"@id\":\"https:\\\/\\\/progettotouring.it\\\/radiotouring104\\\/2026\\\/09\\\/02\\\/reggio-ecco-lofferta-formativa-di-giurisprudenza-della-mediterranea\\\/\",\"url\":\"https:\\\/\\\/progettotouring.it\\\/radiotouring104\\\/2026\\\/09\\\/02\\\/reggio-ecco-lofferta-formativa-di-giurisprudenza-della-mediterranea\\\/\",\"name\":\"Reggio: ecco l'offerta formativa di Giurisprudenza della \\\"Mediterranea\\\" - Radio Touring 104\",\"isPartOf\":{\"@id\":\"https:\\\/\\\/progettotouring.it\\\/radiotouring104\\\/#website\"},\"primaryImageOfPage\":{\"@id\":\"https:\\\/\\\/progettotouring.it\\\/radiotouring104\\\/2026\\\/09\\\/02\\\/reggio-ecco-lofferta-formativa-di-giurisprudenza-della-mediterranea\\\/#primaryimage\"},\"image\":{\"@id\":\"https:\\\/\\\/progettotouring.it\\\/radiotouring104\\\/2026\\\/09\\\/02\\\/reggio-ecco-lofferta-formativa-di-giurisprudenza-della-mediterranea\\\/#primaryimage\"},\"thumbnailUrl\":\"https:\\\/\\\/progettotouring.it\\\/radiotouring104\\\/wp-content\\\/uploads\\\/sites\\\/6\\\/2025\\\/10\\\/UniRC-Mediterranea.png\",\"datePublished\":\"2026-09-02T07:10:19+00:00\",\"dateModified\":\"2026-09-02T07:11:29+00:00\",\"description\":\"Il corso di Laurea quinquiennale offre una formazione giuridica completa, prestigiosa e, soprattutto, a misura di studente\",\"breadcrumb\":{\"@id\":\"https:\\\/\\\/progettotouring.it\\\/radiotouring104\\\/2026\\\/09\\\/02\\\/reggio-ecco-lofferta-formativa-di-giurisprudenza-della-mediterranea\\\/#breadcrumb\"},\"inLanguage\":\"it-IT\",\"potentialAction\":[{\"@type\":\"ReadAction\",\"target\":[\"https:\\\/\\\/progettotouring.it\\\/radiotouring104\\\/2026\\\/09\\\/02\\\/reggio-ecco-lofferta-formativa-di-giurisprudenza-della-mediterranea\\\/\"]}]},{\"@type\":\"ImageObject\",\"inLanguage\":\"it-IT\",\"@id\":\"https:\\\/\\\/progettotouring.it\\\/radiotouring104\\\/2026\\\/09\\\/02\\\/reggio-ecco-lofferta-formativa-di-giurisprudenza-della-mediterranea\\\/#primaryimage\",\"url\":\"https:\\\/\\\/progettotouring.it\\\/radiotouring104\\\/wp-content\\\/uploads\\\/sites\\\/6\\\/2025\\\/10\\\/UniRC-Mediterranea.png\",\"contentUrl\":\"https:\\\/\\\/progettotouring.it\\\/radiotouring104\\\/wp-content\\\/uploads\\\/sites\\\/6\\\/2025\\\/10\\\/UniRC-Mediterranea.png\",\"width\":571,\"height\":302},{\"@type\":\"BreadcrumbList\",\"@id\":\"https:\\\/\\\/progettotouring.it\\\/radiotouring104\\\/2026\\\/09\\\/02\\\/reggio-ecco-lofferta-formativa-di-giurisprudenza-della-mediterranea\\\/#breadcrumb\",\"itemListElement\":[{\"@type\":\"ListItem\",\"position\":1,\"name\":\"Home\",\"item\":\"https:\\\/\\\/progettotouring.it\\\/radiotouring104\\\/\"},{\"@type\":\"ListItem\",\"position\":2,\"name\":\"Reggio: ecco l&#8217;offerta formativa di Giurisprudenza della &#8220;Mediterranea&#8221;\"}]},{\"@type\":\"WebSite\",\"@id\":\"https:\\\/\\\/progettotouring.it\\\/radiotouring104\\\/#website\",\"url\":\"https:\\\/\\\/progettotouring.it\\\/radiotouring104\\\/\",\"name\":\"Radio Touring 104\",\"description\":\"La prima radio Reggina\",\"publisher\":{\"@id\":\"https:\\\/\\\/progettotouring.it\\\/radiotouring104\\\/#organization\"},\"potentialAction\":[{\"@type\":\"SearchAction\",\"target\":{\"@type\":\"EntryPoint\",\"urlTemplate\":\"https:\\\/\\\/progettotouring.it\\\/radiotouring104\\\/?s={search_term_string}\"},\"query-input\":{\"@type\":\"PropertyValueSpecification\",\"valueRequired\":true,\"valueName\":\"search_term_string\"}}],\"inLanguage\":\"it-IT\"},{\"@type\":\"Organization\",\"@id\":\"https:\\\/\\\/progettotouring.it\\\/radiotouring104\\\/#organization\",\"name\":\"Radio Touring 104\",\"url\":\"https:\\\/\\\/progettotouring.it\\\/radiotouring104\\\/\",\"logo\":{\"@type\":\"ImageObject\",\"inLanguage\":\"it-IT\",\"@id\":\"https:\\\/\\\/progettotouring.it\\\/radiotouring104\\\/#\\\/schema\\\/logo\\\/image\\\/\",\"url\":\"https:\\\/\\\/progettotouring.it\\\/radiotouring104\\\/wp-content\\\/uploads\\\/sites\\\/6\\\/2022\\\/02\\\/cropped-logo-radio-touring-104.png\",\"contentUrl\":\"https:\\\/\\\/progettotouring.it\\\/radiotouring104\\\/wp-content\\\/uploads\\\/sites\\\/6\\\/2022\\\/02\\\/cropped-logo-radio-touring-104.png\",\"width\":377,\"height\":182,\"caption\":\"Radio Touring 104\"},\"image\":{\"@id\":\"https:\\\/\\\/progettotouring.it\\\/radiotouring104\\\/#\\\/schema\\\/logo\\\/image\\\/\"}},{\"@type\":\"Person\",\"@id\":\"https:\\\/\\\/progettotouring.it\\\/radiotouring104\\\/#\\\/schema\\\/person\\\/78613917f1851f041f7483f5af1d422e\",\"name\":\"Sebastiano Plutino\",\"image\":{\"@type\":\"ImageObject\",\"inLanguage\":\"it-IT\",\"@id\":\"https:\\\/\\\/secure.gravatar.com\\\/avatar\\\/0546ffaa9b79224faf9f2a156b67a529ae861d3287c66c1d8ccfdf909bcba78d?s=96&d=mm&r=g\",\"url\":\"https:\\\/\\\/secure.gravatar.com\\\/avatar\\\/0546ffaa9b79224faf9f2a156b67a529ae861d3287c66c1d8ccfdf909bcba78d?s=96&d=mm&r=g\",\"contentUrl\":\"https:\\\/\\\/secure.gravatar.com\\\/avatar\\\/0546ffaa9b79224faf9f2a156b67a529ae861d3287c66c1d8ccfdf909bcba78d?s=96&d=mm&r=g\",\"caption\":\"Sebastiano Plutino\"},\"url\":\"https:\\\/\\\/progettotouring.it\\\/radiotouring104\\\/author\\\/sebastiano\\\/\"}]}<\/script>\n<!-- \/ Yoast SEO plugin. -->","yoast_head_json":{"title":"Reggio: ecco l'offerta formativa di Giurisprudenza della \"Mediterranea\" - Radio Touring 104","description":"Il corso di Laurea quinquiennale offre una formazione giuridica completa, prestigiosa e, soprattutto, a misura di studente","robots":{"index":"index","follow":"follow","max-snippet":"max-snippet:-1","max-image-preview":"max-image-preview:large","max-video-preview":"max-video-preview:-1"},"canonical":"https:\/\/progettotouring.it\/radiotouring104\/2026\/09\/02\/reggio-ecco-lofferta-formativa-di-giurisprudenza-della-mediterranea\/","og_locale":"it_IT","og_type":"article","og_title":"Reggio: ecco l'offerta formativa di Giurisprudenza della \"Mediterranea\" - Radio Touring 104","og_description":"Il corso di Laurea quinquiennale offre una formazione giuridica completa, prestigiosa e, soprattutto, a misura di studente","og_url":"https:\/\/progettotouring.it\/radiotouring104\/2026\/09\/02\/reggio-ecco-lofferta-formativa-di-giurisprudenza-della-mediterranea\/","og_site_name":"Radio Touring 104","article_published_time":"2026-09-02T07:10:19+00:00","article_modified_time":"2026-09-02T07:11:29+00:00","og_image":[{"width":571,"height":302,"url":"https:\/\/progettotouring.it\/radiotouring104\/wp-content\/uploads\/sites\/6\/2025\/10\/UniRC-Mediterranea.png","type":"image\/png"}],"author":"Sebastiano Plutino","twitter_card":"summary_large_image","twitter_misc":{"Scritto da":"Sebastiano Plutino","Tempo di lettura stimato":"3 minuti"},"schema":{"@context":"https:\/\/schema.org","@graph":[{"@type":"Article","@id":"https:\/\/progettotouring.it\/radiotouring104\/2026\/09\/02\/reggio-ecco-lofferta-formativa-di-giurisprudenza-della-mediterranea\/#article","isPartOf":{"@id":"https:\/\/progettotouring.it\/radiotouring104\/2026\/09\/02\/reggio-ecco-lofferta-formativa-di-giurisprudenza-della-mediterranea\/"},"author":{"name":"Sebastiano Plutino","@id":"https:\/\/progettotouring.it\/radiotouring104\/#\/schema\/person\/78613917f1851f041f7483f5af1d422e"},"headline":"Reggio: ecco l&#8217;offerta formativa di Giurisprudenza della &#8220;Mediterranea&#8221;","datePublished":"2026-09-02T07:10:19+00:00","dateModified":"2026-09-02T07:11:29+00:00","mainEntityOfPage":{"@id":"https:\/\/progettotouring.it\/radiotouring104\/2026\/09\/02\/reggio-ecco-lofferta-formativa-di-giurisprudenza-della-mediterranea\/"},"wordCount":586,"publisher":{"@id":"https:\/\/progettotouring.it\/radiotouring104\/#organization"},"image":{"@id":"https:\/\/progettotouring.it\/radiotouring104\/2026\/09\/02\/reggio-ecco-lofferta-formativa-di-giurisprudenza-della-mediterranea\/#primaryimage"},"thumbnailUrl":"https:\/\/progettotouring.it\/radiotouring104\/wp-content\/uploads\/sites\/6\/2025\/10\/UniRC-Mediterranea.png","keywords":["anno 2026-27","Corso di Laurea quinquennale","Giurisprudenza","il Prof. Roberto Siclari","offerta formativa","universit\u00e0 mediterranea"],"articleSection":["Home","In primo piano","News","Reggio Calabria"],"inLanguage":"it-IT"},{"@type":"WebPage","@id":"https:\/\/progettotouring.it\/radiotouring104\/2026\/09\/02\/reggio-ecco-lofferta-formativa-di-giurisprudenza-della-mediterranea\/","url":"https:\/\/progettotouring.it\/radiotouring104\/2026\/09\/02\/reggio-ecco-lofferta-formativa-di-giurisprudenza-della-mediterranea\/","name":"Reggio: ecco l'offerta formativa di Giurisprudenza della \"Mediterranea\" - Radio Touring 104","isPartOf":{"@id":"https:\/\/progettotouring.it\/radiotouring104\/#website"},"primaryImageOfPage":{"@id":"https:\/\/progettotouring.it\/radiotouring104\/2026\/09\/02\/reggio-ecco-lofferta-formativa-di-giurisprudenza-della-mediterranea\/#primaryimage"},"image":{"@id":"https:\/\/progettotouring.it\/radiotouring104\/2026\/09\/02\/reggio-ecco-lofferta-formativa-di-giurisprudenza-della-mediterranea\/#primaryimage"},"thumbnailUrl":"https:\/\/progettotouring.it\/radiotouring104\/wp-content\/uploads\/sites\/6\/2025\/10\/UniRC-Mediterranea.png","datePublished":"2026-09-02T07:10:19+00:00","dateModified":"2026-09-02T07:11:29+00:00","description":"Il corso di Laurea quinquiennale offre una formazione giuridica completa, prestigiosa e, soprattutto, a misura di studente","breadcrumb":{"@id":"https:\/\/progettotouring.it\/radiotouring104\/2026\/09\/02\/reggio-ecco-lofferta-formativa-di-giurisprudenza-della-mediterranea\/#breadcrumb"},"inLanguage":"it-IT","potentialAction":[{"@type":"ReadAction","target":["https:\/\/progettotouring.it\/radiotouring104\/2026\/09\/02\/reggio-ecco-lofferta-formativa-di-giurisprudenza-della-mediterranea\/"]}]},{"@type":"ImageObject","inLanguage":"it-IT","@id":"https:\/\/progettotouring.it\/radiotouring104\/2026\/09\/02\/reggio-ecco-lofferta-formativa-di-giurisprudenza-della-mediterranea\/#primaryimage","url":"https:\/\/progettotouring.it\/radiotouring104\/wp-content\/uploads\/sites\/6\/2025\/10\/UniRC-Mediterranea.png","contentUrl":"https:\/\/progettotouring.it\/radiotouring104\/wp-content\/uploads\/sites\/6\/2025\/10\/UniRC-Mediterranea.png","width":571,"height":302},{"@type":"BreadcrumbList","@id":"https:\/\/progettotouring.it\/radiotouring104\/2026\/09\/02\/reggio-ecco-lofferta-formativa-di-giurisprudenza-della-mediterranea\/#breadcrumb","itemListElement":[{"@type":"ListItem","position":1,"name":"Home","item":"https:\/\/progettotouring.it\/radiotouring104\/"},{"@type":"ListItem","position":2,"name":"Reggio: ecco l&#8217;offerta formativa di Giurisprudenza della &#8220;Mediterranea&#8221;"}]},{"@type":"WebSite","@id":"https:\/\/progettotouring.it\/radiotouring104\/#website","url":"https:\/\/progettotouring.it\/radiotouring104\/","name":"Radio Touring 104","description":"La prima radio Reggina","publisher":{"@id":"https:\/\/progettotouring.it\/radiotouring104\/#organization"},"potentialAction":[{"@type":"SearchAction","target":{"@type":"EntryPoint","urlTemplate":"https:\/\/progettotouring.it\/radiotouring104\/?s={search_term_string}"},"query-input":{"@type":"PropertyValueSpecification","valueRequired":true,"valueName":"search_term_string"}}],"inLanguage":"it-IT"},{"@type":"Organization","@id":"https:\/\/progettotouring.it\/radiotouring104\/#organization","name":"Radio Touring 104","url":"https:\/\/progettotouring.it\/radiotouring104\/","logo":{"@type":"ImageObject","inLanguage":"it-IT","@id":"https:\/\/progettotouring.it\/radiotouring104\/#\/schema\/logo\/image\/","url":"https:\/\/progettotouring.it\/radiotouring104\/wp-content\/uploads\/sites\/6\/2022\/02\/cropped-logo-radio-touring-104.png","contentUrl":"https:\/\/progettotouring.it\/radiotouring104\/wp-content\/uploads\/sites\/6\/2022\/02\/cropped-logo-radio-touring-104.png","width":377,"height":182,"caption":"Radio Touring 104"},"image":{"@id":"https:\/\/progettotouring.it\/radiotouring104\/#\/schema\/logo\/image\/"}},{"@type":"Person","@id":"https:\/\/progettotouring.it\/radiotouring104\/#\/schema\/person\/78613917f1851f041f7483f5af1d422e","name":"Sebastiano Plutino","image":{"@type":"ImageObject","inLanguage":"it-IT","@id":"https:\/\/secure.gravatar.com\/avatar\/0546ffaa9b79224faf9f2a156b67a529ae861d3287c66c1d8ccfdf909bcba78d?s=96&d=mm&r=g","url":"https:\/\/secure.gravatar.com\/avatar\/0546ffaa9b79224faf9f2a156b67a529ae861d3287c66c1d8ccfdf909bcba78d?s=96&d=mm&r=g","contentUrl":"https:\/\/secure.gravatar.com\/avatar\/0546ffaa9b79224faf9f2a156b67a529ae861d3287c66c1d8ccfdf909bcba78d?s=96&d=mm&r=g","caption":"Sebastiano Plutino"},"url":"https:\/\/progettotouring.it\/radiotouring104\/author\/sebastiano\/"}]}},"jetpack_publicize_connections":[],"jetpack_sharing_enabled":true,"jetpack_featured_media_url":"https:\/\/progettotouring.it\/radiotouring104\/wp-content\/uploads\/sites\/6\/2025\/10\/UniRC-Mediterranea.png","_links":{"self":[{"href":"https:\/\/progettotouring.it\/radiotouring104\/wp-json\/wp\/v2\/posts\/99627","targetHints":{"allow":["GET"]}}],"collection":[{"href":"https:\/\/progettotouring.it\/radiotouring104\/wp-json\/wp\/v2\/posts"}],"about":[{"href":"https:\/\/progettotouring.it\/radiotouring104\/wp-json\/wp\/v2\/types\/post"}],"author":[{"embeddable":true,"href":"https:\/\/progettotouring.it\/radiotouring104\/wp-json\/wp\/v2\/users\/12"}],"replies":[{"embeddable":true,"href":"https:\/\/progettotouring.it\/radiotouring104\/wp-json\/wp\/v2\/comments?post=99627"}],"version-history":[{"count":2,"href":"https:\/\/progettotouring.it\/radiotouring104\/wp-json\/wp\/v2\/posts\/99627\/revisions"}],"predecessor-version":[{"id":99629,"href":"https:\/\/progettotouring.it\/radiotouring104\/wp-json\/wp\/v2\/posts\/99627\/revisions\/99629"}],"wp:featuredmedia":[{"embeddable":true,"href":"https:\/\/progettotouring.it\/radiotouring104\/wp-json\/wp\/v2\/media\/82626"}],"wp:attachment":[{"href":"https:\/\/progettotouring.it\/radiotouring104\/wp-json\/wp\/v2\/media?parent=99627"}],"wp:term":[{"taxonomy":"category","embeddable":true,"href":"https:\/\/progettotouring.it\/radiotouring104\/wp-json\/wp\/v2\/categories?post=99627"},{"taxonomy":"post_tag","embeddable":true,"href":"https:\/\/progettotouring.it\/radiotouring104\/wp-json\/wp\/v2\/tags?post=99627"}],"curies":[{"name":"wp","href":"https:\/\/api.w.org\/{rel}","templated":true}]}}