{"id":99630,"date":"2026-09-02T09:19:58","date_gmt":"2026-09-02T07:19:58","guid":{"rendered":"https:\/\/progettotouring.it\/radiotouring104\/?p=99630"},"modified":"2026-09-02T09:19:58","modified_gmt":"2026-09-02T07:19:58","slug":"torna-a-reggio-senseable-il-simposio-sulle-arti-elettroniche","status":"publish","type":"post","link":"https:\/\/progettotouring.it\/radiotouring104\/2026\/09\/02\/torna-a-reggio-senseable-il-simposio-sulle-arti-elettroniche\/","title":{"rendered":"Torna a Reggio &#8220;Senseable&#8221;, il Simposio sulle arti elettroniche"},"content":{"rendered":"<p>Dal 4 al 5 settembre 2026 al via la terza edizione di\u00a0<strong>SENSEABLE<\/strong>\u00a0\u2013 Simposio sulle arti elettroniche, un programma di ricerca artistica, formazione ed eventi aperti al pubblico promosso dalla\u00a0<strong>Scuola di Nuove Tecnologie dell\u2019Arte<\/strong>\u00a0dell\u2019<strong>Accademia di Belle Arti\u00a0<\/strong>di<strong>\u00a0Reggio Calabria<\/strong>.<\/p>\n<p>Il simposio era uno spazio dedicato all\u2019incontro, alla discussione aperta e alla condivisione di idee: un luogo in cui persone provenienti da esperienze diverse si riunivano per confrontarsi sui temi del proprio tempo.\u00a0<em>SENSEABLE<\/em>\u00a0riprende la tradizione del simposio greco e la porta nel presente per mettere in dialogo arte, scienza, tecnologie e contesto sociale.<\/p>\n<p>Artisti,\u00a0<strong>ricercatori<\/strong>,\u00a0<strong>studenti\u00a0<\/strong>e\u00a0<strong>professionisti\u00a0<\/strong>provenienti dal territorio e da realt\u00e0 nazionali e internazionali si incontreranno a Villa Genoese Zerbi per confrontarsi attraverso una pluralit\u00e0 di linguaggi e forme di ricerca. Il pubblico \u00e8 invitato a partecipare al programma e a prendere parte al confronto.<\/p>\n<p><em>SENSEABLE<\/em>\u00a0nasce all\u2019interno dell\u2019<strong>Accademia di Belle Arti<\/strong>, un luogo di alta formazione artistica, e cresce attraverso il confronto con altre realt\u00e0 che lavorano sulla cultura contemporanea e sulle tecnologie. La ricerca si sviluppa insieme a\u00a0<strong>HER: She Loves Data<\/strong>, centro di ricerca che mette in relazione dati, computazione, arte e design, e\u00a0<strong>O1k0s<\/strong>, che indaga l\u2019impatto delle nuove tecnologie sui processi artistici e sulla comunicazione. L\u2019associazione reggina\u00a0<strong>CLEF APS<\/strong>, attiva nella musica e nella produzione culturale contemporanea, contribuisce, invece, alla costruzione della sezione musicale del programma e al rapporto con il territorio.<br \/>\nPer questa edizione il progetto si apre ancor di pi\u00f9 alla citt\u00e0 attraverso la collaborazione con<strong>\u00a0Villa Genoese Zerbi<\/strong>, uno dei luoghi simbolo di Reggio Calabria, che ospiter\u00e0 le attivit\u00e0 del Simposio e diventer\u00e0 per due giornate un luogo di produzione e diffusione della cultura contemporanea.<\/p>\n<p><strong><u>IL PROGRAMMA<\/u><\/p>\n<p><\/strong>Gli appuntamenti del Simposio si concentrano nelle giornate di venerd\u00ec 4 e sabato 5 settembre a Villa Genoese Zerbi.<\/p>\n<p><strong>Venerd\u00ec 4 settembre<\/strong>, alle\u00a0<strong>18:30<\/strong>, apre\u00a0<strong><em>Narrazioni algoritmiche<\/em><\/strong>, mostra internazionale di videoarte generativa che riunisce\u00a0<strong>19 artisti\u00a0<\/strong>provenienti da diversi contesti internazionali: Yasamin Aharipour, Citron | Lunardi, Francesco D\u2019Isa, Emanuele Dainotti, Samuel Hernandez De Luca, Federico Federici, Salvatore Iaconesi e Oriana Persico (AOS), Robin Kane, Natalie Kaplan, Maria Carmela Macr\u00ec, Chiara Moresco, Sierra Renee (JuuJuuMama), Michele Rinaldi, Kenneth Russo, Suzanne Schneider, Dhaval Shah &amp; Nishtha Shailajan, The Klimate, Tristan Zand e Antonio Zappone.<\/p>\n<p>La mostra \u00e8 dedicata alle nuove forme narrative che emergono dall\u2019incontro tra autori e sistemi intelligenti. Le opere mostrano l\u2019intelligenza artificiale non come un linguaggio univoco, ma come un campo di possibilit\u00e0 in cui immagini, memorie, dati, corpi e narrazioni vengono continuamente trasformati.<\/p>\n<p>Alle\u00a0<strong>20:00<\/strong>\u00a0il programma prosegue con il talk\u00a0<strong>Hackatao: culture phygital, NFT e identit\u00e0 digitali<\/strong>, a cura di Matilde De Feo e Clara Michetti. Il duo artistico\u00a0<strong>Hackatao<\/strong>, tra i pionieri della crypto art internazionale, interverr\u00e0 online attraverso i propri avatar digitali per riflettere sulle trasformazioni dell\u2019arte tra dimensione fisica e digitale.<\/p>\n<p><strong>Sabato 5 settembre<\/strong>, alle\u00a0<strong>18:30<\/strong>, sar\u00e0 presentata\u00a0<strong>Il Sud artificiale<\/strong>, installazione\/performance realizzata dai partecipanti alla Summer School dello Stretto insieme al collettivo di artisti e ricercatori\u00a0<strong>Numero Cromatico<\/strong>. L\u2019esito del workshop raccoglie e mette in relazione immagini, materiali e tracce raccolte durante il percorso, per esplorare i limiti degli algoritmi e le zone che ancora sfuggono ai loro sistemi di rappresentazione.<\/p>\n<p>Alle\u00a0<strong>19:30<\/strong>\u00a0sar\u00e0 la volta di\u00a0<strong>Human Not Found<\/strong>, una conversazione a pi\u00f9 voci sul ruolo dell\u2019umano nell\u2019epoca delle intelligenze artificiali, con\u00a0<strong>Giacomo Tufano, Paola Bommarito\u00a0<\/strong>e\u00a0<strong>Matilde De Feo<\/strong>, curatori dell\u2019Osservatorio di ricerca 404 Human Not Found, insieme agli artisti\u00a0<strong>Francesco D\u2019Abbraccio, Oriana Persico, Numero Cromatico\u00a0<\/strong>e le ricercatrici reggine<strong>\u00a0Josephine Condemi\u00a0<\/strong>e<strong>\u00a0Debora Pizzimenti<\/strong>.<\/p>\n<p>La serata si conclude con due performance musicali. Alle\u00a0<strong>21:30<\/strong>,\u00a0<strong>KIHM<\/strong>\u00a0presenta\u00a0<strong>Cyber Eutopia<\/strong>, un live audiovisivo che intreccia le composizioni elettroniche del musicista\u00a0<strong>Alessio Calivi<\/strong>\u00a0e i visual del digital artist\u00a0<strong>Antonio Zappone<\/strong>, esplorando la relazione tra immaginazione e tecnologie digitali.<br \/>\nAlle\u00a0<strong>22:30<\/strong>, chiude il simposio una performance sonora di\u00a0<strong>LOREM<\/strong>\u00a0che mette in relazione la sua ricerca sulle tecnologie emergenti e i processi computazionali con una dimensione rituale, ancestrale e profondamente corporea. Voce, suoni sintetici, ritmi e frammenti musicali si stratificano in un flusso immersivo, in cui il linguaggio della macchina incontra forme arcaiche di trance.<em><br \/>\n<\/em><br \/>\n&#8220;Quest\u2019anno SENSEABLE arriva alla sua terza edizione. Per noi rappresenta il consolidamento di un percorso che la Scuola di Nuove Tecnologie dell\u2019Arte ha costruito negli ultimi tre anni attraverso ricerca, sperimentazione e collaborazioni con realt\u00e0 diverse. Abbiamo scelto di dedicare questo appuntamento alle arti elettroniche perch\u00e9 crediamo che siano un terreno privilegiato per comprendere e interrogare le trasformazioni tecnologiche contemporanee &#8211; affermano\u00a0<strong>Paola Bommarito\u00a0<\/strong>e\u00a0<strong>Giacomo Tufano<em>,\u00a0<\/em><\/strong>Curatela e Coordinamento del progetto SENSEABLE -.\u00a0Il Simposio \u00e8 il momento in cui il lavoro che facciamo dentro le aule e i laboratori dell&#8217;Accademia esce fuori: le ricerche, le pratiche e le domande sviluppate durante tutto l\u2019anno vengono condivise con la citt\u00e0 e messe in relazione con altri\u00a0<strong>artisti<\/strong>, ricercatori e con il pubblico. Si tratta di costruire occasioni perch\u00e9 la ricerca possa entrare in relazione con il\u00a0<strong>territorio\u00a0<\/strong>e generare nuove forme di confronto. Per questo\u00a0<strong>SENSEABLE\u00a0<\/strong>non guarda alle tecnologie come semplice innovazione tecnica, ma come strumenti capaci di trasformare il modo in cui immaginiamo, raccontiamo e interpretiamo il presente. Non vogliamo offrire risposte definitive sulle tecnologie, ma costruire le condizioni per poterle interrogare collettivamente. Abbiamo scelto di costruire SENSEABLE come una costellazione, perch\u00e9 crediamo che oggi fare\u00a0<strong>ricerca\u00a0<\/strong>significhi anche mettere in relazione competenze, pratiche e prospettive differenti, senza necessariamente ricondurle a un\u2019unica posizione. Il\u00a0<strong>progetto\u00a0<\/strong>cresce attraverso le relazioni che attiva&#8221;.Tor<em><br \/>\n<\/em><\/p>\n","protected":false},"excerpt":{"rendered":"<p>Dal 4 al 5 settembre 2026 al via la terza edizione di\u00a0SENSEABLE\u00a0\u2013 Simposio sulle arti elettroniche, un programma di ricerca artistica, formazione ed eventi aperti al pubblico promosso dalla\u00a0Scuola di&hellip;<\/p>\n","protected":false},"author":12,"featured_media":99631,"comment_status":"closed","ping_status":"open","sticky":false,"template":"","format":"standard","meta":{"_jetpack_newsletter_access":"","_jetpack_dont_email_post_to_subs":false,"_jetpack_newsletter_tier_id":0,"_jetpack_memberships_contains_paywalled_content":false,"_jetpack_feature_clip_id":0,"_jetpack_memberships_contains_paid_content":false,"footnotes":"","jetpack_publicize_message":"","jetpack_publicize_feature_enabled":true,"jetpack_social_post_already_shared":true,"jetpack_social_options":{"image_generator_settings":{"template":"highway","default_image_id":0,"font":"","enabled":false},"version":2},"jetpack_post_was_ever_published":false},"categories":[921,150,196,140],"tags":[52160,56203,23983,56204,47572,56202,56201,35690],"class_list":["post-99630","post","type-post","status-publish","format-standard","has-post-thumbnail","hentry","category-home","category-in-primo-piano","category-news","category-reggio-calabria","tag-accademia-belle-arti-reggio-calabria","tag-eventi-aperti-al-pubblico","tag-reggio","tag-ricerca-artistica","tag-scuola-di-nuove-tecnologie-dellarte","tag-senseable","tag-simposio-sulle-arti-elettroniche","tag-terza-edizione"],"yoast_head":"<!-- This site is optimized with the Yoast SEO plugin v28.3 - https:\/\/yoast.com\/product\/yoast-seo-wordpress\/ -->\n<title>Torna a Reggio &quot;Senseable&quot;, il Simposio sulle arti elettroniche<\/title>\n<meta name=\"description\" content=\"Dal 4 al 5 settembre torna la terza edizione del programma di ricerca artistica, formazione ed eventi aperti al pubblico\" \/>\n<meta name=\"robots\" content=\"index, follow, max-snippet:-1, max-image-preview:large, max-video-preview:-1\" \/>\n<link rel=\"canonical\" href=\"https:\/\/progettotouring.it\/radiotouring104\/2026\/09\/02\/torna-a-reggio-senseable-il-simposio-sulle-arti-elettroniche\/\" \/>\n<meta property=\"og:locale\" content=\"it_IT\" \/>\n<meta property=\"og:type\" content=\"article\" \/>\n<meta property=\"og:title\" content=\"Torna a Reggio &quot;Senseable&quot;, il Simposio sulle arti elettroniche\" \/>\n<meta property=\"og:description\" content=\"Dal 4 al 5 settembre torna la terza edizione del programma di ricerca artistica, formazione ed eventi aperti al pubblico\" \/>\n<meta property=\"og:url\" content=\"https:\/\/progettotouring.it\/radiotouring104\/2026\/09\/02\/torna-a-reggio-senseable-il-simposio-sulle-arti-elettroniche\/\" \/>\n<meta property=\"og:site_name\" content=\"Radio Touring 104\" \/>\n<meta property=\"article:published_time\" content=\"2026-09-02T07:19:58+00:00\" \/>\n<meta property=\"og:image\" content=\"https:\/\/progettotouring.it\/radiotouring104\/wp-content\/uploads\/sites\/6\/2026\/09\/Emanuele-Dainotti-scaled.jpg\" \/>\n\t<meta property=\"og:image:width\" content=\"2560\" \/>\n\t<meta property=\"og:image:height\" content=\"1440\" \/>\n\t<meta property=\"og:image:type\" content=\"image\/jpeg\" \/>\n<meta name=\"author\" content=\"Sebastiano Plutino\" \/>\n<meta name=\"twitter:card\" content=\"summary_large_image\" \/>\n<meta name=\"twitter:label1\" content=\"Scritto da\" \/>\n\t<meta name=\"twitter:data1\" content=\"Sebastiano Plutino\" \/>\n\t<meta name=\"twitter:label2\" content=\"Tempo di lettura stimato\" \/>\n\t<meta name=\"twitter:data2\" content=\"5 minuti\" \/>\n<script type=\"application\/ld+json\" class=\"yoast-schema-graph\">{\"@context\":\"https:\\\/\\\/schema.org\",\"@graph\":[{\"@type\":\"Article\",\"@id\":\"https:\\\/\\\/progettotouring.it\\\/radiotouring104\\\/2026\\\/09\\\/02\\\/torna-a-reggio-senseable-il-simposio-sulle-arti-elettroniche\\\/#article\",\"isPartOf\":{\"@id\":\"https:\\\/\\\/progettotouring.it\\\/radiotouring104\\\/2026\\\/09\\\/02\\\/torna-a-reggio-senseable-il-simposio-sulle-arti-elettroniche\\\/\"},\"author\":{\"name\":\"Sebastiano Plutino\",\"@id\":\"https:\\\/\\\/progettotouring.it\\\/radiotouring104\\\/#\\\/schema\\\/person\\\/78613917f1851f041f7483f5af1d422e\"},\"headline\":\"Torna a Reggio &#8220;Senseable&#8221;, il Simposio sulle arti elettroniche\",\"datePublished\":\"2026-09-02T07:19:58+00:00\",\"mainEntityOfPage\":{\"@id\":\"https:\\\/\\\/progettotouring.it\\\/radiotouring104\\\/2026\\\/09\\\/02\\\/torna-a-reggio-senseable-il-simposio-sulle-arti-elettroniche\\\/\"},\"wordCount\":921,\"publisher\":{\"@id\":\"https:\\\/\\\/progettotouring.it\\\/radiotouring104\\\/#organization\"},\"image\":{\"@id\":\"https:\\\/\\\/progettotouring.it\\\/radiotouring104\\\/2026\\\/09\\\/02\\\/torna-a-reggio-senseable-il-simposio-sulle-arti-elettroniche\\\/#primaryimage\"},\"thumbnailUrl\":\"https:\\\/\\\/progettotouring.it\\\/radiotouring104\\\/wp-content\\\/uploads\\\/sites\\\/6\\\/2026\\\/09\\\/Emanuele-Dainotti-scaled.jpg\",\"keywords\":[\"Accademia Belle Arti Reggio Calabria\",\"eventi aperti al pubblico\",\"Reggio\",\"ricerca artistica\",\"Scuola di Nuove Tecnologie dell'Arte\",\"Senseable\",\"Simposio sulle arti elettroniche\",\"Terza edizione\"],\"articleSection\":[\"Home\",\"In primo piano\",\"News\",\"Reggio Calabria\"],\"inLanguage\":\"it-IT\"},{\"@type\":\"WebPage\",\"@id\":\"https:\\\/\\\/progettotouring.it\\\/radiotouring104\\\/2026\\\/09\\\/02\\\/torna-a-reggio-senseable-il-simposio-sulle-arti-elettroniche\\\/\",\"url\":\"https:\\\/\\\/progettotouring.it\\\/radiotouring104\\\/2026\\\/09\\\/02\\\/torna-a-reggio-senseable-il-simposio-sulle-arti-elettroniche\\\/\",\"name\":\"Torna a Reggio \\\"Senseable\\\", il Simposio sulle arti elettroniche\",\"isPartOf\":{\"@id\":\"https:\\\/\\\/progettotouring.it\\\/radiotouring104\\\/#website\"},\"primaryImageOfPage\":{\"@id\":\"https:\\\/\\\/progettotouring.it\\\/radiotouring104\\\/2026\\\/09\\\/02\\\/torna-a-reggio-senseable-il-simposio-sulle-arti-elettroniche\\\/#primaryimage\"},\"image\":{\"@id\":\"https:\\\/\\\/progettotouring.it\\\/radiotouring104\\\/2026\\\/09\\\/02\\\/torna-a-reggio-senseable-il-simposio-sulle-arti-elettroniche\\\/#primaryimage\"},\"thumbnailUrl\":\"https:\\\/\\\/progettotouring.it\\\/radiotouring104\\\/wp-content\\\/uploads\\\/sites\\\/6\\\/2026\\\/09\\\/Emanuele-Dainotti-scaled.jpg\",\"datePublished\":\"2026-09-02T07:19:58+00:00\",\"description\":\"Dal 4 al 5 settembre torna la terza edizione del programma di ricerca artistica, formazione ed eventi aperti al pubblico\",\"breadcrumb\":{\"@id\":\"https:\\\/\\\/progettotouring.it\\\/radiotouring104\\\/2026\\\/09\\\/02\\\/torna-a-reggio-senseable-il-simposio-sulle-arti-elettroniche\\\/#breadcrumb\"},\"inLanguage\":\"it-IT\",\"potentialAction\":[{\"@type\":\"ReadAction\",\"target\":[\"https:\\\/\\\/progettotouring.it\\\/radiotouring104\\\/2026\\\/09\\\/02\\\/torna-a-reggio-senseable-il-simposio-sulle-arti-elettroniche\\\/\"]}]},{\"@type\":\"ImageObject\",\"inLanguage\":\"it-IT\",\"@id\":\"https:\\\/\\\/progettotouring.it\\\/radiotouring104\\\/2026\\\/09\\\/02\\\/torna-a-reggio-senseable-il-simposio-sulle-arti-elettroniche\\\/#primaryimage\",\"url\":\"https:\\\/\\\/progettotouring.it\\\/radiotouring104\\\/wp-content\\\/uploads\\\/sites\\\/6\\\/2026\\\/09\\\/Emanuele-Dainotti-scaled.jpg\",\"contentUrl\":\"https:\\\/\\\/progettotouring.it\\\/radiotouring104\\\/wp-content\\\/uploads\\\/sites\\\/6\\\/2026\\\/09\\\/Emanuele-Dainotti-scaled.jpg\",\"width\":2560,\"height\":1440,\"caption\":\"Screenshot\"},{\"@type\":\"BreadcrumbList\",\"@id\":\"https:\\\/\\\/progettotouring.it\\\/radiotouring104\\\/2026\\\/09\\\/02\\\/torna-a-reggio-senseable-il-simposio-sulle-arti-elettroniche\\\/#breadcrumb\",\"itemListElement\":[{\"@type\":\"ListItem\",\"position\":1,\"name\":\"Home\",\"item\":\"https:\\\/\\\/progettotouring.it\\\/radiotouring104\\\/\"},{\"@type\":\"ListItem\",\"position\":2,\"name\":\"Torna a Reggio &#8220;Senseable&#8221;, il Simposio sulle arti elettroniche\"}]},{\"@type\":\"WebSite\",\"@id\":\"https:\\\/\\\/progettotouring.it\\\/radiotouring104\\\/#website\",\"url\":\"https:\\\/\\\/progettotouring.it\\\/radiotouring104\\\/\",\"name\":\"Radio Touring 104\",\"description\":\"La prima radio Reggina\",\"publisher\":{\"@id\":\"https:\\\/\\\/progettotouring.it\\\/radiotouring104\\\/#organization\"},\"potentialAction\":[{\"@type\":\"SearchAction\",\"target\":{\"@type\":\"EntryPoint\",\"urlTemplate\":\"https:\\\/\\\/progettotouring.it\\\/radiotouring104\\\/?s={search_term_string}\"},\"query-input\":{\"@type\":\"PropertyValueSpecification\",\"valueRequired\":true,\"valueName\":\"search_term_string\"}}],\"inLanguage\":\"it-IT\"},{\"@type\":\"Organization\",\"@id\":\"https:\\\/\\\/progettotouring.it\\\/radiotouring104\\\/#organization\",\"name\":\"Radio Touring 104\",\"url\":\"https:\\\/\\\/progettotouring.it\\\/radiotouring104\\\/\",\"logo\":{\"@type\":\"ImageObject\",\"inLanguage\":\"it-IT\",\"@id\":\"https:\\\/\\\/progettotouring.it\\\/radiotouring104\\\/#\\\/schema\\\/logo\\\/image\\\/\",\"url\":\"https:\\\/\\\/progettotouring.it\\\/radiotouring104\\\/wp-content\\\/uploads\\\/sites\\\/6\\\/2022\\\/02\\\/cropped-logo-radio-touring-104.png\",\"contentUrl\":\"https:\\\/\\\/progettotouring.it\\\/radiotouring104\\\/wp-content\\\/uploads\\\/sites\\\/6\\\/2022\\\/02\\\/cropped-logo-radio-touring-104.png\",\"width\":377,\"height\":182,\"caption\":\"Radio Touring 104\"},\"image\":{\"@id\":\"https:\\\/\\\/progettotouring.it\\\/radiotouring104\\\/#\\\/schema\\\/logo\\\/image\\\/\"}},{\"@type\":\"Person\",\"@id\":\"https:\\\/\\\/progettotouring.it\\\/radiotouring104\\\/#\\\/schema\\\/person\\\/78613917f1851f041f7483f5af1d422e\",\"name\":\"Sebastiano Plutino\",\"image\":{\"@type\":\"ImageObject\",\"inLanguage\":\"it-IT\",\"@id\":\"https:\\\/\\\/secure.gravatar.com\\\/avatar\\\/0546ffaa9b79224faf9f2a156b67a529ae861d3287c66c1d8ccfdf909bcba78d?s=96&d=mm&r=g\",\"url\":\"https:\\\/\\\/secure.gravatar.com\\\/avatar\\\/0546ffaa9b79224faf9f2a156b67a529ae861d3287c66c1d8ccfdf909bcba78d?s=96&d=mm&r=g\",\"contentUrl\":\"https:\\\/\\\/secure.gravatar.com\\\/avatar\\\/0546ffaa9b79224faf9f2a156b67a529ae861d3287c66c1d8ccfdf909bcba78d?s=96&d=mm&r=g\",\"caption\":\"Sebastiano Plutino\"},\"url\":\"https:\\\/\\\/progettotouring.it\\\/radiotouring104\\\/author\\\/sebastiano\\\/\"}]}<\/script>\n<!-- \/ Yoast SEO plugin. -->","yoast_head_json":{"title":"Torna a Reggio \"Senseable\", il Simposio sulle arti elettroniche","description":"Dal 4 al 5 settembre torna la terza edizione del programma di ricerca artistica, formazione ed eventi aperti al pubblico","robots":{"index":"index","follow":"follow","max-snippet":"max-snippet:-1","max-image-preview":"max-image-preview:large","max-video-preview":"max-video-preview:-1"},"canonical":"https:\/\/progettotouring.it\/radiotouring104\/2026\/09\/02\/torna-a-reggio-senseable-il-simposio-sulle-arti-elettroniche\/","og_locale":"it_IT","og_type":"article","og_title":"Torna a Reggio \"Senseable\", il Simposio sulle arti elettroniche","og_description":"Dal 4 al 5 settembre torna la terza edizione del programma di ricerca artistica, formazione ed eventi aperti al pubblico","og_url":"https:\/\/progettotouring.it\/radiotouring104\/2026\/09\/02\/torna-a-reggio-senseable-il-simposio-sulle-arti-elettroniche\/","og_site_name":"Radio Touring 104","article_published_time":"2026-09-02T07:19:58+00:00","og_image":[{"width":2560,"height":1440,"url":"https:\/\/progettotouring.it\/radiotouring104\/wp-content\/uploads\/sites\/6\/2026\/09\/Emanuele-Dainotti-scaled.jpg","type":"image\/jpeg"}],"author":"Sebastiano Plutino","twitter_card":"summary_large_image","twitter_misc":{"Scritto da":"Sebastiano Plutino","Tempo di lettura stimato":"5 minuti"},"schema":{"@context":"https:\/\/schema.org","@graph":[{"@type":"Article","@id":"https:\/\/progettotouring.it\/radiotouring104\/2026\/09\/02\/torna-a-reggio-senseable-il-simposio-sulle-arti-elettroniche\/#article","isPartOf":{"@id":"https:\/\/progettotouring.it\/radiotouring104\/2026\/09\/02\/torna-a-reggio-senseable-il-simposio-sulle-arti-elettroniche\/"},"author":{"name":"Sebastiano Plutino","@id":"https:\/\/progettotouring.it\/radiotouring104\/#\/schema\/person\/78613917f1851f041f7483f5af1d422e"},"headline":"Torna a Reggio &#8220;Senseable&#8221;, il Simposio sulle arti elettroniche","datePublished":"2026-09-02T07:19:58+00:00","mainEntityOfPage":{"@id":"https:\/\/progettotouring.it\/radiotouring104\/2026\/09\/02\/torna-a-reggio-senseable-il-simposio-sulle-arti-elettroniche\/"},"wordCount":921,"publisher":{"@id":"https:\/\/progettotouring.it\/radiotouring104\/#organization"},"image":{"@id":"https:\/\/progettotouring.it\/radiotouring104\/2026\/09\/02\/torna-a-reggio-senseable-il-simposio-sulle-arti-elettroniche\/#primaryimage"},"thumbnailUrl":"https:\/\/progettotouring.it\/radiotouring104\/wp-content\/uploads\/sites\/6\/2026\/09\/Emanuele-Dainotti-scaled.jpg","keywords":["Accademia Belle Arti Reggio Calabria","eventi aperti al pubblico","Reggio","ricerca artistica","Scuola di Nuove Tecnologie dell'Arte","Senseable","Simposio sulle arti elettroniche","Terza edizione"],"articleSection":["Home","In primo piano","News","Reggio Calabria"],"inLanguage":"it-IT"},{"@type":"WebPage","@id":"https:\/\/progettotouring.it\/radiotouring104\/2026\/09\/02\/torna-a-reggio-senseable-il-simposio-sulle-arti-elettroniche\/","url":"https:\/\/progettotouring.it\/radiotouring104\/2026\/09\/02\/torna-a-reggio-senseable-il-simposio-sulle-arti-elettroniche\/","name":"Torna a Reggio \"Senseable\", il Simposio sulle arti elettroniche","isPartOf":{"@id":"https:\/\/progettotouring.it\/radiotouring104\/#website"},"primaryImageOfPage":{"@id":"https:\/\/progettotouring.it\/radiotouring104\/2026\/09\/02\/torna-a-reggio-senseable-il-simposio-sulle-arti-elettroniche\/#primaryimage"},"image":{"@id":"https:\/\/progettotouring.it\/radiotouring104\/2026\/09\/02\/torna-a-reggio-senseable-il-simposio-sulle-arti-elettroniche\/#primaryimage"},"thumbnailUrl":"https:\/\/progettotouring.it\/radiotouring104\/wp-content\/uploads\/sites\/6\/2026\/09\/Emanuele-Dainotti-scaled.jpg","datePublished":"2026-09-02T07:19:58+00:00","description":"Dal 4 al 5 settembre torna la terza edizione del programma di ricerca artistica, formazione ed eventi aperti al pubblico","breadcrumb":{"@id":"https:\/\/progettotouring.it\/radiotouring104\/2026\/09\/02\/torna-a-reggio-senseable-il-simposio-sulle-arti-elettroniche\/#breadcrumb"},"inLanguage":"it-IT","potentialAction":[{"@type":"ReadAction","target":["https:\/\/progettotouring.it\/radiotouring104\/2026\/09\/02\/torna-a-reggio-senseable-il-simposio-sulle-arti-elettroniche\/"]}]},{"@type":"ImageObject","inLanguage":"it-IT","@id":"https:\/\/progettotouring.it\/radiotouring104\/2026\/09\/02\/torna-a-reggio-senseable-il-simposio-sulle-arti-elettroniche\/#primaryimage","url":"https:\/\/progettotouring.it\/radiotouring104\/wp-content\/uploads\/sites\/6\/2026\/09\/Emanuele-Dainotti-scaled.jpg","contentUrl":"https:\/\/progettotouring.it\/radiotouring104\/wp-content\/uploads\/sites\/6\/2026\/09\/Emanuele-Dainotti-scaled.jpg","width":2560,"height":1440,"caption":"Screenshot"},{"@type":"BreadcrumbList","@id":"https:\/\/progettotouring.it\/radiotouring104\/2026\/09\/02\/torna-a-reggio-senseable-il-simposio-sulle-arti-elettroniche\/#breadcrumb","itemListElement":[{"@type":"ListItem","position":1,"name":"Home","item":"https:\/\/progettotouring.it\/radiotouring104\/"},{"@type":"ListItem","position":2,"name":"Torna a Reggio &#8220;Senseable&#8221;, il Simposio sulle arti elettroniche"}]},{"@type":"WebSite","@id":"https:\/\/progettotouring.it\/radiotouring104\/#website","url":"https:\/\/progettotouring.it\/radiotouring104\/","name":"Radio Touring 104","description":"La prima radio Reggina","publisher":{"@id":"https:\/\/progettotouring.it\/radiotouring104\/#organization"},"potentialAction":[{"@type":"SearchAction","target":{"@type":"EntryPoint","urlTemplate":"https:\/\/progettotouring.it\/radiotouring104\/?s={search_term_string}"},"query-input":{"@type":"PropertyValueSpecification","valueRequired":true,"valueName":"search_term_string"}}],"inLanguage":"it-IT"},{"@type":"Organization","@id":"https:\/\/progettotouring.it\/radiotouring104\/#organization","name":"Radio Touring 104","url":"https:\/\/progettotouring.it\/radiotouring104\/","logo":{"@type":"ImageObject","inLanguage":"it-IT","@id":"https:\/\/progettotouring.it\/radiotouring104\/#\/schema\/logo\/image\/","url":"https:\/\/progettotouring.it\/radiotouring104\/wp-content\/uploads\/sites\/6\/2022\/02\/cropped-logo-radio-touring-104.png","contentUrl":"https:\/\/progettotouring.it\/radiotouring104\/wp-content\/uploads\/sites\/6\/2022\/02\/cropped-logo-radio-touring-104.png","width":377,"height":182,"caption":"Radio Touring 104"},"image":{"@id":"https:\/\/progettotouring.it\/radiotouring104\/#\/schema\/logo\/image\/"}},{"@type":"Person","@id":"https:\/\/progettotouring.it\/radiotouring104\/#\/schema\/person\/78613917f1851f041f7483f5af1d422e","name":"Sebastiano Plutino","image":{"@type":"ImageObject","inLanguage":"it-IT","@id":"https:\/\/secure.gravatar.com\/avatar\/0546ffaa9b79224faf9f2a156b67a529ae861d3287c66c1d8ccfdf909bcba78d?s=96&d=mm&r=g","url":"https:\/\/secure.gravatar.com\/avatar\/0546ffaa9b79224faf9f2a156b67a529ae861d3287c66c1d8ccfdf909bcba78d?s=96&d=mm&r=g","contentUrl":"https:\/\/secure.gravatar.com\/avatar\/0546ffaa9b79224faf9f2a156b67a529ae861d3287c66c1d8ccfdf909bcba78d?s=96&d=mm&r=g","caption":"Sebastiano Plutino"},"url":"https:\/\/progettotouring.it\/radiotouring104\/author\/sebastiano\/"}]}},"jetpack_publicize_connections":[],"jetpack_sharing_enabled":true,"jetpack_featured_media_url":"https:\/\/progettotouring.it\/radiotouring104\/wp-content\/uploads\/sites\/6\/2026\/09\/Emanuele-Dainotti-scaled.jpg","_links":{"self":[{"href":"https:\/\/progettotouring.it\/radiotouring104\/wp-json\/wp\/v2\/posts\/99630","targetHints":{"allow":["GET"]}}],"collection":[{"href":"https:\/\/progettotouring.it\/radiotouring104\/wp-json\/wp\/v2\/posts"}],"about":[{"href":"https:\/\/progettotouring.it\/radiotouring104\/wp-json\/wp\/v2\/types\/post"}],"author":[{"embeddable":true,"href":"https:\/\/progettotouring.it\/radiotouring104\/wp-json\/wp\/v2\/users\/12"}],"replies":[{"embeddable":true,"href":"https:\/\/progettotouring.it\/radiotouring104\/wp-json\/wp\/v2\/comments?post=99630"}],"version-history":[{"count":1,"href":"https:\/\/progettotouring.it\/radiotouring104\/wp-json\/wp\/v2\/posts\/99630\/revisions"}],"predecessor-version":[{"id":99632,"href":"https:\/\/progettotouring.it\/radiotouring104\/wp-json\/wp\/v2\/posts\/99630\/revisions\/99632"}],"wp:featuredmedia":[{"embeddable":true,"href":"https:\/\/progettotouring.it\/radiotouring104\/wp-json\/wp\/v2\/media\/99631"}],"wp:attachment":[{"href":"https:\/\/progettotouring.it\/radiotouring104\/wp-json\/wp\/v2\/media?parent=99630"}],"wp:term":[{"taxonomy":"category","embeddable":true,"href":"https:\/\/progettotouring.it\/radiotouring104\/wp-json\/wp\/v2\/categories?post=99630"},{"taxonomy":"post_tag","embeddable":true,"href":"https:\/\/progettotouring.it\/radiotouring104\/wp-json\/wp\/v2\/tags?post=99630"}],"curies":[{"name":"wp","href":"https:\/\/api.w.org\/{rel}","templated":true}]}}