{"id":99633,"date":"2026-09-02T09:53:55","date_gmt":"2026-09-02T07:53:55","guid":{"rendered":"https:\/\/progettotouring.it\/radiotouring104\/?p=99633"},"modified":"2026-09-02T09:53:55","modified_gmt":"2026-09-02T07:53:55","slug":"feste-mariane-di-reggio-cannizzaro-annuncia-il-programma-delle-notti-reggine","status":"publish","type":"post","link":"https:\/\/progettotouring.it\/radiotouring104\/2026\/09\/02\/feste-mariane-di-reggio-cannizzaro-annuncia-il-programma-delle-notti-reggine\/","title":{"rendered":"Feste Mariane di Reggio: Cannizzaro annuncia il programma delle &#8220;Notti Reggine&#8221;"},"content":{"rendered":"<p>il sindaco <strong>Francesco Cannizzaro<\/strong>, attraverso i suoi canali social, ha reso noto il <strong>cartellone delle &#8220;Notti Reggine&#8221;,<\/strong> la rassegna di eventi laici legata ai<strong> festeggiamenti della Madonna della Consolazione<\/strong>, svelando i nomi dei protagonisti\u00a0musicali che si esibiranno con i loro <strong>concerti, dal 12 al 15 settembre, in Piazza Indipendenza, Arena dello Stretto e piazzale della Stazione Lido. <\/strong><\/p>\n<p>Concerti e show con generi e pubblici molto diversi tra loro: dal pop di<strong> Benji &amp; Fede<\/strong> alla canzone napoletana di <strong>Sal Da Vinci,<\/strong> dalla musica popolare calabrese di<strong> Mimmo Cavallaro<\/strong> al pop di <strong>Giusy Ferreri<\/strong>, fino al cantautorato di <strong>Alessandro Mannarino. <\/strong>Gli appuntamenti musicali si inseriscono nel pi\u00f9 ampio programma delle celebrazioni mariane, che vedr\u00e0 sabato 12 settembre la tradizionale processione della Sacra Effigie dall&#8217;Eremo alla Cattedrale.<\/p>\n<p>Per gli eventi musicali, la <strong>Giunta aveva stanziato 280 mila euro<\/strong> all&#8217;interno del budget complessivo delle festivit\u00e0. Feste Mariane 2026, il calendario dei concertiQuesto il programma delle &#8220;Notti Reggine&#8221; diffuso questa sera dal sindaco Cannizzaro:<\/p>\n<p><strong>Sabato 12 settembre<\/strong>, ore 22:30 &#8211; Piazza Indipendenza:<strong> Benji &amp; Fede.<\/strong> Dalle 24:00, all&#8217;Arena dello Stretto, lo show &#8220;Magia 90&#8221;.<\/p>\n<p><strong>Domenica 13 settembre<\/strong>, ore 22:00 &#8211; Piazza Indipendenza: <strong>Sal Da Vinci.<\/strong><br \/>\n<strong>Luned\u00ec 14 settembre<\/strong>, ore 20:30 &#8211; Piazzale Stazione Lido: <strong>Mimmo Cavallaro,<\/strong> nell&#8217;ambito di Scirubetta.<br \/>\n<strong>Luned\u00ec 14 settembre,<\/strong> ore 22:30 &#8211; Piazza Indipendenza: <strong>Giusy Ferreri.<\/strong><br \/>\n<strong>Marted\u00ec 15 settembre<\/strong>, ore 22:00 &#8211; Piazza Indipendenza: <strong>Alessandro Mannarino.<\/strong><\/p>\n<p><strong>A chiusura della serata del 15 settembre,<\/strong> a mezzanotte, i tradizionali <strong>fuochi d&#8217;artificio all&#8217;Arena dello Stretto. <\/strong>Si parte con Benji &amp; Fede<\/p>\n<p>Ad aprire le &#8220;Notti Reggine&#8221; sar\u00e0 una serata pensata soprattutto per i pi\u00f9 giovani.<\/p>\n<p>&nbsp;<\/p>\n<p><strong>Sabato 12 settembre alle 22:30 in Piazza Indipendenza saliranno sul palco Benjamin Mascolo e Federico Rossi,<\/strong> ovvero Benji &amp; Fede.Il duo, nato da un incontro sul web e balzato al successo a met\u00e0 degli anni Dieci, ha inanellato una serie di hit pop. In scaletta brani come &#8220;Dove e quando&#8221;, &#8220;Moscow Mule&#8221; e &#8220;Tutto per una ragione&#8221;, inciso con Annalisa. A seguire, la festa si sposta sul Lungomare: da mezzanotte l&#8217;Arena dello Stretto ospiter\u00e0 &#8220;Magia 90&#8221;, lo spettacolo live dedicato alle hit dance degli anni Novanta.Sal Da Vinci arriva a Reggio dopo il trionfo a Sanremo<\/p>\n<p><strong>Tra gli ospiti pi\u00f9 attesi c&#8217;\u00e8 Sal Da Vinci,<\/strong> in programma domenica 13 settembre alle 22 in Piazza Indipendenza. Cantante, attore e protagonista del teatro, Da Vinci vive un momento particolarmente felice della sua carriera.\u00a0 Dopo il grande exploit di &#8220;Rossetto e Caff\u00e8&#8221; negli ultimi anni, nel 2026 ha trionfato al Festival di Sanremo con &#8220;Per sempre s\u00ec&#8221;. Una carriera cominciata da giovanissimo e costruita tra canzone napoletana, palcoscenico e musica italiana. Il live reggino sar\u00e0 uno degli appuntamenti di punta del cartellone mariano.<\/p>\n<p>&nbsp;<\/p>\n<p><strong>Mimmo Cavallaro, la Calabria e la tradizione di Scirubetta<\/strong><\/p>\n<p>Luned\u00ec 14 settembre si parte gi\u00e0 alle 20:30 dal piazzale della Stazione Lido. Per Scirubetta si esibir\u00e0 Mimmo Cavallaro.\u00c8 l&#8217;artista che pi\u00f9 di tutti incarna il legame con la cultura musicale calabrese. Il suo percorso nasce dallo studio e dal recupero della tradizione musicale regionale, tra canto in dialetto, chitarra battente e strumenti popolari.Il debutto discografico \u00e8 del 2009 con &#8220;Sona Battenti&#8221;. In seguito Cavallaro ha dato vita ai TaranProject, portando la musica popolare calabrese sui palchi dei maggiori festival nazionali e internazionali.Giusy Ferreri, una voce iconica del pop italiano<\/p>\n<p>&nbsp;<\/p>\n<p><strong>Sempre luned\u00ec 14 settembre, alle 22:30, riflettori di nuovo su Piazza Indipendenza per il concerto di Giusy Ferreri.<\/strong><\/p>\n<p>La cantante siciliana si \u00e8 fatta conoscere dal grande pubblico con la prima edizione italiana di X Factor nel 2008 e con &#8220;Non ti scordar mai di me&#8221;. Da allora ha costruito un repertorio che spazia dal pop d&#8217;autore ai tormentoni estivi.Tra i suoi brani pi\u00f9 noti &#8220;Novembre&#8221;, &#8220;Roma-Bangkok&#8221; con Baby K, &#8220;Amore e capoeira&#8221; e &#8220;Jambo&#8221;. Una voce inconfondibile che porter\u00e0 a Reggio una serata all&#8217;insegna di alcune delle hit pi\u00f9 ascoltate degli ultimi anni.<\/p>\n<p>&nbsp;<\/p>\n<p><strong>Gran finale con Mannarino il 15 settembre<\/strong><\/p>\n<p>A chiudere la rassegna dei grandi concerti sar\u00e0 Alessandro Mannarino, marted\u00ec 15 settembre alle 22 in Piazza Indipendenza. Il cantautore romano rappresenta l&#8217;anima pi\u00f9 cantautorale del programma.<\/p>\n<p>Il suo stile fonde folk, musica popolare, suggestioni mediterranee e narrazione metropolitana. L&#8217;esordio \u00e8 del 2009 con &#8220;Bar della rabbia&#8221;, a cui sono seguiti album come &#8220;Supersantos&#8221;, &#8220;Al monte&#8221; e &#8220;Apriti cielo&#8221;.In scaletta brani ormai simbolo della sua produzione, su tutti &#8220;Me so&#8217; &#8216;mbriacato&#8221;. Il live di Reggio si inserisce nel tour 2026 del cantautore. Subito dopo, tutti gli sguardi si volgeranno verso lo Stretto: a mezzanotte spazio ai fuochi pirotecnici, uno dei momenti pi\u00f9 attesi dei festeggiamenti civili, per chiudere le &#8220;Notti Reggine&#8221; e il cuore della Festa della Madonna della Consolazione.<\/p>\n","protected":false},"excerpt":{"rendered":"<p>il sindaco Francesco Cannizzaro, attraverso i suoi canali social, ha reso noto il cartellone delle &#8220;Notti Reggine&#8221;, la rassegna di eventi laici legata ai festeggiamenti della Madonna della Consolazione, svelando&hellip;<\/p>\n","protected":false},"author":12,"featured_media":99634,"comment_status":"closed","ping_status":"open","sticky":false,"template":"","format":"standard","meta":{"_jetpack_newsletter_access":"","_jetpack_dont_email_post_to_subs":false,"_jetpack_newsletter_tier_id":0,"_jetpack_memberships_contains_paywalled_content":false,"_jetpack_feature_clip_id":0,"_jetpack_memberships_contains_paid_content":false,"footnotes":"","jetpack_publicize_message":"","jetpack_publicize_feature_enabled":true,"jetpack_social_post_already_shared":true,"jetpack_social_options":{"image_generator_settings":{"template":"highway","default_image_id":0,"font":"","enabled":false},"version":2},"jetpack_post_was_ever_published":false},"categories":[921,150,196,140],"tags":[14944,848,22956,21046,56207,1387,56205,45094,55824,56206],"class_list":["post-99633","post","type-post","status-publish","format-standard","has-post-thumbnail","hentry","category-home","category-in-primo-piano","category-news","category-reggio-calabria","tag-alessandro-mannarino","tag-arena-dello-stretto","tag-benjii-e-fede","tag-feste-mariane","tag-giusy-ferreri","tag-piazza-indipendenza","tag-programma-notti-reggine","tag-sal-da-vinci","tag-sindaco-di-reggio-francesco-cannizzaro","tag-ufficializzazione-calendario-concerti"],"yoast_head":"<!-- This site is optimized with the Yoast SEO plugin v28.3 - https:\/\/yoast.com\/product\/yoast-seo-wordpress\/ -->\n<title>Feste Mariane: ufficializzato il programma &quot;Notti Reggine&quot;<\/title>\n<meta name=\"description\" content=\"Il Sindaco di Reggio, dai social, ufficializza il calendario degli artisti che si esibiranno all&#039;Arena, Piazza Indipendenza e Stazione Lido\" \/>\n<meta name=\"robots\" content=\"index, follow, max-snippet:-1, max-image-preview:large, max-video-preview:-1\" \/>\n<link rel=\"canonical\" href=\"https:\/\/progettotouring.it\/radiotouring104\/2026\/09\/02\/feste-mariane-di-reggio-cannizzaro-annuncia-il-programma-delle-notti-reggine\/\" \/>\n<meta property=\"og:locale\" content=\"it_IT\" \/>\n<meta property=\"og:type\" content=\"article\" \/>\n<meta property=\"og:title\" content=\"Feste Mariane: ufficializzato il programma &quot;Notti Reggine&quot;\" \/>\n<meta property=\"og:description\" content=\"Il Sindaco di Reggio, dai social, ufficializza il calendario degli artisti che si esibiranno all&#039;Arena, Piazza Indipendenza e Stazione Lido\" \/>\n<meta property=\"og:url\" content=\"https:\/\/progettotouring.it\/radiotouring104\/2026\/09\/02\/feste-mariane-di-reggio-cannizzaro-annuncia-il-programma-delle-notti-reggine\/\" \/>\n<meta property=\"og:site_name\" content=\"Radio Touring 104\" \/>\n<meta property=\"article:published_time\" content=\"2026-09-02T07:53:55+00:00\" \/>\n<meta property=\"og:image\" content=\"https:\/\/progettotouring.it\/radiotouring104\/wp-content\/uploads\/sites\/6\/2026\/09\/Programma-Notti-reggine-feste-mariane-2026.png\" \/>\n\t<meta property=\"og:image:width\" content=\"847\" \/>\n\t<meta property=\"og:image:height\" content=\"474\" \/>\n\t<meta property=\"og:image:type\" content=\"image\/png\" \/>\n<meta name=\"author\" content=\"Sebastiano Plutino\" \/>\n<meta name=\"twitter:card\" content=\"summary_large_image\" \/>\n<meta name=\"twitter:label1\" content=\"Scritto da\" \/>\n\t<meta name=\"twitter:data1\" content=\"Sebastiano Plutino\" \/>\n\t<meta name=\"twitter:label2\" content=\"Tempo di lettura stimato\" \/>\n\t<meta name=\"twitter:data2\" content=\"4 minuti\" \/>\n<script type=\"application\/ld+json\" class=\"yoast-schema-graph\">{\"@context\":\"https:\\\/\\\/schema.org\",\"@graph\":[{\"@type\":\"Article\",\"@id\":\"https:\\\/\\\/progettotouring.it\\\/radiotouring104\\\/2026\\\/09\\\/02\\\/feste-mariane-di-reggio-cannizzaro-annuncia-il-programma-delle-notti-reggine\\\/#article\",\"isPartOf\":{\"@id\":\"https:\\\/\\\/progettotouring.it\\\/radiotouring104\\\/2026\\\/09\\\/02\\\/feste-mariane-di-reggio-cannizzaro-annuncia-il-programma-delle-notti-reggine\\\/\"},\"author\":{\"name\":\"Sebastiano Plutino\",\"@id\":\"https:\\\/\\\/progettotouring.it\\\/radiotouring104\\\/#\\\/schema\\\/person\\\/78613917f1851f041f7483f5af1d422e\"},\"headline\":\"Feste Mariane di Reggio: Cannizzaro annuncia il programma delle &#8220;Notti Reggine&#8221;\",\"datePublished\":\"2026-09-02T07:53:55+00:00\",\"mainEntityOfPage\":{\"@id\":\"https:\\\/\\\/progettotouring.it\\\/radiotouring104\\\/2026\\\/09\\\/02\\\/feste-mariane-di-reggio-cannizzaro-annuncia-il-programma-delle-notti-reggine\\\/\"},\"wordCount\":745,\"publisher\":{\"@id\":\"https:\\\/\\\/progettotouring.it\\\/radiotouring104\\\/#organization\"},\"image\":{\"@id\":\"https:\\\/\\\/progettotouring.it\\\/radiotouring104\\\/2026\\\/09\\\/02\\\/feste-mariane-di-reggio-cannizzaro-annuncia-il-programma-delle-notti-reggine\\\/#primaryimage\"},\"thumbnailUrl\":\"https:\\\/\\\/progettotouring.it\\\/radiotouring104\\\/wp-content\\\/uploads\\\/sites\\\/6\\\/2026\\\/09\\\/Programma-Notti-reggine-feste-mariane-2026.png\",\"keywords\":[\"Alessandro Mannarino\",\"Arena dello Stretto\",\"Benjii e Fede\",\"Feste Mariane\",\"Giusy Ferreri\",\"piazza indipendenza\",\"programma Notti Reggine\",\"Sal Da Vinci\",\"Sindaco di Reggio Francesco Cannizzaro\",\"ufficializzazione calendario concerti\"],\"articleSection\":[\"Home\",\"In primo piano\",\"News\",\"Reggio Calabria\"],\"inLanguage\":\"it-IT\"},{\"@type\":\"WebPage\",\"@id\":\"https:\\\/\\\/progettotouring.it\\\/radiotouring104\\\/2026\\\/09\\\/02\\\/feste-mariane-di-reggio-cannizzaro-annuncia-il-programma-delle-notti-reggine\\\/\",\"url\":\"https:\\\/\\\/progettotouring.it\\\/radiotouring104\\\/2026\\\/09\\\/02\\\/feste-mariane-di-reggio-cannizzaro-annuncia-il-programma-delle-notti-reggine\\\/\",\"name\":\"Feste Mariane: ufficializzato il programma \\\"Notti Reggine\\\"\",\"isPartOf\":{\"@id\":\"https:\\\/\\\/progettotouring.it\\\/radiotouring104\\\/#website\"},\"primaryImageOfPage\":{\"@id\":\"https:\\\/\\\/progettotouring.it\\\/radiotouring104\\\/2026\\\/09\\\/02\\\/feste-mariane-di-reggio-cannizzaro-annuncia-il-programma-delle-notti-reggine\\\/#primaryimage\"},\"image\":{\"@id\":\"https:\\\/\\\/progettotouring.it\\\/radiotouring104\\\/2026\\\/09\\\/02\\\/feste-mariane-di-reggio-cannizzaro-annuncia-il-programma-delle-notti-reggine\\\/#primaryimage\"},\"thumbnailUrl\":\"https:\\\/\\\/progettotouring.it\\\/radiotouring104\\\/wp-content\\\/uploads\\\/sites\\\/6\\\/2026\\\/09\\\/Programma-Notti-reggine-feste-mariane-2026.png\",\"datePublished\":\"2026-09-02T07:53:55+00:00\",\"description\":\"Il Sindaco di Reggio, dai social, ufficializza il calendario degli artisti che si esibiranno all'Arena, Piazza Indipendenza e Stazione Lido\",\"breadcrumb\":{\"@id\":\"https:\\\/\\\/progettotouring.it\\\/radiotouring104\\\/2026\\\/09\\\/02\\\/feste-mariane-di-reggio-cannizzaro-annuncia-il-programma-delle-notti-reggine\\\/#breadcrumb\"},\"inLanguage\":\"it-IT\",\"potentialAction\":[{\"@type\":\"ReadAction\",\"target\":[\"https:\\\/\\\/progettotouring.it\\\/radiotouring104\\\/2026\\\/09\\\/02\\\/feste-mariane-di-reggio-cannizzaro-annuncia-il-programma-delle-notti-reggine\\\/\"]}]},{\"@type\":\"ImageObject\",\"inLanguage\":\"it-IT\",\"@id\":\"https:\\\/\\\/progettotouring.it\\\/radiotouring104\\\/2026\\\/09\\\/02\\\/feste-mariane-di-reggio-cannizzaro-annuncia-il-programma-delle-notti-reggine\\\/#primaryimage\",\"url\":\"https:\\\/\\\/progettotouring.it\\\/radiotouring104\\\/wp-content\\\/uploads\\\/sites\\\/6\\\/2026\\\/09\\\/Programma-Notti-reggine-feste-mariane-2026.png\",\"contentUrl\":\"https:\\\/\\\/progettotouring.it\\\/radiotouring104\\\/wp-content\\\/uploads\\\/sites\\\/6\\\/2026\\\/09\\\/Programma-Notti-reggine-feste-mariane-2026.png\",\"width\":847,\"height\":474},{\"@type\":\"BreadcrumbList\",\"@id\":\"https:\\\/\\\/progettotouring.it\\\/radiotouring104\\\/2026\\\/09\\\/02\\\/feste-mariane-di-reggio-cannizzaro-annuncia-il-programma-delle-notti-reggine\\\/#breadcrumb\",\"itemListElement\":[{\"@type\":\"ListItem\",\"position\":1,\"name\":\"Home\",\"item\":\"https:\\\/\\\/progettotouring.it\\\/radiotouring104\\\/\"},{\"@type\":\"ListItem\",\"position\":2,\"name\":\"Feste Mariane di Reggio: Cannizzaro annuncia il programma delle &#8220;Notti Reggine&#8221;\"}]},{\"@type\":\"WebSite\",\"@id\":\"https:\\\/\\\/progettotouring.it\\\/radiotouring104\\\/#website\",\"url\":\"https:\\\/\\\/progettotouring.it\\\/radiotouring104\\\/\",\"name\":\"Radio Touring 104\",\"description\":\"La prima radio Reggina\",\"publisher\":{\"@id\":\"https:\\\/\\\/progettotouring.it\\\/radiotouring104\\\/#organization\"},\"potentialAction\":[{\"@type\":\"SearchAction\",\"target\":{\"@type\":\"EntryPoint\",\"urlTemplate\":\"https:\\\/\\\/progettotouring.it\\\/radiotouring104\\\/?s={search_term_string}\"},\"query-input\":{\"@type\":\"PropertyValueSpecification\",\"valueRequired\":true,\"valueName\":\"search_term_string\"}}],\"inLanguage\":\"it-IT\"},{\"@type\":\"Organization\",\"@id\":\"https:\\\/\\\/progettotouring.it\\\/radiotouring104\\\/#organization\",\"name\":\"Radio Touring 104\",\"url\":\"https:\\\/\\\/progettotouring.it\\\/radiotouring104\\\/\",\"logo\":{\"@type\":\"ImageObject\",\"inLanguage\":\"it-IT\",\"@id\":\"https:\\\/\\\/progettotouring.it\\\/radiotouring104\\\/#\\\/schema\\\/logo\\\/image\\\/\",\"url\":\"https:\\\/\\\/progettotouring.it\\\/radiotouring104\\\/wp-content\\\/uploads\\\/sites\\\/6\\\/2022\\\/02\\\/cropped-logo-radio-touring-104.png\",\"contentUrl\":\"https:\\\/\\\/progettotouring.it\\\/radiotouring104\\\/wp-content\\\/uploads\\\/sites\\\/6\\\/2022\\\/02\\\/cropped-logo-radio-touring-104.png\",\"width\":377,\"height\":182,\"caption\":\"Radio Touring 104\"},\"image\":{\"@id\":\"https:\\\/\\\/progettotouring.it\\\/radiotouring104\\\/#\\\/schema\\\/logo\\\/image\\\/\"}},{\"@type\":\"Person\",\"@id\":\"https:\\\/\\\/progettotouring.it\\\/radiotouring104\\\/#\\\/schema\\\/person\\\/78613917f1851f041f7483f5af1d422e\",\"name\":\"Sebastiano Plutino\",\"image\":{\"@type\":\"ImageObject\",\"inLanguage\":\"it-IT\",\"@id\":\"https:\\\/\\\/secure.gravatar.com\\\/avatar\\\/0546ffaa9b79224faf9f2a156b67a529ae861d3287c66c1d8ccfdf909bcba78d?s=96&d=mm&r=g\",\"url\":\"https:\\\/\\\/secure.gravatar.com\\\/avatar\\\/0546ffaa9b79224faf9f2a156b67a529ae861d3287c66c1d8ccfdf909bcba78d?s=96&d=mm&r=g\",\"contentUrl\":\"https:\\\/\\\/secure.gravatar.com\\\/avatar\\\/0546ffaa9b79224faf9f2a156b67a529ae861d3287c66c1d8ccfdf909bcba78d?s=96&d=mm&r=g\",\"caption\":\"Sebastiano Plutino\"},\"url\":\"https:\\\/\\\/progettotouring.it\\\/radiotouring104\\\/author\\\/sebastiano\\\/\"}]}<\/script>\n<!-- \/ Yoast SEO plugin. -->","yoast_head_json":{"title":"Feste Mariane: ufficializzato il programma \"Notti Reggine\"","description":"Il Sindaco di Reggio, dai social, ufficializza il calendario degli artisti che si esibiranno all'Arena, Piazza Indipendenza e Stazione Lido","robots":{"index":"index","follow":"follow","max-snippet":"max-snippet:-1","max-image-preview":"max-image-preview:large","max-video-preview":"max-video-preview:-1"},"canonical":"https:\/\/progettotouring.it\/radiotouring104\/2026\/09\/02\/feste-mariane-di-reggio-cannizzaro-annuncia-il-programma-delle-notti-reggine\/","og_locale":"it_IT","og_type":"article","og_title":"Feste Mariane: ufficializzato il programma \"Notti Reggine\"","og_description":"Il Sindaco di Reggio, dai social, ufficializza il calendario degli artisti che si esibiranno all'Arena, Piazza Indipendenza e Stazione Lido","og_url":"https:\/\/progettotouring.it\/radiotouring104\/2026\/09\/02\/feste-mariane-di-reggio-cannizzaro-annuncia-il-programma-delle-notti-reggine\/","og_site_name":"Radio Touring 104","article_published_time":"2026-09-02T07:53:55+00:00","og_image":[{"width":847,"height":474,"url":"https:\/\/progettotouring.it\/radiotouring104\/wp-content\/uploads\/sites\/6\/2026\/09\/Programma-Notti-reggine-feste-mariane-2026.png","type":"image\/png"}],"author":"Sebastiano Plutino","twitter_card":"summary_large_image","twitter_misc":{"Scritto da":"Sebastiano Plutino","Tempo di lettura stimato":"4 minuti"},"schema":{"@context":"https:\/\/schema.org","@graph":[{"@type":"Article","@id":"https:\/\/progettotouring.it\/radiotouring104\/2026\/09\/02\/feste-mariane-di-reggio-cannizzaro-annuncia-il-programma-delle-notti-reggine\/#article","isPartOf":{"@id":"https:\/\/progettotouring.it\/radiotouring104\/2026\/09\/02\/feste-mariane-di-reggio-cannizzaro-annuncia-il-programma-delle-notti-reggine\/"},"author":{"name":"Sebastiano Plutino","@id":"https:\/\/progettotouring.it\/radiotouring104\/#\/schema\/person\/78613917f1851f041f7483f5af1d422e"},"headline":"Feste Mariane di Reggio: Cannizzaro annuncia il programma delle &#8220;Notti Reggine&#8221;","datePublished":"2026-09-02T07:53:55+00:00","mainEntityOfPage":{"@id":"https:\/\/progettotouring.it\/radiotouring104\/2026\/09\/02\/feste-mariane-di-reggio-cannizzaro-annuncia-il-programma-delle-notti-reggine\/"},"wordCount":745,"publisher":{"@id":"https:\/\/progettotouring.it\/radiotouring104\/#organization"},"image":{"@id":"https:\/\/progettotouring.it\/radiotouring104\/2026\/09\/02\/feste-mariane-di-reggio-cannizzaro-annuncia-il-programma-delle-notti-reggine\/#primaryimage"},"thumbnailUrl":"https:\/\/progettotouring.it\/radiotouring104\/wp-content\/uploads\/sites\/6\/2026\/09\/Programma-Notti-reggine-feste-mariane-2026.png","keywords":["Alessandro Mannarino","Arena dello Stretto","Benjii e Fede","Feste Mariane","Giusy Ferreri","piazza indipendenza","programma Notti Reggine","Sal Da Vinci","Sindaco di Reggio Francesco Cannizzaro","ufficializzazione calendario concerti"],"articleSection":["Home","In primo piano","News","Reggio Calabria"],"inLanguage":"it-IT"},{"@type":"WebPage","@id":"https:\/\/progettotouring.it\/radiotouring104\/2026\/09\/02\/feste-mariane-di-reggio-cannizzaro-annuncia-il-programma-delle-notti-reggine\/","url":"https:\/\/progettotouring.it\/radiotouring104\/2026\/09\/02\/feste-mariane-di-reggio-cannizzaro-annuncia-il-programma-delle-notti-reggine\/","name":"Feste Mariane: ufficializzato il programma \"Notti Reggine\"","isPartOf":{"@id":"https:\/\/progettotouring.it\/radiotouring104\/#website"},"primaryImageOfPage":{"@id":"https:\/\/progettotouring.it\/radiotouring104\/2026\/09\/02\/feste-mariane-di-reggio-cannizzaro-annuncia-il-programma-delle-notti-reggine\/#primaryimage"},"image":{"@id":"https:\/\/progettotouring.it\/radiotouring104\/2026\/09\/02\/feste-mariane-di-reggio-cannizzaro-annuncia-il-programma-delle-notti-reggine\/#primaryimage"},"thumbnailUrl":"https:\/\/progettotouring.it\/radiotouring104\/wp-content\/uploads\/sites\/6\/2026\/09\/Programma-Notti-reggine-feste-mariane-2026.png","datePublished":"2026-09-02T07:53:55+00:00","description":"Il Sindaco di Reggio, dai social, ufficializza il calendario degli artisti che si esibiranno all'Arena, Piazza Indipendenza e Stazione Lido","breadcrumb":{"@id":"https:\/\/progettotouring.it\/radiotouring104\/2026\/09\/02\/feste-mariane-di-reggio-cannizzaro-annuncia-il-programma-delle-notti-reggine\/#breadcrumb"},"inLanguage":"it-IT","potentialAction":[{"@type":"ReadAction","target":["https:\/\/progettotouring.it\/radiotouring104\/2026\/09\/02\/feste-mariane-di-reggio-cannizzaro-annuncia-il-programma-delle-notti-reggine\/"]}]},{"@type":"ImageObject","inLanguage":"it-IT","@id":"https:\/\/progettotouring.it\/radiotouring104\/2026\/09\/02\/feste-mariane-di-reggio-cannizzaro-annuncia-il-programma-delle-notti-reggine\/#primaryimage","url":"https:\/\/progettotouring.it\/radiotouring104\/wp-content\/uploads\/sites\/6\/2026\/09\/Programma-Notti-reggine-feste-mariane-2026.png","contentUrl":"https:\/\/progettotouring.it\/radiotouring104\/wp-content\/uploads\/sites\/6\/2026\/09\/Programma-Notti-reggine-feste-mariane-2026.png","width":847,"height":474},{"@type":"BreadcrumbList","@id":"https:\/\/progettotouring.it\/radiotouring104\/2026\/09\/02\/feste-mariane-di-reggio-cannizzaro-annuncia-il-programma-delle-notti-reggine\/#breadcrumb","itemListElement":[{"@type":"ListItem","position":1,"name":"Home","item":"https:\/\/progettotouring.it\/radiotouring104\/"},{"@type":"ListItem","position":2,"name":"Feste Mariane di Reggio: Cannizzaro annuncia il programma delle &#8220;Notti Reggine&#8221;"}]},{"@type":"WebSite","@id":"https:\/\/progettotouring.it\/radiotouring104\/#website","url":"https:\/\/progettotouring.it\/radiotouring104\/","name":"Radio Touring 104","description":"La prima radio Reggina","publisher":{"@id":"https:\/\/progettotouring.it\/radiotouring104\/#organization"},"potentialAction":[{"@type":"SearchAction","target":{"@type":"EntryPoint","urlTemplate":"https:\/\/progettotouring.it\/radiotouring104\/?s={search_term_string}"},"query-input":{"@type":"PropertyValueSpecification","valueRequired":true,"valueName":"search_term_string"}}],"inLanguage":"it-IT"},{"@type":"Organization","@id":"https:\/\/progettotouring.it\/radiotouring104\/#organization","name":"Radio Touring 104","url":"https:\/\/progettotouring.it\/radiotouring104\/","logo":{"@type":"ImageObject","inLanguage":"it-IT","@id":"https:\/\/progettotouring.it\/radiotouring104\/#\/schema\/logo\/image\/","url":"https:\/\/progettotouring.it\/radiotouring104\/wp-content\/uploads\/sites\/6\/2022\/02\/cropped-logo-radio-touring-104.png","contentUrl":"https:\/\/progettotouring.it\/radiotouring104\/wp-content\/uploads\/sites\/6\/2022\/02\/cropped-logo-radio-touring-104.png","width":377,"height":182,"caption":"Radio Touring 104"},"image":{"@id":"https:\/\/progettotouring.it\/radiotouring104\/#\/schema\/logo\/image\/"}},{"@type":"Person","@id":"https:\/\/progettotouring.it\/radiotouring104\/#\/schema\/person\/78613917f1851f041f7483f5af1d422e","name":"Sebastiano Plutino","image":{"@type":"ImageObject","inLanguage":"it-IT","@id":"https:\/\/secure.gravatar.com\/avatar\/0546ffaa9b79224faf9f2a156b67a529ae861d3287c66c1d8ccfdf909bcba78d?s=96&d=mm&r=g","url":"https:\/\/secure.gravatar.com\/avatar\/0546ffaa9b79224faf9f2a156b67a529ae861d3287c66c1d8ccfdf909bcba78d?s=96&d=mm&r=g","contentUrl":"https:\/\/secure.gravatar.com\/avatar\/0546ffaa9b79224faf9f2a156b67a529ae861d3287c66c1d8ccfdf909bcba78d?s=96&d=mm&r=g","caption":"Sebastiano Plutino"},"url":"https:\/\/progettotouring.it\/radiotouring104\/author\/sebastiano\/"}]}},"jetpack_publicize_connections":[],"jetpack_sharing_enabled":true,"jetpack_featured_media_url":"https:\/\/progettotouring.it\/radiotouring104\/wp-content\/uploads\/sites\/6\/2026\/09\/Programma-Notti-reggine-feste-mariane-2026.png","_links":{"self":[{"href":"https:\/\/progettotouring.it\/radiotouring104\/wp-json\/wp\/v2\/posts\/99633","targetHints":{"allow":["GET"]}}],"collection":[{"href":"https:\/\/progettotouring.it\/radiotouring104\/wp-json\/wp\/v2\/posts"}],"about":[{"href":"https:\/\/progettotouring.it\/radiotouring104\/wp-json\/wp\/v2\/types\/post"}],"author":[{"embeddable":true,"href":"https:\/\/progettotouring.it\/radiotouring104\/wp-json\/wp\/v2\/users\/12"}],"replies":[{"embeddable":true,"href":"https:\/\/progettotouring.it\/radiotouring104\/wp-json\/wp\/v2\/comments?post=99633"}],"version-history":[{"count":1,"href":"https:\/\/progettotouring.it\/radiotouring104\/wp-json\/wp\/v2\/posts\/99633\/revisions"}],"predecessor-version":[{"id":99635,"href":"https:\/\/progettotouring.it\/radiotouring104\/wp-json\/wp\/v2\/posts\/99633\/revisions\/99635"}],"wp:featuredmedia":[{"embeddable":true,"href":"https:\/\/progettotouring.it\/radiotouring104\/wp-json\/wp\/v2\/media\/99634"}],"wp:attachment":[{"href":"https:\/\/progettotouring.it\/radiotouring104\/wp-json\/wp\/v2\/media?parent=99633"}],"wp:term":[{"taxonomy":"category","embeddable":true,"href":"https:\/\/progettotouring.it\/radiotouring104\/wp-json\/wp\/v2\/categories?post=99633"},{"taxonomy":"post_tag","embeddable":true,"href":"https:\/\/progettotouring.it\/radiotouring104\/wp-json\/wp\/v2\/tags?post=99633"}],"curies":[{"name":"wp","href":"https:\/\/api.w.org\/{rel}","templated":true}]}}