{"id":99636,"date":"2026-09-02T10:26:57","date_gmt":"2026-09-02T08:26:57","guid":{"rendered":"https:\/\/progettotouring.it\/radiotouring104\/?p=99636"},"modified":"2026-09-02T10:26:57","modified_gmt":"2026-09-02T08:26:57","slug":"aereoporto-dello-stretto-ryanair-cancella-quasi-tutte-le-rotte-estere-restera-solo-barcellona","status":"publish","type":"post","link":"https:\/\/progettotouring.it\/radiotouring104\/2026\/09\/02\/aereoporto-dello-stretto-ryanair-cancella-quasi-tutte-le-rotte-estere-restera-solo-barcellona\/","title":{"rendered":"Aereoporto dello Stretto: Ryanair cancella quasi tutte le rotte estere, rester\u00e0 solo Barcellona"},"content":{"rendered":"<p>Tito Minniti, paradosso d&#8217;estate: aerei strapieni ma da novembre l&#8217;Europa di Ryanair scompare.<\/p>\n<p>Luglio sfiora quota 96mila passeggeri, internazionale all&#8217;88% e Berlino al 93%, eppure nella winter rester\u00e0 solo Barcellona. Per oltre due anni la rinascita del Tito Minniti ha significato anche uscire dal perimetro nazionale. Lo sbarco di Ryanair nell&#8217;aprile 2024 aveva segnato una svolta per l&#8217;aeroporto dello Stretto, ricollocando Reggio Calabria nel circuito delle grandi rotte europee e ribaltando l&#8217;immagine dello scalo.<\/p>\n<p>Berlino, Bruxelles, Londra, Parigi e Katowice erano diventate l&#8217;emblema pi\u00f9 visibile di questo cambio di passo. Adesso, proprio mentre gli aerei continuano a volare ad altissimo riempimento, quella proiezione internazionale \u00e8 destinata a contrarsi in modo drastico.Con l&#8217;entrata in vigore dell&#8217;orario invernale 2026-2027, Ryanair manterr\u00e0 infatti da Reggio un&#8217;unica direttrice estera, Barcellona, mentre Berlino Brandeburgo, Bruxelles Charleroi, Katowice, Londra Stansted e Parigi Beauvais verranno sospese tra il 22 e il 24 ottobre. Sul network domestico la musica \u00e8 completamente diversa: restano operative Bologna, Milano Malpensa, Parma, Pisa, Torino e Venezia, con l&#8217;aggiunta del giornaliero per Milano Bergamo.<\/p>\n<p>Ed \u00e8 proprio in questo scarto, tra un nazionale che tiene e un internazionale che quasi si azzera nella stagione fredda, che i numeri di luglio assumono un valore ancora pi\u00f9 rivelatore.A luglio il Tito Minniti ha consuntivato 95.549 passeggeri commerciali, 95.850 se si include anche l&#8217;aviazione generale, in crescita dell&#8217;1,9% rispetto allo stesso mese del 2025. I movimenti sono stati 616, in calo del 2,1%, con una media di 155 passeggeri a volo e un riempimento complessivo dell&#8217;86%. Ancora pi\u00f9 indicativo il dato relativo ai soli voli internazionali Ryanair, che hanno registrato un load factor medio dell&#8217;88%.<\/p>\n<p>Il domestico si conferma il motore dello scalo, con 78.304 passeggeri e un incremento del 10,5%, mentre l&#8217;estero si ferma a 17.245, in diminuzione del 24,8% su luglio dello scorso anno. Quest&#8217;ultimo valore, tuttavia, va interpretato insieme ai coefficienti di occupazione: se il totale dei viaggiatori internazionali scende ma gli aeromobili continuano a viaggiare con una media dell&#8217;88% di posti occupati, la contrazione non pu\u00f2 essere liquidata come un calo di interesse del mercato. Il volume di passeggeri dipende anche dall&#8217;offerta, da quanti voli e frequenze vengono programmati, mentre il load factor indica quanta parte dei posti messi in vendita viene effettivamente utilizzata.<\/p>\n<p>L&#8217;esempio pi\u00f9 eclatante \u00e8 Berlino Brandeburgo, che a luglio ha movimentato 3.152 passeggeri su 3.402 posti disponibili, con un riempimento del 93%. Non un exploit isolato, considerato che gi\u00e0 a luglio 2025 la stessa rotta aveva toccato il 92%. Per due estati consecutive, dunque, il collegamento con la capitale tedesca ha viaggiato con oltre nove posti su dieci venduti, eppure sar\u00e0 tra quelli cancellati con la winter. Anche Londra Stansted offre indicazioni interessanti. A giugno aveva trasportato 2.452 passeggeri su 3.024 posti disponibili, con un load factor dell&#8217;81%, in crescita rispetto al 76% di giugno 2025. A luglio il tasso \u00e8 salito ulteriormente fino all&#8217;86%.<\/p>\n<p>Allargando lo sguardo, ad aprile l&#8217;intero network Ryanair da Reggio aveva totalizzato 61.342 passeggeri su 70.686 posti in offerta, con un riempimento medio dell&#8217;87%; il solo segmento internazionale era all&#8217;83%, con 16.144 passeggeri su 19.467 posti disponibili. Numeri che non descrivono affatto un internazionale incapace di intercettare domanda. Ci\u00f2 non significa, naturalmente, che un volo pieno corrisponda automaticamente a una rotta profittevole. Le strategie dei vettori dipendono da yield medio, ricavi ancillari, costi operativi, tempi di volo, rotazioni di flotta e opportunit\u00e0 di impiegare gli stessi aeromobili in modo pi\u00f9 remunerativo su altri mercati. Un collegamento al 90% pu\u00f2 rendere meno di uno con un coefficiente pi\u00f9 basso e sarebbe semplicistico affermare che una rotta debba essere confermata solo perch\u00e9 viaggia quasi piena.<\/p>\n<p>Allo stesso tempo, per\u00f2, i dati disponibili rendono difficile spiegare il taglio cos\u00ec netto dell&#8217;internazionale reggino come semplice conseguenza di una domanda insufficiente.La questione riguarda piuttosto la fisionomia che il Tito Minniti sta assumendo dopo la fase di crescita pi\u00f9 accelerata. Nei primi sette mesi del 2026 lo scalo ha gestito 567.898 passeggeri, appena lo 0,5% in meno rispetto allo stesso periodo dell&#8217;anno precedente. Una sostanziale tenuta dopo il forte balzo seguito all&#8217;arrivo di Ryanair, che inaugura ora una fase differente: comprendere quali collegamenti siano destinati a radicarsi e quale spazio continuer\u00e0 ad avere l&#8217;estero. Il nazionale, al momento, appare la componente pi\u00f9 solida e per il periodo natalizio \u00e8 previsto anche un potenziamento delle frequenze su diverse direttrici. L&#8217;internazionale imbocca invece la strada opposta: dopo due anni in cui Reggio aveva costruito un network europeo ben pi\u00f9 ampio che in passato, la Winter 2026-2027 ridurr\u00e0 l&#8217;offerta Ryanair alla sola Barcellona.<\/p>\n<p>Una scelta che potrebbe essere legata alla stagionalit\u00e0 e non esclude un rientro di alcune destinazioni nella summer successiva, ma che segna comunque una netta discontinuit\u00e0 rispetto alla fase precedente.Ed \u00e8 un passaggio che va ben oltre le mere statistiche aeroportuali. Un collegamento diretto con Berlino, Londra, Bruxelles o Parigi vuol dire rendere Reggio e il suo territorio pi\u00f9 facilmente raggiungibili dall&#8217;estero, attrarre flussi turistici senza passare obbligatoriamente da altri scali e semplificare gli spostamenti delle comunit\u00e0 calabresi che vivono fuori dall&#8217;Italia. Il network internazionale aveva dato al rilancio del Tito Minniti una valenza che andava ben oltre il semplice aumento dei passeggeri totali, trasformando l&#8217;aeroporto anche in un varco diretto verso l&#8217;Europa.<\/p>\n<p>Per questo la fotografia di luglio e quella del prossimo inverno appaiono in forte contrasto. Da un lato uno scalo che sfiora i 96mila passeggeri in un solo mese, con gli internazionali Ryanair mediamente pieni all&#8217;88% e Berlino al 93%; dall&#8217;altro una programmazione che, da novembre, conserver\u00e0 una sola meta estera del vettore irlandese. Dopo la stagione dell&#8217;espansione e delle nuove rotte, per il Tito Minniti si apre quindi una fase nuova, in cui il vero nodo sar\u00e0 capire se la dimensione internazionale conquistata negli ultimi due anni riuscir\u00e0 a consolidarsi o se finir\u00e0 per ridursi a componente prevalentemente stagionale di uno scalo sempre pi\u00f9 orientato verso il traffico nazionale.<\/p>\n","protected":false},"excerpt":{"rendered":"<p>Tito Minniti, paradosso d&#8217;estate: aerei strapieni ma da novembre l&#8217;Europa di Ryanair scompare. Luglio sfiora quota 96mila passeggeri, internazionale all&#8217;88% e Berlino al 93%, eppure nella winter rester\u00e0 solo Barcellona.&hellip;<\/p>\n","protected":false},"author":12,"featured_media":80606,"comment_status":"closed","ping_status":"open","sticky":false,"template":"","format":"standard","meta":{"_jetpack_newsletter_access":"","_jetpack_dont_email_post_to_subs":false,"_jetpack_newsletter_tier_id":0,"_jetpack_memberships_contains_paywalled_content":false,"_jetpack_feature_clip_id":0,"_jetpack_memberships_contains_paid_content":false,"footnotes":"","jetpack_publicize_message":"","jetpack_publicize_feature_enabled":true,"jetpack_social_post_already_shared":true,"jetpack_social_options":{"image_generator_settings":{"template":"highway","default_image_id":0,"font":"","enabled":false},"version":2},"jetpack_post_was_ever_published":false},"categories":[921,150,196,140],"tags":[52525,56210,56208,56209,15601],"class_list":["post-99636","post","type-post","status-publish","format-standard","has-post-thumbnail","hentry","category-home","category-in-primo-piano","category-news","category-reggio-calabria","tag-aeroporto-dello-stretto-tito-minniti","tag-aumentano-i-numeri-di-arrivi-partenze","tag-cancellazione-tratte-estere","tag-restera-solo-barcellona","tag-ryanair"],"yoast_head":"<!-- This site is optimized with the Yoast SEO plugin v28.3 - https:\/\/yoast.com\/product\/yoast-seo-wordpress\/ -->\n<title>&quot;Tito Minniti&quot;: Ryanair cancella le tratte estere dall&#039;inverno<\/title>\n<meta name=\"description\" content=\"La Compagnia area ridimensiona radicalmente il numero delle tratte nello scalo reggino, dall&#039;inverno: rester\u00e0 solo Barcellona\" \/>\n<meta name=\"robots\" content=\"index, follow, max-snippet:-1, max-image-preview:large, max-video-preview:-1\" \/>\n<link rel=\"canonical\" href=\"https:\/\/progettotouring.it\/radiotouring104\/2026\/09\/02\/aereoporto-dello-stretto-ryanair-cancella-quasi-tutte-le-rotte-estere-restera-solo-barcellona\/\" \/>\n<meta property=\"og:locale\" content=\"it_IT\" \/>\n<meta property=\"og:type\" content=\"article\" \/>\n<meta property=\"og:title\" content=\"&quot;Tito Minniti&quot;: Ryanair cancella le tratte estere dall&#039;inverno\" \/>\n<meta property=\"og:description\" content=\"La Compagnia area ridimensiona radicalmente il numero delle tratte nello scalo reggino, dall&#039;inverno: rester\u00e0 solo Barcellona\" \/>\n<meta property=\"og:url\" content=\"https:\/\/progettotouring.it\/radiotouring104\/2026\/09\/02\/aereoporto-dello-stretto-ryanair-cancella-quasi-tutte-le-rotte-estere-restera-solo-barcellona\/\" \/>\n<meta property=\"og:site_name\" content=\"Radio Touring 104\" \/>\n<meta property=\"article:published_time\" content=\"2026-09-02T08:26:57+00:00\" \/>\n<meta property=\"og:image\" content=\"https:\/\/progettotouring.it\/radiotouring104\/wp-content\/uploads\/sites\/6\/2025\/09\/Aeroporto-dello-Stretto-Tito-Minniti.jpg\" \/>\n\t<meta property=\"og:image:width\" content=\"1920\" \/>\n\t<meta property=\"og:image:height\" content=\"993\" \/>\n\t<meta property=\"og:image:type\" content=\"image\/jpeg\" \/>\n<meta name=\"author\" content=\"Sebastiano Plutino\" \/>\n<meta name=\"twitter:card\" content=\"summary_large_image\" \/>\n<meta name=\"twitter:label1\" content=\"Scritto da\" \/>\n\t<meta name=\"twitter:data1\" content=\"Sebastiano Plutino\" \/>\n\t<meta name=\"twitter:label2\" content=\"Tempo di lettura stimato\" \/>\n\t<meta name=\"twitter:data2\" content=\"5 minuti\" \/>\n<script type=\"application\/ld+json\" class=\"yoast-schema-graph\">{\"@context\":\"https:\\\/\\\/schema.org\",\"@graph\":[{\"@type\":\"Article\",\"@id\":\"https:\\\/\\\/progettotouring.it\\\/radiotouring104\\\/2026\\\/09\\\/02\\\/aereoporto-dello-stretto-ryanair-cancella-quasi-tutte-le-rotte-estere-restera-solo-barcellona\\\/#article\",\"isPartOf\":{\"@id\":\"https:\\\/\\\/progettotouring.it\\\/radiotouring104\\\/2026\\\/09\\\/02\\\/aereoporto-dello-stretto-ryanair-cancella-quasi-tutte-le-rotte-estere-restera-solo-barcellona\\\/\"},\"author\":{\"name\":\"Sebastiano Plutino\",\"@id\":\"https:\\\/\\\/progettotouring.it\\\/radiotouring104\\\/#\\\/schema\\\/person\\\/78613917f1851f041f7483f5af1d422e\"},\"headline\":\"Aereoporto dello Stretto: Ryanair cancella quasi tutte le rotte estere, rester\u00e0 solo Barcellona\",\"datePublished\":\"2026-09-02T08:26:57+00:00\",\"mainEntityOfPage\":{\"@id\":\"https:\\\/\\\/progettotouring.it\\\/radiotouring104\\\/2026\\\/09\\\/02\\\/aereoporto-dello-stretto-ryanair-cancella-quasi-tutte-le-rotte-estere-restera-solo-barcellona\\\/\"},\"wordCount\":952,\"publisher\":{\"@id\":\"https:\\\/\\\/progettotouring.it\\\/radiotouring104\\\/#organization\"},\"image\":{\"@id\":\"https:\\\/\\\/progettotouring.it\\\/radiotouring104\\\/2026\\\/09\\\/02\\\/aereoporto-dello-stretto-ryanair-cancella-quasi-tutte-le-rotte-estere-restera-solo-barcellona\\\/#primaryimage\"},\"thumbnailUrl\":\"https:\\\/\\\/progettotouring.it\\\/radiotouring104\\\/wp-content\\\/uploads\\\/sites\\\/6\\\/2025\\\/09\\\/Aeroporto-dello-Stretto-Tito-Minniti.jpg\",\"keywords\":[\"Aeroporto dello Stretto Tito Minniti\",\"aumentano i numeri di arrivi partenze\",\"cancellazione tratte estere\",\"rester\u00e0 solo barcellona\",\"Ryanair\"],\"articleSection\":[\"Home\",\"In primo piano\",\"News\",\"Reggio Calabria\"],\"inLanguage\":\"it-IT\"},{\"@type\":\"WebPage\",\"@id\":\"https:\\\/\\\/progettotouring.it\\\/radiotouring104\\\/2026\\\/09\\\/02\\\/aereoporto-dello-stretto-ryanair-cancella-quasi-tutte-le-rotte-estere-restera-solo-barcellona\\\/\",\"url\":\"https:\\\/\\\/progettotouring.it\\\/radiotouring104\\\/2026\\\/09\\\/02\\\/aereoporto-dello-stretto-ryanair-cancella-quasi-tutte-le-rotte-estere-restera-solo-barcellona\\\/\",\"name\":\"\\\"Tito Minniti\\\": Ryanair cancella le tratte estere dall'inverno\",\"isPartOf\":{\"@id\":\"https:\\\/\\\/progettotouring.it\\\/radiotouring104\\\/#website\"},\"primaryImageOfPage\":{\"@id\":\"https:\\\/\\\/progettotouring.it\\\/radiotouring104\\\/2026\\\/09\\\/02\\\/aereoporto-dello-stretto-ryanair-cancella-quasi-tutte-le-rotte-estere-restera-solo-barcellona\\\/#primaryimage\"},\"image\":{\"@id\":\"https:\\\/\\\/progettotouring.it\\\/radiotouring104\\\/2026\\\/09\\\/02\\\/aereoporto-dello-stretto-ryanair-cancella-quasi-tutte-le-rotte-estere-restera-solo-barcellona\\\/#primaryimage\"},\"thumbnailUrl\":\"https:\\\/\\\/progettotouring.it\\\/radiotouring104\\\/wp-content\\\/uploads\\\/sites\\\/6\\\/2025\\\/09\\\/Aeroporto-dello-Stretto-Tito-Minniti.jpg\",\"datePublished\":\"2026-09-02T08:26:57+00:00\",\"description\":\"La Compagnia area ridimensiona radicalmente il numero delle tratte nello scalo reggino, dall'inverno: rester\u00e0 solo Barcellona\",\"breadcrumb\":{\"@id\":\"https:\\\/\\\/progettotouring.it\\\/radiotouring104\\\/2026\\\/09\\\/02\\\/aereoporto-dello-stretto-ryanair-cancella-quasi-tutte-le-rotte-estere-restera-solo-barcellona\\\/#breadcrumb\"},\"inLanguage\":\"it-IT\",\"potentialAction\":[{\"@type\":\"ReadAction\",\"target\":[\"https:\\\/\\\/progettotouring.it\\\/radiotouring104\\\/2026\\\/09\\\/02\\\/aereoporto-dello-stretto-ryanair-cancella-quasi-tutte-le-rotte-estere-restera-solo-barcellona\\\/\"]}]},{\"@type\":\"ImageObject\",\"inLanguage\":\"it-IT\",\"@id\":\"https:\\\/\\\/progettotouring.it\\\/radiotouring104\\\/2026\\\/09\\\/02\\\/aereoporto-dello-stretto-ryanair-cancella-quasi-tutte-le-rotte-estere-restera-solo-barcellona\\\/#primaryimage\",\"url\":\"https:\\\/\\\/progettotouring.it\\\/radiotouring104\\\/wp-content\\\/uploads\\\/sites\\\/6\\\/2025\\\/09\\\/Aeroporto-dello-Stretto-Tito-Minniti.jpg\",\"contentUrl\":\"https:\\\/\\\/progettotouring.it\\\/radiotouring104\\\/wp-content\\\/uploads\\\/sites\\\/6\\\/2025\\\/09\\\/Aeroporto-dello-Stretto-Tito-Minniti.jpg\",\"width\":1920,\"height\":993},{\"@type\":\"BreadcrumbList\",\"@id\":\"https:\\\/\\\/progettotouring.it\\\/radiotouring104\\\/2026\\\/09\\\/02\\\/aereoporto-dello-stretto-ryanair-cancella-quasi-tutte-le-rotte-estere-restera-solo-barcellona\\\/#breadcrumb\",\"itemListElement\":[{\"@type\":\"ListItem\",\"position\":1,\"name\":\"Home\",\"item\":\"https:\\\/\\\/progettotouring.it\\\/radiotouring104\\\/\"},{\"@type\":\"ListItem\",\"position\":2,\"name\":\"Aereoporto dello Stretto: Ryanair cancella quasi tutte le rotte estere, rester\u00e0 solo Barcellona\"}]},{\"@type\":\"WebSite\",\"@id\":\"https:\\\/\\\/progettotouring.it\\\/radiotouring104\\\/#website\",\"url\":\"https:\\\/\\\/progettotouring.it\\\/radiotouring104\\\/\",\"name\":\"Radio Touring 104\",\"description\":\"La prima radio Reggina\",\"publisher\":{\"@id\":\"https:\\\/\\\/progettotouring.it\\\/radiotouring104\\\/#organization\"},\"potentialAction\":[{\"@type\":\"SearchAction\",\"target\":{\"@type\":\"EntryPoint\",\"urlTemplate\":\"https:\\\/\\\/progettotouring.it\\\/radiotouring104\\\/?s={search_term_string}\"},\"query-input\":{\"@type\":\"PropertyValueSpecification\",\"valueRequired\":true,\"valueName\":\"search_term_string\"}}],\"inLanguage\":\"it-IT\"},{\"@type\":\"Organization\",\"@id\":\"https:\\\/\\\/progettotouring.it\\\/radiotouring104\\\/#organization\",\"name\":\"Radio Touring 104\",\"url\":\"https:\\\/\\\/progettotouring.it\\\/radiotouring104\\\/\",\"logo\":{\"@type\":\"ImageObject\",\"inLanguage\":\"it-IT\",\"@id\":\"https:\\\/\\\/progettotouring.it\\\/radiotouring104\\\/#\\\/schema\\\/logo\\\/image\\\/\",\"url\":\"https:\\\/\\\/progettotouring.it\\\/radiotouring104\\\/wp-content\\\/uploads\\\/sites\\\/6\\\/2022\\\/02\\\/cropped-logo-radio-touring-104.png\",\"contentUrl\":\"https:\\\/\\\/progettotouring.it\\\/radiotouring104\\\/wp-content\\\/uploads\\\/sites\\\/6\\\/2022\\\/02\\\/cropped-logo-radio-touring-104.png\",\"width\":377,\"height\":182,\"caption\":\"Radio Touring 104\"},\"image\":{\"@id\":\"https:\\\/\\\/progettotouring.it\\\/radiotouring104\\\/#\\\/schema\\\/logo\\\/image\\\/\"}},{\"@type\":\"Person\",\"@id\":\"https:\\\/\\\/progettotouring.it\\\/radiotouring104\\\/#\\\/schema\\\/person\\\/78613917f1851f041f7483f5af1d422e\",\"name\":\"Sebastiano Plutino\",\"image\":{\"@type\":\"ImageObject\",\"inLanguage\":\"it-IT\",\"@id\":\"https:\\\/\\\/secure.gravatar.com\\\/avatar\\\/0546ffaa9b79224faf9f2a156b67a529ae861d3287c66c1d8ccfdf909bcba78d?s=96&d=mm&r=g\",\"url\":\"https:\\\/\\\/secure.gravatar.com\\\/avatar\\\/0546ffaa9b79224faf9f2a156b67a529ae861d3287c66c1d8ccfdf909bcba78d?s=96&d=mm&r=g\",\"contentUrl\":\"https:\\\/\\\/secure.gravatar.com\\\/avatar\\\/0546ffaa9b79224faf9f2a156b67a529ae861d3287c66c1d8ccfdf909bcba78d?s=96&d=mm&r=g\",\"caption\":\"Sebastiano Plutino\"},\"url\":\"https:\\\/\\\/progettotouring.it\\\/radiotouring104\\\/author\\\/sebastiano\\\/\"}]}<\/script>\n<!-- \/ Yoast SEO plugin. -->","yoast_head_json":{"title":"\"Tito Minniti\": Ryanair cancella le tratte estere dall'inverno","description":"La Compagnia area ridimensiona radicalmente il numero delle tratte nello scalo reggino, dall'inverno: rester\u00e0 solo Barcellona","robots":{"index":"index","follow":"follow","max-snippet":"max-snippet:-1","max-image-preview":"max-image-preview:large","max-video-preview":"max-video-preview:-1"},"canonical":"https:\/\/progettotouring.it\/radiotouring104\/2026\/09\/02\/aereoporto-dello-stretto-ryanair-cancella-quasi-tutte-le-rotte-estere-restera-solo-barcellona\/","og_locale":"it_IT","og_type":"article","og_title":"\"Tito Minniti\": Ryanair cancella le tratte estere dall'inverno","og_description":"La Compagnia area ridimensiona radicalmente il numero delle tratte nello scalo reggino, dall'inverno: rester\u00e0 solo Barcellona","og_url":"https:\/\/progettotouring.it\/radiotouring104\/2026\/09\/02\/aereoporto-dello-stretto-ryanair-cancella-quasi-tutte-le-rotte-estere-restera-solo-barcellona\/","og_site_name":"Radio Touring 104","article_published_time":"2026-09-02T08:26:57+00:00","og_image":[{"width":1920,"height":993,"url":"https:\/\/progettotouring.it\/radiotouring104\/wp-content\/uploads\/sites\/6\/2025\/09\/Aeroporto-dello-Stretto-Tito-Minniti.jpg","type":"image\/jpeg"}],"author":"Sebastiano Plutino","twitter_card":"summary_large_image","twitter_misc":{"Scritto da":"Sebastiano Plutino","Tempo di lettura stimato":"5 minuti"},"schema":{"@context":"https:\/\/schema.org","@graph":[{"@type":"Article","@id":"https:\/\/progettotouring.it\/radiotouring104\/2026\/09\/02\/aereoporto-dello-stretto-ryanair-cancella-quasi-tutte-le-rotte-estere-restera-solo-barcellona\/#article","isPartOf":{"@id":"https:\/\/progettotouring.it\/radiotouring104\/2026\/09\/02\/aereoporto-dello-stretto-ryanair-cancella-quasi-tutte-le-rotte-estere-restera-solo-barcellona\/"},"author":{"name":"Sebastiano Plutino","@id":"https:\/\/progettotouring.it\/radiotouring104\/#\/schema\/person\/78613917f1851f041f7483f5af1d422e"},"headline":"Aereoporto dello Stretto: Ryanair cancella quasi tutte le rotte estere, rester\u00e0 solo Barcellona","datePublished":"2026-09-02T08:26:57+00:00","mainEntityOfPage":{"@id":"https:\/\/progettotouring.it\/radiotouring104\/2026\/09\/02\/aereoporto-dello-stretto-ryanair-cancella-quasi-tutte-le-rotte-estere-restera-solo-barcellona\/"},"wordCount":952,"publisher":{"@id":"https:\/\/progettotouring.it\/radiotouring104\/#organization"},"image":{"@id":"https:\/\/progettotouring.it\/radiotouring104\/2026\/09\/02\/aereoporto-dello-stretto-ryanair-cancella-quasi-tutte-le-rotte-estere-restera-solo-barcellona\/#primaryimage"},"thumbnailUrl":"https:\/\/progettotouring.it\/radiotouring104\/wp-content\/uploads\/sites\/6\/2025\/09\/Aeroporto-dello-Stretto-Tito-Minniti.jpg","keywords":["Aeroporto dello Stretto Tito Minniti","aumentano i numeri di arrivi partenze","cancellazione tratte estere","rester\u00e0 solo barcellona","Ryanair"],"articleSection":["Home","In primo piano","News","Reggio Calabria"],"inLanguage":"it-IT"},{"@type":"WebPage","@id":"https:\/\/progettotouring.it\/radiotouring104\/2026\/09\/02\/aereoporto-dello-stretto-ryanair-cancella-quasi-tutte-le-rotte-estere-restera-solo-barcellona\/","url":"https:\/\/progettotouring.it\/radiotouring104\/2026\/09\/02\/aereoporto-dello-stretto-ryanair-cancella-quasi-tutte-le-rotte-estere-restera-solo-barcellona\/","name":"\"Tito Minniti\": Ryanair cancella le tratte estere dall'inverno","isPartOf":{"@id":"https:\/\/progettotouring.it\/radiotouring104\/#website"},"primaryImageOfPage":{"@id":"https:\/\/progettotouring.it\/radiotouring104\/2026\/09\/02\/aereoporto-dello-stretto-ryanair-cancella-quasi-tutte-le-rotte-estere-restera-solo-barcellona\/#primaryimage"},"image":{"@id":"https:\/\/progettotouring.it\/radiotouring104\/2026\/09\/02\/aereoporto-dello-stretto-ryanair-cancella-quasi-tutte-le-rotte-estere-restera-solo-barcellona\/#primaryimage"},"thumbnailUrl":"https:\/\/progettotouring.it\/radiotouring104\/wp-content\/uploads\/sites\/6\/2025\/09\/Aeroporto-dello-Stretto-Tito-Minniti.jpg","datePublished":"2026-09-02T08:26:57+00:00","description":"La Compagnia area ridimensiona radicalmente il numero delle tratte nello scalo reggino, dall'inverno: rester\u00e0 solo Barcellona","breadcrumb":{"@id":"https:\/\/progettotouring.it\/radiotouring104\/2026\/09\/02\/aereoporto-dello-stretto-ryanair-cancella-quasi-tutte-le-rotte-estere-restera-solo-barcellona\/#breadcrumb"},"inLanguage":"it-IT","potentialAction":[{"@type":"ReadAction","target":["https:\/\/progettotouring.it\/radiotouring104\/2026\/09\/02\/aereoporto-dello-stretto-ryanair-cancella-quasi-tutte-le-rotte-estere-restera-solo-barcellona\/"]}]},{"@type":"ImageObject","inLanguage":"it-IT","@id":"https:\/\/progettotouring.it\/radiotouring104\/2026\/09\/02\/aereoporto-dello-stretto-ryanair-cancella-quasi-tutte-le-rotte-estere-restera-solo-barcellona\/#primaryimage","url":"https:\/\/progettotouring.it\/radiotouring104\/wp-content\/uploads\/sites\/6\/2025\/09\/Aeroporto-dello-Stretto-Tito-Minniti.jpg","contentUrl":"https:\/\/progettotouring.it\/radiotouring104\/wp-content\/uploads\/sites\/6\/2025\/09\/Aeroporto-dello-Stretto-Tito-Minniti.jpg","width":1920,"height":993},{"@type":"BreadcrumbList","@id":"https:\/\/progettotouring.it\/radiotouring104\/2026\/09\/02\/aereoporto-dello-stretto-ryanair-cancella-quasi-tutte-le-rotte-estere-restera-solo-barcellona\/#breadcrumb","itemListElement":[{"@type":"ListItem","position":1,"name":"Home","item":"https:\/\/progettotouring.it\/radiotouring104\/"},{"@type":"ListItem","position":2,"name":"Aereoporto dello Stretto: Ryanair cancella quasi tutte le rotte estere, rester\u00e0 solo Barcellona"}]},{"@type":"WebSite","@id":"https:\/\/progettotouring.it\/radiotouring104\/#website","url":"https:\/\/progettotouring.it\/radiotouring104\/","name":"Radio Touring 104","description":"La prima radio Reggina","publisher":{"@id":"https:\/\/progettotouring.it\/radiotouring104\/#organization"},"potentialAction":[{"@type":"SearchAction","target":{"@type":"EntryPoint","urlTemplate":"https:\/\/progettotouring.it\/radiotouring104\/?s={search_term_string}"},"query-input":{"@type":"PropertyValueSpecification","valueRequired":true,"valueName":"search_term_string"}}],"inLanguage":"it-IT"},{"@type":"Organization","@id":"https:\/\/progettotouring.it\/radiotouring104\/#organization","name":"Radio Touring 104","url":"https:\/\/progettotouring.it\/radiotouring104\/","logo":{"@type":"ImageObject","inLanguage":"it-IT","@id":"https:\/\/progettotouring.it\/radiotouring104\/#\/schema\/logo\/image\/","url":"https:\/\/progettotouring.it\/radiotouring104\/wp-content\/uploads\/sites\/6\/2022\/02\/cropped-logo-radio-touring-104.png","contentUrl":"https:\/\/progettotouring.it\/radiotouring104\/wp-content\/uploads\/sites\/6\/2022\/02\/cropped-logo-radio-touring-104.png","width":377,"height":182,"caption":"Radio Touring 104"},"image":{"@id":"https:\/\/progettotouring.it\/radiotouring104\/#\/schema\/logo\/image\/"}},{"@type":"Person","@id":"https:\/\/progettotouring.it\/radiotouring104\/#\/schema\/person\/78613917f1851f041f7483f5af1d422e","name":"Sebastiano Plutino","image":{"@type":"ImageObject","inLanguage":"it-IT","@id":"https:\/\/secure.gravatar.com\/avatar\/0546ffaa9b79224faf9f2a156b67a529ae861d3287c66c1d8ccfdf909bcba78d?s=96&d=mm&r=g","url":"https:\/\/secure.gravatar.com\/avatar\/0546ffaa9b79224faf9f2a156b67a529ae861d3287c66c1d8ccfdf909bcba78d?s=96&d=mm&r=g","contentUrl":"https:\/\/secure.gravatar.com\/avatar\/0546ffaa9b79224faf9f2a156b67a529ae861d3287c66c1d8ccfdf909bcba78d?s=96&d=mm&r=g","caption":"Sebastiano Plutino"},"url":"https:\/\/progettotouring.it\/radiotouring104\/author\/sebastiano\/"}]}},"jetpack_publicize_connections":[],"jetpack_sharing_enabled":true,"jetpack_featured_media_url":"https:\/\/progettotouring.it\/radiotouring104\/wp-content\/uploads\/sites\/6\/2025\/09\/Aeroporto-dello-Stretto-Tito-Minniti.jpg","_links":{"self":[{"href":"https:\/\/progettotouring.it\/radiotouring104\/wp-json\/wp\/v2\/posts\/99636","targetHints":{"allow":["GET"]}}],"collection":[{"href":"https:\/\/progettotouring.it\/radiotouring104\/wp-json\/wp\/v2\/posts"}],"about":[{"href":"https:\/\/progettotouring.it\/radiotouring104\/wp-json\/wp\/v2\/types\/post"}],"author":[{"embeddable":true,"href":"https:\/\/progettotouring.it\/radiotouring104\/wp-json\/wp\/v2\/users\/12"}],"replies":[{"embeddable":true,"href":"https:\/\/progettotouring.it\/radiotouring104\/wp-json\/wp\/v2\/comments?post=99636"}],"version-history":[{"count":1,"href":"https:\/\/progettotouring.it\/radiotouring104\/wp-json\/wp\/v2\/posts\/99636\/revisions"}],"predecessor-version":[{"id":99637,"href":"https:\/\/progettotouring.it\/radiotouring104\/wp-json\/wp\/v2\/posts\/99636\/revisions\/99637"}],"wp:featuredmedia":[{"embeddable":true,"href":"https:\/\/progettotouring.it\/radiotouring104\/wp-json\/wp\/v2\/media\/80606"}],"wp:attachment":[{"href":"https:\/\/progettotouring.it\/radiotouring104\/wp-json\/wp\/v2\/media?parent=99636"}],"wp:term":[{"taxonomy":"category","embeddable":true,"href":"https:\/\/progettotouring.it\/radiotouring104\/wp-json\/wp\/v2\/categories?post=99636"},{"taxonomy":"post_tag","embeddable":true,"href":"https:\/\/progettotouring.it\/radiotouring104\/wp-json\/wp\/v2\/tags?post=99636"}],"curies":[{"name":"wp","href":"https:\/\/api.w.org\/{rel}","templated":true}]}}