{"id":99644,"date":"2026-09-02T11:18:57","date_gmt":"2026-09-02T09:18:57","guid":{"rendered":"https:\/\/progettotouring.it\/radiotouring104\/?p=99644"},"modified":"2026-09-02T12:36:48","modified_gmt":"2026-09-02T10:36:48","slug":"cancellazione-dallinvrno-delle-tratte-internazionali-ryanair-laffondo-dei-consiglieri-comunali-di-csx","status":"publish","type":"post","link":"https:\/\/progettotouring.it\/radiotouring104\/2026\/09\/02\/cancellazione-dallinvrno-delle-tratte-internazionali-ryanair-laffondo-dei-consiglieri-comunali-di-csx\/","title":{"rendered":"Cancellazione dall&#8217;inverno delle tratte internazionali Ryanair: l&#8217;affondo dei Consiglieri comunali di Csx"},"content":{"rendered":"<p>I Consiglieri comunali reggini di minoranza Domenico Battaglia, Francesco Catalano, Demetrio Delfino, Marcantonio Malara, Giuseppe Marino, Filippo Quartuccio, Carmelo Romeo e Carmelo Versace tramite un comunicato stampa, lanciano l&#8217;allarme, attaccando duramente la Regione Calabria, sul possibile drastico ridimensionamento delle tratte internazionali di Ryanair, dal prossimo inverno, dal &#8220;Tito Minniti&#8221; di Reggio Inizia con queste parole l&#8217;intervento dei consiglieri comunali<\/p>\n<p>&#8220;La notizia riportata dagli organi di stampa sulla programmazione Ryanair per l\u2019inverno 2026\/2027 impone una riflessione seria e, soprattutto, una presa di responsabilit\u00e0 da parte della Regione Calabria e di SACAL. Dopo mesi di annunci, inaugurazioni, conferenze stampa e proclami sul definitivo rilancio dell\u2019Aeroporto dello Stretto, scopriamo che a partire da novembre 2026 il \u201cTito Minniti\u201d rischia di perdere quasi tutta la propria rete internazionale Ryanair, con la permanenza del solo collegamento con Barcellona.&#8221;, inizia con queste parole l&#8217;attacco alla Regione Calabria per la cancellazione dei voli Ryanair, al Tito Minniti, dal prossimo inverno, dei Consiglieri\u00a0 Centrosinistra al Comune di Reggio.<\/p>\n<p>&#8220;Berlino, Bruxelles, Londra, Katowice e Parigi: rotte che erano state presentate come la prova concreta della nuova centralit\u00e0 internazionale dello scalo reggino risultano, ad oggi, non prenotabili dal sito.<\/p>\n<p>Sia chiaro, non siamo di fronte alla semplice rimodulazione di qualche volo. Siamo davanti al rischio concreto di un ridimensionamento della presenza internazionale di Ryanair proprio dopo che il \u201cTito Minniti\u201d era stato indicato come uno dei principali esempi del nuovo corso della politica aeroportuale calabrese, con una crescita certificata del 56,5% rispetto all\u2019anno precedente al 2025.<\/p>\n<p>Numeri che dimostrano che il territorio risponde quando vengono offerte opportunit\u00e0 di collegamento. E allora la domanda \u00e8 inevitabile: se il traffico cresce, perch\u00e9 la rete internazionale rischia di restringersi?&#8221;, l&#8217;affondo dei Consiglieri comunali di opposizione, a Palazzo San Giorgio<\/p>\n<p>&#8220;Il rischio \u00e8 quello di assistere all\u2019ennesimo paradosso calabrese: si racconta il successo mentre, contemporaneamente, si perde pezzo dopo pezzo ci\u00f2 che quel successo avrebbe dovuto consolidare.<\/p>\n<p>Un aeroporto non si rilancia con le conferenze stampa. Si rilancia con rotte stabili, frequenze adeguate, continuit\u00e0 dei collegamenti e una strategia capace di attrarre passeggeri e turisti durante tutto l\u2019anno.<\/p>\n<p>Il \u201cTito Minniti\u201d \u00e8 un\u2019infrastruttura strategica per Reggio, per la Citt\u00e0 Metropolitana, per l\u2019area dello Stretto e per una parte significativa della Calabria meridionale.&#8221;, proseguono i Consiglieri di minoranza reggini.<\/p>\n<p>&#8220;Alla luce di tutto ci\u00f2, chiediamo al sindaco di Reggio Calabria di assumere un\u2019iniziativa istituzionale forte, convocando Regione Calabria, SACAL, rappresentanti del territorio e operatori del settore, per conoscere dati, programmazione e prospettive dello scalo.<\/p>\n<p>Il presidente Occhiuto, a ragione, ha pi\u00f9 volte rivendicato il rilancio dell\u2019aeroporto di Reggio Calabria come una delle principali scommesse della propria amministrazione regionale.<\/p>\n<p>\u00c8 il momento di dimostrare che non si trattava soltanto di una campagna di comunicazione.&#8221;, concludono<\/p>\n<p>&nbsp;<\/p>\n","protected":false},"excerpt":{"rendered":"<p>I Consiglieri comunali reggini di minoranza Domenico Battaglia, Francesco Catalano, Demetrio Delfino, Marcantonio Malara, Giuseppe Marino, Filippo Quartuccio, Carmelo Romeo e Carmelo Versace tramite un comunicato stampa, lanciano l&#8217;allarme, attaccando&hellip;<\/p>\n","protected":false},"author":5,"featured_media":99642,"comment_status":"closed","ping_status":"open","sticky":false,"template":"","format":"standard","meta":{"_jetpack_newsletter_access":"","_jetpack_dont_email_post_to_subs":false,"_jetpack_newsletter_tier_id":0,"_jetpack_memberships_contains_paywalled_content":false,"_jetpack_feature_clip_id":0,"_jetpack_memberships_contains_paid_content":false,"footnotes":"","jetpack_publicize_message":"","jetpack_publicize_feature_enabled":true,"jetpack_social_post_already_shared":true,"jetpack_social_options":{"image_generator_settings":{"template":"highway","default_image_id":0,"font":"","enabled":false},"version":2},"jetpack_post_was_ever_published":false},"categories":[921,196,140],"tags":[52525,56217,5219,56208,1765,1857,4206,468,15889,46787,27642],"class_list":["post-99644","post","type-post","status-publish","format-standard","has-post-thumbnail","hentry","category-home","category-news","category-reggio-calabria","tag-aeroporto-dello-stretto-tito-minniti","tag-affondo","tag-allarme","tag-cancellazione-tratte-estere","tag-carmelo-romeo","tag-demetrio-delfino","tag-domenico-battaglia","tag-filippo-quartuccio","tag-francesco-catalano","tag-on-roberto-occhiuto","tag-ryanair-a-reggio"],"yoast_head":"<!-- This site is optimized with the Yoast SEO plugin v28.3 - https:\/\/yoast.com\/product\/yoast-seo-wordpress\/ -->\n<title>Cancellazione voli Ryanair al Tito Minniti: Il Csx attacca Occhiuto<\/title>\n<meta name=\"description\" content=\"&quot;Un aeroporto non si rilancia con le conferenze stampa. \u00c8 il momento di dimostrare che non si trattava di una campagna di comunicazione&quot;\" \/>\n<meta name=\"robots\" content=\"index, follow, max-snippet:-1, max-image-preview:large, max-video-preview:-1\" \/>\n<link rel=\"canonical\" href=\"https:\/\/progettotouring.it\/radiotouring104\/2026\/09\/02\/cancellazione-dallinvrno-delle-tratte-internazionali-ryanair-laffondo-dei-consiglieri-comunali-di-csx\/\" \/>\n<meta property=\"og:locale\" content=\"it_IT\" \/>\n<meta property=\"og:type\" content=\"article\" \/>\n<meta property=\"og:title\" content=\"Cancellazione voli Ryanair al Tito Minniti: Il Csx attacca Occhiuto\" \/>\n<meta property=\"og:description\" content=\"&quot;Un aeroporto non si rilancia con le conferenze stampa. \u00c8 il momento di dimostrare che non si trattava di una campagna di comunicazione&quot;\" \/>\n<meta property=\"og:url\" content=\"https:\/\/progettotouring.it\/radiotouring104\/2026\/09\/02\/cancellazione-dallinvrno-delle-tratte-internazionali-ryanair-laffondo-dei-consiglieri-comunali-di-csx\/\" \/>\n<meta property=\"og:site_name\" content=\"Radio Touring 104\" \/>\n<meta property=\"article:published_time\" content=\"2026-09-02T09:18:57+00:00\" \/>\n<meta property=\"article:modified_time\" content=\"2026-09-02T10:36:48+00:00\" \/>\n<meta property=\"og:image\" content=\"https:\/\/progettotouring.it\/radiotouring104\/wp-content\/uploads\/sites\/6\/2026\/09\/Aeroporto-dello-Stretto-Tito-Minniti.png\" \/>\n\t<meta property=\"og:image:width\" content=\"264\" \/>\n\t<meta property=\"og:image:height\" content=\"234\" \/>\n\t<meta property=\"og:image:type\" content=\"image\/png\" \/>\n<meta name=\"author\" content=\"redazione\" \/>\n<meta name=\"twitter:card\" content=\"summary_large_image\" \/>\n<meta name=\"twitter:label1\" content=\"Scritto da\" \/>\n\t<meta name=\"twitter:data1\" content=\"redazione\" \/>\n\t<meta name=\"twitter:label2\" content=\"Tempo di lettura stimato\" \/>\n\t<meta name=\"twitter:data2\" content=\"2 minuti\" \/>\n<script type=\"application\/ld+json\" class=\"yoast-schema-graph\">{\"@context\":\"https:\\\/\\\/schema.org\",\"@graph\":[{\"@type\":\"Article\",\"@id\":\"https:\\\/\\\/progettotouring.it\\\/radiotouring104\\\/2026\\\/09\\\/02\\\/cancellazione-dallinvrno-delle-tratte-internazionali-ryanair-laffondo-dei-consiglieri-comunali-di-csx\\\/#article\",\"isPartOf\":{\"@id\":\"https:\\\/\\\/progettotouring.it\\\/radiotouring104\\\/2026\\\/09\\\/02\\\/cancellazione-dallinvrno-delle-tratte-internazionali-ryanair-laffondo-dei-consiglieri-comunali-di-csx\\\/\"},\"author\":{\"name\":\"redazione\",\"@id\":\"https:\\\/\\\/progettotouring.it\\\/radiotouring104\\\/#\\\/schema\\\/person\\\/1b3eb3c07c47136bc44c785c543e635f\"},\"headline\":\"Cancellazione dall&#8217;inverno delle tratte internazionali Ryanair: l&#8217;affondo dei Consiglieri comunali di Csx\",\"datePublished\":\"2026-09-02T09:18:57+00:00\",\"dateModified\":\"2026-09-02T10:36:48+00:00\",\"mainEntityOfPage\":{\"@id\":\"https:\\\/\\\/progettotouring.it\\\/radiotouring104\\\/2026\\\/09\\\/02\\\/cancellazione-dallinvrno-delle-tratte-internazionali-ryanair-laffondo-dei-consiglieri-comunali-di-csx\\\/\"},\"wordCount\":463,\"publisher\":{\"@id\":\"https:\\\/\\\/progettotouring.it\\\/radiotouring104\\\/#organization\"},\"image\":{\"@id\":\"https:\\\/\\\/progettotouring.it\\\/radiotouring104\\\/2026\\\/09\\\/02\\\/cancellazione-dallinvrno-delle-tratte-internazionali-ryanair-laffondo-dei-consiglieri-comunali-di-csx\\\/#primaryimage\"},\"thumbnailUrl\":\"https:\\\/\\\/progettotouring.it\\\/radiotouring104\\\/wp-content\\\/uploads\\\/sites\\\/6\\\/2026\\\/09\\\/Aeroporto-dello-Stretto-Tito-Minniti.png\",\"keywords\":[\"Aeroporto dello Stretto Tito Minniti\",\"affondo\",\"allarme\",\"cancellazione tratte estere\",\"Carmelo Romeo\",\"Demetrio Delfino\",\"Domenico Battaglia\",\"filippo quartuccio\",\"Francesco catalano\",\"On. Roberto Occhiuto.\",\"Ryanair a Reggio\"],\"articleSection\":[\"Home\",\"News\",\"Reggio Calabria\"],\"inLanguage\":\"it-IT\"},{\"@type\":\"WebPage\",\"@id\":\"https:\\\/\\\/progettotouring.it\\\/radiotouring104\\\/2026\\\/09\\\/02\\\/cancellazione-dallinvrno-delle-tratte-internazionali-ryanair-laffondo-dei-consiglieri-comunali-di-csx\\\/\",\"url\":\"https:\\\/\\\/progettotouring.it\\\/radiotouring104\\\/2026\\\/09\\\/02\\\/cancellazione-dallinvrno-delle-tratte-internazionali-ryanair-laffondo-dei-consiglieri-comunali-di-csx\\\/\",\"name\":\"Cancellazione voli Ryanair al Tito Minniti: Il Csx attacca Occhiuto\",\"isPartOf\":{\"@id\":\"https:\\\/\\\/progettotouring.it\\\/radiotouring104\\\/#website\"},\"primaryImageOfPage\":{\"@id\":\"https:\\\/\\\/progettotouring.it\\\/radiotouring104\\\/2026\\\/09\\\/02\\\/cancellazione-dallinvrno-delle-tratte-internazionali-ryanair-laffondo-dei-consiglieri-comunali-di-csx\\\/#primaryimage\"},\"image\":{\"@id\":\"https:\\\/\\\/progettotouring.it\\\/radiotouring104\\\/2026\\\/09\\\/02\\\/cancellazione-dallinvrno-delle-tratte-internazionali-ryanair-laffondo-dei-consiglieri-comunali-di-csx\\\/#primaryimage\"},\"thumbnailUrl\":\"https:\\\/\\\/progettotouring.it\\\/radiotouring104\\\/wp-content\\\/uploads\\\/sites\\\/6\\\/2026\\\/09\\\/Aeroporto-dello-Stretto-Tito-Minniti.png\",\"datePublished\":\"2026-09-02T09:18:57+00:00\",\"dateModified\":\"2026-09-02T10:36:48+00:00\",\"description\":\"\\\"Un aeroporto non si rilancia con le conferenze stampa. \u00c8 il momento di dimostrare che non si trattava di una campagna di comunicazione\\\"\",\"breadcrumb\":{\"@id\":\"https:\\\/\\\/progettotouring.it\\\/radiotouring104\\\/2026\\\/09\\\/02\\\/cancellazione-dallinvrno-delle-tratte-internazionali-ryanair-laffondo-dei-consiglieri-comunali-di-csx\\\/#breadcrumb\"},\"inLanguage\":\"it-IT\",\"potentialAction\":[{\"@type\":\"ReadAction\",\"target\":[\"https:\\\/\\\/progettotouring.it\\\/radiotouring104\\\/2026\\\/09\\\/02\\\/cancellazione-dallinvrno-delle-tratte-internazionali-ryanair-laffondo-dei-consiglieri-comunali-di-csx\\\/\"]}]},{\"@type\":\"ImageObject\",\"inLanguage\":\"it-IT\",\"@id\":\"https:\\\/\\\/progettotouring.it\\\/radiotouring104\\\/2026\\\/09\\\/02\\\/cancellazione-dallinvrno-delle-tratte-internazionali-ryanair-laffondo-dei-consiglieri-comunali-di-csx\\\/#primaryimage\",\"url\":\"https:\\\/\\\/progettotouring.it\\\/radiotouring104\\\/wp-content\\\/uploads\\\/sites\\\/6\\\/2026\\\/09\\\/Aeroporto-dello-Stretto-Tito-Minniti.png\",\"contentUrl\":\"https:\\\/\\\/progettotouring.it\\\/radiotouring104\\\/wp-content\\\/uploads\\\/sites\\\/6\\\/2026\\\/09\\\/Aeroporto-dello-Stretto-Tito-Minniti.png\",\"width\":264,\"height\":234},{\"@type\":\"BreadcrumbList\",\"@id\":\"https:\\\/\\\/progettotouring.it\\\/radiotouring104\\\/2026\\\/09\\\/02\\\/cancellazione-dallinvrno-delle-tratte-internazionali-ryanair-laffondo-dei-consiglieri-comunali-di-csx\\\/#breadcrumb\",\"itemListElement\":[{\"@type\":\"ListItem\",\"position\":1,\"name\":\"Home\",\"item\":\"https:\\\/\\\/progettotouring.it\\\/radiotouring104\\\/\"},{\"@type\":\"ListItem\",\"position\":2,\"name\":\"Cancellazione dall&#8217;inverno delle tratte internazionali Ryanair: l&#8217;affondo dei Consiglieri comunali di Csx\"}]},{\"@type\":\"WebSite\",\"@id\":\"https:\\\/\\\/progettotouring.it\\\/radiotouring104\\\/#website\",\"url\":\"https:\\\/\\\/progettotouring.it\\\/radiotouring104\\\/\",\"name\":\"Radio Touring 104\",\"description\":\"La prima radio Reggina\",\"publisher\":{\"@id\":\"https:\\\/\\\/progettotouring.it\\\/radiotouring104\\\/#organization\"},\"potentialAction\":[{\"@type\":\"SearchAction\",\"target\":{\"@type\":\"EntryPoint\",\"urlTemplate\":\"https:\\\/\\\/progettotouring.it\\\/radiotouring104\\\/?s={search_term_string}\"},\"query-input\":{\"@type\":\"PropertyValueSpecification\",\"valueRequired\":true,\"valueName\":\"search_term_string\"}}],\"inLanguage\":\"it-IT\"},{\"@type\":\"Organization\",\"@id\":\"https:\\\/\\\/progettotouring.it\\\/radiotouring104\\\/#organization\",\"name\":\"Radio Touring 104\",\"url\":\"https:\\\/\\\/progettotouring.it\\\/radiotouring104\\\/\",\"logo\":{\"@type\":\"ImageObject\",\"inLanguage\":\"it-IT\",\"@id\":\"https:\\\/\\\/progettotouring.it\\\/radiotouring104\\\/#\\\/schema\\\/logo\\\/image\\\/\",\"url\":\"https:\\\/\\\/progettotouring.it\\\/radiotouring104\\\/wp-content\\\/uploads\\\/sites\\\/6\\\/2022\\\/02\\\/cropped-logo-radio-touring-104.png\",\"contentUrl\":\"https:\\\/\\\/progettotouring.it\\\/radiotouring104\\\/wp-content\\\/uploads\\\/sites\\\/6\\\/2022\\\/02\\\/cropped-logo-radio-touring-104.png\",\"width\":377,\"height\":182,\"caption\":\"Radio Touring 104\"},\"image\":{\"@id\":\"https:\\\/\\\/progettotouring.it\\\/radiotouring104\\\/#\\\/schema\\\/logo\\\/image\\\/\"}},{\"@type\":\"Person\",\"@id\":\"https:\\\/\\\/progettotouring.it\\\/radiotouring104\\\/#\\\/schema\\\/person\\\/1b3eb3c07c47136bc44c785c543e635f\",\"name\":\"redazione\",\"image\":{\"@type\":\"ImageObject\",\"inLanguage\":\"it-IT\",\"@id\":\"https:\\\/\\\/secure.gravatar.com\\\/avatar\\\/0b31605b49f100769e8b624b3e05de1b73e1692e9568a352f60f53fd072e6e11?s=96&d=mm&r=g\",\"url\":\"https:\\\/\\\/secure.gravatar.com\\\/avatar\\\/0b31605b49f100769e8b624b3e05de1b73e1692e9568a352f60f53fd072e6e11?s=96&d=mm&r=g\",\"contentUrl\":\"https:\\\/\\\/secure.gravatar.com\\\/avatar\\\/0b31605b49f100769e8b624b3e05de1b73e1692e9568a352f60f53fd072e6e11?s=96&d=mm&r=g\",\"caption\":\"redazione\"},\"url\":\"https:\\\/\\\/progettotouring.it\\\/radiotouring104\\\/author\\\/redazione\\\/\"}]}<\/script>\n<!-- \/ Yoast SEO plugin. -->","yoast_head_json":{"title":"Cancellazione voli Ryanair al Tito Minniti: Il Csx attacca Occhiuto","description":"\"Un aeroporto non si rilancia con le conferenze stampa. \u00c8 il momento di dimostrare che non si trattava di una campagna di comunicazione\"","robots":{"index":"index","follow":"follow","max-snippet":"max-snippet:-1","max-image-preview":"max-image-preview:large","max-video-preview":"max-video-preview:-1"},"canonical":"https:\/\/progettotouring.it\/radiotouring104\/2026\/09\/02\/cancellazione-dallinvrno-delle-tratte-internazionali-ryanair-laffondo-dei-consiglieri-comunali-di-csx\/","og_locale":"it_IT","og_type":"article","og_title":"Cancellazione voli Ryanair al Tito Minniti: Il Csx attacca Occhiuto","og_description":"\"Un aeroporto non si rilancia con le conferenze stampa. \u00c8 il momento di dimostrare che non si trattava di una campagna di comunicazione\"","og_url":"https:\/\/progettotouring.it\/radiotouring104\/2026\/09\/02\/cancellazione-dallinvrno-delle-tratte-internazionali-ryanair-laffondo-dei-consiglieri-comunali-di-csx\/","og_site_name":"Radio Touring 104","article_published_time":"2026-09-02T09:18:57+00:00","article_modified_time":"2026-09-02T10:36:48+00:00","og_image":[{"width":264,"height":234,"url":"https:\/\/progettotouring.it\/radiotouring104\/wp-content\/uploads\/sites\/6\/2026\/09\/Aeroporto-dello-Stretto-Tito-Minniti.png","type":"image\/png"}],"author":"redazione","twitter_card":"summary_large_image","twitter_misc":{"Scritto da":"redazione","Tempo di lettura stimato":"2 minuti"},"schema":{"@context":"https:\/\/schema.org","@graph":[{"@type":"Article","@id":"https:\/\/progettotouring.it\/radiotouring104\/2026\/09\/02\/cancellazione-dallinvrno-delle-tratte-internazionali-ryanair-laffondo-dei-consiglieri-comunali-di-csx\/#article","isPartOf":{"@id":"https:\/\/progettotouring.it\/radiotouring104\/2026\/09\/02\/cancellazione-dallinvrno-delle-tratte-internazionali-ryanair-laffondo-dei-consiglieri-comunali-di-csx\/"},"author":{"name":"redazione","@id":"https:\/\/progettotouring.it\/radiotouring104\/#\/schema\/person\/1b3eb3c07c47136bc44c785c543e635f"},"headline":"Cancellazione dall&#8217;inverno delle tratte internazionali Ryanair: l&#8217;affondo dei Consiglieri comunali di Csx","datePublished":"2026-09-02T09:18:57+00:00","dateModified":"2026-09-02T10:36:48+00:00","mainEntityOfPage":{"@id":"https:\/\/progettotouring.it\/radiotouring104\/2026\/09\/02\/cancellazione-dallinvrno-delle-tratte-internazionali-ryanair-laffondo-dei-consiglieri-comunali-di-csx\/"},"wordCount":463,"publisher":{"@id":"https:\/\/progettotouring.it\/radiotouring104\/#organization"},"image":{"@id":"https:\/\/progettotouring.it\/radiotouring104\/2026\/09\/02\/cancellazione-dallinvrno-delle-tratte-internazionali-ryanair-laffondo-dei-consiglieri-comunali-di-csx\/#primaryimage"},"thumbnailUrl":"https:\/\/progettotouring.it\/radiotouring104\/wp-content\/uploads\/sites\/6\/2026\/09\/Aeroporto-dello-Stretto-Tito-Minniti.png","keywords":["Aeroporto dello Stretto Tito Minniti","affondo","allarme","cancellazione tratte estere","Carmelo Romeo","Demetrio Delfino","Domenico Battaglia","filippo quartuccio","Francesco catalano","On. Roberto Occhiuto.","Ryanair a Reggio"],"articleSection":["Home","News","Reggio Calabria"],"inLanguage":"it-IT"},{"@type":"WebPage","@id":"https:\/\/progettotouring.it\/radiotouring104\/2026\/09\/02\/cancellazione-dallinvrno-delle-tratte-internazionali-ryanair-laffondo-dei-consiglieri-comunali-di-csx\/","url":"https:\/\/progettotouring.it\/radiotouring104\/2026\/09\/02\/cancellazione-dallinvrno-delle-tratte-internazionali-ryanair-laffondo-dei-consiglieri-comunali-di-csx\/","name":"Cancellazione voli Ryanair al Tito Minniti: Il Csx attacca Occhiuto","isPartOf":{"@id":"https:\/\/progettotouring.it\/radiotouring104\/#website"},"primaryImageOfPage":{"@id":"https:\/\/progettotouring.it\/radiotouring104\/2026\/09\/02\/cancellazione-dallinvrno-delle-tratte-internazionali-ryanair-laffondo-dei-consiglieri-comunali-di-csx\/#primaryimage"},"image":{"@id":"https:\/\/progettotouring.it\/radiotouring104\/2026\/09\/02\/cancellazione-dallinvrno-delle-tratte-internazionali-ryanair-laffondo-dei-consiglieri-comunali-di-csx\/#primaryimage"},"thumbnailUrl":"https:\/\/progettotouring.it\/radiotouring104\/wp-content\/uploads\/sites\/6\/2026\/09\/Aeroporto-dello-Stretto-Tito-Minniti.png","datePublished":"2026-09-02T09:18:57+00:00","dateModified":"2026-09-02T10:36:48+00:00","description":"\"Un aeroporto non si rilancia con le conferenze stampa. \u00c8 il momento di dimostrare che non si trattava di una campagna di comunicazione\"","breadcrumb":{"@id":"https:\/\/progettotouring.it\/radiotouring104\/2026\/09\/02\/cancellazione-dallinvrno-delle-tratte-internazionali-ryanair-laffondo-dei-consiglieri-comunali-di-csx\/#breadcrumb"},"inLanguage":"it-IT","potentialAction":[{"@type":"ReadAction","target":["https:\/\/progettotouring.it\/radiotouring104\/2026\/09\/02\/cancellazione-dallinvrno-delle-tratte-internazionali-ryanair-laffondo-dei-consiglieri-comunali-di-csx\/"]}]},{"@type":"ImageObject","inLanguage":"it-IT","@id":"https:\/\/progettotouring.it\/radiotouring104\/2026\/09\/02\/cancellazione-dallinvrno-delle-tratte-internazionali-ryanair-laffondo-dei-consiglieri-comunali-di-csx\/#primaryimage","url":"https:\/\/progettotouring.it\/radiotouring104\/wp-content\/uploads\/sites\/6\/2026\/09\/Aeroporto-dello-Stretto-Tito-Minniti.png","contentUrl":"https:\/\/progettotouring.it\/radiotouring104\/wp-content\/uploads\/sites\/6\/2026\/09\/Aeroporto-dello-Stretto-Tito-Minniti.png","width":264,"height":234},{"@type":"BreadcrumbList","@id":"https:\/\/progettotouring.it\/radiotouring104\/2026\/09\/02\/cancellazione-dallinvrno-delle-tratte-internazionali-ryanair-laffondo-dei-consiglieri-comunali-di-csx\/#breadcrumb","itemListElement":[{"@type":"ListItem","position":1,"name":"Home","item":"https:\/\/progettotouring.it\/radiotouring104\/"},{"@type":"ListItem","position":2,"name":"Cancellazione dall&#8217;inverno delle tratte internazionali Ryanair: l&#8217;affondo dei Consiglieri comunali di Csx"}]},{"@type":"WebSite","@id":"https:\/\/progettotouring.it\/radiotouring104\/#website","url":"https:\/\/progettotouring.it\/radiotouring104\/","name":"Radio Touring 104","description":"La prima radio Reggina","publisher":{"@id":"https:\/\/progettotouring.it\/radiotouring104\/#organization"},"potentialAction":[{"@type":"SearchAction","target":{"@type":"EntryPoint","urlTemplate":"https:\/\/progettotouring.it\/radiotouring104\/?s={search_term_string}"},"query-input":{"@type":"PropertyValueSpecification","valueRequired":true,"valueName":"search_term_string"}}],"inLanguage":"it-IT"},{"@type":"Organization","@id":"https:\/\/progettotouring.it\/radiotouring104\/#organization","name":"Radio Touring 104","url":"https:\/\/progettotouring.it\/radiotouring104\/","logo":{"@type":"ImageObject","inLanguage":"it-IT","@id":"https:\/\/progettotouring.it\/radiotouring104\/#\/schema\/logo\/image\/","url":"https:\/\/progettotouring.it\/radiotouring104\/wp-content\/uploads\/sites\/6\/2022\/02\/cropped-logo-radio-touring-104.png","contentUrl":"https:\/\/progettotouring.it\/radiotouring104\/wp-content\/uploads\/sites\/6\/2022\/02\/cropped-logo-radio-touring-104.png","width":377,"height":182,"caption":"Radio Touring 104"},"image":{"@id":"https:\/\/progettotouring.it\/radiotouring104\/#\/schema\/logo\/image\/"}},{"@type":"Person","@id":"https:\/\/progettotouring.it\/radiotouring104\/#\/schema\/person\/1b3eb3c07c47136bc44c785c543e635f","name":"redazione","image":{"@type":"ImageObject","inLanguage":"it-IT","@id":"https:\/\/secure.gravatar.com\/avatar\/0b31605b49f100769e8b624b3e05de1b73e1692e9568a352f60f53fd072e6e11?s=96&d=mm&r=g","url":"https:\/\/secure.gravatar.com\/avatar\/0b31605b49f100769e8b624b3e05de1b73e1692e9568a352f60f53fd072e6e11?s=96&d=mm&r=g","contentUrl":"https:\/\/secure.gravatar.com\/avatar\/0b31605b49f100769e8b624b3e05de1b73e1692e9568a352f60f53fd072e6e11?s=96&d=mm&r=g","caption":"redazione"},"url":"https:\/\/progettotouring.it\/radiotouring104\/author\/redazione\/"}]}},"jetpack_publicize_connections":[],"jetpack_sharing_enabled":true,"jetpack_featured_media_url":"https:\/\/progettotouring.it\/radiotouring104\/wp-content\/uploads\/sites\/6\/2026\/09\/Aeroporto-dello-Stretto-Tito-Minniti.png","_links":{"self":[{"href":"https:\/\/progettotouring.it\/radiotouring104\/wp-json\/wp\/v2\/posts\/99644","targetHints":{"allow":["GET"]}}],"collection":[{"href":"https:\/\/progettotouring.it\/radiotouring104\/wp-json\/wp\/v2\/posts"}],"about":[{"href":"https:\/\/progettotouring.it\/radiotouring104\/wp-json\/wp\/v2\/types\/post"}],"author":[{"embeddable":true,"href":"https:\/\/progettotouring.it\/radiotouring104\/wp-json\/wp\/v2\/users\/5"}],"replies":[{"embeddable":true,"href":"https:\/\/progettotouring.it\/radiotouring104\/wp-json\/wp\/v2\/comments?post=99644"}],"version-history":[{"count":2,"href":"https:\/\/progettotouring.it\/radiotouring104\/wp-json\/wp\/v2\/posts\/99644\/revisions"}],"predecessor-version":[{"id":99648,"href":"https:\/\/progettotouring.it\/radiotouring104\/wp-json\/wp\/v2\/posts\/99644\/revisions\/99648"}],"wp:featuredmedia":[{"embeddable":true,"href":"https:\/\/progettotouring.it\/radiotouring104\/wp-json\/wp\/v2\/media\/99642"}],"wp:attachment":[{"href":"https:\/\/progettotouring.it\/radiotouring104\/wp-json\/wp\/v2\/media?parent=99644"}],"wp:term":[{"taxonomy":"category","embeddable":true,"href":"https:\/\/progettotouring.it\/radiotouring104\/wp-json\/wp\/v2\/categories?post=99644"},{"taxonomy":"post_tag","embeddable":true,"href":"https:\/\/progettotouring.it\/radiotouring104\/wp-json\/wp\/v2\/tags?post=99644"}],"curies":[{"name":"wp","href":"https:\/\/api.w.org\/{rel}","templated":true}]}}