{"id":99659,"date":"2026-09-02T12:13:59","date_gmt":"2026-09-02T10:13:59","guid":{"rendered":"https:\/\/progettotouring.it\/radiotouring104\/?p=99659"},"modified":"2026-09-02T12:32:06","modified_gmt":"2026-09-02T10:32:06","slug":"giornata-mondiale-della-fisioterapia-lofi-rc-organizza-un-torneo-di-calcio-a-11-con-4-ordini-professionali-del-territorio","status":"publish","type":"post","link":"https:\/\/progettotouring.it\/radiotouring104\/2026\/09\/02\/giornata-mondiale-della-fisioterapia-lofi-rc-organizza-un-torneo-di-calcio-a-11-con-4-ordini-professionali-del-territorio\/","title":{"rendered":"Giornata Mondiale della Fisioterapia: l&#8217;OFI RC organizza un torneo di calcio a 11 con 4 Ordini professionali del Territorio"},"content":{"rendered":"<p>Un campo di calcio per parlare di salute, prevenzione e collaborazione tra professionisti sanitari. \u00c8 questo lo spirito con cui l\u2019<strong>Ordine dei Fisioterapisti di Reggio Calabria<\/strong> organizza, in occasione della <strong>Giornata Mondiale della Fisioterapia 2026<\/strong>, un torneo di calcio a 11 che vedr\u00e0 protagoniste le rappresentative di quattro Ordini professionali sanitari del territorio.<\/p>\n<p>L\u2019appuntamento \u00e8 fissato per <strong>domenica 6 settembre 2026<\/strong>, presso lo <strong>Stadio di Campo Calabro, in via del Campanile<\/strong>.<\/p>\n<p>A scendere in campo saranno le rappresentative dell\u2019<strong>Ordine dei Medici Chirurghi e degli Odontoiatri di Reggio Calabria, dell\u2019Ordine dei Farmacisti di Reggio Calabria, dell\u2019Ordine dei Biologi della Calabria e dell\u2019Ordine dei Fisioterapisti di Reggio Calabria<\/strong>.<\/p>\n<p>L\u2019iniziativa nasce con un obiettivo preciso: trasformare la celebrazione della Giornata Mondiale della Fisioterapia in un momento concreto di incontro e sensibilizzazione, utilizzando lo sport come linguaggio immediato per parlare di <strong>prevenzione, movimento e benessere<\/strong>.<\/p>\n<p>L\u20198 settembre si celebra infatti in tutto il mondo il <strong>World PT Day<\/strong>, promosso da <strong>World Physiotherapy<\/strong>, appuntamento che ogni anno valorizza il contributo della fisioterapia alla salute delle persone. Per il 2026, l&#8217;attenzione \u00e8 rivolta al ruolo della fisioterapia nella <strong>prevenzione, gestione e riabilitazione delle malattie cardiovascolari e dell\u2019ictus<\/strong>, patologie che rappresentano una delle principali sfide per la salute pubblica.<\/p>\n<p>\u00ab<strong>Abbiamo voluto trasformare un messaggio di salute in un&#8217;esperienza concreta<\/strong> \u2013 spiega il Presidente dell\u2019Ordine dei Fisioterapisti di Reggio Calabria, <strong>Marco De Luca<\/strong> \u2013. La scelta del calcio non \u00e8 casuale: lo sport significa movimento, socialit\u00e0, benessere, ma anche collaborazione e spirito di squadra. Sono gli stessi valori che devono guidare le professioni sanitarie nel loro lavoro quotidiano\u00bb.<\/p>\n<p>\u00ab<strong>La salute \u00e8 un lavoro di squadra<\/strong> \u2013 prosegue il Presidente \u2013. Medici, farmacisti, biologi e fisioterapisti hanno competenze diverse, ma condividono una responsabilit\u00e0 comune: contribuire alla tutela della salute delle persone. Abbiamo quindi pensato che fosse significativo portare questa idea anche sul campo da calcio\u00bb.<\/p>\n<p>Particolare attenzione sar\u00e0 dedicata anche al tema della prevenzione. La fisioterapia, infatti, non rappresenta soltanto una professione legata alla riabilitazione dopo una patologia o un infortunio, ma pu\u00f2 contribuire alla promozione del movimento e di stili di vita attivi e consapevoli.<\/p>\n<p>\u00ab<strong>Muoversi significa prendersi cura di s\u00e9<\/strong> \u2013 sottolinea De Luca \u2013. Non \u00e8 necessario essere atleti professionisti. L&#8217;attivit\u00e0 fisica deve diventare parte della nostra quotidianit\u00e0, nel rispetto delle possibilit\u00e0 e delle condizioni di ciascuno. Come fisioterapisti vogliamo contribuire a diffondere una cultura del movimento consapevole, sicuro e personalizzato\u00bb.<\/p>\n<p>Il <strong>6 settembre a Campo Calabro<\/strong>, dunque, non sar\u00e0 soltanto una giornata di calcio. Sar\u00e0 una giornata dedicata ai valori della <strong>salute, della prevenzione, del movimento e della collaborazione tra professionisti<\/strong>.<\/p>\n","protected":false},"excerpt":{"rendered":"<p>Un campo di calcio per parlare di salute, prevenzione e collaborazione tra professionisti sanitari. \u00c8 questo lo spirito con cui l\u2019Ordine dei Fisioterapisti di Reggio Calabria organizza, in occasione della&hellip;<\/p>\n","protected":false},"author":5,"featured_media":99660,"comment_status":"closed","ping_status":"open","sticky":false,"template":"","format":"standard","meta":{"_jetpack_newsletter_access":"","_jetpack_dont_email_post_to_subs":false,"_jetpack_newsletter_tier_id":0,"_jetpack_memberships_contains_paywalled_content":false,"_jetpack_feature_clip_id":0,"_jetpack_memberships_contains_paid_content":false,"footnotes":"","jetpack_publicize_message":"","jetpack_publicize_feature_enabled":true,"jetpack_social_post_already_shared":true,"jetpack_social_options":{"image_generator_settings":{"template":"highway","default_image_id":0,"font":"","enabled":false},"version":2},"jetpack_post_was_ever_published":false},"categories":[196,140,144],"tags":[56228,56226,12292,56225,56227],"class_list":["post-99659","post","type-post","status-publish","format-standard","has-post-thumbnail","hentry","category-news","category-reggio-calabria","category-sport","tag-4-ordini-professionali-del-territorio","tag-giornata-mondiale-della-fisioterapia","tag-marco-de-luca","tag-ofi-reggio-calabria","tag-torneo-di-calcio-a-11"],"yoast_head":"<!-- This site is optimized with the Yoast SEO plugin v28.3 - https:\/\/yoast.com\/product\/yoast-seo-wordpress\/ -->\n<title>Giornata Fisioterapia: l&#039;OFI RC organizza un Torneo di Calcio<\/title>\n<meta name=\"description\" content=\"L&#039;evento di promozione dello sport, prevenzione, collaborazione e benessere, si terr\u00e0 domenica 6 settembre, allo stadio di Campo Calabro\" \/>\n<meta name=\"robots\" content=\"index, follow, max-snippet:-1, max-image-preview:large, max-video-preview:-1\" \/>\n<link rel=\"canonical\" href=\"https:\/\/progettotouring.it\/radiotouring104\/2026\/09\/02\/giornata-mondiale-della-fisioterapia-lofi-rc-organizza-un-torneo-di-calcio-a-11-con-4-ordini-professionali-del-territorio\/\" \/>\n<meta property=\"og:locale\" content=\"it_IT\" \/>\n<meta property=\"og:type\" content=\"article\" \/>\n<meta property=\"og:title\" content=\"Giornata Fisioterapia: l&#039;OFI RC organizza un Torneo di Calcio\" \/>\n<meta property=\"og:description\" content=\"L&#039;evento di promozione dello sport, prevenzione, collaborazione e benessere, si terr\u00e0 domenica 6 settembre, allo stadio di Campo Calabro\" \/>\n<meta property=\"og:url\" content=\"https:\/\/progettotouring.it\/radiotouring104\/2026\/09\/02\/giornata-mondiale-della-fisioterapia-lofi-rc-organizza-un-torneo-di-calcio-a-11-con-4-ordini-professionali-del-territorio\/\" \/>\n<meta property=\"og:site_name\" content=\"Radio Touring 104\" \/>\n<meta property=\"article:published_time\" content=\"2026-09-02T10:13:59+00:00\" \/>\n<meta property=\"article:modified_time\" content=\"2026-09-02T10:32:06+00:00\" \/>\n<meta property=\"og:image\" content=\"https:\/\/progettotouring.it\/radiotouring104\/wp-content\/uploads\/sites\/6\/2026\/09\/Giornata-Fisioterapia-OFI-RC-TORNEO-DI-CALCIO.jpeg\" \/>\n\t<meta property=\"og:image:width\" content=\"827\" \/>\n\t<meta property=\"og:image:height\" content=\"1169\" \/>\n\t<meta property=\"og:image:type\" content=\"image\/jpeg\" \/>\n<meta name=\"author\" content=\"redazione\" \/>\n<meta name=\"twitter:card\" content=\"summary_large_image\" \/>\n<meta name=\"twitter:label1\" content=\"Scritto da\" \/>\n\t<meta name=\"twitter:data1\" content=\"redazione\" \/>\n\t<meta name=\"twitter:label2\" content=\"Tempo di lettura stimato\" \/>\n\t<meta name=\"twitter:data2\" content=\"2 minuti\" \/>\n<script type=\"application\/ld+json\" class=\"yoast-schema-graph\">{\"@context\":\"https:\\\/\\\/schema.org\",\"@graph\":[{\"@type\":\"Article\",\"@id\":\"https:\\\/\\\/progettotouring.it\\\/radiotouring104\\\/2026\\\/09\\\/02\\\/giornata-mondiale-della-fisioterapia-lofi-rc-organizza-un-torneo-di-calcio-a-11-con-4-ordini-professionali-del-territorio\\\/#article\",\"isPartOf\":{\"@id\":\"https:\\\/\\\/progettotouring.it\\\/radiotouring104\\\/2026\\\/09\\\/02\\\/giornata-mondiale-della-fisioterapia-lofi-rc-organizza-un-torneo-di-calcio-a-11-con-4-ordini-professionali-del-territorio\\\/\"},\"author\":{\"name\":\"redazione\",\"@id\":\"https:\\\/\\\/progettotouring.it\\\/radiotouring104\\\/#\\\/schema\\\/person\\\/1b3eb3c07c47136bc44c785c543e635f\"},\"headline\":\"Giornata Mondiale della Fisioterapia: l&#8217;OFI RC organizza un torneo di calcio a 11 con 4 Ordini professionali del Territorio\",\"datePublished\":\"2026-09-02T10:13:59+00:00\",\"dateModified\":\"2026-09-02T10:32:06+00:00\",\"mainEntityOfPage\":{\"@id\":\"https:\\\/\\\/progettotouring.it\\\/radiotouring104\\\/2026\\\/09\\\/02\\\/giornata-mondiale-della-fisioterapia-lofi-rc-organizza-un-torneo-di-calcio-a-11-con-4-ordini-professionali-del-territorio\\\/\"},\"wordCount\":434,\"publisher\":{\"@id\":\"https:\\\/\\\/progettotouring.it\\\/radiotouring104\\\/#organization\"},\"image\":{\"@id\":\"https:\\\/\\\/progettotouring.it\\\/radiotouring104\\\/2026\\\/09\\\/02\\\/giornata-mondiale-della-fisioterapia-lofi-rc-organizza-un-torneo-di-calcio-a-11-con-4-ordini-professionali-del-territorio\\\/#primaryimage\"},\"thumbnailUrl\":\"https:\\\/\\\/progettotouring.it\\\/radiotouring104\\\/wp-content\\\/uploads\\\/sites\\\/6\\\/2026\\\/09\\\/Giornata-Fisioterapia-OFI-RC-TORNEO-DI-CALCIO.jpeg\",\"keywords\":[\"4 Ordini professionali del Territorio\",\"Giornata Mondiale della Fisioterapia\",\"Marco De Luca\",\"Ofi Reggio Calabria\",\"torneo di calcio a 11\"],\"articleSection\":[\"News\",\"Reggio Calabria\",\"Sport\"],\"inLanguage\":\"it-IT\"},{\"@type\":\"WebPage\",\"@id\":\"https:\\\/\\\/progettotouring.it\\\/radiotouring104\\\/2026\\\/09\\\/02\\\/giornata-mondiale-della-fisioterapia-lofi-rc-organizza-un-torneo-di-calcio-a-11-con-4-ordini-professionali-del-territorio\\\/\",\"url\":\"https:\\\/\\\/progettotouring.it\\\/radiotouring104\\\/2026\\\/09\\\/02\\\/giornata-mondiale-della-fisioterapia-lofi-rc-organizza-un-torneo-di-calcio-a-11-con-4-ordini-professionali-del-territorio\\\/\",\"name\":\"Giornata Fisioterapia: l'OFI RC organizza un Torneo di Calcio\",\"isPartOf\":{\"@id\":\"https:\\\/\\\/progettotouring.it\\\/radiotouring104\\\/#website\"},\"primaryImageOfPage\":{\"@id\":\"https:\\\/\\\/progettotouring.it\\\/radiotouring104\\\/2026\\\/09\\\/02\\\/giornata-mondiale-della-fisioterapia-lofi-rc-organizza-un-torneo-di-calcio-a-11-con-4-ordini-professionali-del-territorio\\\/#primaryimage\"},\"image\":{\"@id\":\"https:\\\/\\\/progettotouring.it\\\/radiotouring104\\\/2026\\\/09\\\/02\\\/giornata-mondiale-della-fisioterapia-lofi-rc-organizza-un-torneo-di-calcio-a-11-con-4-ordini-professionali-del-territorio\\\/#primaryimage\"},\"thumbnailUrl\":\"https:\\\/\\\/progettotouring.it\\\/radiotouring104\\\/wp-content\\\/uploads\\\/sites\\\/6\\\/2026\\\/09\\\/Giornata-Fisioterapia-OFI-RC-TORNEO-DI-CALCIO.jpeg\",\"datePublished\":\"2026-09-02T10:13:59+00:00\",\"dateModified\":\"2026-09-02T10:32:06+00:00\",\"description\":\"L'evento di promozione dello sport, prevenzione, collaborazione e benessere, si terr\u00e0 domenica 6 settembre, allo stadio di Campo Calabro\",\"breadcrumb\":{\"@id\":\"https:\\\/\\\/progettotouring.it\\\/radiotouring104\\\/2026\\\/09\\\/02\\\/giornata-mondiale-della-fisioterapia-lofi-rc-organizza-un-torneo-di-calcio-a-11-con-4-ordini-professionali-del-territorio\\\/#breadcrumb\"},\"inLanguage\":\"it-IT\",\"potentialAction\":[{\"@type\":\"ReadAction\",\"target\":[\"https:\\\/\\\/progettotouring.it\\\/radiotouring104\\\/2026\\\/09\\\/02\\\/giornata-mondiale-della-fisioterapia-lofi-rc-organizza-un-torneo-di-calcio-a-11-con-4-ordini-professionali-del-territorio\\\/\"]}]},{\"@type\":\"ImageObject\",\"inLanguage\":\"it-IT\",\"@id\":\"https:\\\/\\\/progettotouring.it\\\/radiotouring104\\\/2026\\\/09\\\/02\\\/giornata-mondiale-della-fisioterapia-lofi-rc-organizza-un-torneo-di-calcio-a-11-con-4-ordini-professionali-del-territorio\\\/#primaryimage\",\"url\":\"https:\\\/\\\/progettotouring.it\\\/radiotouring104\\\/wp-content\\\/uploads\\\/sites\\\/6\\\/2026\\\/09\\\/Giornata-Fisioterapia-OFI-RC-TORNEO-DI-CALCIO.jpeg\",\"contentUrl\":\"https:\\\/\\\/progettotouring.it\\\/radiotouring104\\\/wp-content\\\/uploads\\\/sites\\\/6\\\/2026\\\/09\\\/Giornata-Fisioterapia-OFI-RC-TORNEO-DI-CALCIO.jpeg\",\"width\":827,\"height\":1169},{\"@type\":\"BreadcrumbList\",\"@id\":\"https:\\\/\\\/progettotouring.it\\\/radiotouring104\\\/2026\\\/09\\\/02\\\/giornata-mondiale-della-fisioterapia-lofi-rc-organizza-un-torneo-di-calcio-a-11-con-4-ordini-professionali-del-territorio\\\/#breadcrumb\",\"itemListElement\":[{\"@type\":\"ListItem\",\"position\":1,\"name\":\"Home\",\"item\":\"https:\\\/\\\/progettotouring.it\\\/radiotouring104\\\/\"},{\"@type\":\"ListItem\",\"position\":2,\"name\":\"Giornata Mondiale della Fisioterapia: l&#8217;OFI RC organizza un torneo di calcio a 11 con 4 Ordini professionali del Territorio\"}]},{\"@type\":\"WebSite\",\"@id\":\"https:\\\/\\\/progettotouring.it\\\/radiotouring104\\\/#website\",\"url\":\"https:\\\/\\\/progettotouring.it\\\/radiotouring104\\\/\",\"name\":\"Radio Touring 104\",\"description\":\"La prima radio Reggina\",\"publisher\":{\"@id\":\"https:\\\/\\\/progettotouring.it\\\/radiotouring104\\\/#organization\"},\"potentialAction\":[{\"@type\":\"SearchAction\",\"target\":{\"@type\":\"EntryPoint\",\"urlTemplate\":\"https:\\\/\\\/progettotouring.it\\\/radiotouring104\\\/?s={search_term_string}\"},\"query-input\":{\"@type\":\"PropertyValueSpecification\",\"valueRequired\":true,\"valueName\":\"search_term_string\"}}],\"inLanguage\":\"it-IT\"},{\"@type\":\"Organization\",\"@id\":\"https:\\\/\\\/progettotouring.it\\\/radiotouring104\\\/#organization\",\"name\":\"Radio Touring 104\",\"url\":\"https:\\\/\\\/progettotouring.it\\\/radiotouring104\\\/\",\"logo\":{\"@type\":\"ImageObject\",\"inLanguage\":\"it-IT\",\"@id\":\"https:\\\/\\\/progettotouring.it\\\/radiotouring104\\\/#\\\/schema\\\/logo\\\/image\\\/\",\"url\":\"https:\\\/\\\/progettotouring.it\\\/radiotouring104\\\/wp-content\\\/uploads\\\/sites\\\/6\\\/2022\\\/02\\\/cropped-logo-radio-touring-104.png\",\"contentUrl\":\"https:\\\/\\\/progettotouring.it\\\/radiotouring104\\\/wp-content\\\/uploads\\\/sites\\\/6\\\/2022\\\/02\\\/cropped-logo-radio-touring-104.png\",\"width\":377,\"height\":182,\"caption\":\"Radio Touring 104\"},\"image\":{\"@id\":\"https:\\\/\\\/progettotouring.it\\\/radiotouring104\\\/#\\\/schema\\\/logo\\\/image\\\/\"}},{\"@type\":\"Person\",\"@id\":\"https:\\\/\\\/progettotouring.it\\\/radiotouring104\\\/#\\\/schema\\\/person\\\/1b3eb3c07c47136bc44c785c543e635f\",\"name\":\"redazione\",\"image\":{\"@type\":\"ImageObject\",\"inLanguage\":\"it-IT\",\"@id\":\"https:\\\/\\\/secure.gravatar.com\\\/avatar\\\/0b31605b49f100769e8b624b3e05de1b73e1692e9568a352f60f53fd072e6e11?s=96&d=mm&r=g\",\"url\":\"https:\\\/\\\/secure.gravatar.com\\\/avatar\\\/0b31605b49f100769e8b624b3e05de1b73e1692e9568a352f60f53fd072e6e11?s=96&d=mm&r=g\",\"contentUrl\":\"https:\\\/\\\/secure.gravatar.com\\\/avatar\\\/0b31605b49f100769e8b624b3e05de1b73e1692e9568a352f60f53fd072e6e11?s=96&d=mm&r=g\",\"caption\":\"redazione\"},\"url\":\"https:\\\/\\\/progettotouring.it\\\/radiotouring104\\\/author\\\/redazione\\\/\"}]}<\/script>\n<!-- \/ Yoast SEO plugin. -->","yoast_head_json":{"title":"Giornata Fisioterapia: l'OFI RC organizza un Torneo di Calcio","description":"L'evento di promozione dello sport, prevenzione, collaborazione e benessere, si terr\u00e0 domenica 6 settembre, allo stadio di Campo Calabro","robots":{"index":"index","follow":"follow","max-snippet":"max-snippet:-1","max-image-preview":"max-image-preview:large","max-video-preview":"max-video-preview:-1"},"canonical":"https:\/\/progettotouring.it\/radiotouring104\/2026\/09\/02\/giornata-mondiale-della-fisioterapia-lofi-rc-organizza-un-torneo-di-calcio-a-11-con-4-ordini-professionali-del-territorio\/","og_locale":"it_IT","og_type":"article","og_title":"Giornata Fisioterapia: l'OFI RC organizza un Torneo di Calcio","og_description":"L'evento di promozione dello sport, prevenzione, collaborazione e benessere, si terr\u00e0 domenica 6 settembre, allo stadio di Campo Calabro","og_url":"https:\/\/progettotouring.it\/radiotouring104\/2026\/09\/02\/giornata-mondiale-della-fisioterapia-lofi-rc-organizza-un-torneo-di-calcio-a-11-con-4-ordini-professionali-del-territorio\/","og_site_name":"Radio Touring 104","article_published_time":"2026-09-02T10:13:59+00:00","article_modified_time":"2026-09-02T10:32:06+00:00","og_image":[{"width":827,"height":1169,"url":"https:\/\/progettotouring.it\/radiotouring104\/wp-content\/uploads\/sites\/6\/2026\/09\/Giornata-Fisioterapia-OFI-RC-TORNEO-DI-CALCIO.jpeg","type":"image\/jpeg"}],"author":"redazione","twitter_card":"summary_large_image","twitter_misc":{"Scritto da":"redazione","Tempo di lettura stimato":"2 minuti"},"schema":{"@context":"https:\/\/schema.org","@graph":[{"@type":"Article","@id":"https:\/\/progettotouring.it\/radiotouring104\/2026\/09\/02\/giornata-mondiale-della-fisioterapia-lofi-rc-organizza-un-torneo-di-calcio-a-11-con-4-ordini-professionali-del-territorio\/#article","isPartOf":{"@id":"https:\/\/progettotouring.it\/radiotouring104\/2026\/09\/02\/giornata-mondiale-della-fisioterapia-lofi-rc-organizza-un-torneo-di-calcio-a-11-con-4-ordini-professionali-del-territorio\/"},"author":{"name":"redazione","@id":"https:\/\/progettotouring.it\/radiotouring104\/#\/schema\/person\/1b3eb3c07c47136bc44c785c543e635f"},"headline":"Giornata Mondiale della Fisioterapia: l&#8217;OFI RC organizza un torneo di calcio a 11 con 4 Ordini professionali del Territorio","datePublished":"2026-09-02T10:13:59+00:00","dateModified":"2026-09-02T10:32:06+00:00","mainEntityOfPage":{"@id":"https:\/\/progettotouring.it\/radiotouring104\/2026\/09\/02\/giornata-mondiale-della-fisioterapia-lofi-rc-organizza-un-torneo-di-calcio-a-11-con-4-ordini-professionali-del-territorio\/"},"wordCount":434,"publisher":{"@id":"https:\/\/progettotouring.it\/radiotouring104\/#organization"},"image":{"@id":"https:\/\/progettotouring.it\/radiotouring104\/2026\/09\/02\/giornata-mondiale-della-fisioterapia-lofi-rc-organizza-un-torneo-di-calcio-a-11-con-4-ordini-professionali-del-territorio\/#primaryimage"},"thumbnailUrl":"https:\/\/progettotouring.it\/radiotouring104\/wp-content\/uploads\/sites\/6\/2026\/09\/Giornata-Fisioterapia-OFI-RC-TORNEO-DI-CALCIO.jpeg","keywords":["4 Ordini professionali del Territorio","Giornata Mondiale della Fisioterapia","Marco De Luca","Ofi Reggio Calabria","torneo di calcio a 11"],"articleSection":["News","Reggio Calabria","Sport"],"inLanguage":"it-IT"},{"@type":"WebPage","@id":"https:\/\/progettotouring.it\/radiotouring104\/2026\/09\/02\/giornata-mondiale-della-fisioterapia-lofi-rc-organizza-un-torneo-di-calcio-a-11-con-4-ordini-professionali-del-territorio\/","url":"https:\/\/progettotouring.it\/radiotouring104\/2026\/09\/02\/giornata-mondiale-della-fisioterapia-lofi-rc-organizza-un-torneo-di-calcio-a-11-con-4-ordini-professionali-del-territorio\/","name":"Giornata Fisioterapia: l'OFI RC organizza un Torneo di Calcio","isPartOf":{"@id":"https:\/\/progettotouring.it\/radiotouring104\/#website"},"primaryImageOfPage":{"@id":"https:\/\/progettotouring.it\/radiotouring104\/2026\/09\/02\/giornata-mondiale-della-fisioterapia-lofi-rc-organizza-un-torneo-di-calcio-a-11-con-4-ordini-professionali-del-territorio\/#primaryimage"},"image":{"@id":"https:\/\/progettotouring.it\/radiotouring104\/2026\/09\/02\/giornata-mondiale-della-fisioterapia-lofi-rc-organizza-un-torneo-di-calcio-a-11-con-4-ordini-professionali-del-territorio\/#primaryimage"},"thumbnailUrl":"https:\/\/progettotouring.it\/radiotouring104\/wp-content\/uploads\/sites\/6\/2026\/09\/Giornata-Fisioterapia-OFI-RC-TORNEO-DI-CALCIO.jpeg","datePublished":"2026-09-02T10:13:59+00:00","dateModified":"2026-09-02T10:32:06+00:00","description":"L'evento di promozione dello sport, prevenzione, collaborazione e benessere, si terr\u00e0 domenica 6 settembre, allo stadio di Campo Calabro","breadcrumb":{"@id":"https:\/\/progettotouring.it\/radiotouring104\/2026\/09\/02\/giornata-mondiale-della-fisioterapia-lofi-rc-organizza-un-torneo-di-calcio-a-11-con-4-ordini-professionali-del-territorio\/#breadcrumb"},"inLanguage":"it-IT","potentialAction":[{"@type":"ReadAction","target":["https:\/\/progettotouring.it\/radiotouring104\/2026\/09\/02\/giornata-mondiale-della-fisioterapia-lofi-rc-organizza-un-torneo-di-calcio-a-11-con-4-ordini-professionali-del-territorio\/"]}]},{"@type":"ImageObject","inLanguage":"it-IT","@id":"https:\/\/progettotouring.it\/radiotouring104\/2026\/09\/02\/giornata-mondiale-della-fisioterapia-lofi-rc-organizza-un-torneo-di-calcio-a-11-con-4-ordini-professionali-del-territorio\/#primaryimage","url":"https:\/\/progettotouring.it\/radiotouring104\/wp-content\/uploads\/sites\/6\/2026\/09\/Giornata-Fisioterapia-OFI-RC-TORNEO-DI-CALCIO.jpeg","contentUrl":"https:\/\/progettotouring.it\/radiotouring104\/wp-content\/uploads\/sites\/6\/2026\/09\/Giornata-Fisioterapia-OFI-RC-TORNEO-DI-CALCIO.jpeg","width":827,"height":1169},{"@type":"BreadcrumbList","@id":"https:\/\/progettotouring.it\/radiotouring104\/2026\/09\/02\/giornata-mondiale-della-fisioterapia-lofi-rc-organizza-un-torneo-di-calcio-a-11-con-4-ordini-professionali-del-territorio\/#breadcrumb","itemListElement":[{"@type":"ListItem","position":1,"name":"Home","item":"https:\/\/progettotouring.it\/radiotouring104\/"},{"@type":"ListItem","position":2,"name":"Giornata Mondiale della Fisioterapia: l&#8217;OFI RC organizza un torneo di calcio a 11 con 4 Ordini professionali del Territorio"}]},{"@type":"WebSite","@id":"https:\/\/progettotouring.it\/radiotouring104\/#website","url":"https:\/\/progettotouring.it\/radiotouring104\/","name":"Radio Touring 104","description":"La prima radio Reggina","publisher":{"@id":"https:\/\/progettotouring.it\/radiotouring104\/#organization"},"potentialAction":[{"@type":"SearchAction","target":{"@type":"EntryPoint","urlTemplate":"https:\/\/progettotouring.it\/radiotouring104\/?s={search_term_string}"},"query-input":{"@type":"PropertyValueSpecification","valueRequired":true,"valueName":"search_term_string"}}],"inLanguage":"it-IT"},{"@type":"Organization","@id":"https:\/\/progettotouring.it\/radiotouring104\/#organization","name":"Radio Touring 104","url":"https:\/\/progettotouring.it\/radiotouring104\/","logo":{"@type":"ImageObject","inLanguage":"it-IT","@id":"https:\/\/progettotouring.it\/radiotouring104\/#\/schema\/logo\/image\/","url":"https:\/\/progettotouring.it\/radiotouring104\/wp-content\/uploads\/sites\/6\/2022\/02\/cropped-logo-radio-touring-104.png","contentUrl":"https:\/\/progettotouring.it\/radiotouring104\/wp-content\/uploads\/sites\/6\/2022\/02\/cropped-logo-radio-touring-104.png","width":377,"height":182,"caption":"Radio Touring 104"},"image":{"@id":"https:\/\/progettotouring.it\/radiotouring104\/#\/schema\/logo\/image\/"}},{"@type":"Person","@id":"https:\/\/progettotouring.it\/radiotouring104\/#\/schema\/person\/1b3eb3c07c47136bc44c785c543e635f","name":"redazione","image":{"@type":"ImageObject","inLanguage":"it-IT","@id":"https:\/\/secure.gravatar.com\/avatar\/0b31605b49f100769e8b624b3e05de1b73e1692e9568a352f60f53fd072e6e11?s=96&d=mm&r=g","url":"https:\/\/secure.gravatar.com\/avatar\/0b31605b49f100769e8b624b3e05de1b73e1692e9568a352f60f53fd072e6e11?s=96&d=mm&r=g","contentUrl":"https:\/\/secure.gravatar.com\/avatar\/0b31605b49f100769e8b624b3e05de1b73e1692e9568a352f60f53fd072e6e11?s=96&d=mm&r=g","caption":"redazione"},"url":"https:\/\/progettotouring.it\/radiotouring104\/author\/redazione\/"}]}},"jetpack_publicize_connections":[],"jetpack_sharing_enabled":true,"jetpack_featured_media_url":"https:\/\/progettotouring.it\/radiotouring104\/wp-content\/uploads\/sites\/6\/2026\/09\/Giornata-Fisioterapia-OFI-RC-TORNEO-DI-CALCIO.jpeg","_links":{"self":[{"href":"https:\/\/progettotouring.it\/radiotouring104\/wp-json\/wp\/v2\/posts\/99659","targetHints":{"allow":["GET"]}}],"collection":[{"href":"https:\/\/progettotouring.it\/radiotouring104\/wp-json\/wp\/v2\/posts"}],"about":[{"href":"https:\/\/progettotouring.it\/radiotouring104\/wp-json\/wp\/v2\/types\/post"}],"author":[{"embeddable":true,"href":"https:\/\/progettotouring.it\/radiotouring104\/wp-json\/wp\/v2\/users\/5"}],"replies":[{"embeddable":true,"href":"https:\/\/progettotouring.it\/radiotouring104\/wp-json\/wp\/v2\/comments?post=99659"}],"version-history":[{"count":1,"href":"https:\/\/progettotouring.it\/radiotouring104\/wp-json\/wp\/v2\/posts\/99659\/revisions"}],"predecessor-version":[{"id":99661,"href":"https:\/\/progettotouring.it\/radiotouring104\/wp-json\/wp\/v2\/posts\/99659\/revisions\/99661"}],"wp:featuredmedia":[{"embeddable":true,"href":"https:\/\/progettotouring.it\/radiotouring104\/wp-json\/wp\/v2\/media\/99660"}],"wp:attachment":[{"href":"https:\/\/progettotouring.it\/radiotouring104\/wp-json\/wp\/v2\/media?parent=99659"}],"wp:term":[{"taxonomy":"category","embeddable":true,"href":"https:\/\/progettotouring.it\/radiotouring104\/wp-json\/wp\/v2\/categories?post=99659"},{"taxonomy":"post_tag","embeddable":true,"href":"https:\/\/progettotouring.it\/radiotouring104\/wp-json\/wp\/v2\/tags?post=99659"}],"curies":[{"name":"wp","href":"https:\/\/api.w.org\/{rel}","templated":true}]}}