{"id":99671,"date":"2026-09-03T09:11:44","date_gmt":"2026-09-03T07:11:44","guid":{"rendered":"https:\/\/progettotouring.it\/radiotouring104\/?p=99671"},"modified":"2026-09-03T09:14:03","modified_gmt":"2026-09-03T07:14:03","slug":"cresce-lattesa-per-la-proiezione-del-docufilm-per-tutti-charlie-in-omaggio-a-coach-recalcati","status":"publish","type":"post","link":"https:\/\/progettotouring.it\/radiotouring104\/2026\/09\/03\/cresce-lattesa-per-la-proiezione-del-docufilm-per-tutti-charlie-in-omaggio-a-coach-recalcati\/","title":{"rendered":"Cresce l&#8217;attesa per la proiezione del Docufilm &#8220;Per tutti Charlie&#8221;, in omaggio a Coach Recalcati"},"content":{"rendered":"<p>Mancano 2 giorni all&#8217;atteso evento di sabato sera.<\/p>\n<p>L\u2019Arena dello Stretto si trasformer\u00e0 in un &#8220;cinema all\u2019aperto&#8221; per mandare in onda il Docufilm realizzato in omaggio ad un grande eroe della storia sportiva di Reggio Calabria.<\/p>\n<p>\u2018\u2019Per tutti Charlie&#8221; \u00e8 il titolo perfetto scelto dal promotore di questa bellissima iniziativa, Alessandro Nava, che ha portato avanti questo progetto con grande passione e professionalit\u00e0.<\/p>\n<p>il teatro scelto per l&#8217;occasione \u00e8 il Lungomare &#8220;Falcomat\u00e0&#8221; di Reggio Calabria e l\u2019ingresso sar\u00e0 libero con l&#8217;intento di rievocare, in chi ha vissuto quell\u2019epoca, di ricordare, grazie a prestigiose testimonianze, i momenti in cui Recalcati trascinava la Viola ai vertici del basket nazionale, ma anche per far conoscere alle giovani nuove leve il passato di questa realt\u00e0 e quali uomini hanno contribuito a realizzare delle vere e proprie imprese.<\/p>\n<p>Mentre il giudice Viola, l\u2019ingegnere Scambia ed altri grandi personaggi lavoravano dietro le quinte, Carlo Recalcati quel lavoro lo trasformava sogni, in un momento meraviglioso dello sport con la palla a spicchi, nell&#8217;epoca in cui il Campionato italiano fu probabilmente il torneo pi\u00f9 bello d\u2019Europa.<\/p>\n<p>Per questo e molto altro la cittadinanza non pu\u00f2 mancare all&#8217;appuntamento in programma sabato sera, alle 20,45 all&#8217;Arena a cui prender\u00e0 parte anche &#8220;Charlie&#8221; che torner\u00e0 nella citt\u00e0 che lo ha incoronato, osannato e non lo dimenticher\u00e0 mai per assistere assieme al suo vecchio pubblico il documentario che suggella una carriera inimitabile.<\/p>\n","protected":false},"excerpt":{"rendered":"<p>Mancano 2 giorni all&#8217;atteso evento di sabato sera. L\u2019Arena dello Stretto si trasformer\u00e0 in un &#8220;cinema all\u2019aperto&#8221; per mandare in onda il Docufilm realizzato in omaggio ad un grande eroe&hellip;<\/p>\n","protected":false},"author":21,"featured_media":99672,"comment_status":"closed","ping_status":"open","sticky":false,"template":"","format":"standard","meta":{"_jetpack_newsletter_access":"","_jetpack_dont_email_post_to_subs":false,"_jetpack_newsletter_tier_id":0,"_jetpack_memberships_contains_paywalled_content":false,"_jetpack_feature_clip_id":0,"_jetpack_memberships_contains_paid_content":false,"footnotes":"","jetpack_publicize_message":"","jetpack_publicize_feature_enabled":true,"jetpack_social_post_already_shared":true,"jetpack_social_options":{"image_generator_settings":{"template":"highway","default_image_id":0,"font":"","enabled":false},"version":2},"jetpack_post_was_ever_published":false},"categories":[921,150,196,140],"tags":[56182,47965,848,47966,56232,41526],"class_list":["post-99671","post","type-post","status-publish","format-standard","has-post-thumbnail","hentry","category-home","category-in-primo-piano","category-news","category-reggio-calabria","tag-per-tutti-charly","tag-alessandro-nava","tag-arena-dello-stretto","tag-coach-carlo-recalcati","tag-cresce-lattesa","tag-proiezione-docufilm"],"yoast_head":"<!-- This site is optimized with the Yoast SEO plugin v28.3 - https:\/\/yoast.com\/product\/yoast-seo-wordpress\/ -->\n<title>Reggio: cresce l&#039;attesa per la proiezione di &quot;Per tutti Charlie&quot;<\/title>\n<meta name=\"description\" content=\"Sale l&#039;adrenalina per il grande evento, in programma sabato, alle 20:45, all&#039;Arena dello Stretto, a cui parteciper\u00e0 l&#039;ex coach Neroarancio\" \/>\n<meta name=\"robots\" content=\"index, follow, max-snippet:-1, max-image-preview:large, max-video-preview:-1\" \/>\n<link rel=\"canonical\" href=\"https:\/\/progettotouring.it\/radiotouring104\/2026\/09\/03\/cresce-lattesa-per-la-proiezione-del-docufilm-per-tutti-charlie-in-omaggio-a-coach-recalcati\/\" \/>\n<meta property=\"og:locale\" content=\"it_IT\" \/>\n<meta property=\"og:type\" content=\"article\" \/>\n<meta property=\"og:title\" content=\"Reggio: cresce l&#039;attesa per la proiezione di &quot;Per tutti Charlie&quot;\" \/>\n<meta property=\"og:description\" content=\"Sale l&#039;adrenalina per il grande evento, in programma sabato, alle 20:45, all&#039;Arena dello Stretto, a cui parteciper\u00e0 l&#039;ex coach Neroarancio\" \/>\n<meta property=\"og:url\" content=\"https:\/\/progettotouring.it\/radiotouring104\/2026\/09\/03\/cresce-lattesa-per-la-proiezione-del-docufilm-per-tutti-charlie-in-omaggio-a-coach-recalcati\/\" \/>\n<meta property=\"og:site_name\" content=\"Radio Touring 104\" \/>\n<meta property=\"article:published_time\" content=\"2026-09-03T07:11:44+00:00\" \/>\n<meta property=\"article:modified_time\" content=\"2026-09-03T07:14:03+00:00\" \/>\n<meta property=\"og:image\" content=\"https:\/\/progettotouring.it\/radiotouring104\/wp-content\/uploads\/sites\/6\/2026\/09\/Presentazione-palazzo-san-giorgio-docufilm-per-tutti-Charlie-coach-Recalcati.jpeg\" \/>\n\t<meta property=\"og:image:width\" content=\"1600\" \/>\n\t<meta property=\"og:image:height\" content=\"1184\" \/>\n\t<meta property=\"og:image:type\" content=\"image\/jpeg\" \/>\n<meta name=\"author\" content=\"Giuseppe Dattola\" \/>\n<meta name=\"twitter:card\" content=\"summary_large_image\" \/>\n<meta name=\"twitter:label1\" content=\"Scritto da\" \/>\n\t<meta name=\"twitter:data1\" content=\"Giuseppe Dattola\" \/>\n\t<meta name=\"twitter:label2\" content=\"Tempo di lettura stimato\" \/>\n\t<meta name=\"twitter:data2\" content=\"1 minuto\" \/>\n<script type=\"application\/ld+json\" class=\"yoast-schema-graph\">{\"@context\":\"https:\\\/\\\/schema.org\",\"@graph\":[{\"@type\":\"Article\",\"@id\":\"https:\\\/\\\/progettotouring.it\\\/radiotouring104\\\/2026\\\/09\\\/03\\\/cresce-lattesa-per-la-proiezione-del-docufilm-per-tutti-charlie-in-omaggio-a-coach-recalcati\\\/#article\",\"isPartOf\":{\"@id\":\"https:\\\/\\\/progettotouring.it\\\/radiotouring104\\\/2026\\\/09\\\/03\\\/cresce-lattesa-per-la-proiezione-del-docufilm-per-tutti-charlie-in-omaggio-a-coach-recalcati\\\/\"},\"author\":{\"name\":\"Giuseppe Dattola\",\"@id\":\"https:\\\/\\\/progettotouring.it\\\/radiotouring104\\\/#\\\/schema\\\/person\\\/c0e800756c839eae8c93153858959084\"},\"headline\":\"Cresce l&#8217;attesa per la proiezione del Docufilm &#8220;Per tutti Charlie&#8221;, in omaggio a Coach Recalcati\",\"datePublished\":\"2026-09-03T07:11:44+00:00\",\"dateModified\":\"2026-09-03T07:14:03+00:00\",\"mainEntityOfPage\":{\"@id\":\"https:\\\/\\\/progettotouring.it\\\/radiotouring104\\\/2026\\\/09\\\/03\\\/cresce-lattesa-per-la-proiezione-del-docufilm-per-tutti-charlie-in-omaggio-a-coach-recalcati\\\/\"},\"wordCount\":247,\"publisher\":{\"@id\":\"https:\\\/\\\/progettotouring.it\\\/radiotouring104\\\/#organization\"},\"image\":{\"@id\":\"https:\\\/\\\/progettotouring.it\\\/radiotouring104\\\/2026\\\/09\\\/03\\\/cresce-lattesa-per-la-proiezione-del-docufilm-per-tutti-charlie-in-omaggio-a-coach-recalcati\\\/#primaryimage\"},\"thumbnailUrl\":\"https:\\\/\\\/progettotouring.it\\\/radiotouring104\\\/wp-content\\\/uploads\\\/sites\\\/6\\\/2026\\\/09\\\/Presentazione-palazzo-san-giorgio-docufilm-per-tutti-Charlie-coach-Recalcati.jpeg\",\"keywords\":[\"\u201cPer Tutti Charly\u201d\",\"Alessandro Nava\",\"Arena dello Stretto\",\"Coach Carlo Recalcati\",\"Cresce l'attesa\",\"proiezione docufilm\"],\"articleSection\":[\"Home\",\"In primo piano\",\"News\",\"Reggio Calabria\"],\"inLanguage\":\"it-IT\"},{\"@type\":\"WebPage\",\"@id\":\"https:\\\/\\\/progettotouring.it\\\/radiotouring104\\\/2026\\\/09\\\/03\\\/cresce-lattesa-per-la-proiezione-del-docufilm-per-tutti-charlie-in-omaggio-a-coach-recalcati\\\/\",\"url\":\"https:\\\/\\\/progettotouring.it\\\/radiotouring104\\\/2026\\\/09\\\/03\\\/cresce-lattesa-per-la-proiezione-del-docufilm-per-tutti-charlie-in-omaggio-a-coach-recalcati\\\/\",\"name\":\"Reggio: cresce l'attesa per la proiezione di \\\"Per tutti Charlie\\\"\",\"isPartOf\":{\"@id\":\"https:\\\/\\\/progettotouring.it\\\/radiotouring104\\\/#website\"},\"primaryImageOfPage\":{\"@id\":\"https:\\\/\\\/progettotouring.it\\\/radiotouring104\\\/2026\\\/09\\\/03\\\/cresce-lattesa-per-la-proiezione-del-docufilm-per-tutti-charlie-in-omaggio-a-coach-recalcati\\\/#primaryimage\"},\"image\":{\"@id\":\"https:\\\/\\\/progettotouring.it\\\/radiotouring104\\\/2026\\\/09\\\/03\\\/cresce-lattesa-per-la-proiezione-del-docufilm-per-tutti-charlie-in-omaggio-a-coach-recalcati\\\/#primaryimage\"},\"thumbnailUrl\":\"https:\\\/\\\/progettotouring.it\\\/radiotouring104\\\/wp-content\\\/uploads\\\/sites\\\/6\\\/2026\\\/09\\\/Presentazione-palazzo-san-giorgio-docufilm-per-tutti-Charlie-coach-Recalcati.jpeg\",\"datePublished\":\"2026-09-03T07:11:44+00:00\",\"dateModified\":\"2026-09-03T07:14:03+00:00\",\"description\":\"Sale l'adrenalina per il grande evento, in programma sabato, alle 20:45, all'Arena dello Stretto, a cui parteciper\u00e0 l'ex coach Neroarancio\",\"breadcrumb\":{\"@id\":\"https:\\\/\\\/progettotouring.it\\\/radiotouring104\\\/2026\\\/09\\\/03\\\/cresce-lattesa-per-la-proiezione-del-docufilm-per-tutti-charlie-in-omaggio-a-coach-recalcati\\\/#breadcrumb\"},\"inLanguage\":\"it-IT\",\"potentialAction\":[{\"@type\":\"ReadAction\",\"target\":[\"https:\\\/\\\/progettotouring.it\\\/radiotouring104\\\/2026\\\/09\\\/03\\\/cresce-lattesa-per-la-proiezione-del-docufilm-per-tutti-charlie-in-omaggio-a-coach-recalcati\\\/\"]}]},{\"@type\":\"ImageObject\",\"inLanguage\":\"it-IT\",\"@id\":\"https:\\\/\\\/progettotouring.it\\\/radiotouring104\\\/2026\\\/09\\\/03\\\/cresce-lattesa-per-la-proiezione-del-docufilm-per-tutti-charlie-in-omaggio-a-coach-recalcati\\\/#primaryimage\",\"url\":\"https:\\\/\\\/progettotouring.it\\\/radiotouring104\\\/wp-content\\\/uploads\\\/sites\\\/6\\\/2026\\\/09\\\/Presentazione-palazzo-san-giorgio-docufilm-per-tutti-Charlie-coach-Recalcati.jpeg\",\"contentUrl\":\"https:\\\/\\\/progettotouring.it\\\/radiotouring104\\\/wp-content\\\/uploads\\\/sites\\\/6\\\/2026\\\/09\\\/Presentazione-palazzo-san-giorgio-docufilm-per-tutti-Charlie-coach-Recalcati.jpeg\",\"width\":1600,\"height\":1184},{\"@type\":\"BreadcrumbList\",\"@id\":\"https:\\\/\\\/progettotouring.it\\\/radiotouring104\\\/2026\\\/09\\\/03\\\/cresce-lattesa-per-la-proiezione-del-docufilm-per-tutti-charlie-in-omaggio-a-coach-recalcati\\\/#breadcrumb\",\"itemListElement\":[{\"@type\":\"ListItem\",\"position\":1,\"name\":\"Home\",\"item\":\"https:\\\/\\\/progettotouring.it\\\/radiotouring104\\\/\"},{\"@type\":\"ListItem\",\"position\":2,\"name\":\"Cresce l&#8217;attesa per la proiezione del Docufilm &#8220;Per tutti Charlie&#8221;, in omaggio a Coach Recalcati\"}]},{\"@type\":\"WebSite\",\"@id\":\"https:\\\/\\\/progettotouring.it\\\/radiotouring104\\\/#website\",\"url\":\"https:\\\/\\\/progettotouring.it\\\/radiotouring104\\\/\",\"name\":\"Radio Touring 104\",\"description\":\"La prima radio Reggina\",\"publisher\":{\"@id\":\"https:\\\/\\\/progettotouring.it\\\/radiotouring104\\\/#organization\"},\"potentialAction\":[{\"@type\":\"SearchAction\",\"target\":{\"@type\":\"EntryPoint\",\"urlTemplate\":\"https:\\\/\\\/progettotouring.it\\\/radiotouring104\\\/?s={search_term_string}\"},\"query-input\":{\"@type\":\"PropertyValueSpecification\",\"valueRequired\":true,\"valueName\":\"search_term_string\"}}],\"inLanguage\":\"it-IT\"},{\"@type\":\"Organization\",\"@id\":\"https:\\\/\\\/progettotouring.it\\\/radiotouring104\\\/#organization\",\"name\":\"Radio Touring 104\",\"url\":\"https:\\\/\\\/progettotouring.it\\\/radiotouring104\\\/\",\"logo\":{\"@type\":\"ImageObject\",\"inLanguage\":\"it-IT\",\"@id\":\"https:\\\/\\\/progettotouring.it\\\/radiotouring104\\\/#\\\/schema\\\/logo\\\/image\\\/\",\"url\":\"https:\\\/\\\/progettotouring.it\\\/radiotouring104\\\/wp-content\\\/uploads\\\/sites\\\/6\\\/2022\\\/02\\\/cropped-logo-radio-touring-104.png\",\"contentUrl\":\"https:\\\/\\\/progettotouring.it\\\/radiotouring104\\\/wp-content\\\/uploads\\\/sites\\\/6\\\/2022\\\/02\\\/cropped-logo-radio-touring-104.png\",\"width\":377,\"height\":182,\"caption\":\"Radio Touring 104\"},\"image\":{\"@id\":\"https:\\\/\\\/progettotouring.it\\\/radiotouring104\\\/#\\\/schema\\\/logo\\\/image\\\/\"}},{\"@type\":\"Person\",\"@id\":\"https:\\\/\\\/progettotouring.it\\\/radiotouring104\\\/#\\\/schema\\\/person\\\/c0e800756c839eae8c93153858959084\",\"name\":\"Giuseppe Dattola\",\"image\":{\"@type\":\"ImageObject\",\"inLanguage\":\"it-IT\",\"@id\":\"https:\\\/\\\/secure.gravatar.com\\\/avatar\\\/c5771b35d04c75debcca6c29ddd4741e6a8276b8c8f1598b29c8fba52c35e758?s=96&d=mm&r=g\",\"url\":\"https:\\\/\\\/secure.gravatar.com\\\/avatar\\\/c5771b35d04c75debcca6c29ddd4741e6a8276b8c8f1598b29c8fba52c35e758?s=96&d=mm&r=g\",\"contentUrl\":\"https:\\\/\\\/secure.gravatar.com\\\/avatar\\\/c5771b35d04c75debcca6c29ddd4741e6a8276b8c8f1598b29c8fba52c35e758?s=96&d=mm&r=g\",\"caption\":\"Giuseppe Dattola\"},\"url\":\"https:\\\/\\\/progettotouring.it\\\/radiotouring104\\\/author\\\/gdattola\\\/\"}]}<\/script>\n<!-- \/ Yoast SEO plugin. -->","yoast_head_json":{"title":"Reggio: cresce l'attesa per la proiezione di \"Per tutti Charlie\"","description":"Sale l'adrenalina per il grande evento, in programma sabato, alle 20:45, all'Arena dello Stretto, a cui parteciper\u00e0 l'ex coach Neroarancio","robots":{"index":"index","follow":"follow","max-snippet":"max-snippet:-1","max-image-preview":"max-image-preview:large","max-video-preview":"max-video-preview:-1"},"canonical":"https:\/\/progettotouring.it\/radiotouring104\/2026\/09\/03\/cresce-lattesa-per-la-proiezione-del-docufilm-per-tutti-charlie-in-omaggio-a-coach-recalcati\/","og_locale":"it_IT","og_type":"article","og_title":"Reggio: cresce l'attesa per la proiezione di \"Per tutti Charlie\"","og_description":"Sale l'adrenalina per il grande evento, in programma sabato, alle 20:45, all'Arena dello Stretto, a cui parteciper\u00e0 l'ex coach Neroarancio","og_url":"https:\/\/progettotouring.it\/radiotouring104\/2026\/09\/03\/cresce-lattesa-per-la-proiezione-del-docufilm-per-tutti-charlie-in-omaggio-a-coach-recalcati\/","og_site_name":"Radio Touring 104","article_published_time":"2026-09-03T07:11:44+00:00","article_modified_time":"2026-09-03T07:14:03+00:00","og_image":[{"width":1600,"height":1184,"url":"https:\/\/progettotouring.it\/radiotouring104\/wp-content\/uploads\/sites\/6\/2026\/09\/Presentazione-palazzo-san-giorgio-docufilm-per-tutti-Charlie-coach-Recalcati.jpeg","type":"image\/jpeg"}],"author":"Giuseppe Dattola","twitter_card":"summary_large_image","twitter_misc":{"Scritto da":"Giuseppe Dattola","Tempo di lettura stimato":"1 minuto"},"schema":{"@context":"https:\/\/schema.org","@graph":[{"@type":"Article","@id":"https:\/\/progettotouring.it\/radiotouring104\/2026\/09\/03\/cresce-lattesa-per-la-proiezione-del-docufilm-per-tutti-charlie-in-omaggio-a-coach-recalcati\/#article","isPartOf":{"@id":"https:\/\/progettotouring.it\/radiotouring104\/2026\/09\/03\/cresce-lattesa-per-la-proiezione-del-docufilm-per-tutti-charlie-in-omaggio-a-coach-recalcati\/"},"author":{"name":"Giuseppe Dattola","@id":"https:\/\/progettotouring.it\/radiotouring104\/#\/schema\/person\/c0e800756c839eae8c93153858959084"},"headline":"Cresce l&#8217;attesa per la proiezione del Docufilm &#8220;Per tutti Charlie&#8221;, in omaggio a Coach Recalcati","datePublished":"2026-09-03T07:11:44+00:00","dateModified":"2026-09-03T07:14:03+00:00","mainEntityOfPage":{"@id":"https:\/\/progettotouring.it\/radiotouring104\/2026\/09\/03\/cresce-lattesa-per-la-proiezione-del-docufilm-per-tutti-charlie-in-omaggio-a-coach-recalcati\/"},"wordCount":247,"publisher":{"@id":"https:\/\/progettotouring.it\/radiotouring104\/#organization"},"image":{"@id":"https:\/\/progettotouring.it\/radiotouring104\/2026\/09\/03\/cresce-lattesa-per-la-proiezione-del-docufilm-per-tutti-charlie-in-omaggio-a-coach-recalcati\/#primaryimage"},"thumbnailUrl":"https:\/\/progettotouring.it\/radiotouring104\/wp-content\/uploads\/sites\/6\/2026\/09\/Presentazione-palazzo-san-giorgio-docufilm-per-tutti-Charlie-coach-Recalcati.jpeg","keywords":["\u201cPer Tutti Charly\u201d","Alessandro Nava","Arena dello Stretto","Coach Carlo Recalcati","Cresce l'attesa","proiezione docufilm"],"articleSection":["Home","In primo piano","News","Reggio Calabria"],"inLanguage":"it-IT"},{"@type":"WebPage","@id":"https:\/\/progettotouring.it\/radiotouring104\/2026\/09\/03\/cresce-lattesa-per-la-proiezione-del-docufilm-per-tutti-charlie-in-omaggio-a-coach-recalcati\/","url":"https:\/\/progettotouring.it\/radiotouring104\/2026\/09\/03\/cresce-lattesa-per-la-proiezione-del-docufilm-per-tutti-charlie-in-omaggio-a-coach-recalcati\/","name":"Reggio: cresce l'attesa per la proiezione di \"Per tutti Charlie\"","isPartOf":{"@id":"https:\/\/progettotouring.it\/radiotouring104\/#website"},"primaryImageOfPage":{"@id":"https:\/\/progettotouring.it\/radiotouring104\/2026\/09\/03\/cresce-lattesa-per-la-proiezione-del-docufilm-per-tutti-charlie-in-omaggio-a-coach-recalcati\/#primaryimage"},"image":{"@id":"https:\/\/progettotouring.it\/radiotouring104\/2026\/09\/03\/cresce-lattesa-per-la-proiezione-del-docufilm-per-tutti-charlie-in-omaggio-a-coach-recalcati\/#primaryimage"},"thumbnailUrl":"https:\/\/progettotouring.it\/radiotouring104\/wp-content\/uploads\/sites\/6\/2026\/09\/Presentazione-palazzo-san-giorgio-docufilm-per-tutti-Charlie-coach-Recalcati.jpeg","datePublished":"2026-09-03T07:11:44+00:00","dateModified":"2026-09-03T07:14:03+00:00","description":"Sale l'adrenalina per il grande evento, in programma sabato, alle 20:45, all'Arena dello Stretto, a cui parteciper\u00e0 l'ex coach Neroarancio","breadcrumb":{"@id":"https:\/\/progettotouring.it\/radiotouring104\/2026\/09\/03\/cresce-lattesa-per-la-proiezione-del-docufilm-per-tutti-charlie-in-omaggio-a-coach-recalcati\/#breadcrumb"},"inLanguage":"it-IT","potentialAction":[{"@type":"ReadAction","target":["https:\/\/progettotouring.it\/radiotouring104\/2026\/09\/03\/cresce-lattesa-per-la-proiezione-del-docufilm-per-tutti-charlie-in-omaggio-a-coach-recalcati\/"]}]},{"@type":"ImageObject","inLanguage":"it-IT","@id":"https:\/\/progettotouring.it\/radiotouring104\/2026\/09\/03\/cresce-lattesa-per-la-proiezione-del-docufilm-per-tutti-charlie-in-omaggio-a-coach-recalcati\/#primaryimage","url":"https:\/\/progettotouring.it\/radiotouring104\/wp-content\/uploads\/sites\/6\/2026\/09\/Presentazione-palazzo-san-giorgio-docufilm-per-tutti-Charlie-coach-Recalcati.jpeg","contentUrl":"https:\/\/progettotouring.it\/radiotouring104\/wp-content\/uploads\/sites\/6\/2026\/09\/Presentazione-palazzo-san-giorgio-docufilm-per-tutti-Charlie-coach-Recalcati.jpeg","width":1600,"height":1184},{"@type":"BreadcrumbList","@id":"https:\/\/progettotouring.it\/radiotouring104\/2026\/09\/03\/cresce-lattesa-per-la-proiezione-del-docufilm-per-tutti-charlie-in-omaggio-a-coach-recalcati\/#breadcrumb","itemListElement":[{"@type":"ListItem","position":1,"name":"Home","item":"https:\/\/progettotouring.it\/radiotouring104\/"},{"@type":"ListItem","position":2,"name":"Cresce l&#8217;attesa per la proiezione del Docufilm &#8220;Per tutti Charlie&#8221;, in omaggio a Coach Recalcati"}]},{"@type":"WebSite","@id":"https:\/\/progettotouring.it\/radiotouring104\/#website","url":"https:\/\/progettotouring.it\/radiotouring104\/","name":"Radio Touring 104","description":"La prima radio Reggina","publisher":{"@id":"https:\/\/progettotouring.it\/radiotouring104\/#organization"},"potentialAction":[{"@type":"SearchAction","target":{"@type":"EntryPoint","urlTemplate":"https:\/\/progettotouring.it\/radiotouring104\/?s={search_term_string}"},"query-input":{"@type":"PropertyValueSpecification","valueRequired":true,"valueName":"search_term_string"}}],"inLanguage":"it-IT"},{"@type":"Organization","@id":"https:\/\/progettotouring.it\/radiotouring104\/#organization","name":"Radio Touring 104","url":"https:\/\/progettotouring.it\/radiotouring104\/","logo":{"@type":"ImageObject","inLanguage":"it-IT","@id":"https:\/\/progettotouring.it\/radiotouring104\/#\/schema\/logo\/image\/","url":"https:\/\/progettotouring.it\/radiotouring104\/wp-content\/uploads\/sites\/6\/2022\/02\/cropped-logo-radio-touring-104.png","contentUrl":"https:\/\/progettotouring.it\/radiotouring104\/wp-content\/uploads\/sites\/6\/2022\/02\/cropped-logo-radio-touring-104.png","width":377,"height":182,"caption":"Radio Touring 104"},"image":{"@id":"https:\/\/progettotouring.it\/radiotouring104\/#\/schema\/logo\/image\/"}},{"@type":"Person","@id":"https:\/\/progettotouring.it\/radiotouring104\/#\/schema\/person\/c0e800756c839eae8c93153858959084","name":"Giuseppe Dattola","image":{"@type":"ImageObject","inLanguage":"it-IT","@id":"https:\/\/secure.gravatar.com\/avatar\/c5771b35d04c75debcca6c29ddd4741e6a8276b8c8f1598b29c8fba52c35e758?s=96&d=mm&r=g","url":"https:\/\/secure.gravatar.com\/avatar\/c5771b35d04c75debcca6c29ddd4741e6a8276b8c8f1598b29c8fba52c35e758?s=96&d=mm&r=g","contentUrl":"https:\/\/secure.gravatar.com\/avatar\/c5771b35d04c75debcca6c29ddd4741e6a8276b8c8f1598b29c8fba52c35e758?s=96&d=mm&r=g","caption":"Giuseppe Dattola"},"url":"https:\/\/progettotouring.it\/radiotouring104\/author\/gdattola\/"}]}},"jetpack_publicize_connections":[],"jetpack_sharing_enabled":true,"jetpack_featured_media_url":"https:\/\/progettotouring.it\/radiotouring104\/wp-content\/uploads\/sites\/6\/2026\/09\/Presentazione-palazzo-san-giorgio-docufilm-per-tutti-Charlie-coach-Recalcati.jpeg","_links":{"self":[{"href":"https:\/\/progettotouring.it\/radiotouring104\/wp-json\/wp\/v2\/posts\/99671","targetHints":{"allow":["GET"]}}],"collection":[{"href":"https:\/\/progettotouring.it\/radiotouring104\/wp-json\/wp\/v2\/posts"}],"about":[{"href":"https:\/\/progettotouring.it\/radiotouring104\/wp-json\/wp\/v2\/types\/post"}],"author":[{"embeddable":true,"href":"https:\/\/progettotouring.it\/radiotouring104\/wp-json\/wp\/v2\/users\/21"}],"replies":[{"embeddable":true,"href":"https:\/\/progettotouring.it\/radiotouring104\/wp-json\/wp\/v2\/comments?post=99671"}],"version-history":[{"count":1,"href":"https:\/\/progettotouring.it\/radiotouring104\/wp-json\/wp\/v2\/posts\/99671\/revisions"}],"predecessor-version":[{"id":99673,"href":"https:\/\/progettotouring.it\/radiotouring104\/wp-json\/wp\/v2\/posts\/99671\/revisions\/99673"}],"wp:featuredmedia":[{"embeddable":true,"href":"https:\/\/progettotouring.it\/radiotouring104\/wp-json\/wp\/v2\/media\/99672"}],"wp:attachment":[{"href":"https:\/\/progettotouring.it\/radiotouring104\/wp-json\/wp\/v2\/media?parent=99671"}],"wp:term":[{"taxonomy":"category","embeddable":true,"href":"https:\/\/progettotouring.it\/radiotouring104\/wp-json\/wp\/v2\/categories?post=99671"},{"taxonomy":"post_tag","embeddable":true,"href":"https:\/\/progettotouring.it\/radiotouring104\/wp-json\/wp\/v2\/tags?post=99671"}],"curies":[{"name":"wp","href":"https:\/\/api.w.org\/{rel}","templated":true}]}}