{"id":99679,"date":"2026-09-03T09:43:24","date_gmt":"2026-09-03T07:43:24","guid":{"rendered":"https:\/\/progettotouring.it\/radiotouring104\/?p=99679"},"modified":"2026-09-03T09:43:24","modified_gmt":"2026-09-03T07:43:24","slug":"concorsi-in-calabria-parte-il-reclutamento-di-33-profili-nelle-aziende-sanitarie","status":"publish","type":"post","link":"https:\/\/progettotouring.it\/radiotouring104\/2026\/09\/03\/concorsi-in-calabria-parte-il-reclutamento-di-33-profili-nelle-aziende-sanitarie\/","title":{"rendered":"Concorsi in Calabria: parte il reclutamento di 33 profili nelle aziende sanitarie"},"content":{"rendered":"<p>Il nuovo concorso bandito da Azienda Zero \u00e8 finalizzato esclusivamente a completare gli organici delle Aziende Sanitarie Provinciali calabresi.<\/p>\n<p>\u00c8 degli ultimi giorni l&#8217;avviso pubblicato dall&#8217;ente di governance che ha ricevuto dalla Regione la delega per la gestione centralizzata di tutte le procedure selettive a tempo indeterminato e determinato. Sulla base dei fabbisogni espressi dalle Asp della Calabria, \u00e8 stata indetta una selezione per il reclutamento di 32 ostetriche a tempo pieno e indeterminato.Il contingente pi\u00f9 numeroso andr\u00e0 a potenziare i reparti e gli ambulatori dell&#8217;Asp di Reggio Calabria (12 unit\u00e0), mentre otto professionisti sono stati richiesti dall&#8217;Asp di Crotone, sette da quella di Catanzaro e cinque da quella di Cosenza.<\/p>\n<p>La procedura si \u00e8 resa necessaria per l&#8217;assenza di graduatorie in corso di validit\u00e0 per i profili ricercati e sar\u00e0 preceduta da un avviso di mobilit\u00e0 volontaria esterna &#8220;stante la perdurante carenza di tali professionalit\u00e0&#8221;.Un&#8217;ulteriore selezione \u00e8 stata inoltre indetta per il reclutamento di un dirigente medico specializzato in medicina nucleare.<\/p>\n<p>Il professionista sar\u00e0 assegnato all&#8217;Azienda ospedaliero-universitaria Dulbecco di Catanzaro. Anche in questo caso il bando sar\u00e0 preceduto da un avviso di mobilit\u00e0.<\/p>\n","protected":false},"excerpt":{"rendered":"<p>Il nuovo concorso bandito da Azienda Zero \u00e8 finalizzato esclusivamente a completare gli organici delle Aziende Sanitarie Provinciali calabresi. \u00c8 degli ultimi giorni l&#8217;avviso pubblicato dall&#8217;ente di governance che ha&hellip;<\/p>\n","protected":false},"author":12,"featured_media":90083,"comment_status":"closed","ping_status":"open","sticky":false,"template":"","format":"standard","meta":{"_jetpack_newsletter_access":"","_jetpack_dont_email_post_to_subs":false,"_jetpack_newsletter_tier_id":0,"_jetpack_memberships_contains_paywalled_content":false,"_jetpack_feature_clip_id":0,"_jetpack_memberships_contains_paid_content":false,"footnotes":"","jetpack_publicize_message":"","jetpack_publicize_feature_enabled":true,"jetpack_social_post_already_shared":true,"jetpack_social_options":{"image_generator_settings":{"template":"highway","default_image_id":0,"font":"","enabled":false},"version":2},"jetpack_post_was_ever_published":false},"categories":[142,921,196],"tags":[11217,11415,56239,56238],"class_list":["post-99679","post","type-post","status-publish","format-standard","has-post-thumbnail","hentry","category-calabria","category-home","category-news","tag-azienda-sanitaria","tag-azienda-zero","tag-concorsi-in-calabria","tag-reclutamento-33-profili"],"yoast_head":"<!-- This site is optimized with the Yoast SEO plugin v28.3 - https:\/\/yoast.com\/product\/yoast-seo-wordpress\/ -->\n<title>Concorsi in Calabria: parte il reclutamento di 33 profili sanitari<\/title>\n<meta name=\"description\" content=\"Azienda Zero mette a bando le procedure centralizzate per il reclutamento nelle aziende sanitarie di 33 profili professionali. Ecco quali\" \/>\n<meta name=\"robots\" content=\"index, follow, max-snippet:-1, max-image-preview:large, max-video-preview:-1\" \/>\n<link rel=\"canonical\" href=\"https:\/\/progettotouring.it\/radiotouring104\/2026\/09\/03\/concorsi-in-calabria-parte-il-reclutamento-di-33-profili-nelle-aziende-sanitarie\/\" \/>\n<meta property=\"og:locale\" content=\"it_IT\" \/>\n<meta property=\"og:type\" content=\"article\" \/>\n<meta property=\"og:title\" content=\"Concorsi in Calabria: parte il reclutamento di 33 profili sanitari\" \/>\n<meta property=\"og:description\" content=\"Azienda Zero mette a bando le procedure centralizzate per il reclutamento nelle aziende sanitarie di 33 profili professionali. Ecco quali\" \/>\n<meta property=\"og:url\" content=\"https:\/\/progettotouring.it\/radiotouring104\/2026\/09\/03\/concorsi-in-calabria-parte-il-reclutamento-di-33-profili-nelle-aziende-sanitarie\/\" \/>\n<meta property=\"og:site_name\" content=\"Radio Touring 104\" \/>\n<meta property=\"article:published_time\" content=\"2026-09-03T07:43:24+00:00\" \/>\n<meta property=\"og:image\" content=\"https:\/\/progettotouring.it\/radiotouring104\/wp-content\/uploads\/sites\/6\/2026\/02\/Sanita-Calabria-Medico-Dottore.jpg\" \/>\n\t<meta property=\"og:image:width\" content=\"651\" \/>\n\t<meta property=\"og:image:height\" content=\"434\" \/>\n\t<meta property=\"og:image:type\" content=\"image\/jpeg\" \/>\n<meta name=\"author\" content=\"Sebastiano Plutino\" \/>\n<meta name=\"twitter:card\" content=\"summary_large_image\" \/>\n<meta name=\"twitter:label1\" content=\"Scritto da\" \/>\n\t<meta name=\"twitter:data1\" content=\"Sebastiano Plutino\" \/>\n\t<meta name=\"twitter:label2\" content=\"Tempo di lettura stimato\" \/>\n\t<meta name=\"twitter:data2\" content=\"1 minuto\" \/>\n<script type=\"application\/ld+json\" class=\"yoast-schema-graph\">{\"@context\":\"https:\\\/\\\/schema.org\",\"@graph\":[{\"@type\":\"Article\",\"@id\":\"https:\\\/\\\/progettotouring.it\\\/radiotouring104\\\/2026\\\/09\\\/03\\\/concorsi-in-calabria-parte-il-reclutamento-di-33-profili-nelle-aziende-sanitarie\\\/#article\",\"isPartOf\":{\"@id\":\"https:\\\/\\\/progettotouring.it\\\/radiotouring104\\\/2026\\\/09\\\/03\\\/concorsi-in-calabria-parte-il-reclutamento-di-33-profili-nelle-aziende-sanitarie\\\/\"},\"author\":{\"name\":\"Sebastiano Plutino\",\"@id\":\"https:\\\/\\\/progettotouring.it\\\/radiotouring104\\\/#\\\/schema\\\/person\\\/78613917f1851f041f7483f5af1d422e\"},\"headline\":\"Concorsi in Calabria: parte il reclutamento di 33 profili nelle aziende sanitarie\",\"datePublished\":\"2026-09-03T07:43:24+00:00\",\"mainEntityOfPage\":{\"@id\":\"https:\\\/\\\/progettotouring.it\\\/radiotouring104\\\/2026\\\/09\\\/03\\\/concorsi-in-calabria-parte-il-reclutamento-di-33-profili-nelle-aziende-sanitarie\\\/\"},\"wordCount\":190,\"publisher\":{\"@id\":\"https:\\\/\\\/progettotouring.it\\\/radiotouring104\\\/#organization\"},\"image\":{\"@id\":\"https:\\\/\\\/progettotouring.it\\\/radiotouring104\\\/2026\\\/09\\\/03\\\/concorsi-in-calabria-parte-il-reclutamento-di-33-profili-nelle-aziende-sanitarie\\\/#primaryimage\"},\"thumbnailUrl\":\"https:\\\/\\\/progettotouring.it\\\/radiotouring104\\\/wp-content\\\/uploads\\\/sites\\\/6\\\/2026\\\/02\\\/Sanita-Calabria-Medico-Dottore.jpg\",\"keywords\":[\"Azienda Sanitaria\",\"Azienda Zero\",\"concorsi in Calabria\",\"reclutamento 33 profili\"],\"articleSection\":[\"Calabria\",\"Home\",\"News\"],\"inLanguage\":\"it-IT\"},{\"@type\":\"WebPage\",\"@id\":\"https:\\\/\\\/progettotouring.it\\\/radiotouring104\\\/2026\\\/09\\\/03\\\/concorsi-in-calabria-parte-il-reclutamento-di-33-profili-nelle-aziende-sanitarie\\\/\",\"url\":\"https:\\\/\\\/progettotouring.it\\\/radiotouring104\\\/2026\\\/09\\\/03\\\/concorsi-in-calabria-parte-il-reclutamento-di-33-profili-nelle-aziende-sanitarie\\\/\",\"name\":\"Concorsi in Calabria: parte il reclutamento di 33 profili sanitari\",\"isPartOf\":{\"@id\":\"https:\\\/\\\/progettotouring.it\\\/radiotouring104\\\/#website\"},\"primaryImageOfPage\":{\"@id\":\"https:\\\/\\\/progettotouring.it\\\/radiotouring104\\\/2026\\\/09\\\/03\\\/concorsi-in-calabria-parte-il-reclutamento-di-33-profili-nelle-aziende-sanitarie\\\/#primaryimage\"},\"image\":{\"@id\":\"https:\\\/\\\/progettotouring.it\\\/radiotouring104\\\/2026\\\/09\\\/03\\\/concorsi-in-calabria-parte-il-reclutamento-di-33-profili-nelle-aziende-sanitarie\\\/#primaryimage\"},\"thumbnailUrl\":\"https:\\\/\\\/progettotouring.it\\\/radiotouring104\\\/wp-content\\\/uploads\\\/sites\\\/6\\\/2026\\\/02\\\/Sanita-Calabria-Medico-Dottore.jpg\",\"datePublished\":\"2026-09-03T07:43:24+00:00\",\"description\":\"Azienda Zero mette a bando le procedure centralizzate per il reclutamento nelle aziende sanitarie di 33 profili professionali. Ecco quali\",\"breadcrumb\":{\"@id\":\"https:\\\/\\\/progettotouring.it\\\/radiotouring104\\\/2026\\\/09\\\/03\\\/concorsi-in-calabria-parte-il-reclutamento-di-33-profili-nelle-aziende-sanitarie\\\/#breadcrumb\"},\"inLanguage\":\"it-IT\",\"potentialAction\":[{\"@type\":\"ReadAction\",\"target\":[\"https:\\\/\\\/progettotouring.it\\\/radiotouring104\\\/2026\\\/09\\\/03\\\/concorsi-in-calabria-parte-il-reclutamento-di-33-profili-nelle-aziende-sanitarie\\\/\"]}]},{\"@type\":\"ImageObject\",\"inLanguage\":\"it-IT\",\"@id\":\"https:\\\/\\\/progettotouring.it\\\/radiotouring104\\\/2026\\\/09\\\/03\\\/concorsi-in-calabria-parte-il-reclutamento-di-33-profili-nelle-aziende-sanitarie\\\/#primaryimage\",\"url\":\"https:\\\/\\\/progettotouring.it\\\/radiotouring104\\\/wp-content\\\/uploads\\\/sites\\\/6\\\/2026\\\/02\\\/Sanita-Calabria-Medico-Dottore.jpg\",\"contentUrl\":\"https:\\\/\\\/progettotouring.it\\\/radiotouring104\\\/wp-content\\\/uploads\\\/sites\\\/6\\\/2026\\\/02\\\/Sanita-Calabria-Medico-Dottore.jpg\",\"width\":651,\"height\":434},{\"@type\":\"BreadcrumbList\",\"@id\":\"https:\\\/\\\/progettotouring.it\\\/radiotouring104\\\/2026\\\/09\\\/03\\\/concorsi-in-calabria-parte-il-reclutamento-di-33-profili-nelle-aziende-sanitarie\\\/#breadcrumb\",\"itemListElement\":[{\"@type\":\"ListItem\",\"position\":1,\"name\":\"Home\",\"item\":\"https:\\\/\\\/progettotouring.it\\\/radiotouring104\\\/\"},{\"@type\":\"ListItem\",\"position\":2,\"name\":\"Concorsi in Calabria: parte il reclutamento di 33 profili nelle aziende sanitarie\"}]},{\"@type\":\"WebSite\",\"@id\":\"https:\\\/\\\/progettotouring.it\\\/radiotouring104\\\/#website\",\"url\":\"https:\\\/\\\/progettotouring.it\\\/radiotouring104\\\/\",\"name\":\"Radio Touring 104\",\"description\":\"La prima radio Reggina\",\"publisher\":{\"@id\":\"https:\\\/\\\/progettotouring.it\\\/radiotouring104\\\/#organization\"},\"potentialAction\":[{\"@type\":\"SearchAction\",\"target\":{\"@type\":\"EntryPoint\",\"urlTemplate\":\"https:\\\/\\\/progettotouring.it\\\/radiotouring104\\\/?s={search_term_string}\"},\"query-input\":{\"@type\":\"PropertyValueSpecification\",\"valueRequired\":true,\"valueName\":\"search_term_string\"}}],\"inLanguage\":\"it-IT\"},{\"@type\":\"Organization\",\"@id\":\"https:\\\/\\\/progettotouring.it\\\/radiotouring104\\\/#organization\",\"name\":\"Radio Touring 104\",\"url\":\"https:\\\/\\\/progettotouring.it\\\/radiotouring104\\\/\",\"logo\":{\"@type\":\"ImageObject\",\"inLanguage\":\"it-IT\",\"@id\":\"https:\\\/\\\/progettotouring.it\\\/radiotouring104\\\/#\\\/schema\\\/logo\\\/image\\\/\",\"url\":\"https:\\\/\\\/progettotouring.it\\\/radiotouring104\\\/wp-content\\\/uploads\\\/sites\\\/6\\\/2022\\\/02\\\/cropped-logo-radio-touring-104.png\",\"contentUrl\":\"https:\\\/\\\/progettotouring.it\\\/radiotouring104\\\/wp-content\\\/uploads\\\/sites\\\/6\\\/2022\\\/02\\\/cropped-logo-radio-touring-104.png\",\"width\":377,\"height\":182,\"caption\":\"Radio Touring 104\"},\"image\":{\"@id\":\"https:\\\/\\\/progettotouring.it\\\/radiotouring104\\\/#\\\/schema\\\/logo\\\/image\\\/\"}},{\"@type\":\"Person\",\"@id\":\"https:\\\/\\\/progettotouring.it\\\/radiotouring104\\\/#\\\/schema\\\/person\\\/78613917f1851f041f7483f5af1d422e\",\"name\":\"Sebastiano Plutino\",\"image\":{\"@type\":\"ImageObject\",\"inLanguage\":\"it-IT\",\"@id\":\"https:\\\/\\\/secure.gravatar.com\\\/avatar\\\/0546ffaa9b79224faf9f2a156b67a529ae861d3287c66c1d8ccfdf909bcba78d?s=96&d=mm&r=g\",\"url\":\"https:\\\/\\\/secure.gravatar.com\\\/avatar\\\/0546ffaa9b79224faf9f2a156b67a529ae861d3287c66c1d8ccfdf909bcba78d?s=96&d=mm&r=g\",\"contentUrl\":\"https:\\\/\\\/secure.gravatar.com\\\/avatar\\\/0546ffaa9b79224faf9f2a156b67a529ae861d3287c66c1d8ccfdf909bcba78d?s=96&d=mm&r=g\",\"caption\":\"Sebastiano Plutino\"},\"url\":\"https:\\\/\\\/progettotouring.it\\\/radiotouring104\\\/author\\\/sebastiano\\\/\"}]}<\/script>\n<!-- \/ Yoast SEO plugin. -->","yoast_head_json":{"title":"Concorsi in Calabria: parte il reclutamento di 33 profili sanitari","description":"Azienda Zero mette a bando le procedure centralizzate per il reclutamento nelle aziende sanitarie di 33 profili professionali. Ecco quali","robots":{"index":"index","follow":"follow","max-snippet":"max-snippet:-1","max-image-preview":"max-image-preview:large","max-video-preview":"max-video-preview:-1"},"canonical":"https:\/\/progettotouring.it\/radiotouring104\/2026\/09\/03\/concorsi-in-calabria-parte-il-reclutamento-di-33-profili-nelle-aziende-sanitarie\/","og_locale":"it_IT","og_type":"article","og_title":"Concorsi in Calabria: parte il reclutamento di 33 profili sanitari","og_description":"Azienda Zero mette a bando le procedure centralizzate per il reclutamento nelle aziende sanitarie di 33 profili professionali. Ecco quali","og_url":"https:\/\/progettotouring.it\/radiotouring104\/2026\/09\/03\/concorsi-in-calabria-parte-il-reclutamento-di-33-profili-nelle-aziende-sanitarie\/","og_site_name":"Radio Touring 104","article_published_time":"2026-09-03T07:43:24+00:00","og_image":[{"width":651,"height":434,"url":"https:\/\/progettotouring.it\/radiotouring104\/wp-content\/uploads\/sites\/6\/2026\/02\/Sanita-Calabria-Medico-Dottore.jpg","type":"image\/jpeg"}],"author":"Sebastiano Plutino","twitter_card":"summary_large_image","twitter_misc":{"Scritto da":"Sebastiano Plutino","Tempo di lettura stimato":"1 minuto"},"schema":{"@context":"https:\/\/schema.org","@graph":[{"@type":"Article","@id":"https:\/\/progettotouring.it\/radiotouring104\/2026\/09\/03\/concorsi-in-calabria-parte-il-reclutamento-di-33-profili-nelle-aziende-sanitarie\/#article","isPartOf":{"@id":"https:\/\/progettotouring.it\/radiotouring104\/2026\/09\/03\/concorsi-in-calabria-parte-il-reclutamento-di-33-profili-nelle-aziende-sanitarie\/"},"author":{"name":"Sebastiano Plutino","@id":"https:\/\/progettotouring.it\/radiotouring104\/#\/schema\/person\/78613917f1851f041f7483f5af1d422e"},"headline":"Concorsi in Calabria: parte il reclutamento di 33 profili nelle aziende sanitarie","datePublished":"2026-09-03T07:43:24+00:00","mainEntityOfPage":{"@id":"https:\/\/progettotouring.it\/radiotouring104\/2026\/09\/03\/concorsi-in-calabria-parte-il-reclutamento-di-33-profili-nelle-aziende-sanitarie\/"},"wordCount":190,"publisher":{"@id":"https:\/\/progettotouring.it\/radiotouring104\/#organization"},"image":{"@id":"https:\/\/progettotouring.it\/radiotouring104\/2026\/09\/03\/concorsi-in-calabria-parte-il-reclutamento-di-33-profili-nelle-aziende-sanitarie\/#primaryimage"},"thumbnailUrl":"https:\/\/progettotouring.it\/radiotouring104\/wp-content\/uploads\/sites\/6\/2026\/02\/Sanita-Calabria-Medico-Dottore.jpg","keywords":["Azienda Sanitaria","Azienda Zero","concorsi in Calabria","reclutamento 33 profili"],"articleSection":["Calabria","Home","News"],"inLanguage":"it-IT"},{"@type":"WebPage","@id":"https:\/\/progettotouring.it\/radiotouring104\/2026\/09\/03\/concorsi-in-calabria-parte-il-reclutamento-di-33-profili-nelle-aziende-sanitarie\/","url":"https:\/\/progettotouring.it\/radiotouring104\/2026\/09\/03\/concorsi-in-calabria-parte-il-reclutamento-di-33-profili-nelle-aziende-sanitarie\/","name":"Concorsi in Calabria: parte il reclutamento di 33 profili sanitari","isPartOf":{"@id":"https:\/\/progettotouring.it\/radiotouring104\/#website"},"primaryImageOfPage":{"@id":"https:\/\/progettotouring.it\/radiotouring104\/2026\/09\/03\/concorsi-in-calabria-parte-il-reclutamento-di-33-profili-nelle-aziende-sanitarie\/#primaryimage"},"image":{"@id":"https:\/\/progettotouring.it\/radiotouring104\/2026\/09\/03\/concorsi-in-calabria-parte-il-reclutamento-di-33-profili-nelle-aziende-sanitarie\/#primaryimage"},"thumbnailUrl":"https:\/\/progettotouring.it\/radiotouring104\/wp-content\/uploads\/sites\/6\/2026\/02\/Sanita-Calabria-Medico-Dottore.jpg","datePublished":"2026-09-03T07:43:24+00:00","description":"Azienda Zero mette a bando le procedure centralizzate per il reclutamento nelle aziende sanitarie di 33 profili professionali. Ecco quali","breadcrumb":{"@id":"https:\/\/progettotouring.it\/radiotouring104\/2026\/09\/03\/concorsi-in-calabria-parte-il-reclutamento-di-33-profili-nelle-aziende-sanitarie\/#breadcrumb"},"inLanguage":"it-IT","potentialAction":[{"@type":"ReadAction","target":["https:\/\/progettotouring.it\/radiotouring104\/2026\/09\/03\/concorsi-in-calabria-parte-il-reclutamento-di-33-profili-nelle-aziende-sanitarie\/"]}]},{"@type":"ImageObject","inLanguage":"it-IT","@id":"https:\/\/progettotouring.it\/radiotouring104\/2026\/09\/03\/concorsi-in-calabria-parte-il-reclutamento-di-33-profili-nelle-aziende-sanitarie\/#primaryimage","url":"https:\/\/progettotouring.it\/radiotouring104\/wp-content\/uploads\/sites\/6\/2026\/02\/Sanita-Calabria-Medico-Dottore.jpg","contentUrl":"https:\/\/progettotouring.it\/radiotouring104\/wp-content\/uploads\/sites\/6\/2026\/02\/Sanita-Calabria-Medico-Dottore.jpg","width":651,"height":434},{"@type":"BreadcrumbList","@id":"https:\/\/progettotouring.it\/radiotouring104\/2026\/09\/03\/concorsi-in-calabria-parte-il-reclutamento-di-33-profili-nelle-aziende-sanitarie\/#breadcrumb","itemListElement":[{"@type":"ListItem","position":1,"name":"Home","item":"https:\/\/progettotouring.it\/radiotouring104\/"},{"@type":"ListItem","position":2,"name":"Concorsi in Calabria: parte il reclutamento di 33 profili nelle aziende sanitarie"}]},{"@type":"WebSite","@id":"https:\/\/progettotouring.it\/radiotouring104\/#website","url":"https:\/\/progettotouring.it\/radiotouring104\/","name":"Radio Touring 104","description":"La prima radio Reggina","publisher":{"@id":"https:\/\/progettotouring.it\/radiotouring104\/#organization"},"potentialAction":[{"@type":"SearchAction","target":{"@type":"EntryPoint","urlTemplate":"https:\/\/progettotouring.it\/radiotouring104\/?s={search_term_string}"},"query-input":{"@type":"PropertyValueSpecification","valueRequired":true,"valueName":"search_term_string"}}],"inLanguage":"it-IT"},{"@type":"Organization","@id":"https:\/\/progettotouring.it\/radiotouring104\/#organization","name":"Radio Touring 104","url":"https:\/\/progettotouring.it\/radiotouring104\/","logo":{"@type":"ImageObject","inLanguage":"it-IT","@id":"https:\/\/progettotouring.it\/radiotouring104\/#\/schema\/logo\/image\/","url":"https:\/\/progettotouring.it\/radiotouring104\/wp-content\/uploads\/sites\/6\/2022\/02\/cropped-logo-radio-touring-104.png","contentUrl":"https:\/\/progettotouring.it\/radiotouring104\/wp-content\/uploads\/sites\/6\/2022\/02\/cropped-logo-radio-touring-104.png","width":377,"height":182,"caption":"Radio Touring 104"},"image":{"@id":"https:\/\/progettotouring.it\/radiotouring104\/#\/schema\/logo\/image\/"}},{"@type":"Person","@id":"https:\/\/progettotouring.it\/radiotouring104\/#\/schema\/person\/78613917f1851f041f7483f5af1d422e","name":"Sebastiano Plutino","image":{"@type":"ImageObject","inLanguage":"it-IT","@id":"https:\/\/secure.gravatar.com\/avatar\/0546ffaa9b79224faf9f2a156b67a529ae861d3287c66c1d8ccfdf909bcba78d?s=96&d=mm&r=g","url":"https:\/\/secure.gravatar.com\/avatar\/0546ffaa9b79224faf9f2a156b67a529ae861d3287c66c1d8ccfdf909bcba78d?s=96&d=mm&r=g","contentUrl":"https:\/\/secure.gravatar.com\/avatar\/0546ffaa9b79224faf9f2a156b67a529ae861d3287c66c1d8ccfdf909bcba78d?s=96&d=mm&r=g","caption":"Sebastiano Plutino"},"url":"https:\/\/progettotouring.it\/radiotouring104\/author\/sebastiano\/"}]}},"jetpack_publicize_connections":[],"jetpack_sharing_enabled":true,"jetpack_featured_media_url":"https:\/\/progettotouring.it\/radiotouring104\/wp-content\/uploads\/sites\/6\/2026\/02\/Sanita-Calabria-Medico-Dottore.jpg","_links":{"self":[{"href":"https:\/\/progettotouring.it\/radiotouring104\/wp-json\/wp\/v2\/posts\/99679","targetHints":{"allow":["GET"]}}],"collection":[{"href":"https:\/\/progettotouring.it\/radiotouring104\/wp-json\/wp\/v2\/posts"}],"about":[{"href":"https:\/\/progettotouring.it\/radiotouring104\/wp-json\/wp\/v2\/types\/post"}],"author":[{"embeddable":true,"href":"https:\/\/progettotouring.it\/radiotouring104\/wp-json\/wp\/v2\/users\/12"}],"replies":[{"embeddable":true,"href":"https:\/\/progettotouring.it\/radiotouring104\/wp-json\/wp\/v2\/comments?post=99679"}],"version-history":[{"count":1,"href":"https:\/\/progettotouring.it\/radiotouring104\/wp-json\/wp\/v2\/posts\/99679\/revisions"}],"predecessor-version":[{"id":99680,"href":"https:\/\/progettotouring.it\/radiotouring104\/wp-json\/wp\/v2\/posts\/99679\/revisions\/99680"}],"wp:featuredmedia":[{"embeddable":true,"href":"https:\/\/progettotouring.it\/radiotouring104\/wp-json\/wp\/v2\/media\/90083"}],"wp:attachment":[{"href":"https:\/\/progettotouring.it\/radiotouring104\/wp-json\/wp\/v2\/media?parent=99679"}],"wp:term":[{"taxonomy":"category","embeddable":true,"href":"https:\/\/progettotouring.it\/radiotouring104\/wp-json\/wp\/v2\/categories?post=99679"},{"taxonomy":"post_tag","embeddable":true,"href":"https:\/\/progettotouring.it\/radiotouring104\/wp-json\/wp\/v2\/tags?post=99679"}],"curies":[{"name":"wp","href":"https:\/\/api.w.org\/{rel}","templated":true}]}}